{"id":8802,"date":"2021-02-12T12:00:30","date_gmt":"2021-02-12T15:00:30","guid":{"rendered":"https:\/\/rehagro.com.br\/blog\/?p=8802"},"modified":"2026-04-09T10:30:24","modified_gmt":"2026-04-09T13:30:24","slug":"identificacao-do-estadio-fenologico-do-trigo-ciclo-de-desenvolvimento","status":"publish","type":"post","link":"https:\/\/rehagro.com.br\/blog\/identificacao-do-estadio-fenologico-do-trigo-ciclo-de-desenvolvimento\/","title":{"rendered":"Est\u00e1dio fenol\u00f3gico do trigo: identifica\u00e7\u00e3o e ciclo de desenvolvimento"},"content":{"rendered":"<p>O ciclo de desenvolvimento do trigo pode ser dividido em tr\u00eas fases: <strong>vegetativa, reprodutiva e enchimento de gr\u00e3os<\/strong>.<\/p>\n<p>A escala mais recomendada para a descri\u00e7\u00e3o do est\u00e1dio fenol\u00f3gico de desenvolvimento do trigo \u00e9 a de <strong>Zadoks<\/strong>, por considerar conjuntamente as fases vegetativas e reprodutivas.<\/p>\n<p>A escala de Zadoks \u00e9 constitu\u00edda por dois d\u00edgitos, sendo que o primeiro corresponde ao est\u00e1dio principal de desenvolvimento, iniciando com a fase de <a href=\"https:\/\/rehagro.com.br\/blog\/como-ocorre-a-germinacao\/\"><strong>germina\u00e7\u00e3o<\/strong><\/a> (est\u00e1dio 0) e finalizando com a fase de <strong>maturidade fisiol\u00f3gica dos gr\u00e3os<\/strong> (est\u00e1dio 9), e o segundo formado pela subdivis\u00e3o do est\u00e1dio principal.<\/p>\n<div style=\"background-color: #efefef; padding-left: 10px; padding-right: 5px; border-radius: 10px;\">\n<p>&nbsp;<\/p>\n<p style=\"text-align: center;\"><strong><span style=\"font-size: 14pt;\">Sem tempo para ler agora? Baixe este artigo em PDF!<\/span><\/strong><\/p>\n<p><script charset=\"utf-8\" type=\"text\/javascript\" src=\"\/\/js.hsforms.net\/forms\/embed\/v2.js\"><\/script><br \/>\n<script>\nhbspt.forms.create({\nregion: \"na1\",\nportalId: \"5430441\",\nformId: \"0ced5949-c607-48c5-8d39-f0179ca418eb\"\n});\n<\/script><\/p>\n<\/div>\n<h2>Mudan\u00e7as na morfologia do trigo<\/h2>\n<p>Durante o ciclo de cultivo do trigo, ocorrem duas mudan\u00e7as na morfologia externa das plantas:<\/p>\n<ol>\n<li>Vis\u00edveis \u00e0 olho humano (crescimento + desenvolvimento);<\/li>\n<li>Atividade tecidual (desenvolvimento), nem sempre percept\u00edvel.<\/li>\n<\/ol>\n<p>A descri\u00e7\u00e3o dos diferentes estados externos e internos atrav\u00e9s dos quais a colheita de trigo pode ser feita atrav\u00e9s do uso de diferentes escalas, permitindo uma refer\u00eancia precisa dos diferentes est\u00e1gios ou estados de desenvolvimento pelo qual a colheita passa.<\/p>\n<h2>Escala de Zadoks no cultivo do trigo<\/h2>\n<p>A escala de Zadoks \u00e9 a mais utilizada no <strong><a href=\"https:\/\/rehagro.com.br\/blog\/origem-do-trigo-no-brasil\/\">cultivo de trigo<\/a><\/strong> e apenas <strong>descreve estados morfol\u00f3gicos externos de cultivo<\/strong>, que envolve algum desenvolvimento e outros processos de crescimento.<\/p>\n<p>Esses estados devem ter levados em considera\u00e7\u00e3o ao analisar os estados e processos de desenvolvimento e os fatores que os regulam e modificam.<\/p>\n<p>A escala de Zadoks possui 10 fases numeradas de 0 a 9 que descrevem o cultivo.<\/p>\n<p style=\"text-align: center;\"><img loading=\"lazy\" decoding=\"async\" class=\"aligncenter wp-image-16730\" src=\"https:\/\/rehagro.com.br\/blog\/wp-content\/uploads\/2021\/02\/estadio-fenologico-trigo.jpg\" alt=\"Est\u00e1dios fenol\u00f3gicos do trigo\" width=\"700\" height=\"495\" srcset=\"https:\/\/rehagro.com.br\/blog\/wp-content\/uploads\/2021\/02\/estadio-fenologico-trigo.jpg 1189w, https:\/\/rehagro.com.br\/blog\/wp-content\/uploads\/2021\/02\/estadio-fenologico-trigo-300x212.jpg 300w, https:\/\/rehagro.com.br\/blog\/wp-content\/uploads\/2021\/02\/estadio-fenologico-trigo-1024x724.jpg 1024w, https:\/\/rehagro.com.br\/blog\/wp-content\/uploads\/2021\/02\/estadio-fenologico-trigo-768x543.jpg 768w, https:\/\/rehagro.com.br\/blog\/wp-content\/uploads\/2021\/02\/estadio-fenologico-trigo-370x262.jpg 370w, https:\/\/rehagro.com.br\/blog\/wp-content\/uploads\/2021\/02\/estadio-fenologico-trigo-270x191.jpg 270w, https:\/\/rehagro.com.br\/blog\/wp-content\/uploads\/2021\/02\/estadio-fenologico-trigo-740x523.jpg 740w, https:\/\/rehagro.com.br\/blog\/wp-content\/uploads\/2021\/02\/estadio-fenologico-trigo-150x106.jpg 150w\" sizes=\"auto, (max-width: 700px) 100vw, 700px\" \/><span style=\"font-size: 10pt;\"><span style=\"font-weight: 400;\">Est\u00e1dio fenol\u00f3gico do trigo e componentes de produ\u00e7\u00e3o.<\/span><\/span><\/p>\n<p style=\"text-align: center;\"><img loading=\"lazy\" decoding=\"async\" class=\"aligncenter wp-image-16732 size-full\" src=\"https:\/\/rehagro.com.br\/blog\/wp-content\/uploads\/2021\/02\/tabela-estadio-fenologico-trigo.jpg\" alt=\"Tabela com est\u00e1dios fenol\u00f3gicos do trigo\" width=\"528\" height=\"395\" srcset=\"https:\/\/rehagro.com.br\/blog\/wp-content\/uploads\/2021\/02\/tabela-estadio-fenologico-trigo.jpg 528w, https:\/\/rehagro.com.br\/blog\/wp-content\/uploads\/2021\/02\/tabela-estadio-fenologico-trigo-300x224.jpg 300w, https:\/\/rehagro.com.br\/blog\/wp-content\/uploads\/2021\/02\/tabela-estadio-fenologico-trigo-370x277.jpg 370w, https:\/\/rehagro.com.br\/blog\/wp-content\/uploads\/2021\/02\/tabela-estadio-fenologico-trigo-270x202.jpg 270w, https:\/\/rehagro.com.br\/blog\/wp-content\/uploads\/2021\/02\/tabela-estadio-fenologico-trigo-80x60.jpg 80w, https:\/\/rehagro.com.br\/blog\/wp-content\/uploads\/2021\/02\/tabela-estadio-fenologico-trigo-150x112.jpg 150w\" sizes=\"auto, (max-width: 528px) 100vw, 528px\" \/><img loading=\"lazy\" decoding=\"async\" class=\"aligncenter wp-image-16733 size-full\" src=\"https:\/\/rehagro.com.br\/blog\/wp-content\/uploads\/2021\/02\/tabela-estadio-fenologico-trigo-1.jpg\" alt=\"Tabela com est\u00e1dios fenol\u00f3gicos do trigo\" width=\"542\" height=\"464\" srcset=\"https:\/\/rehagro.com.br\/blog\/wp-content\/uploads\/2021\/02\/tabela-estadio-fenologico-trigo-1.jpg 542w, https:\/\/rehagro.com.br\/blog\/wp-content\/uploads\/2021\/02\/tabela-estadio-fenologico-trigo-1-300x257.jpg 300w, https:\/\/rehagro.com.br\/blog\/wp-content\/uploads\/2021\/02\/tabela-estadio-fenologico-trigo-1-370x317.jpg 370w, https:\/\/rehagro.com.br\/blog\/wp-content\/uploads\/2021\/02\/tabela-estadio-fenologico-trigo-1-270x231.jpg 270w, https:\/\/rehagro.com.br\/blog\/wp-content\/uploads\/2021\/02\/tabela-estadio-fenologico-trigo-1-350x300.jpg 350w, https:\/\/rehagro.com.br\/blog\/wp-content\/uploads\/2021\/02\/tabela-estadio-fenologico-trigo-1-150x128.jpg 150w\" sizes=\"auto, (max-width: 542px) 100vw, 542px\" \/><img loading=\"lazy\" decoding=\"async\" class=\"aligncenter wp-image-16734 size-full\" src=\"https:\/\/rehagro.com.br\/blog\/wp-content\/uploads\/2021\/02\/tabela-estadio-fenologico-trigo-2.jpg\" alt=\"Tabela com est\u00e1dios fenol\u00f3gicos do trigo\" width=\"525\" height=\"396\" srcset=\"https:\/\/rehagro.com.br\/blog\/wp-content\/uploads\/2021\/02\/tabela-estadio-fenologico-trigo-2.jpg 525w, https:\/\/rehagro.com.br\/blog\/wp-content\/uploads\/2021\/02\/tabela-estadio-fenologico-trigo-2-300x226.jpg 300w, https:\/\/rehagro.com.br\/blog\/wp-content\/uploads\/2021\/02\/tabela-estadio-fenologico-trigo-2-370x279.jpg 370w, https:\/\/rehagro.com.br\/blog\/wp-content\/uploads\/2021\/02\/tabela-estadio-fenologico-trigo-2-270x204.jpg 270w, https:\/\/rehagro.com.br\/blog\/wp-content\/uploads\/2021\/02\/tabela-estadio-fenologico-trigo-2-80x60.jpg 80w, https:\/\/rehagro.com.br\/blog\/wp-content\/uploads\/2021\/02\/tabela-estadio-fenologico-trigo-2-150x113.jpg 150w\" sizes=\"auto, (max-width: 525px) 100vw, 525px\" \/><img loading=\"lazy\" decoding=\"async\" class=\"aligncenter wp-image-16728 size-full\" src=\"https:\/\/rehagro.com.br\/blog\/wp-content\/uploads\/2021\/02\/tabela-estadio-fenologico-trigo-3.jpg\" alt=\"Tabela com est\u00e1dios fenol\u00f3gicos do trigo\" width=\"525\" height=\"175\" srcset=\"https:\/\/rehagro.com.br\/blog\/wp-content\/uploads\/2021\/02\/tabela-estadio-fenologico-trigo-3.jpg 525w, https:\/\/rehagro.com.br\/blog\/wp-content\/uploads\/2021\/02\/tabela-estadio-fenologico-trigo-3-300x100.jpg 300w, https:\/\/rehagro.com.br\/blog\/wp-content\/uploads\/2021\/02\/tabela-estadio-fenologico-trigo-3-370x123.jpg 370w, https:\/\/rehagro.com.br\/blog\/wp-content\/uploads\/2021\/02\/tabela-estadio-fenologico-trigo-3-270x90.jpg 270w, https:\/\/rehagro.com.br\/blog\/wp-content\/uploads\/2021\/02\/tabela-estadio-fenologico-trigo-3-150x50.jpg 150w\" sizes=\"auto, (max-width: 525px) 100vw, 525px\" \/><span style=\"font-size: 10pt;\"><span style=\"font-weight: 400;\">Tabela representando a escala decimal de desenvolvimento do trigo segundo Zadoks et al. (1974).<\/span><\/span><\/p>\n<p><img loading=\"lazy\" decoding=\"async\" class=\"aligncenter wp-image-16731\" src=\"https:\/\/rehagro.com.br\/blog\/wp-content\/uploads\/2021\/02\/estadio-fenologico-trigo-1.jpg\" alt=\"Fases de desenvolvimento do trigo\" width=\"700\" height=\"410\" srcset=\"https:\/\/rehagro.com.br\/blog\/wp-content\/uploads\/2021\/02\/estadio-fenologico-trigo-1.jpg 1306w, https:\/\/rehagro.com.br\/blog\/wp-content\/uploads\/2021\/02\/estadio-fenologico-trigo-1-300x176.jpg 300w, https:\/\/rehagro.com.br\/blog\/wp-content\/uploads\/2021\/02\/estadio-fenologico-trigo-1-1024x600.jpg 1024w, https:\/\/rehagro.com.br\/blog\/wp-content\/uploads\/2021\/02\/estadio-fenologico-trigo-1-768x450.jpg 768w, https:\/\/rehagro.com.br\/blog\/wp-content\/uploads\/2021\/02\/estadio-fenologico-trigo-1-370x217.jpg 370w, https:\/\/rehagro.com.br\/blog\/wp-content\/uploads\/2021\/02\/estadio-fenologico-trigo-1-270x158.jpg 270w, https:\/\/rehagro.com.br\/blog\/wp-content\/uploads\/2021\/02\/estadio-fenologico-trigo-1-740x433.jpg 740w, https:\/\/rehagro.com.br\/blog\/wp-content\/uploads\/2021\/02\/estadio-fenologico-trigo-1-150x88.jpg 150w\" sizes=\"auto, (max-width: 700px) 100vw, 700px\" \/><\/p>\n<p>A escala de Zadoks nos permite, por meio de uma aprecia\u00e7\u00e3o da morfologia exterior da cultura, tenha uma ideia do estado de desenvolvimento que acontece.<\/p>\n<p>Essa escala \u00e9 inestim\u00e1vel como uma ferramenta para unificar crit\u00e9rios e falar todo o mesmo idioma ao tomar uma decis\u00e3o agron\u00f4mica. Ex.: aplica\u00e7\u00e3o de fertilizantes, herbicidas, inseticidas, tratamento com fungicidas.<\/p>\n<p>Para aplicar esta ferramenta corretamente no n\u00edvel do lote, uma amostragem representativa deve ser realizada.<\/p>\n<p>Devem ser observadas plantas individuais e, a partir disso, ser\u00e1 considerado que a colheita atingiu um certo estado quando o mesmo se manifestou em 50% das plantas observadas.<\/p>\n<h2>Pronto para descobrir os segredos da produ\u00e7\u00e3o de gr\u00e3os?<\/h2>\n<p>O <a href=\"https:\/\/rehagro.com.br\/cursos-livres\/agro-para-todos-descobrindo-a-producao-de-graos?utm_campaign=12253459-mkt-materiais-agr&amp;utm_source=textos&amp;utm_medium=blog\" target=\"_blank\" rel=\"noopener\"><strong>Curso Online Agro Para Todos: Descobrindo a Produ\u00e7\u00e3o de Gr\u00e3os<\/strong><\/a> oferece uma forma\u00e7\u00e3o essencial para quem deseja compreender os fundamentos da atividade, desde o ciclo das culturas at\u00e9 os desafios do manejo e da comercializa\u00e7\u00e3o.<\/p>\n<p>Com uma linguagem acess\u00edvel e foco em aplica\u00e7\u00f5es pr\u00e1ticas, voc\u00ea vai aprender os fundamentos da produ\u00e7\u00e3o agr\u00edcola, desde os ciclos das culturas at\u00e9 o manejo de solo, controle de pragas, uso de fertilizantes e an\u00e1lise de custos e margens.<\/p>\n<p>Clique no banner abaixo e d\u00ea o primeiro passo para construir uma base s\u00f3lida na produ\u00e7\u00e3o de gr\u00e3os.<\/p>\n<p><a href=\"https:\/\/rehagro.com.br\/cursos-livres\/agro-para-todos-descobrindo-a-producao-de-graos?utm_campaign=12253459-mkt-materiais-agr&amp;utm_source=textos&amp;utm_medium=blog\" target=\"_blank\" rel=\"noopener\"><img loading=\"lazy\" decoding=\"async\" class=\"aligncenter wp-image-37524 size-full\" title=\"Clique e saiba mais sobre o curso!\" src=\"https:\/\/rehagro.com.br\/blog\/wp-content\/uploads\/2025\/05\/banner_agr.jpg\" alt=\"Curso Descobrindo a Produ\u00e7\u00e3o de Gr\u00e3os\" width=\"1200\" height=\"624\" srcset=\"https:\/\/rehagro.com.br\/blog\/wp-content\/uploads\/2025\/05\/banner_agr.jpg 1200w, https:\/\/rehagro.com.br\/blog\/wp-content\/uploads\/2025\/05\/banner_agr-300x156.jpg 300w, https:\/\/rehagro.com.br\/blog\/wp-content\/uploads\/2025\/05\/banner_agr-1024x532.jpg 1024w, https:\/\/rehagro.com.br\/blog\/wp-content\/uploads\/2025\/05\/banner_agr-768x399.jpg 768w, https:\/\/rehagro.com.br\/blog\/wp-content\/uploads\/2025\/05\/banner_agr-370x192.jpg 370w, https:\/\/rehagro.com.br\/blog\/wp-content\/uploads\/2025\/05\/banner_agr-270x140.jpg 270w, https:\/\/rehagro.com.br\/blog\/wp-content\/uploads\/2025\/05\/banner_agr-740x385.jpg 740w, https:\/\/rehagro.com.br\/blog\/wp-content\/uploads\/2025\/05\/banner_agr-150x78.jpg 150w\" sizes=\"auto, (max-width: 1200px) 100vw, 1200px\" \/><\/a><\/p>\n<p><img loading=\"lazy\" decoding=\"async\" class=\"aligncenter wp-image-16049 size-medium\" src=\"https:\/\/rehagro.com.br\/blog\/wp-content\/uploads\/2022\/11\/alessandro-alvarenga-300x96.jpg\" alt=\"Alessandro Alvarenga\" width=\"300\" height=\"96\" srcset=\"https:\/\/rehagro.com.br\/blog\/wp-content\/uploads\/2022\/11\/alessandro-alvarenga-300x96.jpg 300w, https:\/\/rehagro.com.br\/blog\/wp-content\/uploads\/2022\/11\/alessandro-alvarenga-768x246.jpg 768w, https:\/\/rehagro.com.br\/blog\/wp-content\/uploads\/2022\/11\/alessandro-alvarenga-370x118.jpg 370w, https:\/\/rehagro.com.br\/blog\/wp-content\/uploads\/2022\/11\/alessandro-alvarenga-270x86.jpg 270w, https:\/\/rehagro.com.br\/blog\/wp-content\/uploads\/2022\/11\/alessandro-alvarenga-740x237.jpg 740w, https:\/\/rehagro.com.br\/blog\/wp-content\/uploads\/2022\/11\/alessandro-alvarenga-150x48.jpg 150w, https:\/\/rehagro.com.br\/blog\/wp-content\/uploads\/2022\/11\/alessandro-alvarenga.jpg 975w\" sizes=\"auto, (max-width: 300px) 100vw, 300px\" \/><\/p>\n","protected":false},"excerpt":{"rendered":"<p>O ciclo de desenvolvimento do trigo pode ser dividido em tr\u00eas fases: vegetativa, reprodutiva e enchimento de gr\u00e3os. A escala mais recomendada para a descri\u00e7\u00e3o do est\u00e1dio fenol\u00f3gico de desenvolvimento do trigo \u00e9 a de Zadoks, por considerar conjuntamente as fases vegetativas e reprodutivas. A escala de Zadoks \u00e9 constitu\u00edda por dois d\u00edgitos, sendo que [&hellip;]<\/p>\n","protected":false},"author":21,"featured_media":16729,"comment_status":"open","ping_status":"open","sticky":false,"template":"","format":"standard","meta":{"footnotes":""},"categories":[213],"tags":[817,249,463,525],"class_list":["post-8802","post","type-post","status-publish","format-standard","has-post-thumbnail","hentry","category-graos","tag-estadio-fenologico","tag-graos","tag-lavoura","tag-trigo"],"yoast_head":"<!-- This site is optimized with the Yoast SEO plugin v27.5 - https:\/\/yoast.com\/product\/yoast-seo-wordpress\/ -->\n<title>Est\u00e1dio fenol\u00f3gico do trigo: veja o ciclo de desenvolvimento<\/title>\n<meta name=\"description\" content=\"Saiba tudo sobre o est\u00e1dio fenol\u00f3gico do trigo e seus componentes de produ\u00e7\u00e3o! Aprenda a identificar o ciclo de desenvolvimento do est\u00e1dio.\" \/>\n<meta name=\"robots\" content=\"index, follow, max-snippet:-1, max-image-preview:large, max-video-preview:-1\" \/>\n<link rel=\"canonical\" href=\"https:\/\/rehagro.com.br\/blog\/identificacao-do-estadio-fenologico-do-trigo-ciclo-de-desenvolvimento\/\" \/>\n<meta property=\"og:locale\" content=\"pt_BR\" \/>\n<meta property=\"og:type\" content=\"article\" \/>\n<meta property=\"og:title\" content=\"Est\u00e1dio fenol\u00f3gico do trigo: veja o ciclo de desenvolvimento\" \/>\n<meta property=\"og:description\" content=\"Saiba tudo sobre o est\u00e1dio fenol\u00f3gico do trigo e seus componentes de produ\u00e7\u00e3o! Aprenda a identificar o ciclo de desenvolvimento do est\u00e1dio.\" \/>\n<meta property=\"og:url\" content=\"https:\/\/rehagro.com.br\/blog\/identificacao-do-estadio-fenologico-do-trigo-ciclo-de-desenvolvimento\/\" \/>\n<meta property=\"og:site_name\" content=\"Rehagro Blog\" \/>\n<meta property=\"article:published_time\" content=\"2021-02-12T15:00:30+00:00\" \/>\n<meta property=\"article:modified_time\" content=\"2026-04-09T13:30:24+00:00\" \/>\n<meta property=\"og:image\" content=\"https:\/\/rehagro.com.br\/blog\/wp-content\/uploads\/2021\/02\/trigo.jpg\" \/>\n\t<meta property=\"og:image:width\" content=\"1920\" \/>\n\t<meta property=\"og:image:height\" content=\"1280\" \/>\n\t<meta property=\"og:image:type\" content=\"image\/jpeg\" \/>\n<meta name=\"author\" content=\"Jo\u00e3o Pedro Azevedo\" \/>\n<meta name=\"twitter:card\" content=\"summary_large_image\" \/>\n<meta name=\"twitter:label1\" content=\"Escrito por\" \/>\n\t<meta name=\"twitter:data1\" content=\"Jo\u00e3o Pedro Azevedo\" \/>\n\t<meta name=\"twitter:label2\" content=\"Est. tempo de leitura\" \/>\n\t<meta name=\"twitter:data2\" content=\"5 minutos\" \/>\n<script type=\"application\/ld+json\" class=\"yoast-schema-graph\">{\"@context\":\"https:\\\/\\\/schema.org\",\"@graph\":[{\"@type\":\"Article\",\"@id\":\"https:\\\/\\\/rehagro.com.br\\\/blog\\\/identificacao-do-estadio-fenologico-do-trigo-ciclo-de-desenvolvimento\\\/#article\",\"isPartOf\":{\"@id\":\"https:\\\/\\\/rehagro.com.br\\\/blog\\\/identificacao-do-estadio-fenologico-do-trigo-ciclo-de-desenvolvimento\\\/\"},\"author\":{\"name\":\"Jo\u00e3o Pedro Azevedo\",\"@id\":\"https:\\\/\\\/rehagro.com.br\\\/blog\\\/#\\\/schema\\\/person\\\/f2d1ae51b04939615ceebb3c0bfd8a94\"},\"headline\":\"Est\u00e1dio fenol\u00f3gico do trigo: identifica\u00e7\u00e3o e ciclo de desenvolvimento\",\"datePublished\":\"2021-02-12T15:00:30+00:00\",\"dateModified\":\"2026-04-09T13:30:24+00:00\",\"mainEntityOfPage\":{\"@id\":\"https:\\\/\\\/rehagro.com.br\\\/blog\\\/identificacao-do-estadio-fenologico-do-trigo-ciclo-de-desenvolvimento\\\/\"},\"wordCount\":523,\"commentCount\":1,\"publisher\":{\"@id\":\"https:\\\/\\\/rehagro.com.br\\\/blog\\\/#organization\"},\"image\":{\"@id\":\"https:\\\/\\\/rehagro.com.br\\\/blog\\\/identificacao-do-estadio-fenologico-do-trigo-ciclo-de-desenvolvimento\\\/#primaryimage\"},\"thumbnailUrl\":\"https:\\\/\\\/rehagro.com.br\\\/blog\\\/wp-content\\\/uploads\\\/2021\\\/02\\\/trigo.jpg\",\"keywords\":[\"est\u00e1dio fenol\u00f3gico\",\"gr\u00e3os\",\"lavoura\",\"trigo\"],\"articleSection\":[\"GR\u00c3OS\"],\"inLanguage\":\"pt-BR\",\"potentialAction\":[{\"@type\":\"CommentAction\",\"name\":\"Comment\",\"target\":[\"https:\\\/\\\/rehagro.com.br\\\/blog\\\/identificacao-do-estadio-fenologico-do-trigo-ciclo-de-desenvolvimento\\\/#respond\"]}]},{\"@type\":\"WebPage\",\"@id\":\"https:\\\/\\\/rehagro.com.br\\\/blog\\\/identificacao-do-estadio-fenologico-do-trigo-ciclo-de-desenvolvimento\\\/\",\"url\":\"https:\\\/\\\/rehagro.com.br\\\/blog\\\/identificacao-do-estadio-fenologico-do-trigo-ciclo-de-desenvolvimento\\\/\",\"name\":\"Est\u00e1dio fenol\u00f3gico do trigo: veja o ciclo de desenvolvimento\",\"isPartOf\":{\"@id\":\"https:\\\/\\\/rehagro.com.br\\\/blog\\\/#website\"},\"primaryImageOfPage\":{\"@id\":\"https:\\\/\\\/rehagro.com.br\\\/blog\\\/identificacao-do-estadio-fenologico-do-trigo-ciclo-de-desenvolvimento\\\/#primaryimage\"},\"image\":{\"@id\":\"https:\\\/\\\/rehagro.com.br\\\/blog\\\/identificacao-do-estadio-fenologico-do-trigo-ciclo-de-desenvolvimento\\\/#primaryimage\"},\"thumbnailUrl\":\"https:\\\/\\\/rehagro.com.br\\\/blog\\\/wp-content\\\/uploads\\\/2021\\\/02\\\/trigo.jpg\",\"datePublished\":\"2021-02-12T15:00:30+00:00\",\"dateModified\":\"2026-04-09T13:30:24+00:00\",\"description\":\"Saiba tudo sobre o est\u00e1dio fenol\u00f3gico do trigo e seus componentes de produ\u00e7\u00e3o! Aprenda a identificar o ciclo de desenvolvimento do est\u00e1dio.\",\"breadcrumb\":{\"@id\":\"https:\\\/\\\/rehagro.com.br\\\/blog\\\/identificacao-do-estadio-fenologico-do-trigo-ciclo-de-desenvolvimento\\\/#breadcrumb\"},\"inLanguage\":\"pt-BR\",\"potentialAction\":[{\"@type\":\"ReadAction\",\"target\":[\"https:\\\/\\\/rehagro.com.br\\\/blog\\\/identificacao-do-estadio-fenologico-do-trigo-ciclo-de-desenvolvimento\\\/\"]}]},{\"@type\":\"ImageObject\",\"inLanguage\":\"pt-BR\",\"@id\":\"https:\\\/\\\/rehagro.com.br\\\/blog\\\/identificacao-do-estadio-fenologico-do-trigo-ciclo-de-desenvolvimento\\\/#primaryimage\",\"url\":\"https:\\\/\\\/rehagro.com.br\\\/blog\\\/wp-content\\\/uploads\\\/2021\\\/02\\\/trigo.jpg\",\"contentUrl\":\"https:\\\/\\\/rehagro.com.br\\\/blog\\\/wp-content\\\/uploads\\\/2021\\\/02\\\/trigo.jpg\",\"width\":1920,\"height\":1280,\"caption\":\"Campo de trigo\"},{\"@type\":\"BreadcrumbList\",\"@id\":\"https:\\\/\\\/rehagro.com.br\\\/blog\\\/identificacao-do-estadio-fenologico-do-trigo-ciclo-de-desenvolvimento\\\/#breadcrumb\",\"itemListElement\":[{\"@type\":\"ListItem\",\"position\":1,\"name\":\"In\u00edcio\",\"item\":\"https:\\\/\\\/rehagro.com.br\\\/blog\\\/\"},{\"@type\":\"ListItem\",\"position\":2,\"name\":\"Est\u00e1dio fenol\u00f3gico do trigo: identifica\u00e7\u00e3o e ciclo de desenvolvimento\"}]},{\"@type\":\"WebSite\",\"@id\":\"https:\\\/\\\/rehagro.com.br\\\/blog\\\/#website\",\"url\":\"https:\\\/\\\/rehagro.com.br\\\/blog\\\/\",\"name\":\"Rehagro Blog\",\"description\":\"\",\"publisher\":{\"@id\":\"https:\\\/\\\/rehagro.com.br\\\/blog\\\/#organization\"},\"potentialAction\":[{\"@type\":\"SearchAction\",\"target\":{\"@type\":\"EntryPoint\",\"urlTemplate\":\"https:\\\/\\\/rehagro.com.br\\\/blog\\\/?s={search_term_string}\"},\"query-input\":{\"@type\":\"PropertyValueSpecification\",\"valueRequired\":true,\"valueName\":\"search_term_string\"}}],\"inLanguage\":\"pt-BR\"},{\"@type\":\"Organization\",\"@id\":\"https:\\\/\\\/rehagro.com.br\\\/blog\\\/#organization\",\"name\":\"Rehagro\",\"url\":\"https:\\\/\\\/rehagro.com.br\\\/blog\\\/\",\"logo\":{\"@type\":\"ImageObject\",\"inLanguage\":\"pt-BR\",\"@id\":\"https:\\\/\\\/rehagro.com.br\\\/blog\\\/#\\\/schema\\\/logo\\\/image\\\/\",\"url\":\"https:\\\/\\\/rehagro.com.br\\\/blog\\\/wp-content\\\/uploads\\\/2018\\\/05\\\/logo-rehagro.png\",\"contentUrl\":\"https:\\\/\\\/rehagro.com.br\\\/blog\\\/wp-content\\\/uploads\\\/2018\\\/05\\\/logo-rehagro.png\",\"width\":400,\"height\":115,\"caption\":\"Rehagro\"},\"image\":{\"@id\":\"https:\\\/\\\/rehagro.com.br\\\/blog\\\/#\\\/schema\\\/logo\\\/image\\\/\"}},{\"@type\":\"Person\",\"@id\":\"https:\\\/\\\/rehagro.com.br\\\/blog\\\/#\\\/schema\\\/person\\\/f2d1ae51b04939615ceebb3c0bfd8a94\",\"name\":\"Jo\u00e3o Pedro Azevedo\",\"image\":{\"@type\":\"ImageObject\",\"inLanguage\":\"pt-BR\",\"@id\":\"https:\\\/\\\/secure.gravatar.com\\\/avatar\\\/34aacffb2f10625483f480470f3274778dd1c183ba4f66444bb60ae92149bf8a?s=96&d=mm&r=g\",\"url\":\"https:\\\/\\\/secure.gravatar.com\\\/avatar\\\/34aacffb2f10625483f480470f3274778dd1c183ba4f66444bb60ae92149bf8a?s=96&d=mm&r=g\",\"contentUrl\":\"https:\\\/\\\/secure.gravatar.com\\\/avatar\\\/34aacffb2f10625483f480470f3274778dd1c183ba4f66444bb60ae92149bf8a?s=96&d=mm&r=g\",\"caption\":\"Jo\u00e3o Pedro Azevedo\"},\"url\":\"https:\\\/\\\/rehagro.com.br\\\/blog\\\/author\\\/joao-pedro\\\/\"}]}<\/script>\n<!-- \/ Yoast SEO plugin. -->","yoast_head_json":{"title":"Est\u00e1dio fenol\u00f3gico do trigo: veja o ciclo de desenvolvimento","description":"Saiba tudo sobre o est\u00e1dio fenol\u00f3gico do trigo e seus componentes de produ\u00e7\u00e3o! Aprenda a identificar o ciclo de desenvolvimento do est\u00e1dio.","robots":{"index":"index","follow":"follow","max-snippet":"max-snippet:-1","max-image-preview":"max-image-preview:large","max-video-preview":"max-video-preview:-1"},"canonical":"https:\/\/rehagro.com.br\/blog\/identificacao-do-estadio-fenologico-do-trigo-ciclo-de-desenvolvimento\/","og_locale":"pt_BR","og_type":"article","og_title":"Est\u00e1dio fenol\u00f3gico do trigo: veja o ciclo de desenvolvimento","og_description":"Saiba tudo sobre o est\u00e1dio fenol\u00f3gico do trigo e seus componentes de produ\u00e7\u00e3o! Aprenda a identificar o ciclo de desenvolvimento do est\u00e1dio.","og_url":"https:\/\/rehagro.com.br\/blog\/identificacao-do-estadio-fenologico-do-trigo-ciclo-de-desenvolvimento\/","og_site_name":"Rehagro Blog","article_published_time":"2021-02-12T15:00:30+00:00","article_modified_time":"2026-04-09T13:30:24+00:00","og_image":[{"width":1920,"height":1280,"url":"https:\/\/rehagro.com.br\/blog\/wp-content\/uploads\/2021\/02\/trigo.jpg","type":"image\/jpeg"}],"author":"Jo\u00e3o Pedro Azevedo","twitter_card":"summary_large_image","twitter_misc":{"Escrito por":"Jo\u00e3o Pedro Azevedo","Est. tempo de leitura":"5 minutos"},"schema":{"@context":"https:\/\/schema.org","@graph":[{"@type":"Article","@id":"https:\/\/rehagro.com.br\/blog\/identificacao-do-estadio-fenologico-do-trigo-ciclo-de-desenvolvimento\/#article","isPartOf":{"@id":"https:\/\/rehagro.com.br\/blog\/identificacao-do-estadio-fenologico-do-trigo-ciclo-de-desenvolvimento\/"},"author":{"name":"Jo\u00e3o Pedro Azevedo","@id":"https:\/\/rehagro.com.br\/blog\/#\/schema\/person\/f2d1ae51b04939615ceebb3c0bfd8a94"},"headline":"Est\u00e1dio fenol\u00f3gico do trigo: identifica\u00e7\u00e3o e ciclo de desenvolvimento","datePublished":"2021-02-12T15:00:30+00:00","dateModified":"2026-04-09T13:30:24+00:00","mainEntityOfPage":{"@id":"https:\/\/rehagro.com.br\/blog\/identificacao-do-estadio-fenologico-do-trigo-ciclo-de-desenvolvimento\/"},"wordCount":523,"commentCount":1,"publisher":{"@id":"https:\/\/rehagro.com.br\/blog\/#organization"},"image":{"@id":"https:\/\/rehagro.com.br\/blog\/identificacao-do-estadio-fenologico-do-trigo-ciclo-de-desenvolvimento\/#primaryimage"},"thumbnailUrl":"https:\/\/rehagro.com.br\/blog\/wp-content\/uploads\/2021\/02\/trigo.jpg","keywords":["est\u00e1dio fenol\u00f3gico","gr\u00e3os","lavoura","trigo"],"articleSection":["GR\u00c3OS"],"inLanguage":"pt-BR","potentialAction":[{"@type":"CommentAction","name":"Comment","target":["https:\/\/rehagro.com.br\/blog\/identificacao-do-estadio-fenologico-do-trigo-ciclo-de-desenvolvimento\/#respond"]}]},{"@type":"WebPage","@id":"https:\/\/rehagro.com.br\/blog\/identificacao-do-estadio-fenologico-do-trigo-ciclo-de-desenvolvimento\/","url":"https:\/\/rehagro.com.br\/blog\/identificacao-do-estadio-fenologico-do-trigo-ciclo-de-desenvolvimento\/","name":"Est\u00e1dio fenol\u00f3gico do trigo: veja o ciclo de desenvolvimento","isPartOf":{"@id":"https:\/\/rehagro.com.br\/blog\/#website"},"primaryImageOfPage":{"@id":"https:\/\/rehagro.com.br\/blog\/identificacao-do-estadio-fenologico-do-trigo-ciclo-de-desenvolvimento\/#primaryimage"},"image":{"@id":"https:\/\/rehagro.com.br\/blog\/identificacao-do-estadio-fenologico-do-trigo-ciclo-de-desenvolvimento\/#primaryimage"},"thumbnailUrl":"https:\/\/rehagro.com.br\/blog\/wp-content\/uploads\/2021\/02\/trigo.jpg","datePublished":"2021-02-12T15:00:30+00:00","dateModified":"2026-04-09T13:30:24+00:00","description":"Saiba tudo sobre o est\u00e1dio fenol\u00f3gico do trigo e seus componentes de produ\u00e7\u00e3o! Aprenda a identificar o ciclo de desenvolvimento do est\u00e1dio.","breadcrumb":{"@id":"https:\/\/rehagro.com.br\/blog\/identificacao-do-estadio-fenologico-do-trigo-ciclo-de-desenvolvimento\/#breadcrumb"},"inLanguage":"pt-BR","potentialAction":[{"@type":"ReadAction","target":["https:\/\/rehagro.com.br\/blog\/identificacao-do-estadio-fenologico-do-trigo-ciclo-de-desenvolvimento\/"]}]},{"@type":"ImageObject","inLanguage":"pt-BR","@id":"https:\/\/rehagro.com.br\/blog\/identificacao-do-estadio-fenologico-do-trigo-ciclo-de-desenvolvimento\/#primaryimage","url":"https:\/\/rehagro.com.br\/blog\/wp-content\/uploads\/2021\/02\/trigo.jpg","contentUrl":"https:\/\/rehagro.com.br\/blog\/wp-content\/uploads\/2021\/02\/trigo.jpg","width":1920,"height":1280,"caption":"Campo de trigo"},{"@type":"BreadcrumbList","@id":"https:\/\/rehagro.com.br\/blog\/identificacao-do-estadio-fenologico-do-trigo-ciclo-de-desenvolvimento\/#breadcrumb","itemListElement":[{"@type":"ListItem","position":1,"name":"In\u00edcio","item":"https:\/\/rehagro.com.br\/blog\/"},{"@type":"ListItem","position":2,"name":"Est\u00e1dio fenol\u00f3gico do trigo: identifica\u00e7\u00e3o e ciclo de desenvolvimento"}]},{"@type":"WebSite","@id":"https:\/\/rehagro.com.br\/blog\/#website","url":"https:\/\/rehagro.com.br\/blog\/","name":"Rehagro Blog","description":"","publisher":{"@id":"https:\/\/rehagro.com.br\/blog\/#organization"},"potentialAction":[{"@type":"SearchAction","target":{"@type":"EntryPoint","urlTemplate":"https:\/\/rehagro.com.br\/blog\/?s={search_term_string}"},"query-input":{"@type":"PropertyValueSpecification","valueRequired":true,"valueName":"search_term_string"}}],"inLanguage":"pt-BR"},{"@type":"Organization","@id":"https:\/\/rehagro.com.br\/blog\/#organization","name":"Rehagro","url":"https:\/\/rehagro.com.br\/blog\/","logo":{"@type":"ImageObject","inLanguage":"pt-BR","@id":"https:\/\/rehagro.com.br\/blog\/#\/schema\/logo\/image\/","url":"https:\/\/rehagro.com.br\/blog\/wp-content\/uploads\/2018\/05\/logo-rehagro.png","contentUrl":"https:\/\/rehagro.com.br\/blog\/wp-content\/uploads\/2018\/05\/logo-rehagro.png","width":400,"height":115,"caption":"Rehagro"},"image":{"@id":"https:\/\/rehagro.com.br\/blog\/#\/schema\/logo\/image\/"}},{"@type":"Person","@id":"https:\/\/rehagro.com.br\/blog\/#\/schema\/person\/f2d1ae51b04939615ceebb3c0bfd8a94","name":"Jo\u00e3o Pedro Azevedo","image":{"@type":"ImageObject","inLanguage":"pt-BR","@id":"https:\/\/secure.gravatar.com\/avatar\/34aacffb2f10625483f480470f3274778dd1c183ba4f66444bb60ae92149bf8a?s=96&d=mm&r=g","url":"https:\/\/secure.gravatar.com\/avatar\/34aacffb2f10625483f480470f3274778dd1c183ba4f66444bb60ae92149bf8a?s=96&d=mm&r=g","contentUrl":"https:\/\/secure.gravatar.com\/avatar\/34aacffb2f10625483f480470f3274778dd1c183ba4f66444bb60ae92149bf8a?s=96&d=mm&r=g","caption":"Jo\u00e3o Pedro Azevedo"},"url":"https:\/\/rehagro.com.br\/blog\/author\/joao-pedro\/"}]}},"_links":{"self":[{"href":"https:\/\/rehagro.com.br\/blog\/wp-json\/wp\/v2\/posts\/8802","targetHints":{"allow":["GET"]}}],"collection":[{"href":"https:\/\/rehagro.com.br\/blog\/wp-json\/wp\/v2\/posts"}],"about":[{"href":"https:\/\/rehagro.com.br\/blog\/wp-json\/wp\/v2\/types\/post"}],"author":[{"embeddable":true,"href":"https:\/\/rehagro.com.br\/blog\/wp-json\/wp\/v2\/users\/21"}],"replies":[{"embeddable":true,"href":"https:\/\/rehagro.com.br\/blog\/wp-json\/wp\/v2\/comments?post=8802"}],"version-history":[{"count":36,"href":"https:\/\/rehagro.com.br\/blog\/wp-json\/wp\/v2\/posts\/8802\/revisions"}],"predecessor-version":[{"id":13116,"href":"https:\/\/rehagro.com.br\/blog\/wp-json\/wp\/v2\/posts\/8802\/revisions\/13116"}],"wp:featuredmedia":[{"embeddable":true,"href":"https:\/\/rehagro.com.br\/blog\/wp-json\/wp\/v2\/media\/16729"}],"wp:attachment":[{"href":"https:\/\/rehagro.com.br\/blog\/wp-json\/wp\/v2\/media?parent=8802"}],"wp:term":[{"taxonomy":"category","embeddable":true,"href":"https:\/\/rehagro.com.br\/blog\/wp-json\/wp\/v2\/categories?post=8802"},{"taxonomy":"post_tag","embeddable":true,"href":"https:\/\/rehagro.com.br\/blog\/wp-json\/wp\/v2\/tags?post=8802"}],"curies":[{"name":"wp","href":"https:\/\/api.w.org\/{rel}","templated":true}]}}