{"id":8538,"date":"2022-08-10T16:14:24","date_gmt":"2022-08-10T19:14:24","guid":{"rendered":"https:\/\/rehagro.com.br\/blog\/?p=8538"},"modified":"2026-04-08T15:45:32","modified_gmt":"2026-04-08T18:45:32","slug":"viveiro-para-mudas-de-cafe","status":"publish","type":"post","link":"https:\/\/rehagro.com.br\/blog\/viveiro-para-mudas-de-cafe\/","title":{"rendered":"Viveiro de caf\u00e9: qual tela escolher, vermelha ou preta? Veja as diferen\u00e7as"},"content":{"rendered":"<p>Mudas de caf\u00e9 vigorosas al\u00e9m de suportar melhor as condi\u00e7\u00f5es ambientais adversas e proporcionar um melhor crescimento inicial das plantas no campo, diminuem as taxas de replantio, opera\u00e7\u00e3o que resulta em custos a mais para o produtor.<\/p>\n<p>Por isso, produzir <strong>mudas vigorosas e bem desenvolvidas<\/strong> torna-se uma \u00f3tima alternativa para obter mais sucesso no <strong><a href=\"https:\/\/rehagro.com.br\/blog\/plantio-do-cafe-o-que-voce-precisa-saber\/\" target=\"_blank\" rel=\"noopener\">plantio<\/a><\/strong>.<\/p>\n<p><img loading=\"lazy\" decoding=\"async\" class=\"aligncenter wp-image-17012\" src=\"https:\/\/rehagro.com.br\/blog\/wp-content\/uploads\/2020\/11\/tela-preta-viveiro-de-cafe.jpg\" alt=\"Tela de viveiro de caf\u00e9 com malha preta\" width=\"600\" height=\"450\" srcset=\"https:\/\/rehagro.com.br\/blog\/wp-content\/uploads\/2020\/11\/tela-preta-viveiro-de-cafe.jpg 1280w, https:\/\/rehagro.com.br\/blog\/wp-content\/uploads\/2020\/11\/tela-preta-viveiro-de-cafe-300x225.jpg 300w, https:\/\/rehagro.com.br\/blog\/wp-content\/uploads\/2020\/11\/tela-preta-viveiro-de-cafe-1024x768.jpg 1024w, https:\/\/rehagro.com.br\/blog\/wp-content\/uploads\/2020\/11\/tela-preta-viveiro-de-cafe-768x576.jpg 768w, https:\/\/rehagro.com.br\/blog\/wp-content\/uploads\/2020\/11\/tela-preta-viveiro-de-cafe-370x278.jpg 370w, https:\/\/rehagro.com.br\/blog\/wp-content\/uploads\/2020\/11\/tela-preta-viveiro-de-cafe-270x203.jpg 270w, https:\/\/rehagro.com.br\/blog\/wp-content\/uploads\/2020\/11\/tela-preta-viveiro-de-cafe-740x555.jpg 740w, https:\/\/rehagro.com.br\/blog\/wp-content\/uploads\/2020\/11\/tela-preta-viveiro-de-cafe-80x60.jpg 80w, https:\/\/rehagro.com.br\/blog\/wp-content\/uploads\/2020\/11\/tela-preta-viveiro-de-cafe-150x113.jpg 150w\" sizes=\"auto, (max-width: 600px) 100vw, 600px\" \/><\/p>\n<p style=\"text-align: center;\"><span style=\"font-weight: 400; font-size: 10pt;\">Telado de viveiro com malha preta (Foto: Diego Baqui\u00e3o).<\/span><\/p>\n<p><img loading=\"lazy\" decoding=\"async\" class=\"aligncenter wp-image-17013\" src=\"https:\/\/rehagro.com.br\/blog\/wp-content\/uploads\/2020\/11\/tela-vermelha-viveiro-de-cafe.jpg\" alt=\"Tela de viveiro com malha vermelha\" width=\"600\" height=\"450\" srcset=\"https:\/\/rehagro.com.br\/blog\/wp-content\/uploads\/2020\/11\/tela-vermelha-viveiro-de-cafe.jpg 1175w, https:\/\/rehagro.com.br\/blog\/wp-content\/uploads\/2020\/11\/tela-vermelha-viveiro-de-cafe-300x225.jpg 300w, https:\/\/rehagro.com.br\/blog\/wp-content\/uploads\/2020\/11\/tela-vermelha-viveiro-de-cafe-1024x768.jpg 1024w, https:\/\/rehagro.com.br\/blog\/wp-content\/uploads\/2020\/11\/tela-vermelha-viveiro-de-cafe-768x576.jpg 768w, https:\/\/rehagro.com.br\/blog\/wp-content\/uploads\/2020\/11\/tela-vermelha-viveiro-de-cafe-370x277.jpg 370w, https:\/\/rehagro.com.br\/blog\/wp-content\/uploads\/2020\/11\/tela-vermelha-viveiro-de-cafe-270x202.jpg 270w, https:\/\/rehagro.com.br\/blog\/wp-content\/uploads\/2020\/11\/tela-vermelha-viveiro-de-cafe-740x555.jpg 740w, https:\/\/rehagro.com.br\/blog\/wp-content\/uploads\/2020\/11\/tela-vermelha-viveiro-de-cafe-80x60.jpg 80w, https:\/\/rehagro.com.br\/blog\/wp-content\/uploads\/2020\/11\/tela-vermelha-viveiro-de-cafe-150x112.jpg 150w\" sizes=\"auto, (max-width: 600px) 100vw, 600px\" \/><\/p>\n<p style=\"text-align: center;\"><span style=\"font-weight: 400; font-size: 10pt;\">Telado de viveiro com malha vermelha (Foto: Diego Baqui\u00e3o)<\/span><\/p>\n<div style=\"background-color: #efefef; padding-left: 10px; padding-right: 5px; border-radius: 10px;\">\n<p>&nbsp;<\/p>\n<p style=\"text-align: center;\"><strong><span style=\"font-size: 14pt;\">Sem tempo para ler agora? Baixe este artigo em PDF!<\/span><\/strong><\/p>\n<p><script charset=\"utf-8\" type=\"text\/javascript\" src=\"\/\/js.hsforms.net\/forms\/embed\/v2.js\"><\/script><br \/>\n<script>\nhbspt.forms.create({\nregion: \"na1\",\nportalId: \"5430441\",\nformId: \"7dcaf60d-0e23-40ed-8b40-9b8cb07b4128\"\n});\n<\/script><\/p>\n<\/div>\n<h2>Tela vermelha x tela preta<\/h2>\n<p>A forma\u00e7\u00e3o de <strong><a href=\"https:\/\/rehagro.com.br\/blog\/mudas-de-cafe-como-escolher\/\" target=\"_blank\" rel=\"noopener\">mudas de caf\u00e9<\/a><\/strong>\u00a0normalmente se d\u00e1 em viveiros sombreados ou parcialmente sombreados com uma passagem de 50% da radia\u00e7\u00e3o.<\/p>\n<p>Nas propriedades <strong>\u00e9 comum o uso do telado de colora\u00e7\u00e3o preta<\/strong> para esse fim, entretanto, estudos sugerem a utiliza\u00e7\u00e3o de malhas de colora\u00e7\u00e3o vermelha, isso porque a radia\u00e7\u00e3o vermelha e azul s\u00e3o as mais eficientes para otimizar v\u00e1rias respostas fisiol\u00f3gicas desej\u00e1veis nas plantas.<\/p>\n<p>Os comprimentos de onda que s\u00e3o melhor absorvidos pelas plantas s\u00e3o principalmente 430 nm e 660 nm, que se refere \u00e0s cores azul e vermelho respectivamente, apresentando nas plantas diferen\u00e7as morfol\u00f3gicas devido a resposta dos pigmentos fotossintetizantes a esses comprimentos de onda.<\/p>\n<p><a href=\"https:\/\/conteudo.rehagro.com.br\/calendario-agricola-cafeicultor?utm_campaign=material-cafe&amp;utm_source=calendario-cafe&amp;utm_medium=blog\" target=\"_blank\" rel=\"noopener\"><img loading=\"lazy\" decoding=\"async\" class=\"aligncenter wp-image-39670 size-full\" title=\"Clique e baixe o material gratuitamente!\" src=\"https:\/\/rehagro.com.br\/blog\/wp-content\/uploads\/2025\/09\/banner-calendario-cafeicultura.png\" alt=\"Calend\u00e1rio agr\u00edcola do caf\u00e9\" width=\"980\" height=\"317\" srcset=\"https:\/\/rehagro.com.br\/blog\/wp-content\/uploads\/2025\/09\/banner-calendario-cafeicultura.png 980w, https:\/\/rehagro.com.br\/blog\/wp-content\/uploads\/2025\/09\/banner-calendario-cafeicultura-300x97.png 300w, https:\/\/rehagro.com.br\/blog\/wp-content\/uploads\/2025\/09\/banner-calendario-cafeicultura-768x248.png 768w, https:\/\/rehagro.com.br\/blog\/wp-content\/uploads\/2025\/09\/banner-calendario-cafeicultura-370x120.png 370w, https:\/\/rehagro.com.br\/blog\/wp-content\/uploads\/2025\/09\/banner-calendario-cafeicultura-270x87.png 270w, https:\/\/rehagro.com.br\/blog\/wp-content\/uploads\/2025\/09\/banner-calendario-cafeicultura-740x239.png 740w, https:\/\/rehagro.com.br\/blog\/wp-content\/uploads\/2025\/09\/banner-calendario-cafeicultura-150x49.png 150w\" sizes=\"auto, (max-width: 980px) 100vw, 980px\" \/><\/a><\/p>\n<h2>Telas coloridas em viveiro de caf\u00e9<\/h2>\n<p>Por isso, a utiliza\u00e7\u00e3o de telas coloridas tem por objetivo causar mudan\u00e7as no espectro de radia\u00e7\u00e3o dispon\u00edvel para a planta, proporcionando ajustes metab\u00f3licos no sistema fotossint\u00e9tico.<\/p>\n<p>Contudo, <strong>apesar da colora\u00e7\u00e3o azul ser um dos comprimentos de onda mais absorvidos pelas plantas, ela excita a clorofila a um estado energ\u00e9tico mais elevado do que a absor\u00e7\u00e3o de luz vermelha<\/strong>, no entanto, nesse estado de excita\u00e7\u00e3o a clorofila \u00e9 extremamente inst\u00e1vel liberando parte da energia absorvida na forma de calor, o que n\u00e3o ocorre com a luz vermelha.<\/p>\n<p><img loading=\"lazy\" decoding=\"async\" class=\"aligncenter wp-image-17015 size-full\" src=\"https:\/\/rehagro.com.br\/blog\/wp-content\/uploads\/2020\/11\/tela-vermelha-viveiro-de-cafe-1.jpg\" alt=\"Viveiro de caf\u00e9 com telado na cor vermelha\" width=\"488\" height=\"288\" srcset=\"https:\/\/rehagro.com.br\/blog\/wp-content\/uploads\/2020\/11\/tela-vermelha-viveiro-de-cafe-1.jpg 488w, https:\/\/rehagro.com.br\/blog\/wp-content\/uploads\/2020\/11\/tela-vermelha-viveiro-de-cafe-1-300x177.jpg 300w, https:\/\/rehagro.com.br\/blog\/wp-content\/uploads\/2020\/11\/tela-vermelha-viveiro-de-cafe-1-370x218.jpg 370w, https:\/\/rehagro.com.br\/blog\/wp-content\/uploads\/2020\/11\/tela-vermelha-viveiro-de-cafe-1-270x159.jpg 270w, https:\/\/rehagro.com.br\/blog\/wp-content\/uploads\/2020\/11\/tela-vermelha-viveiro-de-cafe-1-150x89.jpg 150w\" sizes=\"auto, (max-width: 488px) 100vw, 488px\" \/><\/p>\n<p style=\"text-align: center;\"><span style=\"font-weight: 400; font-size: 10pt;\">Viveiro de caf\u00e9 com malha de colora\u00e7\u00e3o vermelha (Foto: Diego Baqui\u00e3o).<\/span><\/p>\n<h3>Estudos comparativos de telas coloridas<\/h3>\n<p>Henrique et al., (2001), avaliou o crescimento de mudas de cafeeiro sob diferentes malhas coloridas, e observou que a tela vermelha apresentou massa seca total superior quando comparado aos outros ambientes.<\/p>\n<p>Al\u00e9m disso, a malha de colora\u00e7\u00e3o vermelha tamb\u00e9m proporcionou maior teor de carboidrato nas ra\u00edzes, sendo essa cor a mais eficiente na promo\u00e7\u00e3o de crescimento e desenvolvimento das mudas de caf\u00e9. Fato que \u00e9 extremamente vantajoso considerando as adversidades que essas mudas podem sofrer no campo.<\/p>\n<p style=\"text-align: center;\"><span style=\"font-weight: 400;\"><img loading=\"lazy\" decoding=\"async\" class=\"aligncenter wp-image-17016 size-full\" src=\"https:\/\/rehagro.com.br\/blog\/wp-content\/uploads\/2020\/11\/grafico-massa-seca.jpg\" alt=\"Gr\u00e1fico mostrando massa seca de raiz e massa seca total\" width=\"398\" height=\"253\" srcset=\"https:\/\/rehagro.com.br\/blog\/wp-content\/uploads\/2020\/11\/grafico-massa-seca.jpg 398w, https:\/\/rehagro.com.br\/blog\/wp-content\/uploads\/2020\/11\/grafico-massa-seca-300x191.jpg 300w, https:\/\/rehagro.com.br\/blog\/wp-content\/uploads\/2020\/11\/grafico-massa-seca-370x235.jpg 370w, https:\/\/rehagro.com.br\/blog\/wp-content\/uploads\/2020\/11\/grafico-massa-seca-270x172.jpg 270w, https:\/\/rehagro.com.br\/blog\/wp-content\/uploads\/2020\/11\/grafico-massa-seca-150x95.jpg 150w\" sizes=\"auto, (max-width: 398px) 100vw, 398px\" \/><\/span><span style=\"font-weight: 400;\"><br \/>\n<span style=\"font-size: 10pt;\">Massa seca de raiz e massa seca total. (Fonte: UFLA &#8211; 2011).<\/span><br \/>\n<\/span><\/p>\n<p><img loading=\"lazy\" decoding=\"async\" class=\"aligncenter wp-image-17017 size-full\" src=\"https:\/\/rehagro.com.br\/blog\/wp-content\/uploads\/2020\/11\/grafico-teores-amido.jpg\" alt=\"Gr\u00e1fico mostrando diferen\u00e7a de teores de amido em massa de mat\u00e9ria seca de acordo com a cor do telado\" width=\"381\" height=\"332\" srcset=\"https:\/\/rehagro.com.br\/blog\/wp-content\/uploads\/2020\/11\/grafico-teores-amido.jpg 381w, https:\/\/rehagro.com.br\/blog\/wp-content\/uploads\/2020\/11\/grafico-teores-amido-300x261.jpg 300w, https:\/\/rehagro.com.br\/blog\/wp-content\/uploads\/2020\/11\/grafico-teores-amido-370x322.jpg 370w, https:\/\/rehagro.com.br\/blog\/wp-content\/uploads\/2020\/11\/grafico-teores-amido-270x235.jpg 270w, https:\/\/rehagro.com.br\/blog\/wp-content\/uploads\/2020\/11\/grafico-teores-amido-344x300.jpg 344w, https:\/\/rehagro.com.br\/blog\/wp-content\/uploads\/2020\/11\/grafico-teores-amido-150x131.jpg 150w\" sizes=\"auto, (max-width: 381px) 100vw, 381px\" \/><\/p>\n<p style=\"text-align: center;\"><span style=\"font-weight: 400; font-size: 10pt;\">Teores de amido em massa de mat\u00e9ria seca de folhas e ra\u00edzes de mudas de cafeeiro. (Fonte: UFLA \u2013 2011).<\/span><\/p>\n<h2>Conclus\u00e3o<\/h2>\n<p>Dessa forma, <strong>apesar da malha de colora\u00e7\u00e3o vermelha apresentar um custo superior quando comparado a malha preta, nota-se que as plantas se desenvolvem mais no telado vermelho<\/strong>, e por isso, elas possuem maiores chances de sobreviv\u00eancia no campo, al\u00e9m do maior arranque inicial do crescimento.<\/p>\n<h2>Torne sua produ\u00e7\u00e3o de caf\u00e9 mais eficiente com uma gest\u00e3o completa<\/h2>\n<p>A escolha da tela no viveiro \u00e9 um detalhe que impacta diretamente na qualidade das mudas e, consequentemente, no desempenho da lavoura. Mas, para garantir produtividade e lucratividade em todas as etapas, \u00e9 preciso dominar n\u00e3o s\u00f3 as t\u00e9cnicas, mas tamb\u00e9m a gest\u00e3o da propriedade.<\/p>\n<p>No <strong><a href=\"https:\/\/rehagro.com.br\/cursos\/capacitacao-em-gestao-na-producao-de-cafe?utm_campaign=mkt-materiais-gc&amp;utm_source=textos&amp;utm_medium=blog\">Curso Gest\u00e3o na Produ\u00e7\u00e3o de Caf\u00e9 Ar\u00e1bica<\/a><\/strong>\u00a0do Rehagro, voc\u00ea aprende com especialistas a aplicar ferramentas pr\u00e1ticas de gest\u00e3o, tomar decis\u00f5es estrat\u00e9gicas e conduzir sua lavoura de forma mais eficiente e rent\u00e1vel.<\/p>\n<p><a href=\"https:\/\/rehagro.com.br\/cursos\/capacitacao-em-gestao-na-producao-de-cafe?utm_campaign=mkt-materiais-gc&amp;utm_source=textos&amp;utm_medium=blog\" target=\"_blank\" rel=\"noopener\"><img loading=\"lazy\" decoding=\"async\" class=\"aligncenter wp-image-24250 size-full\" title=\"Clique e saiba mais sobre o curso!\" src=\"https:\/\/rehagro.com.br\/blog\/wp-content\/uploads\/2023\/09\/banner-gc.jpg\" alt=\"Curso Gest\u00e3o na Produ\u00e7\u00e3o de Caf\u00e9 Ar\u00e1bica\" width=\"980\" height=\"317\" srcset=\"https:\/\/rehagro.com.br\/blog\/wp-content\/uploads\/2023\/09\/banner-gc.jpg 980w, https:\/\/rehagro.com.br\/blog\/wp-content\/uploads\/2023\/09\/banner-gc-300x97.jpg 300w, https:\/\/rehagro.com.br\/blog\/wp-content\/uploads\/2023\/09\/banner-gc-768x248.jpg 768w, https:\/\/rehagro.com.br\/blog\/wp-content\/uploads\/2023\/09\/banner-gc-370x120.jpg 370w, https:\/\/rehagro.com.br\/blog\/wp-content\/uploads\/2023\/09\/banner-gc-270x87.jpg 270w, https:\/\/rehagro.com.br\/blog\/wp-content\/uploads\/2023\/09\/banner-gc-740x239.jpg 740w, https:\/\/rehagro.com.br\/blog\/wp-content\/uploads\/2023\/09\/banner-gc-150x49.jpg 150w\" sizes=\"auto, (max-width: 980px) 100vw, 980px\" \/><\/a><\/p>\n<p>&nbsp;<\/p>\n<p><img loading=\"lazy\" decoding=\"async\" class=\"aligncenter wp-image-18459 size-full\" src=\"https:\/\/rehagro.com.br\/blog\/wp-content\/uploads\/2022\/12\/larissa-cocato.jpg\" alt=\"Larissa Cocato - Coordenadora de Ensino Caf\u00e9\" width=\"300\" height=\"96\" srcset=\"https:\/\/rehagro.com.br\/blog\/wp-content\/uploads\/2022\/12\/larissa-cocato.jpg 300w, https:\/\/rehagro.com.br\/blog\/wp-content\/uploads\/2022\/12\/larissa-cocato-270x86.jpg 270w, https:\/\/rehagro.com.br\/blog\/wp-content\/uploads\/2022\/12\/larissa-cocato-150x48.jpg 150w\" sizes=\"auto, (max-width: 300px) 100vw, 300px\" \/><\/p>\n","protected":false},"excerpt":{"rendered":"<p>Mudas de caf\u00e9 vigorosas al\u00e9m de suportar melhor as condi\u00e7\u00f5es ambientais adversas e proporcionar um melhor crescimento inicial das plantas no campo, diminuem as taxas de replantio, opera\u00e7\u00e3o que resulta em custos a mais para o produtor. Por isso, produzir mudas vigorosas e bem desenvolvidas torna-se uma \u00f3tima alternativa para obter mais sucesso no plantio. [&hellip;]<\/p>\n","protected":false},"author":21,"featured_media":17018,"comment_status":"open","ping_status":"open","sticky":false,"template":"","format":"standard","meta":{"footnotes":""},"categories":[211],"tags":[282,266,463,776,777,285,284,356,251,560,778,773,772],"class_list":["post-8538","post","type-post","status-publish","format-standard","has-post-thumbnail","hentry","category-cafe","tag-cafe","tag-cafeeiro","tag-lavoura","tag-malha-preta","tag-malha-vermelha","tag-mudas","tag-plantacao","tag-plantas","tag-plantio","tag-produtor","tag-replantio","tag-telado-para-cafe","tag-viveiro-de-cafe"],"yoast_head":"<!-- This site is optimized with the Yoast SEO plugin v27.5 - https:\/\/yoast.com\/product\/yoast-seo-wordpress\/ -->\n<title>Viveiro de caf\u00e9: qual a diferen\u00e7a entre tela vermelha e tela preta?<\/title>\n<meta name=\"description\" content=\"Tela para viveiro de caf\u00e9: vermelha ou preta? Nesse artigo voc\u00ea vai ler a diferen\u00e7a entre elas e conhecer a melhor escolha. Clique e veja!\" \/>\n<meta name=\"robots\" content=\"index, follow, max-snippet:-1, max-image-preview:large, max-video-preview:-1\" \/>\n<link rel=\"canonical\" href=\"https:\/\/rehagro.com.br\/blog\/viveiro-para-mudas-de-cafe\/\" \/>\n<meta property=\"og:locale\" content=\"pt_BR\" \/>\n<meta property=\"og:type\" content=\"article\" \/>\n<meta property=\"og:title\" content=\"Viveiro de caf\u00e9: qual a diferen\u00e7a entre tela vermelha e tela preta?\" \/>\n<meta property=\"og:description\" content=\"Tela para viveiro de caf\u00e9: vermelha ou preta? Nesse artigo voc\u00ea vai ler a diferen\u00e7a entre elas e conhecer a melhor escolha. Clique e veja!\" \/>\n<meta property=\"og:url\" content=\"https:\/\/rehagro.com.br\/blog\/viveiro-para-mudas-de-cafe\/\" \/>\n<meta property=\"og:site_name\" content=\"Rehagro Blog\" \/>\n<meta property=\"article:published_time\" content=\"2022-08-10T19:14:24+00:00\" \/>\n<meta property=\"article:modified_time\" content=\"2026-04-08T18:45:32+00:00\" \/>\n<meta property=\"og:image\" content=\"https:\/\/rehagro.com.br\/blog\/wp-content\/uploads\/2020\/11\/viveiro-para-cafe-com-telado-vermelho.jpeg\" \/>\n\t<meta property=\"og:image:width\" content=\"1280\" \/>\n\t<meta property=\"og:image:height\" content=\"960\" \/>\n\t<meta property=\"og:image:type\" content=\"image\/jpeg\" \/>\n<meta name=\"author\" content=\"Jo\u00e3o Pedro Azevedo\" \/>\n<meta name=\"twitter:card\" content=\"summary_large_image\" \/>\n<meta name=\"twitter:label1\" content=\"Escrito por\" \/>\n\t<meta name=\"twitter:data1\" content=\"Jo\u00e3o Pedro Azevedo\" \/>\n\t<meta name=\"twitter:label2\" content=\"Est. tempo de leitura\" \/>\n\t<meta name=\"twitter:data2\" content=\"5 minutos\" \/>\n<script type=\"application\/ld+json\" class=\"yoast-schema-graph\">{\"@context\":\"https:\\\/\\\/schema.org\",\"@graph\":[{\"@type\":\"Article\",\"@id\":\"https:\\\/\\\/rehagro.com.br\\\/blog\\\/viveiro-para-mudas-de-cafe\\\/#article\",\"isPartOf\":{\"@id\":\"https:\\\/\\\/rehagro.com.br\\\/blog\\\/viveiro-para-mudas-de-cafe\\\/\"},\"author\":{\"name\":\"Jo\u00e3o Pedro Azevedo\",\"@id\":\"https:\\\/\\\/rehagro.com.br\\\/blog\\\/#\\\/schema\\\/person\\\/f2d1ae51b04939615ceebb3c0bfd8a94\"},\"headline\":\"Viveiro de caf\u00e9: qual tela escolher, vermelha ou preta? Veja as diferen\u00e7as\",\"datePublished\":\"2022-08-10T19:14:24+00:00\",\"dateModified\":\"2026-04-08T18:45:32+00:00\",\"mainEntityOfPage\":{\"@id\":\"https:\\\/\\\/rehagro.com.br\\\/blog\\\/viveiro-para-mudas-de-cafe\\\/\"},\"wordCount\":608,\"commentCount\":2,\"publisher\":{\"@id\":\"https:\\\/\\\/rehagro.com.br\\\/blog\\\/#organization\"},\"image\":{\"@id\":\"https:\\\/\\\/rehagro.com.br\\\/blog\\\/viveiro-para-mudas-de-cafe\\\/#primaryimage\"},\"thumbnailUrl\":\"https:\\\/\\\/rehagro.com.br\\\/blog\\\/wp-content\\\/uploads\\\/2020\\\/11\\\/viveiro-para-cafe-com-telado-vermelho.jpeg\",\"keywords\":[\"caf\u00e9\",\"cafeeiro\",\"lavoura\",\"malha preta\",\"malha vermelha\",\"mudas\",\"planta\u00e7\u00e3o\",\"plantas\",\"plantio\",\"produtor\",\"replantio\",\"telado para caf\u00e9\",\"viveiro de caf\u00e9\"],\"articleSection\":[\"CAF\u00c9\"],\"inLanguage\":\"pt-BR\",\"potentialAction\":[{\"@type\":\"CommentAction\",\"name\":\"Comment\",\"target\":[\"https:\\\/\\\/rehagro.com.br\\\/blog\\\/viveiro-para-mudas-de-cafe\\\/#respond\"]}]},{\"@type\":\"WebPage\",\"@id\":\"https:\\\/\\\/rehagro.com.br\\\/blog\\\/viveiro-para-mudas-de-cafe\\\/\",\"url\":\"https:\\\/\\\/rehagro.com.br\\\/blog\\\/viveiro-para-mudas-de-cafe\\\/\",\"name\":\"Viveiro de caf\u00e9: qual a diferen\u00e7a entre tela vermelha e tela preta?\",\"isPartOf\":{\"@id\":\"https:\\\/\\\/rehagro.com.br\\\/blog\\\/#website\"},\"primaryImageOfPage\":{\"@id\":\"https:\\\/\\\/rehagro.com.br\\\/blog\\\/viveiro-para-mudas-de-cafe\\\/#primaryimage\"},\"image\":{\"@id\":\"https:\\\/\\\/rehagro.com.br\\\/blog\\\/viveiro-para-mudas-de-cafe\\\/#primaryimage\"},\"thumbnailUrl\":\"https:\\\/\\\/rehagro.com.br\\\/blog\\\/wp-content\\\/uploads\\\/2020\\\/11\\\/viveiro-para-cafe-com-telado-vermelho.jpeg\",\"datePublished\":\"2022-08-10T19:14:24+00:00\",\"dateModified\":\"2026-04-08T18:45:32+00:00\",\"description\":\"Tela para viveiro de caf\u00e9: vermelha ou preta? Nesse artigo voc\u00ea vai ler a diferen\u00e7a entre elas e conhecer a melhor escolha. Clique e veja!\",\"breadcrumb\":{\"@id\":\"https:\\\/\\\/rehagro.com.br\\\/blog\\\/viveiro-para-mudas-de-cafe\\\/#breadcrumb\"},\"inLanguage\":\"pt-BR\",\"potentialAction\":[{\"@type\":\"ReadAction\",\"target\":[\"https:\\\/\\\/rehagro.com.br\\\/blog\\\/viveiro-para-mudas-de-cafe\\\/\"]}]},{\"@type\":\"ImageObject\",\"inLanguage\":\"pt-BR\",\"@id\":\"https:\\\/\\\/rehagro.com.br\\\/blog\\\/viveiro-para-mudas-de-cafe\\\/#primaryimage\",\"url\":\"https:\\\/\\\/rehagro.com.br\\\/blog\\\/wp-content\\\/uploads\\\/2020\\\/11\\\/viveiro-para-cafe-com-telado-vermelho.jpeg\",\"contentUrl\":\"https:\\\/\\\/rehagro.com.br\\\/blog\\\/wp-content\\\/uploads\\\/2020\\\/11\\\/viveiro-para-cafe-com-telado-vermelho.jpeg\",\"width\":1280,\"height\":960,\"caption\":\"Viveiro de caf\u00e9 com telado vermehlo\"},{\"@type\":\"BreadcrumbList\",\"@id\":\"https:\\\/\\\/rehagro.com.br\\\/blog\\\/viveiro-para-mudas-de-cafe\\\/#breadcrumb\",\"itemListElement\":[{\"@type\":\"ListItem\",\"position\":1,\"name\":\"In\u00edcio\",\"item\":\"https:\\\/\\\/rehagro.com.br\\\/blog\\\/\"},{\"@type\":\"ListItem\",\"position\":2,\"name\":\"Viveiro de caf\u00e9: qual tela escolher, vermelha ou preta? Veja as diferen\u00e7as\"}]},{\"@type\":\"WebSite\",\"@id\":\"https:\\\/\\\/rehagro.com.br\\\/blog\\\/#website\",\"url\":\"https:\\\/\\\/rehagro.com.br\\\/blog\\\/\",\"name\":\"Rehagro Blog\",\"description\":\"\",\"publisher\":{\"@id\":\"https:\\\/\\\/rehagro.com.br\\\/blog\\\/#organization\"},\"potentialAction\":[{\"@type\":\"SearchAction\",\"target\":{\"@type\":\"EntryPoint\",\"urlTemplate\":\"https:\\\/\\\/rehagro.com.br\\\/blog\\\/?s={search_term_string}\"},\"query-input\":{\"@type\":\"PropertyValueSpecification\",\"valueRequired\":true,\"valueName\":\"search_term_string\"}}],\"inLanguage\":\"pt-BR\"},{\"@type\":\"Organization\",\"@id\":\"https:\\\/\\\/rehagro.com.br\\\/blog\\\/#organization\",\"name\":\"Rehagro\",\"url\":\"https:\\\/\\\/rehagro.com.br\\\/blog\\\/\",\"logo\":{\"@type\":\"ImageObject\",\"inLanguage\":\"pt-BR\",\"@id\":\"https:\\\/\\\/rehagro.com.br\\\/blog\\\/#\\\/schema\\\/logo\\\/image\\\/\",\"url\":\"https:\\\/\\\/rehagro.com.br\\\/blog\\\/wp-content\\\/uploads\\\/2018\\\/05\\\/logo-rehagro.png\",\"contentUrl\":\"https:\\\/\\\/rehagro.com.br\\\/blog\\\/wp-content\\\/uploads\\\/2018\\\/05\\\/logo-rehagro.png\",\"width\":400,\"height\":115,\"caption\":\"Rehagro\"},\"image\":{\"@id\":\"https:\\\/\\\/rehagro.com.br\\\/blog\\\/#\\\/schema\\\/logo\\\/image\\\/\"}},{\"@type\":\"Person\",\"@id\":\"https:\\\/\\\/rehagro.com.br\\\/blog\\\/#\\\/schema\\\/person\\\/f2d1ae51b04939615ceebb3c0bfd8a94\",\"name\":\"Jo\u00e3o Pedro Azevedo\",\"image\":{\"@type\":\"ImageObject\",\"inLanguage\":\"pt-BR\",\"@id\":\"https:\\\/\\\/secure.gravatar.com\\\/avatar\\\/34aacffb2f10625483f480470f3274778dd1c183ba4f66444bb60ae92149bf8a?s=96&d=mm&r=g\",\"url\":\"https:\\\/\\\/secure.gravatar.com\\\/avatar\\\/34aacffb2f10625483f480470f3274778dd1c183ba4f66444bb60ae92149bf8a?s=96&d=mm&r=g\",\"contentUrl\":\"https:\\\/\\\/secure.gravatar.com\\\/avatar\\\/34aacffb2f10625483f480470f3274778dd1c183ba4f66444bb60ae92149bf8a?s=96&d=mm&r=g\",\"caption\":\"Jo\u00e3o Pedro Azevedo\"},\"url\":\"https:\\\/\\\/rehagro.com.br\\\/blog\\\/author\\\/joao-pedro\\\/\"}]}<\/script>\n<!-- \/ Yoast SEO plugin. -->","yoast_head_json":{"title":"Viveiro de caf\u00e9: qual a diferen\u00e7a entre tela vermelha e tela preta?","description":"Tela para viveiro de caf\u00e9: vermelha ou preta? Nesse artigo voc\u00ea vai ler a diferen\u00e7a entre elas e conhecer a melhor escolha. Clique e veja!","robots":{"index":"index","follow":"follow","max-snippet":"max-snippet:-1","max-image-preview":"max-image-preview:large","max-video-preview":"max-video-preview:-1"},"canonical":"https:\/\/rehagro.com.br\/blog\/viveiro-para-mudas-de-cafe\/","og_locale":"pt_BR","og_type":"article","og_title":"Viveiro de caf\u00e9: qual a diferen\u00e7a entre tela vermelha e tela preta?","og_description":"Tela para viveiro de caf\u00e9: vermelha ou preta? Nesse artigo voc\u00ea vai ler a diferen\u00e7a entre elas e conhecer a melhor escolha. Clique e veja!","og_url":"https:\/\/rehagro.com.br\/blog\/viveiro-para-mudas-de-cafe\/","og_site_name":"Rehagro Blog","article_published_time":"2022-08-10T19:14:24+00:00","article_modified_time":"2026-04-08T18:45:32+00:00","og_image":[{"width":1280,"height":960,"url":"https:\/\/rehagro.com.br\/blog\/wp-content\/uploads\/2020\/11\/viveiro-para-cafe-com-telado-vermelho.jpeg","type":"image\/jpeg"}],"author":"Jo\u00e3o Pedro Azevedo","twitter_card":"summary_large_image","twitter_misc":{"Escrito por":"Jo\u00e3o Pedro Azevedo","Est. tempo de leitura":"5 minutos"},"schema":{"@context":"https:\/\/schema.org","@graph":[{"@type":"Article","@id":"https:\/\/rehagro.com.br\/blog\/viveiro-para-mudas-de-cafe\/#article","isPartOf":{"@id":"https:\/\/rehagro.com.br\/blog\/viveiro-para-mudas-de-cafe\/"},"author":{"name":"Jo\u00e3o Pedro Azevedo","@id":"https:\/\/rehagro.com.br\/blog\/#\/schema\/person\/f2d1ae51b04939615ceebb3c0bfd8a94"},"headline":"Viveiro de caf\u00e9: qual tela escolher, vermelha ou preta? Veja as diferen\u00e7as","datePublished":"2022-08-10T19:14:24+00:00","dateModified":"2026-04-08T18:45:32+00:00","mainEntityOfPage":{"@id":"https:\/\/rehagro.com.br\/blog\/viveiro-para-mudas-de-cafe\/"},"wordCount":608,"commentCount":2,"publisher":{"@id":"https:\/\/rehagro.com.br\/blog\/#organization"},"image":{"@id":"https:\/\/rehagro.com.br\/blog\/viveiro-para-mudas-de-cafe\/#primaryimage"},"thumbnailUrl":"https:\/\/rehagro.com.br\/blog\/wp-content\/uploads\/2020\/11\/viveiro-para-cafe-com-telado-vermelho.jpeg","keywords":["caf\u00e9","cafeeiro","lavoura","malha preta","malha vermelha","mudas","planta\u00e7\u00e3o","plantas","plantio","produtor","replantio","telado para caf\u00e9","viveiro de caf\u00e9"],"articleSection":["CAF\u00c9"],"inLanguage":"pt-BR","potentialAction":[{"@type":"CommentAction","name":"Comment","target":["https:\/\/rehagro.com.br\/blog\/viveiro-para-mudas-de-cafe\/#respond"]}]},{"@type":"WebPage","@id":"https:\/\/rehagro.com.br\/blog\/viveiro-para-mudas-de-cafe\/","url":"https:\/\/rehagro.com.br\/blog\/viveiro-para-mudas-de-cafe\/","name":"Viveiro de caf\u00e9: qual a diferen\u00e7a entre tela vermelha e tela preta?","isPartOf":{"@id":"https:\/\/rehagro.com.br\/blog\/#website"},"primaryImageOfPage":{"@id":"https:\/\/rehagro.com.br\/blog\/viveiro-para-mudas-de-cafe\/#primaryimage"},"image":{"@id":"https:\/\/rehagro.com.br\/blog\/viveiro-para-mudas-de-cafe\/#primaryimage"},"thumbnailUrl":"https:\/\/rehagro.com.br\/blog\/wp-content\/uploads\/2020\/11\/viveiro-para-cafe-com-telado-vermelho.jpeg","datePublished":"2022-08-10T19:14:24+00:00","dateModified":"2026-04-08T18:45:32+00:00","description":"Tela para viveiro de caf\u00e9: vermelha ou preta? Nesse artigo voc\u00ea vai ler a diferen\u00e7a entre elas e conhecer a melhor escolha. Clique e veja!","breadcrumb":{"@id":"https:\/\/rehagro.com.br\/blog\/viveiro-para-mudas-de-cafe\/#breadcrumb"},"inLanguage":"pt-BR","potentialAction":[{"@type":"ReadAction","target":["https:\/\/rehagro.com.br\/blog\/viveiro-para-mudas-de-cafe\/"]}]},{"@type":"ImageObject","inLanguage":"pt-BR","@id":"https:\/\/rehagro.com.br\/blog\/viveiro-para-mudas-de-cafe\/#primaryimage","url":"https:\/\/rehagro.com.br\/blog\/wp-content\/uploads\/2020\/11\/viveiro-para-cafe-com-telado-vermelho.jpeg","contentUrl":"https:\/\/rehagro.com.br\/blog\/wp-content\/uploads\/2020\/11\/viveiro-para-cafe-com-telado-vermelho.jpeg","width":1280,"height":960,"caption":"Viveiro de caf\u00e9 com telado vermehlo"},{"@type":"BreadcrumbList","@id":"https:\/\/rehagro.com.br\/blog\/viveiro-para-mudas-de-cafe\/#breadcrumb","itemListElement":[{"@type":"ListItem","position":1,"name":"In\u00edcio","item":"https:\/\/rehagro.com.br\/blog\/"},{"@type":"ListItem","position":2,"name":"Viveiro de caf\u00e9: qual tela escolher, vermelha ou preta? Veja as diferen\u00e7as"}]},{"@type":"WebSite","@id":"https:\/\/rehagro.com.br\/blog\/#website","url":"https:\/\/rehagro.com.br\/blog\/","name":"Rehagro Blog","description":"","publisher":{"@id":"https:\/\/rehagro.com.br\/blog\/#organization"},"potentialAction":[{"@type":"SearchAction","target":{"@type":"EntryPoint","urlTemplate":"https:\/\/rehagro.com.br\/blog\/?s={search_term_string}"},"query-input":{"@type":"PropertyValueSpecification","valueRequired":true,"valueName":"search_term_string"}}],"inLanguage":"pt-BR"},{"@type":"Organization","@id":"https:\/\/rehagro.com.br\/blog\/#organization","name":"Rehagro","url":"https:\/\/rehagro.com.br\/blog\/","logo":{"@type":"ImageObject","inLanguage":"pt-BR","@id":"https:\/\/rehagro.com.br\/blog\/#\/schema\/logo\/image\/","url":"https:\/\/rehagro.com.br\/blog\/wp-content\/uploads\/2018\/05\/logo-rehagro.png","contentUrl":"https:\/\/rehagro.com.br\/blog\/wp-content\/uploads\/2018\/05\/logo-rehagro.png","width":400,"height":115,"caption":"Rehagro"},"image":{"@id":"https:\/\/rehagro.com.br\/blog\/#\/schema\/logo\/image\/"}},{"@type":"Person","@id":"https:\/\/rehagro.com.br\/blog\/#\/schema\/person\/f2d1ae51b04939615ceebb3c0bfd8a94","name":"Jo\u00e3o Pedro Azevedo","image":{"@type":"ImageObject","inLanguage":"pt-BR","@id":"https:\/\/secure.gravatar.com\/avatar\/34aacffb2f10625483f480470f3274778dd1c183ba4f66444bb60ae92149bf8a?s=96&d=mm&r=g","url":"https:\/\/secure.gravatar.com\/avatar\/34aacffb2f10625483f480470f3274778dd1c183ba4f66444bb60ae92149bf8a?s=96&d=mm&r=g","contentUrl":"https:\/\/secure.gravatar.com\/avatar\/34aacffb2f10625483f480470f3274778dd1c183ba4f66444bb60ae92149bf8a?s=96&d=mm&r=g","caption":"Jo\u00e3o Pedro Azevedo"},"url":"https:\/\/rehagro.com.br\/blog\/author\/joao-pedro\/"}]}},"_links":{"self":[{"href":"https:\/\/rehagro.com.br\/blog\/wp-json\/wp\/v2\/posts\/8538","targetHints":{"allow":["GET"]}}],"collection":[{"href":"https:\/\/rehagro.com.br\/blog\/wp-json\/wp\/v2\/posts"}],"about":[{"href":"https:\/\/rehagro.com.br\/blog\/wp-json\/wp\/v2\/types\/post"}],"author":[{"embeddable":true,"href":"https:\/\/rehagro.com.br\/blog\/wp-json\/wp\/v2\/users\/21"}],"replies":[{"embeddable":true,"href":"https:\/\/rehagro.com.br\/blog\/wp-json\/wp\/v2\/comments?post=8538"}],"version-history":[{"count":32,"href":"https:\/\/rehagro.com.br\/blog\/wp-json\/wp\/v2\/posts\/8538\/revisions"}],"predecessor-version":[{"id":42230,"href":"https:\/\/rehagro.com.br\/blog\/wp-json\/wp\/v2\/posts\/8538\/revisions\/42230"}],"wp:featuredmedia":[{"embeddable":true,"href":"https:\/\/rehagro.com.br\/blog\/wp-json\/wp\/v2\/media\/17018"}],"wp:attachment":[{"href":"https:\/\/rehagro.com.br\/blog\/wp-json\/wp\/v2\/media?parent=8538"}],"wp:term":[{"taxonomy":"category","embeddable":true,"href":"https:\/\/rehagro.com.br\/blog\/wp-json\/wp\/v2\/categories?post=8538"},{"taxonomy":"post_tag","embeddable":true,"href":"https:\/\/rehagro.com.br\/blog\/wp-json\/wp\/v2\/tags?post=8538"}],"curies":[{"name":"wp","href":"https:\/\/api.w.org\/{rel}","templated":true}]}}