{"id":8476,"date":"2020-11-16T14:00:04","date_gmt":"2020-11-16T17:00:04","guid":{"rendered":"https:\/\/rehagro.com.br\/blog\/?p=8476"},"modified":"2026-01-30T15:39:04","modified_gmt":"2026-01-30T18:39:04","slug":"plantabilidade-para-o-potencial-de-producao","status":"publish","type":"post","link":"https:\/\/rehagro.com.br\/blog\/plantabilidade-para-o-potencial-de-producao\/","title":{"rendered":"Plantabilidade: como ela funciona e melhora a produtividade?"},"content":{"rendered":"<p>O potencial produtivo das culturas inicia no momento da semeadura, semeando errado a probabilidade de colher baixas produtividades aumentam muito.<\/p>\n<p>Ao considerar uma semeadora com espa\u00e7amento entre linhas de 50 cm temos 20.000 metros lineares, ao considerar uma semeadora de 10 carrinhos temos 2.000 metros lineares por carrinho por hectare, em uma propriedade com \u00e1rea cultivada de 500 hectares cada carrinho ir\u00e1 percorrer 1.000 quil\u00f4metros.<\/p>\n<p>Nesse sentido podemos observar a necessidade da manuten\u00e7\u00e3o das semeadoras e realizar os c\u00e1lculos que a falha pode ocasionar no momento do plantio. <strong>A boa plantabilidade mais o uso de sementes de qualidade \u00e9 a receita que ir\u00e1 garantir altos rendimentos.<\/strong><\/p>\n<div style=\"background-color: #efefef; padding-left: 10px; padding-right: 5px; border-radius: 10px;\">\n<p>&nbsp;<\/p>\n<p style=\"text-align: center;\"><strong><span style=\"font-size: 14pt;\">Sem tempo para ler agora? Baixe este artigo em PDF!<\/span><\/strong><\/p>\n<p><script charset=\"utf-8\" type=\"text\/javascript\" src=\"\/\/js.hsforms.net\/forms\/v2.js?pre=1\"><\/script><br \/>\n<script>\n  hbspt.forms.create({\n    region: \"na1\",\n    portalId: \"5430441\",\n    formId: \"0ced5949-c607-48c5-8d39-f0179ca418eb\"\n  });\n<\/script><\/p>\n<\/div>\n<h2>O que \u00e9 plantabilidade?<\/h2>\n<p>A plantabilidade \u00e9 definida como a <strong>distribui\u00e7\u00e3o uniforme de sementes ao longo do sulco de semeadura<\/strong> com a popula\u00e7\u00e3o e a profundidade correta. Sendo assim, deve-se buscar pela maior porcentagem poss\u00edvel de espa\u00e7amentos aceit\u00e1veis entre uma semente e outra e o m\u00ednimo poss\u00edvel de duplas e falhas.<\/p>\n<p>Ao deparar com uma maior porcentagem de falha os problemas que podem acontecer ser\u00e1 a perda de produ\u00e7\u00e3o pela falta da planta, al\u00e9m disso, poder\u00e1 acontecer a entrada de <a href=\"https:\/\/rehagro.com.br\/blog\/plantas-daninhas-no-sistema-de-producao\/\" target=\"_blank\" rel=\"noopener\"><strong>plantas daninhas<\/strong><\/a>. No caso de plantas duplas ocorrer\u00e1 a presen\u00e7a de plantas dominadas, acamamento da cultura acarretando perdas na colheita e dificuldade no <strong><a href=\"https:\/\/rehagro.com.br\/blog\/identificacao-de-doencas-em-milho\/\" target=\"_blank\" rel=\"noopener\">controle de doen\u00e7as<\/a><\/strong>.<\/p>\n<p><a href=\"https:\/\/conteudo.rehagro.com.br\/ebook-como-obter-sucesso-no-plantio?utm_campaign=material-graos&amp;utm_source=ebook-sucesso-plantio&amp;utm_medium=blog\" target=\"_blank\" rel=\"noopener\"><img loading=\"lazy\" decoding=\"async\" class=\"aligncenter wp-image-39606 size-full\" title=\"Clique e baixe o e-book gr\u00e1tis!\" src=\"https:\/\/rehagro.com.br\/blog\/wp-content\/uploads\/2025\/09\/banner-ebook-plantio-graos.png\" alt=\"E-book 7 passos para obter sucesso no plantio de gr\u00e3os\" width=\"980\" height=\"317\" srcset=\"https:\/\/rehagro.com.br\/blog\/wp-content\/uploads\/2025\/09\/banner-ebook-plantio-graos.png 980w, https:\/\/rehagro.com.br\/blog\/wp-content\/uploads\/2025\/09\/banner-ebook-plantio-graos-300x97.png 300w, https:\/\/rehagro.com.br\/blog\/wp-content\/uploads\/2025\/09\/banner-ebook-plantio-graos-768x248.png 768w, https:\/\/rehagro.com.br\/blog\/wp-content\/uploads\/2025\/09\/banner-ebook-plantio-graos-370x120.png 370w, https:\/\/rehagro.com.br\/blog\/wp-content\/uploads\/2025\/09\/banner-ebook-plantio-graos-270x87.png 270w, https:\/\/rehagro.com.br\/blog\/wp-content\/uploads\/2025\/09\/banner-ebook-plantio-graos-740x239.png 740w, https:\/\/rehagro.com.br\/blog\/wp-content\/uploads\/2025\/09\/banner-ebook-plantio-graos-150x49.png 150w\" sizes=\"auto, (max-width: 980px) 100vw, 980px\" \/><\/a><\/p>\n<h2>Coeficiente de varia\u00e7\u00e3o do estande de plantio<\/h2>\n<p>A fim de identificar tais problemas, a medida mais utilizada \u00e9 a avalia\u00e7\u00e3o do coeficiente de varia\u00e7\u00e3o do estande de plantio.<\/p>\n<p>Para isso, ap\u00f3s a <strong><a href=\"https:\/\/rehagro.com.br\/blog\/como-ocorre-a-germinacao\/\" target=\"_blank\" rel=\"noopener\">planta germinada<\/a><\/strong> (est\u00e1dio V2 a V3 \u2013 quando as plantas de milho apresentam de duas a tr\u00eas folhas e a soja apresenta o seu segundo ou terceiro trif\u00f3lio) \u00e9 realizado a medida de espa\u00e7amento entre uma planta e outra em 5 metros lineares em 5 linhas de plantio sendo considerado no m\u00ednimo 5 subamostras por gleba de produ\u00e7\u00e3o.<\/p>\n<p>Para o c\u00e1lculo do coeficiente de varia\u00e7\u00e3o, \u00e9 realizado o c\u00e1lculo da m\u00e9dia dos espa\u00e7amentos realizados e o c\u00e1lculo do desvio padr\u00e3o dos espa\u00e7amentos obtidos.<\/p>\n<p><img loading=\"lazy\" decoding=\"async\" class=\"aligncenter wp-image-12060\" src=\"https:\/\/rehagro.com.br\/blog\/wp-content\/uploads\/2020\/11\/coeficiente-de-variacao-300x96.jpg\" alt=\"Coeficiente de varia\u00e7\u00e3o\" width=\"200\" height=\"64\" srcset=\"https:\/\/rehagro.com.br\/blog\/wp-content\/uploads\/2020\/11\/coeficiente-de-variacao-300x96.jpg 300w, https:\/\/rehagro.com.br\/blog\/wp-content\/uploads\/2020\/11\/coeficiente-de-variacao-370x119.jpg 370w, https:\/\/rehagro.com.br\/blog\/wp-content\/uploads\/2020\/11\/coeficiente-de-variacao-270x87.jpg 270w, https:\/\/rehagro.com.br\/blog\/wp-content\/uploads\/2020\/11\/coeficiente-de-variacao.jpg 399w\" sizes=\"auto, (max-width: 200px) 100vw, 200px\" \/><\/p>\n<p>Onde:<\/p>\n<ul>\n<li><strong>CV = coeficiente de varia\u00e7\u00e3o;<\/strong><\/li>\n<li><strong>\u03b4 = desvio padr\u00e3o;<\/strong><\/li>\n<li><strong>\u03bc = m\u00e9dia.<\/strong><\/li>\n<\/ul>\n<p>Para a cultura da soja \u00e9 considerado aceit\u00e1vel um coeficiente de varia\u00e7\u00e3o menor que 50% e para a cultura do milho \u00e9 considerado um coeficiente de varia\u00e7\u00e3o aceit\u00e1vel menor que 30%.<\/p>\n<p>Dentre os fatores que interferem diretamente na distribui\u00e7\u00e3o de plantas, a velocidade de plantio \u00e9 a que pode apresentar maior influ\u00eancia na distribui\u00e7\u00e3o longitudinal de plantas. Para isso, a fim de manter o menor coeficiente de varia\u00e7\u00e3o, o ideal e manter a velocidade de plantio entre 5 e 6 km\/h.<\/p>\n<p>Para a compara\u00e7\u00e3o entre os coeficientes de varia\u00e7\u00e3o vale ressaltar que deve ser realizada com as popula\u00e7\u00f5es de plantas iguais. Na propriedade poder\u00e1 ser constru\u00eddo um banco de dados das popula\u00e7\u00f5es estabelecidas com os seus respectivos coeficientes de varia\u00e7\u00e3o, e estabelecer metas a fim de reduzir o coeficiente de varia\u00e7\u00e3o e obter melhor plantabilidade.<\/p>\n<h2>Fatores que interferem em uma boa plantabilidade<\/h2>\n<p>Al\u00e9m da velocidade de plantio, alguns fatores que podem interferir na plantabilidade das culturas s\u00e3o quest\u00f5es referentes ao solo.<\/p>\n<p>O tipo de preparo do solo seja ele convencional ou <strong><a href=\"https:\/\/rehagro.com.br\/blog\/sistema-de-plantio-direto-no-brasil\/\" target=\"_blank\" rel=\"noopener\">sistema de plantio direto<\/a><\/strong>, para isso deve ser realizada uma boa regulagem da m\u00e1quina com um sistema eficiente de corte da palhada no caso de plantio direto.<\/p>\n<p>A <strong>umidade \u00e9 outro fator que apresenta grande interfer\u00eancia na plantabilidade<\/strong>, solos mais \u00famidos podem apresentar maiores problemas de embuchamento durante a semeadura das culturas. Para um bom plantio sobre a palhada a mesma deve estar seca a fim de evitar o envelopamento e garantir uma boa plantabilidade.<\/p>\n<p>A qualidade das sementes seja ela fisiol\u00f3gica e sanit\u00e1ria ir\u00e3o interferir quando a uniformidade de germina\u00e7\u00e3o das culturas, para isso deve-se obter sementes com alta germina\u00e7\u00e3o e vigor.<\/p>\n<p>Os fertilizantes tamb\u00e9m merecem aten\u00e7\u00e3o, para isso deve-se obter <strong>fertilizantes com boa qualidade f\u00edsica que apresentem boa uniformidade de part\u00edculas a fim de evitar a segrega\u00e7\u00e3o das part\u00edculas<\/strong>. Apresentando menores paradas durante a semeadura no desentupimento dos mangotes.<\/p>\n<p>Quanto \u00e0s m\u00e1quinas, o tipo de disco de corte utilizado, seja ele liso ou corrugado a press\u00e3o da mola no disco de corte ir\u00e1 interferir diretamente na qualidade do corte da palhada.<\/p>\n<p>Quanto aos sulcadores existem dois tipos, a haste (fac\u00e3o) ou disco duplo. O disco duplo tem uma menor demanda de pot\u00eancia do trator e apresenta uma menor \u00e1rea mobilizada do sulco. No caso da haste pode promover uma leve escarifica\u00e7\u00e3o do solo e dep\u00f3sito em maior profundidade do fertilizante.<\/p>\n<p>Quanto ao mecanismo dosador de sementes no mercado existem as pneum\u00e1ticas e as mec\u00e2nicas:<\/p>\n<ul>\n<li>Nas <strong>semeadoras mec\u00e2nicas<\/strong> a escolha do disco e anel apropriado \u00e9 um dos fatores que interferem diretamente na qualidade da semeadura. Para sementes redondas deve-se optar por anel rebaixado, quanto ao disco deve-se optar pelo disco que entre apenas uma semente em cada furo;<\/li>\n<li>Nas <strong>pneum\u00e1ticas<\/strong> deve-se atentar a press\u00e3o do v\u00e1cuo em cada uma das linhas, falta de v\u00e1cuo pode causar falha e excesso de v\u00e1cuo pode causar dupla. Outro fator \u00e9 quanto a press\u00e3o do pneu da roda motriz, conferir a press\u00e3o garante uma melhor uniformidade de deposi\u00e7\u00e3o das sementes.<\/li>\n<\/ul>\n<p>A fim de evitar esses problemas, a manuten\u00e7\u00e3o das m\u00e1quinas como lubrifica\u00e7\u00e3o da m\u00e1quina, engraxamento dos pinos graxeiros, manuten\u00e7\u00e3o dos dosadores de fertilizantes, discos de corte desgastados, manuten\u00e7\u00e3o das molas, quantidade de grafite a ser colocada para manuten\u00e7\u00e3o da escoabilidade sendo ideal 5 gramas de grafite por quilo de semente.<\/p>\n<p>Para obter uma boa plantabilidade a manuten\u00e7\u00e3o da semeadora e confer\u00eancia do coeficiente de varia\u00e7\u00e3o da popula\u00e7\u00e3o obtida torna-se um dos fatores primordiais para garantia do potencial produtivo das culturas.<\/p>\n<p>Para realizar o acompanhamento da plantabilidade durante o processo de semeadura das culturas, pode ser feita uma planilha com um checklist, levantamento de plantas e fertilizantes.<\/p>\n<p style=\"text-align: center;\"><img loading=\"lazy\" decoding=\"async\" class=\"aligncenter wp-image-12061 size-full\" src=\"https:\/\/rehagro.com.br\/blog\/wp-content\/uploads\/2020\/11\/tabela-checklist.jpg\" alt=\"Checklist semeadura\" width=\"448\" height=\"491\" srcset=\"https:\/\/rehagro.com.br\/blog\/wp-content\/uploads\/2020\/11\/tabela-checklist.jpg 448w, https:\/\/rehagro.com.br\/blog\/wp-content\/uploads\/2020\/11\/tabela-checklist-274x300.jpg 274w, https:\/\/rehagro.com.br\/blog\/wp-content\/uploads\/2020\/11\/tabela-checklist-370x406.jpg 370w, https:\/\/rehagro.com.br\/blog\/wp-content\/uploads\/2020\/11\/tabela-checklist-270x296.jpg 270w\" sizes=\"auto, (max-width: 448px) 100vw, 448px\" \/><span style=\"font-weight: 400; font-size: 10pt;\">Check list antes de iniciar a semeadura<\/span><\/p>\n<p style=\"text-align: center;\"><img loading=\"lazy\" decoding=\"async\" class=\"aligncenter wp-image-12063\" src=\"https:\/\/rehagro.com.br\/blog\/wp-content\/uploads\/2020\/11\/tabela-levantamento-plantas.jpg\" alt=\"Levantamento de plantas\" width=\"600\" height=\"260\" srcset=\"https:\/\/rehagro.com.br\/blog\/wp-content\/uploads\/2020\/11\/tabela-levantamento-plantas.jpg 740w, https:\/\/rehagro.com.br\/blog\/wp-content\/uploads\/2020\/11\/tabela-levantamento-plantas-300x130.jpg 300w, https:\/\/rehagro.com.br\/blog\/wp-content\/uploads\/2020\/11\/tabela-levantamento-plantas-370x161.jpg 370w, https:\/\/rehagro.com.br\/blog\/wp-content\/uploads\/2020\/11\/tabela-levantamento-plantas-270x117.jpg 270w\" sizes=\"auto, (max-width: 600px) 100vw, 600px\" \/><span style=\"font-weight: 400; font-size: 10pt;\">Levantamento de plantas<\/span><\/p>\n<p style=\"text-align: center;\"><img loading=\"lazy\" decoding=\"async\" class=\"aligncenter wp-image-12062\" src=\"https:\/\/rehagro.com.br\/blog\/wp-content\/uploads\/2020\/11\/tabela-fertilizantes.jpg\" alt=\"Fertilizantes\" width=\"600\" height=\"183\" srcset=\"https:\/\/rehagro.com.br\/blog\/wp-content\/uploads\/2020\/11\/tabela-fertilizantes.jpg 768w, https:\/\/rehagro.com.br\/blog\/wp-content\/uploads\/2020\/11\/tabela-fertilizantes-300x91.jpg 300w, https:\/\/rehagro.com.br\/blog\/wp-content\/uploads\/2020\/11\/tabela-fertilizantes-370x113.jpg 370w, https:\/\/rehagro.com.br\/blog\/wp-content\/uploads\/2020\/11\/tabela-fertilizantes-270x82.jpg 270w, https:\/\/rehagro.com.br\/blog\/wp-content\/uploads\/2020\/11\/tabela-fertilizantes-740x225.jpg 740w\" sizes=\"auto, (max-width: 600px) 100vw, 600px\" \/><span style=\"font-weight: 400; font-size: 10pt;\">Fertilizantes<\/span><\/p>\n<p>&nbsp;<\/p>\n<p><img loading=\"lazy\" decoding=\"async\" class=\"aligncenter wp-image-16049 size-medium\" src=\"https:\/\/rehagro.com.br\/blog\/wp-content\/uploads\/2022\/11\/alessandro-alvarenga-300x96.jpg\" alt=\"Alessandro Alvarenga\" width=\"300\" height=\"96\" srcset=\"https:\/\/rehagro.com.br\/blog\/wp-content\/uploads\/2022\/11\/alessandro-alvarenga-300x96.jpg 300w, https:\/\/rehagro.com.br\/blog\/wp-content\/uploads\/2022\/11\/alessandro-alvarenga-768x246.jpg 768w, https:\/\/rehagro.com.br\/blog\/wp-content\/uploads\/2022\/11\/alessandro-alvarenga-370x118.jpg 370w, https:\/\/rehagro.com.br\/blog\/wp-content\/uploads\/2022\/11\/alessandro-alvarenga-270x86.jpg 270w, https:\/\/rehagro.com.br\/blog\/wp-content\/uploads\/2022\/11\/alessandro-alvarenga-740x237.jpg 740w, https:\/\/rehagro.com.br\/blog\/wp-content\/uploads\/2022\/11\/alessandro-alvarenga-150x48.jpg 150w, https:\/\/rehagro.com.br\/blog\/wp-content\/uploads\/2022\/11\/alessandro-alvarenga.jpg 975w\" sizes=\"auto, (max-width: 300px) 100vw, 300px\" \/><\/p>\n","protected":false},"excerpt":{"rendered":"<p>O potencial produtivo das culturas inicia no momento da semeadura, semeando errado a probabilidade de colher baixas produtividades aumentam muito. Ao considerar uma semeadora com espa\u00e7amento entre linhas de 50 cm temos 20.000 metros lineares, ao considerar uma semeadora de 10 carrinhos temos 2.000 metros lineares por carrinho por hectare, em uma propriedade com \u00e1rea [&hellip;]<\/p>\n","protected":false},"author":21,"featured_media":12064,"comment_status":"open","ping_status":"open","sticky":false,"template":"","format":"standard","meta":{"footnotes":""},"categories":[213],"tags":[488,249,463,297,284,356,591,250,525],"class_list":["post-8476","post","type-post","status-publish","format-standard","has-post-thumbnail","hentry","category-graos","tag-feijao","tag-graos","tag-lavoura","tag-milho","tag-plantacao","tag-plantas","tag-semeadura","tag-sementes","tag-trigo"],"yoast_head":"<!-- This site is optimized with the Yoast SEO plugin v27.5 - https:\/\/yoast.com\/product\/yoast-seo-wordpress\/ -->\n<title>Plantabilidade: conceito e como pode melhorar a sua produtividade<\/title>\n<meta name=\"description\" content=\"A plantabilidade \u00e9 definida como a distribui\u00e7\u00e3o uniforme de sementes ao longo do sulco de semeadura com a popula\u00e7\u00e3o e a profundidade correta.\" \/>\n<meta name=\"robots\" content=\"index, follow, max-snippet:-1, max-image-preview:large, max-video-preview:-1\" \/>\n<link rel=\"canonical\" href=\"https:\/\/rehagro.com.br\/blog\/plantabilidade-para-o-potencial-de-producao\/\" \/>\n<meta property=\"og:locale\" content=\"pt_BR\" \/>\n<meta property=\"og:type\" content=\"article\" \/>\n<meta property=\"og:title\" content=\"Plantabilidade: conceito e como pode melhorar a sua produtividade\" \/>\n<meta property=\"og:description\" content=\"A plantabilidade \u00e9 definida como a distribui\u00e7\u00e3o uniforme de sementes ao longo do sulco de semeadura com a popula\u00e7\u00e3o e a profundidade correta.\" \/>\n<meta property=\"og:url\" content=\"https:\/\/rehagro.com.br\/blog\/plantabilidade-para-o-potencial-de-producao\/\" \/>\n<meta property=\"og:site_name\" content=\"Rehagro Blog\" \/>\n<meta property=\"article:published_time\" content=\"2020-11-16T17:00:04+00:00\" \/>\n<meta property=\"article:modified_time\" content=\"2026-01-30T18:39:04+00:00\" \/>\n<meta property=\"og:image\" content=\"https:\/\/rehagro.com.br\/blog\/wp-content\/uploads\/2020\/11\/plantabilidade.jpg\" \/>\n\t<meta property=\"og:image:width\" content=\"1500\" \/>\n\t<meta property=\"og:image:height\" content=\"1000\" \/>\n\t<meta property=\"og:image:type\" content=\"image\/jpeg\" \/>\n<meta name=\"author\" content=\"Jo\u00e3o Pedro Azevedo\" \/>\n<meta name=\"twitter:card\" content=\"summary_large_image\" \/>\n<meta name=\"twitter:label1\" content=\"Escrito por\" \/>\n\t<meta name=\"twitter:data1\" content=\"Jo\u00e3o Pedro Azevedo\" \/>\n\t<meta name=\"twitter:label2\" content=\"Est. tempo de leitura\" \/>\n\t<meta name=\"twitter:data2\" content=\"7 minutos\" \/>\n<script type=\"application\/ld+json\" class=\"yoast-schema-graph\">{\"@context\":\"https:\\\/\\\/schema.org\",\"@graph\":[{\"@type\":\"Article\",\"@id\":\"https:\\\/\\\/rehagro.com.br\\\/blog\\\/plantabilidade-para-o-potencial-de-producao\\\/#article\",\"isPartOf\":{\"@id\":\"https:\\\/\\\/rehagro.com.br\\\/blog\\\/plantabilidade-para-o-potencial-de-producao\\\/\"},\"author\":{\"name\":\"Jo\u00e3o Pedro Azevedo\",\"@id\":\"https:\\\/\\\/rehagro.com.br\\\/blog\\\/#\\\/schema\\\/person\\\/f2d1ae51b04939615ceebb3c0bfd8a94\"},\"headline\":\"Plantabilidade: como ela funciona e melhora a produtividade?\",\"datePublished\":\"2020-11-16T17:00:04+00:00\",\"dateModified\":\"2026-01-30T18:39:04+00:00\",\"mainEntityOfPage\":{\"@id\":\"https:\\\/\\\/rehagro.com.br\\\/blog\\\/plantabilidade-para-o-potencial-de-producao\\\/\"},\"wordCount\":1040,\"commentCount\":0,\"publisher\":{\"@id\":\"https:\\\/\\\/rehagro.com.br\\\/blog\\\/#organization\"},\"image\":{\"@id\":\"https:\\\/\\\/rehagro.com.br\\\/blog\\\/plantabilidade-para-o-potencial-de-producao\\\/#primaryimage\"},\"thumbnailUrl\":\"https:\\\/\\\/rehagro.com.br\\\/blog\\\/wp-content\\\/uploads\\\/2020\\\/11\\\/plantabilidade.jpg\",\"keywords\":[\"feij\u00e3o\",\"gr\u00e3os\",\"lavoura\",\"milho\",\"planta\u00e7\u00e3o\",\"plantas\",\"semeadura\",\"sementes\",\"trigo\"],\"articleSection\":[\"GR\u00c3OS\"],\"inLanguage\":\"pt-BR\",\"potentialAction\":[{\"@type\":\"CommentAction\",\"name\":\"Comment\",\"target\":[\"https:\\\/\\\/rehagro.com.br\\\/blog\\\/plantabilidade-para-o-potencial-de-producao\\\/#respond\"]}]},{\"@type\":\"WebPage\",\"@id\":\"https:\\\/\\\/rehagro.com.br\\\/blog\\\/plantabilidade-para-o-potencial-de-producao\\\/\",\"url\":\"https:\\\/\\\/rehagro.com.br\\\/blog\\\/plantabilidade-para-o-potencial-de-producao\\\/\",\"name\":\"Plantabilidade: conceito e como pode melhorar a sua produtividade\",\"isPartOf\":{\"@id\":\"https:\\\/\\\/rehagro.com.br\\\/blog\\\/#website\"},\"primaryImageOfPage\":{\"@id\":\"https:\\\/\\\/rehagro.com.br\\\/blog\\\/plantabilidade-para-o-potencial-de-producao\\\/#primaryimage\"},\"image\":{\"@id\":\"https:\\\/\\\/rehagro.com.br\\\/blog\\\/plantabilidade-para-o-potencial-de-producao\\\/#primaryimage\"},\"thumbnailUrl\":\"https:\\\/\\\/rehagro.com.br\\\/blog\\\/wp-content\\\/uploads\\\/2020\\\/11\\\/plantabilidade.jpg\",\"datePublished\":\"2020-11-16T17:00:04+00:00\",\"dateModified\":\"2026-01-30T18:39:04+00:00\",\"description\":\"A plantabilidade \u00e9 definida como a distribui\u00e7\u00e3o uniforme de sementes ao longo do sulco de semeadura com a popula\u00e7\u00e3o e a profundidade correta.\",\"breadcrumb\":{\"@id\":\"https:\\\/\\\/rehagro.com.br\\\/blog\\\/plantabilidade-para-o-potencial-de-producao\\\/#breadcrumb\"},\"inLanguage\":\"pt-BR\",\"potentialAction\":[{\"@type\":\"ReadAction\",\"target\":[\"https:\\\/\\\/rehagro.com.br\\\/blog\\\/plantabilidade-para-o-potencial-de-producao\\\/\"]}]},{\"@type\":\"ImageObject\",\"inLanguage\":\"pt-BR\",\"@id\":\"https:\\\/\\\/rehagro.com.br\\\/blog\\\/plantabilidade-para-o-potencial-de-producao\\\/#primaryimage\",\"url\":\"https:\\\/\\\/rehagro.com.br\\\/blog\\\/wp-content\\\/uploads\\\/2020\\\/11\\\/plantabilidade.jpg\",\"contentUrl\":\"https:\\\/\\\/rehagro.com.br\\\/blog\\\/wp-content\\\/uploads\\\/2020\\\/11\\\/plantabilidade.jpg\",\"width\":1500,\"height\":1000,\"caption\":\"Como melhorar a plantabilidade\"},{\"@type\":\"BreadcrumbList\",\"@id\":\"https:\\\/\\\/rehagro.com.br\\\/blog\\\/plantabilidade-para-o-potencial-de-producao\\\/#breadcrumb\",\"itemListElement\":[{\"@type\":\"ListItem\",\"position\":1,\"name\":\"In\u00edcio\",\"item\":\"https:\\\/\\\/rehagro.com.br\\\/blog\\\/\"},{\"@type\":\"ListItem\",\"position\":2,\"name\":\"Plantabilidade: como ela funciona e melhora a produtividade?\"}]},{\"@type\":\"WebSite\",\"@id\":\"https:\\\/\\\/rehagro.com.br\\\/blog\\\/#website\",\"url\":\"https:\\\/\\\/rehagro.com.br\\\/blog\\\/\",\"name\":\"Rehagro Blog\",\"description\":\"\",\"publisher\":{\"@id\":\"https:\\\/\\\/rehagro.com.br\\\/blog\\\/#organization\"},\"potentialAction\":[{\"@type\":\"SearchAction\",\"target\":{\"@type\":\"EntryPoint\",\"urlTemplate\":\"https:\\\/\\\/rehagro.com.br\\\/blog\\\/?s={search_term_string}\"},\"query-input\":{\"@type\":\"PropertyValueSpecification\",\"valueRequired\":true,\"valueName\":\"search_term_string\"}}],\"inLanguage\":\"pt-BR\"},{\"@type\":\"Organization\",\"@id\":\"https:\\\/\\\/rehagro.com.br\\\/blog\\\/#organization\",\"name\":\"Rehagro\",\"url\":\"https:\\\/\\\/rehagro.com.br\\\/blog\\\/\",\"logo\":{\"@type\":\"ImageObject\",\"inLanguage\":\"pt-BR\",\"@id\":\"https:\\\/\\\/rehagro.com.br\\\/blog\\\/#\\\/schema\\\/logo\\\/image\\\/\",\"url\":\"https:\\\/\\\/rehagro.com.br\\\/blog\\\/wp-content\\\/uploads\\\/2018\\\/05\\\/logo-rehagro.png\",\"contentUrl\":\"https:\\\/\\\/rehagro.com.br\\\/blog\\\/wp-content\\\/uploads\\\/2018\\\/05\\\/logo-rehagro.png\",\"width\":400,\"height\":115,\"caption\":\"Rehagro\"},\"image\":{\"@id\":\"https:\\\/\\\/rehagro.com.br\\\/blog\\\/#\\\/schema\\\/logo\\\/image\\\/\"}},{\"@type\":\"Person\",\"@id\":\"https:\\\/\\\/rehagro.com.br\\\/blog\\\/#\\\/schema\\\/person\\\/f2d1ae51b04939615ceebb3c0bfd8a94\",\"name\":\"Jo\u00e3o Pedro Azevedo\",\"image\":{\"@type\":\"ImageObject\",\"inLanguage\":\"pt-BR\",\"@id\":\"https:\\\/\\\/secure.gravatar.com\\\/avatar\\\/34aacffb2f10625483f480470f3274778dd1c183ba4f66444bb60ae92149bf8a?s=96&d=mm&r=g\",\"url\":\"https:\\\/\\\/secure.gravatar.com\\\/avatar\\\/34aacffb2f10625483f480470f3274778dd1c183ba4f66444bb60ae92149bf8a?s=96&d=mm&r=g\",\"contentUrl\":\"https:\\\/\\\/secure.gravatar.com\\\/avatar\\\/34aacffb2f10625483f480470f3274778dd1c183ba4f66444bb60ae92149bf8a?s=96&d=mm&r=g\",\"caption\":\"Jo\u00e3o Pedro Azevedo\"},\"url\":\"https:\\\/\\\/rehagro.com.br\\\/blog\\\/author\\\/joao-pedro\\\/\"}]}<\/script>\n<!-- \/ Yoast SEO plugin. -->","yoast_head_json":{"title":"Plantabilidade: conceito e como pode melhorar a sua produtividade","description":"A plantabilidade \u00e9 definida como a distribui\u00e7\u00e3o uniforme de sementes ao longo do sulco de semeadura com a popula\u00e7\u00e3o e a profundidade correta.","robots":{"index":"index","follow":"follow","max-snippet":"max-snippet:-1","max-image-preview":"max-image-preview:large","max-video-preview":"max-video-preview:-1"},"canonical":"https:\/\/rehagro.com.br\/blog\/plantabilidade-para-o-potencial-de-producao\/","og_locale":"pt_BR","og_type":"article","og_title":"Plantabilidade: conceito e como pode melhorar a sua produtividade","og_description":"A plantabilidade \u00e9 definida como a distribui\u00e7\u00e3o uniforme de sementes ao longo do sulco de semeadura com a popula\u00e7\u00e3o e a profundidade correta.","og_url":"https:\/\/rehagro.com.br\/blog\/plantabilidade-para-o-potencial-de-producao\/","og_site_name":"Rehagro Blog","article_published_time":"2020-11-16T17:00:04+00:00","article_modified_time":"2026-01-30T18:39:04+00:00","og_image":[{"width":1500,"height":1000,"url":"https:\/\/rehagro.com.br\/blog\/wp-content\/uploads\/2020\/11\/plantabilidade.jpg","type":"image\/jpeg"}],"author":"Jo\u00e3o Pedro Azevedo","twitter_card":"summary_large_image","twitter_misc":{"Escrito por":"Jo\u00e3o Pedro Azevedo","Est. tempo de leitura":"7 minutos"},"schema":{"@context":"https:\/\/schema.org","@graph":[{"@type":"Article","@id":"https:\/\/rehagro.com.br\/blog\/plantabilidade-para-o-potencial-de-producao\/#article","isPartOf":{"@id":"https:\/\/rehagro.com.br\/blog\/plantabilidade-para-o-potencial-de-producao\/"},"author":{"name":"Jo\u00e3o Pedro Azevedo","@id":"https:\/\/rehagro.com.br\/blog\/#\/schema\/person\/f2d1ae51b04939615ceebb3c0bfd8a94"},"headline":"Plantabilidade: como ela funciona e melhora a produtividade?","datePublished":"2020-11-16T17:00:04+00:00","dateModified":"2026-01-30T18:39:04+00:00","mainEntityOfPage":{"@id":"https:\/\/rehagro.com.br\/blog\/plantabilidade-para-o-potencial-de-producao\/"},"wordCount":1040,"commentCount":0,"publisher":{"@id":"https:\/\/rehagro.com.br\/blog\/#organization"},"image":{"@id":"https:\/\/rehagro.com.br\/blog\/plantabilidade-para-o-potencial-de-producao\/#primaryimage"},"thumbnailUrl":"https:\/\/rehagro.com.br\/blog\/wp-content\/uploads\/2020\/11\/plantabilidade.jpg","keywords":["feij\u00e3o","gr\u00e3os","lavoura","milho","planta\u00e7\u00e3o","plantas","semeadura","sementes","trigo"],"articleSection":["GR\u00c3OS"],"inLanguage":"pt-BR","potentialAction":[{"@type":"CommentAction","name":"Comment","target":["https:\/\/rehagro.com.br\/blog\/plantabilidade-para-o-potencial-de-producao\/#respond"]}]},{"@type":"WebPage","@id":"https:\/\/rehagro.com.br\/blog\/plantabilidade-para-o-potencial-de-producao\/","url":"https:\/\/rehagro.com.br\/blog\/plantabilidade-para-o-potencial-de-producao\/","name":"Plantabilidade: conceito e como pode melhorar a sua produtividade","isPartOf":{"@id":"https:\/\/rehagro.com.br\/blog\/#website"},"primaryImageOfPage":{"@id":"https:\/\/rehagro.com.br\/blog\/plantabilidade-para-o-potencial-de-producao\/#primaryimage"},"image":{"@id":"https:\/\/rehagro.com.br\/blog\/plantabilidade-para-o-potencial-de-producao\/#primaryimage"},"thumbnailUrl":"https:\/\/rehagro.com.br\/blog\/wp-content\/uploads\/2020\/11\/plantabilidade.jpg","datePublished":"2020-11-16T17:00:04+00:00","dateModified":"2026-01-30T18:39:04+00:00","description":"A plantabilidade \u00e9 definida como a distribui\u00e7\u00e3o uniforme de sementes ao longo do sulco de semeadura com a popula\u00e7\u00e3o e a profundidade correta.","breadcrumb":{"@id":"https:\/\/rehagro.com.br\/blog\/plantabilidade-para-o-potencial-de-producao\/#breadcrumb"},"inLanguage":"pt-BR","potentialAction":[{"@type":"ReadAction","target":["https:\/\/rehagro.com.br\/blog\/plantabilidade-para-o-potencial-de-producao\/"]}]},{"@type":"ImageObject","inLanguage":"pt-BR","@id":"https:\/\/rehagro.com.br\/blog\/plantabilidade-para-o-potencial-de-producao\/#primaryimage","url":"https:\/\/rehagro.com.br\/blog\/wp-content\/uploads\/2020\/11\/plantabilidade.jpg","contentUrl":"https:\/\/rehagro.com.br\/blog\/wp-content\/uploads\/2020\/11\/plantabilidade.jpg","width":1500,"height":1000,"caption":"Como melhorar a plantabilidade"},{"@type":"BreadcrumbList","@id":"https:\/\/rehagro.com.br\/blog\/plantabilidade-para-o-potencial-de-producao\/#breadcrumb","itemListElement":[{"@type":"ListItem","position":1,"name":"In\u00edcio","item":"https:\/\/rehagro.com.br\/blog\/"},{"@type":"ListItem","position":2,"name":"Plantabilidade: como ela funciona e melhora a produtividade?"}]},{"@type":"WebSite","@id":"https:\/\/rehagro.com.br\/blog\/#website","url":"https:\/\/rehagro.com.br\/blog\/","name":"Rehagro Blog","description":"","publisher":{"@id":"https:\/\/rehagro.com.br\/blog\/#organization"},"potentialAction":[{"@type":"SearchAction","target":{"@type":"EntryPoint","urlTemplate":"https:\/\/rehagro.com.br\/blog\/?s={search_term_string}"},"query-input":{"@type":"PropertyValueSpecification","valueRequired":true,"valueName":"search_term_string"}}],"inLanguage":"pt-BR"},{"@type":"Organization","@id":"https:\/\/rehagro.com.br\/blog\/#organization","name":"Rehagro","url":"https:\/\/rehagro.com.br\/blog\/","logo":{"@type":"ImageObject","inLanguage":"pt-BR","@id":"https:\/\/rehagro.com.br\/blog\/#\/schema\/logo\/image\/","url":"https:\/\/rehagro.com.br\/blog\/wp-content\/uploads\/2018\/05\/logo-rehagro.png","contentUrl":"https:\/\/rehagro.com.br\/blog\/wp-content\/uploads\/2018\/05\/logo-rehagro.png","width":400,"height":115,"caption":"Rehagro"},"image":{"@id":"https:\/\/rehagro.com.br\/blog\/#\/schema\/logo\/image\/"}},{"@type":"Person","@id":"https:\/\/rehagro.com.br\/blog\/#\/schema\/person\/f2d1ae51b04939615ceebb3c0bfd8a94","name":"Jo\u00e3o Pedro Azevedo","image":{"@type":"ImageObject","inLanguage":"pt-BR","@id":"https:\/\/secure.gravatar.com\/avatar\/34aacffb2f10625483f480470f3274778dd1c183ba4f66444bb60ae92149bf8a?s=96&d=mm&r=g","url":"https:\/\/secure.gravatar.com\/avatar\/34aacffb2f10625483f480470f3274778dd1c183ba4f66444bb60ae92149bf8a?s=96&d=mm&r=g","contentUrl":"https:\/\/secure.gravatar.com\/avatar\/34aacffb2f10625483f480470f3274778dd1c183ba4f66444bb60ae92149bf8a?s=96&d=mm&r=g","caption":"Jo\u00e3o Pedro Azevedo"},"url":"https:\/\/rehagro.com.br\/blog\/author\/joao-pedro\/"}]}},"_links":{"self":[{"href":"https:\/\/rehagro.com.br\/blog\/wp-json\/wp\/v2\/posts\/8476","targetHints":{"allow":["GET"]}}],"collection":[{"href":"https:\/\/rehagro.com.br\/blog\/wp-json\/wp\/v2\/posts"}],"about":[{"href":"https:\/\/rehagro.com.br\/blog\/wp-json\/wp\/v2\/types\/post"}],"author":[{"embeddable":true,"href":"https:\/\/rehagro.com.br\/blog\/wp-json\/wp\/v2\/users\/21"}],"replies":[{"embeddable":true,"href":"https:\/\/rehagro.com.br\/blog\/wp-json\/wp\/v2\/comments?post=8476"}],"version-history":[{"count":45,"href":"https:\/\/rehagro.com.br\/blog\/wp-json\/wp\/v2\/posts\/8476\/revisions"}],"predecessor-version":[{"id":41291,"href":"https:\/\/rehagro.com.br\/blog\/wp-json\/wp\/v2\/posts\/8476\/revisions\/41291"}],"wp:featuredmedia":[{"embeddable":true,"href":"https:\/\/rehagro.com.br\/blog\/wp-json\/wp\/v2\/media\/12064"}],"wp:attachment":[{"href":"https:\/\/rehagro.com.br\/blog\/wp-json\/wp\/v2\/media?parent=8476"}],"wp:term":[{"taxonomy":"category","embeddable":true,"href":"https:\/\/rehagro.com.br\/blog\/wp-json\/wp\/v2\/categories?post=8476"},{"taxonomy":"post_tag","embeddable":true,"href":"https:\/\/rehagro.com.br\/blog\/wp-json\/wp\/v2\/tags?post=8476"}],"curies":[{"name":"wp","href":"https:\/\/api.w.org\/{rel}","templated":true}]}}