{"id":7793,"date":"2020-06-21T13:00:16","date_gmt":"2020-06-21T16:00:16","guid":{"rendered":"https:\/\/rehagro.com.br\/blog\/?p=7793"},"modified":"2026-04-07T20:43:50","modified_gmt":"2026-04-07T23:43:50","slug":"defeitos-dos-graos-de-cafe-e-suas-causas","status":"publish","type":"post","link":"https:\/\/rehagro.com.br\/blog\/defeitos-dos-graos-de-cafe-e-suas-causas\/","title":{"rendered":"Os defeitos dos gr\u00e3os de caf\u00e9 e as suas principais causas"},"content":{"rendered":"<p>Os defeitos nos gr\u00e3os de caf\u00e9 levam a uma redu\u00e7\u00e3o da qualidade, interferindo no tipo do caf\u00e9, desvalorizando o valor da saca e diminuindo a lucratividade do produtor.<\/p>\n<p>Diversos fatores podem causar esses defeitos, como:<\/p>\n<ul>\n<li>Problemas na produ\u00e7\u00e3o;<\/li>\n<li>Processamento;<\/li>\n<li>Armazenamento;<\/li>\n<li>A\u00e7\u00e3o de microrganismos;<\/li>\n<li>A\u00e7\u00e3o de <strong><a href=\"https:\/\/rehagro.com.br\/blog\/pragas-do-cafe-arabica\/\" target=\"_blank\" rel=\"noopener\">pragas<\/a><\/strong>;<\/li>\n<li>Altera\u00e7\u00f5es fisiol\u00f3gicas;<\/li>\n<li>Altera\u00e7\u00f5es gen\u00e9ticas.<\/li>\n<\/ul>\n<p>Todos esses s\u00e3o fatores que interferem diretamente no tipo do caf\u00e9, e consequentemente, na sua precifica\u00e7\u00e3o.<\/p>\n<p>A identifica\u00e7\u00e3o e conhecimento da origem dos defeitos nos possibilita aprimorar o nosso manejo de lavoura ou o manejo na <strong><a href=\"https:\/\/rehagro.com.br\/blog\/dicas-para-uma-pos-colheita-do-cafe-de-qualidade\/\" target=\"_blank\" rel=\"noopener\">p\u00f3s-colheita do caf\u00e9<\/a><\/strong>, visando evitar a ocorr\u00eancia desses defeitos, que depreciam o caf\u00e9.<\/p>\n<p>Nesse texto abordaremos os principais defeitos encontrados em um lote de caf\u00e9 beneficiado bica corrida, para isso devemos entender primeiro como \u00e9 feita a classifica\u00e7\u00e3o desse lote.<\/p>\n<div style=\"background-color: #efefef; padding-left: 10px; padding-right: 5px; border-radius: 10px;\">\n<p>&nbsp;<\/p>\n<p style=\"text-align: center;\"><strong><span style=\"font-size: 14pt;\">Sem tempo para ler agora? Baixe este artigo em PDF!<\/span><\/strong><\/p>\n<p><script charset=\"utf-8\" type=\"text\/javascript\" src=\"\/\/js.hsforms.net\/forms\/embed\/v2.js\"><\/script><br \/>\n<script>\nhbspt.forms.create({\nregion: \"na1\",\nportalId: \"5430441\",\nformId: \"7dcaf60d-0e23-40ed-8b40-9b8cb07b4128\"\n});\n<\/script><\/p>\n<\/div>\n<h2>Classifica\u00e7\u00e3o f\u00edsica do caf\u00e9<\/h2>\n<p><strong>Na classifica\u00e7\u00e3o f\u00edsica do lote \u00e9 recomendado pela INSTRU\u00c7\u00c3O NORMATIVA N\u00ba 8, DE 11 DE JUNHO DE 2003 uma amostra de trabalho de 300 g homog\u00eanea.<\/strong><\/p>\n<p>Deve-se separar os defeitos dessa amostra. Com os defeitos separados, a categoriza\u00e7\u00e3o do lote pode ser dado em cata\u00e7\u00e3o, que \u00e9 a pesagem de todos os defeitos e convertido em porcentagem (exemplo: uma amostra de 300 g foi pesado 30 g de defeitos, logo a amostra possui 10% de cata\u00e7\u00e3o), esta classifica\u00e7\u00e3o para o produtor n\u00e3o \u00e9 satisfat\u00f3ria para a corre\u00e7\u00e3o de seu manejo, pois falta a descri\u00e7\u00e3o de que tipos de defeitos apresenta em seu caf\u00e9.<\/p>\n<p>Outra classifica\u00e7\u00e3o \u00e9 por meio da equival\u00eancia de defeitos, em que se separa todos os defeitos encontrados e os quantifica, e cada defeito apresenta uma equival\u00eancia como apresentado na tabela a seguir. Esta classifica\u00e7\u00e3o pode ser usada para observar qual o defeito mais prejudica o lote de caf\u00e9 e assim buscar alternativas para solu\u00e7\u00e3o do problema.<\/p>\n<p><img loading=\"lazy\" decoding=\"async\" class=\"aligncenter wp-image-41795 size-full\" src=\"https:\/\/rehagro.com.br\/blog\/wp-content\/uploads\/2020\/07\/tabela-defeitos-cafe.png\" alt=\"Tabela de defeitos intr\u00ednsecos do caf\u00e9\" width=\"676\" height=\"341\" srcset=\"https:\/\/rehagro.com.br\/blog\/wp-content\/uploads\/2020\/07\/tabela-defeitos-cafe.png 676w, https:\/\/rehagro.com.br\/blog\/wp-content\/uploads\/2020\/07\/tabela-defeitos-cafe-300x151.png 300w, https:\/\/rehagro.com.br\/blog\/wp-content\/uploads\/2020\/07\/tabela-defeitos-cafe-370x187.png 370w, https:\/\/rehagro.com.br\/blog\/wp-content\/uploads\/2020\/07\/tabela-defeitos-cafe-270x136.png 270w, https:\/\/rehagro.com.br\/blog\/wp-content\/uploads\/2020\/07\/tabela-defeitos-cafe-150x76.png 150w\" sizes=\"auto, (max-width: 676px) 100vw, 676px\" \/><\/p>\n<p style=\"text-align: center;\"><span style=\"font-weight: 400; font-size: 10pt;\">Classifica\u00e7\u00e3o do Caf\u00e9 Beneficiado Gr\u00e3o Cru quanto \u00e0 equival\u00eancia de defeitos (intr\u00ednsecos)<\/span><\/p>\n<p>Sobre os defeitos e sua origem nos lotes de caf\u00e9s, podemos dividir em dois grupos, os <strong>defeitos intr\u00ednsecos<\/strong>, que s\u00e3o defeitos que ocorrem nos gr\u00e3os de caf\u00e9, e <strong>defeitos extr\u00ednsecos<\/strong>, que n\u00e3o ocorrem nos gr\u00e3os de caf\u00e9 e podem ser encontrados na amostra.<\/p>\n<p><a href=\"https:\/\/conteudo.rehagro.com.br\/guia-monitoramento-da-qualidade-do-cafe?utm_campaign=material-cafe&amp;utm_source=guia-qualidade-final&amp;utm_medium=blog\" target=\"_blank\" rel=\"noopener\"><img loading=\"lazy\" decoding=\"async\" class=\"aligncenter wp-image-39678 size-full\" title=\"Clique e baixe o material gratuitamente!\" src=\"https:\/\/rehagro.com.br\/blog\/wp-content\/uploads\/2025\/09\/banner-guia-monitoramento-qualidade-cafe.png\" alt=\"Guia Monitoramento da qualidade do caf\u00e9\" width=\"980\" height=\"317\" srcset=\"https:\/\/rehagro.com.br\/blog\/wp-content\/uploads\/2025\/09\/banner-guia-monitoramento-qualidade-cafe.png 980w, https:\/\/rehagro.com.br\/blog\/wp-content\/uploads\/2025\/09\/banner-guia-monitoramento-qualidade-cafe-300x97.png 300w, https:\/\/rehagro.com.br\/blog\/wp-content\/uploads\/2025\/09\/banner-guia-monitoramento-qualidade-cafe-768x248.png 768w, https:\/\/rehagro.com.br\/blog\/wp-content\/uploads\/2025\/09\/banner-guia-monitoramento-qualidade-cafe-370x120.png 370w, https:\/\/rehagro.com.br\/blog\/wp-content\/uploads\/2025\/09\/banner-guia-monitoramento-qualidade-cafe-270x87.png 270w, https:\/\/rehagro.com.br\/blog\/wp-content\/uploads\/2025\/09\/banner-guia-monitoramento-qualidade-cafe-740x239.png 740w, https:\/\/rehagro.com.br\/blog\/wp-content\/uploads\/2025\/09\/banner-guia-monitoramento-qualidade-cafe-150x49.png 150w\" sizes=\"auto, (max-width: 980px) 100vw, 980px\" \/><\/a><\/p>\n<h2>Defeitos intr\u00ednsecos nos gr\u00e3os de caf\u00e9<\/h2>\n<h3>Gr\u00e3o verde ou imaturo<\/h3>\n<p>Gr\u00e3os que n\u00e3o completaram o amadurecimento e apresentam a pel\u00edcula prateada ainda aderida, com colora\u00e7\u00e3o verde em tons diversos.<\/p>\n<p><img loading=\"lazy\" decoding=\"async\" class=\"aligncenter wp-image-22320 size-full\" src=\"https:\/\/rehagro.com.br\/blog\/wp-content\/uploads\/2020\/06\/defeitos-graos-2.jpg\" alt=\"Gr\u00e3os de caf\u00e9 verde\" width=\"370\" height=\"156\" srcset=\"https:\/\/rehagro.com.br\/blog\/wp-content\/uploads\/2020\/06\/defeitos-graos-2.jpg 370w, https:\/\/rehagro.com.br\/blog\/wp-content\/uploads\/2020\/06\/defeitos-graos-2-300x126.jpg 300w, https:\/\/rehagro.com.br\/blog\/wp-content\/uploads\/2020\/06\/defeitos-graos-2-270x114.jpg 270w, https:\/\/rehagro.com.br\/blog\/wp-content\/uploads\/2020\/06\/defeitos-graos-2-150x63.jpg 150w\" sizes=\"auto, (max-width: 370px) 100vw, 370px\" \/><\/p>\n<p style=\"text-align: center;\"><span style=\"font-weight: 400; font-size: 10pt;\">Gr\u00e3o verde.<\/span><\/p>\n<p>A causa dos <strong><a href=\"https:\/\/rehagro.com.br\/blog\/cafes-verdes\/\" target=\"_blank\" rel=\"noopener\">gr\u00e3os verdes<\/a><\/strong> \u00e9 colheita prematura do fruto e no processo de secagem podemos apresentar mais um <strong>tipo de defeito que \u00e9 causado pela secagem intensa e com alta temperatura<\/strong>, que \u00e9 o gr\u00e3o Preto Verde, que diferente do defeito gr\u00e3o preto se apresenta brilhante por ainda ter a pel\u00edcula prateada aderida, e deve ser considerado como defeito ardido.<\/p>\n<p><img loading=\"lazy\" decoding=\"async\" class=\"aligncenter wp-image-22321 size-full\" src=\"https:\/\/rehagro.com.br\/blog\/wp-content\/uploads\/2020\/06\/defeitos-graos-3.jpg\" alt=\"Gr\u00e3os de caf\u00e9 preto verde\" width=\"270\" height=\"236\" srcset=\"https:\/\/rehagro.com.br\/blog\/wp-content\/uploads\/2020\/06\/defeitos-graos-3.jpg 270w, https:\/\/rehagro.com.br\/blog\/wp-content\/uploads\/2020\/06\/defeitos-graos-3-150x131.jpg 150w\" sizes=\"auto, (max-width: 270px) 100vw, 270px\" \/><\/p>\n<p style=\"text-align: center;\"><span style=\"font-weight: 400; font-size: 10pt;\">Gr\u00e3o preto verde.<\/span><\/p>\n<h3>Gr\u00e3o ardido<\/h3>\n<p>Gr\u00e3os que por meio de alguma <strong><a href=\"https:\/\/rehagro.com.br\/blog\/fermentacao-de-cafes\/\" target=\"_blank\" rel=\"noopener\">fermenta\u00e7\u00e3o<\/a><\/strong> apresenta a colora\u00e7\u00e3o marrom, em diversos tons.<\/p>\n<p><img loading=\"lazy\" decoding=\"async\" class=\"aligncenter wp-image-22322 size-full\" src=\"https:\/\/rehagro.com.br\/blog\/wp-content\/uploads\/2020\/06\/defeitos-graos-4.jpg\" alt=\"Gr\u00e3os de caf\u00e9 ardido.\" width=\"300\" height=\"136\" srcset=\"https:\/\/rehagro.com.br\/blog\/wp-content\/uploads\/2020\/06\/defeitos-graos-4.jpg 300w, https:\/\/rehagro.com.br\/blog\/wp-content\/uploads\/2020\/06\/defeitos-graos-4-270x122.jpg 270w, https:\/\/rehagro.com.br\/blog\/wp-content\/uploads\/2020\/06\/defeitos-graos-4-150x68.jpg 150w\" sizes=\"auto, (max-width: 300px) 100vw, 300px\" \/><\/p>\n<p style=\"text-align: center;\"><span style=\"font-weight: 400; font-size: 10pt;\">Gr\u00e3o ardido.<\/span><\/p>\n<p><strong>O gr\u00e3o ardido est\u00e1 como o segundo pior defeito a ser encontrado em um lote<\/strong>, ele pode ser resultado de fermenta\u00e7\u00f5es de microrganismos que pode ocorrer na lavoura ou na falta de revolvimento na secagem, terreiros com fendas ou buracos onde podem ficar alguns gr\u00e3os \u00e9 comum encontrar gr\u00e3os como esse.<\/p>\n<p><a href=\"https:\/\/rehagro.com.br\/cursos\/capacitacao-em-gestao-na-producao-de-cafe?utm_campaign=mkt-materiais-gc&amp;utm_source=textos&amp;utm_medium=blog\" target=\"_blank\" rel=\"noopener\"><img loading=\"lazy\" decoding=\"async\" class=\"aligncenter wp-image-28254 size-full\" title=\"Clique e saiba mais sobre o curso!\" src=\"https:\/\/rehagro.com.br\/blog\/wp-content\/uploads\/2020\/07\/botao-gc-arabica-1.jpg\" alt=\"Curso Gest\u00e3o na Produ\u00e7\u00e3o de Caf\u00e9 Ar\u00e1bica\" width=\"900\" height=\"250\" srcset=\"https:\/\/rehagro.com.br\/blog\/wp-content\/uploads\/2020\/07\/botao-gc-arabica-1.jpg 900w, https:\/\/rehagro.com.br\/blog\/wp-content\/uploads\/2020\/07\/botao-gc-arabica-1-300x83.jpg 300w, https:\/\/rehagro.com.br\/blog\/wp-content\/uploads\/2020\/07\/botao-gc-arabica-1-768x213.jpg 768w, https:\/\/rehagro.com.br\/blog\/wp-content\/uploads\/2020\/07\/botao-gc-arabica-1-370x103.jpg 370w, https:\/\/rehagro.com.br\/blog\/wp-content\/uploads\/2020\/07\/botao-gc-arabica-1-270x75.jpg 270w, https:\/\/rehagro.com.br\/blog\/wp-content\/uploads\/2020\/07\/botao-gc-arabica-1-740x206.jpg 740w, https:\/\/rehagro.com.br\/blog\/wp-content\/uploads\/2020\/07\/botao-gc-arabica-1-150x42.jpg 150w\" sizes=\"auto, (max-width: 900px) 100vw, 900px\" \/><\/a><\/p>\n<h3>Gr\u00e3o preto<\/h3>\n<p>Gr\u00e3o com colora\u00e7\u00e3o preta opaca, <strong>categorizado como o pior defeito a ser encontrado no lote de caf\u00e9<\/strong>.<\/p>\n<p><img loading=\"lazy\" decoding=\"async\" class=\"aligncenter wp-image-22323 size-full\" src=\"https:\/\/rehagro.com.br\/blog\/wp-content\/uploads\/2020\/06\/defeitos-graos-5.jpg\" alt=\"Gr\u00e3o preto de caf\u00e9\" width=\"266\" height=\"238\" srcset=\"https:\/\/rehagro.com.br\/blog\/wp-content\/uploads\/2020\/06\/defeitos-graos-5.jpg 266w, https:\/\/rehagro.com.br\/blog\/wp-content\/uploads\/2020\/06\/defeitos-graos-5-150x134.jpg 150w\" sizes=\"auto, (max-width: 266px) 100vw, 266px\" \/><\/p>\n<p style=\"text-align: center;\"><span style=\"font-weight: 400; font-size: 10pt;\">Gr\u00e3o preto.<\/span><\/p>\n<p>Se origina da perman\u00eancia do fruto na planta por muito tempo, ou gr\u00e3os que estavam em contato com o solo afetando seu aspecto, s\u00e3o gr\u00e3os em apodrecimento.<\/p>\n<h3>Gr\u00e3o brocado<\/h3>\n<p>Gr\u00e3o danificado pela <strong><a href=\"https:\/\/rehagro.com.br\/blog\/broca-do-cafe\/\" target=\"_blank\" rel=\"noopener\">broca-do-caf\u00e9<\/a><\/strong> ainda na lavoura, podendo ser dividido em brocado limpo, brocado rendado e brocado sujo.<\/p>\n<p><img loading=\"lazy\" decoding=\"async\" class=\"aligncenter wp-image-22324 size-full\" src=\"https:\/\/rehagro.com.br\/blog\/wp-content\/uploads\/2020\/06\/defeitos-graos-6.jpg\" alt=\"Gr\u00e3os de caf\u00e9 brocado limpo, rendado e sujo.\" width=\"503\" height=\"145\" srcset=\"https:\/\/rehagro.com.br\/blog\/wp-content\/uploads\/2020\/06\/defeitos-graos-6.jpg 503w, https:\/\/rehagro.com.br\/blog\/wp-content\/uploads\/2020\/06\/defeitos-graos-6-300x86.jpg 300w, https:\/\/rehagro.com.br\/blog\/wp-content\/uploads\/2020\/06\/defeitos-graos-6-370x107.jpg 370w, https:\/\/rehagro.com.br\/blog\/wp-content\/uploads\/2020\/06\/defeitos-graos-6-270x78.jpg 270w, https:\/\/rehagro.com.br\/blog\/wp-content\/uploads\/2020\/06\/defeitos-graos-6-150x43.jpg 150w\" sizes=\"auto, (max-width: 503px) 100vw, 503px\" \/><\/p>\n<p style=\"text-align: center;\"><span style=\"font-weight: 400; font-size: 10pt;\">Gr\u00e3o brocado.<\/span><\/p>\n<p>A diferen\u00e7a entre esses tr\u00eas tipos de brocado \u00e9 que o brocado limpo \u00e9 aquele que apresenta at\u00e9 tr\u00eas furos sem partes pretas no gr\u00e3o, o brocado rendado apresenta tr\u00eas ou mais furos sem partes pretas no gr\u00e3o, e o brocado sujo \u00e9 aquele gr\u00e3o que apresenta parte pretas ou azuladas junto aos furos da broca-do-caf\u00e9.<\/p>\n<p>A equival\u00eancia do gr\u00e3o brocado varia de 2 a 5, de acordo com a classifica\u00e7\u00e3o entre os 3 tipos.<\/p>\n<h3>Gr\u00e3o cabe\u00e7a e mal formados<\/h3>\n<p>O gr\u00e3o mal formado \u00e9 um gr\u00e3o com forma\u00e7\u00e3o incompleta apresentando-se com pouca massa e, \u00e0s vezes, com a superf\u00edcie enrugada.<\/p>\n<p>J\u00e1 o gr\u00e3o cabe\u00e7a \u00e9 composto por dois gr\u00e3os imbricados, oriundos da fecunda\u00e7\u00e3o de dois \u00f3vulos em uma \u00fanica loja do ov\u00e1rio, neste caso, ele n\u00e3o ser\u00e1 considerado defeito, a menos que se separe, dando origem \u00e0 concha e ao miolo de concha.<\/p>\n<p><img loading=\"lazy\" decoding=\"async\" class=\"aligncenter wp-image-22325 size-full\" src=\"https:\/\/rehagro.com.br\/blog\/wp-content\/uploads\/2020\/06\/defeitos-graos-7.jpg\" alt=\"Gr\u00e3os de caf\u00e9 com m\u00e1-forma\u00e7\u00e3o.\" width=\"300\" height=\"125\" srcset=\"https:\/\/rehagro.com.br\/blog\/wp-content\/uploads\/2020\/06\/defeitos-graos-7.jpg 300w, https:\/\/rehagro.com.br\/blog\/wp-content\/uploads\/2020\/06\/defeitos-graos-7-270x113.jpg 270w, https:\/\/rehagro.com.br\/blog\/wp-content\/uploads\/2020\/06\/defeitos-graos-7-150x63.jpg 150w\" sizes=\"auto, (max-width: 300px) 100vw, 300px\" \/><\/p>\n<p style=\"text-align: center;\"><span style=\"font-weight: 400; font-size: 10pt;\">Gr\u00e3o mal formado.<\/span><\/p>\n<h3>Gr\u00e3o concha e miolo de concha<\/h3>\n<p>O gr\u00e3o concha e miolo de concha \u00e9 resultante da separa\u00e7\u00e3o de gr\u00e3os imbricados ou gr\u00e3o cabe\u00e7a.<\/p>\n<p><img loading=\"lazy\" decoding=\"async\" class=\"aligncenter wp-image-22326 size-full\" src=\"https:\/\/rehagro.com.br\/blog\/wp-content\/uploads\/2020\/06\/defeitos-graos-8.jpg\" alt=\"Gr\u00e3os de caf\u00e9 com defeito de gr\u00e3o concha e miolo de concha.\" width=\"350\" height=\"138\" srcset=\"https:\/\/rehagro.com.br\/blog\/wp-content\/uploads\/2020\/06\/defeitos-graos-8.jpg 350w, https:\/\/rehagro.com.br\/blog\/wp-content\/uploads\/2020\/06\/defeitos-graos-8-300x118.jpg 300w, https:\/\/rehagro.com.br\/blog\/wp-content\/uploads\/2020\/06\/defeitos-graos-8-270x106.jpg 270w, https:\/\/rehagro.com.br\/blog\/wp-content\/uploads\/2020\/06\/defeitos-graos-8-150x59.jpg 150w\" sizes=\"auto, (max-width: 350px) 100vw, 350px\" \/><\/p>\n<p style=\"text-align: center;\"><span style=\"font-weight: 400; font-size: 10pt;\">Gr\u00e3o concha e miolo de concha.<\/span><\/p>\n<p>O gr\u00e3o concha \u00e9 considerado um defeito com equival\u00eancia de 3:1, enquanto o miolo de concha \u00e9 categorizado junto com os gr\u00e3os quebrados.<\/p>\n<h3>Gr\u00e3o quebrado ou esmagado<\/h3>\n<p>Os gr\u00e3os esmagados ocorrem principalmente quando o gr\u00e3o possui alta umidade, e \u00e9 ocasionado por esmagamento de maquin\u00e1rios.<\/p>\n<p>J\u00e1 os gr\u00e3os quebrados s\u00e3o mais comuns de ser encontrados quando o gr\u00e3o est\u00e1 com baixa umidade (abaixo de 10% de umidade), pois ficam mais quebradi\u00e7os, principalmente no beneficiamento.<\/p>\n<p>A regulagem e dimensionamento adequados de equipamentos como descascadores e desmuciladores na via \u00famida e m\u00e1quinas de beneficiamento podem evitar a quantidade desse defeito encontrado na amostra.<\/p>\n<p><img loading=\"lazy\" decoding=\"async\" class=\"aligncenter wp-image-22327 size-full\" src=\"https:\/\/rehagro.com.br\/blog\/wp-content\/uploads\/2020\/06\/defeitos-graos-9.jpg\" alt=\"Gr\u00e3o de caf\u00e9 quebrado.\" width=\"270\" height=\"226\" srcset=\"https:\/\/rehagro.com.br\/blog\/wp-content\/uploads\/2020\/06\/defeitos-graos-9.jpg 270w, https:\/\/rehagro.com.br\/blog\/wp-content\/uploads\/2020\/06\/defeitos-graos-9-150x126.jpg 150w\" sizes=\"auto, (max-width: 270px) 100vw, 270px\" \/><\/p>\n<p style=\"text-align: center;\"><span style=\"font-weight: 400; font-size: 10pt;\">Gr\u00e3o quebrado.<\/span><\/p>\n<h2>Defeitos extr\u00ednsecos nos gr\u00e3os de caf\u00e9<\/h2>\n<p>Al\u00e9m dos defeitos apresentados podemos encontrar defeitos extr\u00ednsecos na amostra, que s\u00e3o aqueles que n\u00e3o s\u00e3o gr\u00e3os de caf\u00e9, estes possuem uma penalidade maior na amostra como mostra a tabela a seguir, sua equival\u00eancia \u00e9 de acordo com o tamanho do defeito encontrado e todos eles podem ser evitados pela regulagem adequada dos equipamentos.<\/p>\n<p><img loading=\"lazy\" decoding=\"async\" class=\"aligncenter wp-image-41794 size-full\" src=\"https:\/\/rehagro.com.br\/blog\/wp-content\/uploads\/2020\/07\/tabela-impurezas-cafe.png\" alt=\"Tabela de defeitos extr\u00ednsecos do caf\u00e9\" width=\"676\" height=\"342\" srcset=\"https:\/\/rehagro.com.br\/blog\/wp-content\/uploads\/2020\/07\/tabela-impurezas-cafe.png 676w, https:\/\/rehagro.com.br\/blog\/wp-content\/uploads\/2020\/07\/tabela-impurezas-cafe-300x152.png 300w, https:\/\/rehagro.com.br\/blog\/wp-content\/uploads\/2020\/07\/tabela-impurezas-cafe-370x187.png 370w, https:\/\/rehagro.com.br\/blog\/wp-content\/uploads\/2020\/07\/tabela-impurezas-cafe-270x137.png 270w, https:\/\/rehagro.com.br\/blog\/wp-content\/uploads\/2020\/07\/tabela-impurezas-cafe-150x76.png 150w\" sizes=\"auto, (max-width: 676px) 100vw, 676px\" \/><\/p>\n<p style=\"text-align: center;\"><span style=\"font-weight: 400; font-size: 10pt;\">Classifica\u00e7\u00e3o do Caf\u00e9 Beneficiado Gr\u00e3o Cru quanto \u00e0 equival\u00eancia de impurezas (extr\u00ednsecos).<\/span><\/p>\n<h3>Defeito coco<\/h3>\n<p>\u00c9 o gr\u00e3o que n\u00e3o teve sua casca retirada no beneficiamento.<\/p>\n<p><img loading=\"lazy\" decoding=\"async\" class=\"aligncenter wp-image-22329 size-full\" src=\"https:\/\/rehagro.com.br\/blog\/wp-content\/uploads\/2020\/06\/defeitos-graos-11.jpg\" alt=\"Gr\u00e3o de caf\u00e9 coco.\" width=\"229\" height=\"199\" srcset=\"https:\/\/rehagro.com.br\/blog\/wp-content\/uploads\/2020\/06\/defeitos-graos-11.jpg 229w, https:\/\/rehagro.com.br\/blog\/wp-content\/uploads\/2020\/06\/defeitos-graos-11-150x130.jpg 150w\" sizes=\"auto, (max-width: 229px) 100vw, 229px\" \/><\/p>\n<p style=\"text-align: center;\"><span style=\"font-weight: 400; font-size: 10pt;\">Defeito coco.<\/span><\/p>\n<h3>Defeito marinheiro<\/h3>\n<p>Gr\u00e3o que, no benef\u00edcio, o pergaminho n\u00e3o foi total ou foi parcialmente retirado.<\/p>\n<p><img loading=\"lazy\" decoding=\"async\" class=\"aligncenter wp-image-22330 size-full\" src=\"https:\/\/rehagro.com.br\/blog\/wp-content\/uploads\/2020\/06\/defeitos-graos-12.jpg\" alt=\"Gr\u00e3os de caf\u00e9 marinheiro.\" width=\"230\" height=\"202\" srcset=\"https:\/\/rehagro.com.br\/blog\/wp-content\/uploads\/2020\/06\/defeitos-graos-12.jpg 230w, https:\/\/rehagro.com.br\/blog\/wp-content\/uploads\/2020\/06\/defeitos-graos-12-150x132.jpg 150w\" sizes=\"auto, (max-width: 230px) 100vw, 230px\" \/><\/p>\n<p style=\"text-align: center;\"><span style=\"font-weight: 400; font-size: 10pt;\">Defeito Marinheiro.<\/span><\/p>\n<h3>Defeito pau, pedra, torr\u00e3o e materiais estranhos<\/h3>\n<p>Impurezas e outros detritos que contaminam o lote.<\/p>\n<p><img loading=\"lazy\" decoding=\"async\" class=\"aligncenter wp-image-22331 size-full\" src=\"https:\/\/rehagro.com.br\/blog\/wp-content\/uploads\/2020\/06\/defeitos-graos-13.jpg\" alt=\"Impurezas que contaminam os gr\u00e3os de caf\u00e9 (pau, pedra, materiais estranhos).\" width=\"470\" height=\"132\" srcset=\"https:\/\/rehagro.com.br\/blog\/wp-content\/uploads\/2020\/06\/defeitos-graos-13.jpg 470w, https:\/\/rehagro.com.br\/blog\/wp-content\/uploads\/2020\/06\/defeitos-graos-13-300x84.jpg 300w, https:\/\/rehagro.com.br\/blog\/wp-content\/uploads\/2020\/06\/defeitos-graos-13-370x104.jpg 370w, https:\/\/rehagro.com.br\/blog\/wp-content\/uploads\/2020\/06\/defeitos-graos-13-270x76.jpg 270w, https:\/\/rehagro.com.br\/blog\/wp-content\/uploads\/2020\/06\/defeitos-graos-13-150x42.jpg 150w\" sizes=\"auto, (max-width: 470px) 100vw, 470px\" \/><\/p>\n<p style=\"text-align: center;\"><span style=\"font-weight: 400; font-size: 10pt;\">Defeito pau, pedra e materiais estranhos.<\/span><\/p>\n<h3>Defeito casca<\/h3>\n<p>Fragmento de casca seca do fruto do cafeeiro, de diversos tamanhos.<\/p>\n<p><img loading=\"lazy\" decoding=\"async\" class=\"aligncenter wp-image-22332 size-full\" src=\"https:\/\/rehagro.com.br\/blog\/wp-content\/uploads\/2020\/06\/defeitos-graos-14.jpg\" alt=\"Defeitos na casca de caf\u00e9\" width=\"232\" height=\"202\" srcset=\"https:\/\/rehagro.com.br\/blog\/wp-content\/uploads\/2020\/06\/defeitos-graos-14.jpg 232w, https:\/\/rehagro.com.br\/blog\/wp-content\/uploads\/2020\/06\/defeitos-graos-14-150x131.jpg 150w\" sizes=\"auto, (max-width: 232px) 100vw, 232px\" \/><\/p>\n<p style=\"text-align: center;\"><span style=\"font-weight: 400; font-size: 10pt;\">Defeito casca.<\/span><\/p>\n<h2>Aten\u00e7\u00e3o!<\/h2>\n<p>\u00c9 importante ficar atento \u00e0 ocorr\u00eancia de pragas, como a Broca do Caf\u00e9, que favorece a ocorr\u00eancia desses defeitos, que geram muitos preju\u00edzos financeiros.<\/p>\n<p>Al\u00e9m disso, fique de olho nas doen\u00e7as como a <strong><a href=\"https:\/\/rehagro.com.br\/blog\/controle-da-ferrugem-do-cafeeiro\/\" target=\"_blank\" rel=\"noopener\">Ferrugem<\/a><\/strong>, Mancha aureolada e a <strong><a href=\"https:\/\/rehagro.com.br\/blog\/cercosporiose-no-cafe\/\" target=\"_blank\" rel=\"noopener\">Cercosporiose<\/a><\/strong>, que tamb\u00e9m comprometem a produtividade e, consequentemente, a qualidade do caf\u00e9 produzido, reduzindo a lucratividade da fazenda.<\/p>\n<h2>Reduza defeitos nos gr\u00e3os e aumente a qualidade do seu caf\u00e9<\/h2>\n<p>Os defeitos nos gr\u00e3os comprometem diretamente o valor de mercado e a reputa\u00e7\u00e3o do caf\u00e9 produzido. Para evit\u00e1-los, n\u00e3o basta apenas identificar suas causas: \u00e9 preciso aplicar pr\u00e1ticas de manejo eficientes e alinhar cada etapa da produ\u00e7\u00e3o a uma gest\u00e3o estrat\u00e9gica da lavoura.<\/p>\n<p>No <strong><a href=\"https:\/\/rehagro.com.br\/cursos\/capacitacao-em-gestao-na-producao-de-cafe?utm_campaign=mkt-materiais-gc&amp;utm_source=textos&amp;utm_medium=blog\">Curso Gest\u00e3o na Produ\u00e7\u00e3o de Caf\u00e9 Ar\u00e1bica<\/a><\/strong> do Rehagro, voc\u00ea aprende a tomar decis\u00f5es mais assertivas em todas as fases do cultivo, reduzir perdas, melhorar a qualidade dos gr\u00e3os e conduzir sua produ\u00e7\u00e3o com foco em efici\u00eancia, produtividade e rentabilidade.<\/p>\n<p><a href=\"https:\/\/rehagro.com.br\/cursos\/capacitacao-em-gestao-na-producao-de-cafe?utm_campaign=mkt-materiais-gc&amp;utm_source=textos&amp;utm_medium=blog\" target=\"_blank\" rel=\"noopener\"><img loading=\"lazy\" decoding=\"async\" class=\"aligncenter wp-image-24250 size-full\" title=\"Clique e saiba mais sobre o curso!\" src=\"https:\/\/rehagro.com.br\/blog\/wp-content\/uploads\/2023\/09\/banner-gc.jpg\" alt=\"Curso Gest\u00e3o na Produ\u00e7\u00e3o de Caf\u00e9 Ar\u00e1bica\" width=\"980\" height=\"317\" srcset=\"https:\/\/rehagro.com.br\/blog\/wp-content\/uploads\/2023\/09\/banner-gc.jpg 980w, https:\/\/rehagro.com.br\/blog\/wp-content\/uploads\/2023\/09\/banner-gc-300x97.jpg 300w, https:\/\/rehagro.com.br\/blog\/wp-content\/uploads\/2023\/09\/banner-gc-768x248.jpg 768w, https:\/\/rehagro.com.br\/blog\/wp-content\/uploads\/2023\/09\/banner-gc-370x120.jpg 370w, https:\/\/rehagro.com.br\/blog\/wp-content\/uploads\/2023\/09\/banner-gc-270x87.jpg 270w, https:\/\/rehagro.com.br\/blog\/wp-content\/uploads\/2023\/09\/banner-gc-740x239.jpg 740w, https:\/\/rehagro.com.br\/blog\/wp-content\/uploads\/2023\/09\/banner-gc-150x49.jpg 150w\" sizes=\"auto, (max-width: 980px) 100vw, 980px\" \/><\/a><\/p>\n<p><img loading=\"lazy\" decoding=\"async\" class=\"aligncenter wp-image-18459 size-full\" src=\"https:\/\/rehagro.com.br\/blog\/wp-content\/uploads\/2022\/12\/larissa-cocato.jpg\" alt=\"Larissa Cocato - Coordenadora de Ensino Caf\u00e9\" width=\"300\" height=\"96\" srcset=\"https:\/\/rehagro.com.br\/blog\/wp-content\/uploads\/2022\/12\/larissa-cocato.jpg 300w, https:\/\/rehagro.com.br\/blog\/wp-content\/uploads\/2022\/12\/larissa-cocato-270x86.jpg 270w, https:\/\/rehagro.com.br\/blog\/wp-content\/uploads\/2022\/12\/larissa-cocato-150x48.jpg 150w\" sizes=\"auto, (max-width: 300px) 100vw, 300px\" \/><\/p>\n","protected":false},"excerpt":{"rendered":"<p>Os defeitos nos gr\u00e3os de caf\u00e9 levam a uma redu\u00e7\u00e3o da qualidade, interferindo no tipo do caf\u00e9, desvalorizando o valor da saca e diminuindo a lucratividade do produtor. Diversos fatores podem causar esses defeitos, como: Problemas na produ\u00e7\u00e3o; Processamento; Armazenamento; A\u00e7\u00e3o de microrganismos; A\u00e7\u00e3o de pragas; Altera\u00e7\u00f5es fisiol\u00f3gicas; Altera\u00e7\u00f5es gen\u00e9ticas. Todos esses s\u00e3o fatores que [&hellip;]<\/p>\n","protected":false},"author":21,"featured_media":14860,"comment_status":"open","ping_status":"open","sticky":false,"template":"","format":"standard","meta":{"footnotes":""},"categories":[211],"tags":[498,282,266,526],"class_list":["post-7793","post","type-post","status-publish","format-standard","has-post-thumbnail","hentry","category-cafe","tag-broca-do-cafe","tag-cafe","tag-cafeeiro","tag-grao"],"yoast_head":"<!-- This site is optimized with the Yoast SEO plugin v27.5 - https:\/\/yoast.com\/product\/yoast-seo-wordpress\/ -->\n<title>Defeitos dos gr\u00e3os de caf\u00e9: quais s\u00e3o os principais e suas causas<\/title>\n<meta name=\"description\" content=\"Diversos fatores podem causar defeitos aos gr\u00e3os de caf\u00e9. Podendo ser oriundos da sua produ\u00e7\u00e3o, processamento, armazenamento, etc.\" \/>\n<meta name=\"robots\" content=\"index, follow, max-snippet:-1, max-image-preview:large, max-video-preview:-1\" \/>\n<link rel=\"canonical\" href=\"https:\/\/rehagro.com.br\/blog\/defeitos-dos-graos-de-cafe-e-suas-causas\/\" \/>\n<meta property=\"og:locale\" content=\"pt_BR\" \/>\n<meta property=\"og:type\" content=\"article\" \/>\n<meta property=\"og:title\" content=\"Defeitos dos gr\u00e3os de caf\u00e9: quais s\u00e3o os principais e suas causas\" \/>\n<meta property=\"og:description\" content=\"Diversos fatores podem causar defeitos aos gr\u00e3os de caf\u00e9. Podendo ser oriundos da sua produ\u00e7\u00e3o, processamento, armazenamento, etc.\" \/>\n<meta property=\"og:url\" content=\"https:\/\/rehagro.com.br\/blog\/defeitos-dos-graos-de-cafe-e-suas-causas\/\" \/>\n<meta property=\"og:site_name\" content=\"Rehagro Blog\" \/>\n<meta property=\"article:published_time\" content=\"2020-06-21T16:00:16+00:00\" \/>\n<meta property=\"article:modified_time\" content=\"2026-04-07T23:43:50+00:00\" \/>\n<meta property=\"og:image\" content=\"https:\/\/rehagro.com.br\/blog\/wp-content\/uploads\/2020\/06\/defeitos-graos-de-cafe.jpeg\" \/>\n\t<meta property=\"og:image:width\" content=\"1000\" \/>\n\t<meta property=\"og:image:height\" content=\"750\" \/>\n\t<meta property=\"og:image:type\" content=\"image\/jpeg\" \/>\n<meta name=\"author\" content=\"Jo\u00e3o Pedro Azevedo\" \/>\n<meta name=\"twitter:card\" content=\"summary_large_image\" \/>\n<meta name=\"twitter:label1\" content=\"Escrito por\" \/>\n\t<meta name=\"twitter:data1\" content=\"Jo\u00e3o Pedro Azevedo\" \/>\n\t<meta name=\"twitter:label2\" content=\"Est. tempo de leitura\" \/>\n\t<meta name=\"twitter:data2\" content=\"11 minutos\" \/>\n<script type=\"application\/ld+json\" class=\"yoast-schema-graph\">{\"@context\":\"https:\\\/\\\/schema.org\",\"@graph\":[{\"@type\":\"Article\",\"@id\":\"https:\\\/\\\/rehagro.com.br\\\/blog\\\/defeitos-dos-graos-de-cafe-e-suas-causas\\\/#article\",\"isPartOf\":{\"@id\":\"https:\\\/\\\/rehagro.com.br\\\/blog\\\/defeitos-dos-graos-de-cafe-e-suas-causas\\\/\"},\"author\":{\"name\":\"Jo\u00e3o Pedro Azevedo\",\"@id\":\"https:\\\/\\\/rehagro.com.br\\\/blog\\\/#\\\/schema\\\/person\\\/f2d1ae51b04939615ceebb3c0bfd8a94\"},\"headline\":\"Os defeitos dos gr\u00e3os de caf\u00e9 e as suas principais causas\",\"datePublished\":\"2020-06-21T16:00:16+00:00\",\"dateModified\":\"2026-04-07T23:43:50+00:00\",\"mainEntityOfPage\":{\"@id\":\"https:\\\/\\\/rehagro.com.br\\\/blog\\\/defeitos-dos-graos-de-cafe-e-suas-causas\\\/\"},\"wordCount\":1297,\"commentCount\":4,\"publisher\":{\"@id\":\"https:\\\/\\\/rehagro.com.br\\\/blog\\\/#organization\"},\"image\":{\"@id\":\"https:\\\/\\\/rehagro.com.br\\\/blog\\\/defeitos-dos-graos-de-cafe-e-suas-causas\\\/#primaryimage\"},\"thumbnailUrl\":\"https:\\\/\\\/rehagro.com.br\\\/blog\\\/wp-content\\\/uploads\\\/2020\\\/06\\\/defeitos-graos-de-cafe.jpeg\",\"keywords\":[\"broca-do-caf\u00e9\",\"caf\u00e9\",\"cafeeiro\",\"gr\u00e3o\"],\"articleSection\":[\"CAF\u00c9\"],\"inLanguage\":\"pt-BR\",\"potentialAction\":[{\"@type\":\"CommentAction\",\"name\":\"Comment\",\"target\":[\"https:\\\/\\\/rehagro.com.br\\\/blog\\\/defeitos-dos-graos-de-cafe-e-suas-causas\\\/#respond\"]}]},{\"@type\":\"WebPage\",\"@id\":\"https:\\\/\\\/rehagro.com.br\\\/blog\\\/defeitos-dos-graos-de-cafe-e-suas-causas\\\/\",\"url\":\"https:\\\/\\\/rehagro.com.br\\\/blog\\\/defeitos-dos-graos-de-cafe-e-suas-causas\\\/\",\"name\":\"Defeitos dos gr\u00e3os de caf\u00e9: quais s\u00e3o os principais e suas causas\",\"isPartOf\":{\"@id\":\"https:\\\/\\\/rehagro.com.br\\\/blog\\\/#website\"},\"primaryImageOfPage\":{\"@id\":\"https:\\\/\\\/rehagro.com.br\\\/blog\\\/defeitos-dos-graos-de-cafe-e-suas-causas\\\/#primaryimage\"},\"image\":{\"@id\":\"https:\\\/\\\/rehagro.com.br\\\/blog\\\/defeitos-dos-graos-de-cafe-e-suas-causas\\\/#primaryimage\"},\"thumbnailUrl\":\"https:\\\/\\\/rehagro.com.br\\\/blog\\\/wp-content\\\/uploads\\\/2020\\\/06\\\/defeitos-graos-de-cafe.jpeg\",\"datePublished\":\"2020-06-21T16:00:16+00:00\",\"dateModified\":\"2026-04-07T23:43:50+00:00\",\"description\":\"Diversos fatores podem causar defeitos aos gr\u00e3os de caf\u00e9. Podendo ser oriundos da sua produ\u00e7\u00e3o, processamento, armazenamento, etc.\",\"breadcrumb\":{\"@id\":\"https:\\\/\\\/rehagro.com.br\\\/blog\\\/defeitos-dos-graos-de-cafe-e-suas-causas\\\/#breadcrumb\"},\"inLanguage\":\"pt-BR\",\"potentialAction\":[{\"@type\":\"ReadAction\",\"target\":[\"https:\\\/\\\/rehagro.com.br\\\/blog\\\/defeitos-dos-graos-de-cafe-e-suas-causas\\\/\"]}]},{\"@type\":\"ImageObject\",\"inLanguage\":\"pt-BR\",\"@id\":\"https:\\\/\\\/rehagro.com.br\\\/blog\\\/defeitos-dos-graos-de-cafe-e-suas-causas\\\/#primaryimage\",\"url\":\"https:\\\/\\\/rehagro.com.br\\\/blog\\\/wp-content\\\/uploads\\\/2020\\\/06\\\/defeitos-graos-de-cafe.jpeg\",\"contentUrl\":\"https:\\\/\\\/rehagro.com.br\\\/blog\\\/wp-content\\\/uploads\\\/2020\\\/06\\\/defeitos-graos-de-cafe.jpeg\",\"width\":1000,\"height\":750,\"caption\":\"Gr\u00e3os de caf\u00e9 com defeitos\"},{\"@type\":\"BreadcrumbList\",\"@id\":\"https:\\\/\\\/rehagro.com.br\\\/blog\\\/defeitos-dos-graos-de-cafe-e-suas-causas\\\/#breadcrumb\",\"itemListElement\":[{\"@type\":\"ListItem\",\"position\":1,\"name\":\"In\u00edcio\",\"item\":\"https:\\\/\\\/rehagro.com.br\\\/blog\\\/\"},{\"@type\":\"ListItem\",\"position\":2,\"name\":\"Os defeitos dos gr\u00e3os de caf\u00e9 e as suas principais causas\"}]},{\"@type\":\"WebSite\",\"@id\":\"https:\\\/\\\/rehagro.com.br\\\/blog\\\/#website\",\"url\":\"https:\\\/\\\/rehagro.com.br\\\/blog\\\/\",\"name\":\"Rehagro Blog\",\"description\":\"\",\"publisher\":{\"@id\":\"https:\\\/\\\/rehagro.com.br\\\/blog\\\/#organization\"},\"potentialAction\":[{\"@type\":\"SearchAction\",\"target\":{\"@type\":\"EntryPoint\",\"urlTemplate\":\"https:\\\/\\\/rehagro.com.br\\\/blog\\\/?s={search_term_string}\"},\"query-input\":{\"@type\":\"PropertyValueSpecification\",\"valueRequired\":true,\"valueName\":\"search_term_string\"}}],\"inLanguage\":\"pt-BR\"},{\"@type\":\"Organization\",\"@id\":\"https:\\\/\\\/rehagro.com.br\\\/blog\\\/#organization\",\"name\":\"Rehagro\",\"url\":\"https:\\\/\\\/rehagro.com.br\\\/blog\\\/\",\"logo\":{\"@type\":\"ImageObject\",\"inLanguage\":\"pt-BR\",\"@id\":\"https:\\\/\\\/rehagro.com.br\\\/blog\\\/#\\\/schema\\\/logo\\\/image\\\/\",\"url\":\"https:\\\/\\\/rehagro.com.br\\\/blog\\\/wp-content\\\/uploads\\\/2018\\\/05\\\/logo-rehagro.png\",\"contentUrl\":\"https:\\\/\\\/rehagro.com.br\\\/blog\\\/wp-content\\\/uploads\\\/2018\\\/05\\\/logo-rehagro.png\",\"width\":400,\"height\":115,\"caption\":\"Rehagro\"},\"image\":{\"@id\":\"https:\\\/\\\/rehagro.com.br\\\/blog\\\/#\\\/schema\\\/logo\\\/image\\\/\"}},{\"@type\":\"Person\",\"@id\":\"https:\\\/\\\/rehagro.com.br\\\/blog\\\/#\\\/schema\\\/person\\\/f2d1ae51b04939615ceebb3c0bfd8a94\",\"name\":\"Jo\u00e3o Pedro Azevedo\",\"image\":{\"@type\":\"ImageObject\",\"inLanguage\":\"pt-BR\",\"@id\":\"https:\\\/\\\/secure.gravatar.com\\\/avatar\\\/34aacffb2f10625483f480470f3274778dd1c183ba4f66444bb60ae92149bf8a?s=96&d=mm&r=g\",\"url\":\"https:\\\/\\\/secure.gravatar.com\\\/avatar\\\/34aacffb2f10625483f480470f3274778dd1c183ba4f66444bb60ae92149bf8a?s=96&d=mm&r=g\",\"contentUrl\":\"https:\\\/\\\/secure.gravatar.com\\\/avatar\\\/34aacffb2f10625483f480470f3274778dd1c183ba4f66444bb60ae92149bf8a?s=96&d=mm&r=g\",\"caption\":\"Jo\u00e3o Pedro Azevedo\"},\"url\":\"https:\\\/\\\/rehagro.com.br\\\/blog\\\/author\\\/joao-pedro\\\/\"}]}<\/script>\n<!-- \/ Yoast SEO plugin. -->","yoast_head_json":{"title":"Defeitos dos gr\u00e3os de caf\u00e9: quais s\u00e3o os principais e suas causas","description":"Diversos fatores podem causar defeitos aos gr\u00e3os de caf\u00e9. Podendo ser oriundos da sua produ\u00e7\u00e3o, processamento, armazenamento, etc.","robots":{"index":"index","follow":"follow","max-snippet":"max-snippet:-1","max-image-preview":"max-image-preview:large","max-video-preview":"max-video-preview:-1"},"canonical":"https:\/\/rehagro.com.br\/blog\/defeitos-dos-graos-de-cafe-e-suas-causas\/","og_locale":"pt_BR","og_type":"article","og_title":"Defeitos dos gr\u00e3os de caf\u00e9: quais s\u00e3o os principais e suas causas","og_description":"Diversos fatores podem causar defeitos aos gr\u00e3os de caf\u00e9. Podendo ser oriundos da sua produ\u00e7\u00e3o, processamento, armazenamento, etc.","og_url":"https:\/\/rehagro.com.br\/blog\/defeitos-dos-graos-de-cafe-e-suas-causas\/","og_site_name":"Rehagro Blog","article_published_time":"2020-06-21T16:00:16+00:00","article_modified_time":"2026-04-07T23:43:50+00:00","og_image":[{"width":1000,"height":750,"url":"https:\/\/rehagro.com.br\/blog\/wp-content\/uploads\/2020\/06\/defeitos-graos-de-cafe.jpeg","type":"image\/jpeg"}],"author":"Jo\u00e3o Pedro Azevedo","twitter_card":"summary_large_image","twitter_misc":{"Escrito por":"Jo\u00e3o Pedro Azevedo","Est. tempo de leitura":"11 minutos"},"schema":{"@context":"https:\/\/schema.org","@graph":[{"@type":"Article","@id":"https:\/\/rehagro.com.br\/blog\/defeitos-dos-graos-de-cafe-e-suas-causas\/#article","isPartOf":{"@id":"https:\/\/rehagro.com.br\/blog\/defeitos-dos-graos-de-cafe-e-suas-causas\/"},"author":{"name":"Jo\u00e3o Pedro Azevedo","@id":"https:\/\/rehagro.com.br\/blog\/#\/schema\/person\/f2d1ae51b04939615ceebb3c0bfd8a94"},"headline":"Os defeitos dos gr\u00e3os de caf\u00e9 e as suas principais causas","datePublished":"2020-06-21T16:00:16+00:00","dateModified":"2026-04-07T23:43:50+00:00","mainEntityOfPage":{"@id":"https:\/\/rehagro.com.br\/blog\/defeitos-dos-graos-de-cafe-e-suas-causas\/"},"wordCount":1297,"commentCount":4,"publisher":{"@id":"https:\/\/rehagro.com.br\/blog\/#organization"},"image":{"@id":"https:\/\/rehagro.com.br\/blog\/defeitos-dos-graos-de-cafe-e-suas-causas\/#primaryimage"},"thumbnailUrl":"https:\/\/rehagro.com.br\/blog\/wp-content\/uploads\/2020\/06\/defeitos-graos-de-cafe.jpeg","keywords":["broca-do-caf\u00e9","caf\u00e9","cafeeiro","gr\u00e3o"],"articleSection":["CAF\u00c9"],"inLanguage":"pt-BR","potentialAction":[{"@type":"CommentAction","name":"Comment","target":["https:\/\/rehagro.com.br\/blog\/defeitos-dos-graos-de-cafe-e-suas-causas\/#respond"]}]},{"@type":"WebPage","@id":"https:\/\/rehagro.com.br\/blog\/defeitos-dos-graos-de-cafe-e-suas-causas\/","url":"https:\/\/rehagro.com.br\/blog\/defeitos-dos-graos-de-cafe-e-suas-causas\/","name":"Defeitos dos gr\u00e3os de caf\u00e9: quais s\u00e3o os principais e suas causas","isPartOf":{"@id":"https:\/\/rehagro.com.br\/blog\/#website"},"primaryImageOfPage":{"@id":"https:\/\/rehagro.com.br\/blog\/defeitos-dos-graos-de-cafe-e-suas-causas\/#primaryimage"},"image":{"@id":"https:\/\/rehagro.com.br\/blog\/defeitos-dos-graos-de-cafe-e-suas-causas\/#primaryimage"},"thumbnailUrl":"https:\/\/rehagro.com.br\/blog\/wp-content\/uploads\/2020\/06\/defeitos-graos-de-cafe.jpeg","datePublished":"2020-06-21T16:00:16+00:00","dateModified":"2026-04-07T23:43:50+00:00","description":"Diversos fatores podem causar defeitos aos gr\u00e3os de caf\u00e9. Podendo ser oriundos da sua produ\u00e7\u00e3o, processamento, armazenamento, etc.","breadcrumb":{"@id":"https:\/\/rehagro.com.br\/blog\/defeitos-dos-graos-de-cafe-e-suas-causas\/#breadcrumb"},"inLanguage":"pt-BR","potentialAction":[{"@type":"ReadAction","target":["https:\/\/rehagro.com.br\/blog\/defeitos-dos-graos-de-cafe-e-suas-causas\/"]}]},{"@type":"ImageObject","inLanguage":"pt-BR","@id":"https:\/\/rehagro.com.br\/blog\/defeitos-dos-graos-de-cafe-e-suas-causas\/#primaryimage","url":"https:\/\/rehagro.com.br\/blog\/wp-content\/uploads\/2020\/06\/defeitos-graos-de-cafe.jpeg","contentUrl":"https:\/\/rehagro.com.br\/blog\/wp-content\/uploads\/2020\/06\/defeitos-graos-de-cafe.jpeg","width":1000,"height":750,"caption":"Gr\u00e3os de caf\u00e9 com defeitos"},{"@type":"BreadcrumbList","@id":"https:\/\/rehagro.com.br\/blog\/defeitos-dos-graos-de-cafe-e-suas-causas\/#breadcrumb","itemListElement":[{"@type":"ListItem","position":1,"name":"In\u00edcio","item":"https:\/\/rehagro.com.br\/blog\/"},{"@type":"ListItem","position":2,"name":"Os defeitos dos gr\u00e3os de caf\u00e9 e as suas principais causas"}]},{"@type":"WebSite","@id":"https:\/\/rehagro.com.br\/blog\/#website","url":"https:\/\/rehagro.com.br\/blog\/","name":"Rehagro Blog","description":"","publisher":{"@id":"https:\/\/rehagro.com.br\/blog\/#organization"},"potentialAction":[{"@type":"SearchAction","target":{"@type":"EntryPoint","urlTemplate":"https:\/\/rehagro.com.br\/blog\/?s={search_term_string}"},"query-input":{"@type":"PropertyValueSpecification","valueRequired":true,"valueName":"search_term_string"}}],"inLanguage":"pt-BR"},{"@type":"Organization","@id":"https:\/\/rehagro.com.br\/blog\/#organization","name":"Rehagro","url":"https:\/\/rehagro.com.br\/blog\/","logo":{"@type":"ImageObject","inLanguage":"pt-BR","@id":"https:\/\/rehagro.com.br\/blog\/#\/schema\/logo\/image\/","url":"https:\/\/rehagro.com.br\/blog\/wp-content\/uploads\/2018\/05\/logo-rehagro.png","contentUrl":"https:\/\/rehagro.com.br\/blog\/wp-content\/uploads\/2018\/05\/logo-rehagro.png","width":400,"height":115,"caption":"Rehagro"},"image":{"@id":"https:\/\/rehagro.com.br\/blog\/#\/schema\/logo\/image\/"}},{"@type":"Person","@id":"https:\/\/rehagro.com.br\/blog\/#\/schema\/person\/f2d1ae51b04939615ceebb3c0bfd8a94","name":"Jo\u00e3o Pedro Azevedo","image":{"@type":"ImageObject","inLanguage":"pt-BR","@id":"https:\/\/secure.gravatar.com\/avatar\/34aacffb2f10625483f480470f3274778dd1c183ba4f66444bb60ae92149bf8a?s=96&d=mm&r=g","url":"https:\/\/secure.gravatar.com\/avatar\/34aacffb2f10625483f480470f3274778dd1c183ba4f66444bb60ae92149bf8a?s=96&d=mm&r=g","contentUrl":"https:\/\/secure.gravatar.com\/avatar\/34aacffb2f10625483f480470f3274778dd1c183ba4f66444bb60ae92149bf8a?s=96&d=mm&r=g","caption":"Jo\u00e3o Pedro Azevedo"},"url":"https:\/\/rehagro.com.br\/blog\/author\/joao-pedro\/"}]}},"_links":{"self":[{"href":"https:\/\/rehagro.com.br\/blog\/wp-json\/wp\/v2\/posts\/7793","targetHints":{"allow":["GET"]}}],"collection":[{"href":"https:\/\/rehagro.com.br\/blog\/wp-json\/wp\/v2\/posts"}],"about":[{"href":"https:\/\/rehagro.com.br\/blog\/wp-json\/wp\/v2\/types\/post"}],"author":[{"embeddable":true,"href":"https:\/\/rehagro.com.br\/blog\/wp-json\/wp\/v2\/users\/21"}],"replies":[{"embeddable":true,"href":"https:\/\/rehagro.com.br\/blog\/wp-json\/wp\/v2\/comments?post=7793"}],"version-history":[{"count":44,"href":"https:\/\/rehagro.com.br\/blog\/wp-json\/wp\/v2\/posts\/7793\/revisions"}],"predecessor-version":[{"id":42161,"href":"https:\/\/rehagro.com.br\/blog\/wp-json\/wp\/v2\/posts\/7793\/revisions\/42161"}],"wp:featuredmedia":[{"embeddable":true,"href":"https:\/\/rehagro.com.br\/blog\/wp-json\/wp\/v2\/media\/14860"}],"wp:attachment":[{"href":"https:\/\/rehagro.com.br\/blog\/wp-json\/wp\/v2\/media?parent=7793"}],"wp:term":[{"taxonomy":"category","embeddable":true,"href":"https:\/\/rehagro.com.br\/blog\/wp-json\/wp\/v2\/categories?post=7793"},{"taxonomy":"post_tag","embeddable":true,"href":"https:\/\/rehagro.com.br\/blog\/wp-json\/wp\/v2\/tags?post=7793"}],"curies":[{"name":"wp","href":"https:\/\/api.w.org\/{rel}","templated":true}]}}