{"id":7701,"date":"2020-06-03T14:00:19","date_gmt":"2020-06-03T17:00:19","guid":{"rendered":"https:\/\/rehagro.com.br\/blog\/?p=7701"},"modified":"2026-01-30T16:04:13","modified_gmt":"2026-01-30T19:04:13","slug":"quebra-da-dominancia-apical-na-cultura-da-soja","status":"publish","type":"post","link":"https:\/\/rehagro.com.br\/blog\/quebra-da-dominancia-apical-na-cultura-da-soja\/","title":{"rendered":"Quebra da domin\u00e2ncia apical na cultura da soja: como ela influencia o desenvolvimento?"},"content":{"rendered":"<p>O Brasil ocupa <strong>posi\u00e7\u00e3o de destaque no cen\u00e1rio mundial na produ\u00e7\u00e3o de soja<\/strong>, devido ao melhoramento gen\u00e9tico. Isso possibilitou o lan\u00e7amento de cultivares adaptadas a todo o territ\u00f3rio, al\u00e9m, principalmente, dos conhecimentos gerados em rela\u00e7\u00e3o ao manejo de solos tropicais.<\/p>\n<p>Nos \u00faltimos anos, muitos avan\u00e7os no manejo da fertilidade do solo, pragas, doen\u00e7as e <strong><a href=\"https:\/\/rehagro.com.br\/blog\/plantas-daninhas-no-sistema-de-producao\/\" target=\"_blank\" rel=\"noopener\">plantas daninhas<\/a><\/strong> foram gerados, bem como a ado\u00e7\u00e3o do <strong><a href=\"https:\/\/rehagro.com.br\/blog\/sistema-de-plantio-direto-no-brasil\/\" target=\"_blank\" rel=\"noopener\">sistema de plantio direto (SPD)<\/a><\/strong>. Esses fatores permitiram ao pa\u00eds dispor de uma das mais avan\u00e7adas tecnologias referentes ao cultivo de soja do mundo.<\/p>\n<p>Visando o aumento de produtividade, diversas propostas de manejo v\u00eam surgindo para a cultura da soja. Muitas foram adotados por alguns produtores, mesmo sem respaldo cient\u00edfico.<\/p>\n<p>Dentre estas tecnologias destaca-se a tentativa da quebra de domin\u00e2ncia apical da soja, utilizando-se subst\u00e2ncias consideradas reguladores de crescimento. Como exemplo, citamos alguns herbicidas que podem desempenhar esse papel de forma indireta.<\/p>\n<p>Al\u00e9m das subst\u00e2ncias qu\u00edmicas, acredita-se na possibilidade de utiliza\u00e7\u00e3o dos<strong> fitohorm\u00f4nios<\/strong>. A finalidade \u00e9 de alterar a arquitetura de plantas, bem como causar mudan\u00e7as nos componentes de produ\u00e7\u00e3o da cultura da soja.<\/p>\n<div style=\"background-color: #efefef; padding-left: 10px; padding-right: 5px; border-radius: 10px;\">\n<p>&nbsp;<\/p>\n<p style=\"text-align: center;\"><strong><span style=\"font-size: 14pt;\">Sem tempo para ler agora? Baixe este artigo em PDF!<\/span><\/strong><\/p>\n<p><script charset=\"utf-8\" type=\"text\/javascript\" src=\"\/\/js.hsforms.net\/forms\/embed\/v2.js\"><\/script><br \/>\n<script>\nhbspt.forms.create({\nregion: \"na1\",\nportalId: \"5430441\",\nformId: \"0ced5949-c607-48c5-8d39-f0179ca418eb\"\n});\n<\/script><\/p>\n<\/div>\n<h2>O que s\u00e3o citocininas e como impactam na quebra da domin\u00e2ncia apical?<\/h2>\n<p><span style=\"font-weight: 400;\">As <strong>citocininas<\/strong> (Ck) s\u00e3o descritas como importantes subst\u00e2ncias neste contexto. <\/span><\/p>\n<p><span style=\"font-weight: 400;\">Elas podem causar a <strong>quebra da domin\u00e2ncia apical, induzindo o aumento de brota\u00e7\u00f5es de gemas laterais e, consequentemente, causar um aumento na produtividade<\/strong>.<\/span><\/p>\n<p><span style=\"font-weight: 400;\">A <strong>quebra da domin\u00e2ncia apical ocorre devido \u00e0 menor produ\u00e7\u00e3o de auxina, que \u00e9 sintetizada no \u00e1pice da planta<\/strong>. Com isso, poderia ocorrer um aumento na s\u00edntese\/concentra\u00e7\u00e3o de citocinina, horm\u00f4nio respons\u00e1vel pela emiss\u00e3o de ramifica\u00e7\u00f5es da planta.<\/span><\/p>\n<p><span style=\"font-weight: 400;\">Acredita-se que ao utilizar <a href=\"https:\/\/rehagro.com.br\/blog\/herbicidas-pre-emergentes-para-soja\/\" target=\"_blank\" rel=\"noopener\"><strong>herbicidas<\/strong><\/a> que possam comprometer a domin\u00e2ncia apical, a planta mudaria o seu fluxo hormonal interno. Assim, modificaria o n\u00famero dos componentes de produ\u00e7\u00e3o que a cultura apresenta. <\/span><\/p>\n<p><span style=\"font-weight: 400;\">A emiss\u00e3o de novos ramos laterais ocorre, devido ao aumento do n\u00famero de n\u00f3s, os quais apresentam gemas capazes de gerar novos ramos. <\/span><\/p>\n<p><span style=\"font-weight: 400;\">Assim, acredita-se que a utiliza\u00e7\u00e3o de reguladores de crescimento poderia aumentar de forma indireta o n\u00famero de ramos e, consequentemente, e o n\u00famero de flores, vagens e a produtividade da cultura.<\/span><\/p>\n<p><img loading=\"lazy\" decoding=\"async\" class=\"aligncenter wp-image-21616 size-full\" src=\"https:\/\/rehagro.com.br\/blog\/wp-content\/uploads\/2020\/06\/quebra-dominancia-apical-2.jpg\" alt=\"Planta de soja\" width=\"396\" height=\"704\" srcset=\"https:\/\/rehagro.com.br\/blog\/wp-content\/uploads\/2020\/06\/quebra-dominancia-apical-2.jpg 396w, https:\/\/rehagro.com.br\/blog\/wp-content\/uploads\/2020\/06\/quebra-dominancia-apical-2-169x300.jpg 169w, https:\/\/rehagro.com.br\/blog\/wp-content\/uploads\/2020\/06\/quebra-dominancia-apical-2-370x658.jpg 370w, https:\/\/rehagro.com.br\/blog\/wp-content\/uploads\/2020\/06\/quebra-dominancia-apical-2-270x480.jpg 270w, https:\/\/rehagro.com.br\/blog\/wp-content\/uploads\/2020\/06\/quebra-dominancia-apical-2-150x267.jpg 150w\" sizes=\"auto, (max-width: 396px) 100vw, 396px\" \/><\/p>\n<p style=\"text-align: center;\"><span style=\"font-weight: 400; font-size: 10pt;\">Fonte: Inara Alves<\/span><\/p>\n<h2>Componentes de produ\u00e7\u00e3o da soja<\/h2>\n<p><span style=\"font-weight: 400;\">A produtividade da <a href=\"https:\/\/rehagro.com.br\/blog\/como-escolher-a-cultivar-de-soja\/\" target=\"_blank\" rel=\"noopener\"><strong>cultura da soja<\/strong><\/a> \u00e9 determinada por diversos fatores relacionados com a fisiologia, morfologia e manejo da cultura. <\/span><\/p>\n<p><span style=\"font-weight: 400;\">Caracter\u00edsticas como altura de plantas, n\u00famero de n\u00f3s por planta, ramos laterais, n\u00famero de vagens por planta e gr\u00e3os por vagens, peso de 100 gr\u00e3os, est\u00e3o diretamente ligados ao potencial produtivo da soja no final de seu ciclo. <\/span><\/p>\n<p><span style=\"font-weight: 400;\">A quantidade de gr\u00e3os por \u00e1rea \u00e9 determinada em fun\u00e7\u00e3o de v\u00e1rias caracter\u00edsticas:<\/span><\/p>\n<ul>\n<li><span style=\"font-weight: 400;\">N\u00famero de n\u00f3s e de hastes por planta;<\/span><\/li>\n<li><span style=\"font-weight: 400;\">Densidade de plantas;<\/span><\/li>\n<li><span style=\"font-weight: 400;\">Peso e n\u00famero de sementes;<\/span><\/li>\n<li><span style=\"font-weight: 400;\">Vagens por planta;<\/span><\/li>\n<li><span style=\"font-weight: 400;\">Sementes por vagem. <\/span><\/li>\n<\/ul>\n<p><span style=\"font-weight: 400;\">Todos estes componentes s\u00e3o determinados por <strong><a href=\"https:\/\/rehagro.com.br\/blog\/identificacao-dos-estadios-fenologicos-da-soja\/\" target=\"_blank\" rel=\"noopener\">processos fenol\u00f3gicos<\/a><\/strong> como desenvolvimento vegetativo, florescimento, frutifica\u00e7\u00e3o e matura\u00e7\u00e3o.<\/span><\/p>\n<p><span style=\"font-weight: 400;\">A grande maioria das varia\u00e7\u00f5es que ocorrem na produtividade de soja est\u00e3o associadas com altera\u00e7\u00f5es que podem vir a ocorrer no momento de forma\u00e7\u00e3o dos componentes de produ\u00e7\u00e3o da cultura, como n\u00famero de vagens e gr\u00e3os. Consequentemente, os processos que determinam o n\u00famero de vagens e gr\u00e3os por \u00e1rea desempenham papel importante na produtividade da cultura.\u00a0\u00a0<\/span><\/p>\n<p><span style=\"font-weight: 400;\">A <strong>taxa de forma\u00e7\u00e3o de flores e vagens est\u00e1 relacionada \u00e0 forma\u00e7\u00e3o de ramos laterais nas plantas<\/strong>, j\u00e1 que a forma\u00e7\u00e3o de flores ocorre nas axilas presentes nos ramos laterais, a qual \u00e9 coordenada pelo balan\u00e7o entre os horm\u00f4nios auxina e citocinina. <\/span><\/p>\n<p><span style=\"font-weight: 400;\">A citocinina se apresenta como fator principal na indu\u00e7\u00e3o de forma\u00e7\u00e3o de flores, pois, est\u00e1 envolvida no processo de divis\u00e3o, expans\u00e3o, alongamento e diferencia\u00e7\u00e3o celular, al\u00e9m do crescimento da gema axilar e forma\u00e7\u00e3o dos prim\u00f3rdios foliares, o que repercute na maior ou menor produtividade da cultura ao final de seu ciclo.<\/span><\/p>\n<p><span style=\"font-weight: 400;\">A densidade de plantas \u00e9 outro fator de grande import\u00e2ncia para o crescimento e a produtividade de soja. Quando a <strong>densidade de plantas \u00e9 elevada, a forma\u00e7\u00e3o de ramos laterais diminui e, dessa forma, o n\u00famero de n\u00f3s dos ramos laterais decresce, interferindo na produtividade<\/strong>. <\/span><\/p>\n<p><span style=\"font-weight: 400;\">Situa\u00e7\u00f5es com elevada popula\u00e7\u00e3o de plantas desencadeia uma competi\u00e7\u00e3o por luz e pela absor\u00e7\u00e3o de nutrientes, sendo que estas plantas podem se tornar estioladas, com os caules finos e propensos ao acamamento.<\/span><\/p>\n<h2>Herbicidas e fito horm\u00f4nios visando a quebra da domin\u00e2ncia apical<\/h2>\n<p><span style=\"font-weight: 400;\">As maiores produtividades, s\u00e3o obtidas atrav\u00e9s da utiliza\u00e7\u00e3o de um conjunto de pr\u00e1ticas culturais, as quais ajudam a adequar o ambiente, de forma que a cultura possa alcan\u00e7ar o m\u00e1ximo potencial produtivo. <\/span><\/p>\n<p><span style=\"font-weight: 400;\">Dentre as pr\u00e1ticas que podem ser usadas para a cultura da soja, a aplica\u00e7\u00e3o de fitohorm\u00f4nios e reguladores de crescimento est\u00e1 sendo explorada cada dia mais. Alguns estudos indicam as auxinas, as citocininas (CKs) e as giberelinas (GAs) como fitohorm\u00f4nios promissores em melhorar as caracter\u00edsticas agron\u00f4micas de diversas culturas.<\/span><\/p>\n<p><span style=\"font-weight: 400;\">Os reguladores de crescimento s\u00e3o compostos qu\u00edmicos sinalizadores que atuam na regula\u00e7\u00e3o do crescimento e desenvolvimento de plantas. Normalmente, os reguladores est\u00e3o ligados a receptores na planta e desencadeiam uma s\u00e9rie de mudan\u00e7as celulares, as quais podem afetar a inicia\u00e7\u00e3o ou modifica\u00e7\u00e3o do desenvolvimento de \u00f3rg\u00e3os, ou tecidos.\u00a0<\/span><\/p>\n<p><span style=\"font-weight: 400;\">Os fitohorm\u00f4nios, ou horm\u00f4nios vegetais, s\u00e3o <strong>compostos org\u00e2nicos sintetizados em uma parte espec\u00edfica da planta e transportados para outra parte na qual em pequenas concentra\u00e7\u00f5es causam uma resposta fisiol\u00f3gica<\/strong>. <\/span><\/p>\n<p><span style=\"font-weight: 400;\">Os horm\u00f4nios vegetais podem causar modifica\u00e7\u00f5es fisiol\u00f3gicas ou morfol\u00f3gicas, influenciando a germina\u00e7\u00e3o, crescimento e desenvolvimento vegetal, florescimento, frutifica\u00e7\u00e3o, senesc\u00eancia e abscis\u00e3o de folhas ou flores.\u00a0<\/span><\/p>\n<p><span style=\"font-weight: 400;\">Os herbicidas lactofen e carfentrazone, t\u00eam sido utilizados por sojicultores, que acreditam na sua capacidade indireta em diminuir o porte de plantas de soja. Como s\u00e3o herbicidas inibidores da enzima protoporfirinog\u00eanio oxidase (PROTOX), as a\u00e7\u00f5es de tais produtos geram o ac\u00famulo de compostos fotodin\u00e2micos como a protoporfirina IX, que interfere negativamente na fotoss\u00edntese, respira\u00e7\u00e3o e cadeia de transporte de el\u00e9trons na planta.<\/span><\/p>\n<p><span style=\"font-weight: 400;\">Mecanismos que levam \u00e0 <strong>quebra da domin\u00e2ncia apical e, consequentemente, a menor altura de plantas, causam desbalan\u00e7o hormonal interno<\/strong>. <\/span><\/p>\n<p><span style=\"font-weight: 400;\">Ap\u00f3s a quebra da domin\u00e2ncia apical, os n\u00edveis de auxina na planta diminuem, diminuindo os n\u00edveis de \u00e1cido absc\u00edsico e o transporte de nutrientes e citocininas das ra\u00edzes para a gema lateral. Devido a esse efeito, acredita-se na possibilidade de se conseguir um aumento no n\u00famero de ramos laterais de plantas de soja.<\/span><\/p>\n<p><span style=\"font-weight: 400;\">Na maioria das plantas, o <strong>crescimento da gema apical inibe o crescimento das gemas laterais, fen\u00f4meno denominado de domin\u00e2ncia apical<\/strong>. As citocininas tem um grande potencial na indu\u00e7\u00e3o da divis\u00e3o celular, em conjunto com as auxinas. <\/span><\/p>\n<p><span style=\"font-weight: 400;\">Esses dois horm\u00f4nios vegetais interagem no controle da domin\u00e2ncia apical, sendo que a rela\u00e7\u00e3o \u00e9 antag\u00f4nica, uma vez que a auxina impede o crescimento de gemas laterais e a citocinina estimula esse crescimento.<\/span><\/p>\n<p><img loading=\"lazy\" decoding=\"async\" class=\"aligncenter wp-image-21618 size-full\" src=\"https:\/\/rehagro.com.br\/blog\/wp-content\/uploads\/2020\/06\/quebra-dominancia-apical-4.jpg\" alt=\"Intera\u00e7\u00e3o entre a auxina e citocinina na regula\u00e7\u00e3o do desenvolvimento das gemas laterais na cultura de soja.\" width=\"816\" height=\"479\" srcset=\"https:\/\/rehagro.com.br\/blog\/wp-content\/uploads\/2020\/06\/quebra-dominancia-apical-4.jpg 816w, https:\/\/rehagro.com.br\/blog\/wp-content\/uploads\/2020\/06\/quebra-dominancia-apical-4-300x176.jpg 300w, https:\/\/rehagro.com.br\/blog\/wp-content\/uploads\/2020\/06\/quebra-dominancia-apical-4-768x451.jpg 768w, https:\/\/rehagro.com.br\/blog\/wp-content\/uploads\/2020\/06\/quebra-dominancia-apical-4-370x217.jpg 370w, https:\/\/rehagro.com.br\/blog\/wp-content\/uploads\/2020\/06\/quebra-dominancia-apical-4-270x158.jpg 270w, https:\/\/rehagro.com.br\/blog\/wp-content\/uploads\/2020\/06\/quebra-dominancia-apical-4-740x434.jpg 740w, https:\/\/rehagro.com.br\/blog\/wp-content\/uploads\/2020\/06\/quebra-dominancia-apical-4-150x88.jpg 150w\" sizes=\"auto, (max-width: 816px) 100vw, 816px\" \/><\/p>\n<p style=\"text-align: center;\"><span style=\"font-weight: 400; font-size: 8pt;\">Intera\u00e7\u00e3o entre a auxina (AIA) e citocinina (CK) na regula\u00e7\u00e3o do desenvolvimento \u00a0 das gemas laterais. Fonte: (MASON et al., 2014).<\/span><\/p>\n<p><span style=\"font-weight: 400;\">As altera\u00e7\u00f5es causadas no interior e exterior da planta ap\u00f3s o uso de reguladores de crescimento, podem vir a modificar o metabolismo interno da planta, de modo que esta poder\u00e1 alterar a rota dos carboidratos, fazendo com que estes sejam acumulados em outros tecidos da planta. <\/span><\/p>\n<p><span style=\"font-weight: 400;\">Os a\u00e7\u00facares em abund\u00e2ncia promovem o crescimento e o armazenamento de carboidratos nos drenos e, quando a taxa de fotoss\u00edntese \u00e9 alta, ocorre o ac\u00famulo de a\u00e7\u00facares totais nas folhas.<\/span><\/p>\n<p>&nbsp;<\/p>\n<p><img loading=\"lazy\" decoding=\"async\" class=\"aligncenter wp-image-16049 size-medium\" src=\"https:\/\/rehagro.com.br\/blog\/wp-content\/uploads\/2022\/11\/alessandro-alvarenga-300x96.jpg\" alt=\"Alessandro Alvarenga\" width=\"300\" height=\"96\" srcset=\"https:\/\/rehagro.com.br\/blog\/wp-content\/uploads\/2022\/11\/alessandro-alvarenga-300x96.jpg 300w, https:\/\/rehagro.com.br\/blog\/wp-content\/uploads\/2022\/11\/alessandro-alvarenga-768x246.jpg 768w, https:\/\/rehagro.com.br\/blog\/wp-content\/uploads\/2022\/11\/alessandro-alvarenga-370x118.jpg 370w, https:\/\/rehagro.com.br\/blog\/wp-content\/uploads\/2022\/11\/alessandro-alvarenga-270x86.jpg 270w, https:\/\/rehagro.com.br\/blog\/wp-content\/uploads\/2022\/11\/alessandro-alvarenga-740x237.jpg 740w, https:\/\/rehagro.com.br\/blog\/wp-content\/uploads\/2022\/11\/alessandro-alvarenga-150x48.jpg 150w, https:\/\/rehagro.com.br\/blog\/wp-content\/uploads\/2022\/11\/alessandro-alvarenga.jpg 975w\" sizes=\"auto, (max-width: 300px) 100vw, 300px\" \/><\/p>\n","protected":false},"excerpt":{"rendered":"<p>O Brasil ocupa posi\u00e7\u00e3o de destaque no cen\u00e1rio mundial na produ\u00e7\u00e3o de soja, devido ao melhoramento gen\u00e9tico. Isso possibilitou o lan\u00e7amento de cultivares adaptadas a todo o territ\u00f3rio, al\u00e9m, principalmente, dos conhecimentos gerados em rela\u00e7\u00e3o ao manejo de solos tropicais. Nos \u00faltimos anos, muitos avan\u00e7os no manejo da fertilidade do solo, pragas, doen\u00e7as e plantas [&hellip;]<\/p>\n","protected":false},"author":21,"featured_media":21619,"comment_status":"open","ping_status":"open","sticky":false,"template":"","format":"standard","meta":{"footnotes":""},"categories":[213],"tags":[340,790,792,249,626,701],"class_list":["post-7701","post","type-post","status-publish","format-standard","has-post-thumbnail","hentry","category-graos","tag-agricultura","tag-cultivar-de-soja","tag-cultura-da-soja","tag-graos","tag-producao-de-graos","tag-soja"],"yoast_head":"<!-- This site is optimized with the Yoast SEO plugin v27.5 - https:\/\/yoast.com\/product\/yoast-seo-wordpress\/ -->\n<title>Quebra da domin\u00e2ncia apical na soja: o que \u00e9 e qual import\u00e2ncia<\/title>\n<meta name=\"description\" content=\"Entenda o conceito de domin\u00e2ncia apical, como a quebra desse controle hormonal estimula o crescimento de ramos laterais na cultura da soja.\" \/>\n<meta name=\"robots\" content=\"index, follow, max-snippet:-1, max-image-preview:large, max-video-preview:-1\" \/>\n<link rel=\"canonical\" href=\"https:\/\/rehagro.com.br\/blog\/quebra-da-dominancia-apical-na-cultura-da-soja\/\" \/>\n<meta property=\"og:locale\" content=\"pt_BR\" \/>\n<meta property=\"og:type\" content=\"article\" \/>\n<meta property=\"og:title\" content=\"Quebra da domin\u00e2ncia apical na soja: o que \u00e9 e qual import\u00e2ncia\" \/>\n<meta property=\"og:description\" content=\"Entenda o conceito de domin\u00e2ncia apical, como a quebra desse controle hormonal estimula o crescimento de ramos laterais na cultura da soja.\" \/>\n<meta property=\"og:url\" content=\"https:\/\/rehagro.com.br\/blog\/quebra-da-dominancia-apical-na-cultura-da-soja\/\" \/>\n<meta property=\"og:site_name\" content=\"Rehagro Blog\" \/>\n<meta property=\"article:published_time\" content=\"2020-06-03T17:00:19+00:00\" \/>\n<meta property=\"article:modified_time\" content=\"2026-01-30T19:04:13+00:00\" \/>\n<meta property=\"og:image\" content=\"https:\/\/rehagro.com.br\/blog\/wp-content\/uploads\/2020\/06\/graos-soja.jpg\" \/>\n\t<meta property=\"og:image:width\" content=\"1280\" \/>\n\t<meta property=\"og:image:height\" content=\"856\" \/>\n\t<meta property=\"og:image:type\" content=\"image\/jpeg\" \/>\n<meta name=\"author\" content=\"Jo\u00e3o Pedro Azevedo\" \/>\n<meta name=\"twitter:card\" content=\"summary_large_image\" \/>\n<meta name=\"twitter:label1\" content=\"Escrito por\" \/>\n\t<meta name=\"twitter:data1\" content=\"Jo\u00e3o Pedro Azevedo\" \/>\n\t<meta name=\"twitter:label2\" content=\"Est. tempo de leitura\" \/>\n\t<meta name=\"twitter:data2\" content=\"8 minutos\" \/>\n<script type=\"application\/ld+json\" class=\"yoast-schema-graph\">{\"@context\":\"https:\\\/\\\/schema.org\",\"@graph\":[{\"@type\":\"Article\",\"@id\":\"https:\\\/\\\/rehagro.com.br\\\/blog\\\/quebra-da-dominancia-apical-na-cultura-da-soja\\\/#article\",\"isPartOf\":{\"@id\":\"https:\\\/\\\/rehagro.com.br\\\/blog\\\/quebra-da-dominancia-apical-na-cultura-da-soja\\\/\"},\"author\":{\"name\":\"Jo\u00e3o Pedro Azevedo\",\"@id\":\"https:\\\/\\\/rehagro.com.br\\\/blog\\\/#\\\/schema\\\/person\\\/f2d1ae51b04939615ceebb3c0bfd8a94\"},\"headline\":\"Quebra da domin\u00e2ncia apical na cultura da soja: como ela influencia o desenvolvimento?\",\"datePublished\":\"2020-06-03T17:00:19+00:00\",\"dateModified\":\"2026-01-30T19:04:13+00:00\",\"mainEntityOfPage\":{\"@id\":\"https:\\\/\\\/rehagro.com.br\\\/blog\\\/quebra-da-dominancia-apical-na-cultura-da-soja\\\/\"},\"wordCount\":1360,\"commentCount\":0,\"publisher\":{\"@id\":\"https:\\\/\\\/rehagro.com.br\\\/blog\\\/#organization\"},\"image\":{\"@id\":\"https:\\\/\\\/rehagro.com.br\\\/blog\\\/quebra-da-dominancia-apical-na-cultura-da-soja\\\/#primaryimage\"},\"thumbnailUrl\":\"https:\\\/\\\/rehagro.com.br\\\/blog\\\/wp-content\\\/uploads\\\/2020\\\/06\\\/graos-soja.jpg\",\"keywords\":[\"agricultura\",\"cultivar de soja\",\"cultura da soja\",\"gr\u00e3os\",\"produ\u00e7\u00e3o de gr\u00e3os\",\"soja\"],\"articleSection\":[\"GR\u00c3OS\"],\"inLanguage\":\"pt-BR\",\"potentialAction\":[{\"@type\":\"CommentAction\",\"name\":\"Comment\",\"target\":[\"https:\\\/\\\/rehagro.com.br\\\/blog\\\/quebra-da-dominancia-apical-na-cultura-da-soja\\\/#respond\"]}]},{\"@type\":\"WebPage\",\"@id\":\"https:\\\/\\\/rehagro.com.br\\\/blog\\\/quebra-da-dominancia-apical-na-cultura-da-soja\\\/\",\"url\":\"https:\\\/\\\/rehagro.com.br\\\/blog\\\/quebra-da-dominancia-apical-na-cultura-da-soja\\\/\",\"name\":\"Quebra da domin\u00e2ncia apical na soja: o que \u00e9 e qual import\u00e2ncia\",\"isPartOf\":{\"@id\":\"https:\\\/\\\/rehagro.com.br\\\/blog\\\/#website\"},\"primaryImageOfPage\":{\"@id\":\"https:\\\/\\\/rehagro.com.br\\\/blog\\\/quebra-da-dominancia-apical-na-cultura-da-soja\\\/#primaryimage\"},\"image\":{\"@id\":\"https:\\\/\\\/rehagro.com.br\\\/blog\\\/quebra-da-dominancia-apical-na-cultura-da-soja\\\/#primaryimage\"},\"thumbnailUrl\":\"https:\\\/\\\/rehagro.com.br\\\/blog\\\/wp-content\\\/uploads\\\/2020\\\/06\\\/graos-soja.jpg\",\"datePublished\":\"2020-06-03T17:00:19+00:00\",\"dateModified\":\"2026-01-30T19:04:13+00:00\",\"description\":\"Entenda o conceito de domin\u00e2ncia apical, como a quebra desse controle hormonal estimula o crescimento de ramos laterais na cultura da soja.\",\"breadcrumb\":{\"@id\":\"https:\\\/\\\/rehagro.com.br\\\/blog\\\/quebra-da-dominancia-apical-na-cultura-da-soja\\\/#breadcrumb\"},\"inLanguage\":\"pt-BR\",\"potentialAction\":[{\"@type\":\"ReadAction\",\"target\":[\"https:\\\/\\\/rehagro.com.br\\\/blog\\\/quebra-da-dominancia-apical-na-cultura-da-soja\\\/\"]}]},{\"@type\":\"ImageObject\",\"inLanguage\":\"pt-BR\",\"@id\":\"https:\\\/\\\/rehagro.com.br\\\/blog\\\/quebra-da-dominancia-apical-na-cultura-da-soja\\\/#primaryimage\",\"url\":\"https:\\\/\\\/rehagro.com.br\\\/blog\\\/wp-content\\\/uploads\\\/2020\\\/06\\\/graos-soja.jpg\",\"contentUrl\":\"https:\\\/\\\/rehagro.com.br\\\/blog\\\/wp-content\\\/uploads\\\/2020\\\/06\\\/graos-soja.jpg\",\"width\":1280,\"height\":856,\"caption\":\"Gr\u00e3os de soja ap\u00f3s colheita\"},{\"@type\":\"BreadcrumbList\",\"@id\":\"https:\\\/\\\/rehagro.com.br\\\/blog\\\/quebra-da-dominancia-apical-na-cultura-da-soja\\\/#breadcrumb\",\"itemListElement\":[{\"@type\":\"ListItem\",\"position\":1,\"name\":\"In\u00edcio\",\"item\":\"https:\\\/\\\/rehagro.com.br\\\/blog\\\/\"},{\"@type\":\"ListItem\",\"position\":2,\"name\":\"Quebra da domin\u00e2ncia apical na cultura da soja: como ela influencia o desenvolvimento?\"}]},{\"@type\":\"WebSite\",\"@id\":\"https:\\\/\\\/rehagro.com.br\\\/blog\\\/#website\",\"url\":\"https:\\\/\\\/rehagro.com.br\\\/blog\\\/\",\"name\":\"Rehagro Blog\",\"description\":\"\",\"publisher\":{\"@id\":\"https:\\\/\\\/rehagro.com.br\\\/blog\\\/#organization\"},\"potentialAction\":[{\"@type\":\"SearchAction\",\"target\":{\"@type\":\"EntryPoint\",\"urlTemplate\":\"https:\\\/\\\/rehagro.com.br\\\/blog\\\/?s={search_term_string}\"},\"query-input\":{\"@type\":\"PropertyValueSpecification\",\"valueRequired\":true,\"valueName\":\"search_term_string\"}}],\"inLanguage\":\"pt-BR\"},{\"@type\":\"Organization\",\"@id\":\"https:\\\/\\\/rehagro.com.br\\\/blog\\\/#organization\",\"name\":\"Rehagro\",\"url\":\"https:\\\/\\\/rehagro.com.br\\\/blog\\\/\",\"logo\":{\"@type\":\"ImageObject\",\"inLanguage\":\"pt-BR\",\"@id\":\"https:\\\/\\\/rehagro.com.br\\\/blog\\\/#\\\/schema\\\/logo\\\/image\\\/\",\"url\":\"https:\\\/\\\/rehagro.com.br\\\/blog\\\/wp-content\\\/uploads\\\/2018\\\/05\\\/logo-rehagro.png\",\"contentUrl\":\"https:\\\/\\\/rehagro.com.br\\\/blog\\\/wp-content\\\/uploads\\\/2018\\\/05\\\/logo-rehagro.png\",\"width\":400,\"height\":115,\"caption\":\"Rehagro\"},\"image\":{\"@id\":\"https:\\\/\\\/rehagro.com.br\\\/blog\\\/#\\\/schema\\\/logo\\\/image\\\/\"}},{\"@type\":\"Person\",\"@id\":\"https:\\\/\\\/rehagro.com.br\\\/blog\\\/#\\\/schema\\\/person\\\/f2d1ae51b04939615ceebb3c0bfd8a94\",\"name\":\"Jo\u00e3o Pedro Azevedo\",\"image\":{\"@type\":\"ImageObject\",\"inLanguage\":\"pt-BR\",\"@id\":\"https:\\\/\\\/secure.gravatar.com\\\/avatar\\\/34aacffb2f10625483f480470f3274778dd1c183ba4f66444bb60ae92149bf8a?s=96&d=mm&r=g\",\"url\":\"https:\\\/\\\/secure.gravatar.com\\\/avatar\\\/34aacffb2f10625483f480470f3274778dd1c183ba4f66444bb60ae92149bf8a?s=96&d=mm&r=g\",\"contentUrl\":\"https:\\\/\\\/secure.gravatar.com\\\/avatar\\\/34aacffb2f10625483f480470f3274778dd1c183ba4f66444bb60ae92149bf8a?s=96&d=mm&r=g\",\"caption\":\"Jo\u00e3o Pedro Azevedo\"},\"url\":\"https:\\\/\\\/rehagro.com.br\\\/blog\\\/author\\\/joao-pedro\\\/\"}]}<\/script>\n<!-- \/ Yoast SEO plugin. -->","yoast_head_json":{"title":"Quebra da domin\u00e2ncia apical na soja: o que \u00e9 e qual import\u00e2ncia","description":"Entenda o conceito de domin\u00e2ncia apical, como a quebra desse controle hormonal estimula o crescimento de ramos laterais na cultura da soja.","robots":{"index":"index","follow":"follow","max-snippet":"max-snippet:-1","max-image-preview":"max-image-preview:large","max-video-preview":"max-video-preview:-1"},"canonical":"https:\/\/rehagro.com.br\/blog\/quebra-da-dominancia-apical-na-cultura-da-soja\/","og_locale":"pt_BR","og_type":"article","og_title":"Quebra da domin\u00e2ncia apical na soja: o que \u00e9 e qual import\u00e2ncia","og_description":"Entenda o conceito de domin\u00e2ncia apical, como a quebra desse controle hormonal estimula o crescimento de ramos laterais na cultura da soja.","og_url":"https:\/\/rehagro.com.br\/blog\/quebra-da-dominancia-apical-na-cultura-da-soja\/","og_site_name":"Rehagro Blog","article_published_time":"2020-06-03T17:00:19+00:00","article_modified_time":"2026-01-30T19:04:13+00:00","og_image":[{"width":1280,"height":856,"url":"https:\/\/rehagro.com.br\/blog\/wp-content\/uploads\/2020\/06\/graos-soja.jpg","type":"image\/jpeg"}],"author":"Jo\u00e3o Pedro Azevedo","twitter_card":"summary_large_image","twitter_misc":{"Escrito por":"Jo\u00e3o Pedro Azevedo","Est. tempo de leitura":"8 minutos"},"schema":{"@context":"https:\/\/schema.org","@graph":[{"@type":"Article","@id":"https:\/\/rehagro.com.br\/blog\/quebra-da-dominancia-apical-na-cultura-da-soja\/#article","isPartOf":{"@id":"https:\/\/rehagro.com.br\/blog\/quebra-da-dominancia-apical-na-cultura-da-soja\/"},"author":{"name":"Jo\u00e3o Pedro Azevedo","@id":"https:\/\/rehagro.com.br\/blog\/#\/schema\/person\/f2d1ae51b04939615ceebb3c0bfd8a94"},"headline":"Quebra da domin\u00e2ncia apical na cultura da soja: como ela influencia o desenvolvimento?","datePublished":"2020-06-03T17:00:19+00:00","dateModified":"2026-01-30T19:04:13+00:00","mainEntityOfPage":{"@id":"https:\/\/rehagro.com.br\/blog\/quebra-da-dominancia-apical-na-cultura-da-soja\/"},"wordCount":1360,"commentCount":0,"publisher":{"@id":"https:\/\/rehagro.com.br\/blog\/#organization"},"image":{"@id":"https:\/\/rehagro.com.br\/blog\/quebra-da-dominancia-apical-na-cultura-da-soja\/#primaryimage"},"thumbnailUrl":"https:\/\/rehagro.com.br\/blog\/wp-content\/uploads\/2020\/06\/graos-soja.jpg","keywords":["agricultura","cultivar de soja","cultura da soja","gr\u00e3os","produ\u00e7\u00e3o de gr\u00e3os","soja"],"articleSection":["GR\u00c3OS"],"inLanguage":"pt-BR","potentialAction":[{"@type":"CommentAction","name":"Comment","target":["https:\/\/rehagro.com.br\/blog\/quebra-da-dominancia-apical-na-cultura-da-soja\/#respond"]}]},{"@type":"WebPage","@id":"https:\/\/rehagro.com.br\/blog\/quebra-da-dominancia-apical-na-cultura-da-soja\/","url":"https:\/\/rehagro.com.br\/blog\/quebra-da-dominancia-apical-na-cultura-da-soja\/","name":"Quebra da domin\u00e2ncia apical na soja: o que \u00e9 e qual import\u00e2ncia","isPartOf":{"@id":"https:\/\/rehagro.com.br\/blog\/#website"},"primaryImageOfPage":{"@id":"https:\/\/rehagro.com.br\/blog\/quebra-da-dominancia-apical-na-cultura-da-soja\/#primaryimage"},"image":{"@id":"https:\/\/rehagro.com.br\/blog\/quebra-da-dominancia-apical-na-cultura-da-soja\/#primaryimage"},"thumbnailUrl":"https:\/\/rehagro.com.br\/blog\/wp-content\/uploads\/2020\/06\/graos-soja.jpg","datePublished":"2020-06-03T17:00:19+00:00","dateModified":"2026-01-30T19:04:13+00:00","description":"Entenda o conceito de domin\u00e2ncia apical, como a quebra desse controle hormonal estimula o crescimento de ramos laterais na cultura da soja.","breadcrumb":{"@id":"https:\/\/rehagro.com.br\/blog\/quebra-da-dominancia-apical-na-cultura-da-soja\/#breadcrumb"},"inLanguage":"pt-BR","potentialAction":[{"@type":"ReadAction","target":["https:\/\/rehagro.com.br\/blog\/quebra-da-dominancia-apical-na-cultura-da-soja\/"]}]},{"@type":"ImageObject","inLanguage":"pt-BR","@id":"https:\/\/rehagro.com.br\/blog\/quebra-da-dominancia-apical-na-cultura-da-soja\/#primaryimage","url":"https:\/\/rehagro.com.br\/blog\/wp-content\/uploads\/2020\/06\/graos-soja.jpg","contentUrl":"https:\/\/rehagro.com.br\/blog\/wp-content\/uploads\/2020\/06\/graos-soja.jpg","width":1280,"height":856,"caption":"Gr\u00e3os de soja ap\u00f3s colheita"},{"@type":"BreadcrumbList","@id":"https:\/\/rehagro.com.br\/blog\/quebra-da-dominancia-apical-na-cultura-da-soja\/#breadcrumb","itemListElement":[{"@type":"ListItem","position":1,"name":"In\u00edcio","item":"https:\/\/rehagro.com.br\/blog\/"},{"@type":"ListItem","position":2,"name":"Quebra da domin\u00e2ncia apical na cultura da soja: como ela influencia o desenvolvimento?"}]},{"@type":"WebSite","@id":"https:\/\/rehagro.com.br\/blog\/#website","url":"https:\/\/rehagro.com.br\/blog\/","name":"Rehagro Blog","description":"","publisher":{"@id":"https:\/\/rehagro.com.br\/blog\/#organization"},"potentialAction":[{"@type":"SearchAction","target":{"@type":"EntryPoint","urlTemplate":"https:\/\/rehagro.com.br\/blog\/?s={search_term_string}"},"query-input":{"@type":"PropertyValueSpecification","valueRequired":true,"valueName":"search_term_string"}}],"inLanguage":"pt-BR"},{"@type":"Organization","@id":"https:\/\/rehagro.com.br\/blog\/#organization","name":"Rehagro","url":"https:\/\/rehagro.com.br\/blog\/","logo":{"@type":"ImageObject","inLanguage":"pt-BR","@id":"https:\/\/rehagro.com.br\/blog\/#\/schema\/logo\/image\/","url":"https:\/\/rehagro.com.br\/blog\/wp-content\/uploads\/2018\/05\/logo-rehagro.png","contentUrl":"https:\/\/rehagro.com.br\/blog\/wp-content\/uploads\/2018\/05\/logo-rehagro.png","width":400,"height":115,"caption":"Rehagro"},"image":{"@id":"https:\/\/rehagro.com.br\/blog\/#\/schema\/logo\/image\/"}},{"@type":"Person","@id":"https:\/\/rehagro.com.br\/blog\/#\/schema\/person\/f2d1ae51b04939615ceebb3c0bfd8a94","name":"Jo\u00e3o Pedro Azevedo","image":{"@type":"ImageObject","inLanguage":"pt-BR","@id":"https:\/\/secure.gravatar.com\/avatar\/34aacffb2f10625483f480470f3274778dd1c183ba4f66444bb60ae92149bf8a?s=96&d=mm&r=g","url":"https:\/\/secure.gravatar.com\/avatar\/34aacffb2f10625483f480470f3274778dd1c183ba4f66444bb60ae92149bf8a?s=96&d=mm&r=g","contentUrl":"https:\/\/secure.gravatar.com\/avatar\/34aacffb2f10625483f480470f3274778dd1c183ba4f66444bb60ae92149bf8a?s=96&d=mm&r=g","caption":"Jo\u00e3o Pedro Azevedo"},"url":"https:\/\/rehagro.com.br\/blog\/author\/joao-pedro\/"}]}},"_links":{"self":[{"href":"https:\/\/rehagro.com.br\/blog\/wp-json\/wp\/v2\/posts\/7701","targetHints":{"allow":["GET"]}}],"collection":[{"href":"https:\/\/rehagro.com.br\/blog\/wp-json\/wp\/v2\/posts"}],"about":[{"href":"https:\/\/rehagro.com.br\/blog\/wp-json\/wp\/v2\/types\/post"}],"author":[{"embeddable":true,"href":"https:\/\/rehagro.com.br\/blog\/wp-json\/wp\/v2\/users\/21"}],"replies":[{"embeddable":true,"href":"https:\/\/rehagro.com.br\/blog\/wp-json\/wp\/v2\/comments?post=7701"}],"version-history":[{"count":37,"href":"https:\/\/rehagro.com.br\/blog\/wp-json\/wp\/v2\/posts\/7701\/revisions"}],"predecessor-version":[{"id":41306,"href":"https:\/\/rehagro.com.br\/blog\/wp-json\/wp\/v2\/posts\/7701\/revisions\/41306"}],"wp:featuredmedia":[{"embeddable":true,"href":"https:\/\/rehagro.com.br\/blog\/wp-json\/wp\/v2\/media\/21619"}],"wp:attachment":[{"href":"https:\/\/rehagro.com.br\/blog\/wp-json\/wp\/v2\/media?parent=7701"}],"wp:term":[{"taxonomy":"category","embeddable":true,"href":"https:\/\/rehagro.com.br\/blog\/wp-json\/wp\/v2\/categories?post=7701"},{"taxonomy":"post_tag","embeddable":true,"href":"https:\/\/rehagro.com.br\/blog\/wp-json\/wp\/v2\/tags?post=7701"}],"curies":[{"name":"wp","href":"https:\/\/api.w.org\/{rel}","templated":true}]}}