{"id":7531,"date":"2020-05-12T10:00:41","date_gmt":"2020-05-12T13:00:41","guid":{"rendered":"https:\/\/rehagro.com.br\/blog\/?p=7531"},"modified":"2026-04-08T15:41:19","modified_gmt":"2026-04-08T18:41:19","slug":"sintomas-de-deficiencias-nutricionais-em-cafeeiro","status":"publish","type":"post","link":"https:\/\/rehagro.com.br\/blog\/sintomas-de-deficiencias-nutricionais-em-cafeeiro\/","title":{"rendered":"Defici\u00eancias nutricionais do cafeeiro: veja os principais sintomas"},"content":{"rendered":"<p>Assim como n\u00f3s, as plantas tamb\u00e9m apresentam sintomas quando algo n\u00e3o vai bem, como no caso das <strong>defici\u00eancias nutricionais<\/strong>.<\/p>\n<p>E quando eles aparecem, as altera\u00e7\u00f5es no metabolismo das plantas e consequentes preju\u00edzos na produ\u00e7\u00e3o e na <strong><a href=\"https:\/\/rehagro.com.br\/blog\/dicas-para-uma-pos-colheita-do-cafe-de-qualidade\/\" target=\"_blank\" rel=\"noopener\">qualidade do caf\u00e9<\/a><\/strong> j\u00e1 est\u00e3o a todo vapor.<\/p>\n<p>Saiba como identificar esses sintomas e entenda se sua lavoura de caf\u00e9 est\u00e1 sofrendo pela falta de nutrientes.<\/p>\n<div style=\"background-color: #efefef; padding-left: 10px; padding-right: 5px; border-radius: 10px;\">\n<p>&nbsp;<\/p>\n<p style=\"text-align: center;\"><strong><span style=\"font-size: 14pt;\">Sem tempo para ler agora? Baixe este artigo em PDF!<\/span><\/strong><\/p>\n<p><script charset=\"utf-8\" type=\"text\/javascript\" src=\"\/\/js.hsforms.net\/forms\/v2.js\"><\/script><br \/>\n<script>\n  hbspt.forms.create({\n    region: \"na1\",\n    portalId: \"5430441\",\n    formId: \"7dcaf60d-0e23-40ed-8b40-9b8cb07b4128\",\n    version: \"V2_PRERELEASE\"\n  });\n<\/script><\/p>\n<\/div>\n<h2>Macronutrientes e micronutrientes<\/h2>\n<p>Os macronutrientes s\u00e3o os <a href=\"https:\/\/rehagro.com.br\/blog\/nutrientes-para-o-cafeeiro\/\" target=\"_blank\" rel=\"noopener\"><strong>nutrientes<\/strong><\/a> que s\u00e3o demandados em maior quantidade pela planta do cafeeiro. S\u00e3o eles:<\/p>\n<ul>\n<li><strong><a href=\"https:\/\/rehagro.com.br\/blog\/nitrogenio-na-cultura-do-cafe\/\" target=\"_blank\" rel=\"noopener\"><span style=\"font-size: 12pt;\">Nitrog\u00eanio (N);<\/span><\/a><\/strong><\/li>\n<li><span style=\"font-size: 12pt;\">F\u00f3sforo (P);<\/span><\/li>\n<li><span style=\"font-size: 12pt;\"><a href=\"https:\/\/rehagro.com.br\/blog\/potassio-na-cultura-do-cafe\/\" target=\"_blank\" rel=\"noopener\"><strong>Pot\u00e1ssio (K)<\/strong><\/a>;<\/span><\/li>\n<li><span style=\"font-size: 12pt;\">C\u00e1lcio (Ca);<\/span><\/li>\n<li><span style=\"font-size: 12pt;\">Magn\u00e9sio (Mg);<\/span><\/li>\n<li><span style=\"font-size: 12pt;\">Enxofre (S).<\/span><\/li>\n<\/ul>\n<p>Os micronutrientes, demandados em menor quantidade, s\u00e3o:<\/p>\n<ul>\n<li>Cobre (Cu);<\/li>\n<li>Boro (B);<\/li>\n<li>Mangan\u00eas (Mn);<\/li>\n<li>Zinco (Zn);<\/li>\n<li>Ferro (Fe).<\/li>\n<\/ul>\n<p><a href=\"https:\/\/conteudo.rehagro.com.br\/guia-identificacao-de-deficiencia-nutricional-no-cafeeiro?utm_campaign=material-cafe&amp;utm_source=guia-deficiencia-nutricional&amp;utm_medium=blog\" target=\"_blank\" rel=\"noopener\"><img loading=\"lazy\" decoding=\"async\" class=\"aligncenter wp-image-39677 size-full\" title=\"Clique e baixe o material gratuitamente!\" src=\"https:\/\/rehagro.com.br\/blog\/wp-content\/uploads\/2025\/09\/banner-guia-deficiencias-nutricionais-cafeeiro.png\" alt=\"Guia Defici\u00eancias nutricionais no cafeeiro\" width=\"980\" height=\"317\" srcset=\"https:\/\/rehagro.com.br\/blog\/wp-content\/uploads\/2025\/09\/banner-guia-deficiencias-nutricionais-cafeeiro.png 980w, https:\/\/rehagro.com.br\/blog\/wp-content\/uploads\/2025\/09\/banner-guia-deficiencias-nutricionais-cafeeiro-300x97.png 300w, https:\/\/rehagro.com.br\/blog\/wp-content\/uploads\/2025\/09\/banner-guia-deficiencias-nutricionais-cafeeiro-768x248.png 768w, https:\/\/rehagro.com.br\/blog\/wp-content\/uploads\/2025\/09\/banner-guia-deficiencias-nutricionais-cafeeiro-370x120.png 370w, https:\/\/rehagro.com.br\/blog\/wp-content\/uploads\/2025\/09\/banner-guia-deficiencias-nutricionais-cafeeiro-270x87.png 270w, https:\/\/rehagro.com.br\/blog\/wp-content\/uploads\/2025\/09\/banner-guia-deficiencias-nutricionais-cafeeiro-740x239.png 740w, https:\/\/rehagro.com.br\/blog\/wp-content\/uploads\/2025\/09\/banner-guia-deficiencias-nutricionais-cafeeiro-150x49.png 150w\" sizes=\"auto, (max-width: 980px) 100vw, 980px\" \/><\/a><\/p>\n<h2>Defici\u00eancias nutricionais que aparecem em folhas velhas<\/h2>\n<p>Os nutrientes que s\u00e3o m\u00f3veis nas plantas apresentam os sintomas de defici\u00eancia inicialmente em folhas velhas. Isso ocorre pois ele \u00e9 facilmente mobilizado das folhas mais velhas para as folhas mais jovens.<\/p>\n<ul>\n<li style=\"font-weight: 400;\">Nitrog\u00eanio (N);<\/li>\n<li style=\"font-weight: 400;\"><strong><a href=\"https:\/\/rehagro.com.br\/blog\/fosfatagem-no-cafeeiro\/\" target=\"_blank\" rel=\"noopener\">F\u00f3sforo (P)<\/a><\/strong>;<\/li>\n<li style=\"font-weight: 400;\">Pot\u00e1ssio (K);<\/li>\n<li style=\"font-weight: 400;\"><a href=\"https:\/\/rehagro.com.br\/blog\/deficiencia-de-magnesio\/\" target=\"_blank\" rel=\"noopener\"><strong>Magn\u00e9sio (Mg)<\/strong><\/a>;<\/li>\n<\/ul>\n<h3>Defici\u00eancia de Nitrog\u00eanio (N)<\/h3>\n<p><span style=\"font-weight: 400;\">Os sintomas da defici\u00eancia de nitrog\u00eanio aparecem inicialmente em folhas velhas, sendo caracterizado por clorose (amarelecimento) generalizado.<\/span><\/p>\n<p><img loading=\"lazy\" decoding=\"async\" class=\"aligncenter wp-image-22629 size-full\" src=\"https:\/\/rehagro.com.br\/blog\/wp-content\/uploads\/2020\/05\/deficiencia-nutricional-cafeeiro-1.jpg\" alt=\"Cafeeiro com sintomas de defici\u00eancia de nitrog\u00eanio\" width=\"455\" height=\"267\" srcset=\"https:\/\/rehagro.com.br\/blog\/wp-content\/uploads\/2020\/05\/deficiencia-nutricional-cafeeiro-1.jpg 455w, https:\/\/rehagro.com.br\/blog\/wp-content\/uploads\/2020\/05\/deficiencia-nutricional-cafeeiro-1-300x176.jpg 300w, https:\/\/rehagro.com.br\/blog\/wp-content\/uploads\/2020\/05\/deficiencia-nutricional-cafeeiro-1-370x217.jpg 370w, https:\/\/rehagro.com.br\/blog\/wp-content\/uploads\/2020\/05\/deficiencia-nutricional-cafeeiro-1-270x158.jpg 270w, https:\/\/rehagro.com.br\/blog\/wp-content\/uploads\/2020\/05\/deficiencia-nutricional-cafeeiro-1-150x88.jpg 150w\" sizes=\"auto, (max-width: 455px) 100vw, 455px\" \/><\/p>\n<h3>Defici\u00eancia de F\u00f3sforo (P)<\/h3>\n<p>Os sintomas aparecem inicialmente em folhas velhas, e \u00e9 caracterizado por folhas verdes sem brilho, podem amarelecer e apresentar grandes manchas pardas ou viol\u00e1ceas na ponta e no meio.<\/p>\n<p><img loading=\"lazy\" decoding=\"async\" class=\"aligncenter wp-image-22630 size-full\" src=\"https:\/\/rehagro.com.br\/blog\/wp-content\/uploads\/2020\/05\/deficiencia-nutricional-cafeeiro-2.jpg\" alt=\"Cafeeiro com sintomas de defici\u00eancia de f\u00f3sforo\" width=\"415\" height=\"264\" srcset=\"https:\/\/rehagro.com.br\/blog\/wp-content\/uploads\/2020\/05\/deficiencia-nutricional-cafeeiro-2.jpg 415w, https:\/\/rehagro.com.br\/blog\/wp-content\/uploads\/2020\/05\/deficiencia-nutricional-cafeeiro-2-300x191.jpg 300w, https:\/\/rehagro.com.br\/blog\/wp-content\/uploads\/2020\/05\/deficiencia-nutricional-cafeeiro-2-370x235.jpg 370w, https:\/\/rehagro.com.br\/blog\/wp-content\/uploads\/2020\/05\/deficiencia-nutricional-cafeeiro-2-270x172.jpg 270w, https:\/\/rehagro.com.br\/blog\/wp-content\/uploads\/2020\/05\/deficiencia-nutricional-cafeeiro-2-150x95.jpg 150w\" sizes=\"auto, (max-width: 415px) 100vw, 415px\" \/><\/p>\n<h3>Defici\u00eancia de Pot\u00e1ssio (K)<\/h3>\n<p>Os sintomas aparecem inicialmente em folhas velhas, e \u00e9 caracterizado por clorose com posterior necrose nos bordos e no \u00e1pice das folhas.<\/p>\n<p><img loading=\"lazy\" decoding=\"async\" class=\"aligncenter wp-image-22631\" src=\"https:\/\/rehagro.com.br\/blog\/wp-content\/uploads\/2020\/05\/deficiencia-nutricional-cafeeiro-3.jpg\" alt=\"Folha de cafeeiro com sintomas de defici\u00eancia de pot\u00e1ssio\" width=\"600\" height=\"450\" srcset=\"https:\/\/rehagro.com.br\/blog\/wp-content\/uploads\/2020\/05\/deficiencia-nutricional-cafeeiro-3.jpg 740w, https:\/\/rehagro.com.br\/blog\/wp-content\/uploads\/2020\/05\/deficiencia-nutricional-cafeeiro-3-300x225.jpg 300w, https:\/\/rehagro.com.br\/blog\/wp-content\/uploads\/2020\/05\/deficiencia-nutricional-cafeeiro-3-370x278.jpg 370w, https:\/\/rehagro.com.br\/blog\/wp-content\/uploads\/2020\/05\/deficiencia-nutricional-cafeeiro-3-270x203.jpg 270w, https:\/\/rehagro.com.br\/blog\/wp-content\/uploads\/2020\/05\/deficiencia-nutricional-cafeeiro-3-80x60.jpg 80w, https:\/\/rehagro.com.br\/blog\/wp-content\/uploads\/2020\/05\/deficiencia-nutricional-cafeeiro-3-150x113.jpg 150w\" sizes=\"auto, (max-width: 600px) 100vw, 600px\" \/><\/p>\n<h3>Defici\u00eancia de Magn\u00e9sio (Mg)<\/h3>\n<p>Os sintomas s\u00e3o observados inicialmente em folhas velhas, e \u00e9 caracterizado por clorose internerval (amarelecimento dos espa\u00e7os entre as nervuras).<\/p>\n<p><img loading=\"lazy\" decoding=\"async\" class=\"aligncenter wp-image-22632 size-full\" src=\"https:\/\/rehagro.com.br\/blog\/wp-content\/uploads\/2020\/05\/deficiencia-nutricional-cafeeiro-4.jpg\" alt=\"Cafeeiro com sintomas de defici\u00eancia de Magn\u00e9sio\" width=\"372\" height=\"211\" srcset=\"https:\/\/rehagro.com.br\/blog\/wp-content\/uploads\/2020\/05\/deficiencia-nutricional-cafeeiro-4.jpg 372w, https:\/\/rehagro.com.br\/blog\/wp-content\/uploads\/2020\/05\/deficiencia-nutricional-cafeeiro-4-300x170.jpg 300w, https:\/\/rehagro.com.br\/blog\/wp-content\/uploads\/2020\/05\/deficiencia-nutricional-cafeeiro-4-370x210.jpg 370w, https:\/\/rehagro.com.br\/blog\/wp-content\/uploads\/2020\/05\/deficiencia-nutricional-cafeeiro-4-270x153.jpg 270w, https:\/\/rehagro.com.br\/blog\/wp-content\/uploads\/2020\/05\/deficiencia-nutricional-cafeeiro-4-150x85.jpg 150w\" sizes=\"auto, (max-width: 372px) 100vw, 372px\" \/><\/p>\n<h2>Defici\u00eancias nutricionais que aparecem em folhas novas<\/h2>\n<ul>\n<li>C\u00e1lcio (Ca);<\/li>\n<li>Enxofre (S);<\/li>\n<li>Boro (B);<\/li>\n<li>Cobre (Cu);<\/li>\n<li>Ferro (Fe);<\/li>\n<li>Mangan\u00eas (Mn);<\/li>\n<li>Zinco (Zn).<\/li>\n<\/ul>\n<h3>Defici\u00eancia de C\u00e1lcio (Ca)<\/h3>\n<p>Os sintomas aparecem inicialmente em folhas novas, e \u00e9 caracterizado por clorose nos bordos que pode avan\u00e7ar entre as nervuras em dire\u00e7\u00e3o ao centro.<\/p>\n<p><img loading=\"lazy\" decoding=\"async\" class=\"aligncenter wp-image-22633 size-full\" src=\"https:\/\/rehagro.com.br\/blog\/wp-content\/uploads\/2020\/05\/deficiencia-nutricional-cafeeiro-5.jpg\" alt=\"Folha de cafeeiro com sintomas de defici\u00eancia de C\u00e1lcio\" width=\"401\" height=\"274\" srcset=\"https:\/\/rehagro.com.br\/blog\/wp-content\/uploads\/2020\/05\/deficiencia-nutricional-cafeeiro-5.jpg 401w, https:\/\/rehagro.com.br\/blog\/wp-content\/uploads\/2020\/05\/deficiencia-nutricional-cafeeiro-5-300x205.jpg 300w, https:\/\/rehagro.com.br\/blog\/wp-content\/uploads\/2020\/05\/deficiencia-nutricional-cafeeiro-5-370x253.jpg 370w, https:\/\/rehagro.com.br\/blog\/wp-content\/uploads\/2020\/05\/deficiencia-nutricional-cafeeiro-5-270x184.jpg 270w, https:\/\/rehagro.com.br\/blog\/wp-content\/uploads\/2020\/05\/deficiencia-nutricional-cafeeiro-5-150x102.jpg 150w\" sizes=\"auto, (max-width: 401px) 100vw, 401px\" \/><\/p>\n<h3>Defici\u00eancia de Enxofre (S)<\/h3>\n<p>Os sintomas s\u00e3o observados inicialmente em folhas novas, e \u00e9 caracterizado por clorose generalizada (parecido com o sintoma de defici\u00eancia de nitrog\u00eanio, no entanto a defici\u00eancia de enxofre aparece nas folhas novas).<\/p>\n<p><img loading=\"lazy\" decoding=\"async\" class=\"aligncenter wp-image-22634 size-full\" src=\"https:\/\/rehagro.com.br\/blog\/wp-content\/uploads\/2020\/05\/deficiencia-nutricional-cafeeiro-6.jpg\" alt=\"Folhas de cafeeiro com sintomas de defici\u00eancia de Enxofre\" width=\"427\" height=\"232\" srcset=\"https:\/\/rehagro.com.br\/blog\/wp-content\/uploads\/2020\/05\/deficiencia-nutricional-cafeeiro-6.jpg 427w, https:\/\/rehagro.com.br\/blog\/wp-content\/uploads\/2020\/05\/deficiencia-nutricional-cafeeiro-6-300x163.jpg 300w, https:\/\/rehagro.com.br\/blog\/wp-content\/uploads\/2020\/05\/deficiencia-nutricional-cafeeiro-6-370x201.jpg 370w, https:\/\/rehagro.com.br\/blog\/wp-content\/uploads\/2020\/05\/deficiencia-nutricional-cafeeiro-6-270x147.jpg 270w, https:\/\/rehagro.com.br\/blog\/wp-content\/uploads\/2020\/05\/deficiencia-nutricional-cafeeiro-6-150x81.jpg 150w\" sizes=\"auto, (max-width: 427px) 100vw, 427px\" \/><\/p>\n<h3>Defici\u00eancia de Boro (B)<\/h3>\n<p>Os sintomas da <strong><a href=\"https:\/\/rehagro.com.br\/blog\/boro-no-cafeeiro\/\" target=\"_blank\" rel=\"noopener\">defici\u00eancia do boro<\/a><\/strong> caracterizam-se pela redu\u00e7\u00e3o do tamanho e deforma\u00e7\u00e3o das folhas mais novas, morte das gemas apicais dos ramos e do \u00e1pice do cafeeiro.<\/p>\n<p><img loading=\"lazy\" decoding=\"async\" class=\"aligncenter wp-image-22635 size-full\" src=\"https:\/\/rehagro.com.br\/blog\/wp-content\/uploads\/2020\/05\/deficiencia-nutricional-cafeeiro-7.jpg\" alt=\"Cafeeiro com sintomas de defici\u00eancia de Boro\" width=\"446\" height=\"275\" srcset=\"https:\/\/rehagro.com.br\/blog\/wp-content\/uploads\/2020\/05\/deficiencia-nutricional-cafeeiro-7.jpg 446w, https:\/\/rehagro.com.br\/blog\/wp-content\/uploads\/2020\/05\/deficiencia-nutricional-cafeeiro-7-300x185.jpg 300w, https:\/\/rehagro.com.br\/blog\/wp-content\/uploads\/2020\/05\/deficiencia-nutricional-cafeeiro-7-370x228.jpg 370w, https:\/\/rehagro.com.br\/blog\/wp-content\/uploads\/2020\/05\/deficiencia-nutricional-cafeeiro-7-270x166.jpg 270w, https:\/\/rehagro.com.br\/blog\/wp-content\/uploads\/2020\/05\/deficiencia-nutricional-cafeeiro-7-150x92.jpg 150w\" sizes=\"auto, (max-width: 446px) 100vw, 446px\" \/><\/p>\n<h3>Defici\u00eancia de Zinco (Zn)<\/h3>\n<p>Encurtamento dos intern\u00f3dios e produ\u00e7\u00e3o de folhas novas pequenas, clor\u00f3ticas e lanceoladas. H\u00e1 tamb\u00e9m a forma\u00e7\u00e3o de tufos na ponta dos ramos.<\/p>\n<p><img loading=\"lazy\" decoding=\"async\" class=\"aligncenter wp-image-22636 size-full\" src=\"https:\/\/rehagro.com.br\/blog\/wp-content\/uploads\/2020\/05\/deficiencia-nutricional-cafeeiro-8.jpg\" alt=\"Cafeeiro com sintomas de defici\u00eancia de Zinco\" width=\"471\" height=\"193\" srcset=\"https:\/\/rehagro.com.br\/blog\/wp-content\/uploads\/2020\/05\/deficiencia-nutricional-cafeeiro-8.jpg 471w, https:\/\/rehagro.com.br\/blog\/wp-content\/uploads\/2020\/05\/deficiencia-nutricional-cafeeiro-8-300x123.jpg 300w, https:\/\/rehagro.com.br\/blog\/wp-content\/uploads\/2020\/05\/deficiencia-nutricional-cafeeiro-8-370x152.jpg 370w, https:\/\/rehagro.com.br\/blog\/wp-content\/uploads\/2020\/05\/deficiencia-nutricional-cafeeiro-8-270x111.jpg 270w, https:\/\/rehagro.com.br\/blog\/wp-content\/uploads\/2020\/05\/deficiencia-nutricional-cafeeiro-8-150x61.jpg 150w\" sizes=\"auto, (max-width: 471px) 100vw, 471px\" \/><\/p>\n<h3>Defici\u00eancia de Ferro (Fe)<\/h3>\n<p>Os sintomas aparecem inicialmente em folhas novas, as quais amarelecem, enquanto as nervuras podem ficar verdes durante algum tempo, destacando como um reticulado fino.<\/p>\n<p><img loading=\"lazy\" decoding=\"async\" class=\"aligncenter wp-image-22637 size-full\" src=\"https:\/\/rehagro.com.br\/blog\/wp-content\/uploads\/2020\/05\/deficiencia-nutricional-cafeeiro-9.jpg\" alt=\"Folha de cafeeiro com sintomas de defici\u00eancia de Ferro\" width=\"389\" height=\"184\" srcset=\"https:\/\/rehagro.com.br\/blog\/wp-content\/uploads\/2020\/05\/deficiencia-nutricional-cafeeiro-9.jpg 389w, https:\/\/rehagro.com.br\/blog\/wp-content\/uploads\/2020\/05\/deficiencia-nutricional-cafeeiro-9-300x142.jpg 300w, https:\/\/rehagro.com.br\/blog\/wp-content\/uploads\/2020\/05\/deficiencia-nutricional-cafeeiro-9-370x175.jpg 370w, https:\/\/rehagro.com.br\/blog\/wp-content\/uploads\/2020\/05\/deficiencia-nutricional-cafeeiro-9-270x128.jpg 270w, https:\/\/rehagro.com.br\/blog\/wp-content\/uploads\/2020\/05\/deficiencia-nutricional-cafeeiro-9-150x71.jpg 150w\" sizes=\"auto, (max-width: 389px) 100vw, 389px\" \/><\/p>\n<h3>Defici\u00eancia de Mangan\u00eas (Mn)<\/h3>\n<p>Os sintomas aparecem inicialmente em folhas novas, as folhas se apresentam amareladas, a folha fica mais lisa, com nervuras menos pronunciadas, com a presen\u00e7a de manchas verdes irregulares.<\/p>\n<p><img loading=\"lazy\" decoding=\"async\" class=\"aligncenter wp-image-22638\" src=\"https:\/\/rehagro.com.br\/blog\/wp-content\/uploads\/2020\/05\/deficiencia-nutricional-cafeeiro-10.jpg\" alt=\"Folhas de cafeeiro com defici\u00eancia de Mangan\u00eas\" width=\"600\" height=\"606\" srcset=\"https:\/\/rehagro.com.br\/blog\/wp-content\/uploads\/2020\/05\/deficiencia-nutricional-cafeeiro-10.jpg 740w, https:\/\/rehagro.com.br\/blog\/wp-content\/uploads\/2020\/05\/deficiencia-nutricional-cafeeiro-10-297x300.jpg 297w, https:\/\/rehagro.com.br\/blog\/wp-content\/uploads\/2020\/05\/deficiencia-nutricional-cafeeiro-10-370x374.jpg 370w, https:\/\/rehagro.com.br\/blog\/wp-content\/uploads\/2020\/05\/deficiencia-nutricional-cafeeiro-10-270x273.jpg 270w, https:\/\/rehagro.com.br\/blog\/wp-content\/uploads\/2020\/05\/deficiencia-nutricional-cafeeiro-10-96x96.jpg 96w, https:\/\/rehagro.com.br\/blog\/wp-content\/uploads\/2020\/05\/deficiencia-nutricional-cafeeiro-10-150x151.jpg 150w\" sizes=\"auto, (max-width: 600px) 100vw, 600px\" \/><\/p>\n<h3>Defici\u00eancia de Cobre (Cu)<\/h3>\n<p>Os sintomas de defici\u00eancia de cobre mostram-se inicialmente nas folhas novas, com colora\u00e7\u00e3o verde escura, as folhas encurvam-se para baixo e as nervuras podem ficar salientes no cafeeiro.<\/p>\n<p><img loading=\"lazy\" decoding=\"async\" class=\"aligncenter wp-image-22639 size-full\" src=\"https:\/\/rehagro.com.br\/blog\/wp-content\/uploads\/2020\/05\/deficiencia-nutricional-cafeeiro-11.jpg\" alt=\"Folhas de cafeeiro com defici\u00eancia de Cobre\" width=\"434\" height=\"206\" srcset=\"https:\/\/rehagro.com.br\/blog\/wp-content\/uploads\/2020\/05\/deficiencia-nutricional-cafeeiro-11.jpg 434w, https:\/\/rehagro.com.br\/blog\/wp-content\/uploads\/2020\/05\/deficiencia-nutricional-cafeeiro-11-300x142.jpg 300w, https:\/\/rehagro.com.br\/blog\/wp-content\/uploads\/2020\/05\/deficiencia-nutricional-cafeeiro-11-370x176.jpg 370w, https:\/\/rehagro.com.br\/blog\/wp-content\/uploads\/2020\/05\/deficiencia-nutricional-cafeeiro-11-270x128.jpg 270w, https:\/\/rehagro.com.br\/blog\/wp-content\/uploads\/2020\/05\/deficiencia-nutricional-cafeeiro-11-150x71.jpg 150w\" sizes=\"auto, (max-width: 434px) 100vw, 434px\" \/><\/p>\n<h2>Preven\u00e7\u00e3o das defici\u00eancias nutricionais<\/h2>\n<p>A preven\u00e7\u00e3o das defici\u00eancias \u00e9 sempre o melhor caminho. Quando enxergamos os sintomas no campo, significa que as plantas j\u00e1 est\u00e3o sofrendo com a escassez e a produ\u00e7\u00e3o j\u00e1 est\u00e1 prejudicada! Assim, lembre-se da import\u00e2ncia da realiza\u00e7\u00e3o de uma <strong><a href=\"https:\/\/rehagro.com.br\/blog\/como-interpretar-uma-analise-de-solo-e-fazer-os-calculos-de-recomendacao\/\" target=\"_blank\" rel=\"noopener\">boa amostragem e an\u00e1lise de solo<\/a><\/strong>.<\/p>\n<p>Assim, pode ser definida uma estrat\u00e9gia de aduba\u00e7\u00e3o racional, acompanhada por estrat\u00e9gias para <strong>aumento das cargas do solo<\/strong>, que geram maior reten\u00e7\u00e3o dos nutrientes.<\/p>\n<h2>Identifique e corrija defici\u00eancias nutricionais com mais efici\u00eancia<\/h2>\n<p>Os sintomas de defici\u00eancia nutricional no cafeeiro impactam diretamente a produtividade e a qualidade do caf\u00e9. Para evitar perdas, \u00e9 fundamental interpretar corretamente os sinais da planta e adotar estrat\u00e9gias de manejo que tragam resultados consistentes.<\/p>\n<p>No <strong><a href=\"https:\/\/rehagro.com.br\/cursos\/capacitacao-em-gestao-na-producao-de-cafe?utm_campaign=mkt-materiais-gc&amp;utm_source=textos&amp;utm_medium=blog\">Curso Gest\u00e3o na Produ\u00e7\u00e3o de Caf\u00e9 Ar\u00e1bica<\/a><\/strong>\u00a0do Rehagro, voc\u00ea aprende a diagnosticar de forma mais precisa as necessidades da lavoura, planejar a aduba\u00e7\u00e3o de maneira estrat\u00e9gica, reduzir custos e conduzir o caf\u00e9 com foco em produtividade e rentabilidade.<\/p>\n<p><a href=\"https:\/\/rehagro.com.br\/cursos\/capacitacao-em-gestao-na-producao-de-cafe?utm_campaign=mkt-materiais-gc&amp;utm_source=textos&amp;utm_medium=blog\" target=\"_blank\" rel=\"noopener\"><img loading=\"lazy\" decoding=\"async\" class=\"aligncenter wp-image-24250 size-full\" title=\"Clique e saiba mais sobre o curso!\" src=\"https:\/\/rehagro.com.br\/blog\/wp-content\/uploads\/2023\/09\/banner-gc.jpg\" alt=\"Curso Gest\u00e3o na Produ\u00e7\u00e3o de Caf\u00e9 Ar\u00e1bica\" width=\"980\" height=\"317\" srcset=\"https:\/\/rehagro.com.br\/blog\/wp-content\/uploads\/2023\/09\/banner-gc.jpg 980w, https:\/\/rehagro.com.br\/blog\/wp-content\/uploads\/2023\/09\/banner-gc-300x97.jpg 300w, https:\/\/rehagro.com.br\/blog\/wp-content\/uploads\/2023\/09\/banner-gc-768x248.jpg 768w, https:\/\/rehagro.com.br\/blog\/wp-content\/uploads\/2023\/09\/banner-gc-370x120.jpg 370w, https:\/\/rehagro.com.br\/blog\/wp-content\/uploads\/2023\/09\/banner-gc-270x87.jpg 270w, https:\/\/rehagro.com.br\/blog\/wp-content\/uploads\/2023\/09\/banner-gc-740x239.jpg 740w, https:\/\/rehagro.com.br\/blog\/wp-content\/uploads\/2023\/09\/banner-gc-150x49.jpg 150w\" sizes=\"auto, (max-width: 980px) 100vw, 980px\" \/><\/a><\/p>\n<p><img loading=\"lazy\" decoding=\"async\" class=\"aligncenter wp-image-18459 size-full\" src=\"https:\/\/rehagro.com.br\/blog\/wp-content\/uploads\/2022\/12\/larissa-cocato.jpg\" alt=\"Larissa Cocato - Coordenadora de Ensino Caf\u00e9\" width=\"300\" height=\"96\" srcset=\"https:\/\/rehagro.com.br\/blog\/wp-content\/uploads\/2022\/12\/larissa-cocato.jpg 300w, https:\/\/rehagro.com.br\/blog\/wp-content\/uploads\/2022\/12\/larissa-cocato-270x86.jpg 270w, https:\/\/rehagro.com.br\/blog\/wp-content\/uploads\/2022\/12\/larissa-cocato-150x48.jpg 150w\" sizes=\"auto, (max-width: 300px) 100vw, 300px\" \/><\/p>\n","protected":false},"excerpt":{"rendered":"<p>Assim como n\u00f3s, as plantas tamb\u00e9m apresentam sintomas quando algo n\u00e3o vai bem, como no caso das defici\u00eancias nutricionais. E quando eles aparecem, as altera\u00e7\u00f5es no metabolismo das plantas e consequentes preju\u00edzos na produ\u00e7\u00e3o e na qualidade do caf\u00e9 j\u00e1 est\u00e3o a todo vapor. Saiba como identificar esses sintomas e entenda se sua lavoura de [&hellip;]<\/p>\n","protected":false},"author":21,"featured_media":22640,"comment_status":"open","ping_status":"open","sticky":false,"template":"","format":"standard","meta":{"footnotes":""},"categories":[211],"tags":[282,266,863,885,255],"class_list":["post-7531","post","type-post","status-publish","format-standard","has-post-thumbnail","hentry","category-cafe","tag-cafe","tag-cafeeiro","tag-enxofre","tag-fosfato","tag-nutrientes"],"yoast_head":"<!-- This site is optimized with the Yoast SEO plugin v27.4 - https:\/\/yoast.com\/product\/yoast-seo-wordpress\/ -->\n<title>Defici\u00eancias nutricionais no cafeeiro: quais os principais sintomas<\/title>\n<meta name=\"description\" content=\"As plantas com defici\u00eancias nutricionais apresentam altera\u00e7\u00f5es no metabolismo e podem acarretar preju\u00edzos na produ\u00e7\u00e3o e qualidade do caf\u00e9.\" \/>\n<meta name=\"robots\" content=\"index, follow, max-snippet:-1, max-image-preview:large, max-video-preview:-1\" \/>\n<link rel=\"canonical\" href=\"https:\/\/rehagro.com.br\/blog\/sintomas-de-deficiencias-nutricionais-em-cafeeiro\/\" \/>\n<meta property=\"og:locale\" content=\"pt_BR\" \/>\n<meta property=\"og:type\" content=\"article\" \/>\n<meta property=\"og:title\" content=\"Defici\u00eancias nutricionais no cafeeiro: quais os principais sintomas\" \/>\n<meta property=\"og:description\" content=\"As plantas com defici\u00eancias nutricionais apresentam altera\u00e7\u00f5es no metabolismo e podem acarretar preju\u00edzos na produ\u00e7\u00e3o e qualidade do caf\u00e9.\" \/>\n<meta property=\"og:url\" content=\"https:\/\/rehagro.com.br\/blog\/sintomas-de-deficiencias-nutricionais-em-cafeeiro\/\" \/>\n<meta property=\"og:site_name\" content=\"Rehagro Blog\" \/>\n<meta property=\"article:published_time\" content=\"2020-05-12T13:00:41+00:00\" \/>\n<meta property=\"article:modified_time\" content=\"2026-04-08T18:41:19+00:00\" \/>\n<meta property=\"og:image\" content=\"https:\/\/rehagro.com.br\/blog\/wp-content\/uploads\/2020\/05\/deficiencia-nutricional-cafeeiro-capa.jpg\" \/>\n\t<meta property=\"og:image:width\" content=\"1500\" \/>\n\t<meta property=\"og:image:height\" content=\"500\" \/>\n\t<meta property=\"og:image:type\" content=\"image\/jpeg\" \/>\n<meta name=\"author\" content=\"Jo\u00e3o Pedro Azevedo\" \/>\n<meta name=\"twitter:card\" content=\"summary_large_image\" \/>\n<meta name=\"twitter:label1\" content=\"Escrito por\" \/>\n\t<meta name=\"twitter:data1\" content=\"Jo\u00e3o Pedro Azevedo\" \/>\n\t<meta name=\"twitter:label2\" content=\"Est. tempo de leitura\" \/>\n\t<meta name=\"twitter:data2\" content=\"7 minutos\" \/>\n<script type=\"application\/ld+json\" class=\"yoast-schema-graph\">{\"@context\":\"https:\\\/\\\/schema.org\",\"@graph\":[{\"@type\":\"Article\",\"@id\":\"https:\\\/\\\/rehagro.com.br\\\/blog\\\/sintomas-de-deficiencias-nutricionais-em-cafeeiro\\\/#article\",\"isPartOf\":{\"@id\":\"https:\\\/\\\/rehagro.com.br\\\/blog\\\/sintomas-de-deficiencias-nutricionais-em-cafeeiro\\\/\"},\"author\":{\"name\":\"Jo\u00e3o Pedro Azevedo\",\"@id\":\"https:\\\/\\\/rehagro.com.br\\\/blog\\\/#\\\/schema\\\/person\\\/f2d1ae51b04939615ceebb3c0bfd8a94\"},\"headline\":\"Defici\u00eancias nutricionais do cafeeiro: veja os principais sintomas\",\"datePublished\":\"2020-05-12T13:00:41+00:00\",\"dateModified\":\"2026-04-08T18:41:19+00:00\",\"mainEntityOfPage\":{\"@id\":\"https:\\\/\\\/rehagro.com.br\\\/blog\\\/sintomas-de-deficiencias-nutricionais-em-cafeeiro\\\/\"},\"wordCount\":756,\"commentCount\":8,\"publisher\":{\"@id\":\"https:\\\/\\\/rehagro.com.br\\\/blog\\\/#organization\"},\"image\":{\"@id\":\"https:\\\/\\\/rehagro.com.br\\\/blog\\\/sintomas-de-deficiencias-nutricionais-em-cafeeiro\\\/#primaryimage\"},\"thumbnailUrl\":\"https:\\\/\\\/rehagro.com.br\\\/blog\\\/wp-content\\\/uploads\\\/2020\\\/05\\\/deficiencia-nutricional-cafeeiro-capa.jpg\",\"keywords\":[\"caf\u00e9\",\"cafeeiro\",\"enxofre\",\"fosfato\",\"nutrientes\"],\"articleSection\":[\"CAF\u00c9\"],\"inLanguage\":\"pt-BR\",\"potentialAction\":[{\"@type\":\"CommentAction\",\"name\":\"Comment\",\"target\":[\"https:\\\/\\\/rehagro.com.br\\\/blog\\\/sintomas-de-deficiencias-nutricionais-em-cafeeiro\\\/#respond\"]}]},{\"@type\":\"WebPage\",\"@id\":\"https:\\\/\\\/rehagro.com.br\\\/blog\\\/sintomas-de-deficiencias-nutricionais-em-cafeeiro\\\/\",\"url\":\"https:\\\/\\\/rehagro.com.br\\\/blog\\\/sintomas-de-deficiencias-nutricionais-em-cafeeiro\\\/\",\"name\":\"Defici\u00eancias nutricionais no cafeeiro: quais os principais sintomas\",\"isPartOf\":{\"@id\":\"https:\\\/\\\/rehagro.com.br\\\/blog\\\/#website\"},\"primaryImageOfPage\":{\"@id\":\"https:\\\/\\\/rehagro.com.br\\\/blog\\\/sintomas-de-deficiencias-nutricionais-em-cafeeiro\\\/#primaryimage\"},\"image\":{\"@id\":\"https:\\\/\\\/rehagro.com.br\\\/blog\\\/sintomas-de-deficiencias-nutricionais-em-cafeeiro\\\/#primaryimage\"},\"thumbnailUrl\":\"https:\\\/\\\/rehagro.com.br\\\/blog\\\/wp-content\\\/uploads\\\/2020\\\/05\\\/deficiencia-nutricional-cafeeiro-capa.jpg\",\"datePublished\":\"2020-05-12T13:00:41+00:00\",\"dateModified\":\"2026-04-08T18:41:19+00:00\",\"description\":\"As plantas com defici\u00eancias nutricionais apresentam altera\u00e7\u00f5es no metabolismo e podem acarretar preju\u00edzos na produ\u00e7\u00e3o e qualidade do caf\u00e9.\",\"breadcrumb\":{\"@id\":\"https:\\\/\\\/rehagro.com.br\\\/blog\\\/sintomas-de-deficiencias-nutricionais-em-cafeeiro\\\/#breadcrumb\"},\"inLanguage\":\"pt-BR\",\"potentialAction\":[{\"@type\":\"ReadAction\",\"target\":[\"https:\\\/\\\/rehagro.com.br\\\/blog\\\/sintomas-de-deficiencias-nutricionais-em-cafeeiro\\\/\"]}]},{\"@type\":\"ImageObject\",\"inLanguage\":\"pt-BR\",\"@id\":\"https:\\\/\\\/rehagro.com.br\\\/blog\\\/sintomas-de-deficiencias-nutricionais-em-cafeeiro\\\/#primaryimage\",\"url\":\"https:\\\/\\\/rehagro.com.br\\\/blog\\\/wp-content\\\/uploads\\\/2020\\\/05\\\/deficiencia-nutricional-cafeeiro-capa.jpg\",\"contentUrl\":\"https:\\\/\\\/rehagro.com.br\\\/blog\\\/wp-content\\\/uploads\\\/2020\\\/05\\\/deficiencia-nutricional-cafeeiro-capa.jpg\",\"width\":1500,\"height\":500,\"caption\":\"Folha de cafeeiro com defici\u00eancia nutricional\"},{\"@type\":\"BreadcrumbList\",\"@id\":\"https:\\\/\\\/rehagro.com.br\\\/blog\\\/sintomas-de-deficiencias-nutricionais-em-cafeeiro\\\/#breadcrumb\",\"itemListElement\":[{\"@type\":\"ListItem\",\"position\":1,\"name\":\"In\u00edcio\",\"item\":\"https:\\\/\\\/rehagro.com.br\\\/blog\\\/\"},{\"@type\":\"ListItem\",\"position\":2,\"name\":\"Defici\u00eancias nutricionais do cafeeiro: veja os principais sintomas\"}]},{\"@type\":\"WebSite\",\"@id\":\"https:\\\/\\\/rehagro.com.br\\\/blog\\\/#website\",\"url\":\"https:\\\/\\\/rehagro.com.br\\\/blog\\\/\",\"name\":\"Rehagro Blog\",\"description\":\"\",\"publisher\":{\"@id\":\"https:\\\/\\\/rehagro.com.br\\\/blog\\\/#organization\"},\"potentialAction\":[{\"@type\":\"SearchAction\",\"target\":{\"@type\":\"EntryPoint\",\"urlTemplate\":\"https:\\\/\\\/rehagro.com.br\\\/blog\\\/?s={search_term_string}\"},\"query-input\":{\"@type\":\"PropertyValueSpecification\",\"valueRequired\":true,\"valueName\":\"search_term_string\"}}],\"inLanguage\":\"pt-BR\"},{\"@type\":\"Organization\",\"@id\":\"https:\\\/\\\/rehagro.com.br\\\/blog\\\/#organization\",\"name\":\"Rehagro\",\"url\":\"https:\\\/\\\/rehagro.com.br\\\/blog\\\/\",\"logo\":{\"@type\":\"ImageObject\",\"inLanguage\":\"pt-BR\",\"@id\":\"https:\\\/\\\/rehagro.com.br\\\/blog\\\/#\\\/schema\\\/logo\\\/image\\\/\",\"url\":\"https:\\\/\\\/rehagro.com.br\\\/blog\\\/wp-content\\\/uploads\\\/2018\\\/05\\\/logo-rehagro.png\",\"contentUrl\":\"https:\\\/\\\/rehagro.com.br\\\/blog\\\/wp-content\\\/uploads\\\/2018\\\/05\\\/logo-rehagro.png\",\"width\":400,\"height\":115,\"caption\":\"Rehagro\"},\"image\":{\"@id\":\"https:\\\/\\\/rehagro.com.br\\\/blog\\\/#\\\/schema\\\/logo\\\/image\\\/\"}},{\"@type\":\"Person\",\"@id\":\"https:\\\/\\\/rehagro.com.br\\\/blog\\\/#\\\/schema\\\/person\\\/f2d1ae51b04939615ceebb3c0bfd8a94\",\"name\":\"Jo\u00e3o Pedro Azevedo\",\"image\":{\"@type\":\"ImageObject\",\"inLanguage\":\"pt-BR\",\"@id\":\"https:\\\/\\\/secure.gravatar.com\\\/avatar\\\/34aacffb2f10625483f480470f3274778dd1c183ba4f66444bb60ae92149bf8a?s=96&d=mm&r=g\",\"url\":\"https:\\\/\\\/secure.gravatar.com\\\/avatar\\\/34aacffb2f10625483f480470f3274778dd1c183ba4f66444bb60ae92149bf8a?s=96&d=mm&r=g\",\"contentUrl\":\"https:\\\/\\\/secure.gravatar.com\\\/avatar\\\/34aacffb2f10625483f480470f3274778dd1c183ba4f66444bb60ae92149bf8a?s=96&d=mm&r=g\",\"caption\":\"Jo\u00e3o Pedro Azevedo\"},\"url\":\"https:\\\/\\\/rehagro.com.br\\\/blog\\\/author\\\/joao-pedro\\\/\"}]}<\/script>\n<!-- \/ Yoast SEO plugin. -->","yoast_head_json":{"title":"Defici\u00eancias nutricionais no cafeeiro: quais os principais sintomas","description":"As plantas com defici\u00eancias nutricionais apresentam altera\u00e7\u00f5es no metabolismo e podem acarretar preju\u00edzos na produ\u00e7\u00e3o e qualidade do caf\u00e9.","robots":{"index":"index","follow":"follow","max-snippet":"max-snippet:-1","max-image-preview":"max-image-preview:large","max-video-preview":"max-video-preview:-1"},"canonical":"https:\/\/rehagro.com.br\/blog\/sintomas-de-deficiencias-nutricionais-em-cafeeiro\/","og_locale":"pt_BR","og_type":"article","og_title":"Defici\u00eancias nutricionais no cafeeiro: quais os principais sintomas","og_description":"As plantas com defici\u00eancias nutricionais apresentam altera\u00e7\u00f5es no metabolismo e podem acarretar preju\u00edzos na produ\u00e7\u00e3o e qualidade do caf\u00e9.","og_url":"https:\/\/rehagro.com.br\/blog\/sintomas-de-deficiencias-nutricionais-em-cafeeiro\/","og_site_name":"Rehagro Blog","article_published_time":"2020-05-12T13:00:41+00:00","article_modified_time":"2026-04-08T18:41:19+00:00","og_image":[{"width":1500,"height":500,"url":"https:\/\/rehagro.com.br\/blog\/wp-content\/uploads\/2020\/05\/deficiencia-nutricional-cafeeiro-capa.jpg","type":"image\/jpeg"}],"author":"Jo\u00e3o Pedro Azevedo","twitter_card":"summary_large_image","twitter_misc":{"Escrito por":"Jo\u00e3o Pedro Azevedo","Est. tempo de leitura":"7 minutos"},"schema":{"@context":"https:\/\/schema.org","@graph":[{"@type":"Article","@id":"https:\/\/rehagro.com.br\/blog\/sintomas-de-deficiencias-nutricionais-em-cafeeiro\/#article","isPartOf":{"@id":"https:\/\/rehagro.com.br\/blog\/sintomas-de-deficiencias-nutricionais-em-cafeeiro\/"},"author":{"name":"Jo\u00e3o Pedro Azevedo","@id":"https:\/\/rehagro.com.br\/blog\/#\/schema\/person\/f2d1ae51b04939615ceebb3c0bfd8a94"},"headline":"Defici\u00eancias nutricionais do cafeeiro: veja os principais sintomas","datePublished":"2020-05-12T13:00:41+00:00","dateModified":"2026-04-08T18:41:19+00:00","mainEntityOfPage":{"@id":"https:\/\/rehagro.com.br\/blog\/sintomas-de-deficiencias-nutricionais-em-cafeeiro\/"},"wordCount":756,"commentCount":8,"publisher":{"@id":"https:\/\/rehagro.com.br\/blog\/#organization"},"image":{"@id":"https:\/\/rehagro.com.br\/blog\/sintomas-de-deficiencias-nutricionais-em-cafeeiro\/#primaryimage"},"thumbnailUrl":"https:\/\/rehagro.com.br\/blog\/wp-content\/uploads\/2020\/05\/deficiencia-nutricional-cafeeiro-capa.jpg","keywords":["caf\u00e9","cafeeiro","enxofre","fosfato","nutrientes"],"articleSection":["CAF\u00c9"],"inLanguage":"pt-BR","potentialAction":[{"@type":"CommentAction","name":"Comment","target":["https:\/\/rehagro.com.br\/blog\/sintomas-de-deficiencias-nutricionais-em-cafeeiro\/#respond"]}]},{"@type":"WebPage","@id":"https:\/\/rehagro.com.br\/blog\/sintomas-de-deficiencias-nutricionais-em-cafeeiro\/","url":"https:\/\/rehagro.com.br\/blog\/sintomas-de-deficiencias-nutricionais-em-cafeeiro\/","name":"Defici\u00eancias nutricionais no cafeeiro: quais os principais sintomas","isPartOf":{"@id":"https:\/\/rehagro.com.br\/blog\/#website"},"primaryImageOfPage":{"@id":"https:\/\/rehagro.com.br\/blog\/sintomas-de-deficiencias-nutricionais-em-cafeeiro\/#primaryimage"},"image":{"@id":"https:\/\/rehagro.com.br\/blog\/sintomas-de-deficiencias-nutricionais-em-cafeeiro\/#primaryimage"},"thumbnailUrl":"https:\/\/rehagro.com.br\/blog\/wp-content\/uploads\/2020\/05\/deficiencia-nutricional-cafeeiro-capa.jpg","datePublished":"2020-05-12T13:00:41+00:00","dateModified":"2026-04-08T18:41:19+00:00","description":"As plantas com defici\u00eancias nutricionais apresentam altera\u00e7\u00f5es no metabolismo e podem acarretar preju\u00edzos na produ\u00e7\u00e3o e qualidade do caf\u00e9.","breadcrumb":{"@id":"https:\/\/rehagro.com.br\/blog\/sintomas-de-deficiencias-nutricionais-em-cafeeiro\/#breadcrumb"},"inLanguage":"pt-BR","potentialAction":[{"@type":"ReadAction","target":["https:\/\/rehagro.com.br\/blog\/sintomas-de-deficiencias-nutricionais-em-cafeeiro\/"]}]},{"@type":"ImageObject","inLanguage":"pt-BR","@id":"https:\/\/rehagro.com.br\/blog\/sintomas-de-deficiencias-nutricionais-em-cafeeiro\/#primaryimage","url":"https:\/\/rehagro.com.br\/blog\/wp-content\/uploads\/2020\/05\/deficiencia-nutricional-cafeeiro-capa.jpg","contentUrl":"https:\/\/rehagro.com.br\/blog\/wp-content\/uploads\/2020\/05\/deficiencia-nutricional-cafeeiro-capa.jpg","width":1500,"height":500,"caption":"Folha de cafeeiro com defici\u00eancia nutricional"},{"@type":"BreadcrumbList","@id":"https:\/\/rehagro.com.br\/blog\/sintomas-de-deficiencias-nutricionais-em-cafeeiro\/#breadcrumb","itemListElement":[{"@type":"ListItem","position":1,"name":"In\u00edcio","item":"https:\/\/rehagro.com.br\/blog\/"},{"@type":"ListItem","position":2,"name":"Defici\u00eancias nutricionais do cafeeiro: veja os principais sintomas"}]},{"@type":"WebSite","@id":"https:\/\/rehagro.com.br\/blog\/#website","url":"https:\/\/rehagro.com.br\/blog\/","name":"Rehagro Blog","description":"","publisher":{"@id":"https:\/\/rehagro.com.br\/blog\/#organization"},"potentialAction":[{"@type":"SearchAction","target":{"@type":"EntryPoint","urlTemplate":"https:\/\/rehagro.com.br\/blog\/?s={search_term_string}"},"query-input":{"@type":"PropertyValueSpecification","valueRequired":true,"valueName":"search_term_string"}}],"inLanguage":"pt-BR"},{"@type":"Organization","@id":"https:\/\/rehagro.com.br\/blog\/#organization","name":"Rehagro","url":"https:\/\/rehagro.com.br\/blog\/","logo":{"@type":"ImageObject","inLanguage":"pt-BR","@id":"https:\/\/rehagro.com.br\/blog\/#\/schema\/logo\/image\/","url":"https:\/\/rehagro.com.br\/blog\/wp-content\/uploads\/2018\/05\/logo-rehagro.png","contentUrl":"https:\/\/rehagro.com.br\/blog\/wp-content\/uploads\/2018\/05\/logo-rehagro.png","width":400,"height":115,"caption":"Rehagro"},"image":{"@id":"https:\/\/rehagro.com.br\/blog\/#\/schema\/logo\/image\/"}},{"@type":"Person","@id":"https:\/\/rehagro.com.br\/blog\/#\/schema\/person\/f2d1ae51b04939615ceebb3c0bfd8a94","name":"Jo\u00e3o Pedro Azevedo","image":{"@type":"ImageObject","inLanguage":"pt-BR","@id":"https:\/\/secure.gravatar.com\/avatar\/34aacffb2f10625483f480470f3274778dd1c183ba4f66444bb60ae92149bf8a?s=96&d=mm&r=g","url":"https:\/\/secure.gravatar.com\/avatar\/34aacffb2f10625483f480470f3274778dd1c183ba4f66444bb60ae92149bf8a?s=96&d=mm&r=g","contentUrl":"https:\/\/secure.gravatar.com\/avatar\/34aacffb2f10625483f480470f3274778dd1c183ba4f66444bb60ae92149bf8a?s=96&d=mm&r=g","caption":"Jo\u00e3o Pedro Azevedo"},"url":"https:\/\/rehagro.com.br\/blog\/author\/joao-pedro\/"}]}},"_links":{"self":[{"href":"https:\/\/rehagro.com.br\/blog\/wp-json\/wp\/v2\/posts\/7531","targetHints":{"allow":["GET"]}}],"collection":[{"href":"https:\/\/rehagro.com.br\/blog\/wp-json\/wp\/v2\/posts"}],"about":[{"href":"https:\/\/rehagro.com.br\/blog\/wp-json\/wp\/v2\/types\/post"}],"author":[{"embeddable":true,"href":"https:\/\/rehagro.com.br\/blog\/wp-json\/wp\/v2\/users\/21"}],"replies":[{"embeddable":true,"href":"https:\/\/rehagro.com.br\/blog\/wp-json\/wp\/v2\/comments?post=7531"}],"version-history":[{"count":49,"href":"https:\/\/rehagro.com.br\/blog\/wp-json\/wp\/v2\/posts\/7531\/revisions"}],"predecessor-version":[{"id":42221,"href":"https:\/\/rehagro.com.br\/blog\/wp-json\/wp\/v2\/posts\/7531\/revisions\/42221"}],"wp:featuredmedia":[{"embeddable":true,"href":"https:\/\/rehagro.com.br\/blog\/wp-json\/wp\/v2\/media\/22640"}],"wp:attachment":[{"href":"https:\/\/rehagro.com.br\/blog\/wp-json\/wp\/v2\/media?parent=7531"}],"wp:term":[{"taxonomy":"category","embeddable":true,"href":"https:\/\/rehagro.com.br\/blog\/wp-json\/wp\/v2\/categories?post=7531"},{"taxonomy":"post_tag","embeddable":true,"href":"https:\/\/rehagro.com.br\/blog\/wp-json\/wp\/v2\/tags?post=7531"}],"curies":[{"name":"wp","href":"https:\/\/api.w.org\/{rel}","templated":true}]}}