{"id":7398,"date":"2021-10-20T15:50:50","date_gmt":"2021-10-20T18:50:50","guid":{"rendered":"https:\/\/rehagro.com.br\/blog\/?p=7398"},"modified":"2026-04-08T15:33:24","modified_gmt":"2026-04-08T18:33:24","slug":"producao-de-mudas-de-cafe-por-tubetes","status":"publish","type":"post","link":"https:\/\/rehagro.com.br\/blog\/producao-de-mudas-de-cafe-por-tubetes\/","title":{"rendered":"Como fazer mudas de caf\u00e9 em tubetes? Veja como \u00e9 o processo"},"content":{"rendered":"<p>Voc\u00ea sabe <strong>como produzir mudas de caf\u00e9<\/strong> em tubetes?<\/p>\n<p>Os tubetes s\u00e3o recipientes de formato c\u00f4nico, fabricados com polietileno r\u00edgido, e apresentam ranhuras internas que direcionam as ra\u00edzes para baixo, evitando seu enovelamento.<\/p>\n<p>Eles possuem um orif\u00edcio na sua parte inferior, para drenagem da \u00e1gua, e, al\u00e9m disso, evitam que as ra\u00edzes se enrolem no fundo.<\/p>\n<div style=\"background-color: #efefef; padding-left: 10px; padding-right: 5px; border-radius: 10px;\">\n<p>&nbsp;<\/p>\n<p style=\"text-align: center;\"><strong><span style=\"font-size: 14pt;\">Sem tempo para ler agora? Baixe este artigo em PDF!<\/span><\/strong><\/p>\n<p><script charset=\"utf-8\" type=\"text\/javascript\" src=\"\/\/js.hsforms.net\/forms\/embed\/v2.js\"><\/script><br \/>\n<script>\nhbspt.forms.create({\nregion: \"na1\",\nportalId: \"5430441\",\nformId: \"7dcaf60d-0e23-40ed-8b40-9b8cb07b4128\"\n});\n<\/script><\/p>\n<\/div>\n<h2>Qual o tamanho do tubete utilizado?<\/h2>\n<p>O tamanho do tubete a ser utilizado \u00e9 uma decis\u00e3o importante a ser tomada, visto que, temos volumes de tubete de <strong>50 ml, 180 ml e 280 ml<\/strong>.<\/p>\n<p>Nesse sentido, <strong>quanto maior o volume do tubete, melhor<\/strong>, no entanto, o mais econ\u00f4mico e que proporciona a produ\u00e7\u00e3o de mudas boas \u00e9 o de <strong>180 ml<\/strong>, pois o tubete com volume de 280 ml \u00e9 mais caro, ocupa um volume maior no viveiro e, al\u00e9m disso, demanda uma maior quantidade de substrato, dessa forma, proporcionando um maior custo de produ\u00e7\u00e3o das mudas.<\/p>\n<p><a href=\"https:\/\/conteudo.rehagro.com.br\/calendario-agricola-cafeicultor?utm_campaign=material-cafe&amp;utm_source=calendario-cafe&amp;utm_medium=blog\" target=\"_blank\" rel=\"noopener\"><img loading=\"lazy\" decoding=\"async\" class=\"aligncenter wp-image-39670 size-full\" title=\"Clique e baixe o material gratuitamente!\" src=\"https:\/\/rehagro.com.br\/blog\/wp-content\/uploads\/2025\/09\/banner-calendario-cafeicultura.png\" alt=\"Calend\u00e1rio agr\u00edcola do caf\u00e9\" width=\"980\" height=\"317\" srcset=\"https:\/\/rehagro.com.br\/blog\/wp-content\/uploads\/2025\/09\/banner-calendario-cafeicultura.png 980w, https:\/\/rehagro.com.br\/blog\/wp-content\/uploads\/2025\/09\/banner-calendario-cafeicultura-300x97.png 300w, https:\/\/rehagro.com.br\/blog\/wp-content\/uploads\/2025\/09\/banner-calendario-cafeicultura-768x248.png 768w, https:\/\/rehagro.com.br\/blog\/wp-content\/uploads\/2025\/09\/banner-calendario-cafeicultura-370x120.png 370w, https:\/\/rehagro.com.br\/blog\/wp-content\/uploads\/2025\/09\/banner-calendario-cafeicultura-270x87.png 270w, https:\/\/rehagro.com.br\/blog\/wp-content\/uploads\/2025\/09\/banner-calendario-cafeicultura-740x239.png 740w, https:\/\/rehagro.com.br\/blog\/wp-content\/uploads\/2025\/09\/banner-calendario-cafeicultura-150x49.png 150w\" sizes=\"auto, (max-width: 980px) 100vw, 980px\" \/><\/a><\/p>\n<h2>Como \u00e9 feita a produ\u00e7\u00e3o de mudas em tubete?<\/h2>\n<p>Para produ\u00e7\u00e3o de mudas de caf\u00e9 em tubetes as sementes podem ser <strong>pr\u00e9-germinadas<\/strong> em caixas de areia at\u00e9 a fase esporinha.<\/p>\n<p>Para isso, as sementes s\u00e3o colocadas em um canteiro com areia e sobre a areia \u00e9 colocada palhada de braqui\u00e1ria seca, essa braqui\u00e1ria \u00e9 irrigada, para manuten\u00e7\u00e3o da umidade. Sobre palhada \u00e9 colocada lona, essa lona \u00e9 retirada a cada 7 dias para realiza\u00e7\u00e3o da irriga\u00e7\u00e3o novamente.<\/p>\n<p>Assim que as sementes estiverem na <strong>fase de esporinha<\/strong> elas j\u00e1 podem ser retiradas das caixas de areia e semeadas nos tubetes.<\/p>\n<p>Para retirar as sementes do canteiro de areia pode-se utilizar uma peneira coletando uma quantidade de areia com sementes misturadas e mergulhar a peneira em uma caixa de \u00e1gua, ficando a areia na caixa de \u00e1gua, e as sementes sobre as peneiras. Dessa forma, as sementes j\u00e1 est\u00e3o prontas para serem semeadas.<\/p>\n<p>Quando as sementes s\u00e3o pr\u00e9-germinadas, realiza-se o semeio de apenas <strong>uma semente por tubete<\/strong>, dessa forma, dispensando a pr\u00e1tica de raleio, que \u00e9 comumente realizada na produ\u00e7\u00e3o de mudas por saquinho de polietileno, visto que, s\u00e3o colocadas duas sementes por saquinho, e posteriormente, devem ser retiradas uma das plantas, a menos vigorosa.<\/p>\n<p><a href=\"https:\/\/rehagro.com.br\/cursos\/capacitacao-em-gestao-na-producao-de-cafe?utm_campaign=mkt-materiais-gc&amp;utm_source=textos&amp;utm_medium=blog\" target=\"_blank\" rel=\"noopener\"><img loading=\"lazy\" decoding=\"async\" class=\"aligncenter wp-image-28254 size-full\" title=\"Clique e saiba mais sobre o curso!\" src=\"https:\/\/rehagro.com.br\/blog\/wp-content\/uploads\/2020\/07\/botao-gc-arabica-1.jpg\" alt=\"Curso Gest\u00e3o na Produ\u00e7\u00e3o de Caf\u00e9 Ar\u00e1bica\" width=\"900\" height=\"250\" srcset=\"https:\/\/rehagro.com.br\/blog\/wp-content\/uploads\/2020\/07\/botao-gc-arabica-1.jpg 900w, https:\/\/rehagro.com.br\/blog\/wp-content\/uploads\/2020\/07\/botao-gc-arabica-1-300x83.jpg 300w, https:\/\/rehagro.com.br\/blog\/wp-content\/uploads\/2020\/07\/botao-gc-arabica-1-768x213.jpg 768w, https:\/\/rehagro.com.br\/blog\/wp-content\/uploads\/2020\/07\/botao-gc-arabica-1-370x103.jpg 370w, https:\/\/rehagro.com.br\/blog\/wp-content\/uploads\/2020\/07\/botao-gc-arabica-1-270x75.jpg 270w, https:\/\/rehagro.com.br\/blog\/wp-content\/uploads\/2020\/07\/botao-gc-arabica-1-740x206.jpg 740w, https:\/\/rehagro.com.br\/blog\/wp-content\/uploads\/2020\/07\/botao-gc-arabica-1-150x42.jpg 150w\" sizes=\"auto, (max-width: 900px) 100vw, 900px\" \/><\/a><\/p>\n<h2>Semeio de mudas de caf\u00e9 em tubetes<\/h2>\n<p>Uma outra alternativa, \u00e9 semear <strong>duas sementes por tubetes<\/strong>, como \u00e9 feito no semeio do saquinho convencional, no entanto, quando realizado dessa forma, \u00e9 necess\u00e1rio que se realize a pr\u00e1tica do raleio posteriormente, retirando uma das plantas.<\/p>\n<p>Para o semeio, os tubetes (180 ml) devem ser preenchidos com <strong>substrato misturado com adubo<\/strong> de libera\u00e7\u00e3o controlada. Ap\u00f3s preenchidos os tubetes com substratos, molha-se o substrato e faz uma marca no substrato com chucho, para se realizar o semeio das sementes. Ap\u00f3s o semeio, preencha o tubete com substrato novamente.<\/p>\n<p>Pelo fato dos substratos serem <strong>mais fri\u00e1veis que o solo<\/strong> utilizado na produ\u00e7\u00e3o de mudas por saquinho de polietileno convencionais, em que se utiliza uma mistura de solo e\u00a0<strong><a href=\"https:\/\/rehagro.com.br\/blog\/materia-organica-no-solo\/\" target=\"_blank\" rel=\"noopener\">material org\u00e2nico<\/a><\/strong> (por exemplo esterco), h\u00e1 uma maior facilidade para o crescimento do sistema radicular das mudas produzidas no substrato.<\/p>\n<p>Ap\u00f3s o semeio \u00e9 colocado palhada de braqui\u00e1ria sobre os tubetes na bancada, essa palhada permanece at\u00e9 a fase de palito de f\u00f3sforo, a fim de que n\u00e3o haja problemas na fase de joelho. Ap\u00f3s o est\u00e1dio de palito de f\u00f3sforo retira-se a palhada das bancadas.<\/p>\n<p>A <strong>irriga\u00e7\u00e3o \u00e9 realizada<\/strong> <strong>duas vezes por dia<\/strong>, uma no per\u00edodo da manh\u00e3 e outra no per\u00edodo da tarde, durante cerca de 20 a 30 minutos cada uma delas, at\u00e9 a forma\u00e7\u00e3o do primeiro par de folhas.<\/p>\n<p>At\u00e9 essa fase \u00e9 <strong>importante que n\u00e3o falte \u00e1gua para essas mudas<\/strong>, uma forma pr\u00e1tica de avaliar se o substrato est\u00e1 bem molhado \u00e9 pegar um tubete e apert\u00e1-lo bem, se ap\u00f3s isso soltar \u00e1gua, \u00e9 porque ele est\u00e1 bem molhado, no entanto, se ao apertar n\u00e3o pingar nenhuma gota de \u00e1gua, possivelmente o substrato n\u00e3o est\u00e1 t\u00e3o \u00famido.<\/p>\n<h2>Tempo de produ\u00e7\u00e3o das mudas de caf\u00e9<\/h2>\n<p>As mudas produzidas por tubetes, quando se realiza a pr\u00e9-germina\u00e7\u00e3o em areia ficam prontas para ir para o campo antes que as mudas produzidas por saquinho de polietileno, demorando menos de 180 dias para estarem prontas com 4 pares de folhas, enquanto que as mudas produzidas por saquinho demoram cerca de 210 dias.<\/p>\n<h2>Plantio de mudas de caf\u00e9 em tubetes<\/h2>\n<p>O plantio com tubete apresenta um <strong>maior rendimento<\/strong> devido ao seu tamanho reduzido, e a facilidade de manuseio.<\/p>\n<p>Al\u00e9m disso, para o plantio de mudas por tubetes <strong>n\u00e3o \u00e9 necess\u00e1rio a realiza\u00e7\u00e3o da pr\u00e1tica de corte do fundo do saquinho<\/strong>, que \u00e9 comumente feito nas mudas produzidas por saquinho, isso porque os tubetes apresentam uma abertura na extremidade inferior que n\u00e3o permite que as ra\u00edzes se enrolem.<\/p>\n<p>Esse plantio pode ser realizado manualmente, com matracas ou com plantadoras. Um ponto importante a ser destacado, \u00e9 a \u00e9poca de plantio para a utiliza\u00e7\u00e3o desse tipo de muda, sendo <strong>recomendado seu plantio principalmente nos meses de outubro e novembro<\/strong>, para que a muda permane\u00e7a por mais tempo no per\u00edodo das chuvas e dessa forma, proporcione melhores condi\u00e7\u00f5es para sua adapta\u00e7\u00e3o do campo.<\/p>\n<p>Ap\u00f3s o plantio das mudas, os tubetes e toda a estrutura do viveiro podem ser reutilizados nos anos subsequentes, dessa forma, diluindo os custos do investimento inicial.<\/p>\n<h2 data-start=\"61\" data-end=\"126\">Transforme sua produ\u00e7\u00e3o de caf\u00e9 com uma gest\u00e3o de alto n\u00edvel<\/h2>\n<p data-start=\"128\" data-end=\"379\">A produ\u00e7\u00e3o de mudas de qualidade \u00e9 essencial para come\u00e7ar a lavoura com o p\u00e9 direito. Mas para garantir bons resultados em todas as etapas \u2014 do plantio \u00e0 colheita \u2014 \u00e9 preciso dominar t\u00e9cnicas de gest\u00e3o que aumentam a produtividade e a rentabilidade.<\/p>\n<p data-start=\"381\" data-end=\"599\">No <strong><a href=\"https:\/\/rehagro.com.br\/cursos\/capacitacao-em-gestao-na-producao-de-cafe?utm_campaign=mkt-materiais-gc&amp;utm_source=textos&amp;utm_medium=blog\">Curso Gest\u00e3o na Produ\u00e7\u00e3o de Caf\u00e9 Ar\u00e1bica<\/a><\/strong> do Rehagro, voc\u00ea aprende com especialistas a aplicar ferramentas pr\u00e1ticas de gest\u00e3o, tomar decis\u00f5es assertivas e conduzir sua lavoura de forma eficiente e lucrativa.<\/p>\n<p><a href=\"https:\/\/rehagro.com.br\/cursos\/capacitacao-em-gestao-na-producao-de-cafe?utm_campaign=mkt-materiais-gc&amp;utm_source=textos&amp;utm_medium=blog\" target=\"_blank\" rel=\"noopener\"><img loading=\"lazy\" decoding=\"async\" class=\"aligncenter wp-image-24250 size-full\" title=\"Clique e saiba mais sobre o curso!\" src=\"https:\/\/rehagro.com.br\/blog\/wp-content\/uploads\/2023\/09\/banner-gc.jpg\" alt=\"Curso Gest\u00e3o na Produ\u00e7\u00e3o de Caf\u00e9 Ar\u00e1bica\" width=\"980\" height=\"317\" srcset=\"https:\/\/rehagro.com.br\/blog\/wp-content\/uploads\/2023\/09\/banner-gc.jpg 980w, https:\/\/rehagro.com.br\/blog\/wp-content\/uploads\/2023\/09\/banner-gc-300x97.jpg 300w, https:\/\/rehagro.com.br\/blog\/wp-content\/uploads\/2023\/09\/banner-gc-768x248.jpg 768w, https:\/\/rehagro.com.br\/blog\/wp-content\/uploads\/2023\/09\/banner-gc-370x120.jpg 370w, https:\/\/rehagro.com.br\/blog\/wp-content\/uploads\/2023\/09\/banner-gc-270x87.jpg 270w, https:\/\/rehagro.com.br\/blog\/wp-content\/uploads\/2023\/09\/banner-gc-740x239.jpg 740w, https:\/\/rehagro.com.br\/blog\/wp-content\/uploads\/2023\/09\/banner-gc-150x49.jpg 150w\" sizes=\"auto, (max-width: 980px) 100vw, 980px\" \/><\/a><\/p>\n<p>Texto produzido pela Equipe Caf\u00e9 Rehagro.<\/p>\n","protected":false},"excerpt":{"rendered":"<p>Voc\u00ea sabe como produzir mudas de caf\u00e9 em tubetes? Os tubetes s\u00e3o recipientes de formato c\u00f4nico, fabricados com polietileno r\u00edgido, e apresentam ranhuras internas que direcionam as ra\u00edzes para baixo, evitando seu enovelamento. Eles possuem um orif\u00edcio na sua parte inferior, para drenagem da \u00e1gua, e, al\u00e9m disso, evitam que as ra\u00edzes se enrolem no [&hellip;]<\/p>\n","protected":false},"author":21,"featured_media":28935,"comment_status":"open","ping_status":"open","sticky":false,"template":"","format":"standard","meta":{"footnotes":""},"categories":[211],"tags":[282,266,673,285,977,795],"class_list":["post-7398","post","type-post","status-publish","format-standard","has-post-thumbnail","hentry","category-cafe","tag-cafe","tag-cafeeiro","tag-cafeicultura","tag-mudas","tag-plantio-de-cafe","tag-tubete"],"yoast_head":"<!-- This site is optimized with the Yoast SEO plugin v27.5 - https:\/\/yoast.com\/product\/yoast-seo-wordpress\/ -->\n<title>Mudas de caf\u00e9 em tubetes: veja o passo a passo de como fazer<\/title>\n<meta name=\"description\" content=\"Veja como fazer mudas de caf\u00e9 em tubetes, desde a escolha do recipiente, cuidados com o semeio e plantio no campo. Clique e saiba mais.\" \/>\n<meta name=\"robots\" content=\"index, follow, max-snippet:-1, max-image-preview:large, max-video-preview:-1\" \/>\n<link rel=\"canonical\" href=\"https:\/\/rehagro.com.br\/blog\/producao-de-mudas-de-cafe-por-tubetes\/\" \/>\n<meta property=\"og:locale\" content=\"pt_BR\" \/>\n<meta property=\"og:type\" content=\"article\" \/>\n<meta property=\"og:title\" content=\"Mudas de caf\u00e9 em tubetes: veja o passo a passo de como fazer\" \/>\n<meta property=\"og:description\" content=\"Veja como fazer mudas de caf\u00e9 em tubetes, desde a escolha do recipiente, cuidados com o semeio e plantio no campo. Clique e saiba mais.\" \/>\n<meta property=\"og:url\" content=\"https:\/\/rehagro.com.br\/blog\/producao-de-mudas-de-cafe-por-tubetes\/\" \/>\n<meta property=\"og:site_name\" content=\"Rehagro Blog\" \/>\n<meta property=\"article:published_time\" content=\"2021-10-20T18:50:50+00:00\" \/>\n<meta property=\"article:modified_time\" content=\"2026-04-08T18:33:24+00:00\" \/>\n<meta property=\"og:image\" content=\"https:\/\/rehagro.com.br\/blog\/wp-content\/uploads\/2021\/10\/muda-de-cafe-no-tubete.jpg\" \/>\n\t<meta property=\"og:image:width\" content=\"960\" \/>\n\t<meta property=\"og:image:height\" content=\"640\" \/>\n\t<meta property=\"og:image:type\" content=\"image\/jpeg\" \/>\n<meta name=\"author\" content=\"Jo\u00e3o Pedro Azevedo\" \/>\n<meta name=\"twitter:card\" content=\"summary_large_image\" \/>\n<meta name=\"twitter:label1\" content=\"Escrito por\" \/>\n\t<meta name=\"twitter:data1\" content=\"Jo\u00e3o Pedro Azevedo\" \/>\n\t<meta name=\"twitter:label2\" content=\"Est. tempo de leitura\" \/>\n\t<meta name=\"twitter:data2\" content=\"7 minutos\" \/>\n<script type=\"application\/ld+json\" class=\"yoast-schema-graph\">{\"@context\":\"https:\\\/\\\/schema.org\",\"@graph\":[{\"@type\":\"Article\",\"@id\":\"https:\\\/\\\/rehagro.com.br\\\/blog\\\/producao-de-mudas-de-cafe-por-tubetes\\\/#article\",\"isPartOf\":{\"@id\":\"https:\\\/\\\/rehagro.com.br\\\/blog\\\/producao-de-mudas-de-cafe-por-tubetes\\\/\"},\"author\":{\"name\":\"Jo\u00e3o Pedro Azevedo\",\"@id\":\"https:\\\/\\\/rehagro.com.br\\\/blog\\\/#\\\/schema\\\/person\\\/f2d1ae51b04939615ceebb3c0bfd8a94\"},\"headline\":\"Como fazer mudas de caf\u00e9 em tubetes? Veja como \u00e9 o processo\",\"datePublished\":\"2021-10-20T18:50:50+00:00\",\"dateModified\":\"2026-04-08T18:33:24+00:00\",\"mainEntityOfPage\":{\"@id\":\"https:\\\/\\\/rehagro.com.br\\\/blog\\\/producao-de-mudas-de-cafe-por-tubetes\\\/\"},\"wordCount\":1026,\"commentCount\":2,\"publisher\":{\"@id\":\"https:\\\/\\\/rehagro.com.br\\\/blog\\\/#organization\"},\"image\":{\"@id\":\"https:\\\/\\\/rehagro.com.br\\\/blog\\\/producao-de-mudas-de-cafe-por-tubetes\\\/#primaryimage\"},\"thumbnailUrl\":\"https:\\\/\\\/rehagro.com.br\\\/blog\\\/wp-content\\\/uploads\\\/2021\\\/10\\\/muda-de-cafe-no-tubete.jpg\",\"keywords\":[\"caf\u00e9\",\"cafeeiro\",\"cafeicultura\",\"mudas\",\"plantio de caf\u00e9\",\"tubete\"],\"articleSection\":[\"CAF\u00c9\"],\"inLanguage\":\"pt-BR\",\"potentialAction\":[{\"@type\":\"CommentAction\",\"name\":\"Comment\",\"target\":[\"https:\\\/\\\/rehagro.com.br\\\/blog\\\/producao-de-mudas-de-cafe-por-tubetes\\\/#respond\"]}]},{\"@type\":\"WebPage\",\"@id\":\"https:\\\/\\\/rehagro.com.br\\\/blog\\\/producao-de-mudas-de-cafe-por-tubetes\\\/\",\"url\":\"https:\\\/\\\/rehagro.com.br\\\/blog\\\/producao-de-mudas-de-cafe-por-tubetes\\\/\",\"name\":\"Mudas de caf\u00e9 em tubetes: veja o passo a passo de como fazer\",\"isPartOf\":{\"@id\":\"https:\\\/\\\/rehagro.com.br\\\/blog\\\/#website\"},\"primaryImageOfPage\":{\"@id\":\"https:\\\/\\\/rehagro.com.br\\\/blog\\\/producao-de-mudas-de-cafe-por-tubetes\\\/#primaryimage\"},\"image\":{\"@id\":\"https:\\\/\\\/rehagro.com.br\\\/blog\\\/producao-de-mudas-de-cafe-por-tubetes\\\/#primaryimage\"},\"thumbnailUrl\":\"https:\\\/\\\/rehagro.com.br\\\/blog\\\/wp-content\\\/uploads\\\/2021\\\/10\\\/muda-de-cafe-no-tubete.jpg\",\"datePublished\":\"2021-10-20T18:50:50+00:00\",\"dateModified\":\"2026-04-08T18:33:24+00:00\",\"description\":\"Veja como fazer mudas de caf\u00e9 em tubetes, desde a escolha do recipiente, cuidados com o semeio e plantio no campo. Clique e saiba mais.\",\"breadcrumb\":{\"@id\":\"https:\\\/\\\/rehagro.com.br\\\/blog\\\/producao-de-mudas-de-cafe-por-tubetes\\\/#breadcrumb\"},\"inLanguage\":\"pt-BR\",\"potentialAction\":[{\"@type\":\"ReadAction\",\"target\":[\"https:\\\/\\\/rehagro.com.br\\\/blog\\\/producao-de-mudas-de-cafe-por-tubetes\\\/\"]}]},{\"@type\":\"ImageObject\",\"inLanguage\":\"pt-BR\",\"@id\":\"https:\\\/\\\/rehagro.com.br\\\/blog\\\/producao-de-mudas-de-cafe-por-tubetes\\\/#primaryimage\",\"url\":\"https:\\\/\\\/rehagro.com.br\\\/blog\\\/wp-content\\\/uploads\\\/2021\\\/10\\\/muda-de-cafe-no-tubete.jpg\",\"contentUrl\":\"https:\\\/\\\/rehagro.com.br\\\/blog\\\/wp-content\\\/uploads\\\/2021\\\/10\\\/muda-de-cafe-no-tubete.jpg\",\"width\":960,\"height\":640,\"caption\":\"Mudas de caf\u00e9 no tubete\"},{\"@type\":\"BreadcrumbList\",\"@id\":\"https:\\\/\\\/rehagro.com.br\\\/blog\\\/producao-de-mudas-de-cafe-por-tubetes\\\/#breadcrumb\",\"itemListElement\":[{\"@type\":\"ListItem\",\"position\":1,\"name\":\"In\u00edcio\",\"item\":\"https:\\\/\\\/rehagro.com.br\\\/blog\\\/\"},{\"@type\":\"ListItem\",\"position\":2,\"name\":\"Como fazer mudas de caf\u00e9 em tubetes? Veja como \u00e9 o processo\"}]},{\"@type\":\"WebSite\",\"@id\":\"https:\\\/\\\/rehagro.com.br\\\/blog\\\/#website\",\"url\":\"https:\\\/\\\/rehagro.com.br\\\/blog\\\/\",\"name\":\"Rehagro Blog\",\"description\":\"\",\"publisher\":{\"@id\":\"https:\\\/\\\/rehagro.com.br\\\/blog\\\/#organization\"},\"potentialAction\":[{\"@type\":\"SearchAction\",\"target\":{\"@type\":\"EntryPoint\",\"urlTemplate\":\"https:\\\/\\\/rehagro.com.br\\\/blog\\\/?s={search_term_string}\"},\"query-input\":{\"@type\":\"PropertyValueSpecification\",\"valueRequired\":true,\"valueName\":\"search_term_string\"}}],\"inLanguage\":\"pt-BR\"},{\"@type\":\"Organization\",\"@id\":\"https:\\\/\\\/rehagro.com.br\\\/blog\\\/#organization\",\"name\":\"Rehagro\",\"url\":\"https:\\\/\\\/rehagro.com.br\\\/blog\\\/\",\"logo\":{\"@type\":\"ImageObject\",\"inLanguage\":\"pt-BR\",\"@id\":\"https:\\\/\\\/rehagro.com.br\\\/blog\\\/#\\\/schema\\\/logo\\\/image\\\/\",\"url\":\"https:\\\/\\\/rehagro.com.br\\\/blog\\\/wp-content\\\/uploads\\\/2018\\\/05\\\/logo-rehagro.png\",\"contentUrl\":\"https:\\\/\\\/rehagro.com.br\\\/blog\\\/wp-content\\\/uploads\\\/2018\\\/05\\\/logo-rehagro.png\",\"width\":400,\"height\":115,\"caption\":\"Rehagro\"},\"image\":{\"@id\":\"https:\\\/\\\/rehagro.com.br\\\/blog\\\/#\\\/schema\\\/logo\\\/image\\\/\"}},{\"@type\":\"Person\",\"@id\":\"https:\\\/\\\/rehagro.com.br\\\/blog\\\/#\\\/schema\\\/person\\\/f2d1ae51b04939615ceebb3c0bfd8a94\",\"name\":\"Jo\u00e3o Pedro Azevedo\",\"image\":{\"@type\":\"ImageObject\",\"inLanguage\":\"pt-BR\",\"@id\":\"https:\\\/\\\/secure.gravatar.com\\\/avatar\\\/34aacffb2f10625483f480470f3274778dd1c183ba4f66444bb60ae92149bf8a?s=96&d=mm&r=g\",\"url\":\"https:\\\/\\\/secure.gravatar.com\\\/avatar\\\/34aacffb2f10625483f480470f3274778dd1c183ba4f66444bb60ae92149bf8a?s=96&d=mm&r=g\",\"contentUrl\":\"https:\\\/\\\/secure.gravatar.com\\\/avatar\\\/34aacffb2f10625483f480470f3274778dd1c183ba4f66444bb60ae92149bf8a?s=96&d=mm&r=g\",\"caption\":\"Jo\u00e3o Pedro Azevedo\"},\"url\":\"https:\\\/\\\/rehagro.com.br\\\/blog\\\/author\\\/joao-pedro\\\/\"}]}<\/script>\n<!-- \/ Yoast SEO plugin. -->","yoast_head_json":{"title":"Mudas de caf\u00e9 em tubetes: veja o passo a passo de como fazer","description":"Veja como fazer mudas de caf\u00e9 em tubetes, desde a escolha do recipiente, cuidados com o semeio e plantio no campo. Clique e saiba mais.","robots":{"index":"index","follow":"follow","max-snippet":"max-snippet:-1","max-image-preview":"max-image-preview:large","max-video-preview":"max-video-preview:-1"},"canonical":"https:\/\/rehagro.com.br\/blog\/producao-de-mudas-de-cafe-por-tubetes\/","og_locale":"pt_BR","og_type":"article","og_title":"Mudas de caf\u00e9 em tubetes: veja o passo a passo de como fazer","og_description":"Veja como fazer mudas de caf\u00e9 em tubetes, desde a escolha do recipiente, cuidados com o semeio e plantio no campo. Clique e saiba mais.","og_url":"https:\/\/rehagro.com.br\/blog\/producao-de-mudas-de-cafe-por-tubetes\/","og_site_name":"Rehagro Blog","article_published_time":"2021-10-20T18:50:50+00:00","article_modified_time":"2026-04-08T18:33:24+00:00","og_image":[{"width":960,"height":640,"url":"https:\/\/rehagro.com.br\/blog\/wp-content\/uploads\/2021\/10\/muda-de-cafe-no-tubete.jpg","type":"image\/jpeg"}],"author":"Jo\u00e3o Pedro Azevedo","twitter_card":"summary_large_image","twitter_misc":{"Escrito por":"Jo\u00e3o Pedro Azevedo","Est. tempo de leitura":"7 minutos"},"schema":{"@context":"https:\/\/schema.org","@graph":[{"@type":"Article","@id":"https:\/\/rehagro.com.br\/blog\/producao-de-mudas-de-cafe-por-tubetes\/#article","isPartOf":{"@id":"https:\/\/rehagro.com.br\/blog\/producao-de-mudas-de-cafe-por-tubetes\/"},"author":{"name":"Jo\u00e3o Pedro Azevedo","@id":"https:\/\/rehagro.com.br\/blog\/#\/schema\/person\/f2d1ae51b04939615ceebb3c0bfd8a94"},"headline":"Como fazer mudas de caf\u00e9 em tubetes? Veja como \u00e9 o processo","datePublished":"2021-10-20T18:50:50+00:00","dateModified":"2026-04-08T18:33:24+00:00","mainEntityOfPage":{"@id":"https:\/\/rehagro.com.br\/blog\/producao-de-mudas-de-cafe-por-tubetes\/"},"wordCount":1026,"commentCount":2,"publisher":{"@id":"https:\/\/rehagro.com.br\/blog\/#organization"},"image":{"@id":"https:\/\/rehagro.com.br\/blog\/producao-de-mudas-de-cafe-por-tubetes\/#primaryimage"},"thumbnailUrl":"https:\/\/rehagro.com.br\/blog\/wp-content\/uploads\/2021\/10\/muda-de-cafe-no-tubete.jpg","keywords":["caf\u00e9","cafeeiro","cafeicultura","mudas","plantio de caf\u00e9","tubete"],"articleSection":["CAF\u00c9"],"inLanguage":"pt-BR","potentialAction":[{"@type":"CommentAction","name":"Comment","target":["https:\/\/rehagro.com.br\/blog\/producao-de-mudas-de-cafe-por-tubetes\/#respond"]}]},{"@type":"WebPage","@id":"https:\/\/rehagro.com.br\/blog\/producao-de-mudas-de-cafe-por-tubetes\/","url":"https:\/\/rehagro.com.br\/blog\/producao-de-mudas-de-cafe-por-tubetes\/","name":"Mudas de caf\u00e9 em tubetes: veja o passo a passo de como fazer","isPartOf":{"@id":"https:\/\/rehagro.com.br\/blog\/#website"},"primaryImageOfPage":{"@id":"https:\/\/rehagro.com.br\/blog\/producao-de-mudas-de-cafe-por-tubetes\/#primaryimage"},"image":{"@id":"https:\/\/rehagro.com.br\/blog\/producao-de-mudas-de-cafe-por-tubetes\/#primaryimage"},"thumbnailUrl":"https:\/\/rehagro.com.br\/blog\/wp-content\/uploads\/2021\/10\/muda-de-cafe-no-tubete.jpg","datePublished":"2021-10-20T18:50:50+00:00","dateModified":"2026-04-08T18:33:24+00:00","description":"Veja como fazer mudas de caf\u00e9 em tubetes, desde a escolha do recipiente, cuidados com o semeio e plantio no campo. Clique e saiba mais.","breadcrumb":{"@id":"https:\/\/rehagro.com.br\/blog\/producao-de-mudas-de-cafe-por-tubetes\/#breadcrumb"},"inLanguage":"pt-BR","potentialAction":[{"@type":"ReadAction","target":["https:\/\/rehagro.com.br\/blog\/producao-de-mudas-de-cafe-por-tubetes\/"]}]},{"@type":"ImageObject","inLanguage":"pt-BR","@id":"https:\/\/rehagro.com.br\/blog\/producao-de-mudas-de-cafe-por-tubetes\/#primaryimage","url":"https:\/\/rehagro.com.br\/blog\/wp-content\/uploads\/2021\/10\/muda-de-cafe-no-tubete.jpg","contentUrl":"https:\/\/rehagro.com.br\/blog\/wp-content\/uploads\/2021\/10\/muda-de-cafe-no-tubete.jpg","width":960,"height":640,"caption":"Mudas de caf\u00e9 no tubete"},{"@type":"BreadcrumbList","@id":"https:\/\/rehagro.com.br\/blog\/producao-de-mudas-de-cafe-por-tubetes\/#breadcrumb","itemListElement":[{"@type":"ListItem","position":1,"name":"In\u00edcio","item":"https:\/\/rehagro.com.br\/blog\/"},{"@type":"ListItem","position":2,"name":"Como fazer mudas de caf\u00e9 em tubetes? Veja como \u00e9 o processo"}]},{"@type":"WebSite","@id":"https:\/\/rehagro.com.br\/blog\/#website","url":"https:\/\/rehagro.com.br\/blog\/","name":"Rehagro Blog","description":"","publisher":{"@id":"https:\/\/rehagro.com.br\/blog\/#organization"},"potentialAction":[{"@type":"SearchAction","target":{"@type":"EntryPoint","urlTemplate":"https:\/\/rehagro.com.br\/blog\/?s={search_term_string}"},"query-input":{"@type":"PropertyValueSpecification","valueRequired":true,"valueName":"search_term_string"}}],"inLanguage":"pt-BR"},{"@type":"Organization","@id":"https:\/\/rehagro.com.br\/blog\/#organization","name":"Rehagro","url":"https:\/\/rehagro.com.br\/blog\/","logo":{"@type":"ImageObject","inLanguage":"pt-BR","@id":"https:\/\/rehagro.com.br\/blog\/#\/schema\/logo\/image\/","url":"https:\/\/rehagro.com.br\/blog\/wp-content\/uploads\/2018\/05\/logo-rehagro.png","contentUrl":"https:\/\/rehagro.com.br\/blog\/wp-content\/uploads\/2018\/05\/logo-rehagro.png","width":400,"height":115,"caption":"Rehagro"},"image":{"@id":"https:\/\/rehagro.com.br\/blog\/#\/schema\/logo\/image\/"}},{"@type":"Person","@id":"https:\/\/rehagro.com.br\/blog\/#\/schema\/person\/f2d1ae51b04939615ceebb3c0bfd8a94","name":"Jo\u00e3o Pedro Azevedo","image":{"@type":"ImageObject","inLanguage":"pt-BR","@id":"https:\/\/secure.gravatar.com\/avatar\/34aacffb2f10625483f480470f3274778dd1c183ba4f66444bb60ae92149bf8a?s=96&d=mm&r=g","url":"https:\/\/secure.gravatar.com\/avatar\/34aacffb2f10625483f480470f3274778dd1c183ba4f66444bb60ae92149bf8a?s=96&d=mm&r=g","contentUrl":"https:\/\/secure.gravatar.com\/avatar\/34aacffb2f10625483f480470f3274778dd1c183ba4f66444bb60ae92149bf8a?s=96&d=mm&r=g","caption":"Jo\u00e3o Pedro Azevedo"},"url":"https:\/\/rehagro.com.br\/blog\/author\/joao-pedro\/"}]}},"_links":{"self":[{"href":"https:\/\/rehagro.com.br\/blog\/wp-json\/wp\/v2\/posts\/7398","targetHints":{"allow":["GET"]}}],"collection":[{"href":"https:\/\/rehagro.com.br\/blog\/wp-json\/wp\/v2\/posts"}],"about":[{"href":"https:\/\/rehagro.com.br\/blog\/wp-json\/wp\/v2\/types\/post"}],"author":[{"embeddable":true,"href":"https:\/\/rehagro.com.br\/blog\/wp-json\/wp\/v2\/users\/21"}],"replies":[{"embeddable":true,"href":"https:\/\/rehagro.com.br\/blog\/wp-json\/wp\/v2\/comments?post=7398"}],"version-history":[{"count":37,"href":"https:\/\/rehagro.com.br\/blog\/wp-json\/wp\/v2\/posts\/7398\/revisions"}],"predecessor-version":[{"id":42213,"href":"https:\/\/rehagro.com.br\/blog\/wp-json\/wp\/v2\/posts\/7398\/revisions\/42213"}],"wp:featuredmedia":[{"embeddable":true,"href":"https:\/\/rehagro.com.br\/blog\/wp-json\/wp\/v2\/media\/28935"}],"wp:attachment":[{"href":"https:\/\/rehagro.com.br\/blog\/wp-json\/wp\/v2\/media?parent=7398"}],"wp:term":[{"taxonomy":"category","embeddable":true,"href":"https:\/\/rehagro.com.br\/blog\/wp-json\/wp\/v2\/categories?post=7398"},{"taxonomy":"post_tag","embeddable":true,"href":"https:\/\/rehagro.com.br\/blog\/wp-json\/wp\/v2\/tags?post=7398"}],"curies":[{"name":"wp","href":"https:\/\/api.w.org\/{rel}","templated":true}]}}