{"id":7065,"date":"2020-03-11T14:00:37","date_gmt":"2020-03-11T17:00:37","guid":{"rendered":"https:\/\/rehagro.com.br\/blog\/?p=7065"},"modified":"2026-04-07T16:16:12","modified_gmt":"2026-04-07T19:16:12","slug":"cerca-ideal-para-a-propriedade","status":"publish","type":"post","link":"https:\/\/rehagro.com.br\/blog\/cerca-ideal-para-a-propriedade\/","title":{"rendered":"Cerca para o gado de corte: como escolher a ideal para sua propriedade?"},"content":{"rendered":"<p>O sucesso da produ\u00e7\u00e3o de carne na cadeia produtiva brasileira \u00e9 um reflexo de uma combina\u00e7\u00e3o de fatores, entre os quais se destaca a\u00a0<strong>capacidade excepcional de produzir forragem ao longo do ano<\/strong>. O Brasil, com suas dimens\u00f5es continentais e clima tropical favor\u00e1vel, se posiciona como um dos l\u00edderes mundiais na cria\u00e7\u00e3o de bovinos exclusivamente a pasto.<\/p>\n<p>Entretanto, o potencial produtivo do Brasil vai al\u00e9m da simples disponibilidade de forragem. Para que esse potencial se converta em resultados concretos e satisfat\u00f3rios na produ\u00e7\u00e3o de carne, \u00e9 crucial que os pecuaristas adotem\u00a0<strong>estrat\u00e9gias adequadas de manejo<\/strong>, incluindo a escolha da cerca ideal para o gado de corte.<\/p>\n<p>A cerca n\u00e3o \u00e9 apenas uma barreira f\u00edsica; ela desempenha um papel vital na\u00a0seguran\u00e7a e <strong><a href=\"https:\/\/rehagro.com.br\/blog\/bem-estar-animal-bovinos-de-corte\/\">bem-estar dos animais<\/a><\/strong>, al\u00e9m de influenciar diretamente a produtividade da propriedade.<\/p>\n<p>A sele\u00e7\u00e3o correta do tipo de cerca pode impactar significativamente os custos operacionais e a efici\u00eancia do manejo. Por exemplo, cercas de arame liso s\u00e3o frequentemente recomendadas para \u00e1reas planas, enquanto cercas el\u00e9tricas oferecem seguran\u00e7a adicional e controle sobre o movimento dos animais. Assim, a escolha do cercamento deve ser feita com base nas caracter\u00edsticas espec\u00edficas da propriedade e nas necessidades do rebanho.<\/p>\n<p>Portanto, ao discutir <strong>qual a cerca ideal para o gado de corte<\/strong>, \u00e9 fundamental considerar n\u00e3o apenas os aspectos t\u00e9cnicos, mas tamb\u00e9m as implica\u00e7\u00f5es econ\u00f4micas que essa decis\u00e3o pode acarretar.<\/p>\n<div style=\"background-color: #efefef; padding-left: 10px; padding-right: 5px; border-radius: 10px;\">\n<p>&nbsp;<\/p>\n<p style=\"text-align: center;\"><strong><span style=\"font-size: 14pt;\">Sem tempo para ler agora? Baixe este artigo em PDF!<\/span><\/strong><\/p>\n<p><script charset=\"utf-8\" type=\"text\/javascript\" src=\"http:\/\/\/\/js.hsforms.net\/forms\/embed\/v2.js\"><\/script><br \/>\n<script>\nhbspt.forms.create({\nregion: \"na1\",\nportalId: \"5430441\",\nformId: \"f83e655b-67de-4fbe-b12a-88b7e9461712\"\n});\n<\/script><\/p>\n<\/div>\n<h2 align=\"justify\">Manejo da pastagem e o manejo do pastejo<\/h2>\n<p>\u00c9 importante que otimizemos todas essas \u201cvantagens naturais\u201d com objetivo de melhorar e maximizar a produ\u00e7\u00e3o animal.<\/p>\n<p>Existem v\u00e1rias estrat\u00e9gias e ferramentas que nos permitem aumentar a produ\u00e7\u00e3o de arrobas em dado hectare. Seguem alguns exemplos de poderosas ferramentas que auxiliam na busca por melhores desempenhos dos animais e \u00e1reas:<\/p>\n<ul>\n<li><a href=\"https:\/\/rehagro.com.br\/blog\/melhoramento-genetico-animal\/\" target=\"_blank\" rel=\"noopener\"><strong>Melhoramento gen\u00e9tico<\/strong><\/a> do rebanho;<\/li>\n<li><strong><a href=\"https:\/\/rehagro.com.br\/blog\/suplementacao-mineral-para-bovinos-de-corte\/\" target=\"_blank\" rel=\"noopener\">Suplementa\u00e7\u00e3o mineral<\/a><\/strong>, proteica e\/ou energ\u00e9tica.<\/li>\n<\/ul>\n<p>Entretanto, h\u00e1 dois fatores, de certa forma abrangentes, indispens\u00e1veis na busca pelo aumento da efici\u00eancia produtiva de animais criados a pasto: manejo da pastagem e o manejo do pastejo.<\/p>\n<p>Exatamente o conjunto de a\u00e7\u00f5es que realizamos envolvendo os componentes solo-planta-animal ser\u00e3o denominados manejo da pastagem. J\u00e1 a condu\u00e7\u00e3o que proporcionamos aos animais para colheita da forragem produzida \u00e9 o <strong><a href=\"https:\/\/rehagro.com.br\/blog\/pastoreio-para-bovinos-de-corte\/\" target=\"_blank\" rel=\"noopener\">manejo do pastejo<\/a><\/strong>.<\/p>\n<p>Somente adequando e aumentando ao m\u00e1ximo a efici\u00eancia no manejo da pastagem e do pastejo vamos conseguir, de fato, transformar todo nosso potencial produtivo em maiores produ\u00e7\u00f5es de arrobas.<\/p>\n<p>Dentre essas a\u00e7\u00f5es e ferramentas que utilizamos no manejo da pastagem, uma estrutura chama muita aten\u00e7\u00e3o por sua import\u00e2ncia e tamb\u00e9m por ser, em muitos casos, negligenciada, a cerca para o gado. Isso mesmo, para se ter um pastejo adequado, \u00e9 fundamental que tenhamos em nossa propriedade uma boa e eficiente estrutura de cerca.<\/p>\n<p><a href=\"https:\/\/conteudo.rehagro.com.br\/ebook-tipos-de-cercas-pecuaria-corte?utm_campaign=material-corte&amp;utm_source=ebook-tipos-de-cercas&amp;utm_medium=blog\" target=\"_blank\" rel=\"noopener\"><img loading=\"lazy\" decoding=\"async\" class=\"aligncenter wp-image-39644 size-full\" title=\"Clique e baixe o e-book gr\u00e1tis!\" src=\"https:\/\/rehagro.com.br\/blog\/wp-content\/uploads\/2025\/09\/banner-ebook-tipos-cercas.png\" alt=\"E-book Tipos de cercas\" width=\"980\" height=\"317\" srcset=\"https:\/\/rehagro.com.br\/blog\/wp-content\/uploads\/2025\/09\/banner-ebook-tipos-cercas.png 980w, https:\/\/rehagro.com.br\/blog\/wp-content\/uploads\/2025\/09\/banner-ebook-tipos-cercas-300x97.png 300w, https:\/\/rehagro.com.br\/blog\/wp-content\/uploads\/2025\/09\/banner-ebook-tipos-cercas-768x248.png 768w, https:\/\/rehagro.com.br\/blog\/wp-content\/uploads\/2025\/09\/banner-ebook-tipos-cercas-370x120.png 370w, https:\/\/rehagro.com.br\/blog\/wp-content\/uploads\/2025\/09\/banner-ebook-tipos-cercas-270x87.png 270w, https:\/\/rehagro.com.br\/blog\/wp-content\/uploads\/2025\/09\/banner-ebook-tipos-cercas-740x239.png 740w, https:\/\/rehagro.com.br\/blog\/wp-content\/uploads\/2025\/09\/banner-ebook-tipos-cercas-150x49.png 150w\" sizes=\"auto, (max-width: 980px) 100vw, 980px\" \/><\/a><\/p>\n<h2>Vantagens de ter uma boa cerca<\/h2>\n<p>Existe uma s\u00e9rie de vantagens em se ter uma boa cerca, al\u00e9m de proteger contra a fuga do gado de uma propriedade. Veja algumas delas:<\/p>\n<h3 align=\"justify\">1. Separar os animais de diferentes categorias<\/h3>\n<p>Alguns exemplos s\u00e3o:<\/p>\n<ul>\n<li>Em per\u00edodos ou estados reprodutivos diferentes;<\/li>\n<li>Com peso, <strong><a href=\"https:\/\/rehagro.com.br\/blog\/escore-de-condicao-corporal-em-bovinos-de-corte\/\" target=\"_blank\" rel=\"noopener\">escore<\/a><\/strong> ou frame diferenciados;<\/li>\n<li>Apresentando status sanit\u00e1rio especial, em quarentena, por exemplo;<\/li>\n<li>Grupos gen\u00e9ticos distintos;<\/li>\n<li>Com exig\u00eancias nutricionais diferenciadas.<\/li>\n<\/ul>\n<h3 align=\"justify\">2. Direcionar os animais pela propriedade<\/h3>\n<ul>\n<li>Corredores de acesso a currais, retiros ou outros pastos.<\/li>\n<\/ul>\n<h3 align=\"justify\">3. Limitar acesso dos animais em determinada localidade<\/h3>\n<ul>\n<li>N\u00e3o permitir que os animais tenham acesso a uma nascente dentro do pasto;<\/li>\n<li>Evitar o acesso de determinada categoria ao <strong><a href=\"https:\/\/rehagro.com.br\/blog\/voce-sabe-a-importancia-de-mexer-o-cocho\/\" target=\"_blank\" rel=\"noopener\">cocho<\/a>.<\/strong><\/li>\n<\/ul>\n<h3 align=\"justify\">4. Proporcionar o manejo adequado dos animais<\/h3>\n<p>\u00c9 sabido que grandes extens\u00f5es de pastagem \u00e9 desfavor\u00e1vel para o pastejo uniforme dos animais. Sendo assim, a principal fun\u00e7\u00e3o de uma cerca dentro da propriedade \u00e9 delimitar os piquetes e, por consequ\u00eancia, permitir a padroniza\u00e7\u00e3o e melhor utiliza\u00e7\u00e3o daquela forrageira por parte dos animais.<\/p>\n<h2><a href=\"https:\/\/rehagro.com.br\/cursos\/capacitacao-em-gestao-na-pecuaria-de-corte?utm_campaign=mkt-materiais-gpc&amp;utm_source=textos&amp;utm_medium=blog\" target=\"_blank\" rel=\"noopener\"><img loading=\"lazy\" decoding=\"async\" class=\"aligncenter wp-image-18732 size-full\" title=\"Clique e saiba mais sobre o curso!\" src=\"https:\/\/rehagro.com.br\/blog\/wp-content\/uploads\/2023\/03\/banner-gpc.jpg\" alt=\"Banner Curso Gest\u00e3o na Pecu\u00e1ria de Corte\" width=\"980\" height=\"317\" srcset=\"https:\/\/rehagro.com.br\/blog\/wp-content\/uploads\/2023\/03\/banner-gpc.jpg 980w, https:\/\/rehagro.com.br\/blog\/wp-content\/uploads\/2023\/03\/banner-gpc-300x97.jpg 300w, https:\/\/rehagro.com.br\/blog\/wp-content\/uploads\/2023\/03\/banner-gpc-768x248.jpg 768w, https:\/\/rehagro.com.br\/blog\/wp-content\/uploads\/2023\/03\/banner-gpc-370x120.jpg 370w, https:\/\/rehagro.com.br\/blog\/wp-content\/uploads\/2023\/03\/banner-gpc-270x87.jpg 270w, https:\/\/rehagro.com.br\/blog\/wp-content\/uploads\/2023\/03\/banner-gpc-740x239.jpg 740w, https:\/\/rehagro.com.br\/blog\/wp-content\/uploads\/2023\/03\/banner-gpc-150x49.jpg 150w\" sizes=\"auto, (max-width: 980px) 100vw, 980px\" \/><\/a><\/h2>\n<h2 align=\"justify\">Mas afinal, qual a melhor op\u00e7\u00e3o de cerca para o gado?<\/h2>\n<p>Existem, como citado acima, alguns tipos de cerca que podem auxiliar o produtor em diferentes finalidades. Cerca de arame farpado, cerca com arame liso \u201cparaguaia\u201d e cerca el\u00e9trica s\u00e3o os principais tipo de cercas encontrados em sistemas de pecu\u00e1ria de corte no Brasil.<\/p>\n<p>Cada uma delas tem sua particularidade, seus benef\u00edcios e suas defici\u00eancias. Para conseguirmos alcan\u00e7ar o objetivo tratado nesse texto como principal, da cerca, devemos conhecer as caracter\u00edsticas de cada um desses tipos e estabelecer qual ser\u00e1 a melhor op\u00e7\u00e3o para nosso sistema.<\/p>\n<h3 align=\"justify\">Cerca de arame farpado<\/h3>\n<p>A <strong>cerca de arame farpado<\/strong>, talvez seja ainda a cerca <strong>mais utilizada por pecuaristas no Brasil e no mundo<\/strong>. Sua utiliza\u00e7\u00e3o se destaca em terrenos onde a topografia \u00e9 mais acentuada, por exemplo:<\/p>\n<ul>\n<li>Regi\u00f5es de amplitude no relevo;<\/li>\n<li>Regi\u00f5es acidentadas;<\/li>\n<li>Cercas que cont\u00e9m diversas mudan\u00e7as de dire\u00e7\u00e3o a cerca de arame farpada \u00e9 preterida.<\/li>\n<\/ul>\n<p>Pela menor elasticidade do arame farpado, esse tipo de cerca necessita de um menor espa\u00e7amento entre os postes de madeira.<\/p>\n<p>No geral, o espa\u00e7amento n\u00e3o deve ser muito maior do que 3 a 5 metros entre os postes, exigindo ainda maior n\u00famero de fios na cerca. As duas \u00faltimas caracter\u00edsticas citadas, imprime na cerca de arame farpado, um maior custo de instala\u00e7\u00e3o quando comparamos com os outros dois tipos de cerca citados anteriormente.<\/p>\n<p>Entretanto, pela menor necessidade de esticadores e pela praticidade na instala\u00e7\u00e3o, a m\u00e3o de obra para se utilizar na instala\u00e7\u00e3o e manuten\u00e7\u00e3o desse tipo de cerca \u00e9 f\u00e1cil de se encontrar.<\/p>\n<h3 align=\"justify\">Cerca de arame liso<\/h3>\n<p>A <strong>cerca de arame liso<\/strong>, ao contr\u00e1rio da cerca de arame farpado <strong>tem maior elasticidade<\/strong>. Isso permite que o espa\u00e7amento entre os postes de suporte seja maior, mesmo necessitando de esticadores com menor intervalo.<\/p>\n<p>No geral, cercas de arame liso permitem dist\u00e2ncia, n\u00e3o maiores do que 8m entre os postes. Justamente pela necessidade dos esticadores, a m\u00e3o de obra para instala\u00e7\u00e3o e manuten\u00e7\u00e3o desse tipo de cerca requer um pouco mais de experi\u00eancia.<\/p>\n<p>Recomenda-se a cerca de arame liso, normalmente, para <strong>regi\u00f5es mais planas e sem muita mudan\u00e7a de dire\u00e7\u00e3o<\/strong>. Assim como na cerca de arame farpado o n\u00famero de fios recomendado para uma boa cerca de arame liso s\u00e3o 5 fios.<\/p>\n<p>Uma grande problem\u00e1tica, quando pensamos em cercas de arame farpado ou arame liso, principalmente em se tratando de divis\u00f5es internas das propriedades, \u00e9 o fato desses modelos de cercas serem fixas, ou seja, n\u00e3o h\u00e1 a possibilidade de movimenta\u00e7\u00e3o ou mudan\u00e7a do local da cerca, sem que haja um grande desprendimento de tempo e recursos financeiros.<\/p>\n<h3>Cerca el\u00e9trica<\/h3>\n<p>A <strong><a href=\"https:\/\/rehagro.com.br\/blog\/cerca-eletrica-no-manejo-do-gado-de-corte\/\" target=\"_blank\" rel=\"noopener\">cerca el\u00e9trica<\/a><\/strong> \u00e9 uma alternativa que se op\u00f5e as cercas convencionais de arame farpado ou liso, por poderem ser m\u00f3veis e de grande praticidade, podendo ser utilizada para conduzir o pastejo, potencializando e maximizando a utiliza\u00e7\u00e3o das pastagens.<\/p>\n<p>Ao contr\u00e1rio do que se parece, a t\u00e9cnica n\u00e3o necessariamente precisa estar pr\u00f3ximo a fontes de energia tradicionais, existem modernos eletrificadores alimentados por pain\u00e9is solares.<\/p>\n<p>Esta pode ser at\u00e9 4 vezes mais barata do que as cercas convencionais, entretanto, exige uma m\u00e3o de obra qualificada e um projeto bem elaborado. Os aparelhos utilizados na cerca el\u00e9trica devem, necessariamente, serem de boa qualidade, para garantir o choque no fio. Esse fio n\u00e3o \u00e9 muito esticado para melhor efici\u00eancia.<\/p>\n<h2 align=\"justify\">Considera\u00e7\u00f5es finais<\/h2>\n<p>Avaliando essas caracter\u00edsticas, percebemos que n\u00e3o existe um modelo de cerca ideal para o gado, e que cada sistema deve entender suas peculiaridades e alternativas, para ent\u00e3o escolher o melhor tipo a ser utilizado.<\/p>\n<p>Existe ainda a possibilidade de se utilizar outros tipos de maneira consorciada, por exemplo, o entorno de um m\u00f3dulo de pastejo feito com um modelo de arame liso e suas divis\u00f3rias realizada de maneira m\u00f3vel com a el\u00e9trica. Conte para n\u00f3s, qual melhor se ad\u00e9qua ao seu sistema?<\/p>\n<p>Sucesso na sua produ\u00e7\u00e3o!<\/p>\n<h2>Chegou a hora de profissionalizar sua pecu\u00e1ria de corte<\/h2>\n<p>A competitividade no setor \u00e9 cada vez maior, e s\u00f3 os pecuaristas que investem em gest\u00e3o conseguem se manter lucrativos a longo prazo.<\/p>\n<p>No\u00a0<strong><a href=\"https:\/\/rehagro.com.br\/cursos\/capacitacao-em-gestao-na-pecuaria-de-corte?utm_campaign=mkt-materiais-gpc&amp;utm_source=textos&amp;utm_medium=blog\" target=\"_blank\" rel=\"noopener\">Curso Gest\u00e3o na Pecu\u00e1ria de Corte<\/a><\/strong>, voc\u00ea ter\u00e1 acesso a conte\u00fados pr\u00e1ticos, aplic\u00e1veis \u00e0 realidade da fazenda, que v\u00e3o elevar sua produ\u00e7\u00e3o e seus resultados financeiros. Com aulas 100% online, conte\u00fado pr\u00e1tico e professores com experi\u00eancia real no campo, o curso prepara voc\u00ea para tomar decis\u00f5es mais assertivas e rent\u00e1veis.<\/p>\n<p><a href=\"https:\/\/rehagro.com.br\/cursos\/capacitacao-em-gestao-na-pecuaria-de-corte?utm_campaign=mkt-materiais-gpc&amp;utm_source=textos&amp;utm_medium=blog\" target=\"_blank\" rel=\"noopener\"><img loading=\"lazy\" decoding=\"async\" class=\"aligncenter wp-image-18732 size-full\" title=\"Clique e saiba mais sobre o curso!\" src=\"https:\/\/rehagro.com.br\/blog\/wp-content\/uploads\/2023\/03\/banner-gpc.jpg\" alt=\"Banner Curso Gest\u00e3o na Pecu\u00e1ria de Corte\" width=\"980\" height=\"317\" srcset=\"https:\/\/rehagro.com.br\/blog\/wp-content\/uploads\/2023\/03\/banner-gpc.jpg 980w, https:\/\/rehagro.com.br\/blog\/wp-content\/uploads\/2023\/03\/banner-gpc-300x97.jpg 300w, https:\/\/rehagro.com.br\/blog\/wp-content\/uploads\/2023\/03\/banner-gpc-768x248.jpg 768w, https:\/\/rehagro.com.br\/blog\/wp-content\/uploads\/2023\/03\/banner-gpc-370x120.jpg 370w, https:\/\/rehagro.com.br\/blog\/wp-content\/uploads\/2023\/03\/banner-gpc-270x87.jpg 270w, https:\/\/rehagro.com.br\/blog\/wp-content\/uploads\/2023\/03\/banner-gpc-740x239.jpg 740w, https:\/\/rehagro.com.br\/blog\/wp-content\/uploads\/2023\/03\/banner-gpc-150x49.jpg 150w\" sizes=\"auto, (max-width: 980px) 100vw, 980px\" \/><\/a><\/p>\n<p align=\"justify\"><img loading=\"lazy\" decoding=\"async\" class=\"aligncenter size-full wp-image-36397\" src=\"https:\/\/rehagro.com.br\/blog\/wp-content\/uploads\/2018\/10\/cristiano-rossoni-300x96.jpg.webp\" alt=\"Cristiano Rossoni - Coordenador de Cursos Pecu\u00e1ria de Corte\" width=\"300\" height=\"96\" srcset=\"https:\/\/rehagro.com.br\/blog\/wp-content\/uploads\/2018\/10\/cristiano-rossoni-300x96.jpg.webp 300w, https:\/\/rehagro.com.br\/blog\/wp-content\/uploads\/2018\/10\/cristiano-rossoni-300x96.jpg-270x86.webp 270w, https:\/\/rehagro.com.br\/blog\/wp-content\/uploads\/2018\/10\/cristiano-rossoni-300x96.jpg-150x48.webp 150w\" sizes=\"auto, (max-width: 300px) 100vw, 300px\" \/><\/p>\n","protected":false},"excerpt":{"rendered":"<p>O sucesso da produ\u00e7\u00e3o de carne na cadeia produtiva brasileira \u00e9 um reflexo de uma combina\u00e7\u00e3o de fatores, entre os quais se destaca a\u00a0capacidade excepcional de produzir forragem ao longo do ano. O Brasil, com suas dimens\u00f5es continentais e clima tropical favor\u00e1vel, se posiciona como um dos l\u00edderes mundiais na cria\u00e7\u00e3o de bovinos exclusivamente a [&hellip;]<\/p>\n","protected":false},"author":21,"featured_media":11018,"comment_status":"open","ping_status":"open","sticky":false,"template":"","format":"standard","meta":{"footnotes":""},"categories":[212],"tags":[271,845,447,644,370],"class_list":["post-7065","post","type-post","status-publish","format-standard","has-post-thumbnail","hentry","category-corte","tag-bovinos-de-corte","tag-cerca","tag-pastagem","tag-pastejo","tag-rebanho"],"yoast_head":"<!-- This site is optimized with the Yoast SEO plugin v27.4 - https:\/\/yoast.com\/product\/yoast-seo-wordpress\/ -->\n<title>Cerca para gado de corte: como escolher o modelo ideal?<\/title>\n<meta name=\"description\" content=\"Descubra a cerca ideal para gado de corte: arame farpado, liso ou el\u00e9trica. Vantagens no manejo de pastagem, separa\u00e7\u00e3o de animais e redu\u00e7\u00e3o de custos.\" \/>\n<meta name=\"robots\" content=\"index, follow, max-snippet:-1, max-image-preview:large, max-video-preview:-1\" \/>\n<link rel=\"canonical\" href=\"https:\/\/rehagro.com.br\/blog\/cerca-ideal-para-a-propriedade\/\" \/>\n<meta property=\"og:locale\" content=\"pt_BR\" \/>\n<meta property=\"og:type\" content=\"article\" \/>\n<meta property=\"og:title\" content=\"Cerca para gado de corte: como escolher o modelo ideal?\" \/>\n<meta property=\"og:description\" content=\"Descubra a cerca ideal para gado de corte: arame farpado, liso ou el\u00e9trica. Vantagens no manejo de pastagem, separa\u00e7\u00e3o de animais e redu\u00e7\u00e3o de custos.\" \/>\n<meta property=\"og:url\" content=\"https:\/\/rehagro.com.br\/blog\/cerca-ideal-para-a-propriedade\/\" \/>\n<meta property=\"og:site_name\" content=\"Rehagro Blog\" \/>\n<meta property=\"article:published_time\" content=\"2020-03-11T17:00:37+00:00\" \/>\n<meta property=\"article:modified_time\" content=\"2026-04-07T19:16:12+00:00\" \/>\n<meta property=\"og:image\" content=\"https:\/\/rehagro.com.br\/blog\/wp-content\/uploads\/2020\/03\/cerca-ideal-propriedade.jpg\" \/>\n\t<meta property=\"og:image:width\" content=\"1280\" \/>\n\t<meta property=\"og:image:height\" content=\"853\" \/>\n\t<meta property=\"og:image:type\" content=\"image\/jpeg\" \/>\n<meta name=\"author\" content=\"Jo\u00e3o Pedro Azevedo\" \/>\n<meta name=\"twitter:card\" content=\"summary_large_image\" \/>\n<meta name=\"twitter:label1\" content=\"Escrito por\" \/>\n\t<meta name=\"twitter:data1\" content=\"Jo\u00e3o Pedro Azevedo\" \/>\n\t<meta name=\"twitter:label2\" content=\"Est. tempo de leitura\" \/>\n\t<meta name=\"twitter:data2\" content=\"9 minutos\" \/>\n<script type=\"application\/ld+json\" class=\"yoast-schema-graph\">{\"@context\":\"https:\\\/\\\/schema.org\",\"@graph\":[{\"@type\":\"Article\",\"@id\":\"https:\\\/\\\/rehagro.com.br\\\/blog\\\/cerca-ideal-para-a-propriedade\\\/#article\",\"isPartOf\":{\"@id\":\"https:\\\/\\\/rehagro.com.br\\\/blog\\\/cerca-ideal-para-a-propriedade\\\/\"},\"author\":{\"name\":\"Jo\u00e3o Pedro Azevedo\",\"@id\":\"https:\\\/\\\/rehagro.com.br\\\/blog\\\/#\\\/schema\\\/person\\\/f2d1ae51b04939615ceebb3c0bfd8a94\"},\"headline\":\"Cerca para o gado de corte: como escolher a ideal para sua propriedade?\",\"datePublished\":\"2020-03-11T17:00:37+00:00\",\"dateModified\":\"2026-04-07T19:16:12+00:00\",\"mainEntityOfPage\":{\"@id\":\"https:\\\/\\\/rehagro.com.br\\\/blog\\\/cerca-ideal-para-a-propriedade\\\/\"},\"wordCount\":1462,\"commentCount\":1,\"publisher\":{\"@id\":\"https:\\\/\\\/rehagro.com.br\\\/blog\\\/#organization\"},\"image\":{\"@id\":\"https:\\\/\\\/rehagro.com.br\\\/blog\\\/cerca-ideal-para-a-propriedade\\\/#primaryimage\"},\"thumbnailUrl\":\"https:\\\/\\\/rehagro.com.br\\\/blog\\\/wp-content\\\/uploads\\\/2020\\\/03\\\/cerca-ideal-propriedade.jpg\",\"keywords\":[\"bovinos de corte\",\"cerca\",\"pastagem\",\"pastejo\",\"rebanho\"],\"articleSection\":[\"CORTE\"],\"inLanguage\":\"pt-BR\",\"potentialAction\":[{\"@type\":\"CommentAction\",\"name\":\"Comment\",\"target\":[\"https:\\\/\\\/rehagro.com.br\\\/blog\\\/cerca-ideal-para-a-propriedade\\\/#respond\"]}]},{\"@type\":\"WebPage\",\"@id\":\"https:\\\/\\\/rehagro.com.br\\\/blog\\\/cerca-ideal-para-a-propriedade\\\/\",\"url\":\"https:\\\/\\\/rehagro.com.br\\\/blog\\\/cerca-ideal-para-a-propriedade\\\/\",\"name\":\"Cerca para gado de corte: como escolher o modelo ideal?\",\"isPartOf\":{\"@id\":\"https:\\\/\\\/rehagro.com.br\\\/blog\\\/#website\"},\"primaryImageOfPage\":{\"@id\":\"https:\\\/\\\/rehagro.com.br\\\/blog\\\/cerca-ideal-para-a-propriedade\\\/#primaryimage\"},\"image\":{\"@id\":\"https:\\\/\\\/rehagro.com.br\\\/blog\\\/cerca-ideal-para-a-propriedade\\\/#primaryimage\"},\"thumbnailUrl\":\"https:\\\/\\\/rehagro.com.br\\\/blog\\\/wp-content\\\/uploads\\\/2020\\\/03\\\/cerca-ideal-propriedade.jpg\",\"datePublished\":\"2020-03-11T17:00:37+00:00\",\"dateModified\":\"2026-04-07T19:16:12+00:00\",\"description\":\"Descubra a cerca ideal para gado de corte: arame farpado, liso ou el\u00e9trica. Vantagens no manejo de pastagem, separa\u00e7\u00e3o de animais e redu\u00e7\u00e3o de custos.\",\"breadcrumb\":{\"@id\":\"https:\\\/\\\/rehagro.com.br\\\/blog\\\/cerca-ideal-para-a-propriedade\\\/#breadcrumb\"},\"inLanguage\":\"pt-BR\",\"potentialAction\":[{\"@type\":\"ReadAction\",\"target\":[\"https:\\\/\\\/rehagro.com.br\\\/blog\\\/cerca-ideal-para-a-propriedade\\\/\"]}]},{\"@type\":\"ImageObject\",\"inLanguage\":\"pt-BR\",\"@id\":\"https:\\\/\\\/rehagro.com.br\\\/blog\\\/cerca-ideal-para-a-propriedade\\\/#primaryimage\",\"url\":\"https:\\\/\\\/rehagro.com.br\\\/blog\\\/wp-content\\\/uploads\\\/2020\\\/03\\\/cerca-ideal-propriedade.jpg\",\"contentUrl\":\"https:\\\/\\\/rehagro.com.br\\\/blog\\\/wp-content\\\/uploads\\\/2020\\\/03\\\/cerca-ideal-propriedade.jpg\",\"width\":1280,\"height\":853,\"caption\":\"Cerca de arame farpado em uma fazenda\"},{\"@type\":\"BreadcrumbList\",\"@id\":\"https:\\\/\\\/rehagro.com.br\\\/blog\\\/cerca-ideal-para-a-propriedade\\\/#breadcrumb\",\"itemListElement\":[{\"@type\":\"ListItem\",\"position\":1,\"name\":\"In\u00edcio\",\"item\":\"https:\\\/\\\/rehagro.com.br\\\/blog\\\/\"},{\"@type\":\"ListItem\",\"position\":2,\"name\":\"Cerca para o gado de corte: como escolher a ideal para sua propriedade?\"}]},{\"@type\":\"WebSite\",\"@id\":\"https:\\\/\\\/rehagro.com.br\\\/blog\\\/#website\",\"url\":\"https:\\\/\\\/rehagro.com.br\\\/blog\\\/\",\"name\":\"Rehagro Blog\",\"description\":\"\",\"publisher\":{\"@id\":\"https:\\\/\\\/rehagro.com.br\\\/blog\\\/#organization\"},\"potentialAction\":[{\"@type\":\"SearchAction\",\"target\":{\"@type\":\"EntryPoint\",\"urlTemplate\":\"https:\\\/\\\/rehagro.com.br\\\/blog\\\/?s={search_term_string}\"},\"query-input\":{\"@type\":\"PropertyValueSpecification\",\"valueRequired\":true,\"valueName\":\"search_term_string\"}}],\"inLanguage\":\"pt-BR\"},{\"@type\":\"Organization\",\"@id\":\"https:\\\/\\\/rehagro.com.br\\\/blog\\\/#organization\",\"name\":\"Rehagro\",\"url\":\"https:\\\/\\\/rehagro.com.br\\\/blog\\\/\",\"logo\":{\"@type\":\"ImageObject\",\"inLanguage\":\"pt-BR\",\"@id\":\"https:\\\/\\\/rehagro.com.br\\\/blog\\\/#\\\/schema\\\/logo\\\/image\\\/\",\"url\":\"https:\\\/\\\/rehagro.com.br\\\/blog\\\/wp-content\\\/uploads\\\/2018\\\/05\\\/logo-rehagro.png\",\"contentUrl\":\"https:\\\/\\\/rehagro.com.br\\\/blog\\\/wp-content\\\/uploads\\\/2018\\\/05\\\/logo-rehagro.png\",\"width\":400,\"height\":115,\"caption\":\"Rehagro\"},\"image\":{\"@id\":\"https:\\\/\\\/rehagro.com.br\\\/blog\\\/#\\\/schema\\\/logo\\\/image\\\/\"}},{\"@type\":\"Person\",\"@id\":\"https:\\\/\\\/rehagro.com.br\\\/blog\\\/#\\\/schema\\\/person\\\/f2d1ae51b04939615ceebb3c0bfd8a94\",\"name\":\"Jo\u00e3o Pedro Azevedo\",\"image\":{\"@type\":\"ImageObject\",\"inLanguage\":\"pt-BR\",\"@id\":\"https:\\\/\\\/secure.gravatar.com\\\/avatar\\\/34aacffb2f10625483f480470f3274778dd1c183ba4f66444bb60ae92149bf8a?s=96&d=mm&r=g\",\"url\":\"https:\\\/\\\/secure.gravatar.com\\\/avatar\\\/34aacffb2f10625483f480470f3274778dd1c183ba4f66444bb60ae92149bf8a?s=96&d=mm&r=g\",\"contentUrl\":\"https:\\\/\\\/secure.gravatar.com\\\/avatar\\\/34aacffb2f10625483f480470f3274778dd1c183ba4f66444bb60ae92149bf8a?s=96&d=mm&r=g\",\"caption\":\"Jo\u00e3o Pedro Azevedo\"},\"url\":\"https:\\\/\\\/rehagro.com.br\\\/blog\\\/author\\\/joao-pedro\\\/\"}]}<\/script>\n<!-- \/ Yoast SEO plugin. -->","yoast_head_json":{"title":"Cerca para gado de corte: como escolher o modelo ideal?","description":"Descubra a cerca ideal para gado de corte: arame farpado, liso ou el\u00e9trica. Vantagens no manejo de pastagem, separa\u00e7\u00e3o de animais e redu\u00e7\u00e3o de custos.","robots":{"index":"index","follow":"follow","max-snippet":"max-snippet:-1","max-image-preview":"max-image-preview:large","max-video-preview":"max-video-preview:-1"},"canonical":"https:\/\/rehagro.com.br\/blog\/cerca-ideal-para-a-propriedade\/","og_locale":"pt_BR","og_type":"article","og_title":"Cerca para gado de corte: como escolher o modelo ideal?","og_description":"Descubra a cerca ideal para gado de corte: arame farpado, liso ou el\u00e9trica. Vantagens no manejo de pastagem, separa\u00e7\u00e3o de animais e redu\u00e7\u00e3o de custos.","og_url":"https:\/\/rehagro.com.br\/blog\/cerca-ideal-para-a-propriedade\/","og_site_name":"Rehagro Blog","article_published_time":"2020-03-11T17:00:37+00:00","article_modified_time":"2026-04-07T19:16:12+00:00","og_image":[{"width":1280,"height":853,"url":"https:\/\/rehagro.com.br\/blog\/wp-content\/uploads\/2020\/03\/cerca-ideal-propriedade.jpg","type":"image\/jpeg"}],"author":"Jo\u00e3o Pedro Azevedo","twitter_card":"summary_large_image","twitter_misc":{"Escrito por":"Jo\u00e3o Pedro Azevedo","Est. tempo de leitura":"9 minutos"},"schema":{"@context":"https:\/\/schema.org","@graph":[{"@type":"Article","@id":"https:\/\/rehagro.com.br\/blog\/cerca-ideal-para-a-propriedade\/#article","isPartOf":{"@id":"https:\/\/rehagro.com.br\/blog\/cerca-ideal-para-a-propriedade\/"},"author":{"name":"Jo\u00e3o Pedro Azevedo","@id":"https:\/\/rehagro.com.br\/blog\/#\/schema\/person\/f2d1ae51b04939615ceebb3c0bfd8a94"},"headline":"Cerca para o gado de corte: como escolher a ideal para sua propriedade?","datePublished":"2020-03-11T17:00:37+00:00","dateModified":"2026-04-07T19:16:12+00:00","mainEntityOfPage":{"@id":"https:\/\/rehagro.com.br\/blog\/cerca-ideal-para-a-propriedade\/"},"wordCount":1462,"commentCount":1,"publisher":{"@id":"https:\/\/rehagro.com.br\/blog\/#organization"},"image":{"@id":"https:\/\/rehagro.com.br\/blog\/cerca-ideal-para-a-propriedade\/#primaryimage"},"thumbnailUrl":"https:\/\/rehagro.com.br\/blog\/wp-content\/uploads\/2020\/03\/cerca-ideal-propriedade.jpg","keywords":["bovinos de corte","cerca","pastagem","pastejo","rebanho"],"articleSection":["CORTE"],"inLanguage":"pt-BR","potentialAction":[{"@type":"CommentAction","name":"Comment","target":["https:\/\/rehagro.com.br\/blog\/cerca-ideal-para-a-propriedade\/#respond"]}]},{"@type":"WebPage","@id":"https:\/\/rehagro.com.br\/blog\/cerca-ideal-para-a-propriedade\/","url":"https:\/\/rehagro.com.br\/blog\/cerca-ideal-para-a-propriedade\/","name":"Cerca para gado de corte: como escolher o modelo ideal?","isPartOf":{"@id":"https:\/\/rehagro.com.br\/blog\/#website"},"primaryImageOfPage":{"@id":"https:\/\/rehagro.com.br\/blog\/cerca-ideal-para-a-propriedade\/#primaryimage"},"image":{"@id":"https:\/\/rehagro.com.br\/blog\/cerca-ideal-para-a-propriedade\/#primaryimage"},"thumbnailUrl":"https:\/\/rehagro.com.br\/blog\/wp-content\/uploads\/2020\/03\/cerca-ideal-propriedade.jpg","datePublished":"2020-03-11T17:00:37+00:00","dateModified":"2026-04-07T19:16:12+00:00","description":"Descubra a cerca ideal para gado de corte: arame farpado, liso ou el\u00e9trica. Vantagens no manejo de pastagem, separa\u00e7\u00e3o de animais e redu\u00e7\u00e3o de custos.","breadcrumb":{"@id":"https:\/\/rehagro.com.br\/blog\/cerca-ideal-para-a-propriedade\/#breadcrumb"},"inLanguage":"pt-BR","potentialAction":[{"@type":"ReadAction","target":["https:\/\/rehagro.com.br\/blog\/cerca-ideal-para-a-propriedade\/"]}]},{"@type":"ImageObject","inLanguage":"pt-BR","@id":"https:\/\/rehagro.com.br\/blog\/cerca-ideal-para-a-propriedade\/#primaryimage","url":"https:\/\/rehagro.com.br\/blog\/wp-content\/uploads\/2020\/03\/cerca-ideal-propriedade.jpg","contentUrl":"https:\/\/rehagro.com.br\/blog\/wp-content\/uploads\/2020\/03\/cerca-ideal-propriedade.jpg","width":1280,"height":853,"caption":"Cerca de arame farpado em uma fazenda"},{"@type":"BreadcrumbList","@id":"https:\/\/rehagro.com.br\/blog\/cerca-ideal-para-a-propriedade\/#breadcrumb","itemListElement":[{"@type":"ListItem","position":1,"name":"In\u00edcio","item":"https:\/\/rehagro.com.br\/blog\/"},{"@type":"ListItem","position":2,"name":"Cerca para o gado de corte: como escolher a ideal para sua propriedade?"}]},{"@type":"WebSite","@id":"https:\/\/rehagro.com.br\/blog\/#website","url":"https:\/\/rehagro.com.br\/blog\/","name":"Rehagro Blog","description":"","publisher":{"@id":"https:\/\/rehagro.com.br\/blog\/#organization"},"potentialAction":[{"@type":"SearchAction","target":{"@type":"EntryPoint","urlTemplate":"https:\/\/rehagro.com.br\/blog\/?s={search_term_string}"},"query-input":{"@type":"PropertyValueSpecification","valueRequired":true,"valueName":"search_term_string"}}],"inLanguage":"pt-BR"},{"@type":"Organization","@id":"https:\/\/rehagro.com.br\/blog\/#organization","name":"Rehagro","url":"https:\/\/rehagro.com.br\/blog\/","logo":{"@type":"ImageObject","inLanguage":"pt-BR","@id":"https:\/\/rehagro.com.br\/blog\/#\/schema\/logo\/image\/","url":"https:\/\/rehagro.com.br\/blog\/wp-content\/uploads\/2018\/05\/logo-rehagro.png","contentUrl":"https:\/\/rehagro.com.br\/blog\/wp-content\/uploads\/2018\/05\/logo-rehagro.png","width":400,"height":115,"caption":"Rehagro"},"image":{"@id":"https:\/\/rehagro.com.br\/blog\/#\/schema\/logo\/image\/"}},{"@type":"Person","@id":"https:\/\/rehagro.com.br\/blog\/#\/schema\/person\/f2d1ae51b04939615ceebb3c0bfd8a94","name":"Jo\u00e3o Pedro Azevedo","image":{"@type":"ImageObject","inLanguage":"pt-BR","@id":"https:\/\/secure.gravatar.com\/avatar\/34aacffb2f10625483f480470f3274778dd1c183ba4f66444bb60ae92149bf8a?s=96&d=mm&r=g","url":"https:\/\/secure.gravatar.com\/avatar\/34aacffb2f10625483f480470f3274778dd1c183ba4f66444bb60ae92149bf8a?s=96&d=mm&r=g","contentUrl":"https:\/\/secure.gravatar.com\/avatar\/34aacffb2f10625483f480470f3274778dd1c183ba4f66444bb60ae92149bf8a?s=96&d=mm&r=g","caption":"Jo\u00e3o Pedro Azevedo"},"url":"https:\/\/rehagro.com.br\/blog\/author\/joao-pedro\/"}]}},"_links":{"self":[{"href":"https:\/\/rehagro.com.br\/blog\/wp-json\/wp\/v2\/posts\/7065","targetHints":{"allow":["GET"]}}],"collection":[{"href":"https:\/\/rehagro.com.br\/blog\/wp-json\/wp\/v2\/posts"}],"about":[{"href":"https:\/\/rehagro.com.br\/blog\/wp-json\/wp\/v2\/types\/post"}],"author":[{"embeddable":true,"href":"https:\/\/rehagro.com.br\/blog\/wp-json\/wp\/v2\/users\/21"}],"replies":[{"embeddable":true,"href":"https:\/\/rehagro.com.br\/blog\/wp-json\/wp\/v2\/comments?post=7065"}],"version-history":[{"count":56,"href":"https:\/\/rehagro.com.br\/blog\/wp-json\/wp\/v2\/posts\/7065\/revisions"}],"predecessor-version":[{"id":42057,"href":"https:\/\/rehagro.com.br\/blog\/wp-json\/wp\/v2\/posts\/7065\/revisions\/42057"}],"wp:featuredmedia":[{"embeddable":true,"href":"https:\/\/rehagro.com.br\/blog\/wp-json\/wp\/v2\/media\/11018"}],"wp:attachment":[{"href":"https:\/\/rehagro.com.br\/blog\/wp-json\/wp\/v2\/media?parent=7065"}],"wp:term":[{"taxonomy":"category","embeddable":true,"href":"https:\/\/rehagro.com.br\/blog\/wp-json\/wp\/v2\/categories?post=7065"},{"taxonomy":"post_tag","embeddable":true,"href":"https:\/\/rehagro.com.br\/blog\/wp-json\/wp\/v2\/tags?post=7065"}],"curies":[{"name":"wp","href":"https:\/\/api.w.org\/{rel}","templated":true}]}}