{"id":6774,"date":"2020-01-04T16:00:46","date_gmt":"2020-01-04T18:00:46","guid":{"rendered":"https:\/\/rehagro.com.br\/blog\/?p=6774"},"modified":"2026-01-30T13:47:07","modified_gmt":"2026-01-30T16:47:07","slug":"ferrugem-no-trigo","status":"publish","type":"post","link":"https:\/\/rehagro.com.br\/blog\/ferrugem-no-trigo\/","title":{"rendered":"Ferrugem no trigo: como prevenir e controlar essa doen\u00e7a"},"content":{"rendered":"<p>O trigo est\u00e1 sempre entre os cinco cereais mais produzidos no mundo. Isso evidencia sua import\u00e2ncia, mas o sucesso n\u00e3o se baseia apenas na comercializa\u00e7\u00e3o dos gr\u00e3os, mas tamb\u00e9m de seus derivados, como a farinha.<\/p>\n<p>O <strong><a href=\"https:\/\/rehagro.com.br\/blog\/origem-do-trigo-no-brasil\/\" target=\"_blank\" rel=\"noopener\">trigo no Brasil<\/a><\/strong> tamb\u00e9m tem grande destaque. No entanto, o clima e outras condi\u00e7\u00f5es adversas acarretam em baixo volume de produ\u00e7\u00e3o, o que acaba n\u00e3o atendendo ao consumo interno, nisso, cresce a demanda por importa\u00e7\u00f5es do cereal.<\/p>\n<p>Nosso clima tropical, por vezes, <strong>cria uma atmosfera desfavor\u00e1vel, como alta umidade ou chuvas em \u00e9poca de colheitas<\/strong> e muitos gr\u00e3os acabam germinando mesmo na espiga! Essas condi\u00e7\u00f5es clim\u00e1ticas, podem <strong>favorecer a ocorr\u00eancia de doen\u00e7as f\u00fangicas, como a ferrugem,<\/strong> que trataremos neste artigo.<\/p>\n<div style=\"background-color: #efefef; padding-left: 10px; padding-right: 5px; border-radius: 10px;\">\n<p>&nbsp;<\/p>\n<p style=\"text-align: center;\"><strong><span style=\"font-size: 14pt;\">Sem tempo para ler agora? Baixe este artigo em PDF!<\/span><\/strong><\/p>\n<p><script charset=\"utf-8\" type=\"text\/javascript\" src=\"\/\/js.hsforms.net\/forms\/v2.js?pre=1\"><\/script><br \/>\n<script>\n  hbspt.forms.create({\n    region: \"na1\",\n    portalId: \"5430441\",\n    formId: \"0ced5949-c607-48c5-8d39-f0179ca418eb\"\n  });\n<\/script><\/p>\n<\/div>\n<p>Considerada uma cultura de inverno, o trigo \u00e9 atualmente cultivado nos Estados do Rio Grande do Sul, Paran\u00e1 (porque juntos det\u00eam cerca de 90% da produ\u00e7\u00e3o total), Santa Catarina, S\u00e3o Paulo e Minas Gerais. S\u00e3o poucos os Estados produtores, porque a cultura exige condi\u00e7\u00f5es bem espec\u00edficas, como temperaturas amenas, o que n\u00e3o \u00e9\u00a0facilmente observado no pa\u00eds.<\/p>\n<p>Assim, conduzir eficientemente o manejo nas lavouras \u00e9 fundamental para a obten\u00e7\u00e3o de uma produ\u00e7\u00e3o que seja representativa a ponto de suprir as demandas internas do mercado. Com isso, \u00e9 poss\u00edvel manter bons pre\u00e7os n\u00e3o apenas nos gr\u00e3os, mas tamb\u00e9m nos produtos aliment\u00edcios \u00e0 base de trigo.<\/p>\n<h2>Preven\u00e7\u00e3o e manejo da ferrugem no trigo<\/h2>\n<p>O manejo adequado da lavoura \u00e9 um dos m\u00e9todos mais eficientes para a melhora na qualidade do gr\u00e3o e, consequentemente, maior produtividade.<\/p>\n<p>Um dos principais pontos a se trabalhar \u00e9 o bom <a href=\"https:\/\/rehagro.com.br\/blog\/tecnologia-de-aplicacao-de-defensivos-agricolas-melhores-praticas\/\" target=\"_blank\" rel=\"noopener\"><strong>manejo fitossanit\u00e1rio<\/strong><\/a>, controlando de forma correta e sustent\u00e1vel as <a href=\"https:\/\/rehagro.com.br\/blog\/plantas-daninhas-no-sistema-de-producao\/\" target=\"_blank\" rel=\"noopener\"><strong>plantas daninhas<\/strong><\/a>, pragas e doen\u00e7as. Afinal, h\u00e1 v\u00e1rias doen\u00e7as, principalmente as f\u00fangicas favorecidas pelo nosso clima e algumas podem at\u00e9 causar <strong><a href=\"https:\/\/rehagro.com.br\/blog\/micotoxinas-no-trigo\/\" target=\"_blank\" rel=\"noopener\">micotoxinas no trigo<\/a><\/strong>.<\/p>\n<p>Nesse sentido, este artigo tem como objetivo auxiliar na correta identifica\u00e7\u00e3o de uma das principais doen\u00e7as, que afeta a cultura do trigo, al\u00e9m de apontar condi\u00e7\u00f5es clim\u00e1ticas favor\u00e1veis para o seu desenvolvimento e formas de controle.<\/p>\n<p>Uma das principais doen\u00e7as capazes de causar grandes preju\u00edzos aos triticultores em praticamente todas as regi\u00f5es produtoras, \u00e9 a <strong>ferrugem da folha do trigo, causada pelo fungo (<i>Puccinia triticina<\/i>)<\/strong>.<\/p>\n<p>Esta doen\u00e7a pode ser observada em todos os <a href=\"https:\/\/rehagro.com.br\/blog\/identificacao-do-estadio-fenologico-do-trigo-ciclo-de-desenvolvimento\/\" target=\"_blank\" rel=\"noopener\"><strong>est\u00e1dios de desenvolvimento da cultura<\/strong><\/a>, desde a emerg\u00eancia at\u00e9 a matura\u00e7\u00e3o, e as perdas em rendimentos de gr\u00e3os podem chegar a 63%, dependendo das condi\u00e7\u00f5es clim\u00e1ticas, severidade, suscetibilidade do cultivar e virul\u00eancia da ra\u00e7a do pat\u00f3geno.<\/p>\n<h2>Condi\u00e7\u00f5es clim\u00e1ticas favor\u00e1veis para ocorr\u00eancia da ferrugem da folha do trigo<\/h2>\n<p>A dispers\u00e3o dos esporos deste fungo \u00e9 favorecida pelo vento, e a ocorr\u00eancia da doen\u00e7a por condi\u00e7\u00f5es de temperatura, as quais podem variar entre 15 e 20\u202f\u00b0C, e elevada umidade relativa do ar.<\/p>\n<p>Sobre diferentes temperaturas e per\u00edodo de molhamento foliar, o per\u00edodo de infec\u00e7\u00e3o deste pat\u00f3geno pode mudar. Relata-se que, para condi\u00e7\u00f5es de temperatura de 10\u00baC, o per\u00edodo de molhamento foliar deve ser de 10 a 12 horas cont\u00ednuas, por\u00e9m, quando a 20\u00baC, o per\u00edodo cai para 3 horas cont\u00ednuas.<\/p>\n<p>\u00c9 poss\u00edvel perceber que existe uma grande depend\u00eancia entre esses dois fatores para que a doen\u00e7a ocorra na lavoura. Portanto, o produtor deve ficar em alerta para essas condi\u00e7\u00f5es, monitorando diariamente a previs\u00e3o do tempo para garantir um controle efetivo nas \u00e1reas.<\/p>\n<h2>Identifica\u00e7\u00e3o da doen\u00e7a a campo<\/h2>\n<p><span style=\"font-weight: 400;\">A ferrugem \u00e9 caracterizada pelo aparecimento de p\u00fastulas de formato ovalado, com esporos de colora\u00e7\u00e3o variando de amarelo-escuro a marrom-avermelhado, encontradas sobre a superf\u00edcie foliar.<\/span><\/p>\n<p><span style=\"font-weight: 400;\">Na imagem a seguir, \u00e9 poss\u00edvel observar essas p\u00fastulas ovaladas na folha, na cor caracter\u00edstica de ferrugem, como citado no par\u00e1grafo anterior.<\/span><\/p>\n<p style=\"text-align: center;\"><img loading=\"lazy\" decoding=\"async\" class=\"aligncenter wp-image-12020\" src=\"https:\/\/rehagro.com.br\/blog\/wp-content\/uploads\/2020\/01\/ferrugem-folha-do-trigo.jpg\" alt=\"Ferrugem na folha do trigo\" width=\"600\" height=\"299\" srcset=\"https:\/\/rehagro.com.br\/blog\/wp-content\/uploads\/2020\/01\/ferrugem-folha-do-trigo.jpg 611w, https:\/\/rehagro.com.br\/blog\/wp-content\/uploads\/2020\/01\/ferrugem-folha-do-trigo-300x149.jpg 300w, https:\/\/rehagro.com.br\/blog\/wp-content\/uploads\/2020\/01\/ferrugem-folha-do-trigo-370x184.jpg 370w, https:\/\/rehagro.com.br\/blog\/wp-content\/uploads\/2020\/01\/ferrugem-folha-do-trigo-270x134.jpg 270w\" sizes=\"auto, (max-width: 600px) 100vw, 600px\" \/><span style=\"font-size: 10pt;\">Fonte: EMBRAPA<\/span><\/p>\n<h3>Sobreviv\u00eancia do pat\u00f3geno na lavoura<\/h3>\n<p>O fungo <i>Puccinia <\/i>\u00e9 considerado biotr\u00f3fico, ou seja, significa que ele apenas sobrevive parasitando algum hospedeiro vivo, principalmente tigueras de trigo presentes na lavoura.<\/p>\n<p>Devido \u00e0 sua sobreviv\u00eancia, as folhas de trigo n\u00e3o s\u00e3o levadas \u00e0 senesc\u00eancia, portanto. Assim, com o aumento de sua incid\u00eancia sobre o tecido vegetal, a fotoss\u00edntese \u00e9 afetada e consequentemente, a produtividade tamb\u00e9m.<\/p>\n<h3>Escala diagram\u00e1tica da ferrugem da folha<\/h3>\n<p>Como essa doen\u00e7a afeta bem a cultura do trigo, \u00e9 necess\u00e1rio proceder a uma avalia\u00e7\u00e3o da lavoura e isso ocorre por meio de amostragens das folhas. \u00c9 preciso definir uma quantidade representativa de toda a \u00e1rea e isso vai de caso a caso.<\/p>\n<p>De acordo com a literatura, se for obtido 10-15% de incid\u00eancia (presen\u00e7a) do fungo, pode-se optar em fazer o controle qu\u00edmico.<\/p>\n<p>Outra forma de monitorar esta doen\u00e7a \u00e9 atrav\u00e9s do uso da escala diagram\u00e1tica, criada para auxiliar na avalia\u00e7\u00e3o da incid\u00eancia e severidade do pat\u00f3geno e na efici\u00eancia de controle utilizado.<\/p>\n<p style=\"text-align: center;\"><img loading=\"lazy\" decoding=\"async\" class=\"aligncenter wp-image-12021\" src=\"https:\/\/rehagro.com.br\/blog\/wp-content\/uploads\/2020\/01\/ferrugem-folha-do-trigo-1.jpg\" alt=\"Escala de severidade da ferrugem na folha do trigo\" width=\"600\" height=\"381\" srcset=\"https:\/\/rehagro.com.br\/blog\/wp-content\/uploads\/2020\/01\/ferrugem-folha-do-trigo-1.jpg 626w, https:\/\/rehagro.com.br\/blog\/wp-content\/uploads\/2020\/01\/ferrugem-folha-do-trigo-1-300x190.jpg 300w, https:\/\/rehagro.com.br\/blog\/wp-content\/uploads\/2020\/01\/ferrugem-folha-do-trigo-1-370x235.jpg 370w, https:\/\/rehagro.com.br\/blog\/wp-content\/uploads\/2020\/01\/ferrugem-folha-do-trigo-1-270x171.jpg 270w\" sizes=\"auto, (max-width: 600px) 100vw, 600px\" \/><span style=\"font-weight: 400; font-size: 10pt;\">Fonte: ALVES et al., (2015)<\/span><\/p>\n<p>A imagem acima mostra, de forma esquematizada, a escala de severidade da doen\u00e7a na folha, indo de 0,1% a 95%, que \u00e9 o grau m\u00e1ximo de severidade desse fungo na cultura.<\/p>\n<h2>M\u00e9todos de controle da ferrugem da folha do trigo<\/h2>\n<p>Para se obter um manejo eficiente da ferrugem da folha do trigo deve-se integrar os seguintes pontos:<\/p>\n<ol>\n<li><strong>Uso de cultivar resistente<\/strong> \u2013 esse m\u00e9todo \u00e9 bastante eficaz, relativamente barato, seguro e mais consistente, j\u00e1 que \u00e9 uma a\u00e7\u00e3o preventiva;<\/li>\n<li><strong>Elimina\u00e7\u00e3o de plantas volunt\u00e1rias<\/strong>, especialmente tigueras de trigo, ainda mais se for em regi\u00f5es do Sul, onde a janela de plantio \u00e9 bem extensa \u2013 nesse caso, \u00e9 uma medida quase preventiva tamb\u00e9m, j\u00e1 que essas plantas volunt\u00e1rias e a tigueira s\u00e3o hospedeiras desse fungo;<\/li>\n<li><strong>Tratamento de sementes<\/strong> \u2013 tamb\u00e9m \u00e9 uma medida preventiva e eficaz, pois permite uma maior prote\u00e7\u00e3o \u00e0s plantas e possibilita a redu\u00e7\u00e3o de uma opera\u00e7\u00e3o de pulveriza\u00e7\u00e3o;<\/li>\n<li><strong>Controle qu\u00edmico com uso de triaz\u00f3is e mistura de triaz\u00f3is com estrobilurina<\/strong> \u2013 nesse caso j\u00e1 \u00e9 uma medida de interven\u00e7\u00e3o, quando a lavoura j\u00e1 est\u00e1 implantada e foi constatado a presen\u00e7a e a avalia\u00e7\u00e3o mostrou-se necess\u00e1ria essa interven\u00e7\u00e3o;<\/li>\n<li><strong>Rota\u00e7\u00e3o de culturas<\/strong> \u2013 de certa forma, tamb\u00e9m \u00e9 uma medida preventiva, por\u00e9m a longo prazo, pois esta pr\u00e1tica evita a perman\u00eancia da doen\u00e7a na lavoura e sucessivamente.<\/li>\n<\/ol>\n<p>Agora voc\u00ea sabe bem a import\u00e2ncia de avaliar a severidade da ferrugem da folha no trigo, e seu grande impacto sobre a produtividade.<\/p>\n<p>Apesar da ferrugem ocasionar perdas significativas nessa cultura, sua principal doen\u00e7a \u00e9 a <strong><a href=\"https:\/\/rehagro.com.br\/blog\/giberela-no-trigo\/\" target=\"_blank\" rel=\"noopener\"><i>Giberella zeae<\/i><\/a><\/strong>, encontrada em 60% dos levantamentos em campo e que, se n\u00e3o controlada, permanece nos restos culturais e pode comprometer a pr\u00f3xima safra! Ent\u00e3o, fique atento!<\/p>\n<p><a href=\"https:\/\/conteudo.rehagro.com.br\/ebook-tecnologia-aplicacao-defensivos-agricolas?utm_campaign=material-graos&amp;utm_source=ebook-aplicacao-defensivos&amp;utm_medium=blog\" target=\"_blank\" rel=\"noopener\"><img loading=\"lazy\" decoding=\"async\" class=\"aligncenter wp-image-39621 size-full\" title=\"Clique e baixe o e-book gr\u00e1tis!\" src=\"https:\/\/rehagro.com.br\/blog\/wp-content\/uploads\/2025\/09\/banner-ebook-tecnologia-defensivos.png\" alt=\"E-book Tecnologia de aplica\u00e7\u00e3o de defensivos agr\u00edcolas\" width=\"980\" height=\"317\" srcset=\"https:\/\/rehagro.com.br\/blog\/wp-content\/uploads\/2025\/09\/banner-ebook-tecnologia-defensivos.png 980w, https:\/\/rehagro.com.br\/blog\/wp-content\/uploads\/2025\/09\/banner-ebook-tecnologia-defensivos-300x97.png 300w, https:\/\/rehagro.com.br\/blog\/wp-content\/uploads\/2025\/09\/banner-ebook-tecnologia-defensivos-768x248.png 768w, https:\/\/rehagro.com.br\/blog\/wp-content\/uploads\/2025\/09\/banner-ebook-tecnologia-defensivos-370x120.png 370w, https:\/\/rehagro.com.br\/blog\/wp-content\/uploads\/2025\/09\/banner-ebook-tecnologia-defensivos-270x87.png 270w, https:\/\/rehagro.com.br\/blog\/wp-content\/uploads\/2025\/09\/banner-ebook-tecnologia-defensivos-740x239.png 740w, https:\/\/rehagro.com.br\/blog\/wp-content\/uploads\/2025\/09\/banner-ebook-tecnologia-defensivos-150x49.png 150w\" sizes=\"auto, (max-width: 980px) 100vw, 980px\" \/><\/a><\/p>\n<p>&nbsp;<\/p>\n<h2>Pronto para descobrir os segredos da produ\u00e7\u00e3o de gr\u00e3os?<\/h2>\n<p>O <strong><a href=\"https:\/\/rehagro.com.br\/cursos-livres\/agro-para-todos-descobrindo-a-producao-de-graos?utm_campaign=12253459-mkt-materiais-agr&amp;utm_source=textos&amp;utm_medium=blog\" target=\"_blank\" rel=\"noopener\">Curso Online Agro Para Todos: Descobrindo a Produ\u00e7\u00e3o de Gr\u00e3os<\/a><\/strong> oferece uma forma\u00e7\u00e3o essencial para quem deseja compreender os fundamentos da atividade, desde o ciclo das culturas at\u00e9 os desafios do manejo e da comercializa\u00e7\u00e3o.<\/p>\n<p>Com uma linguagem acess\u00edvel e foco em aplica\u00e7\u00f5es pr\u00e1ticas, voc\u00ea vai aprender os fundamentos da produ\u00e7\u00e3o agr\u00edcola, desde os ciclos das culturas at\u00e9 o manejo de solo, controle de pragas, uso de fertilizantes e an\u00e1lise de custos e margens.<\/p>\n<p>Clique no banner abaixo e d\u00ea o primeiro passo para construir uma base s\u00f3lida na produ\u00e7\u00e3o de gr\u00e3os.<\/p>\n<p><a href=\"https:\/\/rehagro.com.br\/cursos-livres\/agro-para-todos-descobrindo-a-producao-de-graos?utm_campaign=12253459-mkt-materiais-agr&amp;utm_source=textos&amp;utm_medium=blog\" target=\"_blank\" rel=\"noopener\"><img loading=\"lazy\" decoding=\"async\" class=\"aligncenter wp-image-37524 size-full\" title=\"Clique e saiba mais sobre o curso!\" src=\"https:\/\/rehagro.com.br\/blog\/wp-content\/uploads\/2025\/05\/banner_agr.jpg\" alt=\"Curso Descobrindo a Produ\u00e7\u00e3o de Gr\u00e3os\" width=\"1200\" height=\"624\" srcset=\"https:\/\/rehagro.com.br\/blog\/wp-content\/uploads\/2025\/05\/banner_agr.jpg 1200w, https:\/\/rehagro.com.br\/blog\/wp-content\/uploads\/2025\/05\/banner_agr-300x156.jpg 300w, https:\/\/rehagro.com.br\/blog\/wp-content\/uploads\/2025\/05\/banner_agr-1024x532.jpg 1024w, https:\/\/rehagro.com.br\/blog\/wp-content\/uploads\/2025\/05\/banner_agr-768x399.jpg 768w, https:\/\/rehagro.com.br\/blog\/wp-content\/uploads\/2025\/05\/banner_agr-370x192.jpg 370w, https:\/\/rehagro.com.br\/blog\/wp-content\/uploads\/2025\/05\/banner_agr-270x140.jpg 270w, https:\/\/rehagro.com.br\/blog\/wp-content\/uploads\/2025\/05\/banner_agr-740x385.jpg 740w, https:\/\/rehagro.com.br\/blog\/wp-content\/uploads\/2025\/05\/banner_agr-150x78.jpg 150w\" sizes=\"auto, (max-width: 1200px) 100vw, 1200px\" \/><\/a><\/p>\n<p><img loading=\"lazy\" decoding=\"async\" class=\"aligncenter wp-image-16049 size-medium\" src=\"https:\/\/rehagro.com.br\/blog\/wp-content\/uploads\/2022\/11\/alessandro-alvarenga-300x96.jpg\" alt=\"Alessandro Alvarenga\" width=\"300\" height=\"96\" srcset=\"https:\/\/rehagro.com.br\/blog\/wp-content\/uploads\/2022\/11\/alessandro-alvarenga-300x96.jpg 300w, https:\/\/rehagro.com.br\/blog\/wp-content\/uploads\/2022\/11\/alessandro-alvarenga-768x246.jpg 768w, https:\/\/rehagro.com.br\/blog\/wp-content\/uploads\/2022\/11\/alessandro-alvarenga-370x118.jpg 370w, https:\/\/rehagro.com.br\/blog\/wp-content\/uploads\/2022\/11\/alessandro-alvarenga-270x86.jpg 270w, https:\/\/rehagro.com.br\/blog\/wp-content\/uploads\/2022\/11\/alessandro-alvarenga-740x237.jpg 740w, https:\/\/rehagro.com.br\/blog\/wp-content\/uploads\/2022\/11\/alessandro-alvarenga-150x48.jpg 150w, https:\/\/rehagro.com.br\/blog\/wp-content\/uploads\/2022\/11\/alessandro-alvarenga.jpg 975w\" sizes=\"auto, (max-width: 300px) 100vw, 300px\" \/><\/p>\n","protected":false},"excerpt":{"rendered":"<p>O trigo est\u00e1 sempre entre os cinco cereais mais produzidos no mundo. Isso evidencia sua import\u00e2ncia, mas o sucesso n\u00e3o se baseia apenas na comercializa\u00e7\u00e3o dos gr\u00e3os, mas tamb\u00e9m de seus derivados, como a farinha. O trigo no Brasil tamb\u00e9m tem grande destaque. No entanto, o clima e outras condi\u00e7\u00f5es adversas acarretam em baixo volume [&hellip;]<\/p>\n","protected":false},"author":21,"featured_media":21605,"comment_status":"open","ping_status":"open","sticky":false,"template":"","format":"standard","meta":{"footnotes":""},"categories":[213],"tags":[340,583,585,249,525],"class_list":["post-6774","post","type-post","status-publish","format-standard","has-post-thumbnail","hentry","category-graos","tag-agricultura","tag-ferrugem","tag-folhas","tag-graos","tag-trigo"],"yoast_head":"<!-- This site is optimized with the Yoast SEO plugin v27.5 - https:\/\/yoast.com\/product\/yoast-seo-wordpress\/ -->\n<title>Ferrugem no trigo: preven\u00e7\u00e3o e como realizar o manejo do fungo<\/title>\n<meta name=\"description\" content=\"Entenda o que causa a ferrugem no trigo, como identificar os diferentes tipos da doen\u00e7a e quais estrat\u00e9gias de manejo e controle s\u00e3o mais eficientes na lavoura.\" \/>\n<meta name=\"robots\" content=\"index, follow, max-snippet:-1, max-image-preview:large, max-video-preview:-1\" \/>\n<link rel=\"canonical\" href=\"https:\/\/rehagro.com.br\/blog\/ferrugem-no-trigo\/\" \/>\n<meta property=\"og:locale\" content=\"pt_BR\" \/>\n<meta property=\"og:type\" content=\"article\" \/>\n<meta property=\"og:title\" content=\"Ferrugem no trigo: preven\u00e7\u00e3o e como realizar o manejo do fungo\" \/>\n<meta property=\"og:description\" content=\"Entenda o que causa a ferrugem no trigo, como identificar os diferentes tipos da doen\u00e7a e quais estrat\u00e9gias de manejo e controle s\u00e3o mais eficientes na lavoura.\" \/>\n<meta property=\"og:url\" content=\"https:\/\/rehagro.com.br\/blog\/ferrugem-no-trigo\/\" \/>\n<meta property=\"og:site_name\" content=\"Rehagro Blog\" \/>\n<meta property=\"article:published_time\" content=\"2020-01-04T18:00:46+00:00\" \/>\n<meta property=\"article:modified_time\" content=\"2026-01-30T16:47:07+00:00\" \/>\n<meta property=\"og:image\" content=\"https:\/\/rehagro.com.br\/blog\/wp-content\/uploads\/2020\/01\/capa-lavoura-trigo.jpg\" \/>\n\t<meta property=\"og:image:width\" content=\"1200\" \/>\n\t<meta property=\"og:image:height\" content=\"800\" \/>\n\t<meta property=\"og:image:type\" content=\"image\/jpeg\" \/>\n<meta name=\"author\" content=\"Jo\u00e3o Pedro Azevedo\" \/>\n<meta name=\"twitter:card\" content=\"summary_large_image\" \/>\n<meta name=\"twitter:label1\" content=\"Escrito por\" \/>\n\t<meta name=\"twitter:data1\" content=\"Jo\u00e3o Pedro Azevedo\" \/>\n\t<meta name=\"twitter:label2\" content=\"Est. tempo de leitura\" \/>\n\t<meta name=\"twitter:data2\" content=\"8 minutos\" \/>\n<script type=\"application\/ld+json\" class=\"yoast-schema-graph\">{\"@context\":\"https:\\\/\\\/schema.org\",\"@graph\":[{\"@type\":\"Article\",\"@id\":\"https:\\\/\\\/rehagro.com.br\\\/blog\\\/ferrugem-no-trigo\\\/#article\",\"isPartOf\":{\"@id\":\"https:\\\/\\\/rehagro.com.br\\\/blog\\\/ferrugem-no-trigo\\\/\"},\"author\":{\"name\":\"Jo\u00e3o Pedro Azevedo\",\"@id\":\"https:\\\/\\\/rehagro.com.br\\\/blog\\\/#\\\/schema\\\/person\\\/f2d1ae51b04939615ceebb3c0bfd8a94\"},\"headline\":\"Ferrugem no trigo: como prevenir e controlar essa doen\u00e7a\",\"datePublished\":\"2020-01-04T18:00:46+00:00\",\"dateModified\":\"2026-01-30T16:47:07+00:00\",\"mainEntityOfPage\":{\"@id\":\"https:\\\/\\\/rehagro.com.br\\\/blog\\\/ferrugem-no-trigo\\\/\"},\"wordCount\":1286,\"commentCount\":1,\"publisher\":{\"@id\":\"https:\\\/\\\/rehagro.com.br\\\/blog\\\/#organization\"},\"image\":{\"@id\":\"https:\\\/\\\/rehagro.com.br\\\/blog\\\/ferrugem-no-trigo\\\/#primaryimage\"},\"thumbnailUrl\":\"https:\\\/\\\/rehagro.com.br\\\/blog\\\/wp-content\\\/uploads\\\/2020\\\/01\\\/capa-lavoura-trigo.jpg\",\"keywords\":[\"agricultura\",\"ferrugem\",\"folhas\",\"gr\u00e3os\",\"trigo\"],\"articleSection\":[\"GR\u00c3OS\"],\"inLanguage\":\"pt-BR\",\"potentialAction\":[{\"@type\":\"CommentAction\",\"name\":\"Comment\",\"target\":[\"https:\\\/\\\/rehagro.com.br\\\/blog\\\/ferrugem-no-trigo\\\/#respond\"]}]},{\"@type\":\"WebPage\",\"@id\":\"https:\\\/\\\/rehagro.com.br\\\/blog\\\/ferrugem-no-trigo\\\/\",\"url\":\"https:\\\/\\\/rehagro.com.br\\\/blog\\\/ferrugem-no-trigo\\\/\",\"name\":\"Ferrugem no trigo: preven\u00e7\u00e3o e como realizar o manejo do fungo\",\"isPartOf\":{\"@id\":\"https:\\\/\\\/rehagro.com.br\\\/blog\\\/#website\"},\"primaryImageOfPage\":{\"@id\":\"https:\\\/\\\/rehagro.com.br\\\/blog\\\/ferrugem-no-trigo\\\/#primaryimage\"},\"image\":{\"@id\":\"https:\\\/\\\/rehagro.com.br\\\/blog\\\/ferrugem-no-trigo\\\/#primaryimage\"},\"thumbnailUrl\":\"https:\\\/\\\/rehagro.com.br\\\/blog\\\/wp-content\\\/uploads\\\/2020\\\/01\\\/capa-lavoura-trigo.jpg\",\"datePublished\":\"2020-01-04T18:00:46+00:00\",\"dateModified\":\"2026-01-30T16:47:07+00:00\",\"description\":\"Entenda o que causa a ferrugem no trigo, como identificar os diferentes tipos da doen\u00e7a e quais estrat\u00e9gias de manejo e controle s\u00e3o mais eficientes na lavoura.\",\"breadcrumb\":{\"@id\":\"https:\\\/\\\/rehagro.com.br\\\/blog\\\/ferrugem-no-trigo\\\/#breadcrumb\"},\"inLanguage\":\"pt-BR\",\"potentialAction\":[{\"@type\":\"ReadAction\",\"target\":[\"https:\\\/\\\/rehagro.com.br\\\/blog\\\/ferrugem-no-trigo\\\/\"]}]},{\"@type\":\"ImageObject\",\"inLanguage\":\"pt-BR\",\"@id\":\"https:\\\/\\\/rehagro.com.br\\\/blog\\\/ferrugem-no-trigo\\\/#primaryimage\",\"url\":\"https:\\\/\\\/rehagro.com.br\\\/blog\\\/wp-content\\\/uploads\\\/2020\\\/01\\\/capa-lavoura-trigo.jpg\",\"contentUrl\":\"https:\\\/\\\/rehagro.com.br\\\/blog\\\/wp-content\\\/uploads\\\/2020\\\/01\\\/capa-lavoura-trigo.jpg\",\"width\":1200,\"height\":800,\"caption\":\"Lavoura de trigo\"},{\"@type\":\"BreadcrumbList\",\"@id\":\"https:\\\/\\\/rehagro.com.br\\\/blog\\\/ferrugem-no-trigo\\\/#breadcrumb\",\"itemListElement\":[{\"@type\":\"ListItem\",\"position\":1,\"name\":\"In\u00edcio\",\"item\":\"https:\\\/\\\/rehagro.com.br\\\/blog\\\/\"},{\"@type\":\"ListItem\",\"position\":2,\"name\":\"Ferrugem no trigo: como prevenir e controlar essa doen\u00e7a\"}]},{\"@type\":\"WebSite\",\"@id\":\"https:\\\/\\\/rehagro.com.br\\\/blog\\\/#website\",\"url\":\"https:\\\/\\\/rehagro.com.br\\\/blog\\\/\",\"name\":\"Rehagro Blog\",\"description\":\"\",\"publisher\":{\"@id\":\"https:\\\/\\\/rehagro.com.br\\\/blog\\\/#organization\"},\"potentialAction\":[{\"@type\":\"SearchAction\",\"target\":{\"@type\":\"EntryPoint\",\"urlTemplate\":\"https:\\\/\\\/rehagro.com.br\\\/blog\\\/?s={search_term_string}\"},\"query-input\":{\"@type\":\"PropertyValueSpecification\",\"valueRequired\":true,\"valueName\":\"search_term_string\"}}],\"inLanguage\":\"pt-BR\"},{\"@type\":\"Organization\",\"@id\":\"https:\\\/\\\/rehagro.com.br\\\/blog\\\/#organization\",\"name\":\"Rehagro\",\"url\":\"https:\\\/\\\/rehagro.com.br\\\/blog\\\/\",\"logo\":{\"@type\":\"ImageObject\",\"inLanguage\":\"pt-BR\",\"@id\":\"https:\\\/\\\/rehagro.com.br\\\/blog\\\/#\\\/schema\\\/logo\\\/image\\\/\",\"url\":\"https:\\\/\\\/rehagro.com.br\\\/blog\\\/wp-content\\\/uploads\\\/2018\\\/05\\\/logo-rehagro.png\",\"contentUrl\":\"https:\\\/\\\/rehagro.com.br\\\/blog\\\/wp-content\\\/uploads\\\/2018\\\/05\\\/logo-rehagro.png\",\"width\":400,\"height\":115,\"caption\":\"Rehagro\"},\"image\":{\"@id\":\"https:\\\/\\\/rehagro.com.br\\\/blog\\\/#\\\/schema\\\/logo\\\/image\\\/\"}},{\"@type\":\"Person\",\"@id\":\"https:\\\/\\\/rehagro.com.br\\\/blog\\\/#\\\/schema\\\/person\\\/f2d1ae51b04939615ceebb3c0bfd8a94\",\"name\":\"Jo\u00e3o Pedro Azevedo\",\"image\":{\"@type\":\"ImageObject\",\"inLanguage\":\"pt-BR\",\"@id\":\"https:\\\/\\\/secure.gravatar.com\\\/avatar\\\/34aacffb2f10625483f480470f3274778dd1c183ba4f66444bb60ae92149bf8a?s=96&d=mm&r=g\",\"url\":\"https:\\\/\\\/secure.gravatar.com\\\/avatar\\\/34aacffb2f10625483f480470f3274778dd1c183ba4f66444bb60ae92149bf8a?s=96&d=mm&r=g\",\"contentUrl\":\"https:\\\/\\\/secure.gravatar.com\\\/avatar\\\/34aacffb2f10625483f480470f3274778dd1c183ba4f66444bb60ae92149bf8a?s=96&d=mm&r=g\",\"caption\":\"Jo\u00e3o Pedro Azevedo\"},\"url\":\"https:\\\/\\\/rehagro.com.br\\\/blog\\\/author\\\/joao-pedro\\\/\"}]}<\/script>\n<!-- \/ Yoast SEO plugin. -->","yoast_head_json":{"title":"Ferrugem no trigo: preven\u00e7\u00e3o e como realizar o manejo do fungo","description":"Entenda o que causa a ferrugem no trigo, como identificar os diferentes tipos da doen\u00e7a e quais estrat\u00e9gias de manejo e controle s\u00e3o mais eficientes na lavoura.","robots":{"index":"index","follow":"follow","max-snippet":"max-snippet:-1","max-image-preview":"max-image-preview:large","max-video-preview":"max-video-preview:-1"},"canonical":"https:\/\/rehagro.com.br\/blog\/ferrugem-no-trigo\/","og_locale":"pt_BR","og_type":"article","og_title":"Ferrugem no trigo: preven\u00e7\u00e3o e como realizar o manejo do fungo","og_description":"Entenda o que causa a ferrugem no trigo, como identificar os diferentes tipos da doen\u00e7a e quais estrat\u00e9gias de manejo e controle s\u00e3o mais eficientes na lavoura.","og_url":"https:\/\/rehagro.com.br\/blog\/ferrugem-no-trigo\/","og_site_name":"Rehagro Blog","article_published_time":"2020-01-04T18:00:46+00:00","article_modified_time":"2026-01-30T16:47:07+00:00","og_image":[{"width":1200,"height":800,"url":"https:\/\/rehagro.com.br\/blog\/wp-content\/uploads\/2020\/01\/capa-lavoura-trigo.jpg","type":"image\/jpeg"}],"author":"Jo\u00e3o Pedro Azevedo","twitter_card":"summary_large_image","twitter_misc":{"Escrito por":"Jo\u00e3o Pedro Azevedo","Est. tempo de leitura":"8 minutos"},"schema":{"@context":"https:\/\/schema.org","@graph":[{"@type":"Article","@id":"https:\/\/rehagro.com.br\/blog\/ferrugem-no-trigo\/#article","isPartOf":{"@id":"https:\/\/rehagro.com.br\/blog\/ferrugem-no-trigo\/"},"author":{"name":"Jo\u00e3o Pedro Azevedo","@id":"https:\/\/rehagro.com.br\/blog\/#\/schema\/person\/f2d1ae51b04939615ceebb3c0bfd8a94"},"headline":"Ferrugem no trigo: como prevenir e controlar essa doen\u00e7a","datePublished":"2020-01-04T18:00:46+00:00","dateModified":"2026-01-30T16:47:07+00:00","mainEntityOfPage":{"@id":"https:\/\/rehagro.com.br\/blog\/ferrugem-no-trigo\/"},"wordCount":1286,"commentCount":1,"publisher":{"@id":"https:\/\/rehagro.com.br\/blog\/#organization"},"image":{"@id":"https:\/\/rehagro.com.br\/blog\/ferrugem-no-trigo\/#primaryimage"},"thumbnailUrl":"https:\/\/rehagro.com.br\/blog\/wp-content\/uploads\/2020\/01\/capa-lavoura-trigo.jpg","keywords":["agricultura","ferrugem","folhas","gr\u00e3os","trigo"],"articleSection":["GR\u00c3OS"],"inLanguage":"pt-BR","potentialAction":[{"@type":"CommentAction","name":"Comment","target":["https:\/\/rehagro.com.br\/blog\/ferrugem-no-trigo\/#respond"]}]},{"@type":"WebPage","@id":"https:\/\/rehagro.com.br\/blog\/ferrugem-no-trigo\/","url":"https:\/\/rehagro.com.br\/blog\/ferrugem-no-trigo\/","name":"Ferrugem no trigo: preven\u00e7\u00e3o e como realizar o manejo do fungo","isPartOf":{"@id":"https:\/\/rehagro.com.br\/blog\/#website"},"primaryImageOfPage":{"@id":"https:\/\/rehagro.com.br\/blog\/ferrugem-no-trigo\/#primaryimage"},"image":{"@id":"https:\/\/rehagro.com.br\/blog\/ferrugem-no-trigo\/#primaryimage"},"thumbnailUrl":"https:\/\/rehagro.com.br\/blog\/wp-content\/uploads\/2020\/01\/capa-lavoura-trigo.jpg","datePublished":"2020-01-04T18:00:46+00:00","dateModified":"2026-01-30T16:47:07+00:00","description":"Entenda o que causa a ferrugem no trigo, como identificar os diferentes tipos da doen\u00e7a e quais estrat\u00e9gias de manejo e controle s\u00e3o mais eficientes na lavoura.","breadcrumb":{"@id":"https:\/\/rehagro.com.br\/blog\/ferrugem-no-trigo\/#breadcrumb"},"inLanguage":"pt-BR","potentialAction":[{"@type":"ReadAction","target":["https:\/\/rehagro.com.br\/blog\/ferrugem-no-trigo\/"]}]},{"@type":"ImageObject","inLanguage":"pt-BR","@id":"https:\/\/rehagro.com.br\/blog\/ferrugem-no-trigo\/#primaryimage","url":"https:\/\/rehagro.com.br\/blog\/wp-content\/uploads\/2020\/01\/capa-lavoura-trigo.jpg","contentUrl":"https:\/\/rehagro.com.br\/blog\/wp-content\/uploads\/2020\/01\/capa-lavoura-trigo.jpg","width":1200,"height":800,"caption":"Lavoura de trigo"},{"@type":"BreadcrumbList","@id":"https:\/\/rehagro.com.br\/blog\/ferrugem-no-trigo\/#breadcrumb","itemListElement":[{"@type":"ListItem","position":1,"name":"In\u00edcio","item":"https:\/\/rehagro.com.br\/blog\/"},{"@type":"ListItem","position":2,"name":"Ferrugem no trigo: como prevenir e controlar essa doen\u00e7a"}]},{"@type":"WebSite","@id":"https:\/\/rehagro.com.br\/blog\/#website","url":"https:\/\/rehagro.com.br\/blog\/","name":"Rehagro Blog","description":"","publisher":{"@id":"https:\/\/rehagro.com.br\/blog\/#organization"},"potentialAction":[{"@type":"SearchAction","target":{"@type":"EntryPoint","urlTemplate":"https:\/\/rehagro.com.br\/blog\/?s={search_term_string}"},"query-input":{"@type":"PropertyValueSpecification","valueRequired":true,"valueName":"search_term_string"}}],"inLanguage":"pt-BR"},{"@type":"Organization","@id":"https:\/\/rehagro.com.br\/blog\/#organization","name":"Rehagro","url":"https:\/\/rehagro.com.br\/blog\/","logo":{"@type":"ImageObject","inLanguage":"pt-BR","@id":"https:\/\/rehagro.com.br\/blog\/#\/schema\/logo\/image\/","url":"https:\/\/rehagro.com.br\/blog\/wp-content\/uploads\/2018\/05\/logo-rehagro.png","contentUrl":"https:\/\/rehagro.com.br\/blog\/wp-content\/uploads\/2018\/05\/logo-rehagro.png","width":400,"height":115,"caption":"Rehagro"},"image":{"@id":"https:\/\/rehagro.com.br\/blog\/#\/schema\/logo\/image\/"}},{"@type":"Person","@id":"https:\/\/rehagro.com.br\/blog\/#\/schema\/person\/f2d1ae51b04939615ceebb3c0bfd8a94","name":"Jo\u00e3o Pedro Azevedo","image":{"@type":"ImageObject","inLanguage":"pt-BR","@id":"https:\/\/secure.gravatar.com\/avatar\/34aacffb2f10625483f480470f3274778dd1c183ba4f66444bb60ae92149bf8a?s=96&d=mm&r=g","url":"https:\/\/secure.gravatar.com\/avatar\/34aacffb2f10625483f480470f3274778dd1c183ba4f66444bb60ae92149bf8a?s=96&d=mm&r=g","contentUrl":"https:\/\/secure.gravatar.com\/avatar\/34aacffb2f10625483f480470f3274778dd1c183ba4f66444bb60ae92149bf8a?s=96&d=mm&r=g","caption":"Jo\u00e3o Pedro Azevedo"},"url":"https:\/\/rehagro.com.br\/blog\/author\/joao-pedro\/"}]}},"_links":{"self":[{"href":"https:\/\/rehagro.com.br\/blog\/wp-json\/wp\/v2\/posts\/6774","targetHints":{"allow":["GET"]}}],"collection":[{"href":"https:\/\/rehagro.com.br\/blog\/wp-json\/wp\/v2\/posts"}],"about":[{"href":"https:\/\/rehagro.com.br\/blog\/wp-json\/wp\/v2\/types\/post"}],"author":[{"embeddable":true,"href":"https:\/\/rehagro.com.br\/blog\/wp-json\/wp\/v2\/users\/21"}],"replies":[{"embeddable":true,"href":"https:\/\/rehagro.com.br\/blog\/wp-json\/wp\/v2\/comments?post=6774"}],"version-history":[{"count":41,"href":"https:\/\/rehagro.com.br\/blog\/wp-json\/wp\/v2\/posts\/6774\/revisions"}],"predecessor-version":[{"id":41257,"href":"https:\/\/rehagro.com.br\/blog\/wp-json\/wp\/v2\/posts\/6774\/revisions\/41257"}],"wp:featuredmedia":[{"embeddable":true,"href":"https:\/\/rehagro.com.br\/blog\/wp-json\/wp\/v2\/media\/21605"}],"wp:attachment":[{"href":"https:\/\/rehagro.com.br\/blog\/wp-json\/wp\/v2\/media?parent=6774"}],"wp:term":[{"taxonomy":"category","embeddable":true,"href":"https:\/\/rehagro.com.br\/blog\/wp-json\/wp\/v2\/categories?post=6774"},{"taxonomy":"post_tag","embeddable":true,"href":"https:\/\/rehagro.com.br\/blog\/wp-json\/wp\/v2\/tags?post=6774"}],"curies":[{"name":"wp","href":"https:\/\/api.w.org\/{rel}","templated":true}]}}