{"id":6544,"date":"2019-11-25T14:30:33","date_gmt":"2019-11-25T16:30:33","guid":{"rendered":"https:\/\/rehagro.com.br\/blog\/?p=6544"},"modified":"2026-01-30T14:14:34","modified_gmt":"2026-01-30T17:14:34","slug":"mancha-alvo-na-cultura-da-soja-quais-os-sintomas","status":"publish","type":"post","link":"https:\/\/rehagro.com.br\/blog\/mancha-alvo-na-cultura-da-soja-quais-os-sintomas\/","title":{"rendered":"Mancha-alvo na soja: veja os sintomas e estrat\u00e9gias de manejo"},"content":{"rendered":"<p>A soja e o milho sempre est\u00e3o entre os gr\u00e3os mais produzidos no mundo. E a cada ano, <strong><a href=\"https:\/\/rehagro.com.br\/blog\/como-escolher-a-cultivar-de-soja\/\" target=\"_blank\" rel=\"noopener\">cultivares de soja<\/a><\/strong> e milho passam por melhoramentos gen\u00e9ticos, com o claro objetivo de adquirir mais resist\u00eancia e toler\u00e2ncia a doen\u00e7as e a fatores abi\u00f3ticos como o clima.<\/p>\n<p>Entretanto, doen\u00e7as representam um grande entrave para qualquer cultura e as que demandam uma aten\u00e7\u00e3o maior, s\u00e3o as que podem afetar a soja em qualquer \u00e9poca. <strong>\u00c9 o caso da mancha-alvo<\/strong>, que trataremos neste artigo.<\/p>\n<div style=\"background-color: #efefef; padding-left: 10px; padding-right: 5px; border-radius: 10px;\">\n<p>&nbsp;<\/p>\n<p style=\"text-align: center;\"><strong><span style=\"font-size: 14pt;\">Sem tempo para ler agora? Baixe este artigo em PDF!<\/span><\/strong><\/p>\n<p><script charset=\"utf-8\" type=\"text\/javascript\" src=\"\/\/js.hsforms.net\/forms\/embed\/v2.js\"><\/script><br \/>\n<script>\nhbspt.forms.create({\nregion: \"na1\",\nportalId: \"5430441\",\nformId: \"0ced5949-c607-48c5-8d39-f0179ca418eb\"\n});\n<\/script><\/p>\n<\/div>\n<h2>O que \u00e9 a mancha-alvo?<\/h2>\n<p>A\u00a0<strong>mancha-alvo<\/strong>\u00a0<strong>(<i>Corynespora cassiicola<\/i>) \u00e9 uma\u00a0doen\u00e7a f\u00fangica<\/strong>, comumente encontrada em lavouras de soja de toda a regi\u00e3o do Brasil e pode incidir sobre a cultura em todo o seu ciclo, por isso \u00e9 preciso uma aten\u00e7\u00e3o maior a ela!<\/p>\n<p>A sobreviv\u00eancia deste pat\u00f3geno depende de dois pontos principais: restos culturais e sementes.<\/p>\n<p>No caso dos restos culturais, o pat\u00f3geno pode sobreviver, principalmente em \u00e1reas sob sistema de plantio direto, afinal, esses restos de culturas passadas, unindo com a umidade, favorecem diversos fungos e um deles \u00e9 o da mancha-alvo.<\/p>\n<p>E o outro ponto a ser observado, s\u00e3o as sementes. \u00c9 o principal meio de dissemina\u00e7\u00e3o da mancha-alvo! Elas precisam, portanto, serem de boa proced\u00eancia e qualidade.<\/p>\n<p>Ainda assim, \u00e9 preciso observar que as condi\u00e7\u00f5es ideais para que tenha ocorr\u00eancia da mancha-alvo na lavoura s\u00e3o: alta umidade relativa e temperaturas amenas (18-21\u00b0C).<\/p>\n<p><a href=\"https:\/\/conteudo.rehagro.com.br\/guia-principais-doencas-soja?utm_campaign=material-graos&amp;utm_source=guia-doencas-soja&amp;utm_medium=blog\" target=\"_blank\" rel=\"noopener\"><img loading=\"lazy\" decoding=\"async\" class=\"aligncenter wp-image-39623 size-full\" title=\"Clique e baixe o material gratuitamente!\" src=\"https:\/\/rehagro.com.br\/blog\/wp-content\/uploads\/2025\/09\/banner-guia-doencas-soja.png\" alt=\"Guia Principais doen\u00e7as da soja\" width=\"980\" height=\"317\" srcset=\"https:\/\/rehagro.com.br\/blog\/wp-content\/uploads\/2025\/09\/banner-guia-doencas-soja.png 980w, https:\/\/rehagro.com.br\/blog\/wp-content\/uploads\/2025\/09\/banner-guia-doencas-soja-300x97.png 300w, https:\/\/rehagro.com.br\/blog\/wp-content\/uploads\/2025\/09\/banner-guia-doencas-soja-768x248.png 768w, https:\/\/rehagro.com.br\/blog\/wp-content\/uploads\/2025\/09\/banner-guia-doencas-soja-370x120.png 370w, https:\/\/rehagro.com.br\/blog\/wp-content\/uploads\/2025\/09\/banner-guia-doencas-soja-270x87.png 270w, https:\/\/rehagro.com.br\/blog\/wp-content\/uploads\/2025\/09\/banner-guia-doencas-soja-740x239.png 740w, https:\/\/rehagro.com.br\/blog\/wp-content\/uploads\/2025\/09\/banner-guia-doencas-soja-150x49.png 150w\" sizes=\"auto, (max-width: 980px) 100vw, 980px\" \/><\/a><\/p>\n<h2>Sintomas causados pela mancha-alvo na soja<\/h2>\n<p>Muito embora essa doen\u00e7a seja frequentemente observada nas folhas, ela tamb\u00e9m pode afetar hastes, ra\u00edzes, o que pode causar podrid\u00f5es nas flores e vagens da planta.<\/p>\n<p>O sintoma t\u00edpico causado por este pat\u00f3geno, como o pr\u00f3prio nome diz, \u00e9 por meio do aparecimento de pequenos pontos ou manchas com halo amarelado, que conforme vai crescendo, apresenta pontua\u00e7\u00f5es com colora\u00e7\u00e3o variando de castanho-claro a castanho-escuro no centro e an\u00e9is conc\u00eantricos de colora\u00e7\u00e3o escura.<\/p>\n<p>As imagens a seguir, mostram os ind\u00edcios dos sintomas em uma folha e na haste.<\/p>\n<p style=\"text-align: center;\"><img loading=\"lazy\" decoding=\"async\" class=\"aligncenter wp-image-11827\" src=\"https:\/\/rehagro.com.br\/blog\/wp-content\/uploads\/2019\/11\/mancha-alvo-1.jpg\" alt=\"Folha e haste com sintomas de mancha-alvo\" width=\"600\" height=\"203\" srcset=\"https:\/\/rehagro.com.br\/blog\/wp-content\/uploads\/2019\/11\/mancha-alvo-1.jpg 740w, https:\/\/rehagro.com.br\/blog\/wp-content\/uploads\/2019\/11\/mancha-alvo-1-300x101.jpg 300w, https:\/\/rehagro.com.br\/blog\/wp-content\/uploads\/2019\/11\/mancha-alvo-1-370x125.jpg 370w, https:\/\/rehagro.com.br\/blog\/wp-content\/uploads\/2019\/11\/mancha-alvo-1-270x91.jpg 270w\" sizes=\"auto, (max-width: 600px) 100vw, 600px\" \/><span style=\"font-size: 10pt;\">Fonte: EMBRAPA<\/span><\/p>\n<p>Quando essa doen\u00e7a f\u00fangica afeta a \u00e1rea das folhas, pode ocorrer redu\u00e7\u00e3o da \u00e1rea fotossint\u00e9tica ou at\u00e9 mesmo a desfolha de forma precoce, e isso, por si s\u00f3, ir\u00e1 comprometer o enchimento de gr\u00e3os. Ou seja, \u00e9 preciso ficar atento durante todos os <strong><a href=\"https:\/\/rehagro.com.br\/blog\/identificacao-dos-estadios-fenologicos-da-soja\/\" target=\"_blank\" rel=\"noopener\">est\u00e1dios fenol\u00f3gicos<\/a><\/strong> da planta!<\/p>\n<p>Al\u00e9m disso, a doen\u00e7a pode causar apodrecimento de vagens e hastes, o que ir\u00e1 influenciar diretamente no rendimento da cultura.<\/p>\n<p>Quando essa doen\u00e7a ocorre nas lavouras de soja, em n\u00edveis elevados pode reduzir e comprometer a produtividade da soja em at\u00e9 50%!<\/p>\n<p>Portanto, nesse artigo, ser\u00e3o apresentados tamb\u00e9m, resultados de um estudo que buscou criar as ferramentas que pudessem auxiliar na avalia\u00e7\u00e3o e quantifica\u00e7\u00e3o da presen\u00e7a do fungo da mancha-alvo, a fim de melhorar o manejo da lavoura.<\/p>\n<p>Na imagem a seguir, \u00e9 poss\u00edvel notar, tanto na folha normal de soja, quanto em escala em an\u00e1lise, os n\u00edveis de severidade da doen\u00e7a mancha-alvo.<\/p>\n<p>Observe que da esquerda para a direita, o n\u00edvel da severidade aumenta (de 1% a 52%) e, consequentemente, a incid\u00eancia do sintoma mais vis\u00edvel que s\u00e3o as manchas circulares com halo amarelo e an\u00e9is conc\u00eantricos castanhos, aumentando e escurecendo, \u00e0 medida que a doen\u00e7a avan\u00e7a.<\/p>\n<p style=\"text-align: center;\"><img loading=\"lazy\" decoding=\"async\" class=\"aligncenter wp-image-11828 size-full\" src=\"https:\/\/rehagro.com.br\/blog\/wp-content\/uploads\/2019\/11\/mancha-alvo-2.jpg\" alt=\"Escala diagram\u00e1tica para avalia\u00e7\u00e3o da mancha-alvo da soja\" width=\"570\" height=\"281\" srcset=\"https:\/\/rehagro.com.br\/blog\/wp-content\/uploads\/2019\/11\/mancha-alvo-2.jpg 570w, https:\/\/rehagro.com.br\/blog\/wp-content\/uploads\/2019\/11\/mancha-alvo-2-300x148.jpg 300w, https:\/\/rehagro.com.br\/blog\/wp-content\/uploads\/2019\/11\/mancha-alvo-2-370x182.jpg 370w, https:\/\/rehagro.com.br\/blog\/wp-content\/uploads\/2019\/11\/mancha-alvo-2-270x133.jpg 270w\" sizes=\"auto, (max-width: 570px) 100vw, 570px\" \/><\/p>\n<h3>Como utilizar a escala diagram\u00e1tica para avaliar a doen\u00e7a?<\/h3>\n<p>Muitos podem estar se perguntando: <strong>para que devo usar a escala diagram\u00e1tica?\u00a0<\/strong><\/p>\n<p>O uso desta escala serve para auxiliar o produtor ou engenheiro agr\u00f4nomo <strong>a ter um par\u00e2metro sobre a evolu\u00e7\u00e3o e intensidade da doen\u00e7a na lavoura. <\/strong><\/p>\n<p>No entanto, a forma e o momento ideal para se fazer o controle da doen\u00e7a, fica a crit\u00e9rio do respons\u00e1vel. Lembrando que, se for sistema de plantio direto, n\u00e3o apenas favorece doen\u00e7as f\u00fangicas como a mancha-alvo, mas tamb\u00e9m pragas, como o <strong><a href=\"https:\/\/rehagro.com.br\/blog\/percevejos-na-producao-de-graos\/\" target=\"_blank\" rel=\"noopener\">percevejo<\/a><\/strong>.<\/p>\n<p>Caso proceda com a coleta de dados da escala diagram\u00e1tica, pode-se coletar um n\u00famero m\u00e9dio de 15 de folhas por gleba, por cerca de 10-14 dias. Neste per\u00edodo, se for feita a aplica\u00e7\u00e3o de algum fungicida para controle da doen\u00e7a, as folhas devem continuar sendo coletadas, mesmo assim.<\/p>\n<p>Ap\u00f3s a obten\u00e7\u00e3o e confer\u00eancia dos dados, os mesmos dever\u00e3o ser transferidos para uma planilha para que seja poss\u00edvel gerar o gr\u00e1fico. Com os dados e o gr\u00e1fico feitos, ser\u00e1 poss\u00edvel avaliar o progresso da doen\u00e7a e\/ou efic\u00e1cia do controle, caso j\u00e1 esteja fazendo.<\/p>\n<h2>Estrat\u00e9gias de manejo da mancha-alvo na soja<\/h2>\n<p>Para a n\u00e3o ocorr\u00eancia da mancha-alvo nas lavouras de soja, ou a menor incid\u00eancia das mesmas, algumas estrat\u00e9gias podem e devem ser tomadas. Assim, o risco de comprometimento da produtividade da lavoura diminui. S\u00e3o eles:<\/p>\n<ol>\n<li>Uso de cultivares resistentes;<\/li>\n<li>Uso de sementes sadias e de boa proced\u00eancia (como mencionado, a principal incid\u00eancia da doen\u00e7a vem de sementes infectadas);<\/li>\n<li>Tratamento de sementes;<\/li>\n<li>Rota\u00e7\u00e3o e sucess\u00e3o de culturas com milho ou outras gram\u00edneas;<\/li>\n<li>Uso de <strong><a href=\"https:\/\/rehagro.com.br\/blog\/fungicidas-agricolas\/\" target=\"_blank\" rel=\"noopener\">fungicidas<\/a><\/strong>.<\/li>\n<\/ol>\n<p>Como pode perceber, <strong>o manejo existe desde a escolha da cultivar, ou seja, antes mesmo de implementar a lavoura<\/strong>, passa pelo tratamento de sementes, para evitar a incid\u00eancia, mas tamb\u00e9m h\u00e1 manejo, caso a doen\u00e7a j\u00e1 esteja instalada.<\/p>\n<p>Aten\u00e7\u00e3o, por\u00e9m, ao optar pela 5\u00aa estrat\u00e9gia: uso de fungicida!<\/p>\n<p>\u00c9 importante lembrar que ao adotar o controle qu\u00edmico, deve-se fazer a rota\u00e7\u00e3o de fungicidas com diferentes modos de a\u00e7\u00e3o, pois isso permite com que a doen\u00e7a n\u00e3o se torne resistente a algum produto.<\/p>\n<p>Abaixo est\u00e3o apresentados os resultados de uma pesquisa do ano de 2017, a qual foram testados diferentes fungicidas registrados pelo MAPA para o controle desta doen\u00e7a, com aplica\u00e7\u00f5es sequenciais. Fique por dentro:<\/p>\n<p>Os melhores tratamentos, os quais proporcionaram maiores produtividades e menor incid\u00eancia da doen\u00e7a foram:<\/p>\n<ol>\n<li>bixafen + protioconazol + trifloxistrobina;<\/li>\n<li>piraclostrobina + fluxapiroxade;<\/li>\n<li>piraclostrobina + epoxiconazol + fluxapiroxade;<\/li>\n<li>trifloxistrobina + protioconazol;<\/li>\n<li>picoxistrobina + tebuconazol + mancozebe.<\/li>\n<\/ol>\n<p>Qual combina\u00e7\u00e3o de produtos usar para o controle da mancha-alvo em soja? Isso depende muito da escolha do respons\u00e1vel t\u00e9cnico da \u00e1rea, pois como pode perceber, as cinco combina\u00e7\u00f5es se mostraram eficazes.<\/p>\n<p>Lembrando que para melhores resultados, as demais t\u00e1ticas para manejo da doen\u00e7a tamb\u00e9m devem ser empregadas.<\/p>\n<p>Bom, a mancha-alvo voc\u00ea j\u00e1 aprendeu, e p\u00f4de perceber que por ser f\u00fangica, demanda alta umidade e temperatura amena. Existem v\u00e1rias doen\u00e7as dessa natureza em gr\u00e3os e a maioria se manifesta visualmente por manchas, que \u00e9 o caso da <strong><a href=\"https:\/\/rehagro.com.br\/blog\/mancha-amarela-na-cultura-do-trigo\/\" target=\"_blank\" rel=\"noopener\">mancha-amarela<\/a><\/strong> que j\u00e1 foi detectada em mais de 60% dos levantamentos em campo!<\/p>\n<p>A diferen\u00e7a de uma lavoura farta para uma b\u00e1sica ou deficiente em produ\u00e7\u00e3o est\u00e1 em saber manejar cada etapa do ciclo da cultura, bem como proteger a lavoura em todo o processo.<\/p>\n<h2>Pronto para descobrir os segredos da produ\u00e7\u00e3o de gr\u00e3os?<\/h2>\n<p>O <strong><a href=\"https:\/\/rehagro.com.br\/cursos-livres\/agro-para-todos-descobrindo-a-producao-de-graos?utm_campaign=12253459-mkt-materiais-agr&amp;utm_source=textos&amp;utm_medium=blog\" target=\"_blank\" rel=\"noopener\">Curso Online Agro Para Todos: Descobrindo a Produ\u00e7\u00e3o de Gr\u00e3os<\/a><\/strong> oferece uma forma\u00e7\u00e3o essencial para quem deseja compreender os fundamentos da atividade, desde o ciclo das culturas at\u00e9 os desafios do manejo e da comercializa\u00e7\u00e3o.<\/p>\n<p>Com uma linguagem acess\u00edvel e foco em aplica\u00e7\u00f5es pr\u00e1ticas, voc\u00ea vai aprender os fundamentos da produ\u00e7\u00e3o agr\u00edcola, desde os ciclos das culturas at\u00e9 o manejo de solo, controle de pragas, uso de fertilizantes e an\u00e1lise de custos e margens.<\/p>\n<p>Clique no banner abaixo e d\u00ea o primeiro passo para construir uma base s\u00f3lida na produ\u00e7\u00e3o de gr\u00e3os.<\/p>\n<p><a href=\"https:\/\/rehagro.com.br\/cursos-livres\/agro-para-todos-descobrindo-a-producao-de-graos?utm_campaign=12253459-mkt-materiais-agr&amp;utm_source=textos&amp;utm_medium=blog\" target=\"_blank\" rel=\"noopener\"><img loading=\"lazy\" decoding=\"async\" class=\"aligncenter wp-image-37524 size-full\" title=\"Clique e saiba mais sobre o curso!\" src=\"https:\/\/rehagro.com.br\/blog\/wp-content\/uploads\/2025\/05\/banner_agr.jpg\" alt=\"Curso Descobrindo a Produ\u00e7\u00e3o de Gr\u00e3os\" width=\"1200\" height=\"624\" srcset=\"https:\/\/rehagro.com.br\/blog\/wp-content\/uploads\/2025\/05\/banner_agr.jpg 1200w, https:\/\/rehagro.com.br\/blog\/wp-content\/uploads\/2025\/05\/banner_agr-300x156.jpg 300w, https:\/\/rehagro.com.br\/blog\/wp-content\/uploads\/2025\/05\/banner_agr-1024x532.jpg 1024w, https:\/\/rehagro.com.br\/blog\/wp-content\/uploads\/2025\/05\/banner_agr-768x399.jpg 768w, https:\/\/rehagro.com.br\/blog\/wp-content\/uploads\/2025\/05\/banner_agr-370x192.jpg 370w, https:\/\/rehagro.com.br\/blog\/wp-content\/uploads\/2025\/05\/banner_agr-270x140.jpg 270w, https:\/\/rehagro.com.br\/blog\/wp-content\/uploads\/2025\/05\/banner_agr-740x385.jpg 740w, https:\/\/rehagro.com.br\/blog\/wp-content\/uploads\/2025\/05\/banner_agr-150x78.jpg 150w\" sizes=\"auto, (max-width: 1200px) 100vw, 1200px\" \/><\/a><\/p>\n<p><span style=\"font-weight: 400;\"><img loading=\"lazy\" decoding=\"async\" class=\"aligncenter wp-image-16049 size-medium\" src=\"https:\/\/rehagro.com.br\/blog\/wp-content\/uploads\/2022\/11\/alessandro-alvarenga-300x96.jpg\" alt=\"Alessandro Alvarenga\" width=\"300\" height=\"96\" srcset=\"https:\/\/rehagro.com.br\/blog\/wp-content\/uploads\/2022\/11\/alessandro-alvarenga-300x96.jpg 300w, https:\/\/rehagro.com.br\/blog\/wp-content\/uploads\/2022\/11\/alessandro-alvarenga-768x246.jpg 768w, https:\/\/rehagro.com.br\/blog\/wp-content\/uploads\/2022\/11\/alessandro-alvarenga-370x118.jpg 370w, https:\/\/rehagro.com.br\/blog\/wp-content\/uploads\/2022\/11\/alessandro-alvarenga-270x86.jpg 270w, https:\/\/rehagro.com.br\/blog\/wp-content\/uploads\/2022\/11\/alessandro-alvarenga-740x237.jpg 740w, https:\/\/rehagro.com.br\/blog\/wp-content\/uploads\/2022\/11\/alessandro-alvarenga-150x48.jpg 150w, https:\/\/rehagro.com.br\/blog\/wp-content\/uploads\/2022\/11\/alessandro-alvarenga.jpg 975w\" sizes=\"auto, (max-width: 300px) 100vw, 300px\" \/><\/span><\/p>\n","protected":false},"excerpt":{"rendered":"<p>A soja e o milho sempre est\u00e3o entre os gr\u00e3os mais produzidos no mundo. E a cada ano, cultivares de soja e milho passam por melhoramentos gen\u00e9ticos, com o claro objetivo de adquirir mais resist\u00eancia e toler\u00e2ncia a doen\u00e7as e a fatores abi\u00f3ticos como o clima. Entretanto, doen\u00e7as representam um grande entrave para qualquer cultura [&hellip;]<\/p>\n","protected":false},"author":21,"featured_media":11826,"comment_status":"open","ping_status":"open","sticky":false,"template":"","format":"standard","meta":{"footnotes":""},"categories":[213],"tags":[756,249,584,701],"class_list":["post-6544","post","type-post","status-publish","format-standard","has-post-thumbnail","hentry","category-graos","tag-fungo","tag-graos","tag-mancha","tag-soja"],"yoast_head":"<!-- This site is optimized with the Yoast SEO plugin v27.5 - https:\/\/yoast.com\/product\/yoast-seo-wordpress\/ -->\n<title>Mancha-alvo na soja: veja os sintomas e como controlar a doen\u00e7a<\/title>\n<meta name=\"description\" content=\"Descubra como identificar e combater a mancha alvo na soja. Aprenda sobre os sintomas, causas e estrat\u00e9gias de manejo eficazes.\" \/>\n<meta name=\"robots\" content=\"index, follow, max-snippet:-1, max-image-preview:large, max-video-preview:-1\" \/>\n<link rel=\"canonical\" href=\"https:\/\/rehagro.com.br\/blog\/mancha-alvo-na-cultura-da-soja-quais-os-sintomas\/\" \/>\n<meta property=\"og:locale\" content=\"pt_BR\" \/>\n<meta property=\"og:type\" content=\"article\" \/>\n<meta property=\"og:title\" content=\"Mancha-alvo na soja: veja os sintomas e como controlar a doen\u00e7a\" \/>\n<meta property=\"og:description\" content=\"Descubra como identificar e combater a mancha alvo na soja. Aprenda sobre os sintomas, causas e estrat\u00e9gias de manejo eficazes.\" \/>\n<meta property=\"og:url\" content=\"https:\/\/rehagro.com.br\/blog\/mancha-alvo-na-cultura-da-soja-quais-os-sintomas\/\" \/>\n<meta property=\"og:site_name\" content=\"Rehagro Blog\" \/>\n<meta property=\"article:published_time\" content=\"2019-11-25T16:30:33+00:00\" \/>\n<meta property=\"article:modified_time\" content=\"2026-01-30T17:14:34+00:00\" \/>\n<meta property=\"og:image\" content=\"https:\/\/rehagro.com.br\/blog\/wp-content\/uploads\/2019\/11\/mancha-alvo.jpg\" \/>\n\t<meta property=\"og:image:width\" content=\"800\" \/>\n\t<meta property=\"og:image:height\" content=\"450\" \/>\n\t<meta property=\"og:image:type\" content=\"image\/jpeg\" \/>\n<meta name=\"author\" content=\"Jo\u00e3o Pedro Azevedo\" \/>\n<meta name=\"twitter:card\" content=\"summary_large_image\" \/>\n<meta name=\"twitter:label1\" content=\"Escrito por\" \/>\n\t<meta name=\"twitter:data1\" content=\"Jo\u00e3o Pedro Azevedo\" \/>\n\t<meta name=\"twitter:label2\" content=\"Est. tempo de leitura\" \/>\n\t<meta name=\"twitter:data2\" content=\"8 minutos\" \/>\n<script type=\"application\/ld+json\" class=\"yoast-schema-graph\">{\"@context\":\"https:\\\/\\\/schema.org\",\"@graph\":[{\"@type\":\"Article\",\"@id\":\"https:\\\/\\\/rehagro.com.br\\\/blog\\\/mancha-alvo-na-cultura-da-soja-quais-os-sintomas\\\/#article\",\"isPartOf\":{\"@id\":\"https:\\\/\\\/rehagro.com.br\\\/blog\\\/mancha-alvo-na-cultura-da-soja-quais-os-sintomas\\\/\"},\"author\":{\"name\":\"Jo\u00e3o Pedro Azevedo\",\"@id\":\"https:\\\/\\\/rehagro.com.br\\\/blog\\\/#\\\/schema\\\/person\\\/f2d1ae51b04939615ceebb3c0bfd8a94\"},\"headline\":\"Mancha-alvo na soja: veja os sintomas e estrat\u00e9gias de manejo\",\"datePublished\":\"2019-11-25T16:30:33+00:00\",\"dateModified\":\"2026-01-30T17:14:34+00:00\",\"mainEntityOfPage\":{\"@id\":\"https:\\\/\\\/rehagro.com.br\\\/blog\\\/mancha-alvo-na-cultura-da-soja-quais-os-sintomas\\\/\"},\"wordCount\":1310,\"commentCount\":0,\"publisher\":{\"@id\":\"https:\\\/\\\/rehagro.com.br\\\/blog\\\/#organization\"},\"image\":{\"@id\":\"https:\\\/\\\/rehagro.com.br\\\/blog\\\/mancha-alvo-na-cultura-da-soja-quais-os-sintomas\\\/#primaryimage\"},\"thumbnailUrl\":\"https:\\\/\\\/rehagro.com.br\\\/blog\\\/wp-content\\\/uploads\\\/2019\\\/11\\\/mancha-alvo.jpg\",\"keywords\":[\"fungo\",\"gr\u00e3os\",\"mancha\",\"soja\"],\"articleSection\":[\"GR\u00c3OS\"],\"inLanguage\":\"pt-BR\",\"potentialAction\":[{\"@type\":\"CommentAction\",\"name\":\"Comment\",\"target\":[\"https:\\\/\\\/rehagro.com.br\\\/blog\\\/mancha-alvo-na-cultura-da-soja-quais-os-sintomas\\\/#respond\"]}]},{\"@type\":\"WebPage\",\"@id\":\"https:\\\/\\\/rehagro.com.br\\\/blog\\\/mancha-alvo-na-cultura-da-soja-quais-os-sintomas\\\/\",\"url\":\"https:\\\/\\\/rehagro.com.br\\\/blog\\\/mancha-alvo-na-cultura-da-soja-quais-os-sintomas\\\/\",\"name\":\"Mancha-alvo na soja: veja os sintomas e como controlar a doen\u00e7a\",\"isPartOf\":{\"@id\":\"https:\\\/\\\/rehagro.com.br\\\/blog\\\/#website\"},\"primaryImageOfPage\":{\"@id\":\"https:\\\/\\\/rehagro.com.br\\\/blog\\\/mancha-alvo-na-cultura-da-soja-quais-os-sintomas\\\/#primaryimage\"},\"image\":{\"@id\":\"https:\\\/\\\/rehagro.com.br\\\/blog\\\/mancha-alvo-na-cultura-da-soja-quais-os-sintomas\\\/#primaryimage\"},\"thumbnailUrl\":\"https:\\\/\\\/rehagro.com.br\\\/blog\\\/wp-content\\\/uploads\\\/2019\\\/11\\\/mancha-alvo.jpg\",\"datePublished\":\"2019-11-25T16:30:33+00:00\",\"dateModified\":\"2026-01-30T17:14:34+00:00\",\"description\":\"Descubra como identificar e combater a mancha alvo na soja. Aprenda sobre os sintomas, causas e estrat\u00e9gias de manejo eficazes.\",\"breadcrumb\":{\"@id\":\"https:\\\/\\\/rehagro.com.br\\\/blog\\\/mancha-alvo-na-cultura-da-soja-quais-os-sintomas\\\/#breadcrumb\"},\"inLanguage\":\"pt-BR\",\"potentialAction\":[{\"@type\":\"ReadAction\",\"target\":[\"https:\\\/\\\/rehagro.com.br\\\/blog\\\/mancha-alvo-na-cultura-da-soja-quais-os-sintomas\\\/\"]}]},{\"@type\":\"ImageObject\",\"inLanguage\":\"pt-BR\",\"@id\":\"https:\\\/\\\/rehagro.com.br\\\/blog\\\/mancha-alvo-na-cultura-da-soja-quais-os-sintomas\\\/#primaryimage\",\"url\":\"https:\\\/\\\/rehagro.com.br\\\/blog\\\/wp-content\\\/uploads\\\/2019\\\/11\\\/mancha-alvo.jpg\",\"contentUrl\":\"https:\\\/\\\/rehagro.com.br\\\/blog\\\/wp-content\\\/uploads\\\/2019\\\/11\\\/mancha-alvo.jpg\",\"width\":800,\"height\":450,\"caption\":\"Folha com mancha-alvo\"},{\"@type\":\"BreadcrumbList\",\"@id\":\"https:\\\/\\\/rehagro.com.br\\\/blog\\\/mancha-alvo-na-cultura-da-soja-quais-os-sintomas\\\/#breadcrumb\",\"itemListElement\":[{\"@type\":\"ListItem\",\"position\":1,\"name\":\"In\u00edcio\",\"item\":\"https:\\\/\\\/rehagro.com.br\\\/blog\\\/\"},{\"@type\":\"ListItem\",\"position\":2,\"name\":\"Mancha-alvo na soja: veja os sintomas e estrat\u00e9gias de manejo\"}]},{\"@type\":\"WebSite\",\"@id\":\"https:\\\/\\\/rehagro.com.br\\\/blog\\\/#website\",\"url\":\"https:\\\/\\\/rehagro.com.br\\\/blog\\\/\",\"name\":\"Rehagro Blog\",\"description\":\"\",\"publisher\":{\"@id\":\"https:\\\/\\\/rehagro.com.br\\\/blog\\\/#organization\"},\"potentialAction\":[{\"@type\":\"SearchAction\",\"target\":{\"@type\":\"EntryPoint\",\"urlTemplate\":\"https:\\\/\\\/rehagro.com.br\\\/blog\\\/?s={search_term_string}\"},\"query-input\":{\"@type\":\"PropertyValueSpecification\",\"valueRequired\":true,\"valueName\":\"search_term_string\"}}],\"inLanguage\":\"pt-BR\"},{\"@type\":\"Organization\",\"@id\":\"https:\\\/\\\/rehagro.com.br\\\/blog\\\/#organization\",\"name\":\"Rehagro\",\"url\":\"https:\\\/\\\/rehagro.com.br\\\/blog\\\/\",\"logo\":{\"@type\":\"ImageObject\",\"inLanguage\":\"pt-BR\",\"@id\":\"https:\\\/\\\/rehagro.com.br\\\/blog\\\/#\\\/schema\\\/logo\\\/image\\\/\",\"url\":\"https:\\\/\\\/rehagro.com.br\\\/blog\\\/wp-content\\\/uploads\\\/2018\\\/05\\\/logo-rehagro.png\",\"contentUrl\":\"https:\\\/\\\/rehagro.com.br\\\/blog\\\/wp-content\\\/uploads\\\/2018\\\/05\\\/logo-rehagro.png\",\"width\":400,\"height\":115,\"caption\":\"Rehagro\"},\"image\":{\"@id\":\"https:\\\/\\\/rehagro.com.br\\\/blog\\\/#\\\/schema\\\/logo\\\/image\\\/\"}},{\"@type\":\"Person\",\"@id\":\"https:\\\/\\\/rehagro.com.br\\\/blog\\\/#\\\/schema\\\/person\\\/f2d1ae51b04939615ceebb3c0bfd8a94\",\"name\":\"Jo\u00e3o Pedro Azevedo\",\"image\":{\"@type\":\"ImageObject\",\"inLanguage\":\"pt-BR\",\"@id\":\"https:\\\/\\\/secure.gravatar.com\\\/avatar\\\/34aacffb2f10625483f480470f3274778dd1c183ba4f66444bb60ae92149bf8a?s=96&d=mm&r=g\",\"url\":\"https:\\\/\\\/secure.gravatar.com\\\/avatar\\\/34aacffb2f10625483f480470f3274778dd1c183ba4f66444bb60ae92149bf8a?s=96&d=mm&r=g\",\"contentUrl\":\"https:\\\/\\\/secure.gravatar.com\\\/avatar\\\/34aacffb2f10625483f480470f3274778dd1c183ba4f66444bb60ae92149bf8a?s=96&d=mm&r=g\",\"caption\":\"Jo\u00e3o Pedro Azevedo\"},\"url\":\"https:\\\/\\\/rehagro.com.br\\\/blog\\\/author\\\/joao-pedro\\\/\"}]}<\/script>\n<!-- \/ Yoast SEO plugin. -->","yoast_head_json":{"title":"Mancha-alvo na soja: veja os sintomas e como controlar a doen\u00e7a","description":"Descubra como identificar e combater a mancha alvo na soja. Aprenda sobre os sintomas, causas e estrat\u00e9gias de manejo eficazes.","robots":{"index":"index","follow":"follow","max-snippet":"max-snippet:-1","max-image-preview":"max-image-preview:large","max-video-preview":"max-video-preview:-1"},"canonical":"https:\/\/rehagro.com.br\/blog\/mancha-alvo-na-cultura-da-soja-quais-os-sintomas\/","og_locale":"pt_BR","og_type":"article","og_title":"Mancha-alvo na soja: veja os sintomas e como controlar a doen\u00e7a","og_description":"Descubra como identificar e combater a mancha alvo na soja. Aprenda sobre os sintomas, causas e estrat\u00e9gias de manejo eficazes.","og_url":"https:\/\/rehagro.com.br\/blog\/mancha-alvo-na-cultura-da-soja-quais-os-sintomas\/","og_site_name":"Rehagro Blog","article_published_time":"2019-11-25T16:30:33+00:00","article_modified_time":"2026-01-30T17:14:34+00:00","og_image":[{"width":800,"height":450,"url":"https:\/\/rehagro.com.br\/blog\/wp-content\/uploads\/2019\/11\/mancha-alvo.jpg","type":"image\/jpeg"}],"author":"Jo\u00e3o Pedro Azevedo","twitter_card":"summary_large_image","twitter_misc":{"Escrito por":"Jo\u00e3o Pedro Azevedo","Est. tempo de leitura":"8 minutos"},"schema":{"@context":"https:\/\/schema.org","@graph":[{"@type":"Article","@id":"https:\/\/rehagro.com.br\/blog\/mancha-alvo-na-cultura-da-soja-quais-os-sintomas\/#article","isPartOf":{"@id":"https:\/\/rehagro.com.br\/blog\/mancha-alvo-na-cultura-da-soja-quais-os-sintomas\/"},"author":{"name":"Jo\u00e3o Pedro Azevedo","@id":"https:\/\/rehagro.com.br\/blog\/#\/schema\/person\/f2d1ae51b04939615ceebb3c0bfd8a94"},"headline":"Mancha-alvo na soja: veja os sintomas e estrat\u00e9gias de manejo","datePublished":"2019-11-25T16:30:33+00:00","dateModified":"2026-01-30T17:14:34+00:00","mainEntityOfPage":{"@id":"https:\/\/rehagro.com.br\/blog\/mancha-alvo-na-cultura-da-soja-quais-os-sintomas\/"},"wordCount":1310,"commentCount":0,"publisher":{"@id":"https:\/\/rehagro.com.br\/blog\/#organization"},"image":{"@id":"https:\/\/rehagro.com.br\/blog\/mancha-alvo-na-cultura-da-soja-quais-os-sintomas\/#primaryimage"},"thumbnailUrl":"https:\/\/rehagro.com.br\/blog\/wp-content\/uploads\/2019\/11\/mancha-alvo.jpg","keywords":["fungo","gr\u00e3os","mancha","soja"],"articleSection":["GR\u00c3OS"],"inLanguage":"pt-BR","potentialAction":[{"@type":"CommentAction","name":"Comment","target":["https:\/\/rehagro.com.br\/blog\/mancha-alvo-na-cultura-da-soja-quais-os-sintomas\/#respond"]}]},{"@type":"WebPage","@id":"https:\/\/rehagro.com.br\/blog\/mancha-alvo-na-cultura-da-soja-quais-os-sintomas\/","url":"https:\/\/rehagro.com.br\/blog\/mancha-alvo-na-cultura-da-soja-quais-os-sintomas\/","name":"Mancha-alvo na soja: veja os sintomas e como controlar a doen\u00e7a","isPartOf":{"@id":"https:\/\/rehagro.com.br\/blog\/#website"},"primaryImageOfPage":{"@id":"https:\/\/rehagro.com.br\/blog\/mancha-alvo-na-cultura-da-soja-quais-os-sintomas\/#primaryimage"},"image":{"@id":"https:\/\/rehagro.com.br\/blog\/mancha-alvo-na-cultura-da-soja-quais-os-sintomas\/#primaryimage"},"thumbnailUrl":"https:\/\/rehagro.com.br\/blog\/wp-content\/uploads\/2019\/11\/mancha-alvo.jpg","datePublished":"2019-11-25T16:30:33+00:00","dateModified":"2026-01-30T17:14:34+00:00","description":"Descubra como identificar e combater a mancha alvo na soja. Aprenda sobre os sintomas, causas e estrat\u00e9gias de manejo eficazes.","breadcrumb":{"@id":"https:\/\/rehagro.com.br\/blog\/mancha-alvo-na-cultura-da-soja-quais-os-sintomas\/#breadcrumb"},"inLanguage":"pt-BR","potentialAction":[{"@type":"ReadAction","target":["https:\/\/rehagro.com.br\/blog\/mancha-alvo-na-cultura-da-soja-quais-os-sintomas\/"]}]},{"@type":"ImageObject","inLanguage":"pt-BR","@id":"https:\/\/rehagro.com.br\/blog\/mancha-alvo-na-cultura-da-soja-quais-os-sintomas\/#primaryimage","url":"https:\/\/rehagro.com.br\/blog\/wp-content\/uploads\/2019\/11\/mancha-alvo.jpg","contentUrl":"https:\/\/rehagro.com.br\/blog\/wp-content\/uploads\/2019\/11\/mancha-alvo.jpg","width":800,"height":450,"caption":"Folha com mancha-alvo"},{"@type":"BreadcrumbList","@id":"https:\/\/rehagro.com.br\/blog\/mancha-alvo-na-cultura-da-soja-quais-os-sintomas\/#breadcrumb","itemListElement":[{"@type":"ListItem","position":1,"name":"In\u00edcio","item":"https:\/\/rehagro.com.br\/blog\/"},{"@type":"ListItem","position":2,"name":"Mancha-alvo na soja: veja os sintomas e estrat\u00e9gias de manejo"}]},{"@type":"WebSite","@id":"https:\/\/rehagro.com.br\/blog\/#website","url":"https:\/\/rehagro.com.br\/blog\/","name":"Rehagro Blog","description":"","publisher":{"@id":"https:\/\/rehagro.com.br\/blog\/#organization"},"potentialAction":[{"@type":"SearchAction","target":{"@type":"EntryPoint","urlTemplate":"https:\/\/rehagro.com.br\/blog\/?s={search_term_string}"},"query-input":{"@type":"PropertyValueSpecification","valueRequired":true,"valueName":"search_term_string"}}],"inLanguage":"pt-BR"},{"@type":"Organization","@id":"https:\/\/rehagro.com.br\/blog\/#organization","name":"Rehagro","url":"https:\/\/rehagro.com.br\/blog\/","logo":{"@type":"ImageObject","inLanguage":"pt-BR","@id":"https:\/\/rehagro.com.br\/blog\/#\/schema\/logo\/image\/","url":"https:\/\/rehagro.com.br\/blog\/wp-content\/uploads\/2018\/05\/logo-rehagro.png","contentUrl":"https:\/\/rehagro.com.br\/blog\/wp-content\/uploads\/2018\/05\/logo-rehagro.png","width":400,"height":115,"caption":"Rehagro"},"image":{"@id":"https:\/\/rehagro.com.br\/blog\/#\/schema\/logo\/image\/"}},{"@type":"Person","@id":"https:\/\/rehagro.com.br\/blog\/#\/schema\/person\/f2d1ae51b04939615ceebb3c0bfd8a94","name":"Jo\u00e3o Pedro Azevedo","image":{"@type":"ImageObject","inLanguage":"pt-BR","@id":"https:\/\/secure.gravatar.com\/avatar\/34aacffb2f10625483f480470f3274778dd1c183ba4f66444bb60ae92149bf8a?s=96&d=mm&r=g","url":"https:\/\/secure.gravatar.com\/avatar\/34aacffb2f10625483f480470f3274778dd1c183ba4f66444bb60ae92149bf8a?s=96&d=mm&r=g","contentUrl":"https:\/\/secure.gravatar.com\/avatar\/34aacffb2f10625483f480470f3274778dd1c183ba4f66444bb60ae92149bf8a?s=96&d=mm&r=g","caption":"Jo\u00e3o Pedro Azevedo"},"url":"https:\/\/rehagro.com.br\/blog\/author\/joao-pedro\/"}]}},"_links":{"self":[{"href":"https:\/\/rehagro.com.br\/blog\/wp-json\/wp\/v2\/posts\/6544","targetHints":{"allow":["GET"]}}],"collection":[{"href":"https:\/\/rehagro.com.br\/blog\/wp-json\/wp\/v2\/posts"}],"about":[{"href":"https:\/\/rehagro.com.br\/blog\/wp-json\/wp\/v2\/types\/post"}],"author":[{"embeddable":true,"href":"https:\/\/rehagro.com.br\/blog\/wp-json\/wp\/v2\/users\/21"}],"replies":[{"embeddable":true,"href":"https:\/\/rehagro.com.br\/blog\/wp-json\/wp\/v2\/comments?post=6544"}],"version-history":[{"count":54,"href":"https:\/\/rehagro.com.br\/blog\/wp-json\/wp\/v2\/posts\/6544\/revisions"}],"predecessor-version":[{"id":41270,"href":"https:\/\/rehagro.com.br\/blog\/wp-json\/wp\/v2\/posts\/6544\/revisions\/41270"}],"wp:featuredmedia":[{"embeddable":true,"href":"https:\/\/rehagro.com.br\/blog\/wp-json\/wp\/v2\/media\/11826"}],"wp:attachment":[{"href":"https:\/\/rehagro.com.br\/blog\/wp-json\/wp\/v2\/media?parent=6544"}],"wp:term":[{"taxonomy":"category","embeddable":true,"href":"https:\/\/rehagro.com.br\/blog\/wp-json\/wp\/v2\/categories?post=6544"},{"taxonomy":"post_tag","embeddable":true,"href":"https:\/\/rehagro.com.br\/blog\/wp-json\/wp\/v2\/tags?post=6544"}],"curies":[{"name":"wp","href":"https:\/\/api.w.org\/{rel}","templated":true}]}}