{"id":5665,"date":"2022-04-30T16:37:23","date_gmt":"2022-04-30T19:37:23","guid":{"rendered":"https:\/\/rehagro.com.br\/blog\/?p=5665"},"modified":"2026-04-08T15:31:08","modified_gmt":"2026-04-08T18:31:08","slug":"pragas-do-cafe-arabica","status":"publish","type":"post","link":"https:\/\/rehagro.com.br\/blog\/pragas-do-cafe-arabica\/","title":{"rendered":"Principais pragas do caf\u00e9: saiba quais s\u00e3o, como prevenir e realizar o controle"},"content":{"rendered":"<p>Elas s\u00e3o t\u00e3o pequenas, que podem passar despercebidas a olho nu.\u00a0Mas o estrago que causam \u00e9 t\u00e3o grande, que \u00e9 imposs\u00edvel n\u00e3o notarmos sua presen\u00e7a na lavoura.<\/p>\n<p>Essas pequenas grandes vil\u00e3s geram um enorme comprometimento da qualidade e da produtividade das culturas.<\/p>\n<p>Listamos as <strong>principais pragas do caf\u00e9 ar\u00e1bica, para ajudar voc\u00ea a entender melhor sobre sua ocorr\u00eancia e controle.<\/strong><\/p>\n<div style=\"background-color: #efefef; padding-left: 10px; padding-right: 5px; border-radius: 10px;\">\n<p>&nbsp;<\/p>\n<p style=\"text-align: center;\"><strong><span style=\"font-size: 14pt;\">Sem tempo para ler agora? Baixe este artigo em PDF!<\/span><\/strong><\/p>\n<p><script charset=\"utf-8\" type=\"text\/javascript\" src=\"\/\/js.hsforms.net\/forms\/embed\/v2.js\"><\/script><br \/>\n<script>\nhbspt.forms.create({\nregion: \"na1\",\nportalId: \"5430441\",\nformId: \"7dcaf60d-0e23-40ed-8b40-9b8cb07b4128\"\n});\n<\/script><\/p>\n<\/div>\n<h2>Broca-do-caf\u00e9 (<i>Hypothenemus hampei<\/i>)<\/h2>\n<p><img loading=\"lazy\" decoding=\"async\" class=\"aligncenter wp-image-17069\" src=\"https:\/\/rehagro.com.br\/blog\/wp-content\/uploads\/2019\/04\/broca-do-cafe-nos-frutos.jpg\" alt=\"Fruto do caf\u00e9 sendo afetado pela broca\" width=\"300\" height=\"282\" srcset=\"https:\/\/rehagro.com.br\/blog\/wp-content\/uploads\/2019\/04\/broca-do-cafe-nos-frutos.jpg 277w, https:\/\/rehagro.com.br\/blog\/wp-content\/uploads\/2019\/04\/broca-do-cafe-nos-frutos-270x253.jpg 270w, https:\/\/rehagro.com.br\/blog\/wp-content\/uploads\/2019\/04\/broca-do-cafe-nos-frutos-150x141.jpg 150w\" sizes=\"auto, (max-width: 300px) 100vw, 300px\" \/><\/p>\n<p style=\"text-align: center;\"><span style=\"font-size: 10pt;\">Fruto sendo afetado pela broca-do-caf\u00e9. (Fonte: Luiz Paulo Vilela).<\/span><\/p>\n<p>A <strong><a href=\"https:\/\/rehagro.com.br\/blog\/broca-do-cafe\/\" target=\"_blank\" rel=\"noopener\">broca do caf\u00e9<\/a><\/strong> \u00e9 causada por besouros de colora\u00e7\u00e3o preta que realizam orif\u00edcios normalmente na regi\u00e3o da coroa dos frutos.<\/p>\n<p>Os machos s\u00e3o menores que as f\u00eameas e n\u00e3o voam. J\u00e1 as f\u00eameas voam e medem cerca de 1,7 mm de comprimento. As f\u00eameas colocam ovos dentro dos frutos.<\/p>\n<p>Ap\u00f3s a eclos\u00e3o, formam-se as larvas, que causam os danos propriamente ditos. As larvas se alimentam dos gr\u00e3os de caf\u00e9, reduzindo assim seu peso e depreciando seu tipo. Al\u00e9m disso, os orif\u00edcios feitos por essa praga nos gr\u00e3os podem servir como porta de entrada para pat\u00f3genos, comprometendo assim sua qualidade.<\/p>\n<p>Devido \u00e0 broca do caf\u00e9 ser uma praga mon\u00f3faga, ou seja, ela ataca somente a cultura do caf\u00e9, uma colheita bem feita com repasse, evitando-se deixar frutos remanescentes na lavoura \u00e9 de grande import\u00e2ncia, com o intuito de diminuir a fonte de alimento desses insetos na entressafra. Nesse sentido, esse controle cultural \u00e9 de grande valia.<\/p>\n<p>Al\u00e9m disso, para o <a href=\"https:\/\/rehagro.com.br\/blog\/controle-biologico-de-pragas-na-cafeicultura\/\" target=\"_blank\" rel=\"noopener\"><strong>controle biol\u00f3gico<\/strong><\/a>, pode-se utilizar o fungo <i>Beauveria bassiana<\/i> que atua colonizando a broca. J\u00e1 para o controle qu\u00edmico, pode-se utilizar grupos qu\u00edmicos: Ciantraniliprole, Clorpirif\u00f3s, Clorantraniliprole, Abamectina e Espinosade.<\/p>\n<p><a href=\"https:\/\/conteudo.rehagro.com.br\/guia-principais-pragas-doencas-cafe?utm_campaign=material-cafe&amp;utm_source=guia-pragas-doencas&amp;utm_medium=blog\" target=\"_blank\" rel=\"noopener\"><img loading=\"lazy\" decoding=\"async\" class=\"aligncenter wp-image-39679 size-full\" title=\"Clique e baixe o material gratuitamente!\" src=\"https:\/\/rehagro.com.br\/blog\/wp-content\/uploads\/2025\/09\/banner-guia-pragas-doencas-cafe.png\" alt=\"Guia Pragas e doen\u00e7as do caf\u00e9\" width=\"980\" height=\"317\" srcset=\"https:\/\/rehagro.com.br\/blog\/wp-content\/uploads\/2025\/09\/banner-guia-pragas-doencas-cafe.png 980w, https:\/\/rehagro.com.br\/blog\/wp-content\/uploads\/2025\/09\/banner-guia-pragas-doencas-cafe-300x97.png 300w, https:\/\/rehagro.com.br\/blog\/wp-content\/uploads\/2025\/09\/banner-guia-pragas-doencas-cafe-768x248.png 768w, https:\/\/rehagro.com.br\/blog\/wp-content\/uploads\/2025\/09\/banner-guia-pragas-doencas-cafe-370x120.png 370w, https:\/\/rehagro.com.br\/blog\/wp-content\/uploads\/2025\/09\/banner-guia-pragas-doencas-cafe-270x87.png 270w, https:\/\/rehagro.com.br\/blog\/wp-content\/uploads\/2025\/09\/banner-guia-pragas-doencas-cafe-740x239.png 740w, https:\/\/rehagro.com.br\/blog\/wp-content\/uploads\/2025\/09\/banner-guia-pragas-doencas-cafe-150x49.png 150w\" sizes=\"auto, (max-width: 980px) 100vw, 980px\" \/><\/a><\/p>\n<h2>Bicho mineiro (<i>Leucoptera coffeella)<\/i><\/h2>\n<p><img loading=\"lazy\" decoding=\"async\" class=\"aligncenter wp-image-17070 size-full\" src=\"https:\/\/rehagro.com.br\/blog\/wp-content\/uploads\/2019\/04\/lesoes-bicho-mineiro.jpg\" alt=\"Folha de cafeeiro com les\u00f5es provocadas pelo bicho mineiro\" width=\"373\" height=\"484\" srcset=\"https:\/\/rehagro.com.br\/blog\/wp-content\/uploads\/2019\/04\/lesoes-bicho-mineiro.jpg 373w, https:\/\/rehagro.com.br\/blog\/wp-content\/uploads\/2019\/04\/lesoes-bicho-mineiro-231x300.jpg 231w, https:\/\/rehagro.com.br\/blog\/wp-content\/uploads\/2019\/04\/lesoes-bicho-mineiro-370x480.jpg 370w, https:\/\/rehagro.com.br\/blog\/wp-content\/uploads\/2019\/04\/lesoes-bicho-mineiro-270x350.jpg 270w, https:\/\/rehagro.com.br\/blog\/wp-content\/uploads\/2019\/04\/lesoes-bicho-mineiro-150x195.jpg 150w\" sizes=\"auto, (max-width: 373px) 100vw, 373px\" \/><\/p>\n<p style=\"text-align: center;\"><span style=\"font-size: 10pt;\">Folha do cafeeiro com les\u00f5es feitas pelo bicho mineiro.<\/span><\/p>\n<p>O <strong><a href=\"https:\/\/rehagro.com.br\/blog\/bicho-mineiro-nao-perca-o-controle\/\" target=\"_blank\" rel=\"noopener\">bicho mineiro<\/a><\/strong> \u00e9 uma pequena mariposa de colora\u00e7\u00e3o branco-prateada, com h\u00e1bitos noturnos.<\/p>\n<p>A mariposa desta praga se esconde nas folhagens durante o dia e realiza suas atividades ao entardecer. Essa praga possui grande import\u00e2ncia devido a sua generalizada ocorr\u00eancia. Em algumas situa\u00e7\u00f5es a perda no controle da praga resulta em intensa desfolha, refletindo assim na redu\u00e7\u00e3o da produ\u00e7\u00e3o da cultura.<\/p>\n<p>O ciclo desta praga pode variar entre 19 a 87 dias, dependendo das condi\u00e7\u00f5es clim\u00e1ticas, com encurtamento do ciclo em condi\u00e7\u00f5es de alta temperatura e baixa umidade.<\/p>\n<p>A lagarta se alimenta do par\u00eanquima pali\u00e7\u00e1dico deixando um vazio entre as duas epidermes, por isso, as chamadas \u201cminas\u201d, que acarretam em diminui\u00e7\u00e3o da taxa fotossint\u00e9tica e desfolha. Logo, no controle cultural \u00e9 importante a realiza\u00e7\u00e3o de tratos culturais adequados a fim de proporcionar maior enfolhamento das plantas.<\/p>\n<p>Para o controle qu\u00edmico, utilizar grupos qu\u00edmicos registrados para a cultura, como: Neonicotin\u00f3ides, organofosforado, diamidas, espinosinas, piretr\u00f3ide e carbamato, podendo aparecer um grupo qu\u00edmico ou a associa\u00e7\u00e3o de mais de um deles, sempre tendo o cuidado de rotaciona-l\u00f3s.<\/p>\n<p><a href=\"https:\/\/rehagro.com.br\/cursos\/capacitacao-em-gestao-na-producao-de-cafe?utm_campaign=mkt-materiais-gc&amp;utm_source=textos&amp;utm_medium=blog\" target=\"_blank\" rel=\"noopener\"><img loading=\"lazy\" decoding=\"async\" class=\"aligncenter wp-image-28254 size-full\" title=\"Clique e saiba mais sobre o curso!\" src=\"https:\/\/rehagro.com.br\/blog\/wp-content\/uploads\/2020\/07\/botao-gc-arabica-1.jpg\" alt=\"Curso Gest\u00e3o na Produ\u00e7\u00e3o de Caf\u00e9 Ar\u00e1bica\" width=\"900\" height=\"250\" srcset=\"https:\/\/rehagro.com.br\/blog\/wp-content\/uploads\/2020\/07\/botao-gc-arabica-1.jpg 900w, https:\/\/rehagro.com.br\/blog\/wp-content\/uploads\/2020\/07\/botao-gc-arabica-1-300x83.jpg 300w, https:\/\/rehagro.com.br\/blog\/wp-content\/uploads\/2020\/07\/botao-gc-arabica-1-768x213.jpg 768w, https:\/\/rehagro.com.br\/blog\/wp-content\/uploads\/2020\/07\/botao-gc-arabica-1-370x103.jpg 370w, https:\/\/rehagro.com.br\/blog\/wp-content\/uploads\/2020\/07\/botao-gc-arabica-1-270x75.jpg 270w, https:\/\/rehagro.com.br\/blog\/wp-content\/uploads\/2020\/07\/botao-gc-arabica-1-740x206.jpg 740w, https:\/\/rehagro.com.br\/blog\/wp-content\/uploads\/2020\/07\/botao-gc-arabica-1-150x42.jpg 150w\" sizes=\"auto, (max-width: 900px) 100vw, 900px\" \/><\/a><\/p>\n<h2>Cigarra (<i>Quesada gigas, Fidicinoides sp. e Carineta sp<\/i>)<\/h2>\n<p><img loading=\"lazy\" decoding=\"async\" class=\"aligncenter wp-image-22611 size-full\" src=\"https:\/\/rehagro.com.br\/blog\/wp-content\/uploads\/2022\/04\/cigarra-praga-do-cafe.jpg\" alt=\"Cigarra em cafeeiro\" width=\"501\" height=\"564\" srcset=\"https:\/\/rehagro.com.br\/blog\/wp-content\/uploads\/2022\/04\/cigarra-praga-do-cafe.jpg 501w, https:\/\/rehagro.com.br\/blog\/wp-content\/uploads\/2022\/04\/cigarra-praga-do-cafe-266x300.jpg 266w, https:\/\/rehagro.com.br\/blog\/wp-content\/uploads\/2022\/04\/cigarra-praga-do-cafe-370x417.jpg 370w, https:\/\/rehagro.com.br\/blog\/wp-content\/uploads\/2022\/04\/cigarra-praga-do-cafe-270x304.jpg 270w, https:\/\/rehagro.com.br\/blog\/wp-content\/uploads\/2022\/04\/cigarra-praga-do-cafe-150x169.jpg 150w\" sizes=\"auto, (max-width: 501px) 100vw, 501px\" \/><\/p>\n<p style=\"text-align: center;\"><span style=\"font-size: 10pt;\">Cigarra.\u00a0<\/span><\/p>\n<p><strong>S\u00e3o insetos sugadores de seiva,<\/strong> quando presente essa praga na lavoura \u00e9 poss\u00edvel observar orif\u00edcios no solo pr\u00f3ximos \u00e0 saia do cafeeiro, presen\u00e7a de ex\u00favias e adultos de machos cantando.<\/p>\n<p>Apesar de ser uma praga pol\u00edfaga, ou seja, que n\u00e3o ataca apenas a cultura do caf\u00e9, quando n\u00e3o manejada as <strong><a href=\"https:\/\/rehagro.com.br\/blog\/cigarra-do-cafeeiro\/\" target=\"_blank\" rel=\"noopener\">cigarras<\/a><\/strong> podem trazer preju\u00edzos ao cafeeiro, uma vez que as ninfas sugam a raiz do cafeeiro, e dessa forma resultar em depauperamento das plantas, clorose e queda de folhas, acarretando assim em preju\u00edzos a grana\u00e7\u00e3o.<\/p>\n<p><span style=\"font-weight: 400;\">Em casos mais severos, pode ocorrer a morte das plantas. Para o controle, deve-se utilizar inseticidas sist\u00eamicos de diferentes grupos, tais como carbamato ou neonicotin\u00f3ide.<\/span><\/p>\n<h2>\u00c1caro vermelho (<i>Oligonychus ilicis<\/i>) e \u00c1caro da leprose (<i>Brevipalpus phoenicis<\/i>)<\/h2>\n<p>Na cultura do caf\u00e9, uma das principais pragas do caf\u00e9 ar\u00e1bica \u00e9 o \u00e1caro-vermelho (<i>Oligonychus ilicis<\/i>) e <strong><a href=\"https:\/\/rehagro.com.br\/blog\/acaro-da-mancha-anular\/\" target=\"_blank\" rel=\"noopener\">\u00e1caro da mancha anular<\/a><\/strong> (<i>Brevipalpus phoenicis<\/i>).<\/p>\n<p>O \u00e1caro-vermelho vive na face superior das folhas de caf\u00e9, o principal sintoma do ataque deste \u00e1caro \u00e9 a perda de brilho das folhas do cafeeiro, que adquirem uma colora\u00e7\u00e3o bronzeada.<\/p>\n<p>Esse bronzeamento acarreta diminui\u00e7\u00e3o da fotoss\u00edntese das folhas e, consequentemente, pode resultar em redu\u00e7\u00e3o da produ\u00e7\u00e3o.<\/p>\n<p>Ele \u00e9 favorecido em per\u00edodos mais secos. Para esse \u00e1caro, chuvas abundantes podem reduzir sua popula\u00e7\u00e3o, por isso, em muitos casos n\u00e3o \u00e9 necess\u00e1rio o controle qu\u00edmico.<\/p>\n<p><strong>O \u00e1caro da mancha-anular ou \u00e1caro da leprose \u00e9 transmissor do v\u00edrus da mancha anular<\/strong>, ele pode acarretar desfolha das plantas, reduzindo assim a taxa fotossint\u00e9tica e consequentemente a produtividade das culturas.<\/p>\n<p>Os sintomas nas folhas, s\u00e3o caracterizados por manchas clor\u00f3ticas, geralmente em forma de an\u00e9is, abrangendo grande parte do limbo ou ao longo das nervuras.<\/p>\n<p>Nos frutos os sintomas s\u00e3o manchas amareladas em forma de an\u00e9is ou irregularidades deprimidas. O controle qu\u00edmico \u00e9 feito atrav\u00e9s da utiliza\u00e7\u00e3o de acaricidas como: Hexythiazox, Spirodiclofen, Cyflumetofen, pertencente aos grupos qu\u00edmicos: Carboxamida, Ketoenoles e Benzoil Acetonitrila.<\/p>\n<p><img loading=\"lazy\" decoding=\"async\" class=\"aligncenter wp-image-17068 size-full\" src=\"https:\/\/rehagro.com.br\/blog\/wp-content\/uploads\/2019\/04\/acaro-vermelho.jpg\" alt=\"Folha com sintomas ap\u00f3s ataque de \u00e1caro vermelho\" width=\"429\" height=\"322\" srcset=\"https:\/\/rehagro.com.br\/blog\/wp-content\/uploads\/2019\/04\/acaro-vermelho.jpg 429w, https:\/\/rehagro.com.br\/blog\/wp-content\/uploads\/2019\/04\/acaro-vermelho-300x225.jpg 300w, https:\/\/rehagro.com.br\/blog\/wp-content\/uploads\/2019\/04\/acaro-vermelho-370x278.jpg 370w, https:\/\/rehagro.com.br\/blog\/wp-content\/uploads\/2019\/04\/acaro-vermelho-270x203.jpg 270w, https:\/\/rehagro.com.br\/blog\/wp-content\/uploads\/2019\/04\/acaro-vermelho-80x60.jpg 80w, https:\/\/rehagro.com.br\/blog\/wp-content\/uploads\/2019\/04\/acaro-vermelho-150x113.jpg 150w\" sizes=\"auto, (max-width: 429px) 100vw, 429px\" \/><\/p>\n<p style=\"text-align: center;\"><span style=\"font-size: 10pt;\">Les\u00f5es provocadas pelo \u00e1caro. (Foto: Luiz Paulo Vilela)<\/span><\/p>\n<p><img loading=\"lazy\" decoding=\"async\" class=\"aligncenter wp-image-17067 size-full\" src=\"https:\/\/rehagro.com.br\/blog\/wp-content\/uploads\/2019\/04\/acaro-leprose.jpg\" alt=\"Frutos com sintomas de ataque por \u00e1caro vermelho\" width=\"432\" height=\"219\" srcset=\"https:\/\/rehagro.com.br\/blog\/wp-content\/uploads\/2019\/04\/acaro-leprose.jpg 432w, https:\/\/rehagro.com.br\/blog\/wp-content\/uploads\/2019\/04\/acaro-leprose-300x152.jpg 300w, https:\/\/rehagro.com.br\/blog\/wp-content\/uploads\/2019\/04\/acaro-leprose-370x188.jpg 370w, https:\/\/rehagro.com.br\/blog\/wp-content\/uploads\/2019\/04\/acaro-leprose-270x137.jpg 270w, https:\/\/rehagro.com.br\/blog\/wp-content\/uploads\/2019\/04\/acaro-leprose-150x76.jpg 150w\" sizes=\"auto, (max-width: 432px) 100vw, 432px\" \/><\/p>\n<p style=\"text-align: center;\"><span style=\"font-size: 10pt;\">Frutos de caf\u00e9 com les\u00f5es provocadas pelo \u00e1caro. (Foto: Luiz Paulo Vilela)<\/span><\/p>\n<p>Conhece outras pragas do caf\u00e9 ar\u00e1bica? Compartilhe com a gente!<\/p>\n<p>E n\u00e3o se esque\u00e7a, o monitoramento \u00e9 chave para evitar os preju\u00edzos trazidos por elas, que causam <strong><a href=\"https:\/\/rehagro.com.br\/blog\/defeitos-dos-graos-de-cafe-e-suas-causas\/\" target=\"_blank\" rel=\"noopener\">defeitos nos gr\u00e3os<\/a><\/strong> e comprometimento da qualidade. Al\u00e9m disso, fique de olho nas <strong><a href=\"https:\/\/rehagro.com.br\/blog\/principais-doencas-do-cafe-como-identifica-las\/\" target=\"_blank\" rel=\"noopener\">doen\u00e7as que podem acometer o cafeeiro<\/a><\/strong>.<\/p>\n<h2>Aprimore sua gest\u00e3o na cafeicultura e aumente seus resultados<\/h2>\n<p>Conhecer as principais pragas do caf\u00e9 e dominar as t\u00e9cnicas de preven\u00e7\u00e3o e controle \u00e9 apenas um dos passos para ter uma lavoura mais produtiva e lucrativa. Para alcan\u00e7ar uma gest\u00e3o completa e estrat\u00e9gica, \u00e9 essencial aprofundar seus conhecimentos e aplicar ferramentas pr\u00e1ticas no dia a dia da fazenda.<\/p>\n<p>No <strong><a href=\"https:\/\/rehagro.com.br\/cursos\/capacitacao-em-gestao-na-producao-de-cafe?utm_campaign=mkt-materiais-gc&amp;utm_source=textos&amp;utm_medium=blog\">Curso Gest\u00e3o na Produ\u00e7\u00e3o de Caf\u00e9 Ar\u00e1bica<\/a><\/strong>\u00a0do Rehagro, voc\u00ea aprende com especialistas a tomar decis\u00f5es mais assertivas, aumentar a efici\u00eancia e conquistar maior rentabilidade na produ\u00e7\u00e3o.<\/p>\n<p data-start=\"637\" data-end=\"831\">Garanta j\u00e1 sua vaga e d\u00ea o pr\u00f3ximo passo para transformar a gest\u00e3o da sua lavoura:<\/p>\n<p><a href=\"https:\/\/rehagro.com.br\/cursos\/capacitacao-em-gestao-na-producao-de-cafe?utm_campaign=mkt-materiais-gc&amp;utm_source=textos&amp;utm_medium=blog\" target=\"_blank\" rel=\"noopener\"><img loading=\"lazy\" decoding=\"async\" class=\"aligncenter wp-image-24250 size-full\" title=\"Clique e saiba mais sobre o curso!\" src=\"https:\/\/rehagro.com.br\/blog\/wp-content\/uploads\/2023\/09\/banner-gc.jpg\" alt=\"Curso Gest\u00e3o na Produ\u00e7\u00e3o de Caf\u00e9 Ar\u00e1bica\" width=\"980\" height=\"317\" srcset=\"https:\/\/rehagro.com.br\/blog\/wp-content\/uploads\/2023\/09\/banner-gc.jpg 980w, https:\/\/rehagro.com.br\/blog\/wp-content\/uploads\/2023\/09\/banner-gc-300x97.jpg 300w, https:\/\/rehagro.com.br\/blog\/wp-content\/uploads\/2023\/09\/banner-gc-768x248.jpg 768w, https:\/\/rehagro.com.br\/blog\/wp-content\/uploads\/2023\/09\/banner-gc-370x120.jpg 370w, https:\/\/rehagro.com.br\/blog\/wp-content\/uploads\/2023\/09\/banner-gc-270x87.jpg 270w, https:\/\/rehagro.com.br\/blog\/wp-content\/uploads\/2023\/09\/banner-gc-740x239.jpg 740w, https:\/\/rehagro.com.br\/blog\/wp-content\/uploads\/2023\/09\/banner-gc-150x49.jpg 150w\" sizes=\"auto, (max-width: 980px) 100vw, 980px\" \/><\/a><\/p>\n<p><img loading=\"lazy\" decoding=\"async\" class=\"aligncenter wp-image-18459 size-full\" src=\"https:\/\/rehagro.com.br\/blog\/wp-content\/uploads\/2022\/12\/larissa-cocato.jpg\" alt=\"Larissa Cocato - Coordenadora de Ensino Caf\u00e9\" width=\"300\" height=\"96\" srcset=\"https:\/\/rehagro.com.br\/blog\/wp-content\/uploads\/2022\/12\/larissa-cocato.jpg 300w, https:\/\/rehagro.com.br\/blog\/wp-content\/uploads\/2022\/12\/larissa-cocato-270x86.jpg 270w, https:\/\/rehagro.com.br\/blog\/wp-content\/uploads\/2022\/12\/larissa-cocato-150x48.jpg 150w\" sizes=\"auto, (max-width: 300px) 100vw, 300px\" \/><\/p>\n","protected":false},"excerpt":{"rendered":"<p>Elas s\u00e3o t\u00e3o pequenas, que podem passar despercebidas a olho nu.\u00a0Mas o estrago que causam \u00e9 t\u00e3o grande, que \u00e9 imposs\u00edvel n\u00e3o notarmos sua presen\u00e7a na lavoura. Essas pequenas grandes vil\u00e3s geram um enorme comprometimento da qualidade e da produtividade das culturas. Listamos as principais pragas do caf\u00e9 ar\u00e1bica, para ajudar voc\u00ea a entender melhor [&hellip;]<\/p>\n","protected":false},"author":21,"featured_media":22612,"comment_status":"open","ping_status":"open","sticky":false,"template":"","format":"standard","meta":{"footnotes":""},"categories":[211],"tags":[759,498,282,675],"class_list":["post-5665","post","type-post","status-publish","format-standard","has-post-thumbnail","hentry","category-cafe","tag-bicho-mineiro","tag-broca-do-cafe","tag-cafe","tag-praga"],"yoast_head":"<!-- This site is optimized with the Yoast SEO plugin v27.5 - https:\/\/yoast.com\/product\/yoast-seo-wordpress\/ -->\n<title>Principais pragas do caf\u00e9: identifica\u00e7\u00e3o, preven\u00e7\u00e3o e controle<\/title>\n<meta name=\"description\" content=\"Listamos as principais pragas do caf\u00e9 ar\u00e1bica, para ajudar voc\u00ea a entender melhor sobre sua ocorr\u00eancia, preven\u00e7\u00e3o e controle.\" \/>\n<meta name=\"robots\" content=\"index, follow, max-snippet:-1, max-image-preview:large, max-video-preview:-1\" \/>\n<link rel=\"canonical\" href=\"https:\/\/rehagro.com.br\/blog\/pragas-do-cafe-arabica\/\" \/>\n<meta property=\"og:locale\" content=\"pt_BR\" \/>\n<meta property=\"og:type\" content=\"article\" \/>\n<meta property=\"og:title\" content=\"Principais pragas do caf\u00e9: identifica\u00e7\u00e3o, preven\u00e7\u00e3o e controle\" \/>\n<meta property=\"og:description\" content=\"Listamos as principais pragas do caf\u00e9 ar\u00e1bica, para ajudar voc\u00ea a entender melhor sobre sua ocorr\u00eancia, preven\u00e7\u00e3o e controle.\" \/>\n<meta property=\"og:url\" content=\"https:\/\/rehagro.com.br\/blog\/pragas-do-cafe-arabica\/\" \/>\n<meta property=\"og:site_name\" content=\"Rehagro Blog\" \/>\n<meta property=\"article:published_time\" content=\"2022-04-30T19:37:23+00:00\" \/>\n<meta property=\"article:modified_time\" content=\"2026-04-08T18:31:08+00:00\" \/>\n<meta property=\"og:image\" content=\"https:\/\/rehagro.com.br\/blog\/wp-content\/uploads\/2022\/04\/pragas-do-cafe-capa.jpg\" \/>\n\t<meta property=\"og:image:width\" content=\"1024\" \/>\n\t<meta property=\"og:image:height\" content=\"580\" \/>\n\t<meta property=\"og:image:type\" content=\"image\/jpeg\" \/>\n<meta name=\"author\" content=\"Jo\u00e3o Pedro Azevedo\" \/>\n<meta name=\"twitter:card\" content=\"summary_large_image\" \/>\n<meta name=\"twitter:label1\" content=\"Escrito por\" \/>\n\t<meta name=\"twitter:data1\" content=\"Jo\u00e3o Pedro Azevedo\" \/>\n\t<meta name=\"twitter:label2\" content=\"Est. tempo de leitura\" \/>\n\t<meta name=\"twitter:data2\" content=\"8 minutos\" \/>\n<script type=\"application\/ld+json\" class=\"yoast-schema-graph\">{\"@context\":\"https:\\\/\\\/schema.org\",\"@graph\":[{\"@type\":\"Article\",\"@id\":\"https:\\\/\\\/rehagro.com.br\\\/blog\\\/pragas-do-cafe-arabica\\\/#article\",\"isPartOf\":{\"@id\":\"https:\\\/\\\/rehagro.com.br\\\/blog\\\/pragas-do-cafe-arabica\\\/\"},\"author\":{\"name\":\"Jo\u00e3o Pedro Azevedo\",\"@id\":\"https:\\\/\\\/rehagro.com.br\\\/blog\\\/#\\\/schema\\\/person\\\/f2d1ae51b04939615ceebb3c0bfd8a94\"},\"headline\":\"Principais pragas do caf\u00e9: saiba quais s\u00e3o, como prevenir e realizar o controle\",\"datePublished\":\"2022-04-30T19:37:23+00:00\",\"dateModified\":\"2026-04-08T18:31:08+00:00\",\"mainEntityOfPage\":{\"@id\":\"https:\\\/\\\/rehagro.com.br\\\/blog\\\/pragas-do-cafe-arabica\\\/\"},\"wordCount\":1052,\"commentCount\":2,\"publisher\":{\"@id\":\"https:\\\/\\\/rehagro.com.br\\\/blog\\\/#organization\"},\"image\":{\"@id\":\"https:\\\/\\\/rehagro.com.br\\\/blog\\\/pragas-do-cafe-arabica\\\/#primaryimage\"},\"thumbnailUrl\":\"https:\\\/\\\/rehagro.com.br\\\/blog\\\/wp-content\\\/uploads\\\/2022\\\/04\\\/pragas-do-cafe-capa.jpg\",\"keywords\":[\"bicho-mineiro\",\"broca-do-caf\u00e9\",\"caf\u00e9\",\"praga\"],\"articleSection\":[\"CAF\u00c9\"],\"inLanguage\":\"pt-BR\",\"potentialAction\":[{\"@type\":\"CommentAction\",\"name\":\"Comment\",\"target\":[\"https:\\\/\\\/rehagro.com.br\\\/blog\\\/pragas-do-cafe-arabica\\\/#respond\"]}]},{\"@type\":\"WebPage\",\"@id\":\"https:\\\/\\\/rehagro.com.br\\\/blog\\\/pragas-do-cafe-arabica\\\/\",\"url\":\"https:\\\/\\\/rehagro.com.br\\\/blog\\\/pragas-do-cafe-arabica\\\/\",\"name\":\"Principais pragas do caf\u00e9: identifica\u00e7\u00e3o, preven\u00e7\u00e3o e controle\",\"isPartOf\":{\"@id\":\"https:\\\/\\\/rehagro.com.br\\\/blog\\\/#website\"},\"primaryImageOfPage\":{\"@id\":\"https:\\\/\\\/rehagro.com.br\\\/blog\\\/pragas-do-cafe-arabica\\\/#primaryimage\"},\"image\":{\"@id\":\"https:\\\/\\\/rehagro.com.br\\\/blog\\\/pragas-do-cafe-arabica\\\/#primaryimage\"},\"thumbnailUrl\":\"https:\\\/\\\/rehagro.com.br\\\/blog\\\/wp-content\\\/uploads\\\/2022\\\/04\\\/pragas-do-cafe-capa.jpg\",\"datePublished\":\"2022-04-30T19:37:23+00:00\",\"dateModified\":\"2026-04-08T18:31:08+00:00\",\"description\":\"Listamos as principais pragas do caf\u00e9 ar\u00e1bica, para ajudar voc\u00ea a entender melhor sobre sua ocorr\u00eancia, preven\u00e7\u00e3o e controle.\",\"breadcrumb\":{\"@id\":\"https:\\\/\\\/rehagro.com.br\\\/blog\\\/pragas-do-cafe-arabica\\\/#breadcrumb\"},\"inLanguage\":\"pt-BR\",\"potentialAction\":[{\"@type\":\"ReadAction\",\"target\":[\"https:\\\/\\\/rehagro.com.br\\\/blog\\\/pragas-do-cafe-arabica\\\/\"]}]},{\"@type\":\"ImageObject\",\"inLanguage\":\"pt-BR\",\"@id\":\"https:\\\/\\\/rehagro.com.br\\\/blog\\\/pragas-do-cafe-arabica\\\/#primaryimage\",\"url\":\"https:\\\/\\\/rehagro.com.br\\\/blog\\\/wp-content\\\/uploads\\\/2022\\\/04\\\/pragas-do-cafe-capa.jpg\",\"contentUrl\":\"https:\\\/\\\/rehagro.com.br\\\/blog\\\/wp-content\\\/uploads\\\/2022\\\/04\\\/pragas-do-cafe-capa.jpg\",\"width\":1024,\"height\":580,\"caption\":\"Frutos do caf\u00e9 com sintomas de ataque do \u00e1caro da mancha anular\"},{\"@type\":\"BreadcrumbList\",\"@id\":\"https:\\\/\\\/rehagro.com.br\\\/blog\\\/pragas-do-cafe-arabica\\\/#breadcrumb\",\"itemListElement\":[{\"@type\":\"ListItem\",\"position\":1,\"name\":\"In\u00edcio\",\"item\":\"https:\\\/\\\/rehagro.com.br\\\/blog\\\/\"},{\"@type\":\"ListItem\",\"position\":2,\"name\":\"Principais pragas do caf\u00e9: saiba quais s\u00e3o, como prevenir e realizar o controle\"}]},{\"@type\":\"WebSite\",\"@id\":\"https:\\\/\\\/rehagro.com.br\\\/blog\\\/#website\",\"url\":\"https:\\\/\\\/rehagro.com.br\\\/blog\\\/\",\"name\":\"Rehagro Blog\",\"description\":\"\",\"publisher\":{\"@id\":\"https:\\\/\\\/rehagro.com.br\\\/blog\\\/#organization\"},\"potentialAction\":[{\"@type\":\"SearchAction\",\"target\":{\"@type\":\"EntryPoint\",\"urlTemplate\":\"https:\\\/\\\/rehagro.com.br\\\/blog\\\/?s={search_term_string}\"},\"query-input\":{\"@type\":\"PropertyValueSpecification\",\"valueRequired\":true,\"valueName\":\"search_term_string\"}}],\"inLanguage\":\"pt-BR\"},{\"@type\":\"Organization\",\"@id\":\"https:\\\/\\\/rehagro.com.br\\\/blog\\\/#organization\",\"name\":\"Rehagro\",\"url\":\"https:\\\/\\\/rehagro.com.br\\\/blog\\\/\",\"logo\":{\"@type\":\"ImageObject\",\"inLanguage\":\"pt-BR\",\"@id\":\"https:\\\/\\\/rehagro.com.br\\\/blog\\\/#\\\/schema\\\/logo\\\/image\\\/\",\"url\":\"https:\\\/\\\/rehagro.com.br\\\/blog\\\/wp-content\\\/uploads\\\/2018\\\/05\\\/logo-rehagro.png\",\"contentUrl\":\"https:\\\/\\\/rehagro.com.br\\\/blog\\\/wp-content\\\/uploads\\\/2018\\\/05\\\/logo-rehagro.png\",\"width\":400,\"height\":115,\"caption\":\"Rehagro\"},\"image\":{\"@id\":\"https:\\\/\\\/rehagro.com.br\\\/blog\\\/#\\\/schema\\\/logo\\\/image\\\/\"}},{\"@type\":\"Person\",\"@id\":\"https:\\\/\\\/rehagro.com.br\\\/blog\\\/#\\\/schema\\\/person\\\/f2d1ae51b04939615ceebb3c0bfd8a94\",\"name\":\"Jo\u00e3o Pedro Azevedo\",\"image\":{\"@type\":\"ImageObject\",\"inLanguage\":\"pt-BR\",\"@id\":\"https:\\\/\\\/secure.gravatar.com\\\/avatar\\\/34aacffb2f10625483f480470f3274778dd1c183ba4f66444bb60ae92149bf8a?s=96&d=mm&r=g\",\"url\":\"https:\\\/\\\/secure.gravatar.com\\\/avatar\\\/34aacffb2f10625483f480470f3274778dd1c183ba4f66444bb60ae92149bf8a?s=96&d=mm&r=g\",\"contentUrl\":\"https:\\\/\\\/secure.gravatar.com\\\/avatar\\\/34aacffb2f10625483f480470f3274778dd1c183ba4f66444bb60ae92149bf8a?s=96&d=mm&r=g\",\"caption\":\"Jo\u00e3o Pedro Azevedo\"},\"url\":\"https:\\\/\\\/rehagro.com.br\\\/blog\\\/author\\\/joao-pedro\\\/\"}]}<\/script>\n<!-- \/ Yoast SEO plugin. -->","yoast_head_json":{"title":"Principais pragas do caf\u00e9: identifica\u00e7\u00e3o, preven\u00e7\u00e3o e controle","description":"Listamos as principais pragas do caf\u00e9 ar\u00e1bica, para ajudar voc\u00ea a entender melhor sobre sua ocorr\u00eancia, preven\u00e7\u00e3o e controle.","robots":{"index":"index","follow":"follow","max-snippet":"max-snippet:-1","max-image-preview":"max-image-preview:large","max-video-preview":"max-video-preview:-1"},"canonical":"https:\/\/rehagro.com.br\/blog\/pragas-do-cafe-arabica\/","og_locale":"pt_BR","og_type":"article","og_title":"Principais pragas do caf\u00e9: identifica\u00e7\u00e3o, preven\u00e7\u00e3o e controle","og_description":"Listamos as principais pragas do caf\u00e9 ar\u00e1bica, para ajudar voc\u00ea a entender melhor sobre sua ocorr\u00eancia, preven\u00e7\u00e3o e controle.","og_url":"https:\/\/rehagro.com.br\/blog\/pragas-do-cafe-arabica\/","og_site_name":"Rehagro Blog","article_published_time":"2022-04-30T19:37:23+00:00","article_modified_time":"2026-04-08T18:31:08+00:00","og_image":[{"width":1024,"height":580,"url":"https:\/\/rehagro.com.br\/blog\/wp-content\/uploads\/2022\/04\/pragas-do-cafe-capa.jpg","type":"image\/jpeg"}],"author":"Jo\u00e3o Pedro Azevedo","twitter_card":"summary_large_image","twitter_misc":{"Escrito por":"Jo\u00e3o Pedro Azevedo","Est. tempo de leitura":"8 minutos"},"schema":{"@context":"https:\/\/schema.org","@graph":[{"@type":"Article","@id":"https:\/\/rehagro.com.br\/blog\/pragas-do-cafe-arabica\/#article","isPartOf":{"@id":"https:\/\/rehagro.com.br\/blog\/pragas-do-cafe-arabica\/"},"author":{"name":"Jo\u00e3o Pedro Azevedo","@id":"https:\/\/rehagro.com.br\/blog\/#\/schema\/person\/f2d1ae51b04939615ceebb3c0bfd8a94"},"headline":"Principais pragas do caf\u00e9: saiba quais s\u00e3o, como prevenir e realizar o controle","datePublished":"2022-04-30T19:37:23+00:00","dateModified":"2026-04-08T18:31:08+00:00","mainEntityOfPage":{"@id":"https:\/\/rehagro.com.br\/blog\/pragas-do-cafe-arabica\/"},"wordCount":1052,"commentCount":2,"publisher":{"@id":"https:\/\/rehagro.com.br\/blog\/#organization"},"image":{"@id":"https:\/\/rehagro.com.br\/blog\/pragas-do-cafe-arabica\/#primaryimage"},"thumbnailUrl":"https:\/\/rehagro.com.br\/blog\/wp-content\/uploads\/2022\/04\/pragas-do-cafe-capa.jpg","keywords":["bicho-mineiro","broca-do-caf\u00e9","caf\u00e9","praga"],"articleSection":["CAF\u00c9"],"inLanguage":"pt-BR","potentialAction":[{"@type":"CommentAction","name":"Comment","target":["https:\/\/rehagro.com.br\/blog\/pragas-do-cafe-arabica\/#respond"]}]},{"@type":"WebPage","@id":"https:\/\/rehagro.com.br\/blog\/pragas-do-cafe-arabica\/","url":"https:\/\/rehagro.com.br\/blog\/pragas-do-cafe-arabica\/","name":"Principais pragas do caf\u00e9: identifica\u00e7\u00e3o, preven\u00e7\u00e3o e controle","isPartOf":{"@id":"https:\/\/rehagro.com.br\/blog\/#website"},"primaryImageOfPage":{"@id":"https:\/\/rehagro.com.br\/blog\/pragas-do-cafe-arabica\/#primaryimage"},"image":{"@id":"https:\/\/rehagro.com.br\/blog\/pragas-do-cafe-arabica\/#primaryimage"},"thumbnailUrl":"https:\/\/rehagro.com.br\/blog\/wp-content\/uploads\/2022\/04\/pragas-do-cafe-capa.jpg","datePublished":"2022-04-30T19:37:23+00:00","dateModified":"2026-04-08T18:31:08+00:00","description":"Listamos as principais pragas do caf\u00e9 ar\u00e1bica, para ajudar voc\u00ea a entender melhor sobre sua ocorr\u00eancia, preven\u00e7\u00e3o e controle.","breadcrumb":{"@id":"https:\/\/rehagro.com.br\/blog\/pragas-do-cafe-arabica\/#breadcrumb"},"inLanguage":"pt-BR","potentialAction":[{"@type":"ReadAction","target":["https:\/\/rehagro.com.br\/blog\/pragas-do-cafe-arabica\/"]}]},{"@type":"ImageObject","inLanguage":"pt-BR","@id":"https:\/\/rehagro.com.br\/blog\/pragas-do-cafe-arabica\/#primaryimage","url":"https:\/\/rehagro.com.br\/blog\/wp-content\/uploads\/2022\/04\/pragas-do-cafe-capa.jpg","contentUrl":"https:\/\/rehagro.com.br\/blog\/wp-content\/uploads\/2022\/04\/pragas-do-cafe-capa.jpg","width":1024,"height":580,"caption":"Frutos do caf\u00e9 com sintomas de ataque do \u00e1caro da mancha anular"},{"@type":"BreadcrumbList","@id":"https:\/\/rehagro.com.br\/blog\/pragas-do-cafe-arabica\/#breadcrumb","itemListElement":[{"@type":"ListItem","position":1,"name":"In\u00edcio","item":"https:\/\/rehagro.com.br\/blog\/"},{"@type":"ListItem","position":2,"name":"Principais pragas do caf\u00e9: saiba quais s\u00e3o, como prevenir e realizar o controle"}]},{"@type":"WebSite","@id":"https:\/\/rehagro.com.br\/blog\/#website","url":"https:\/\/rehagro.com.br\/blog\/","name":"Rehagro Blog","description":"","publisher":{"@id":"https:\/\/rehagro.com.br\/blog\/#organization"},"potentialAction":[{"@type":"SearchAction","target":{"@type":"EntryPoint","urlTemplate":"https:\/\/rehagro.com.br\/blog\/?s={search_term_string}"},"query-input":{"@type":"PropertyValueSpecification","valueRequired":true,"valueName":"search_term_string"}}],"inLanguage":"pt-BR"},{"@type":"Organization","@id":"https:\/\/rehagro.com.br\/blog\/#organization","name":"Rehagro","url":"https:\/\/rehagro.com.br\/blog\/","logo":{"@type":"ImageObject","inLanguage":"pt-BR","@id":"https:\/\/rehagro.com.br\/blog\/#\/schema\/logo\/image\/","url":"https:\/\/rehagro.com.br\/blog\/wp-content\/uploads\/2018\/05\/logo-rehagro.png","contentUrl":"https:\/\/rehagro.com.br\/blog\/wp-content\/uploads\/2018\/05\/logo-rehagro.png","width":400,"height":115,"caption":"Rehagro"},"image":{"@id":"https:\/\/rehagro.com.br\/blog\/#\/schema\/logo\/image\/"}},{"@type":"Person","@id":"https:\/\/rehagro.com.br\/blog\/#\/schema\/person\/f2d1ae51b04939615ceebb3c0bfd8a94","name":"Jo\u00e3o Pedro Azevedo","image":{"@type":"ImageObject","inLanguage":"pt-BR","@id":"https:\/\/secure.gravatar.com\/avatar\/34aacffb2f10625483f480470f3274778dd1c183ba4f66444bb60ae92149bf8a?s=96&d=mm&r=g","url":"https:\/\/secure.gravatar.com\/avatar\/34aacffb2f10625483f480470f3274778dd1c183ba4f66444bb60ae92149bf8a?s=96&d=mm&r=g","contentUrl":"https:\/\/secure.gravatar.com\/avatar\/34aacffb2f10625483f480470f3274778dd1c183ba4f66444bb60ae92149bf8a?s=96&d=mm&r=g","caption":"Jo\u00e3o Pedro Azevedo"},"url":"https:\/\/rehagro.com.br\/blog\/author\/joao-pedro\/"}]}},"_links":{"self":[{"href":"https:\/\/rehagro.com.br\/blog\/wp-json\/wp\/v2\/posts\/5665","targetHints":{"allow":["GET"]}}],"collection":[{"href":"https:\/\/rehagro.com.br\/blog\/wp-json\/wp\/v2\/posts"}],"about":[{"href":"https:\/\/rehagro.com.br\/blog\/wp-json\/wp\/v2\/types\/post"}],"author":[{"embeddable":true,"href":"https:\/\/rehagro.com.br\/blog\/wp-json\/wp\/v2\/users\/21"}],"replies":[{"embeddable":true,"href":"https:\/\/rehagro.com.br\/blog\/wp-json\/wp\/v2\/comments?post=5665"}],"version-history":[{"count":55,"href":"https:\/\/rehagro.com.br\/blog\/wp-json\/wp\/v2\/posts\/5665\/revisions"}],"predecessor-version":[{"id":42208,"href":"https:\/\/rehagro.com.br\/blog\/wp-json\/wp\/v2\/posts\/5665\/revisions\/42208"}],"wp:featuredmedia":[{"embeddable":true,"href":"https:\/\/rehagro.com.br\/blog\/wp-json\/wp\/v2\/media\/22612"}],"wp:attachment":[{"href":"https:\/\/rehagro.com.br\/blog\/wp-json\/wp\/v2\/media?parent=5665"}],"wp:term":[{"taxonomy":"category","embeddable":true,"href":"https:\/\/rehagro.com.br\/blog\/wp-json\/wp\/v2\/categories?post=5665"},{"taxonomy":"post_tag","embeddable":true,"href":"https:\/\/rehagro.com.br\/blog\/wp-json\/wp\/v2\/tags?post=5665"}],"curies":[{"name":"wp","href":"https:\/\/api.w.org\/{rel}","templated":true}]}}