{"id":5567,"date":"2018-11-28T10:42:29","date_gmt":"2018-11-28T12:42:29","guid":{"rendered":"https:\/\/rehagro.com.br\/blog\/?p=5567"},"modified":"2026-04-07T20:13:14","modified_gmt":"2026-04-07T23:13:14","slug":"cigarra-do-cafeeiro","status":"publish","type":"post","link":"https:\/\/rehagro.com.br\/blog\/cigarra-do-cafeeiro\/","title":{"rendered":"Cigarra-do-cafeeiro: veja como controlar essa praga"},"content":{"rendered":"<p>Inseto pertencente \u00e0 ordem Hemiptera,<strong> a cigarra-do-cafeeiro \u00e9 um inseto sugador<\/strong> que possui metamorfose incompleta. \u00c9 uma praga que n\u00e3o ataca somente o cafeeiro (Pol\u00edfago), dessa forma, ela pode atacar outras esp\u00e9cies de plantas.<\/p>\n<p>Na cafeicultura da regi\u00e3o do Sul de Minas, ocorrem tr\u00eas esp\u00e9cies de cigarra, sendo elas:<\/p>\n<ol>\n<li><em>Quesada gigas; <\/em><\/li>\n<li><em>Fidicinoides sp<\/em>.;<\/li>\n<li><em>Carineta sp.<\/em><\/li>\n<\/ol>\n<p>No entanto, <strong>a <em>Q. gigas<\/em> \u00e9 predominante e causa maiores preju\u00edzos<\/strong>, essa esp\u00e9cie possui em torno de 5 a 7 cm e apresenta tr\u00e2nsito de agosto a novembro, por isso, deve-se ficar atento com a ocorr\u00eancia dessa praga.<\/p>\n<div style=\"background-color: #efefef; padding-left: 10px; padding-right: 5px; border-radius: 10px;\">\n<p>&nbsp;<\/p>\n<p style=\"text-align: center;\"><strong><span style=\"font-size: 14pt;\">Sem tempo para ler agora? Baixe este artigo em PDF!<\/span><\/strong><\/p>\n<p><script charset=\"utf-8\" type=\"text\/javascript\" src=\"\/\/js.hsforms.net\/forms\/embed\/v2.js\"><\/script><br \/>\n<script>\nhbspt.forms.create({\nregion: \"na1\",\nportalId: \"5430441\",\nformId: \"7dcaf60d-0e23-40ed-8b40-9b8cb07b4128\"\n});\n<\/script><\/p>\n<\/div>\n<h2>Ciclo da cigarra-do-cafeeiro<\/h2>\n<p><strong>As f\u00eameas adultas ap\u00f3s terem sido copuladas pelos machos, depositam seus ovos nos ramos das plantas hospedeiras<\/strong> e ap\u00f3s a eclos\u00e3o dos ovos, h\u00e1 a forma\u00e7\u00e3o da fase ninfa m\u00f3vel, que desce at\u00e9 o solo atrav\u00e9s de um filamento produzido pela pr\u00f3pria ninfa, a fim de buscar uma raiz do cafeeiro e iniciar sua alimenta\u00e7\u00e3o da seiva.<\/p>\n<p>Terminada a fase de ninfa m\u00f3vel e j\u00e1 totalmente desenvolvida, elas abandonam o solo, deixando buracos no solo em sua sa\u00edda, sobem no caule do cafeeiro e fixam-se no tronco, passando assim para a fase ninfa im\u00f3vel.<\/p>\n<p>Posteriormente a essa fase, ocorre a ecdise (mudan\u00e7a do exoesqueleto) emergindo o adulto, dessa forma estando prontas ao acasalamento.<\/p>\n<p style=\"text-align: center;\"><img loading=\"lazy\" decoding=\"async\" class=\"aligncenter wp-image-5569 size-full\" src=\"https:\/\/rehagro.com.br\/blog\/wp-content\/uploads\/2018\/11\/cigarras-no-cafeeiro2.jpg\" alt=\"Cigarra-do-cafeeiro na terra\" width=\"357\" height=\"299\" srcset=\"https:\/\/rehagro.com.br\/blog\/wp-content\/uploads\/2018\/11\/cigarras-no-cafeeiro2.jpg 357w, https:\/\/rehagro.com.br\/blog\/wp-content\/uploads\/2018\/11\/cigarras-no-cafeeiro2-300x251.jpg 300w, https:\/\/rehagro.com.br\/blog\/wp-content\/uploads\/2018\/11\/cigarras-no-cafeeiro2-270x226.jpg 270w\" sizes=\"auto, (max-width: 357px) 100vw, 357px\" \/><span style=\"font-size: 10pt;\">Ninfas m\u00f3veis de Q. gigas no solo (Fonte: Paulo Rebelles Reis \u2013 EPAMIG)<\/span><\/p>\n<p style=\"text-align: center;\"><img loading=\"lazy\" decoding=\"async\" class=\"aligncenter wp-image-5570\" src=\"https:\/\/rehagro.com.br\/blog\/wp-content\/uploads\/2018\/11\/cigarras-no-cafeeiro3-266x300.jpg\" alt=\"Cigarra-do-cafeeiro\" width=\"400\" height=\"450\" srcset=\"https:\/\/rehagro.com.br\/blog\/wp-content\/uploads\/2018\/11\/cigarras-no-cafeeiro3-266x300.jpg 266w, https:\/\/rehagro.com.br\/blog\/wp-content\/uploads\/2018\/11\/cigarras-no-cafeeiro3-370x417.jpg 370w, https:\/\/rehagro.com.br\/blog\/wp-content\/uploads\/2018\/11\/cigarras-no-cafeeiro3-270x304.jpg 270w, https:\/\/rehagro.com.br\/blog\/wp-content\/uploads\/2018\/11\/cigarras-no-cafeeiro3.jpg 501w\" sizes=\"auto, (max-width: 400px) 100vw, 400px\" \/><span style=\"font-size: 10pt;\">Cigarra-do-cafeeiro.<\/span><\/p>\n<p><a href=\"https:\/\/conteudo.rehagro.com.br\/guia-principais-pragas-doencas-cafe?utm_campaign=material-cafe&amp;utm_source=guia-pragas-doencas&amp;utm_medium=blog\" target=\"_blank\" rel=\"noopener\"><img loading=\"lazy\" decoding=\"async\" class=\"aligncenter wp-image-39679 size-full\" title=\"Clique e baixe o material gratuitamente!\" src=\"https:\/\/rehagro.com.br\/blog\/wp-content\/uploads\/2025\/09\/banner-guia-pragas-doencas-cafe.png\" alt=\"Guia Pragas e doen\u00e7as do caf\u00e9\" width=\"980\" height=\"317\" srcset=\"https:\/\/rehagro.com.br\/blog\/wp-content\/uploads\/2025\/09\/banner-guia-pragas-doencas-cafe.png 980w, https:\/\/rehagro.com.br\/blog\/wp-content\/uploads\/2025\/09\/banner-guia-pragas-doencas-cafe-300x97.png 300w, https:\/\/rehagro.com.br\/blog\/wp-content\/uploads\/2025\/09\/banner-guia-pragas-doencas-cafe-768x248.png 768w, https:\/\/rehagro.com.br\/blog\/wp-content\/uploads\/2025\/09\/banner-guia-pragas-doencas-cafe-370x120.png 370w, https:\/\/rehagro.com.br\/blog\/wp-content\/uploads\/2025\/09\/banner-guia-pragas-doencas-cafe-270x87.png 270w, https:\/\/rehagro.com.br\/blog\/wp-content\/uploads\/2025\/09\/banner-guia-pragas-doencas-cafe-740x239.png 740w, https:\/\/rehagro.com.br\/blog\/wp-content\/uploads\/2025\/09\/banner-guia-pragas-doencas-cafe-150x49.png 150w\" sizes=\"auto, (max-width: 980px) 100vw, 980px\" \/><\/a><\/p>\n<h2>Quais os danos e preju\u00edzos causados pela cigarra-do-cafeeiro?<\/h2>\n<p>Apesar de ser uma <strong><a href=\"https:\/\/rehagro.com.br\/blog\/pragas-do-cafe-arabica\/\" target=\"_blank\" rel=\"noopener\">praga<\/a><\/strong> que n\u00e3o ataca apenas a cultura do caf\u00e9, as cigarras podem trazer preju\u00edzos ao cafeeiro, quando n\u00e3o manejadas corretamente.<\/p>\n<p>Devido a sua alimenta\u00e7\u00e3o da seiva das ra\u00edzes, pode acarretar preju\u00edzos ao aproveitamento de \u00e1gua e nutrientes, resultando em:<\/p>\n<ul>\n<li>Morte das ra\u00edzes;<\/li>\n<li>Clorose;<\/li>\n<li>Queda precoce de folhas;<\/li>\n<li>Preju\u00edzos a grana\u00e7\u00e3o dos frutos;<\/li>\n<li>Queda na produ\u00e7\u00e3o;<\/li>\n<li>Diminui\u00e7\u00e3o da vida \u00fatil das lavouras;<\/li>\n<li>Definhamento progressivo e morte das plantas, em casos mais severos.<\/li>\n<\/ul>\n<h2>Como monitorar e controlar a cigarra?<\/h2>\n<p>Embora nos \u00faltimos anos as cigarras n\u00e3o tenham apresentando grandes problemas em diversas lavouras cafeeiras, devido ao <strong>controle com produtos eficientes via solo<\/strong>, ainda podemos encontrar lavouras com infesta\u00e7\u00e3o desta praga. Para a tomada de decis\u00e3o do controle, deve-se realizar o monitoramento, com o intuito de verificar a infesta\u00e7\u00e3o.<\/p>\n<p>O monitoramento \u00e9 feito nos <strong>talh\u00f5es<\/strong>, ap\u00f3s observar a presen\u00e7a de orif\u00edcios circulares de sa\u00edda de ninfas m\u00f3veis do solo, na proje\u00e7\u00e3o da copa do cafeeiro e a presen\u00e7a de ex\u00favias no caule.<\/p>\n<p>Deve-se escolher 10 plantas ao acaso, e realizar trincheiras de um lado dessas plantas, retirando as ninfas encontradas, para posteriormente serem contabilizadas e multiplicadas por dois, para que represente ambos os lados da planta amostrada. <strong>Caso sejam encontradas mais de 35 ninfas m\u00f3veis, deve-se realizar o controle.<\/strong><\/p>\n<p>Pode-se fazer o controle qu\u00edmico com inseticidas do grupo qu\u00edmico neonicotin\u00f3ide, como imidacloprid e thiamethoxam, devendo observar a dosagem recomendada e o modo de aplica\u00e7\u00e3o para cada produto. Com o intuito de realizar uma boa distribui\u00e7\u00e3o, para melhor contato e absor\u00e7\u00e3o pelas ra\u00edzes.<\/p>\n<p style=\"text-align: center;\"><img loading=\"lazy\" decoding=\"async\" class=\"aligncenter wp-image-5568 size-full\" src=\"https:\/\/rehagro.com.br\/blog\/wp-content\/uploads\/2018\/11\/cigarras-no-cafeeiro.jpg\" alt=\"Tipos de cigarras-do-cafeeiro\" width=\"463\" height=\"286\" srcset=\"https:\/\/rehagro.com.br\/blog\/wp-content\/uploads\/2018\/11\/cigarras-no-cafeeiro.jpg 463w, https:\/\/rehagro.com.br\/blog\/wp-content\/uploads\/2018\/11\/cigarras-no-cafeeiro-300x185.jpg 300w, https:\/\/rehagro.com.br\/blog\/wp-content\/uploads\/2018\/11\/cigarras-no-cafeeiro-370x229.jpg 370w, https:\/\/rehagro.com.br\/blog\/wp-content\/uploads\/2018\/11\/cigarras-no-cafeeiro-270x167.jpg 270w\" sizes=\"auto, (max-width: 463px) 100vw, 463px\" \/><span style=\"font-size: 10pt;\">Adultos de Q. gigas, macho (esquerda) e f\u00eamea (direita). (Fonte: Paulo Rebelles Reis \u2013 EPAMIG)<\/span><\/p>\n<h2>Controle pragas com mais efici\u00eancia e aumente a rentabilidade da lavoura<\/h2>\n<p>A cigarra-do-cafeeiro \u00e9 uma praga que compromete o desenvolvimento das plantas e pode causar grandes preju\u00edzos quando n\u00e3o \u00e9 controlada de forma adequada. Para proteger a lavoura e garantir a produtividade, \u00e9 essencial adotar estrat\u00e9gias de manejo bem planejadas e integradas a uma gest\u00e3o eficiente.<\/p>\n<p>No <strong><a href=\"https:\/\/rehagro.com.br\/cursos\/capacitacao-em-gestao-na-producao-de-cafe?utm_campaign=mkt-materiais-gc&amp;utm_source=textos&amp;utm_medium=blog\">Curso Gest\u00e3o na Produ\u00e7\u00e3o de Caf\u00e9 Ar\u00e1bica<\/a><\/strong>\u00a0do Rehagro, voc\u00ea aprende a organizar o manejo fitossanit\u00e1rio de forma estrat\u00e9gica, reduzir custos, interpretar melhor os desafios do campo e conduzir sua produ\u00e7\u00e3o com foco em qualidade, produtividade e lucratividade.<\/p>\n<p><a href=\"https:\/\/rehagro.com.br\/cursos\/capacitacao-em-gestao-na-producao-de-cafe?utm_campaign=mkt-materiais-gc&amp;utm_source=textos&amp;utm_medium=blog\" target=\"_blank\" rel=\"noopener\"><img loading=\"lazy\" decoding=\"async\" class=\"aligncenter wp-image-24250 size-full\" title=\"Clique e saiba mais sobre o curso!\" src=\"https:\/\/rehagro.com.br\/blog\/wp-content\/uploads\/2023\/09\/banner-gc.jpg\" alt=\"Curso Gest\u00e3o na Produ\u00e7\u00e3o de Caf\u00e9 Ar\u00e1bica\" width=\"980\" height=\"317\" srcset=\"https:\/\/rehagro.com.br\/blog\/wp-content\/uploads\/2023\/09\/banner-gc.jpg 980w, https:\/\/rehagro.com.br\/blog\/wp-content\/uploads\/2023\/09\/banner-gc-300x97.jpg 300w, https:\/\/rehagro.com.br\/blog\/wp-content\/uploads\/2023\/09\/banner-gc-768x248.jpg 768w, https:\/\/rehagro.com.br\/blog\/wp-content\/uploads\/2023\/09\/banner-gc-370x120.jpg 370w, https:\/\/rehagro.com.br\/blog\/wp-content\/uploads\/2023\/09\/banner-gc-270x87.jpg 270w, https:\/\/rehagro.com.br\/blog\/wp-content\/uploads\/2023\/09\/banner-gc-740x239.jpg 740w, https:\/\/rehagro.com.br\/blog\/wp-content\/uploads\/2023\/09\/banner-gc-150x49.jpg 150w\" sizes=\"auto, (max-width: 980px) 100vw, 980px\" \/><\/a><\/p>\n<p>Texto produzido pela Equipe Caf\u00e9 Rehagro.<\/p>\n","protected":false},"excerpt":{"rendered":"<p>Inseto pertencente \u00e0 ordem Hemiptera, a cigarra-do-cafeeiro \u00e9 um inseto sugador que possui metamorfose incompleta. \u00c9 uma praga que n\u00e3o ataca somente o cafeeiro (Pol\u00edfago), dessa forma, ela pode atacar outras esp\u00e9cies de plantas. Na cafeicultura da regi\u00e3o do Sul de Minas, ocorrem tr\u00eas esp\u00e9cies de cigarra, sendo elas: Quesada gigas; Fidicinoides sp.; Carineta sp. [&hellip;]<\/p>\n","protected":false},"author":21,"featured_media":15014,"comment_status":"open","ping_status":"open","sticky":false,"template":"","format":"standard","meta":{"footnotes":""},"categories":[211],"tags":[282,266,785,463,284,330],"class_list":["post-5567","post","type-post","status-publish","format-standard","has-post-thumbnail","hentry","category-cafe","tag-cafe","tag-cafeeiro","tag-cigarra-do-cafeeiro","tag-lavoura","tag-plantacao","tag-pragas"],"yoast_head":"<!-- This site is optimized with the Yoast SEO plugin v27.5 - https:\/\/yoast.com\/product\/yoast-seo-wordpress\/ -->\n<title>Cigarra-do-cafeeiro: caracter\u00edsticas e como realizar o manejo<\/title>\n<meta name=\"description\" content=\"A cigarra-do-cafeeiro \u00e9 um inseto sugador que possui metamorfose incompleta. Veja suas caracter\u00edsticas e manejo correto para a sua lavoura.\" \/>\n<meta name=\"robots\" content=\"index, follow, max-snippet:-1, max-image-preview:large, max-video-preview:-1\" \/>\n<link rel=\"canonical\" href=\"https:\/\/rehagro.com.br\/blog\/cigarra-do-cafeeiro\/\" \/>\n<meta property=\"og:locale\" content=\"pt_BR\" \/>\n<meta property=\"og:type\" content=\"article\" \/>\n<meta property=\"og:title\" content=\"Cigarra-do-cafeeiro: caracter\u00edsticas e como realizar o manejo\" \/>\n<meta property=\"og:description\" content=\"A cigarra-do-cafeeiro \u00e9 um inseto sugador que possui metamorfose incompleta. Veja suas caracter\u00edsticas e manejo correto para a sua lavoura.\" \/>\n<meta property=\"og:url\" content=\"https:\/\/rehagro.com.br\/blog\/cigarra-do-cafeeiro\/\" \/>\n<meta property=\"og:site_name\" content=\"Rehagro Blog\" \/>\n<meta property=\"article:published_time\" content=\"2018-11-28T12:42:29+00:00\" \/>\n<meta property=\"article:modified_time\" content=\"2026-04-07T23:13:14+00:00\" \/>\n<meta property=\"og:image\" content=\"https:\/\/rehagro.com.br\/blog\/wp-content\/uploads\/2018\/11\/cigarras-no-cafeeiro-1.jpg\" \/>\n\t<meta property=\"og:image:width\" content=\"832\" \/>\n\t<meta property=\"og:image:height\" content=\"384\" \/>\n\t<meta property=\"og:image:type\" content=\"image\/jpeg\" \/>\n<meta name=\"author\" content=\"Jo\u00e3o Pedro Azevedo\" \/>\n<meta name=\"twitter:card\" content=\"summary_large_image\" \/>\n<meta name=\"twitter:label1\" content=\"Escrito por\" \/>\n\t<meta name=\"twitter:data1\" content=\"Jo\u00e3o Pedro Azevedo\" \/>\n\t<meta name=\"twitter:label2\" content=\"Est. tempo de leitura\" \/>\n\t<meta name=\"twitter:data2\" content=\"5 minutos\" \/>\n<script type=\"application\/ld+json\" class=\"yoast-schema-graph\">{\"@context\":\"https:\\\/\\\/schema.org\",\"@graph\":[{\"@type\":\"Article\",\"@id\":\"https:\\\/\\\/rehagro.com.br\\\/blog\\\/cigarra-do-cafeeiro\\\/#article\",\"isPartOf\":{\"@id\":\"https:\\\/\\\/rehagro.com.br\\\/blog\\\/cigarra-do-cafeeiro\\\/\"},\"author\":{\"name\":\"Jo\u00e3o Pedro Azevedo\",\"@id\":\"https:\\\/\\\/rehagro.com.br\\\/blog\\\/#\\\/schema\\\/person\\\/f2d1ae51b04939615ceebb3c0bfd8a94\"},\"headline\":\"Cigarra-do-cafeeiro: veja como controlar essa praga\",\"datePublished\":\"2018-11-28T12:42:29+00:00\",\"dateModified\":\"2026-04-07T23:13:14+00:00\",\"mainEntityOfPage\":{\"@id\":\"https:\\\/\\\/rehagro.com.br\\\/blog\\\/cigarra-do-cafeeiro\\\/\"},\"wordCount\":672,\"commentCount\":2,\"publisher\":{\"@id\":\"https:\\\/\\\/rehagro.com.br\\\/blog\\\/#organization\"},\"image\":{\"@id\":\"https:\\\/\\\/rehagro.com.br\\\/blog\\\/cigarra-do-cafeeiro\\\/#primaryimage\"},\"thumbnailUrl\":\"https:\\\/\\\/rehagro.com.br\\\/blog\\\/wp-content\\\/uploads\\\/2018\\\/11\\\/cigarras-no-cafeeiro-1.jpg\",\"keywords\":[\"caf\u00e9\",\"cafeeiro\",\"cigarra do cafeeiro\",\"lavoura\",\"planta\u00e7\u00e3o\",\"pragas\"],\"articleSection\":[\"CAF\u00c9\"],\"inLanguage\":\"pt-BR\",\"potentialAction\":[{\"@type\":\"CommentAction\",\"name\":\"Comment\",\"target\":[\"https:\\\/\\\/rehagro.com.br\\\/blog\\\/cigarra-do-cafeeiro\\\/#respond\"]}]},{\"@type\":\"WebPage\",\"@id\":\"https:\\\/\\\/rehagro.com.br\\\/blog\\\/cigarra-do-cafeeiro\\\/\",\"url\":\"https:\\\/\\\/rehagro.com.br\\\/blog\\\/cigarra-do-cafeeiro\\\/\",\"name\":\"Cigarra-do-cafeeiro: caracter\u00edsticas e como realizar o manejo\",\"isPartOf\":{\"@id\":\"https:\\\/\\\/rehagro.com.br\\\/blog\\\/#website\"},\"primaryImageOfPage\":{\"@id\":\"https:\\\/\\\/rehagro.com.br\\\/blog\\\/cigarra-do-cafeeiro\\\/#primaryimage\"},\"image\":{\"@id\":\"https:\\\/\\\/rehagro.com.br\\\/blog\\\/cigarra-do-cafeeiro\\\/#primaryimage\"},\"thumbnailUrl\":\"https:\\\/\\\/rehagro.com.br\\\/blog\\\/wp-content\\\/uploads\\\/2018\\\/11\\\/cigarras-no-cafeeiro-1.jpg\",\"datePublished\":\"2018-11-28T12:42:29+00:00\",\"dateModified\":\"2026-04-07T23:13:14+00:00\",\"description\":\"A cigarra-do-cafeeiro \u00e9 um inseto sugador que possui metamorfose incompleta. Veja suas caracter\u00edsticas e manejo correto para a sua lavoura.\",\"breadcrumb\":{\"@id\":\"https:\\\/\\\/rehagro.com.br\\\/blog\\\/cigarra-do-cafeeiro\\\/#breadcrumb\"},\"inLanguage\":\"pt-BR\",\"potentialAction\":[{\"@type\":\"ReadAction\",\"target\":[\"https:\\\/\\\/rehagro.com.br\\\/blog\\\/cigarra-do-cafeeiro\\\/\"]}]},{\"@type\":\"ImageObject\",\"inLanguage\":\"pt-BR\",\"@id\":\"https:\\\/\\\/rehagro.com.br\\\/blog\\\/cigarra-do-cafeeiro\\\/#primaryimage\",\"url\":\"https:\\\/\\\/rehagro.com.br\\\/blog\\\/wp-content\\\/uploads\\\/2018\\\/11\\\/cigarras-no-cafeeiro-1.jpg\",\"contentUrl\":\"https:\\\/\\\/rehagro.com.br\\\/blog\\\/wp-content\\\/uploads\\\/2018\\\/11\\\/cigarras-no-cafeeiro-1.jpg\",\"width\":832,\"height\":384,\"caption\":\"Cigarra do cafeeiro\"},{\"@type\":\"BreadcrumbList\",\"@id\":\"https:\\\/\\\/rehagro.com.br\\\/blog\\\/cigarra-do-cafeeiro\\\/#breadcrumb\",\"itemListElement\":[{\"@type\":\"ListItem\",\"position\":1,\"name\":\"In\u00edcio\",\"item\":\"https:\\\/\\\/rehagro.com.br\\\/blog\\\/\"},{\"@type\":\"ListItem\",\"position\":2,\"name\":\"Cigarra-do-cafeeiro: veja como controlar essa praga\"}]},{\"@type\":\"WebSite\",\"@id\":\"https:\\\/\\\/rehagro.com.br\\\/blog\\\/#website\",\"url\":\"https:\\\/\\\/rehagro.com.br\\\/blog\\\/\",\"name\":\"Rehagro Blog\",\"description\":\"\",\"publisher\":{\"@id\":\"https:\\\/\\\/rehagro.com.br\\\/blog\\\/#organization\"},\"potentialAction\":[{\"@type\":\"SearchAction\",\"target\":{\"@type\":\"EntryPoint\",\"urlTemplate\":\"https:\\\/\\\/rehagro.com.br\\\/blog\\\/?s={search_term_string}\"},\"query-input\":{\"@type\":\"PropertyValueSpecification\",\"valueRequired\":true,\"valueName\":\"search_term_string\"}}],\"inLanguage\":\"pt-BR\"},{\"@type\":\"Organization\",\"@id\":\"https:\\\/\\\/rehagro.com.br\\\/blog\\\/#organization\",\"name\":\"Rehagro\",\"url\":\"https:\\\/\\\/rehagro.com.br\\\/blog\\\/\",\"logo\":{\"@type\":\"ImageObject\",\"inLanguage\":\"pt-BR\",\"@id\":\"https:\\\/\\\/rehagro.com.br\\\/blog\\\/#\\\/schema\\\/logo\\\/image\\\/\",\"url\":\"https:\\\/\\\/rehagro.com.br\\\/blog\\\/wp-content\\\/uploads\\\/2018\\\/05\\\/logo-rehagro.png\",\"contentUrl\":\"https:\\\/\\\/rehagro.com.br\\\/blog\\\/wp-content\\\/uploads\\\/2018\\\/05\\\/logo-rehagro.png\",\"width\":400,\"height\":115,\"caption\":\"Rehagro\"},\"image\":{\"@id\":\"https:\\\/\\\/rehagro.com.br\\\/blog\\\/#\\\/schema\\\/logo\\\/image\\\/\"}},{\"@type\":\"Person\",\"@id\":\"https:\\\/\\\/rehagro.com.br\\\/blog\\\/#\\\/schema\\\/person\\\/f2d1ae51b04939615ceebb3c0bfd8a94\",\"name\":\"Jo\u00e3o Pedro Azevedo\",\"image\":{\"@type\":\"ImageObject\",\"inLanguage\":\"pt-BR\",\"@id\":\"https:\\\/\\\/secure.gravatar.com\\\/avatar\\\/34aacffb2f10625483f480470f3274778dd1c183ba4f66444bb60ae92149bf8a?s=96&d=mm&r=g\",\"url\":\"https:\\\/\\\/secure.gravatar.com\\\/avatar\\\/34aacffb2f10625483f480470f3274778dd1c183ba4f66444bb60ae92149bf8a?s=96&d=mm&r=g\",\"contentUrl\":\"https:\\\/\\\/secure.gravatar.com\\\/avatar\\\/34aacffb2f10625483f480470f3274778dd1c183ba4f66444bb60ae92149bf8a?s=96&d=mm&r=g\",\"caption\":\"Jo\u00e3o Pedro Azevedo\"},\"url\":\"https:\\\/\\\/rehagro.com.br\\\/blog\\\/author\\\/joao-pedro\\\/\"}]}<\/script>\n<!-- \/ Yoast SEO plugin. -->","yoast_head_json":{"title":"Cigarra-do-cafeeiro: caracter\u00edsticas e como realizar o manejo","description":"A cigarra-do-cafeeiro \u00e9 um inseto sugador que possui metamorfose incompleta. Veja suas caracter\u00edsticas e manejo correto para a sua lavoura.","robots":{"index":"index","follow":"follow","max-snippet":"max-snippet:-1","max-image-preview":"max-image-preview:large","max-video-preview":"max-video-preview:-1"},"canonical":"https:\/\/rehagro.com.br\/blog\/cigarra-do-cafeeiro\/","og_locale":"pt_BR","og_type":"article","og_title":"Cigarra-do-cafeeiro: caracter\u00edsticas e como realizar o manejo","og_description":"A cigarra-do-cafeeiro \u00e9 um inseto sugador que possui metamorfose incompleta. Veja suas caracter\u00edsticas e manejo correto para a sua lavoura.","og_url":"https:\/\/rehagro.com.br\/blog\/cigarra-do-cafeeiro\/","og_site_name":"Rehagro Blog","article_published_time":"2018-11-28T12:42:29+00:00","article_modified_time":"2026-04-07T23:13:14+00:00","og_image":[{"width":832,"height":384,"url":"https:\/\/rehagro.com.br\/blog\/wp-content\/uploads\/2018\/11\/cigarras-no-cafeeiro-1.jpg","type":"image\/jpeg"}],"author":"Jo\u00e3o Pedro Azevedo","twitter_card":"summary_large_image","twitter_misc":{"Escrito por":"Jo\u00e3o Pedro Azevedo","Est. tempo de leitura":"5 minutos"},"schema":{"@context":"https:\/\/schema.org","@graph":[{"@type":"Article","@id":"https:\/\/rehagro.com.br\/blog\/cigarra-do-cafeeiro\/#article","isPartOf":{"@id":"https:\/\/rehagro.com.br\/blog\/cigarra-do-cafeeiro\/"},"author":{"name":"Jo\u00e3o Pedro Azevedo","@id":"https:\/\/rehagro.com.br\/blog\/#\/schema\/person\/f2d1ae51b04939615ceebb3c0bfd8a94"},"headline":"Cigarra-do-cafeeiro: veja como controlar essa praga","datePublished":"2018-11-28T12:42:29+00:00","dateModified":"2026-04-07T23:13:14+00:00","mainEntityOfPage":{"@id":"https:\/\/rehagro.com.br\/blog\/cigarra-do-cafeeiro\/"},"wordCount":672,"commentCount":2,"publisher":{"@id":"https:\/\/rehagro.com.br\/blog\/#organization"},"image":{"@id":"https:\/\/rehagro.com.br\/blog\/cigarra-do-cafeeiro\/#primaryimage"},"thumbnailUrl":"https:\/\/rehagro.com.br\/blog\/wp-content\/uploads\/2018\/11\/cigarras-no-cafeeiro-1.jpg","keywords":["caf\u00e9","cafeeiro","cigarra do cafeeiro","lavoura","planta\u00e7\u00e3o","pragas"],"articleSection":["CAF\u00c9"],"inLanguage":"pt-BR","potentialAction":[{"@type":"CommentAction","name":"Comment","target":["https:\/\/rehagro.com.br\/blog\/cigarra-do-cafeeiro\/#respond"]}]},{"@type":"WebPage","@id":"https:\/\/rehagro.com.br\/blog\/cigarra-do-cafeeiro\/","url":"https:\/\/rehagro.com.br\/blog\/cigarra-do-cafeeiro\/","name":"Cigarra-do-cafeeiro: caracter\u00edsticas e como realizar o manejo","isPartOf":{"@id":"https:\/\/rehagro.com.br\/blog\/#website"},"primaryImageOfPage":{"@id":"https:\/\/rehagro.com.br\/blog\/cigarra-do-cafeeiro\/#primaryimage"},"image":{"@id":"https:\/\/rehagro.com.br\/blog\/cigarra-do-cafeeiro\/#primaryimage"},"thumbnailUrl":"https:\/\/rehagro.com.br\/blog\/wp-content\/uploads\/2018\/11\/cigarras-no-cafeeiro-1.jpg","datePublished":"2018-11-28T12:42:29+00:00","dateModified":"2026-04-07T23:13:14+00:00","description":"A cigarra-do-cafeeiro \u00e9 um inseto sugador que possui metamorfose incompleta. Veja suas caracter\u00edsticas e manejo correto para a sua lavoura.","breadcrumb":{"@id":"https:\/\/rehagro.com.br\/blog\/cigarra-do-cafeeiro\/#breadcrumb"},"inLanguage":"pt-BR","potentialAction":[{"@type":"ReadAction","target":["https:\/\/rehagro.com.br\/blog\/cigarra-do-cafeeiro\/"]}]},{"@type":"ImageObject","inLanguage":"pt-BR","@id":"https:\/\/rehagro.com.br\/blog\/cigarra-do-cafeeiro\/#primaryimage","url":"https:\/\/rehagro.com.br\/blog\/wp-content\/uploads\/2018\/11\/cigarras-no-cafeeiro-1.jpg","contentUrl":"https:\/\/rehagro.com.br\/blog\/wp-content\/uploads\/2018\/11\/cigarras-no-cafeeiro-1.jpg","width":832,"height":384,"caption":"Cigarra do cafeeiro"},{"@type":"BreadcrumbList","@id":"https:\/\/rehagro.com.br\/blog\/cigarra-do-cafeeiro\/#breadcrumb","itemListElement":[{"@type":"ListItem","position":1,"name":"In\u00edcio","item":"https:\/\/rehagro.com.br\/blog\/"},{"@type":"ListItem","position":2,"name":"Cigarra-do-cafeeiro: veja como controlar essa praga"}]},{"@type":"WebSite","@id":"https:\/\/rehagro.com.br\/blog\/#website","url":"https:\/\/rehagro.com.br\/blog\/","name":"Rehagro Blog","description":"","publisher":{"@id":"https:\/\/rehagro.com.br\/blog\/#organization"},"potentialAction":[{"@type":"SearchAction","target":{"@type":"EntryPoint","urlTemplate":"https:\/\/rehagro.com.br\/blog\/?s={search_term_string}"},"query-input":{"@type":"PropertyValueSpecification","valueRequired":true,"valueName":"search_term_string"}}],"inLanguage":"pt-BR"},{"@type":"Organization","@id":"https:\/\/rehagro.com.br\/blog\/#organization","name":"Rehagro","url":"https:\/\/rehagro.com.br\/blog\/","logo":{"@type":"ImageObject","inLanguage":"pt-BR","@id":"https:\/\/rehagro.com.br\/blog\/#\/schema\/logo\/image\/","url":"https:\/\/rehagro.com.br\/blog\/wp-content\/uploads\/2018\/05\/logo-rehagro.png","contentUrl":"https:\/\/rehagro.com.br\/blog\/wp-content\/uploads\/2018\/05\/logo-rehagro.png","width":400,"height":115,"caption":"Rehagro"},"image":{"@id":"https:\/\/rehagro.com.br\/blog\/#\/schema\/logo\/image\/"}},{"@type":"Person","@id":"https:\/\/rehagro.com.br\/blog\/#\/schema\/person\/f2d1ae51b04939615ceebb3c0bfd8a94","name":"Jo\u00e3o Pedro Azevedo","image":{"@type":"ImageObject","inLanguage":"pt-BR","@id":"https:\/\/secure.gravatar.com\/avatar\/34aacffb2f10625483f480470f3274778dd1c183ba4f66444bb60ae92149bf8a?s=96&d=mm&r=g","url":"https:\/\/secure.gravatar.com\/avatar\/34aacffb2f10625483f480470f3274778dd1c183ba4f66444bb60ae92149bf8a?s=96&d=mm&r=g","contentUrl":"https:\/\/secure.gravatar.com\/avatar\/34aacffb2f10625483f480470f3274778dd1c183ba4f66444bb60ae92149bf8a?s=96&d=mm&r=g","caption":"Jo\u00e3o Pedro Azevedo"},"url":"https:\/\/rehagro.com.br\/blog\/author\/joao-pedro\/"}]}},"_links":{"self":[{"href":"https:\/\/rehagro.com.br\/blog\/wp-json\/wp\/v2\/posts\/5567","targetHints":{"allow":["GET"]}}],"collection":[{"href":"https:\/\/rehagro.com.br\/blog\/wp-json\/wp\/v2\/posts"}],"about":[{"href":"https:\/\/rehagro.com.br\/blog\/wp-json\/wp\/v2\/types\/post"}],"author":[{"embeddable":true,"href":"https:\/\/rehagro.com.br\/blog\/wp-json\/wp\/v2\/users\/21"}],"replies":[{"embeddable":true,"href":"https:\/\/rehagro.com.br\/blog\/wp-json\/wp\/v2\/comments?post=5567"}],"version-history":[{"count":41,"href":"https:\/\/rehagro.com.br\/blog\/wp-json\/wp\/v2\/posts\/5567\/revisions"}],"predecessor-version":[{"id":42144,"href":"https:\/\/rehagro.com.br\/blog\/wp-json\/wp\/v2\/posts\/5567\/revisions\/42144"}],"wp:featuredmedia":[{"embeddable":true,"href":"https:\/\/rehagro.com.br\/blog\/wp-json\/wp\/v2\/media\/15014"}],"wp:attachment":[{"href":"https:\/\/rehagro.com.br\/blog\/wp-json\/wp\/v2\/media?parent=5567"}],"wp:term":[{"taxonomy":"category","embeddable":true,"href":"https:\/\/rehagro.com.br\/blog\/wp-json\/wp\/v2\/categories?post=5567"},{"taxonomy":"post_tag","embeddable":true,"href":"https:\/\/rehagro.com.br\/blog\/wp-json\/wp\/v2\/tags?post=5567"}],"curies":[{"name":"wp","href":"https:\/\/api.w.org\/{rel}","templated":true}]}}