{"id":5108,"date":"2018-09-12T16:10:32","date_gmt":"2018-09-12T19:10:32","guid":{"rendered":"https:\/\/rehagro.com.br\/blog\/?p=5108"},"modified":"2026-01-30T14:55:24","modified_gmt":"2026-01-30T17:55:24","slug":"pragas-no-armazenamento-de-graos","status":"publish","type":"post","link":"https:\/\/rehagro.com.br\/blog\/pragas-no-armazenamento-de-graos\/","title":{"rendered":"Pragas de gr\u00e3os armazenados: conhe\u00e7a as principais e veja como combat\u00ea-las"},"content":{"rendered":"<p>A qualidade dos produtos no per\u00edodo p\u00f3s-colheita pode ser reduzida devido a diversos fatores, bi\u00f3ticos e abi\u00f3ticos. Dentre os fatores bi\u00f3ticos, destacam-se os insetos pragas, os quais s\u00e3o respons\u00e1veis por grandes perdas no processo de armazenamento dos gr\u00e3os.<\/p>\n<p>De acordo com dados da FAO\/ONU e do Minist\u00e9rio da Agricultura, Pecu\u00e1ria e Abastecimento (MAPA), as <strong>perdas m\u00e9dias quantitativas de gr\u00e3os por ano ficam em torno de 10% do total produzido.<\/strong><\/p>\n<p>Al\u00e9m dessas perdas, existem as perdas de qualidade durante o processamento, a qual podem inviabilizar todo um lote do produto, trazendo grandes preju\u00edzos aos produtores.<\/p>\n<p>Como no caso do <strong><a href=\"https:\/\/rehagro.com.br\/blog\/origem-do-trigo-no-brasil\/\">trigo<\/a><\/strong>, em que os moinhos n\u00e3o aceitam lotes que tenham presen\u00e7a de insetos, pois isso compromete a qualidade da farinha, que interfere nos subprodutos da panifica\u00e7\u00e3o, inviabilizando o lote.<\/p>\n<p>De modo geral, os principais causadores de perda de qualidade dos produtos agr\u00edcolas armazenados s\u00e3o os <strong>insetos<\/strong>. Portanto, \u00e9 de extrema import\u00e2ncia conhecer a biologia, a descri\u00e7\u00e3o e os danos causados pelas pragas, a fim de se adotar a melhor estrat\u00e9gia de manejo, evitando grandes preju\u00edzos.<\/p>\n<div style=\"background-color: #efefef; padding-left: 10px; padding-right: 5px; border-radius: 10px;\">\n<p>&nbsp;<\/p>\n<p style=\"text-align: center;\"><strong><span style=\"font-size: 14pt;\">Sem tempo para ler agora? Baixe este artigo em PDF!<\/span><\/strong><\/p>\n<p><script charset=\"utf-8\" type=\"text\/javascript\" src=\"\/\/js.hsforms.net\/forms\/embed\/v2.js\"><\/script><br \/>\n<script>\nhbspt.forms.create({\nregion: \"na1\",\nportalId: \"5430441\",\nformId: \"0ced5949-c607-48c5-8d39-f0179ca418eb\"\n});\n<\/script><\/p>\n<\/div>\n<h2>Pragas prim\u00e1rias e secund\u00e1rias<\/h2>\n<p>As pragas s\u00e3o classificadas de acordo com seus h\u00e1bitos alimentares, podendo ser classificadas como <strong>prim\u00e1rias ou secund\u00e1rias.<\/strong><\/p>\n<h3>Pragas prim\u00e1rias<\/h3>\n<p>S\u00e3o aquelas que <strong>atacam os gr\u00e3os que se encontram inteiros e sadios<\/strong>, podendo atacar a parte interna ou externa.<\/p>\n<p>As <strong>pragas prim\u00e1rias internas<\/strong>, perfuram os gr\u00e3os, se alimentam de todo o conte\u00fado interno e permanecem em seu interior para completar seu ciclo, al\u00e9m disso, permitem a instala\u00e7\u00e3o de outros agentes de deteriora\u00e7\u00e3o como microrganismos.<\/p>\n<p>Como exemplos temos as esp\u00e9cies de besouros <i>R. dominica, S. oryzae e S. zeamais.<\/i><\/p>\n<p><img loading=\"lazy\" decoding=\"async\" class=\"aligncenter wp-image-21435 size-full\" src=\"https:\/\/rehagro.com.br\/blog\/wp-content\/uploads\/2018\/09\/pragas-no-armazenamento-de-graos.jpg\" alt=\"Exemplos de pragas prim\u00e1rias dos gr\u00e3os\" width=\"612\" height=\"236\" srcset=\"https:\/\/rehagro.com.br\/blog\/wp-content\/uploads\/2018\/09\/pragas-no-armazenamento-de-graos.jpg 612w, https:\/\/rehagro.com.br\/blog\/wp-content\/uploads\/2018\/09\/pragas-no-armazenamento-de-graos-300x116.jpg 300w, https:\/\/rehagro.com.br\/blog\/wp-content\/uploads\/2018\/09\/pragas-no-armazenamento-de-graos-370x143.jpg 370w, https:\/\/rehagro.com.br\/blog\/wp-content\/uploads\/2018\/09\/pragas-no-armazenamento-de-graos-270x104.jpg 270w, https:\/\/rehagro.com.br\/blog\/wp-content\/uploads\/2018\/09\/pragas-no-armazenamento-de-graos-150x58.jpg 150w\" sizes=\"auto, (max-width: 612px) 100vw, 612px\" \/><\/p>\n<p>As <strong>pragas prim\u00e1rias externas<\/strong> se alimentam da casca do gr\u00e3o, destruindo-a totalmente, posteriormente, elas consomem a parte interna. A diferen\u00e7a \u00e9 que essas pragas n\u00e3o se desenvolvem dentro do gr\u00e3o, a destrui\u00e7\u00e3o do produto \u00e9 apenas para alimenta\u00e7\u00e3o e n\u00e3o reprodu\u00e7\u00e3o, como acontece no caso da tra\u00e7a (<i>Plodia interpunctella).<\/i><\/p>\n<h3>Pragas secund\u00e1rias<\/h3>\n<p>Estas pragas <strong>n\u00e3o t\u00eam a capacidade de atacar gr\u00e3os sadios e inteiros<\/strong>, \u00e9 necess\u00e1rio que os mesmos estejam quebrados ou danificados por pragas prim\u00e1rias para que as mesmas consigam se alimentar.<\/p>\n<p>A multiplica\u00e7\u00e3o destas pragas \u00e9 muito r\u00e1pida e por esse fator, causam enormes preju\u00edzos, como \u00e9 o caso dos besouros das seguintes esp\u00e9cies: <em>C. ferrugineus<\/em><i>, O. surinamensis e T. castaneum.<\/i><\/p>\n<p><img loading=\"lazy\" decoding=\"async\" class=\"aligncenter wp-image-21436 size-full\" src=\"https:\/\/rehagro.com.br\/blog\/wp-content\/uploads\/2018\/09\/pragas-no-armazenamento-de-graos-2.jpg\" alt=\"Exemplos de pragas secund\u00e1rias de gr\u00e3os\" width=\"603\" height=\"288\" srcset=\"https:\/\/rehagro.com.br\/blog\/wp-content\/uploads\/2018\/09\/pragas-no-armazenamento-de-graos-2.jpg 603w, https:\/\/rehagro.com.br\/blog\/wp-content\/uploads\/2018\/09\/pragas-no-armazenamento-de-graos-2-300x143.jpg 300w, https:\/\/rehagro.com.br\/blog\/wp-content\/uploads\/2018\/09\/pragas-no-armazenamento-de-graos-2-370x177.jpg 370w, https:\/\/rehagro.com.br\/blog\/wp-content\/uploads\/2018\/09\/pragas-no-armazenamento-de-graos-2-270x129.jpg 270w, https:\/\/rehagro.com.br\/blog\/wp-content\/uploads\/2018\/09\/pragas-no-armazenamento-de-graos-2-150x72.jpg 150w\" sizes=\"auto, (max-width: 603px) 100vw, 603px\" \/><\/p>\n<p>Os cole\u00f3pteros, conhecidos tamb\u00e9m como <strong>gorgulhos ou carunchos<\/strong>, s\u00e3o insetos pequenos e possuem alta resist\u00eancia devido ao exoesqueleto quitinoso.<\/p>\n<p>Essas caracter\u00edsticas permitem que consigam se movimentar por pequenos espa\u00e7os entre os gr\u00e3os, conseguindo atingir grandes profundidades dentro dos silos e graneleiros, diante disso, representam um grande problema, conseguindo atingir massas de gr\u00e3os em todo o silo.<\/p>\n<p>Em contrapartida, os lepid\u00f3pteros ou tra\u00e7as, s\u00e3o mais fr\u00e1geis, permanecendo desta forma, na superf\u00edcie da massa de gr\u00e3os, causando menos preju\u00edzos que os cole\u00f3pteros.<\/p>\n<h2>Exemplos de pragas que afetam gr\u00e3os armazenados<\/h2>\n<h3>Ordem <em>Coleoptera<\/em><\/h3>\n<h4>Fam\u00edlia <em>Curculionidae<\/em><\/h4>\n<p><em>S. zeamais<\/em> e <em>S. oryzae<\/em> apresentam como caracter\u00edsticas marcantes um prolongamento cef\u00e1lico em forma de tromba, conhecido como rostro, onde est\u00e1 localizado o aparelho bucal.<\/p>\n<p><img loading=\"lazy\" decoding=\"async\" class=\"aligncenter wp-image-21437 size-full\" src=\"https:\/\/rehagro.com.br\/blog\/wp-content\/uploads\/2018\/09\/pragas-no-armazenamento-de-graos-3.jpg\" alt=\"Exemplo de inseto da fam\u00edlia Curculionidae\" width=\"286\" height=\"185\" srcset=\"https:\/\/rehagro.com.br\/blog\/wp-content\/uploads\/2018\/09\/pragas-no-armazenamento-de-graos-3.jpg 286w, https:\/\/rehagro.com.br\/blog\/wp-content\/uploads\/2018\/09\/pragas-no-armazenamento-de-graos-3-270x175.jpg 270w, https:\/\/rehagro.com.br\/blog\/wp-content\/uploads\/2018\/09\/pragas-no-armazenamento-de-graos-3-150x97.jpg 150w\" sizes=\"auto, (max-width: 286px) 100vw, 286px\" \/><\/p>\n<p>Estes insetos podem viver cerca de 1 ano em produtos armazenados e cada f\u00eamea consegue depositar 150 ovos, os quais s\u00e3o colocados um a um dentro de cavidades feitas nos gr\u00e3os.<\/p>\n<h4>Fam\u00edlia <em>Bostrichidae<\/em><\/h4>\n<p><em>R. dominica<\/em>, eram considerados broqueadores de madeira, entretanto, t\u00eam mudado seu h\u00e1bito alimentar e transformado em praga prim\u00e1ria de gr\u00e3os armazenados. Possuem pernas curtas, isso faz com que sejam mais lentos para se movimentar, no entanto, s\u00e3o bons voadores.<\/p>\n<p>Esta praga <strong>afeta principalmente gr\u00e3os de milho em locais de clima quente<\/strong>, podendo atacar os gr\u00e3os antes ou ap\u00f3s a colheita. As f\u00eameas podem colocar cerca de 400 ovos na superf\u00edcie dos gr\u00e3os, conseguem atingir em 1 ano cerca de 7 gera\u00e7\u00f5es com alto poder destrutivo.<\/p>\n<h4>Fam\u00edlia <em>Cucujidae<\/em><\/h4>\n<p><em>C. ferrugineus<\/em>, s\u00e3o <strong>pragas secund\u00e1rias<\/strong> de gr\u00e3os armazenados e est\u00e3o, em geral, associados a ocorr\u00eancia das pragas prim\u00e1rias, por serem insetos bem pequenos e com corpo achatado, conseguem infestar gr\u00e3os que estejam pouco danificados, entrando por pequenas trincas.<\/p>\n<p>As f\u00eameas em geral depositam cerca de 200 ovos, podendo ficar soltos ou no material de gr\u00e3o farin\u00e1ceo.<\/p>\n<h4>Fam\u00edlia <em>Silvanidae<\/em><\/h4>\n<p><em>O. surinamensis<\/em>, s\u00e3o <strong>pragas secund\u00e1rias<\/strong>, possuem tamanho m\u00e9dio de 2-4 mm de comprimento, corpo alongado e achatado, possui antena clavada com 11 segmentos. As condi\u00e7\u00f5es ideais para seu desenvolvimento s\u00e3o, umidade entre 32,5 &#8211; 35\u00b0C e umidade relativa de 90%.<\/p>\n<h4>Fam\u00edlia <em>Tenebrionidae<\/em><\/h4>\n<p><em>T. castaneum<\/em>, as esp\u00e9cies desta fam\u00edlia s\u00e3o <strong>bem adaptadas a condi\u00e7\u00f5es de baixa umidade ou seca<\/strong>. S\u00e3o insetos de colora\u00e7\u00e3o castanho-avermelhado e podem medir cerca de 3-4 mm de comprimento. Os adultos de <em>T. castaneum, <\/em>possuem ciclo completo em aproximadamente 21 dias.<\/p>\n<h3>Ordem <em>Lepdoptera<\/em><\/h3>\n<h4>Fam\u00edlia <em>Pyralidae<\/em><\/h4>\n<p><em>P. interpunctella,<\/em> s\u00e3o <strong>pragas consideradas prim\u00e1rias<\/strong> de gr\u00e3os destinados \u00e0 moagem. O adulto pode medir cerca de 18 mm.<\/p>\n<p>A f\u00eamea desta esp\u00e9cie pode depositar de 100-500 ovos isolados ou em grupos nos produtos atacados. Atacam preferencialmente a superf\u00edcie do silo, sua maior ocorr\u00eancia \u00e9 em sacos de produtos armazenados.<\/p>\n<h2>Pronto para descobrir os segredos da produ\u00e7\u00e3o de gr\u00e3os?<\/h2>\n<p>O <strong><a href=\"https:\/\/rehagro.com.br\/cursos-livres\/agro-para-todos-descobrindo-a-producao-de-graos?utm_campaign=12253459-mkt-materiais-agr&amp;utm_source=textos&amp;utm_medium=blog\" target=\"_blank\" rel=\"noopener\">Curso Online Agro Para Todos: Descobrindo a Produ\u00e7\u00e3o de Gr\u00e3os<\/a><\/strong> oferece uma forma\u00e7\u00e3o essencial para quem deseja compreender os fundamentos da atividade, desde o ciclo das culturas at\u00e9 os desafios do manejo e da comercializa\u00e7\u00e3o.<\/p>\n<p>Com uma linguagem acess\u00edvel e foco em aplica\u00e7\u00f5es pr\u00e1ticas, voc\u00ea vai aprender os fundamentos da produ\u00e7\u00e3o agr\u00edcola, desde os ciclos das culturas at\u00e9 o manejo de solo, controle de pragas, uso de fertilizantes e an\u00e1lise de custos e margens.<\/p>\n<p>Clique no banner abaixo e d\u00ea o primeiro passo para construir uma base s\u00f3lida na produ\u00e7\u00e3o de gr\u00e3os.<\/p>\n<p><a href=\"https:\/\/rehagro.com.br\/cursos-livres\/agro-para-todos-descobrindo-a-producao-de-graos?utm_campaign=12253459-mkt-materiais-agr&amp;utm_source=textos&amp;utm_medium=blog\" target=\"_blank\" rel=\"noopener\"><img loading=\"lazy\" decoding=\"async\" class=\"aligncenter wp-image-37524 size-full\" title=\"Clique e saiba mais sobre o curso!\" src=\"https:\/\/rehagro.com.br\/blog\/wp-content\/uploads\/2025\/05\/banner_agr.jpg\" alt=\"Curso Descobrindo a Produ\u00e7\u00e3o de Gr\u00e3os\" width=\"1200\" height=\"624\" srcset=\"https:\/\/rehagro.com.br\/blog\/wp-content\/uploads\/2025\/05\/banner_agr.jpg 1200w, https:\/\/rehagro.com.br\/blog\/wp-content\/uploads\/2025\/05\/banner_agr-300x156.jpg 300w, https:\/\/rehagro.com.br\/blog\/wp-content\/uploads\/2025\/05\/banner_agr-1024x532.jpg 1024w, https:\/\/rehagro.com.br\/blog\/wp-content\/uploads\/2025\/05\/banner_agr-768x399.jpg 768w, https:\/\/rehagro.com.br\/blog\/wp-content\/uploads\/2025\/05\/banner_agr-370x192.jpg 370w, https:\/\/rehagro.com.br\/blog\/wp-content\/uploads\/2025\/05\/banner_agr-270x140.jpg 270w, https:\/\/rehagro.com.br\/blog\/wp-content\/uploads\/2025\/05\/banner_agr-740x385.jpg 740w, https:\/\/rehagro.com.br\/blog\/wp-content\/uploads\/2025\/05\/banner_agr-150x78.jpg 150w\" sizes=\"auto, (max-width: 1200px) 100vw, 1200px\" \/><\/a><\/p>\n<p><img loading=\"lazy\" decoding=\"async\" class=\"aligncenter size-medium wp-image-16049\" src=\"https:\/\/rehagro.com.br\/blog\/wp-content\/uploads\/2022\/11\/alessandro-alvarenga-300x96.jpg\" alt=\"Alessandro Alvarenga\" width=\"300\" height=\"96\" srcset=\"https:\/\/rehagro.com.br\/blog\/wp-content\/uploads\/2022\/11\/alessandro-alvarenga-300x96.jpg 300w, https:\/\/rehagro.com.br\/blog\/wp-content\/uploads\/2022\/11\/alessandro-alvarenga-768x246.jpg 768w, https:\/\/rehagro.com.br\/blog\/wp-content\/uploads\/2022\/11\/alessandro-alvarenga-370x118.jpg 370w, https:\/\/rehagro.com.br\/blog\/wp-content\/uploads\/2022\/11\/alessandro-alvarenga-270x86.jpg 270w, https:\/\/rehagro.com.br\/blog\/wp-content\/uploads\/2022\/11\/alessandro-alvarenga-740x237.jpg 740w, https:\/\/rehagro.com.br\/blog\/wp-content\/uploads\/2022\/11\/alessandro-alvarenga-150x48.jpg 150w, https:\/\/rehagro.com.br\/blog\/wp-content\/uploads\/2022\/11\/alessandro-alvarenga.jpg 975w\" sizes=\"auto, (max-width: 300px) 100vw, 300px\" \/><\/p>\n","protected":false},"excerpt":{"rendered":"<p>A qualidade dos produtos no per\u00edodo p\u00f3s-colheita pode ser reduzida devido a diversos fatores, bi\u00f3ticos e abi\u00f3ticos. Dentre os fatores bi\u00f3ticos, destacam-se os insetos pragas, os quais s\u00e3o respons\u00e1veis por grandes perdas no processo de armazenamento dos gr\u00e3os. De acordo com dados da FAO\/ONU e do Minist\u00e9rio da Agricultura, Pecu\u00e1ria e Abastecimento (MAPA), as perdas [&hellip;]<\/p>\n","protected":false},"author":21,"featured_media":21438,"comment_status":"open","ping_status":"open","sticky":false,"template":"","format":"standard","meta":{"footnotes":""},"categories":[213],"tags":[249,621,463,691,692,330,689],"class_list":["post-5108","post","type-post","status-publish","format-standard","has-post-thumbnail","hentry","category-graos","tag-graos","tag-insetos","tag-lavoura","tag-praga-primaria","tag-praga-secundaria","tag-pragas","tag-silo"],"yoast_head":"<!-- This site is optimized with the Yoast SEO plugin v27.5 - https:\/\/yoast.com\/product\/yoast-seo-wordpress\/ -->\n<title>Pragas de gr\u00e3os armazenados: quais s\u00e3o e como combat\u00ea-las?<\/title>\n<meta name=\"description\" content=\"As pragas s\u00e3o respons\u00e1veis por grandes perdas no processo de armazenamento dos gr\u00e3os. Saiba quais s\u00e3o os principais tipos.\" \/>\n<meta name=\"robots\" content=\"index, follow, max-snippet:-1, max-image-preview:large, max-video-preview:-1\" \/>\n<link rel=\"canonical\" href=\"https:\/\/rehagro.com.br\/blog\/pragas-no-armazenamento-de-graos\/\" \/>\n<meta property=\"og:locale\" content=\"pt_BR\" \/>\n<meta property=\"og:type\" content=\"article\" \/>\n<meta property=\"og:title\" content=\"Pragas de gr\u00e3os armazenados: quais s\u00e3o e como combat\u00ea-las?\" \/>\n<meta property=\"og:description\" content=\"As pragas s\u00e3o respons\u00e1veis por grandes perdas no processo de armazenamento dos gr\u00e3os. Saiba quais s\u00e3o os principais tipos.\" \/>\n<meta property=\"og:url\" content=\"https:\/\/rehagro.com.br\/blog\/pragas-no-armazenamento-de-graos\/\" \/>\n<meta property=\"og:site_name\" content=\"Rehagro Blog\" \/>\n<meta property=\"article:published_time\" content=\"2018-09-12T19:10:32+00:00\" \/>\n<meta property=\"article:modified_time\" content=\"2026-01-30T17:55:24+00:00\" \/>\n<meta property=\"og:image\" content=\"https:\/\/rehagro.com.br\/blog\/wp-content\/uploads\/2018\/09\/pragas-graos.jpg\" \/>\n\t<meta property=\"og:image:width\" content=\"1366\" \/>\n\t<meta property=\"og:image:height\" content=\"504\" \/>\n\t<meta property=\"og:image:type\" content=\"image\/jpeg\" \/>\n<meta name=\"author\" content=\"Jo\u00e3o Pedro Azevedo\" \/>\n<meta name=\"twitter:card\" content=\"summary_large_image\" \/>\n<meta name=\"twitter:label1\" content=\"Escrito por\" \/>\n\t<meta name=\"twitter:data1\" content=\"Jo\u00e3o Pedro Azevedo\" \/>\n\t<meta name=\"twitter:label2\" content=\"Est. tempo de leitura\" \/>\n\t<meta name=\"twitter:data2\" content=\"7 minutos\" \/>\n<script type=\"application\/ld+json\" class=\"yoast-schema-graph\">{\"@context\":\"https:\\\/\\\/schema.org\",\"@graph\":[{\"@type\":\"Article\",\"@id\":\"https:\\\/\\\/rehagro.com.br\\\/blog\\\/pragas-no-armazenamento-de-graos\\\/#article\",\"isPartOf\":{\"@id\":\"https:\\\/\\\/rehagro.com.br\\\/blog\\\/pragas-no-armazenamento-de-graos\\\/\"},\"author\":{\"name\":\"Jo\u00e3o Pedro Azevedo\",\"@id\":\"https:\\\/\\\/rehagro.com.br\\\/blog\\\/#\\\/schema\\\/person\\\/f2d1ae51b04939615ceebb3c0bfd8a94\"},\"headline\":\"Pragas de gr\u00e3os armazenados: conhe\u00e7a as principais e veja como combat\u00ea-las\",\"datePublished\":\"2018-09-12T19:10:32+00:00\",\"dateModified\":\"2026-01-30T17:55:24+00:00\",\"mainEntityOfPage\":{\"@id\":\"https:\\\/\\\/rehagro.com.br\\\/blog\\\/pragas-no-armazenamento-de-graos\\\/\"},\"wordCount\":1058,\"commentCount\":1,\"publisher\":{\"@id\":\"https:\\\/\\\/rehagro.com.br\\\/blog\\\/#organization\"},\"image\":{\"@id\":\"https:\\\/\\\/rehagro.com.br\\\/blog\\\/pragas-no-armazenamento-de-graos\\\/#primaryimage\"},\"thumbnailUrl\":\"https:\\\/\\\/rehagro.com.br\\\/blog\\\/wp-content\\\/uploads\\\/2018\\\/09\\\/pragas-graos.jpg\",\"keywords\":[\"gr\u00e3os\",\"insetos\",\"lavoura\",\"praga prim\u00e1ria\",\"praga secund\u00e1ria\",\"pragas\",\"silo\"],\"articleSection\":[\"GR\u00c3OS\"],\"inLanguage\":\"pt-BR\",\"potentialAction\":[{\"@type\":\"CommentAction\",\"name\":\"Comment\",\"target\":[\"https:\\\/\\\/rehagro.com.br\\\/blog\\\/pragas-no-armazenamento-de-graos\\\/#respond\"]}]},{\"@type\":\"WebPage\",\"@id\":\"https:\\\/\\\/rehagro.com.br\\\/blog\\\/pragas-no-armazenamento-de-graos\\\/\",\"url\":\"https:\\\/\\\/rehagro.com.br\\\/blog\\\/pragas-no-armazenamento-de-graos\\\/\",\"name\":\"Pragas de gr\u00e3os armazenados: quais s\u00e3o e como combat\u00ea-las?\",\"isPartOf\":{\"@id\":\"https:\\\/\\\/rehagro.com.br\\\/blog\\\/#website\"},\"primaryImageOfPage\":{\"@id\":\"https:\\\/\\\/rehagro.com.br\\\/blog\\\/pragas-no-armazenamento-de-graos\\\/#primaryimage\"},\"image\":{\"@id\":\"https:\\\/\\\/rehagro.com.br\\\/blog\\\/pragas-no-armazenamento-de-graos\\\/#primaryimage\"},\"thumbnailUrl\":\"https:\\\/\\\/rehagro.com.br\\\/blog\\\/wp-content\\\/uploads\\\/2018\\\/09\\\/pragas-graos.jpg\",\"datePublished\":\"2018-09-12T19:10:32+00:00\",\"dateModified\":\"2026-01-30T17:55:24+00:00\",\"description\":\"As pragas s\u00e3o respons\u00e1veis por grandes perdas no processo de armazenamento dos gr\u00e3os. Saiba quais s\u00e3o os principais tipos.\",\"breadcrumb\":{\"@id\":\"https:\\\/\\\/rehagro.com.br\\\/blog\\\/pragas-no-armazenamento-de-graos\\\/#breadcrumb\"},\"inLanguage\":\"pt-BR\",\"potentialAction\":[{\"@type\":\"ReadAction\",\"target\":[\"https:\\\/\\\/rehagro.com.br\\\/blog\\\/pragas-no-armazenamento-de-graos\\\/\"]}]},{\"@type\":\"ImageObject\",\"inLanguage\":\"pt-BR\",\"@id\":\"https:\\\/\\\/rehagro.com.br\\\/blog\\\/pragas-no-armazenamento-de-graos\\\/#primaryimage\",\"url\":\"https:\\\/\\\/rehagro.com.br\\\/blog\\\/wp-content\\\/uploads\\\/2018\\\/09\\\/pragas-graos.jpg\",\"contentUrl\":\"https:\\\/\\\/rehagro.com.br\\\/blog\\\/wp-content\\\/uploads\\\/2018\\\/09\\\/pragas-graos.jpg\",\"width\":1366,\"height\":504,\"caption\":\"Praga de armazenamento de gr\u00e3os\"},{\"@type\":\"BreadcrumbList\",\"@id\":\"https:\\\/\\\/rehagro.com.br\\\/blog\\\/pragas-no-armazenamento-de-graos\\\/#breadcrumb\",\"itemListElement\":[{\"@type\":\"ListItem\",\"position\":1,\"name\":\"In\u00edcio\",\"item\":\"https:\\\/\\\/rehagro.com.br\\\/blog\\\/\"},{\"@type\":\"ListItem\",\"position\":2,\"name\":\"Pragas de gr\u00e3os armazenados: conhe\u00e7a as principais e veja como combat\u00ea-las\"}]},{\"@type\":\"WebSite\",\"@id\":\"https:\\\/\\\/rehagro.com.br\\\/blog\\\/#website\",\"url\":\"https:\\\/\\\/rehagro.com.br\\\/blog\\\/\",\"name\":\"Rehagro Blog\",\"description\":\"\",\"publisher\":{\"@id\":\"https:\\\/\\\/rehagro.com.br\\\/blog\\\/#organization\"},\"potentialAction\":[{\"@type\":\"SearchAction\",\"target\":{\"@type\":\"EntryPoint\",\"urlTemplate\":\"https:\\\/\\\/rehagro.com.br\\\/blog\\\/?s={search_term_string}\"},\"query-input\":{\"@type\":\"PropertyValueSpecification\",\"valueRequired\":true,\"valueName\":\"search_term_string\"}}],\"inLanguage\":\"pt-BR\"},{\"@type\":\"Organization\",\"@id\":\"https:\\\/\\\/rehagro.com.br\\\/blog\\\/#organization\",\"name\":\"Rehagro\",\"url\":\"https:\\\/\\\/rehagro.com.br\\\/blog\\\/\",\"logo\":{\"@type\":\"ImageObject\",\"inLanguage\":\"pt-BR\",\"@id\":\"https:\\\/\\\/rehagro.com.br\\\/blog\\\/#\\\/schema\\\/logo\\\/image\\\/\",\"url\":\"https:\\\/\\\/rehagro.com.br\\\/blog\\\/wp-content\\\/uploads\\\/2018\\\/05\\\/logo-rehagro.png\",\"contentUrl\":\"https:\\\/\\\/rehagro.com.br\\\/blog\\\/wp-content\\\/uploads\\\/2018\\\/05\\\/logo-rehagro.png\",\"width\":400,\"height\":115,\"caption\":\"Rehagro\"},\"image\":{\"@id\":\"https:\\\/\\\/rehagro.com.br\\\/blog\\\/#\\\/schema\\\/logo\\\/image\\\/\"}},{\"@type\":\"Person\",\"@id\":\"https:\\\/\\\/rehagro.com.br\\\/blog\\\/#\\\/schema\\\/person\\\/f2d1ae51b04939615ceebb3c0bfd8a94\",\"name\":\"Jo\u00e3o Pedro Azevedo\",\"image\":{\"@type\":\"ImageObject\",\"inLanguage\":\"pt-BR\",\"@id\":\"https:\\\/\\\/secure.gravatar.com\\\/avatar\\\/34aacffb2f10625483f480470f3274778dd1c183ba4f66444bb60ae92149bf8a?s=96&d=mm&r=g\",\"url\":\"https:\\\/\\\/secure.gravatar.com\\\/avatar\\\/34aacffb2f10625483f480470f3274778dd1c183ba4f66444bb60ae92149bf8a?s=96&d=mm&r=g\",\"contentUrl\":\"https:\\\/\\\/secure.gravatar.com\\\/avatar\\\/34aacffb2f10625483f480470f3274778dd1c183ba4f66444bb60ae92149bf8a?s=96&d=mm&r=g\",\"caption\":\"Jo\u00e3o Pedro Azevedo\"},\"url\":\"https:\\\/\\\/rehagro.com.br\\\/blog\\\/author\\\/joao-pedro\\\/\"}]}<\/script>\n<!-- \/ Yoast SEO plugin. -->","yoast_head_json":{"title":"Pragas de gr\u00e3os armazenados: quais s\u00e3o e como combat\u00ea-las?","description":"As pragas s\u00e3o respons\u00e1veis por grandes perdas no processo de armazenamento dos gr\u00e3os. Saiba quais s\u00e3o os principais tipos.","robots":{"index":"index","follow":"follow","max-snippet":"max-snippet:-1","max-image-preview":"max-image-preview:large","max-video-preview":"max-video-preview:-1"},"canonical":"https:\/\/rehagro.com.br\/blog\/pragas-no-armazenamento-de-graos\/","og_locale":"pt_BR","og_type":"article","og_title":"Pragas de gr\u00e3os armazenados: quais s\u00e3o e como combat\u00ea-las?","og_description":"As pragas s\u00e3o respons\u00e1veis por grandes perdas no processo de armazenamento dos gr\u00e3os. Saiba quais s\u00e3o os principais tipos.","og_url":"https:\/\/rehagro.com.br\/blog\/pragas-no-armazenamento-de-graos\/","og_site_name":"Rehagro Blog","article_published_time":"2018-09-12T19:10:32+00:00","article_modified_time":"2026-01-30T17:55:24+00:00","og_image":[{"width":1366,"height":504,"url":"https:\/\/rehagro.com.br\/blog\/wp-content\/uploads\/2018\/09\/pragas-graos.jpg","type":"image\/jpeg"}],"author":"Jo\u00e3o Pedro Azevedo","twitter_card":"summary_large_image","twitter_misc":{"Escrito por":"Jo\u00e3o Pedro Azevedo","Est. tempo de leitura":"7 minutos"},"schema":{"@context":"https:\/\/schema.org","@graph":[{"@type":"Article","@id":"https:\/\/rehagro.com.br\/blog\/pragas-no-armazenamento-de-graos\/#article","isPartOf":{"@id":"https:\/\/rehagro.com.br\/blog\/pragas-no-armazenamento-de-graos\/"},"author":{"name":"Jo\u00e3o Pedro Azevedo","@id":"https:\/\/rehagro.com.br\/blog\/#\/schema\/person\/f2d1ae51b04939615ceebb3c0bfd8a94"},"headline":"Pragas de gr\u00e3os armazenados: conhe\u00e7a as principais e veja como combat\u00ea-las","datePublished":"2018-09-12T19:10:32+00:00","dateModified":"2026-01-30T17:55:24+00:00","mainEntityOfPage":{"@id":"https:\/\/rehagro.com.br\/blog\/pragas-no-armazenamento-de-graos\/"},"wordCount":1058,"commentCount":1,"publisher":{"@id":"https:\/\/rehagro.com.br\/blog\/#organization"},"image":{"@id":"https:\/\/rehagro.com.br\/blog\/pragas-no-armazenamento-de-graos\/#primaryimage"},"thumbnailUrl":"https:\/\/rehagro.com.br\/blog\/wp-content\/uploads\/2018\/09\/pragas-graos.jpg","keywords":["gr\u00e3os","insetos","lavoura","praga prim\u00e1ria","praga secund\u00e1ria","pragas","silo"],"articleSection":["GR\u00c3OS"],"inLanguage":"pt-BR","potentialAction":[{"@type":"CommentAction","name":"Comment","target":["https:\/\/rehagro.com.br\/blog\/pragas-no-armazenamento-de-graos\/#respond"]}]},{"@type":"WebPage","@id":"https:\/\/rehagro.com.br\/blog\/pragas-no-armazenamento-de-graos\/","url":"https:\/\/rehagro.com.br\/blog\/pragas-no-armazenamento-de-graos\/","name":"Pragas de gr\u00e3os armazenados: quais s\u00e3o e como combat\u00ea-las?","isPartOf":{"@id":"https:\/\/rehagro.com.br\/blog\/#website"},"primaryImageOfPage":{"@id":"https:\/\/rehagro.com.br\/blog\/pragas-no-armazenamento-de-graos\/#primaryimage"},"image":{"@id":"https:\/\/rehagro.com.br\/blog\/pragas-no-armazenamento-de-graos\/#primaryimage"},"thumbnailUrl":"https:\/\/rehagro.com.br\/blog\/wp-content\/uploads\/2018\/09\/pragas-graos.jpg","datePublished":"2018-09-12T19:10:32+00:00","dateModified":"2026-01-30T17:55:24+00:00","description":"As pragas s\u00e3o respons\u00e1veis por grandes perdas no processo de armazenamento dos gr\u00e3os. Saiba quais s\u00e3o os principais tipos.","breadcrumb":{"@id":"https:\/\/rehagro.com.br\/blog\/pragas-no-armazenamento-de-graos\/#breadcrumb"},"inLanguage":"pt-BR","potentialAction":[{"@type":"ReadAction","target":["https:\/\/rehagro.com.br\/blog\/pragas-no-armazenamento-de-graos\/"]}]},{"@type":"ImageObject","inLanguage":"pt-BR","@id":"https:\/\/rehagro.com.br\/blog\/pragas-no-armazenamento-de-graos\/#primaryimage","url":"https:\/\/rehagro.com.br\/blog\/wp-content\/uploads\/2018\/09\/pragas-graos.jpg","contentUrl":"https:\/\/rehagro.com.br\/blog\/wp-content\/uploads\/2018\/09\/pragas-graos.jpg","width":1366,"height":504,"caption":"Praga de armazenamento de gr\u00e3os"},{"@type":"BreadcrumbList","@id":"https:\/\/rehagro.com.br\/blog\/pragas-no-armazenamento-de-graos\/#breadcrumb","itemListElement":[{"@type":"ListItem","position":1,"name":"In\u00edcio","item":"https:\/\/rehagro.com.br\/blog\/"},{"@type":"ListItem","position":2,"name":"Pragas de gr\u00e3os armazenados: conhe\u00e7a as principais e veja como combat\u00ea-las"}]},{"@type":"WebSite","@id":"https:\/\/rehagro.com.br\/blog\/#website","url":"https:\/\/rehagro.com.br\/blog\/","name":"Rehagro Blog","description":"","publisher":{"@id":"https:\/\/rehagro.com.br\/blog\/#organization"},"potentialAction":[{"@type":"SearchAction","target":{"@type":"EntryPoint","urlTemplate":"https:\/\/rehagro.com.br\/blog\/?s={search_term_string}"},"query-input":{"@type":"PropertyValueSpecification","valueRequired":true,"valueName":"search_term_string"}}],"inLanguage":"pt-BR"},{"@type":"Organization","@id":"https:\/\/rehagro.com.br\/blog\/#organization","name":"Rehagro","url":"https:\/\/rehagro.com.br\/blog\/","logo":{"@type":"ImageObject","inLanguage":"pt-BR","@id":"https:\/\/rehagro.com.br\/blog\/#\/schema\/logo\/image\/","url":"https:\/\/rehagro.com.br\/blog\/wp-content\/uploads\/2018\/05\/logo-rehagro.png","contentUrl":"https:\/\/rehagro.com.br\/blog\/wp-content\/uploads\/2018\/05\/logo-rehagro.png","width":400,"height":115,"caption":"Rehagro"},"image":{"@id":"https:\/\/rehagro.com.br\/blog\/#\/schema\/logo\/image\/"}},{"@type":"Person","@id":"https:\/\/rehagro.com.br\/blog\/#\/schema\/person\/f2d1ae51b04939615ceebb3c0bfd8a94","name":"Jo\u00e3o Pedro Azevedo","image":{"@type":"ImageObject","inLanguage":"pt-BR","@id":"https:\/\/secure.gravatar.com\/avatar\/34aacffb2f10625483f480470f3274778dd1c183ba4f66444bb60ae92149bf8a?s=96&d=mm&r=g","url":"https:\/\/secure.gravatar.com\/avatar\/34aacffb2f10625483f480470f3274778dd1c183ba4f66444bb60ae92149bf8a?s=96&d=mm&r=g","contentUrl":"https:\/\/secure.gravatar.com\/avatar\/34aacffb2f10625483f480470f3274778dd1c183ba4f66444bb60ae92149bf8a?s=96&d=mm&r=g","caption":"Jo\u00e3o Pedro Azevedo"},"url":"https:\/\/rehagro.com.br\/blog\/author\/joao-pedro\/"}]}},"_links":{"self":[{"href":"https:\/\/rehagro.com.br\/blog\/wp-json\/wp\/v2\/posts\/5108","targetHints":{"allow":["GET"]}}],"collection":[{"href":"https:\/\/rehagro.com.br\/blog\/wp-json\/wp\/v2\/posts"}],"about":[{"href":"https:\/\/rehagro.com.br\/blog\/wp-json\/wp\/v2\/types\/post"}],"author":[{"embeddable":true,"href":"https:\/\/rehagro.com.br\/blog\/wp-json\/wp\/v2\/users\/21"}],"replies":[{"embeddable":true,"href":"https:\/\/rehagro.com.br\/blog\/wp-json\/wp\/v2\/comments?post=5108"}],"version-history":[{"count":50,"href":"https:\/\/rehagro.com.br\/blog\/wp-json\/wp\/v2\/posts\/5108\/revisions"}],"predecessor-version":[{"id":41286,"href":"https:\/\/rehagro.com.br\/blog\/wp-json\/wp\/v2\/posts\/5108\/revisions\/41286"}],"wp:featuredmedia":[{"embeddable":true,"href":"https:\/\/rehagro.com.br\/blog\/wp-json\/wp\/v2\/media\/21438"}],"wp:attachment":[{"href":"https:\/\/rehagro.com.br\/blog\/wp-json\/wp\/v2\/media?parent=5108"}],"wp:term":[{"taxonomy":"category","embeddable":true,"href":"https:\/\/rehagro.com.br\/blog\/wp-json\/wp\/v2\/categories?post=5108"},{"taxonomy":"post_tag","embeddable":true,"href":"https:\/\/rehagro.com.br\/blog\/wp-json\/wp\/v2\/tags?post=5108"}],"curies":[{"name":"wp","href":"https:\/\/api.w.org\/{rel}","templated":true}]}}