{"id":4867,"date":"2018-07-30T09:51:02","date_gmt":"2018-07-30T12:51:02","guid":{"rendered":"https:\/\/rehagro.com.br\/blog\/?p=4867"},"modified":"2026-02-23T11:39:52","modified_gmt":"2026-02-23T14:39:52","slug":"mudancas-climaticas-globais","status":"publish","type":"post","link":"https:\/\/rehagro.com.br\/blog\/mudancas-climaticas-globais\/","title":{"rendered":"Mudan\u00e7as clim\u00e1ticas e agricultura: saiba os principais impactos"},"content":{"rendered":"<p>As atividades antr\u00f3picas est\u00e3o alterando as concentra\u00e7\u00f5es de gases de efeito estufa da atmosfera <strong>e causando mudan\u00e7as clim\u00e1ticas no planeta.<\/strong> Essas atividades intensificadas ap\u00f3s a revolu\u00e7\u00e3o industrial no final do s\u00e9culo XVIII resultaram do uso de fontes de combust\u00edvel f\u00f3ssil, desmatamento e outras mudan\u00e7as no uso da terra. Certamente, num futuro pr\u00f3ximo, devido \u00e0s mudan\u00e7as clim\u00e1ticas globais, ocorrer\u00e3o modifica\u00e7\u00f5es na agricultura brasileira.<\/p>\n<p>Os impactos podem ser positivos, negativos ou neutros, pois as mudan\u00e7as podem diminuir, aumentar ou n\u00e3o ter efeito sobre as plantas, doen\u00e7as, pragas e outros organismos em cada regi\u00e3o ou \u00e9poca, al\u00e9m dos demais componentes do ecossistema agro.<\/p>\n<div style=\"background-color: #efefef; padding-left: 10px; padding-right: 5px; border-radius: 10px;\">\n<p>&nbsp;<\/p>\n<p style=\"text-align: center;\"><strong><span style=\"font-size: 14pt;\">Sem tempo para ler agora? Baixe este artigo em PDF!<\/span><\/strong><\/p>\n<p><script charset=\"utf-8\" type=\"text\/javascript\" src=\"\/\/js.hsforms.net\/forms\/embed\/v2.js\"><\/script><br \/>\n<script>\nhbspt.forms.create({\nregion: \"na1\",\nportalId: \"5430441\",\nformId: \"0ced5949-c607-48c5-8d39-f0179ca418eb\"\n});\n<\/script><\/p>\n<\/div>\n<h2>Mudan\u00e7as clim\u00e1ticas e o cen\u00e1rio da agricultura brasileira<\/h2>\n<p>A concentra\u00e7\u00e3o de di\u00f3xido de carbono (CO\u2082) na atmosfera tem atingido n\u00edveis significativamente altos nos \u00faltimos 650 mil anos. Desde 2000, a taxa de crescimento da concentra\u00e7\u00e3o de CO\u2082 est\u00e1 aumentando muito rapidamente em rela\u00e7\u00e3o \u00e0s d\u00e9cadas anteriores. O mesmo tem ocorrido para o g\u00e1s metano (CH\u2084), \u00f3xido de nitrog\u00eanio (N\u2082O) e outros gases do efeito estufa.<\/p>\n<p>Os modelos de previs\u00e3o de mudan\u00e7as clim\u00e1ticas do Centro de Distribui\u00e7\u00e3o de Dados do IPCC (Painel Intergovernamental de Mudan\u00e7as Clim\u00e1ticas) apresentam resultados bastante vari\u00e1veis quanto ao comportamento da Am\u00e9rica do Sul. Contudo, todos preveem aumento de temperatura para todo o continente.<\/p>\n<p>Quanto \u00e0 precipita\u00e7\u00e3o, as proje\u00e7\u00f5es indicam aumento de chuva em algumas regi\u00f5es e diminui\u00e7\u00e3o em outras, podendo inclusive haver invers\u00e3o em fun\u00e7\u00e3o da \u00e9poca do ano.<\/p>\n<p><strong>Sem d\u00favidas as mudan\u00e7as clim\u00e1ticas tamb\u00e9m ocorrer\u00e3o no Brasil e, talvez, com efeitos mais danosos pela vulnerabilidade hist\u00f3rica que o pa\u00eds apresenta a desastres naturais<\/strong>, como secas, enchentes e deslizamentos de encostas. Essas mudan\u00e7as afetam diretamente a agricultura e as \u00e1reas florestais brasileiras.<\/p>\n<p>Alguns estudos simulando os impactos sobre a agricultura por meio de modelos matem\u00e1ticos j\u00e1 foram apresentados para o <strong><a href=\"https:\/\/rehagro.com.br\/blog\/origem-do-trigo-no-brasil\/\" target=\"_blank\" rel=\"noopener\">trigo<\/a><\/strong>, milho, soja, caf\u00e9, feij\u00e3o e arroz.<\/p>\n<p>Esses estudos t\u00eam previsto perdas econ\u00f4micas anuais provocadas pelo aumento de 1\u00baC na temperatura, chegando a valores de 375 milh\u00f5es de d\u00f3lares para o caf\u00e9, somando os estados de Minas Gerais, Paran\u00e1 e S\u00e3o Paulo, e 61 milh\u00f5es de d\u00f3lares para o milho em S\u00e3o Paulo.<\/p>\n<p>Al\u00e9m desses, outros estudos contemplam efeitos sobre <strong><a href=\"https:\/\/rehagro.com.br\/blog\/pragas-no-armazenamento-de-graos\/\" target=\"_blank\" rel=\"noopener\">pragas<\/a><\/strong>, doen\u00e7as, solos e outros aspectos do sistema produtivo agr\u00edcola.<\/p>\n<p>Ao se considerar que a condi\u00e7\u00e3o clim\u00e1tica ser\u00e1 de fato alterada, com base nos cen\u00e1rios previstos pelo IPCC (10) \u00e9 poss\u00edvel formular algumas hip\u00f3teses sobre a din\u00e2mica da agricultura no Brasil e no mundo.<\/p>\n<p><a href=\"https:\/\/conteudo.rehagro.com.br\/ebook-como-obter-sucesso-no-plantio?utm_campaign=material-graos&amp;utm_source=ebook-sucesso-plantio&amp;utm_medium=blog\" target=\"_blank\" rel=\"noopener\"><img loading=\"lazy\" decoding=\"async\" class=\"aligncenter wp-image-39606 size-full\" title=\"Clique e baixe o e-book gr\u00e1tis!\" src=\"https:\/\/rehagro.com.br\/blog\/wp-content\/uploads\/2025\/09\/banner-ebook-plantio-graos.png\" alt=\"E-book 7 passos para obter sucesso no plantio de gr\u00e3os\" width=\"980\" height=\"317\" srcset=\"https:\/\/rehagro.com.br\/blog\/wp-content\/uploads\/2025\/09\/banner-ebook-plantio-graos.png 980w, https:\/\/rehagro.com.br\/blog\/wp-content\/uploads\/2025\/09\/banner-ebook-plantio-graos-300x97.png 300w, https:\/\/rehagro.com.br\/blog\/wp-content\/uploads\/2025\/09\/banner-ebook-plantio-graos-768x248.png 768w, https:\/\/rehagro.com.br\/blog\/wp-content\/uploads\/2025\/09\/banner-ebook-plantio-graos-370x120.png 370w, https:\/\/rehagro.com.br\/blog\/wp-content\/uploads\/2025\/09\/banner-ebook-plantio-graos-270x87.png 270w, https:\/\/rehagro.com.br\/blog\/wp-content\/uploads\/2025\/09\/banner-ebook-plantio-graos-740x239.png 740w, https:\/\/rehagro.com.br\/blog\/wp-content\/uploads\/2025\/09\/banner-ebook-plantio-graos-150x49.png 150w\" sizes=\"auto, (max-width: 980px) 100vw, 980px\" \/><\/a><\/p>\n<h2>Culturas anuais<\/h2>\n<p>Uma hip\u00f3tese aceit\u00e1vel \u00e9 sua migra\u00e7\u00e3o para zonas temperadas, com boa possibilidade de ganho de produtividade nas esp\u00e9cies de <strong>ciclo fotossint\u00e9tico C4<\/strong>, denomina\u00e7\u00e3o dada ao grupo de plantas das gram\u00edneas (<strong><a href=\"https:\/\/rehagro.com.br\/blog\/cultura-do-milho\/\" target=\"_blank\" rel=\"noopener\">milho<\/a><\/strong>, sorgo e cana-de-a\u00e7\u00facar)<\/p>\n<p>Esse grupo apresenta <strong>caracter\u00edsticas anat\u00f4micas e fisiol\u00f3gicas implicam em maior habilidade dessas plantas em conviver em ambientes mais quentes e com elevada irradi\u00e2ncia solar<\/strong>, tornando-as supostamente mais aptas a suportar as condi\u00e7\u00f5es que devem imperar nos ver\u00f5es das regi\u00f5es temperadas.<\/p>\n<p>J\u00e1 as <strong>plantas C3<\/strong> (<strong><a href=\"https:\/\/rehagro.com.br\/blog\/feijoeiro-comum-no-brasil-origem-e-historico-do-cultivo\/\" target=\"_blank\" rel=\"noopener\">feij\u00e3o<\/a><\/strong>, soja, caf\u00e9), em contrapartida, <strong>apresentam maior sensibilidade \u00e0s condi\u00e7\u00f5es de oferta ambiental abundante em rela\u00e7\u00e3o \u00e0 temperatura e \u00e0 radia\u00e7\u00e3o solar.<\/strong><\/p>\n<p>Neste tipo de ambiente ocorre o fen\u00f4meno conhecido como fotorrespira\u00e7\u00e3o nessas esp\u00e9cies que \u00e9 tido como um processo de autodefesa do aparelho fotossint\u00e9tico, principalmente em plantas expostas \u00e0s altas intensidades luminosas, com o objetivo de dissipar o ac\u00famulo de mol\u00e9culas que, em condi\u00e7\u00f5es ideais de temperatura e radia\u00e7\u00e3o, s\u00e3o \u00fateis \u00e0 c\u00e9lula, mas que, quando produzidos intensamente, podem se acumular e danificar as estruturas fotossint\u00e9ticas.<\/p>\n<p>Com base nessa breve compara\u00e7\u00e3o, parece razo\u00e1vel inferir que <strong>as esp\u00e9cies C4 estejam mais preparadas para a eleva\u00e7\u00e3o da temperatura do que as esp\u00e9cies C3. <\/strong><\/p>\n<p>As porcentagens de perdas de \u00e1rea indicam n\u00edveis diferentes de impactos sobre as diferentes culturas, sendo que o milho, gram\u00ednea de ciclo C4, sofrer\u00e1 menos com as altas temperaturas, pois apresenta aumento da taxa de fotoss\u00edntese para temperaturas de at\u00e9 aproximadamente 30\u202f\u00b0C. Estimativas preliminares para a cana-de-a\u00e7\u00facar para os estados de S\u00e3o Paulo, Mato Grosso e Goi\u00e1s, tamb\u00e9m apontam nessa dire\u00e7\u00e3o.<\/p>\n<h2>Culturas perenes<\/h2>\n<p>Mostram melhor desempenho em ambientes tropicais com menor sazonalidade, onde as condi\u00e7\u00f5es de temperatura e disponibilidade de \u00e1gua ocorrem de maneira adequada \u00e0 manuten\u00e7\u00e3o do seu ciclo fenol\u00f3gico ao longo do ano.<\/p>\n<p>Ao se considerar os novos cen\u00e1rios projetados pelos modelos clim\u00e1ticos, nos quais a temperatura deve se elevar ao longo de todo o ano e com mais intensidade no inverno e a chuva deve se concentrar durante os meses de ver\u00e3o, acentuando e prolongando o per\u00edodo de seca no inverno, \u00e9 razo\u00e1vel formular a hip\u00f3tese de que a defici\u00eancia h\u00eddrica neste per\u00edodo aumentar\u00e1 em compara\u00e7\u00e3o ao que se observa atualmente.<\/p>\n<p><strong>Consequentemente, as esp\u00e9cies perenes teriam maior dificuldade em suportar o estresse por falta d\u2019\u00e1gua durante o per\u00edodo mais seco do ano, sendo mais prejudicadas que as culturas anuais.<\/strong><\/p>\n<p>Por\u00e9m, as respostas fisiol\u00f3gicas \u00e0s diferentes condi\u00e7\u00f5es ambientais n\u00e3o s\u00e3o lineares e mesmo sem altera\u00e7\u00f5es gen\u00e9ticas, plantas crescendo sob nova condi\u00e7\u00e3o ambiental mostram capacidade de adapta\u00e7\u00e3o.<\/p>\n<p>Um exemplo \u00e9 o comportamento de plantas crescendo em estufas com aumento da concentra\u00e7\u00e3o de CO\u2082, ocorrendo um fen\u00f4meno conhecido como \u201cfertiliza\u00e7\u00e3o por CO\u2082\u201d. Em condi\u00e7\u00f5es de campo esse comportamento n\u00e3o \u00e9 t\u00e3o claro.<\/p>\n<h2>Pat\u00f3genos de plantas<\/h2>\n<p>Est\u00e3o normalmente presentes em sistemas naturais e agr\u00edcolas, sendo um dos primeiros organismos a demonstrarem o efeito das mudan\u00e7as clim\u00e1ticas devido \u00e0 numerosa popula\u00e7\u00e3o, facilidade de reprodu\u00e7\u00e3o e dispers\u00e3o e curto espa\u00e7o entre gera\u00e7\u00f5es.<\/p>\n<p>Dessa forma, eles constituem um grupo fundamental como indicador biol\u00f3gico que precisa ser avaliado quanto aos impactos das mudan\u00e7as clim\u00e1ticas, al\u00e9m de serem respons\u00e1veis por perdas de produ\u00e7\u00e3o e uma amea\u00e7a potencial \u00e0 sustentabilidade dos agroecossistemas.<\/p>\n<h2>Insetos-praga<\/h2>\n<p>Alguns estudos t\u00eam demonstrado que a introdu\u00e7\u00e3o de fungos endof\u00edticos (vivem dentro da planta sem causar danos) em plantas de import\u00e2ncia agron\u00f4mica as torna mais resistentes a altera\u00e7\u00f5es do clima.<\/p>\n<p>Dessa forma, <strong>a eleva\u00e7\u00e3o do n\u00edvel de CO\u2082 atmosf\u00e9rico, por exemplo, pode afetar, al\u00e9m das rela\u00e7\u00f5es entre a planta hospedeira e o microrganismo endof\u00edtico, tamb\u00e9m as rela\u00e7\u00f5es entre insetos herb\u00edvoros e as plantas, e destes com os endof\u00edticos.<\/strong><\/p>\n<p>Tal altera\u00e7\u00e3o ambiente pode causar efeitos na composi\u00e7\u00e3o nutricional e em fatores aleloqu\u00edmicos das folhas, sendo que para muitas plantas, a redu\u00e7\u00e3o do valor nutricional resulta do aumento do conte\u00fado de amido e carboidratos e decl\u00ednio no teor de nitrog\u00eanio. Essas altera\u00e7\u00f5es causam mudan\u00e7as no consumo e crescimento de insetos herb\u00edvoros.<\/p>\n<p>Como as folhas apresentam aumento da rela\u00e7\u00e3o carboidrato\/nitrog\u00eanio em ambientes com elevado teor de CO\u2082, os insetos compensam parcialmente essa mudan\u00e7a aumentando as taxas de consumo.<\/p>\n<p>\u00c9 importante salientar que as respostas fisiol\u00f3gicas das diferentes plantas, pat\u00f3genos e insetos \u00e0s diferentes condi\u00e7\u00f5es ambientais n\u00e3o s\u00e3o lineares e, mesmo sem altera\u00e7\u00f5es gen\u00e9ticas, plantas crescendo sob nova condi\u00e7\u00e3o ambiental mostram capacidade de se adapta\u00e7\u00e3o. \u00c9 preciso avan\u00e7ar nas simula\u00e7\u00f5es de cen\u00e1rios agr\u00edcolas que sejam mais pr\u00f3ximos do futuro real e processos fisiol\u00f3gicos.<\/p>\n<p>O desenvolvimento de pragas e doen\u00e7as com base na altera\u00e7\u00e3o clim\u00e1tica, as mudan\u00e7as de m\u00e9todos nos <strong>sistemas produtivos<\/strong> e as proje\u00e7\u00f5es de avan\u00e7os tecnol\u00f3gicos devem ser pass\u00edveis de modelagem matem\u00e1tica e incorpor\u00e1veis aos modelos hoje utilizados para que possamos compreender melhor as mudan\u00e7as que est\u00e3o por vir.<\/p>\n<p>O Brasil por possui uma matriz energ\u00e9tica relativamente limpa e, resolvida a quest\u00e3o do desmatamento e das queimadas, poder\u00e1 deixar de ser um dos maiores emissores do mundo para ocupar uma posi\u00e7\u00e3o de destaque no cen\u00e1rio ambiental global.<\/p>\n<h2>Pronto para descobrir os segredos da produ\u00e7\u00e3o de gr\u00e3os?<\/h2>\n<p>O <a href=\"https:\/\/rehagro.com.br\/cursos-livres\/agro-para-todos-descobrindo-a-producao-de-graos?utm_campaign=12253459-mkt-materiais-agr&amp;utm_source=textos&amp;utm_medium=blog\" target=\"_blank\" rel=\"noopener\"><strong>Curso Online Agro Para Todos: Descobrindo a Produ\u00e7\u00e3o de Gr\u00e3os<\/strong><\/a> oferece uma forma\u00e7\u00e3o essencial para quem deseja compreender os fundamentos da atividade, desde o ciclo das culturas at\u00e9 os desafios do manejo e da comercializa\u00e7\u00e3o.<\/p>\n<p>Com uma linguagem acess\u00edvel e foco em aplica\u00e7\u00f5es pr\u00e1ticas, voc\u00ea vai aprender os fundamentos da produ\u00e7\u00e3o agr\u00edcola, desde os ciclos das culturas at\u00e9 o manejo de solo, controle de pragas, uso de fertilizantes e an\u00e1lise de custos e margens.<\/p>\n<p>Clique no banner abaixo e d\u00ea o primeiro passo para construir uma base s\u00f3lida na produ\u00e7\u00e3o de gr\u00e3os.<\/p>\n<p><a href=\"https:\/\/rehagro.com.br\/cursos-livres\/agro-para-todos-descobrindo-a-producao-de-graos?utm_campaign=12253459-mkt-materiais-agr&amp;utm_source=textos&amp;utm_medium=blog\" target=\"_blank\" rel=\"noopener\"><img loading=\"lazy\" decoding=\"async\" class=\"aligncenter wp-image-37524 size-full\" title=\"Clique e saiba mais sobre o curso!\" src=\"https:\/\/rehagro.com.br\/blog\/wp-content\/uploads\/2025\/05\/banner_agr.jpg\" alt=\"Curso Descobrindo a Produ\u00e7\u00e3o de Gr\u00e3os\" width=\"1200\" height=\"624\" srcset=\"https:\/\/rehagro.com.br\/blog\/wp-content\/uploads\/2025\/05\/banner_agr.jpg 1200w, https:\/\/rehagro.com.br\/blog\/wp-content\/uploads\/2025\/05\/banner_agr-300x156.jpg 300w, https:\/\/rehagro.com.br\/blog\/wp-content\/uploads\/2025\/05\/banner_agr-1024x532.jpg 1024w, https:\/\/rehagro.com.br\/blog\/wp-content\/uploads\/2025\/05\/banner_agr-768x399.jpg 768w, https:\/\/rehagro.com.br\/blog\/wp-content\/uploads\/2025\/05\/banner_agr-370x192.jpg 370w, https:\/\/rehagro.com.br\/blog\/wp-content\/uploads\/2025\/05\/banner_agr-270x140.jpg 270w, https:\/\/rehagro.com.br\/blog\/wp-content\/uploads\/2025\/05\/banner_agr-740x385.jpg 740w, https:\/\/rehagro.com.br\/blog\/wp-content\/uploads\/2025\/05\/banner_agr-150x78.jpg 150w\" sizes=\"auto, (max-width: 1200px) 100vw, 1200px\" \/><\/a><\/p>\n<p>Texto produzido pela Equipe Gr\u00e3os Rehagro.<\/p>\n","protected":false},"excerpt":{"rendered":"<p>As atividades antr\u00f3picas est\u00e3o alterando as concentra\u00e7\u00f5es de gases de efeito estufa da atmosfera e causando mudan\u00e7as clim\u00e1ticas no planeta. Essas atividades intensificadas ap\u00f3s a revolu\u00e7\u00e3o industrial no final do s\u00e9culo XVIII resultaram do uso de fontes de combust\u00edvel f\u00f3ssil, desmatamento e outras mudan\u00e7as no uso da terra. Certamente, num futuro pr\u00f3ximo, devido \u00e0s mudan\u00e7as [&hellip;]<\/p>\n","protected":false},"author":21,"featured_media":21631,"comment_status":"open","ping_status":"open","sticky":false,"template":"","format":"standard","meta":{"footnotes":""},"categories":[213],"tags":[340,544,619,621,263,356,252,623],"class_list":["post-4867","post","type-post","status-publish","format-standard","has-post-thumbnail","hentry","category-graos","tag-agricultura","tag-amostragem-do-solo","tag-avancos-tecnologicos","tag-insetos","tag-mudancas","tag-plantas","tag-solo","tag-sustentabilidade"],"yoast_head":"<!-- This site is optimized with the Yoast SEO plugin v27.4 - https:\/\/yoast.com\/product\/yoast-seo-wordpress\/ -->\n<title>Mudan\u00e7as clim\u00e1ticas e principais impactos na agricultura<\/title>\n<meta name=\"description\" content=\"Certamente, devido \u00e0s mudan\u00e7as clim\u00e1ticas globais, ocorrer\u00e3o modifica\u00e7\u00f5es na agricultura brasileiro. Saiba mais sobre os impactos.\" \/>\n<meta name=\"robots\" content=\"index, follow, max-snippet:-1, max-image-preview:large, max-video-preview:-1\" \/>\n<link rel=\"canonical\" href=\"https:\/\/rehagro.com.br\/blog\/mudancas-climaticas-globais\/\" \/>\n<meta property=\"og:locale\" content=\"pt_BR\" \/>\n<meta property=\"og:type\" content=\"article\" \/>\n<meta property=\"og:title\" content=\"Mudan\u00e7as clim\u00e1ticas e principais impactos na agricultura\" \/>\n<meta property=\"og:description\" content=\"Certamente, devido \u00e0s mudan\u00e7as clim\u00e1ticas globais, ocorrer\u00e3o modifica\u00e7\u00f5es na agricultura brasileiro. Saiba mais sobre os impactos.\" \/>\n<meta property=\"og:url\" content=\"https:\/\/rehagro.com.br\/blog\/mudancas-climaticas-globais\/\" \/>\n<meta property=\"og:site_name\" content=\"Rehagro Blog\" \/>\n<meta property=\"article:published_time\" content=\"2018-07-30T12:51:02+00:00\" \/>\n<meta property=\"article:modified_time\" content=\"2026-02-23T14:39:52+00:00\" \/>\n<meta property=\"og:image\" content=\"https:\/\/rehagro.com.br\/blog\/wp-content\/uploads\/2018\/07\/capa-mudancas-climaticas.jpg\" \/>\n\t<meta property=\"og:image:width\" content=\"1280\" \/>\n\t<meta property=\"og:image:height\" content=\"855\" \/>\n\t<meta property=\"og:image:type\" content=\"image\/jpeg\" \/>\n<meta name=\"author\" content=\"Jo\u00e3o Pedro Azevedo\" \/>\n<meta name=\"twitter:card\" content=\"summary_large_image\" \/>\n<meta name=\"twitter:label1\" content=\"Escrito por\" \/>\n\t<meta name=\"twitter:data1\" content=\"Jo\u00e3o Pedro Azevedo\" \/>\n\t<meta name=\"twitter:label2\" content=\"Est. tempo de leitura\" \/>\n\t<meta name=\"twitter:data2\" content=\"8 minutos\" \/>\n<script type=\"application\/ld+json\" class=\"yoast-schema-graph\">{\"@context\":\"https:\\\/\\\/schema.org\",\"@graph\":[{\"@type\":\"Article\",\"@id\":\"https:\\\/\\\/rehagro.com.br\\\/blog\\\/mudancas-climaticas-globais\\\/#article\",\"isPartOf\":{\"@id\":\"https:\\\/\\\/rehagro.com.br\\\/blog\\\/mudancas-climaticas-globais\\\/\"},\"author\":{\"name\":\"Jo\u00e3o Pedro Azevedo\",\"@id\":\"https:\\\/\\\/rehagro.com.br\\\/blog\\\/#\\\/schema\\\/person\\\/f2d1ae51b04939615ceebb3c0bfd8a94\"},\"headline\":\"Mudan\u00e7as clim\u00e1ticas e agricultura: saiba os principais impactos\",\"datePublished\":\"2018-07-30T12:51:02+00:00\",\"dateModified\":\"2026-02-23T14:39:52+00:00\",\"mainEntityOfPage\":{\"@id\":\"https:\\\/\\\/rehagro.com.br\\\/blog\\\/mudancas-climaticas-globais\\\/\"},\"wordCount\":1551,\"commentCount\":0,\"publisher\":{\"@id\":\"https:\\\/\\\/rehagro.com.br\\\/blog\\\/#organization\"},\"image\":{\"@id\":\"https:\\\/\\\/rehagro.com.br\\\/blog\\\/mudancas-climaticas-globais\\\/#primaryimage\"},\"thumbnailUrl\":\"https:\\\/\\\/rehagro.com.br\\\/blog\\\/wp-content\\\/uploads\\\/2018\\\/07\\\/capa-mudancas-climaticas.jpg\",\"keywords\":[\"agricultura\",\"amostragem do solo\",\"avan\u00e7os tecnol\u00f3gicos\",\"insetos\",\"mudan\u00e7as\",\"plantas\",\"solo\",\"sustentabilidade\"],\"articleSection\":[\"GR\u00c3OS\"],\"inLanguage\":\"pt-BR\",\"potentialAction\":[{\"@type\":\"CommentAction\",\"name\":\"Comment\",\"target\":[\"https:\\\/\\\/rehagro.com.br\\\/blog\\\/mudancas-climaticas-globais\\\/#respond\"]}]},{\"@type\":\"WebPage\",\"@id\":\"https:\\\/\\\/rehagro.com.br\\\/blog\\\/mudancas-climaticas-globais\\\/\",\"url\":\"https:\\\/\\\/rehagro.com.br\\\/blog\\\/mudancas-climaticas-globais\\\/\",\"name\":\"Mudan\u00e7as clim\u00e1ticas e principais impactos na agricultura\",\"isPartOf\":{\"@id\":\"https:\\\/\\\/rehagro.com.br\\\/blog\\\/#website\"},\"primaryImageOfPage\":{\"@id\":\"https:\\\/\\\/rehagro.com.br\\\/blog\\\/mudancas-climaticas-globais\\\/#primaryimage\"},\"image\":{\"@id\":\"https:\\\/\\\/rehagro.com.br\\\/blog\\\/mudancas-climaticas-globais\\\/#primaryimage\"},\"thumbnailUrl\":\"https:\\\/\\\/rehagro.com.br\\\/blog\\\/wp-content\\\/uploads\\\/2018\\\/07\\\/capa-mudancas-climaticas.jpg\",\"datePublished\":\"2018-07-30T12:51:02+00:00\",\"dateModified\":\"2026-02-23T14:39:52+00:00\",\"description\":\"Certamente, devido \u00e0s mudan\u00e7as clim\u00e1ticas globais, ocorrer\u00e3o modifica\u00e7\u00f5es na agricultura brasileiro. Saiba mais sobre os impactos.\",\"breadcrumb\":{\"@id\":\"https:\\\/\\\/rehagro.com.br\\\/blog\\\/mudancas-climaticas-globais\\\/#breadcrumb\"},\"inLanguage\":\"pt-BR\",\"potentialAction\":[{\"@type\":\"ReadAction\",\"target\":[\"https:\\\/\\\/rehagro.com.br\\\/blog\\\/mudancas-climaticas-globais\\\/\"]}]},{\"@type\":\"ImageObject\",\"inLanguage\":\"pt-BR\",\"@id\":\"https:\\\/\\\/rehagro.com.br\\\/blog\\\/mudancas-climaticas-globais\\\/#primaryimage\",\"url\":\"https:\\\/\\\/rehagro.com.br\\\/blog\\\/wp-content\\\/uploads\\\/2018\\\/07\\\/capa-mudancas-climaticas.jpg\",\"contentUrl\":\"https:\\\/\\\/rehagro.com.br\\\/blog\\\/wp-content\\\/uploads\\\/2018\\\/07\\\/capa-mudancas-climaticas.jpg\",\"width\":1280,\"height\":855,\"caption\":\"M\u00e3o segurando solo\"},{\"@type\":\"BreadcrumbList\",\"@id\":\"https:\\\/\\\/rehagro.com.br\\\/blog\\\/mudancas-climaticas-globais\\\/#breadcrumb\",\"itemListElement\":[{\"@type\":\"ListItem\",\"position\":1,\"name\":\"In\u00edcio\",\"item\":\"https:\\\/\\\/rehagro.com.br\\\/blog\\\/\"},{\"@type\":\"ListItem\",\"position\":2,\"name\":\"Mudan\u00e7as clim\u00e1ticas e agricultura: saiba os principais impactos\"}]},{\"@type\":\"WebSite\",\"@id\":\"https:\\\/\\\/rehagro.com.br\\\/blog\\\/#website\",\"url\":\"https:\\\/\\\/rehagro.com.br\\\/blog\\\/\",\"name\":\"Rehagro Blog\",\"description\":\"\",\"publisher\":{\"@id\":\"https:\\\/\\\/rehagro.com.br\\\/blog\\\/#organization\"},\"potentialAction\":[{\"@type\":\"SearchAction\",\"target\":{\"@type\":\"EntryPoint\",\"urlTemplate\":\"https:\\\/\\\/rehagro.com.br\\\/blog\\\/?s={search_term_string}\"},\"query-input\":{\"@type\":\"PropertyValueSpecification\",\"valueRequired\":true,\"valueName\":\"search_term_string\"}}],\"inLanguage\":\"pt-BR\"},{\"@type\":\"Organization\",\"@id\":\"https:\\\/\\\/rehagro.com.br\\\/blog\\\/#organization\",\"name\":\"Rehagro\",\"url\":\"https:\\\/\\\/rehagro.com.br\\\/blog\\\/\",\"logo\":{\"@type\":\"ImageObject\",\"inLanguage\":\"pt-BR\",\"@id\":\"https:\\\/\\\/rehagro.com.br\\\/blog\\\/#\\\/schema\\\/logo\\\/image\\\/\",\"url\":\"https:\\\/\\\/rehagro.com.br\\\/blog\\\/wp-content\\\/uploads\\\/2018\\\/05\\\/logo-rehagro.png\",\"contentUrl\":\"https:\\\/\\\/rehagro.com.br\\\/blog\\\/wp-content\\\/uploads\\\/2018\\\/05\\\/logo-rehagro.png\",\"width\":400,\"height\":115,\"caption\":\"Rehagro\"},\"image\":{\"@id\":\"https:\\\/\\\/rehagro.com.br\\\/blog\\\/#\\\/schema\\\/logo\\\/image\\\/\"}},{\"@type\":\"Person\",\"@id\":\"https:\\\/\\\/rehagro.com.br\\\/blog\\\/#\\\/schema\\\/person\\\/f2d1ae51b04939615ceebb3c0bfd8a94\",\"name\":\"Jo\u00e3o Pedro Azevedo\",\"image\":{\"@type\":\"ImageObject\",\"inLanguage\":\"pt-BR\",\"@id\":\"https:\\\/\\\/secure.gravatar.com\\\/avatar\\\/34aacffb2f10625483f480470f3274778dd1c183ba4f66444bb60ae92149bf8a?s=96&d=mm&r=g\",\"url\":\"https:\\\/\\\/secure.gravatar.com\\\/avatar\\\/34aacffb2f10625483f480470f3274778dd1c183ba4f66444bb60ae92149bf8a?s=96&d=mm&r=g\",\"contentUrl\":\"https:\\\/\\\/secure.gravatar.com\\\/avatar\\\/34aacffb2f10625483f480470f3274778dd1c183ba4f66444bb60ae92149bf8a?s=96&d=mm&r=g\",\"caption\":\"Jo\u00e3o Pedro Azevedo\"},\"url\":\"https:\\\/\\\/rehagro.com.br\\\/blog\\\/author\\\/joao-pedro\\\/\"}]}<\/script>\n<!-- \/ Yoast SEO plugin. -->","yoast_head_json":{"title":"Mudan\u00e7as clim\u00e1ticas e principais impactos na agricultura","description":"Certamente, devido \u00e0s mudan\u00e7as clim\u00e1ticas globais, ocorrer\u00e3o modifica\u00e7\u00f5es na agricultura brasileiro. Saiba mais sobre os impactos.","robots":{"index":"index","follow":"follow","max-snippet":"max-snippet:-1","max-image-preview":"max-image-preview:large","max-video-preview":"max-video-preview:-1"},"canonical":"https:\/\/rehagro.com.br\/blog\/mudancas-climaticas-globais\/","og_locale":"pt_BR","og_type":"article","og_title":"Mudan\u00e7as clim\u00e1ticas e principais impactos na agricultura","og_description":"Certamente, devido \u00e0s mudan\u00e7as clim\u00e1ticas globais, ocorrer\u00e3o modifica\u00e7\u00f5es na agricultura brasileiro. Saiba mais sobre os impactos.","og_url":"https:\/\/rehagro.com.br\/blog\/mudancas-climaticas-globais\/","og_site_name":"Rehagro Blog","article_published_time":"2018-07-30T12:51:02+00:00","article_modified_time":"2026-02-23T14:39:52+00:00","og_image":[{"width":1280,"height":855,"url":"https:\/\/rehagro.com.br\/blog\/wp-content\/uploads\/2018\/07\/capa-mudancas-climaticas.jpg","type":"image\/jpeg"}],"author":"Jo\u00e3o Pedro Azevedo","twitter_card":"summary_large_image","twitter_misc":{"Escrito por":"Jo\u00e3o Pedro Azevedo","Est. tempo de leitura":"8 minutos"},"schema":{"@context":"https:\/\/schema.org","@graph":[{"@type":"Article","@id":"https:\/\/rehagro.com.br\/blog\/mudancas-climaticas-globais\/#article","isPartOf":{"@id":"https:\/\/rehagro.com.br\/blog\/mudancas-climaticas-globais\/"},"author":{"name":"Jo\u00e3o Pedro Azevedo","@id":"https:\/\/rehagro.com.br\/blog\/#\/schema\/person\/f2d1ae51b04939615ceebb3c0bfd8a94"},"headline":"Mudan\u00e7as clim\u00e1ticas e agricultura: saiba os principais impactos","datePublished":"2018-07-30T12:51:02+00:00","dateModified":"2026-02-23T14:39:52+00:00","mainEntityOfPage":{"@id":"https:\/\/rehagro.com.br\/blog\/mudancas-climaticas-globais\/"},"wordCount":1551,"commentCount":0,"publisher":{"@id":"https:\/\/rehagro.com.br\/blog\/#organization"},"image":{"@id":"https:\/\/rehagro.com.br\/blog\/mudancas-climaticas-globais\/#primaryimage"},"thumbnailUrl":"https:\/\/rehagro.com.br\/blog\/wp-content\/uploads\/2018\/07\/capa-mudancas-climaticas.jpg","keywords":["agricultura","amostragem do solo","avan\u00e7os tecnol\u00f3gicos","insetos","mudan\u00e7as","plantas","solo","sustentabilidade"],"articleSection":["GR\u00c3OS"],"inLanguage":"pt-BR","potentialAction":[{"@type":"CommentAction","name":"Comment","target":["https:\/\/rehagro.com.br\/blog\/mudancas-climaticas-globais\/#respond"]}]},{"@type":"WebPage","@id":"https:\/\/rehagro.com.br\/blog\/mudancas-climaticas-globais\/","url":"https:\/\/rehagro.com.br\/blog\/mudancas-climaticas-globais\/","name":"Mudan\u00e7as clim\u00e1ticas e principais impactos na agricultura","isPartOf":{"@id":"https:\/\/rehagro.com.br\/blog\/#website"},"primaryImageOfPage":{"@id":"https:\/\/rehagro.com.br\/blog\/mudancas-climaticas-globais\/#primaryimage"},"image":{"@id":"https:\/\/rehagro.com.br\/blog\/mudancas-climaticas-globais\/#primaryimage"},"thumbnailUrl":"https:\/\/rehagro.com.br\/blog\/wp-content\/uploads\/2018\/07\/capa-mudancas-climaticas.jpg","datePublished":"2018-07-30T12:51:02+00:00","dateModified":"2026-02-23T14:39:52+00:00","description":"Certamente, devido \u00e0s mudan\u00e7as clim\u00e1ticas globais, ocorrer\u00e3o modifica\u00e7\u00f5es na agricultura brasileiro. Saiba mais sobre os impactos.","breadcrumb":{"@id":"https:\/\/rehagro.com.br\/blog\/mudancas-climaticas-globais\/#breadcrumb"},"inLanguage":"pt-BR","potentialAction":[{"@type":"ReadAction","target":["https:\/\/rehagro.com.br\/blog\/mudancas-climaticas-globais\/"]}]},{"@type":"ImageObject","inLanguage":"pt-BR","@id":"https:\/\/rehagro.com.br\/blog\/mudancas-climaticas-globais\/#primaryimage","url":"https:\/\/rehagro.com.br\/blog\/wp-content\/uploads\/2018\/07\/capa-mudancas-climaticas.jpg","contentUrl":"https:\/\/rehagro.com.br\/blog\/wp-content\/uploads\/2018\/07\/capa-mudancas-climaticas.jpg","width":1280,"height":855,"caption":"M\u00e3o segurando solo"},{"@type":"BreadcrumbList","@id":"https:\/\/rehagro.com.br\/blog\/mudancas-climaticas-globais\/#breadcrumb","itemListElement":[{"@type":"ListItem","position":1,"name":"In\u00edcio","item":"https:\/\/rehagro.com.br\/blog\/"},{"@type":"ListItem","position":2,"name":"Mudan\u00e7as clim\u00e1ticas e agricultura: saiba os principais impactos"}]},{"@type":"WebSite","@id":"https:\/\/rehagro.com.br\/blog\/#website","url":"https:\/\/rehagro.com.br\/blog\/","name":"Rehagro Blog","description":"","publisher":{"@id":"https:\/\/rehagro.com.br\/blog\/#organization"},"potentialAction":[{"@type":"SearchAction","target":{"@type":"EntryPoint","urlTemplate":"https:\/\/rehagro.com.br\/blog\/?s={search_term_string}"},"query-input":{"@type":"PropertyValueSpecification","valueRequired":true,"valueName":"search_term_string"}}],"inLanguage":"pt-BR"},{"@type":"Organization","@id":"https:\/\/rehagro.com.br\/blog\/#organization","name":"Rehagro","url":"https:\/\/rehagro.com.br\/blog\/","logo":{"@type":"ImageObject","inLanguage":"pt-BR","@id":"https:\/\/rehagro.com.br\/blog\/#\/schema\/logo\/image\/","url":"https:\/\/rehagro.com.br\/blog\/wp-content\/uploads\/2018\/05\/logo-rehagro.png","contentUrl":"https:\/\/rehagro.com.br\/blog\/wp-content\/uploads\/2018\/05\/logo-rehagro.png","width":400,"height":115,"caption":"Rehagro"},"image":{"@id":"https:\/\/rehagro.com.br\/blog\/#\/schema\/logo\/image\/"}},{"@type":"Person","@id":"https:\/\/rehagro.com.br\/blog\/#\/schema\/person\/f2d1ae51b04939615ceebb3c0bfd8a94","name":"Jo\u00e3o Pedro Azevedo","image":{"@type":"ImageObject","inLanguage":"pt-BR","@id":"https:\/\/secure.gravatar.com\/avatar\/34aacffb2f10625483f480470f3274778dd1c183ba4f66444bb60ae92149bf8a?s=96&d=mm&r=g","url":"https:\/\/secure.gravatar.com\/avatar\/34aacffb2f10625483f480470f3274778dd1c183ba4f66444bb60ae92149bf8a?s=96&d=mm&r=g","contentUrl":"https:\/\/secure.gravatar.com\/avatar\/34aacffb2f10625483f480470f3274778dd1c183ba4f66444bb60ae92149bf8a?s=96&d=mm&r=g","caption":"Jo\u00e3o Pedro Azevedo"},"url":"https:\/\/rehagro.com.br\/blog\/author\/joao-pedro\/"}]}},"_links":{"self":[{"href":"https:\/\/rehagro.com.br\/blog\/wp-json\/wp\/v2\/posts\/4867","targetHints":{"allow":["GET"]}}],"collection":[{"href":"https:\/\/rehagro.com.br\/blog\/wp-json\/wp\/v2\/posts"}],"about":[{"href":"https:\/\/rehagro.com.br\/blog\/wp-json\/wp\/v2\/types\/post"}],"author":[{"embeddable":true,"href":"https:\/\/rehagro.com.br\/blog\/wp-json\/wp\/v2\/users\/21"}],"replies":[{"embeddable":true,"href":"https:\/\/rehagro.com.br\/blog\/wp-json\/wp\/v2\/comments?post=4867"}],"version-history":[{"count":41,"href":"https:\/\/rehagro.com.br\/blog\/wp-json\/wp\/v2\/posts\/4867\/revisions"}],"predecessor-version":[{"id":41554,"href":"https:\/\/rehagro.com.br\/blog\/wp-json\/wp\/v2\/posts\/4867\/revisions\/41554"}],"wp:featuredmedia":[{"embeddable":true,"href":"https:\/\/rehagro.com.br\/blog\/wp-json\/wp\/v2\/media\/21631"}],"wp:attachment":[{"href":"https:\/\/rehagro.com.br\/blog\/wp-json\/wp\/v2\/media?parent=4867"}],"wp:term":[{"taxonomy":"category","embeddable":true,"href":"https:\/\/rehagro.com.br\/blog\/wp-json\/wp\/v2\/categories?post=4867"},{"taxonomy":"post_tag","embeddable":true,"href":"https:\/\/rehagro.com.br\/blog\/wp-json\/wp\/v2\/tags?post=4867"}],"curies":[{"name":"wp","href":"https:\/\/api.w.org\/{rel}","templated":true}]}}