{"id":4659,"date":"2018-07-09T12:02:46","date_gmt":"2018-07-09T15:02:46","guid":{"rendered":"https:\/\/rehagro.com.br\/blog\/?p=4659"},"modified":"2026-04-07T17:03:24","modified_gmt":"2026-04-07T20:03:24","slug":"estacao-de-monta-para-gado-zebu","status":"publish","type":"post","link":"https:\/\/rehagro.com.br\/blog\/estacao-de-monta-para-gado-zebu\/","title":{"rendered":"Esta\u00e7\u00e3o de monta do gado zebu: qual a sua dura\u00e7\u00e3o?"},"content":{"rendered":"<p>No trabalho com pecu\u00e1ria de corte em sistema de cria ou de ciclo completo (cria, recria e engorda), h\u00e1 uma premissa b\u00e1sica de manejo reprodutivo que se baseia na ado\u00e7\u00e3o e implementa\u00e7\u00e3o da esta\u00e7\u00e3o de monta.<\/p>\n<p>O conceito de <strong>Esta\u00e7\u00e3o de Monta (EM)<\/strong> consiste em estabelecer um per\u00edodo para que tenhamos as ocorr\u00eancias reprodutivas concentradas. Essas ocorr\u00eancias s\u00e3o referentes \u00e0s pr\u00e1ticas de monta, como <strong><a href=\"https:\/\/rehagro.com.br\/blog\/reproducao-bovina\/\" target=\"_blank\" rel=\"noopener\">monta natural (touro \u2013 vaca) e\/ou insemina\u00e7\u00e3o artificial<\/a><\/strong>.<\/p>\n<p>Tais pr\u00e1ticas refletir\u00e3o em pari\u00e7\u00f5es em per\u00edodos concentrados, sendo que estes momentos coincidir\u00e3o com a \u00e9poca de m\u00e1ximo crescimento natural dos pastos (per\u00edodo chuvoso), trazendo maior disponibilidade forrageira, com o objetivo principal de beneficiar as matrizes paridas.<\/p>\n<p>Normalmente, a esta\u00e7\u00e3o de monta para gado zebu no Brasil Central tem <strong>dura\u00e7\u00e3o de 120 dias<\/strong>. Esta dura\u00e7\u00e3o \u00e9 influenciada por fatores como a condi\u00e7\u00e3o corporal pr\u00e9 e p\u00f3s-parto e ao in\u00edcio da esta\u00e7\u00e3o de monta, a presen\u00e7a do bezerro ao p\u00e9 da vaca, a ordem de parto, o per\u00edodo de gesta\u00e7\u00e3o do gado zebu, e, principalmente, a rela\u00e7\u00e3o entre estes fatores.<\/p>\n<div style=\"background-color: #efefef; padding-left: 10px; padding-right: 5px; border-radius: 10px;\">\n<p>&nbsp;<\/p>\n<p style=\"text-align: center;\"><strong><span style=\"font-size: 14pt;\">Sem tempo para ler agora? Baixe este artigo em PDF!<\/span><\/strong><\/p>\n<p><script charset=\"utf-8\" type=\"text\/javascript\" src=\"\/\/js.hsforms.net\/forms\/v2.js?pre=1\"><\/script><br \/>\n<script>\n  hbspt.forms.create({\n    region: \"na1\",\n    portalId: \"5430441\",\n    formId: \"f83e655b-67de-4fbe-b12a-88b7e9461712\"\n  });\n<\/script><\/p>\n<\/div>\n<h2>Redu\u00e7\u00e3o do per\u00edodo da esta\u00e7\u00e3o reprodutiva e benef\u00edcios<\/h2>\n<p>A redu\u00e7\u00e3o da esta\u00e7\u00e3o reprodutiva no gado zebu para per\u00edodos menores que os tradicionais de 120 dias traz diversos benef\u00edcios.<\/p>\n<p>Primeiramente, ocorre uma maior concentra\u00e7\u00e3o de nascimentos em \u00e9poca ideal, na qual a qualidade e a quantidade da forragem atendem os requerimentos nutricionais das matrizes (Gr\u00e1fico 1) e consequentemente, uma maior homogeneidade e peso dos animais \u00e0 desmama.<\/p>\n<p>Outro benef\u00edcio \u00e9 a separa\u00e7\u00e3o dos per\u00edodos de monta e nascimento quando se realiza a esta\u00e7\u00e3o menor que 70 dias, otimizando a utiliza\u00e7\u00e3o da m\u00e3o-de-obra.<\/p>\n<p>Por\u00e9m, ao se trabalhar no sentido de reduzir o per\u00edodo da esta\u00e7\u00e3o de monta \u00e9 necess\u00e1ria a avalia\u00e7\u00e3o da capacidade financeira, econ\u00f4mica e gerencial da propriedade para que esta seja capaz de suprir as principais entraves.<\/p>\n<p style=\"text-align: center;\"><img loading=\"lazy\" decoding=\"async\" class=\"aligncenter wp-image-4660\" src=\"https:\/\/rehagro.com.br\/blog\/wp-content\/uploads\/2018\/07\/duracao-da-estacao-de-monta-para-gado-zebu1.jpg\" alt=\"Curva de produ\u00e7\u00e3o de forragem no Brasil Central\" width=\"600\" height=\"377\" srcset=\"https:\/\/rehagro.com.br\/blog\/wp-content\/uploads\/2018\/07\/duracao-da-estacao-de-monta-para-gado-zebu1.jpg 600w, https:\/\/rehagro.com.br\/blog\/wp-content\/uploads\/2018\/07\/duracao-da-estacao-de-monta-para-gado-zebu1-300x189.jpg 300w, https:\/\/rehagro.com.br\/blog\/wp-content\/uploads\/2018\/07\/duracao-da-estacao-de-monta-para-gado-zebu1-370x232.jpg 370w, https:\/\/rehagro.com.br\/blog\/wp-content\/uploads\/2018\/07\/duracao-da-estacao-de-monta-para-gado-zebu1-270x170.jpg 270w\" sizes=\"auto, (max-width: 600px) 100vw, 600px\" \/><span style=\"font-weight: 400; font-size: 10pt;\">Curva de produ\u00e7\u00e3o de forragem no Brasil Central aliada \u00e0 necessidade do rebanho.<\/span><b><\/b><\/p>\n<p><a href=\"https:\/\/conteudo.rehagro.com.br\/ebook-sanidade-estacao-monta?utm_campaign=material-corte&amp;utm_source=ebook-manual-sanitario&amp;utm_medium=blog\" target=\"_blank\" rel=\"noopener\"><img loading=\"lazy\" decoding=\"async\" class=\"aligncenter wp-image-39636 size-full\" title=\"Clique e baixe o e-book gr\u00e1tis!\" src=\"https:\/\/rehagro.com.br\/blog\/wp-content\/uploads\/2025\/09\/banner-ebook-manual-sanitario.png\" alt=\"E-book Manual Sanit\u00e1rio da esta\u00e7\u00e3o de monta\" width=\"980\" height=\"317\" srcset=\"https:\/\/rehagro.com.br\/blog\/wp-content\/uploads\/2025\/09\/banner-ebook-manual-sanitario.png 980w, https:\/\/rehagro.com.br\/blog\/wp-content\/uploads\/2025\/09\/banner-ebook-manual-sanitario-300x97.png 300w, https:\/\/rehagro.com.br\/blog\/wp-content\/uploads\/2025\/09\/banner-ebook-manual-sanitario-768x248.png 768w, https:\/\/rehagro.com.br\/blog\/wp-content\/uploads\/2025\/09\/banner-ebook-manual-sanitario-370x120.png 370w, https:\/\/rehagro.com.br\/blog\/wp-content\/uploads\/2025\/09\/banner-ebook-manual-sanitario-270x87.png 270w, https:\/\/rehagro.com.br\/blog\/wp-content\/uploads\/2025\/09\/banner-ebook-manual-sanitario-740x239.png 740w, https:\/\/rehagro.com.br\/blog\/wp-content\/uploads\/2025\/09\/banner-ebook-manual-sanitario-150x49.png 150w\" sizes=\"auto, (max-width: 980px) 100vw, 980px\" \/><\/a><\/p>\n<h2>O retorno \u00e0 ciclicidade de vacas paridas x dura\u00e7\u00e3o da esta\u00e7\u00e3o de monta para gado zebu<\/h2>\n<p>O retorno \u00e0 atividade c\u00edclica \u00e9 um dos fatores mais importantes que determinam a dura\u00e7\u00e3o da esta\u00e7\u00e3o reprodutiva e est\u00e1 altamente relacionada ao escore de condi\u00e7\u00e3o corporal dos animais no pr\u00e9 e p\u00f3s-parto e ao in\u00edcio da esta\u00e7\u00e3o de monta.<\/p>\n<p>No gr\u00e1fico a seguir, tem-se a indica\u00e7\u00e3o do percentual de ciclicidade de vacas Bos taurus (taurinas) de acordo com <strong><a href=\"https:\/\/rehagro.com.br\/blog\/escore-de-condicao-corporal-em-bovinos-de-corte\/\" target=\"_blank\" rel=\"noopener\">escore de condi\u00e7\u00e3o corporal<\/a><\/strong> (escala de 1 a 9, em que 1 \u2192 Muito Magra \/ 9 \u2192 Obesa).<\/p>\n<h2 style=\"text-align: center;\"><b><img loading=\"lazy\" decoding=\"async\" class=\"aligncenter wp-image-4661 size-full\" src=\"https:\/\/rehagro.com.br\/blog\/wp-content\/uploads\/2018\/07\/duracao-da-estacao-de-monta-para-gado-zebu2.jpg\" alt=\"Efeito do escore de condi\u00e7\u00e3o corporal sobre a ciclicidade\" width=\"600\" height=\"378\" srcset=\"https:\/\/rehagro.com.br\/blog\/wp-content\/uploads\/2018\/07\/duracao-da-estacao-de-monta-para-gado-zebu2.jpg 600w, https:\/\/rehagro.com.br\/blog\/wp-content\/uploads\/2018\/07\/duracao-da-estacao-de-monta-para-gado-zebu2-300x189.jpg 300w, https:\/\/rehagro.com.br\/blog\/wp-content\/uploads\/2018\/07\/duracao-da-estacao-de-monta-para-gado-zebu2-370x233.jpg 370w, https:\/\/rehagro.com.br\/blog\/wp-content\/uploads\/2018\/07\/duracao-da-estacao-de-monta-para-gado-zebu2-270x170.jpg 270w\" sizes=\"auto, (max-width: 600px) 100vw, 600px\" \/><\/b><span style=\"font-weight: 400; font-size: 10pt;\">Efeito do escore de condi\u00e7\u00e3o corporal sobre a ciclicidade.<\/span><\/h2>\n<p>Outro fator de destaque est\u00e1 relacionado \u00e0 presen\u00e7a do bezerro ao p\u00e9 da vaca.\u00a0Diversos autores relatam a queda na atividade ovariana p\u00f3s-parto em fun\u00e7\u00e3o da <a href=\"https:\/\/rehagro.com.br\/blog\/voce-esta-cuidando-bem-da-sua-cria\/\" target=\"_blank\" rel=\"noopener\"><strong>presen\u00e7a da cria<\/strong><\/a>.<\/p>\n<p>Este fato interfere na libera\u00e7\u00e3o de GnRH pelo hipot\u00e1lamo ou diminui a resposta a este horm\u00f4nio na hip\u00f3fise, tendo como consequ\u00eancia uma supress\u00e3o da libera\u00e7\u00e3o puls\u00e1til de LH, que \u00e9 o fator end\u00f3crino chave para se determinar a ovula\u00e7\u00e3o ou n\u00e3o do fol\u00edculo dominante.<\/p>\n<p>Outros autores demonstraram que o efeito da suc\u00e7\u00e3o em vacas de corte \u00e9 um dos principais fatores que afetam a dura\u00e7\u00e3o do anestro p\u00f3s-parto. Eles sugeriram que o comportamento materno \u00e9 mais importante do que o ato da suc\u00e7\u00e3o em si para regular a frequ\u00eancia de pulsos de LH.<\/p>\n<p>Desta forma, considerando a estreita rela\u00e7\u00e3o m\u00e3e\/cria em animais zebu\u00ednos, dimensiona-se o impacto da amamenta\u00e7\u00e3o no retorno \u00e0 ciclicidade.<\/p>\n<p>Veja abaixo, os dados obtidos a partir do trabalho de Resende, feito em 1993, em vacas prim\u00edparas zebu\u00ednas comparando o percentual de animais ciclando com uma amamenta\u00e7\u00e3o por dia e em manejo tradicional (presen\u00e7a da cria ao p\u00e9) ao longo da esta\u00e7\u00e3o de monta.<\/p>\n<p style=\"text-align: center;\"><img loading=\"lazy\" decoding=\"async\" class=\"aligncenter wp-image-4665 size-full\" src=\"https:\/\/rehagro.com.br\/blog\/wp-content\/uploads\/2018\/07\/duracao-da-estacao-de-monta-para-gado-zebu6-e1645206231205.jpg\" alt=\"Percentual de vacas ciclando ao longo da esta\u00e7\u00e3o de monta\" width=\"640\" height=\"318\" srcset=\"https:\/\/rehagro.com.br\/blog\/wp-content\/uploads\/2018\/07\/duracao-da-estacao-de-monta-para-gado-zebu6-e1645206231205.jpg 640w, https:\/\/rehagro.com.br\/blog\/wp-content\/uploads\/2018\/07\/duracao-da-estacao-de-monta-para-gado-zebu6-e1645206231205-300x149.jpg 300w, https:\/\/rehagro.com.br\/blog\/wp-content\/uploads\/2018\/07\/duracao-da-estacao-de-monta-para-gado-zebu6-e1645206231205-370x184.jpg 370w, https:\/\/rehagro.com.br\/blog\/wp-content\/uploads\/2018\/07\/duracao-da-estacao-de-monta-para-gado-zebu6-e1645206231205-270x134.jpg 270w\" sizes=\"auto, (max-width: 640px) 100vw, 640px\" \/><span style=\"font-weight: 400; font-size: 10pt;\">Percentual de vacas ciclando ao longo da esta\u00e7\u00e3o de monta, de acordo com o tipo de amamenta\u00e7\u00e3o.<\/span><\/p>\n<p>A ordem de parto tamb\u00e9m est\u00e1 altamente relacionada \u00e0 dura\u00e7\u00e3o da esta\u00e7\u00e3o de monta. Considerando principalmente as vacas prim\u00edparas, ressalta-se que a dieta para estes animais no p\u00f3s-parto deve, al\u00e9m de atender os requerimentos de manten\u00e7a e da primeira lacta\u00e7\u00e3o, atender aos requisitos finais de crescimento.<\/p>\n<p>Dessa forma, dentre as categorias da propriedade, aquela que est\u00e1 mais submetida \u00e0 queda na condi\u00e7\u00e3o corporal, caso suas necessidades n\u00e3o sejam supridas, s\u00e3o as vacas de primeira cria.<\/p>\n<p>Como j\u00e1 descrito anteriormente, a queda na condi\u00e7\u00e3o corporal influencia diretamente no prolongamento do anestro p\u00f3s-parto, fazendo com que estes animais retomem a ciclicidade tardiamente.<\/p>\n<p>Este retorno tardio \u00e0 ciclicidade \u00e9 um dos principais entraves no encurtamento da dura\u00e7\u00e3o da esta\u00e7\u00e3o de monta, j\u00e1 que, caso estes animais n\u00e3o voltem a ciclar at\u00e9 o fim da esta\u00e7\u00e3o reprodutiva, haver\u00e1 um efeito negativo na <a href=\"https:\/\/rehagro.com.br\/blog\/taxa-de-prenhez-na-pecuaria-de-corte\/\" target=\"_blank\" rel=\"noopener\"><strong>taxa de prenhez<\/strong><\/a>.<\/p>\n<p>O gr\u00e1fico abaixo avalia, de acordo com a pesquisa de Meneghetti, em 2008, a queda na condi\u00e7\u00e3o corporal (escala de 1 a 5) de prim\u00edparas de acordo com o m\u00eas de pari\u00e7\u00e3o.<\/p>\n<p style=\"text-align: center;\"><img loading=\"lazy\" decoding=\"async\" class=\"aligncenter wp-image-4666\" src=\"https:\/\/rehagro.com.br\/blog\/wp-content\/uploads\/2018\/07\/duracao-da-estacao-de-monta-para-gado-zebu7.jpg\" alt=\"Queda na condi\u00e7\u00e3o corporal de prim\u00edparas\" width=\"500\" height=\"381\" srcset=\"https:\/\/rehagro.com.br\/blog\/wp-content\/uploads\/2018\/07\/duracao-da-estacao-de-monta-para-gado-zebu7.jpg 590w, https:\/\/rehagro.com.br\/blog\/wp-content\/uploads\/2018\/07\/duracao-da-estacao-de-monta-para-gado-zebu7-300x229.jpg 300w, https:\/\/rehagro.com.br\/blog\/wp-content\/uploads\/2018\/07\/duracao-da-estacao-de-monta-para-gado-zebu7-370x282.jpg 370w, https:\/\/rehagro.com.br\/blog\/wp-content\/uploads\/2018\/07\/duracao-da-estacao-de-monta-para-gado-zebu7-270x206.jpg 270w, https:\/\/rehagro.com.br\/blog\/wp-content\/uploads\/2018\/07\/duracao-da-estacao-de-monta-para-gado-zebu7-80x60.jpg 80w\" sizes=\"auto, (max-width: 500px) 100vw, 500px\" \/><span style=\"font-weight: 400; font-size: 10pt;\"> Queda na condi\u00e7\u00e3o corporal (escala de 1 a 5) de prim\u00edparas de acordo com o m\u00eas de pari\u00e7\u00e3o. Fonte: Meneghetti (2008)<\/span><\/p>\n<p>Ao correlacionar os fatores que interferem no retorno \u00e0 ciclicidade, \u00e9 poss\u00edvel compreender o motivo pelo qual as propriedades com esta\u00e7\u00e3o de monta no Brasil Central, a fim de obterem taxas de prenhez satisfat\u00f3rias, trabalham com uma dura\u00e7\u00e3o m\u00e9dia de 120 dias.<\/p>\n<p>Algumas ferramentas podem ser utilizadas para a redu\u00e7\u00e3o da dura\u00e7\u00e3o da esta\u00e7\u00e3o de monta. Em rela\u00e7\u00e3o \u00e0 nutri\u00e7\u00e3o das matrizes, destaca-se que alguns trabalhos cient\u00edficos conclu\u00edram que a nutri\u00e7\u00e3o pr\u00e9-parto tem maior import\u00e2ncia do que a nutri\u00e7\u00e3o p\u00f3s-parto na determina\u00e7\u00e3o do intervalo entre parto \u2013 primeiro estro.<\/p>\n<p>Outro artif\u00edcio t\u00e9cnico pass\u00edvel de utiliza\u00e7\u00e3o no in\u00edcio e durante a esta\u00e7\u00e3o de monta est\u00e1 relacionado aos protocolos hormonais (por exemplo, IATF) somados ou n\u00e3o \u00e0 restri\u00e7\u00e3o de amamenta\u00e7\u00e3o.<\/p>\n<p>Dentre as vantagens destacam-se a indu\u00e7\u00e3o e\/ou sincroniza\u00e7\u00e3o de rebanhos de matrizes em anestro, gerando a possibilidade de inseminar um grande n\u00famero de vacas paridas ao in\u00edcio da esta\u00e7\u00e3o de monta, com consequente concentra\u00e7\u00e3o de pari\u00e7\u00e3o no in\u00edcio da esta\u00e7\u00e3o de nascimento subsequente. Este agrupamento dos eventos gera a possibilidade de reduzir o per\u00edodo da esta\u00e7\u00e3o reprodutiva.<\/p>\n<p>A partir do conhecimento dos fatores que influenciam a dura\u00e7\u00e3o da esta\u00e7\u00e3o de monta, se o objetivo \u00e9 atingir uma taxa de prenhez satisfat\u00f3ria ao sistema, aliada a uma distribui\u00e7\u00e3o dos partos de forma adequada, deve-se avaliar se as condi\u00e7\u00f5es inerentes a este sistema, de modo que permitam que a dura\u00e7\u00e3o da esta\u00e7\u00e3o reprodutiva seja encurtada.<\/p>\n<p>Exemplos disso s\u00e3o a situa\u00e7\u00e3o financeira e econ\u00f4mica da propriedade, o envolvimento dos funcion\u00e1rios, <strong><a href=\"https:\/\/rehagro.com.br\/blog\/estrategias-de-manejo-de-pastagem\/\">o manejo de pastagem<\/a><\/strong> e a condi\u00e7\u00e3o nutricional do rebanho ao longo dos ciclos e a condi\u00e7\u00e3o sanit\u00e1ria, que \u00e9 de fundamental import\u00e2ncia.<\/p>\n<p>O sucesso da esta\u00e7\u00e3o de monta depende de uma s\u00e9rie de cuidados ligados \u00e0s doen\u00e7as infecciosas que podem afetar o sistema reprodutivo de machos e f\u00eameas, diminuindo a taxa de prenhez, causando abortos e levando \u00e0 produ\u00e7\u00e3o de bezerros com desempenho inferior.<\/p>\n<h2 data-start=\"137\" data-end=\"215\">Torne a esta\u00e7\u00e3o de monta mais eficiente com decis\u00f5es t\u00e9cnicas e lucrativas<\/h2>\n<p data-start=\"217\" data-end=\"373\">A esta\u00e7\u00e3o de monta \u00e9 decisiva para os resultados da sua fazenda. Que tal dominar os fatores que impactam diretamente na produtividade e no lucro do rebanho?<\/p>\n<p data-start=\"375\" data-end=\"661\">Na <strong><a href=\"https:\/\/rehagro.com.br\/cursos\/pos-graduacao-em-producao-de-gado-de-corte?utm_campaign=mkt-materiais-pc&amp;utm_source=textos&amp;utm_medium=blog\" target=\"_blank\" rel=\"noopener\">P\u00f3s-gradua\u00e7\u00e3o em Produ\u00e7\u00e3o de Gado de Corte<\/a><\/strong> do Rehagro, voc\u00ea aprende com quem est\u00e1 no campo, unindo teoria e pr\u00e1tica para tomar decis\u00f5es mais estrat\u00e9gicas \u2013 desde o manejo reprodutivo at\u00e9 a gest\u00e3o da fazenda.<\/p>\n<p><a href=\"https:\/\/rehagro.com.br\/cursos\/pos-graduacao-em-producao-de-gado-de-corte?utm_campaign=mkt-materiais-pc&amp;utm_source=textos&amp;utm_medium=blog\" target=\"_blank\" rel=\"noopener\"><img loading=\"lazy\" decoding=\"async\" class=\"aligncenter wp-image-19698 size-full\" title=\"Clique e saiba mais sobre o curso!\" src=\"https:\/\/rehagro.com.br\/blog\/wp-content\/uploads\/2021\/08\/banner-pc.jpg\" alt=\"Banner P\u00f3s-gradua\u00e7\u00e3o em Produ\u00e7\u00e3o de Gado de Corte\" width=\"980\" height=\"317\" srcset=\"https:\/\/rehagro.com.br\/blog\/wp-content\/uploads\/2021\/08\/banner-pc.jpg 980w, https:\/\/rehagro.com.br\/blog\/wp-content\/uploads\/2021\/08\/banner-pc-300x97.jpg 300w, https:\/\/rehagro.com.br\/blog\/wp-content\/uploads\/2021\/08\/banner-pc-768x248.jpg 768w, https:\/\/rehagro.com.br\/blog\/wp-content\/uploads\/2021\/08\/banner-pc-370x120.jpg 370w, https:\/\/rehagro.com.br\/blog\/wp-content\/uploads\/2021\/08\/banner-pc-270x87.jpg 270w, https:\/\/rehagro.com.br\/blog\/wp-content\/uploads\/2021\/08\/banner-pc-740x239.jpg 740w, https:\/\/rehagro.com.br\/blog\/wp-content\/uploads\/2021\/08\/banner-pc-150x49.jpg 150w\" sizes=\"auto, (max-width: 980px) 100vw, 980px\" \/><\/a><\/p>\n<p>Texto produzido pela Equipe Corte Rehagro.<\/p>\n","protected":false},"excerpt":{"rendered":"<p>No trabalho com pecu\u00e1ria de corte em sistema de cria ou de ciclo completo (cria, recria e engorda), h\u00e1 uma premissa b\u00e1sica de manejo reprodutivo que se baseia na ado\u00e7\u00e3o e implementa\u00e7\u00e3o da esta\u00e7\u00e3o de monta. O conceito de Esta\u00e7\u00e3o de Monta (EM) consiste em estabelecer um per\u00edodo para que tenhamos as ocorr\u00eancias reprodutivas concentradas. [&hellip;]<\/p>\n","protected":false},"author":21,"featured_media":21033,"comment_status":"open","ping_status":"open","sticky":false,"template":"","format":"standard","meta":{"footnotes":""},"categories":[212],"tags":[271,727,531,474,609],"class_list":["post-4659","post","type-post","status-publish","format-standard","has-post-thumbnail","hentry","category-corte","tag-bovinos-de-corte","tag-estacao-de-monta","tag-zebu","tag-pecuaria-de-corte","tag-reproducao-de-bovinos"],"yoast_head":"<!-- This site is optimized with the Yoast SEO plugin v27.4 - https:\/\/yoast.com\/product\/yoast-seo-wordpress\/ -->\n<title>Esta\u00e7\u00e3o de monta do gado zebu: dura\u00e7\u00e3o e fatores que interferem<\/title>\n<meta name=\"description\" content=\"O conceito de Esta\u00e7\u00e3o de Monta (EM) consiste em estabelecer um per\u00edodo para que tenhamos as ocorr\u00eancias reprodutivas concentradas.\" \/>\n<meta name=\"robots\" content=\"index, follow, max-snippet:-1, max-image-preview:large, max-video-preview:-1\" \/>\n<link rel=\"canonical\" href=\"https:\/\/rehagro.com.br\/blog\/estacao-de-monta-para-gado-zebu\/\" \/>\n<meta property=\"og:locale\" content=\"pt_BR\" \/>\n<meta property=\"og:type\" content=\"article\" \/>\n<meta property=\"og:title\" content=\"Esta\u00e7\u00e3o de monta do gado zebu: dura\u00e7\u00e3o e fatores que interferem\" \/>\n<meta property=\"og:description\" content=\"O conceito de Esta\u00e7\u00e3o de Monta (EM) consiste em estabelecer um per\u00edodo para que tenhamos as ocorr\u00eancias reprodutivas concentradas.\" \/>\n<meta property=\"og:url\" content=\"https:\/\/rehagro.com.br\/blog\/estacao-de-monta-para-gado-zebu\/\" \/>\n<meta property=\"og:site_name\" content=\"Rehagro Blog\" \/>\n<meta property=\"article:published_time\" content=\"2018-07-09T15:02:46+00:00\" \/>\n<meta property=\"article:modified_time\" content=\"2026-04-07T20:03:24+00:00\" \/>\n<meta property=\"og:image\" content=\"https:\/\/rehagro.com.br\/blog\/wp-content\/uploads\/2018\/07\/estacao-de-monta-1.jpg\" \/>\n\t<meta property=\"og:image:width\" content=\"1200\" \/>\n\t<meta property=\"og:image:height\" content=\"500\" \/>\n\t<meta property=\"og:image:type\" content=\"image\/jpeg\" \/>\n<meta name=\"author\" content=\"Jo\u00e3o Pedro Azevedo\" \/>\n<meta name=\"twitter:card\" content=\"summary_large_image\" \/>\n<meta name=\"twitter:label1\" content=\"Escrito por\" \/>\n\t<meta name=\"twitter:data1\" content=\"Jo\u00e3o Pedro Azevedo\" \/>\n\t<meta name=\"twitter:label2\" content=\"Est. tempo de leitura\" \/>\n\t<meta name=\"twitter:data2\" content=\"9 minutos\" \/>\n<script type=\"application\/ld+json\" class=\"yoast-schema-graph\">{\"@context\":\"https:\\\/\\\/schema.org\",\"@graph\":[{\"@type\":\"Article\",\"@id\":\"https:\\\/\\\/rehagro.com.br\\\/blog\\\/estacao-de-monta-para-gado-zebu\\\/#article\",\"isPartOf\":{\"@id\":\"https:\\\/\\\/rehagro.com.br\\\/blog\\\/estacao-de-monta-para-gado-zebu\\\/\"},\"author\":{\"name\":\"Jo\u00e3o Pedro Azevedo\",\"@id\":\"https:\\\/\\\/rehagro.com.br\\\/blog\\\/#\\\/schema\\\/person\\\/f2d1ae51b04939615ceebb3c0bfd8a94\"},\"headline\":\"Esta\u00e7\u00e3o de monta do gado zebu: qual a sua dura\u00e7\u00e3o?\",\"datePublished\":\"2018-07-09T15:02:46+00:00\",\"dateModified\":\"2026-04-07T20:03:24+00:00\",\"mainEntityOfPage\":{\"@id\":\"https:\\\/\\\/rehagro.com.br\\\/blog\\\/estacao-de-monta-para-gado-zebu\\\/\"},\"wordCount\":1373,\"commentCount\":1,\"publisher\":{\"@id\":\"https:\\\/\\\/rehagro.com.br\\\/blog\\\/#organization\"},\"image\":{\"@id\":\"https:\\\/\\\/rehagro.com.br\\\/blog\\\/estacao-de-monta-para-gado-zebu\\\/#primaryimage\"},\"thumbnailUrl\":\"https:\\\/\\\/rehagro.com.br\\\/blog\\\/wp-content\\\/uploads\\\/2018\\\/07\\\/estacao-de-monta-1.jpg\",\"keywords\":[\"bovinos de corte\",\"esta\u00e7\u00e3o de monta\",\"gado zebu\",\"pecu\u00e1ria de corte\",\"reprodu\u00e7\u00e3o de bovinos\"],\"articleSection\":[\"CORTE\"],\"inLanguage\":\"pt-BR\",\"potentialAction\":[{\"@type\":\"CommentAction\",\"name\":\"Comment\",\"target\":[\"https:\\\/\\\/rehagro.com.br\\\/blog\\\/estacao-de-monta-para-gado-zebu\\\/#respond\"]}]},{\"@type\":\"WebPage\",\"@id\":\"https:\\\/\\\/rehagro.com.br\\\/blog\\\/estacao-de-monta-para-gado-zebu\\\/\",\"url\":\"https:\\\/\\\/rehagro.com.br\\\/blog\\\/estacao-de-monta-para-gado-zebu\\\/\",\"name\":\"Esta\u00e7\u00e3o de monta do gado zebu: dura\u00e7\u00e3o e fatores que interferem\",\"isPartOf\":{\"@id\":\"https:\\\/\\\/rehagro.com.br\\\/blog\\\/#website\"},\"primaryImageOfPage\":{\"@id\":\"https:\\\/\\\/rehagro.com.br\\\/blog\\\/estacao-de-monta-para-gado-zebu\\\/#primaryimage\"},\"image\":{\"@id\":\"https:\\\/\\\/rehagro.com.br\\\/blog\\\/estacao-de-monta-para-gado-zebu\\\/#primaryimage\"},\"thumbnailUrl\":\"https:\\\/\\\/rehagro.com.br\\\/blog\\\/wp-content\\\/uploads\\\/2018\\\/07\\\/estacao-de-monta-1.jpg\",\"datePublished\":\"2018-07-09T15:02:46+00:00\",\"dateModified\":\"2026-04-07T20:03:24+00:00\",\"description\":\"O conceito de Esta\u00e7\u00e3o de Monta (EM) consiste em estabelecer um per\u00edodo para que tenhamos as ocorr\u00eancias reprodutivas concentradas.\",\"breadcrumb\":{\"@id\":\"https:\\\/\\\/rehagro.com.br\\\/blog\\\/estacao-de-monta-para-gado-zebu\\\/#breadcrumb\"},\"inLanguage\":\"pt-BR\",\"potentialAction\":[{\"@type\":\"ReadAction\",\"target\":[\"https:\\\/\\\/rehagro.com.br\\\/blog\\\/estacao-de-monta-para-gado-zebu\\\/\"]}]},{\"@type\":\"ImageObject\",\"inLanguage\":\"pt-BR\",\"@id\":\"https:\\\/\\\/rehagro.com.br\\\/blog\\\/estacao-de-monta-para-gado-zebu\\\/#primaryimage\",\"url\":\"https:\\\/\\\/rehagro.com.br\\\/blog\\\/wp-content\\\/uploads\\\/2018\\\/07\\\/estacao-de-monta-1.jpg\",\"contentUrl\":\"https:\\\/\\\/rehagro.com.br\\\/blog\\\/wp-content\\\/uploads\\\/2018\\\/07\\\/estacao-de-monta-1.jpg\",\"width\":1200,\"height\":500,\"caption\":\"Gados nelore\"},{\"@type\":\"BreadcrumbList\",\"@id\":\"https:\\\/\\\/rehagro.com.br\\\/blog\\\/estacao-de-monta-para-gado-zebu\\\/#breadcrumb\",\"itemListElement\":[{\"@type\":\"ListItem\",\"position\":1,\"name\":\"In\u00edcio\",\"item\":\"https:\\\/\\\/rehagro.com.br\\\/blog\\\/\"},{\"@type\":\"ListItem\",\"position\":2,\"name\":\"Esta\u00e7\u00e3o de monta do gado zebu: qual a sua dura\u00e7\u00e3o?\"}]},{\"@type\":\"WebSite\",\"@id\":\"https:\\\/\\\/rehagro.com.br\\\/blog\\\/#website\",\"url\":\"https:\\\/\\\/rehagro.com.br\\\/blog\\\/\",\"name\":\"Rehagro Blog\",\"description\":\"\",\"publisher\":{\"@id\":\"https:\\\/\\\/rehagro.com.br\\\/blog\\\/#organization\"},\"potentialAction\":[{\"@type\":\"SearchAction\",\"target\":{\"@type\":\"EntryPoint\",\"urlTemplate\":\"https:\\\/\\\/rehagro.com.br\\\/blog\\\/?s={search_term_string}\"},\"query-input\":{\"@type\":\"PropertyValueSpecification\",\"valueRequired\":true,\"valueName\":\"search_term_string\"}}],\"inLanguage\":\"pt-BR\"},{\"@type\":\"Organization\",\"@id\":\"https:\\\/\\\/rehagro.com.br\\\/blog\\\/#organization\",\"name\":\"Rehagro\",\"url\":\"https:\\\/\\\/rehagro.com.br\\\/blog\\\/\",\"logo\":{\"@type\":\"ImageObject\",\"inLanguage\":\"pt-BR\",\"@id\":\"https:\\\/\\\/rehagro.com.br\\\/blog\\\/#\\\/schema\\\/logo\\\/image\\\/\",\"url\":\"https:\\\/\\\/rehagro.com.br\\\/blog\\\/wp-content\\\/uploads\\\/2018\\\/05\\\/logo-rehagro.png\",\"contentUrl\":\"https:\\\/\\\/rehagro.com.br\\\/blog\\\/wp-content\\\/uploads\\\/2018\\\/05\\\/logo-rehagro.png\",\"width\":400,\"height\":115,\"caption\":\"Rehagro\"},\"image\":{\"@id\":\"https:\\\/\\\/rehagro.com.br\\\/blog\\\/#\\\/schema\\\/logo\\\/image\\\/\"}},{\"@type\":\"Person\",\"@id\":\"https:\\\/\\\/rehagro.com.br\\\/blog\\\/#\\\/schema\\\/person\\\/f2d1ae51b04939615ceebb3c0bfd8a94\",\"name\":\"Jo\u00e3o Pedro Azevedo\",\"image\":{\"@type\":\"ImageObject\",\"inLanguage\":\"pt-BR\",\"@id\":\"https:\\\/\\\/secure.gravatar.com\\\/avatar\\\/34aacffb2f10625483f480470f3274778dd1c183ba4f66444bb60ae92149bf8a?s=96&d=mm&r=g\",\"url\":\"https:\\\/\\\/secure.gravatar.com\\\/avatar\\\/34aacffb2f10625483f480470f3274778dd1c183ba4f66444bb60ae92149bf8a?s=96&d=mm&r=g\",\"contentUrl\":\"https:\\\/\\\/secure.gravatar.com\\\/avatar\\\/34aacffb2f10625483f480470f3274778dd1c183ba4f66444bb60ae92149bf8a?s=96&d=mm&r=g\",\"caption\":\"Jo\u00e3o Pedro Azevedo\"},\"url\":\"https:\\\/\\\/rehagro.com.br\\\/blog\\\/author\\\/joao-pedro\\\/\"}]}<\/script>\n<!-- \/ Yoast SEO plugin. -->","yoast_head_json":{"title":"Esta\u00e7\u00e3o de monta do gado zebu: dura\u00e7\u00e3o e fatores que interferem","description":"O conceito de Esta\u00e7\u00e3o de Monta (EM) consiste em estabelecer um per\u00edodo para que tenhamos as ocorr\u00eancias reprodutivas concentradas.","robots":{"index":"index","follow":"follow","max-snippet":"max-snippet:-1","max-image-preview":"max-image-preview:large","max-video-preview":"max-video-preview:-1"},"canonical":"https:\/\/rehagro.com.br\/blog\/estacao-de-monta-para-gado-zebu\/","og_locale":"pt_BR","og_type":"article","og_title":"Esta\u00e7\u00e3o de monta do gado zebu: dura\u00e7\u00e3o e fatores que interferem","og_description":"O conceito de Esta\u00e7\u00e3o de Monta (EM) consiste em estabelecer um per\u00edodo para que tenhamos as ocorr\u00eancias reprodutivas concentradas.","og_url":"https:\/\/rehagro.com.br\/blog\/estacao-de-monta-para-gado-zebu\/","og_site_name":"Rehagro Blog","article_published_time":"2018-07-09T15:02:46+00:00","article_modified_time":"2026-04-07T20:03:24+00:00","og_image":[{"width":1200,"height":500,"url":"https:\/\/rehagro.com.br\/blog\/wp-content\/uploads\/2018\/07\/estacao-de-monta-1.jpg","type":"image\/jpeg"}],"author":"Jo\u00e3o Pedro Azevedo","twitter_card":"summary_large_image","twitter_misc":{"Escrito por":"Jo\u00e3o Pedro Azevedo","Est. tempo de leitura":"9 minutos"},"schema":{"@context":"https:\/\/schema.org","@graph":[{"@type":"Article","@id":"https:\/\/rehagro.com.br\/blog\/estacao-de-monta-para-gado-zebu\/#article","isPartOf":{"@id":"https:\/\/rehagro.com.br\/blog\/estacao-de-monta-para-gado-zebu\/"},"author":{"name":"Jo\u00e3o Pedro Azevedo","@id":"https:\/\/rehagro.com.br\/blog\/#\/schema\/person\/f2d1ae51b04939615ceebb3c0bfd8a94"},"headline":"Esta\u00e7\u00e3o de monta do gado zebu: qual a sua dura\u00e7\u00e3o?","datePublished":"2018-07-09T15:02:46+00:00","dateModified":"2026-04-07T20:03:24+00:00","mainEntityOfPage":{"@id":"https:\/\/rehagro.com.br\/blog\/estacao-de-monta-para-gado-zebu\/"},"wordCount":1373,"commentCount":1,"publisher":{"@id":"https:\/\/rehagro.com.br\/blog\/#organization"},"image":{"@id":"https:\/\/rehagro.com.br\/blog\/estacao-de-monta-para-gado-zebu\/#primaryimage"},"thumbnailUrl":"https:\/\/rehagro.com.br\/blog\/wp-content\/uploads\/2018\/07\/estacao-de-monta-1.jpg","keywords":["bovinos de corte","esta\u00e7\u00e3o de monta","gado zebu","pecu\u00e1ria de corte","reprodu\u00e7\u00e3o de bovinos"],"articleSection":["CORTE"],"inLanguage":"pt-BR","potentialAction":[{"@type":"CommentAction","name":"Comment","target":["https:\/\/rehagro.com.br\/blog\/estacao-de-monta-para-gado-zebu\/#respond"]}]},{"@type":"WebPage","@id":"https:\/\/rehagro.com.br\/blog\/estacao-de-monta-para-gado-zebu\/","url":"https:\/\/rehagro.com.br\/blog\/estacao-de-monta-para-gado-zebu\/","name":"Esta\u00e7\u00e3o de monta do gado zebu: dura\u00e7\u00e3o e fatores que interferem","isPartOf":{"@id":"https:\/\/rehagro.com.br\/blog\/#website"},"primaryImageOfPage":{"@id":"https:\/\/rehagro.com.br\/blog\/estacao-de-monta-para-gado-zebu\/#primaryimage"},"image":{"@id":"https:\/\/rehagro.com.br\/blog\/estacao-de-monta-para-gado-zebu\/#primaryimage"},"thumbnailUrl":"https:\/\/rehagro.com.br\/blog\/wp-content\/uploads\/2018\/07\/estacao-de-monta-1.jpg","datePublished":"2018-07-09T15:02:46+00:00","dateModified":"2026-04-07T20:03:24+00:00","description":"O conceito de Esta\u00e7\u00e3o de Monta (EM) consiste em estabelecer um per\u00edodo para que tenhamos as ocorr\u00eancias reprodutivas concentradas.","breadcrumb":{"@id":"https:\/\/rehagro.com.br\/blog\/estacao-de-monta-para-gado-zebu\/#breadcrumb"},"inLanguage":"pt-BR","potentialAction":[{"@type":"ReadAction","target":["https:\/\/rehagro.com.br\/blog\/estacao-de-monta-para-gado-zebu\/"]}]},{"@type":"ImageObject","inLanguage":"pt-BR","@id":"https:\/\/rehagro.com.br\/blog\/estacao-de-monta-para-gado-zebu\/#primaryimage","url":"https:\/\/rehagro.com.br\/blog\/wp-content\/uploads\/2018\/07\/estacao-de-monta-1.jpg","contentUrl":"https:\/\/rehagro.com.br\/blog\/wp-content\/uploads\/2018\/07\/estacao-de-monta-1.jpg","width":1200,"height":500,"caption":"Gados nelore"},{"@type":"BreadcrumbList","@id":"https:\/\/rehagro.com.br\/blog\/estacao-de-monta-para-gado-zebu\/#breadcrumb","itemListElement":[{"@type":"ListItem","position":1,"name":"In\u00edcio","item":"https:\/\/rehagro.com.br\/blog\/"},{"@type":"ListItem","position":2,"name":"Esta\u00e7\u00e3o de monta do gado zebu: qual a sua dura\u00e7\u00e3o?"}]},{"@type":"WebSite","@id":"https:\/\/rehagro.com.br\/blog\/#website","url":"https:\/\/rehagro.com.br\/blog\/","name":"Rehagro Blog","description":"","publisher":{"@id":"https:\/\/rehagro.com.br\/blog\/#organization"},"potentialAction":[{"@type":"SearchAction","target":{"@type":"EntryPoint","urlTemplate":"https:\/\/rehagro.com.br\/blog\/?s={search_term_string}"},"query-input":{"@type":"PropertyValueSpecification","valueRequired":true,"valueName":"search_term_string"}}],"inLanguage":"pt-BR"},{"@type":"Organization","@id":"https:\/\/rehagro.com.br\/blog\/#organization","name":"Rehagro","url":"https:\/\/rehagro.com.br\/blog\/","logo":{"@type":"ImageObject","inLanguage":"pt-BR","@id":"https:\/\/rehagro.com.br\/blog\/#\/schema\/logo\/image\/","url":"https:\/\/rehagro.com.br\/blog\/wp-content\/uploads\/2018\/05\/logo-rehagro.png","contentUrl":"https:\/\/rehagro.com.br\/blog\/wp-content\/uploads\/2018\/05\/logo-rehagro.png","width":400,"height":115,"caption":"Rehagro"},"image":{"@id":"https:\/\/rehagro.com.br\/blog\/#\/schema\/logo\/image\/"}},{"@type":"Person","@id":"https:\/\/rehagro.com.br\/blog\/#\/schema\/person\/f2d1ae51b04939615ceebb3c0bfd8a94","name":"Jo\u00e3o Pedro Azevedo","image":{"@type":"ImageObject","inLanguage":"pt-BR","@id":"https:\/\/secure.gravatar.com\/avatar\/34aacffb2f10625483f480470f3274778dd1c183ba4f66444bb60ae92149bf8a?s=96&d=mm&r=g","url":"https:\/\/secure.gravatar.com\/avatar\/34aacffb2f10625483f480470f3274778dd1c183ba4f66444bb60ae92149bf8a?s=96&d=mm&r=g","contentUrl":"https:\/\/secure.gravatar.com\/avatar\/34aacffb2f10625483f480470f3274778dd1c183ba4f66444bb60ae92149bf8a?s=96&d=mm&r=g","caption":"Jo\u00e3o Pedro Azevedo"},"url":"https:\/\/rehagro.com.br\/blog\/author\/joao-pedro\/"}]}},"_links":{"self":[{"href":"https:\/\/rehagro.com.br\/blog\/wp-json\/wp\/v2\/posts\/4659","targetHints":{"allow":["GET"]}}],"collection":[{"href":"https:\/\/rehagro.com.br\/blog\/wp-json\/wp\/v2\/posts"}],"about":[{"href":"https:\/\/rehagro.com.br\/blog\/wp-json\/wp\/v2\/types\/post"}],"author":[{"embeddable":true,"href":"https:\/\/rehagro.com.br\/blog\/wp-json\/wp\/v2\/users\/21"}],"replies":[{"embeddable":true,"href":"https:\/\/rehagro.com.br\/blog\/wp-json\/wp\/v2\/comments?post=4659"}],"version-history":[{"count":46,"href":"https:\/\/rehagro.com.br\/blog\/wp-json\/wp\/v2\/posts\/4659\/revisions"}],"predecessor-version":[{"id":42098,"href":"https:\/\/rehagro.com.br\/blog\/wp-json\/wp\/v2\/posts\/4659\/revisions\/42098"}],"wp:featuredmedia":[{"embeddable":true,"href":"https:\/\/rehagro.com.br\/blog\/wp-json\/wp\/v2\/media\/21033"}],"wp:attachment":[{"href":"https:\/\/rehagro.com.br\/blog\/wp-json\/wp\/v2\/media?parent=4659"}],"wp:term":[{"taxonomy":"category","embeddable":true,"href":"https:\/\/rehagro.com.br\/blog\/wp-json\/wp\/v2\/categories?post=4659"},{"taxonomy":"post_tag","embeddable":true,"href":"https:\/\/rehagro.com.br\/blog\/wp-json\/wp\/v2\/tags?post=4659"}],"curies":[{"name":"wp","href":"https:\/\/api.w.org\/{rel}","templated":true}]}}