{"id":41379,"date":"2026-04-27T13:00:19","date_gmt":"2026-04-27T16:00:19","guid":{"rendered":"https:\/\/rehagro.com.br\/blog\/?p=41379"},"modified":"2026-04-09T20:29:51","modified_gmt":"2026-04-09T23:29:51","slug":"actinobacilose-em-bovinos-como-ela-impacta-na-producao-do-rebanho-leiteiro","status":"publish","type":"post","link":"https:\/\/rehagro.com.br\/blog\/actinobacilose-em-bovinos-como-ela-impacta-na-producao-do-rebanho-leiteiro\/","title":{"rendered":"Actinobacilose em bovinos: como ela impacta na produ\u00e7\u00e3o do rebanho leiteiro?"},"content":{"rendered":"<p>A <strong>actinobacilose bovina<\/strong> \u00e9 tipicamente caracterizada por glossite piogranulomatosa (l\u00edngua de madeira ou l\u00edngua de pau), podendo envolver outros tecidos em menor propor\u00e7\u00e3o, como pele e linfonodos. \u00c9 uma enfermidade infecciosa, por\u00e9m n\u00e3o contagiosa, geralmente cr\u00f4nica, causada por <strong>Actinobacillus sp<\/strong>.<\/p>\n<p>Nesse texto iremos discutir sobre a actinobacilose bovina, evidenciado as formas de contamina\u00e7\u00e3o, fatores de risco, sinais cl\u00ednicos, diagn\u00f3stico, preven\u00e7\u00e3o e tratamento. Como tamb\u00e9m os impactos na produ\u00e7\u00e3o e a import\u00e2ncia de conhecer a doen\u00e7a, evitando problemas no rebanho.<\/p>\n<p><img loading=\"lazy\" decoding=\"async\" class=\"aligncenter size-full wp-image-41381\" src=\"https:\/\/rehagro.com.br\/blog\/wp-content\/uploads\/2026\/02\/actinobacilose-1.jpg\" alt=\"Sinais cl\u00ednicos de actinobacilose\" width=\"800\" height=\"600\" srcset=\"https:\/\/rehagro.com.br\/blog\/wp-content\/uploads\/2026\/02\/actinobacilose-1.jpg 800w, https:\/\/rehagro.com.br\/blog\/wp-content\/uploads\/2026\/02\/actinobacilose-1-300x225.jpg 300w, https:\/\/rehagro.com.br\/blog\/wp-content\/uploads\/2026\/02\/actinobacilose-1-768x576.jpg 768w, https:\/\/rehagro.com.br\/blog\/wp-content\/uploads\/2026\/02\/actinobacilose-1-370x278.jpg 370w, https:\/\/rehagro.com.br\/blog\/wp-content\/uploads\/2026\/02\/actinobacilose-1-270x203.jpg 270w, https:\/\/rehagro.com.br\/blog\/wp-content\/uploads\/2026\/02\/actinobacilose-1-740x555.jpg 740w, https:\/\/rehagro.com.br\/blog\/wp-content\/uploads\/2026\/02\/actinobacilose-1-80x60.jpg 80w, https:\/\/rehagro.com.br\/blog\/wp-content\/uploads\/2026\/02\/actinobacilose-1-150x113.jpg 150w\" sizes=\"auto, (max-width: 800px) 100vw, 800px\" \/><\/p>\n<h2>Quais as formas de contamina\u00e7\u00e3o e fatores de risco?<\/h2>\n<p>A actinobacilose em bovinos tem como agente etiol\u00f3gico o <strong>Actinobacillus lignieresii,<\/strong> um cocobacilo Gram Negativo da fam\u00edlia Pasteurellaceae, o qual faz parte da microbiota oral, ruminal e do sistema respirat\u00f3rio de animais saud\u00e1veis.<\/p>\n<p>O agente penetra na mucosa orofar\u00edngea, atingindo a corrente sangu\u00ednea e\/ou linf\u00e1tica, acometendo os linfonodos regionais, podendo se estender ao tecido subcut\u00e2neo e muscular da l\u00edngua, inclusive pode acometer a pele causando ulcera\u00e7\u00e3o. Sendo assim, a alimenta\u00e7\u00e3o com forragem abrasiva\/espinhosa e abras\u00f5es dent\u00e1rias s\u00e3o fatores de risco para a doen\u00e7a por ocasionar les\u00f5es na mucosa oral.<\/p>\n<p>Ou seja, \u00e9 necess\u00e1rio uma <strong>les\u00e3o prim\u00e1ria<\/strong> para causar a doen\u00e7a e a transmiss\u00e3o pode se dar pelos f\u00f4mites contaminados com as secre\u00e7\u00f5es de animais doentes, que contaminam esses pastos ou os alimentos e \u00e1gua.<\/p>\n<p>\u00c9 um microrganismo aer\u00f3bico e anaer\u00f3bico facultativo, possui baixa resist\u00eancia \u00e0s condi\u00e7\u00f5es do meio ambiente, pois n\u00e3o sobrevive por mais de cinco dias em feno ou palhas.<\/p>\n<p>H\u00e1 relatos de infec\u00e7\u00e3o a partir de lacera\u00e7\u00f5es, inje\u00e7\u00f5es intravenosas, linfadenite disseminada e cirurgias de implante de argola nasal e descorna. Como tamb\u00e9m, a partir da via aer\u00f3gena, respons\u00e1vel por desenvolver a forma pulmonar da doen\u00e7a, incomum nos rebanhos.<\/p>\n<p>Ap\u00f3s a entrada do agente, ocorrem rea\u00e7\u00f5es inflamat\u00f3rias agudas que, por conseguinte evolui para les\u00f5es granulomatosas, gerando necrose e supura\u00e7\u00e3o de tecidos moles. Quando a bact\u00e9ria atinge os vasos linf\u00e1ticos provoca linfadenite piogranulomatosa (infiltrados de leuc\u00f3citos, como neutr\u00f3filos e macr\u00f3fagos).<\/p>\n<p>Em abatedouros durante a fiscaliza\u00e7\u00e3o das carca\u00e7as essas les\u00f5es s\u00e3o encontradas em <strong>linfonodos retrofar\u00edngeos<\/strong>.<\/p>\n<p>A <strong>morbidade<\/strong> da doen\u00e7a varia, podendo chegar a <strong>50%<\/strong>, por\u00e9m a <strong>mortalidade \u00e9 quase nula, com \u00edndices menores que 1%<\/strong>. O que mostra que \u00e9 poss\u00edvel tratar os animais com actinobacilose, restabelecendo a produ\u00e7\u00e3o.<\/p>\n<p><a href=\"https:\/\/conteudo.rehagro.com.br\/ebook-criacao-bezerras-leiteiras?utm_campaign=material-leite&amp;utm_source=ebook-criacao-bezerras&amp;utm_medium=blog\" target=\"_blank\" rel=\"noopener\"><img loading=\"lazy\" decoding=\"async\" class=\"aligncenter wp-image-39650 size-full\" title=\"Clique e baixe o e-book gr\u00e1tis!\" src=\"https:\/\/rehagro.com.br\/blog\/wp-content\/uploads\/2025\/09\/banner-ebook-criacao-bezerras.png\" alt=\"E-book Cria\u00e7\u00e3o de bezerras leiteiras\" width=\"980\" height=\"317\" srcset=\"https:\/\/rehagro.com.br\/blog\/wp-content\/uploads\/2025\/09\/banner-ebook-criacao-bezerras.png 980w, https:\/\/rehagro.com.br\/blog\/wp-content\/uploads\/2025\/09\/banner-ebook-criacao-bezerras-300x97.png 300w, https:\/\/rehagro.com.br\/blog\/wp-content\/uploads\/2025\/09\/banner-ebook-criacao-bezerras-768x248.png 768w, https:\/\/rehagro.com.br\/blog\/wp-content\/uploads\/2025\/09\/banner-ebook-criacao-bezerras-370x120.png 370w, https:\/\/rehagro.com.br\/blog\/wp-content\/uploads\/2025\/09\/banner-ebook-criacao-bezerras-270x87.png 270w, https:\/\/rehagro.com.br\/blog\/wp-content\/uploads\/2025\/09\/banner-ebook-criacao-bezerras-740x239.png 740w, https:\/\/rehagro.com.br\/blog\/wp-content\/uploads\/2025\/09\/banner-ebook-criacao-bezerras-150x49.png 150w\" sizes=\"auto, (max-width: 980px) 100vw, 980px\" \/><\/a><\/p>\n<h2>Quais s\u00e3o os sinais cl\u00ednicos e formas de diagn\u00f3stico?<\/h2>\n<p>A actinobacilose tamb\u00e9m \u00e9 conhecida como \u201cl\u00edngua de pau\u201d ou \u201cl\u00edngua de madeira\u201d, uma vez que, a <strong>l\u00edngua \u00e9 o \u00f3rg\u00e3o mais comumente afetado<\/strong>.<\/p>\n<p>Inicialmente, pode ocorrer uma miosite lingual (v\u00e1rios granulomas na musculatura, que podem conter pus), logo, h\u00e1 a deposi\u00e7\u00e3o intensificada de tecido fibroso, o que caracteriza o aspecto de rigidez e aumento de tamanho \u00e0 palpa\u00e7\u00e3o, e pode causar inc\u00f4modo e dor.<\/p>\n<p>Tamb\u00e9m pode haver ulcera\u00e7\u00f5es no tecido. O animal demonstra mastiga\u00e7\u00e3o suave da l\u00edngua, como se um corpo estranho estivesse presente na boca e apresenta dificuldade de se alimentar.<\/p>\n<p><img loading=\"lazy\" decoding=\"async\" class=\"aligncenter size-full wp-image-41382\" src=\"https:\/\/rehagro.com.br\/blog\/wp-content\/uploads\/2026\/02\/actinobacilose-quadro-clinico.jpg\" alt=\"Quadro cl\u00ednico t\u00edpico de actinobacilose em bovinos\" width=\"960\" height=\"770\" srcset=\"https:\/\/rehagro.com.br\/blog\/wp-content\/uploads\/2026\/02\/actinobacilose-quadro-clinico.jpg 960w, https:\/\/rehagro.com.br\/blog\/wp-content\/uploads\/2026\/02\/actinobacilose-quadro-clinico-300x241.jpg 300w, https:\/\/rehagro.com.br\/blog\/wp-content\/uploads\/2026\/02\/actinobacilose-quadro-clinico-768x616.jpg 768w, https:\/\/rehagro.com.br\/blog\/wp-content\/uploads\/2026\/02\/actinobacilose-quadro-clinico-370x297.jpg 370w, https:\/\/rehagro.com.br\/blog\/wp-content\/uploads\/2026\/02\/actinobacilose-quadro-clinico-270x217.jpg 270w, https:\/\/rehagro.com.br\/blog\/wp-content\/uploads\/2026\/02\/actinobacilose-quadro-clinico-740x594.jpg 740w, https:\/\/rehagro.com.br\/blog\/wp-content\/uploads\/2026\/02\/actinobacilose-quadro-clinico-150x120.jpg 150w\" sizes=\"auto, (max-width: 960px) 100vw, 960px\" \/><\/p>\n<p style=\"text-align: center;\"><span style=\"font-size: 10pt;\">Quadro cl\u00ednico t\u00edpico de \u201cl\u00edngua de pau\u201d. Fonte: Lu\u00edsa Silveira.<\/span><\/p>\n<p>A <strong><a href=\"https:\/\/rehagro.com.br\/blog\/escore-de-condicao-corporal-em-vacas-leiteiras\/\">condi\u00e7\u00e3o corporal<\/a><\/strong> do animal \u00e9 afetada, j\u00e1 que se alimenta com dificuldade, devido ao comprometimento do ato de apreens\u00e3o do alimento com a l\u00edngua e no processo de mastiga\u00e7\u00e3o. Al\u00e9m disso, o aumento da cadeia linf\u00e1tica interfere na degluti\u00e7\u00e3o, causando desidrata\u00e7\u00e3o, apatia e poss\u00edvel \u00f3bito.<\/p>\n<p>Apesar da l\u00edngua apresentar maior n\u00famero de casos, pode haver <strong>les\u00f5es at\u00edpicas<\/strong> nos l\u00e1bios, palato, faringe, fossas nasais, face e p\u00e1lpebras com presen\u00e7a de n\u00f3dulos vermelhos e que sangram com facilidade. Quando h\u00e1 presen\u00e7a de les\u00f5es na face se caracteriza um quadro de \u201ccara de hipop\u00f3tamo\u201d.<\/p>\n<p>A actinobacilose ainda pode levar a outros quadros cl\u00ednicos, como <strong><a href=\"https:\/\/rehagro.com.br\/blog\/o-que-e-mastite-bovina-e-quais-seus-impactos\/\">mastite<\/a><\/strong> cr\u00f4nica ou aguda, pneumonia supurativa, artrite s\u00e9ptica, endocardite vegetativa, endometrite, sinusite cr\u00f4nica, infec\u00e7\u00f5es umbilicais, vesiculite seminal e infec\u00e7\u00e3o secund\u00e1ria em ferimentos.<\/p>\n<p><img loading=\"lazy\" decoding=\"async\" class=\"aligncenter size-full wp-image-41384\" src=\"https:\/\/rehagro.com.br\/blog\/wp-content\/uploads\/2026\/02\/lesoes-actinobacilose.jpg\" alt=\"Vaca com les\u00f5es na mand\u00edbula, causadas pela actinobacilose\" width=\"406\" height=\"349\" srcset=\"https:\/\/rehagro.com.br\/blog\/wp-content\/uploads\/2026\/02\/lesoes-actinobacilose.jpg 406w, https:\/\/rehagro.com.br\/blog\/wp-content\/uploads\/2026\/02\/lesoes-actinobacilose-300x258.jpg 300w, https:\/\/rehagro.com.br\/blog\/wp-content\/uploads\/2026\/02\/lesoes-actinobacilose-370x318.jpg 370w, https:\/\/rehagro.com.br\/blog\/wp-content\/uploads\/2026\/02\/lesoes-actinobacilose-270x232.jpg 270w, https:\/\/rehagro.com.br\/blog\/wp-content\/uploads\/2026\/02\/lesoes-actinobacilose-349x300.jpg 349w, https:\/\/rehagro.com.br\/blog\/wp-content\/uploads\/2026\/02\/lesoes-actinobacilose-150x129.jpg 150w\" sizes=\"auto, (max-width: 406px) 100vw, 406px\" \/><\/p>\n<p style=\"text-align: center;\"><span style=\"font-weight: 400; font-size: 10pt;\">Vaca com les\u00f5es na mand\u00edbula e pesco\u00e7o, caracterizando a \u201ccara de hipop\u00f3tamo&#8221;. Fonte: Caffarena et al.<\/span><\/p>\n<p><img loading=\"lazy\" decoding=\"async\" class=\"aligncenter size-full wp-image-41383\" src=\"https:\/\/rehagro.com.br\/blog\/wp-content\/uploads\/2026\/02\/actinobacilose-2.jpg\" alt=\"Quadro cl\u00ednico de actinobacilose causando a &quot;l\u00edngua de pau&quot;\" width=\"755\" height=\"436\" srcset=\"https:\/\/rehagro.com.br\/blog\/wp-content\/uploads\/2026\/02\/actinobacilose-2.jpg 755w, https:\/\/rehagro.com.br\/blog\/wp-content\/uploads\/2026\/02\/actinobacilose-2-300x173.jpg 300w, https:\/\/rehagro.com.br\/blog\/wp-content\/uploads\/2026\/02\/actinobacilose-2-370x214.jpg 370w, https:\/\/rehagro.com.br\/blog\/wp-content\/uploads\/2026\/02\/actinobacilose-2-270x156.jpg 270w, https:\/\/rehagro.com.br\/blog\/wp-content\/uploads\/2026\/02\/actinobacilose-2-740x427.jpg 740w, https:\/\/rehagro.com.br\/blog\/wp-content\/uploads\/2026\/02\/actinobacilose-2-150x87.jpg 150w\" sizes=\"auto, (max-width: 755px) 100vw, 755px\" \/><\/p>\n<p style=\"text-align: center;\"><span style=\"font-size: 10pt;\">Quadro cl\u00ednico t\u00edpico de \u201cl\u00edngua de pau\u201d. Fonte: Belinda et al.<\/span><\/p>\n<p>Al\u00e9m dos sinais cl\u00ednicos, pode se realizar diagn\u00f3stico pelo hist\u00f3rico do animal e por exames histopatol\u00f3gicos da les\u00e3o. No qual, o material purulento apresenta patognom\u00f4nicos de Actinobacillus lignieresii.<\/p>\n<p>Ao realizar o esfrega\u00e7o do pus, verificam-se estruturas semelhantes a clavas, com massa de bact\u00e9rias no centro e presen\u00e7a de diversos tipos de leuc\u00f3citos e tecido de granula\u00e7\u00e3o com fibrose reativa. A confirma\u00e7\u00e3o \u00e9 tida com o isolamento e identifica\u00e7\u00e3o de Actinobacillus lignieresii.<\/p>\n<p>O <strong>diagn\u00f3stico diferencial<\/strong> est\u00e1 relacionado a corpos estranhos na l\u00edngua; raiva, em virtude da saliva\u00e7\u00e3o abundante; e a <strong><a href=\"https:\/\/rehagro.com.br\/blog\/controle-da-brucelose-e-tuberculose\/\">tuberculose<\/a><\/strong>, pois, les\u00f5es pulmonares causadas pelo A. lignieresii se assemelham as les\u00f5es verificadas nessa patologia.<\/p>\n<p><img loading=\"lazy\" decoding=\"async\" class=\"aligncenter size-full wp-image-41385\" src=\"https:\/\/rehagro.com.br\/blog\/wp-content\/uploads\/2026\/02\/actinobacilose-3.jpg\" alt=\"Material purulento de actinobacilose\" width=\"709\" height=\"412\" srcset=\"https:\/\/rehagro.com.br\/blog\/wp-content\/uploads\/2026\/02\/actinobacilose-3.jpg 709w, https:\/\/rehagro.com.br\/blog\/wp-content\/uploads\/2026\/02\/actinobacilose-3-300x174.jpg 300w, https:\/\/rehagro.com.br\/blog\/wp-content\/uploads\/2026\/02\/actinobacilose-3-370x215.jpg 370w, https:\/\/rehagro.com.br\/blog\/wp-content\/uploads\/2026\/02\/actinobacilose-3-270x157.jpg 270w, https:\/\/rehagro.com.br\/blog\/wp-content\/uploads\/2026\/02\/actinobacilose-3-150x87.jpg 150w\" sizes=\"auto, (max-width: 709px) 100vw, 709px\" \/><\/p>\n<p style=\"text-align: center;\"><span style=\"font-size: 10pt;\">Presen\u00e7a de clavas em esfrega\u00e7o do material purulento. Fonte: Laborat\u00f3rio de Patologia Animal da Universidade Federal de Campo Grande &#8211; UFCG.<\/span><\/p>\n<h2>Quais s\u00e3o os impactos da actinobacilose na produ\u00e7\u00e3o?<\/h2>\n<p>O impacto da actinobacilose na produ\u00e7\u00e3o do rebanho \u00e9 significativo, <strong>causando <a href=\"https:\/\/rehagro.com.br\/blog\/queda-na-producao-de-leite\/\">queda na produ\u00e7\u00e3o de leite<\/a> e condena\u00e7\u00e3o das carca\u00e7as de vacas infectadas<\/strong>, j\u00e1 que pode haver a presen\u00e7a de n\u00f3dulos purulentos caracter\u00edsticos.<\/p>\n<p>O principal fator para produ\u00e7\u00e3o de leite no animal \u00e9 seu consumo de mat\u00e9ria seca para gerar energia para a lactog\u00eanese. Como as les\u00f5es, principalmente na l\u00edngua, causam inc\u00f4modos ao animal, ele diminui consideravelmente o consumo de alimento.<\/p>\n<p>A perda de escore corporal e desidrata\u00e7\u00e3o do animal, levam ao decl\u00ednio da produ\u00e7\u00e3o de leite e pode levar a \u00f3bito.<\/p>\n<p>Isso causa uma <strong>perda econ\u00f4mica consider\u00e1vel<\/strong> dentro da propriedade, o que justifica a aten\u00e7\u00e3o com a actinobacilose no rebanho leiteiro.<\/p>\n<h2>Preven\u00e7\u00e3o e tratamento<\/h2>\n<p>Prevenir lacera\u00e7\u00f5es na cavidade oral \u00e9 uma das formas mais eficazes contra a doen\u00e7a, j\u00e1 que \u00e9 uma das principais portas do agente. Fornecer volumoso de qualidade, sem espinhos ou part\u00edculas muito grosseiras.<\/p>\n<p>Realizar quarentena de animais provenientes de propriedades com hist\u00f3rico da doen\u00e7a, como tamb\u00e9m o isolamento dos indiv\u00edduos que apresentarem sinais cl\u00ednicos caracter\u00edsticos.<\/p>\n<p>Ainda \u00e9 relevante a associa\u00e7\u00e3o de protocolo com iodetos e administra\u00e7\u00e3o de antibi\u00f3ticos de largo espectro. Pesquisas revelam sensibilidade do Actinobacillus lignieresii a ceftiofur, ampicilina, penicilina, florfenicol, sulfas, aminoglicos\u00eddeos e tetraciclina.<\/p>\n<h2>Conclus\u00e3o<\/h2>\n<p>Sabemos que a <strong>actinobacilose bovina causa grandes perdas produtivas ao rebanho<\/strong>, impactando financeiramente a propriedade. Por\u00e9m \u00e9 uma doen\u00e7a de baixa mortalidade, com possibilidade de preven\u00e7\u00e3o e tratamento se realizados da forma adequada.<\/p>\n<p><strong>Identificar precocemente<\/strong> os animais acometidos e se atentar aos animais advindos de outras propriedades com hist\u00f3rico da doen\u00e7a v\u00e3o auxiliar no controle da actinobacilose. Proporcionando sa\u00fade, produtividade e lucratividade ao rebanho leiteiro.<\/p>\n<h2>Mais do que teoria, uma forma\u00e7\u00e3o para gerar resultados reais no campo<\/h2>\n<p>O mercado do leite \u00e9 competitivo e exige profissionais preparados. \u00c9 por isso que a <a href=\"https:\/\/rehagro.com.br\/cursos\/pos-graduacao-em-pecuaria-leiteira?utm_campaign=mkt-materiais-pl&amp;utm_source=textos&amp;utm_medium=blog\" target=\"_blank\" rel=\"noopener\"><strong>P\u00f3s-gradua\u00e7\u00e3o em Pecu\u00e1ria Leiteira<\/strong><\/a> do Rehagro vai al\u00e9m do conte\u00fado acad\u00eamico: ela entrega ferramentas, metodologias pr\u00e1ticas e acompanhamento de especialistas que fazem diferen\u00e7a no dia a dia da fazenda.<\/p>\n<p>Seja voc\u00ea produtor ou consultor, aqui voc\u00ea aprende como reduzir custos, aumentar a produ\u00e7\u00e3o e tomar decis\u00f5es baseadas em dados concretos, elevando o n\u00edvel do seu trabalho.<\/p>\n<p><a href=\"https:\/\/rehagro.com.br\/cursos\/pos-graduacao-em-pecuaria-leiteira?utm_campaign=mkt-materiais-pl&amp;utm_source=textos&amp;utm_medium=blog\" target=\"_blank\" rel=\"noopener\"><img loading=\"lazy\" decoding=\"async\" class=\"aligncenter wp-image-18727 size-full\" title=\"Clique e saiba mais sobre o curso!\" src=\"https:\/\/rehagro.com.br\/blog\/wp-content\/uploads\/2023\/03\/banner-pl.jpg\" alt=\"Banner P\u00f3s-gradua\u00e7\u00e3o em Pecu\u00e1ria Leiteira\" width=\"980\" height=\"317\" srcset=\"https:\/\/rehagro.com.br\/blog\/wp-content\/uploads\/2023\/03\/banner-pl.jpg 980w, https:\/\/rehagro.com.br\/blog\/wp-content\/uploads\/2023\/03\/banner-pl-300x97.jpg 300w, https:\/\/rehagro.com.br\/blog\/wp-content\/uploads\/2023\/03\/banner-pl-768x248.jpg 768w, https:\/\/rehagro.com.br\/blog\/wp-content\/uploads\/2023\/03\/banner-pl-370x120.jpg 370w, https:\/\/rehagro.com.br\/blog\/wp-content\/uploads\/2023\/03\/banner-pl-270x87.jpg 270w, https:\/\/rehagro.com.br\/blog\/wp-content\/uploads\/2023\/03\/banner-pl-740x239.jpg 740w, https:\/\/rehagro.com.br\/blog\/wp-content\/uploads\/2023\/03\/banner-pl-150x49.jpg 150w\" sizes=\"auto, (max-width: 980px) 100vw, 980px\" \/><\/a><\/p>\n<p>Autor: Luiz Eduardo de Melo Silveira &#8211; Equipe Leite Rehagro.<\/p>\n<p><strong>Refer\u00eancias<\/strong><\/p>\n<ul>\n<li>DA SILVA, Yanne Aciole et al. Actinobacilose bovina: Revis\u00e3o. Pubvet, v. 11, p. 538-645, 2017.<\/li>\n<li>CAFFARENA, Rub\u00e9n D. et al. Natural lymphatic (\u201catypical\u201d) actinobacillosis in cattle caused by Actinobacillus lignieresii. Journal of Veterinary Diagnostic Investigation, v. 30, n. 2, p. 218-225, 2018.<\/li>\n<li>Caffarena RD, Rabaza A, Casaux L, Rioseco MM, Schild CO, Monesiglio C, Fraga M, Giannitti F, Riet-Correa F. Natural lymphatic (&#8220;atypical&#8221;) actinobacillosis in cattle caused by Actinobacillus lignieresii. J Vet Diagn Invest. 2018 Mar;30(2):218-225.<\/li>\n<li>AQUINO, M\u00e1rcio Henrique Batista de. Preval\u00eancia da actinobacilose em ruminantes no Hospital Veterin\u00e1rio da Universidade Federal de Campina Grande-2005\/2010. 2010.<\/li>\n<li>SILVA, M. L. et al. Estudo retrospectivo da ocorr\u00eancia de actinobacilose bovina em matadouro&#8211;frigor\u00edfico de Sinop\u2013MT, 2008-2013. Revista de Educa\u00e7\u00e3o Continuada em Medicina Veterin\u00e1ria e Zootecnia do CRMV-SP, v. 14, n. 2, p. 83-83, 2016.<\/li>\n<\/ul>\n","protected":false},"excerpt":{"rendered":"<p>A actinobacilose bovina \u00e9 tipicamente caracterizada por glossite piogranulomatosa (l\u00edngua de madeira ou l\u00edngua de pau), podendo envolver outros tecidos em menor propor\u00e7\u00e3o, como pele e linfonodos. \u00c9 uma enfermidade infecciosa, por\u00e9m n\u00e3o contagiosa, geralmente cr\u00f4nica, causada por Actinobacillus sp. Nesse texto iremos discutir sobre a actinobacilose bovina, evidenciado as formas de contamina\u00e7\u00e3o, fatores de [&hellip;]<\/p>\n","protected":false},"author":21,"featured_media":41386,"comment_status":"open","ping_status":"open","sticky":false,"template":"","format":"standard","meta":{"footnotes":""},"categories":[214],"tags":[646,331],"class_list":["post-41379","post","type-post","status-publish","format-standard","has-post-thumbnail","hentry","category-leite","tag-bovinos-leiteiros","tag-doencas"],"yoast_head":"<!-- This site is optimized with the Yoast SEO plugin v27.4 - https:\/\/yoast.com\/product\/yoast-seo-wordpress\/ -->\n<title>Actinobacilose em bovinos: causas, sintomas, tratamento e preven\u00e7\u00e3o<\/title>\n<meta name=\"description\" content=\"Saiba como identificar, tratar e prevenir a actinobacilose em bovinos, evitando preju\u00edzos e melhorando a sa\u00fade do rebanho.\" \/>\n<meta name=\"robots\" content=\"index, follow, max-snippet:-1, max-image-preview:large, max-video-preview:-1\" \/>\n<link rel=\"canonical\" href=\"https:\/\/rehagro.com.br\/blog\/actinobacilose-em-bovinos-como-ela-impacta-na-producao-do-rebanho-leiteiro\/\" \/>\n<meta property=\"og:locale\" content=\"pt_BR\" \/>\n<meta property=\"og:type\" content=\"article\" \/>\n<meta property=\"og:title\" content=\"Actinobacilose em bovinos: causas, sintomas, tratamento e preven\u00e7\u00e3o\" \/>\n<meta property=\"og:description\" content=\"Saiba como identificar, tratar e prevenir a actinobacilose em bovinos, evitando preju\u00edzos e melhorando a sa\u00fade do rebanho.\" \/>\n<meta property=\"og:url\" content=\"https:\/\/rehagro.com.br\/blog\/actinobacilose-em-bovinos-como-ela-impacta-na-producao-do-rebanho-leiteiro\/\" \/>\n<meta property=\"og:site_name\" content=\"Rehagro Blog\" \/>\n<meta property=\"article:published_time\" content=\"2026-04-27T16:00:19+00:00\" \/>\n<meta property=\"og:image\" content=\"https:\/\/rehagro.com.br\/blog\/wp-content\/uploads\/2026\/02\/capa-actinobacilose.jpg\" \/>\n\t<meta property=\"og:image:width\" content=\"1200\" \/>\n\t<meta property=\"og:image:height\" content=\"800\" \/>\n\t<meta property=\"og:image:type\" content=\"image\/jpeg\" \/>\n<meta name=\"author\" content=\"Jo\u00e3o Pedro Azevedo\" \/>\n<meta name=\"twitter:card\" content=\"summary_large_image\" \/>\n<meta name=\"twitter:label1\" content=\"Escrito por\" \/>\n\t<meta name=\"twitter:data1\" content=\"Jo\u00e3o Pedro Azevedo\" \/>\n\t<meta name=\"twitter:label2\" content=\"Est. tempo de leitura\" \/>\n\t<meta name=\"twitter:data2\" content=\"9 minutos\" \/>\n<script type=\"application\/ld+json\" class=\"yoast-schema-graph\">{\"@context\":\"https:\\\/\\\/schema.org\",\"@graph\":[{\"@type\":\"Article\",\"@id\":\"https:\\\/\\\/rehagro.com.br\\\/blog\\\/actinobacilose-em-bovinos-como-ela-impacta-na-producao-do-rebanho-leiteiro\\\/#article\",\"isPartOf\":{\"@id\":\"https:\\\/\\\/rehagro.com.br\\\/blog\\\/actinobacilose-em-bovinos-como-ela-impacta-na-producao-do-rebanho-leiteiro\\\/\"},\"author\":{\"name\":\"Jo\u00e3o Pedro Azevedo\",\"@id\":\"https:\\\/\\\/rehagro.com.br\\\/blog\\\/#\\\/schema\\\/person\\\/f2d1ae51b04939615ceebb3c0bfd8a94\"},\"headline\":\"Actinobacilose em bovinos: como ela impacta na produ\u00e7\u00e3o do rebanho leiteiro?\",\"datePublished\":\"2026-04-27T16:00:19+00:00\",\"mainEntityOfPage\":{\"@id\":\"https:\\\/\\\/rehagro.com.br\\\/blog\\\/actinobacilose-em-bovinos-como-ela-impacta-na-producao-do-rebanho-leiteiro\\\/\"},\"wordCount\":1449,\"commentCount\":0,\"publisher\":{\"@id\":\"https:\\\/\\\/rehagro.com.br\\\/blog\\\/#organization\"},\"image\":{\"@id\":\"https:\\\/\\\/rehagro.com.br\\\/blog\\\/actinobacilose-em-bovinos-como-ela-impacta-na-producao-do-rebanho-leiteiro\\\/#primaryimage\"},\"thumbnailUrl\":\"https:\\\/\\\/rehagro.com.br\\\/blog\\\/wp-content\\\/uploads\\\/2026\\\/02\\\/capa-actinobacilose.jpg\",\"keywords\":[\"bovinos leiteiros\",\"doen\u00e7as\"],\"articleSection\":[\"LEITE\"],\"inLanguage\":\"pt-BR\",\"potentialAction\":[{\"@type\":\"CommentAction\",\"name\":\"Comment\",\"target\":[\"https:\\\/\\\/rehagro.com.br\\\/blog\\\/actinobacilose-em-bovinos-como-ela-impacta-na-producao-do-rebanho-leiteiro\\\/#respond\"]}]},{\"@type\":\"WebPage\",\"@id\":\"https:\\\/\\\/rehagro.com.br\\\/blog\\\/actinobacilose-em-bovinos-como-ela-impacta-na-producao-do-rebanho-leiteiro\\\/\",\"url\":\"https:\\\/\\\/rehagro.com.br\\\/blog\\\/actinobacilose-em-bovinos-como-ela-impacta-na-producao-do-rebanho-leiteiro\\\/\",\"name\":\"Actinobacilose em bovinos: causas, sintomas, tratamento e preven\u00e7\u00e3o\",\"isPartOf\":{\"@id\":\"https:\\\/\\\/rehagro.com.br\\\/blog\\\/#website\"},\"primaryImageOfPage\":{\"@id\":\"https:\\\/\\\/rehagro.com.br\\\/blog\\\/actinobacilose-em-bovinos-como-ela-impacta-na-producao-do-rebanho-leiteiro\\\/#primaryimage\"},\"image\":{\"@id\":\"https:\\\/\\\/rehagro.com.br\\\/blog\\\/actinobacilose-em-bovinos-como-ela-impacta-na-producao-do-rebanho-leiteiro\\\/#primaryimage\"},\"thumbnailUrl\":\"https:\\\/\\\/rehagro.com.br\\\/blog\\\/wp-content\\\/uploads\\\/2026\\\/02\\\/capa-actinobacilose.jpg\",\"datePublished\":\"2026-04-27T16:00:19+00:00\",\"description\":\"Saiba como identificar, tratar e prevenir a actinobacilose em bovinos, evitando preju\u00edzos e melhorando a sa\u00fade do rebanho.\",\"breadcrumb\":{\"@id\":\"https:\\\/\\\/rehagro.com.br\\\/blog\\\/actinobacilose-em-bovinos-como-ela-impacta-na-producao-do-rebanho-leiteiro\\\/#breadcrumb\"},\"inLanguage\":\"pt-BR\",\"potentialAction\":[{\"@type\":\"ReadAction\",\"target\":[\"https:\\\/\\\/rehagro.com.br\\\/blog\\\/actinobacilose-em-bovinos-como-ela-impacta-na-producao-do-rebanho-leiteiro\\\/\"]}]},{\"@type\":\"ImageObject\",\"inLanguage\":\"pt-BR\",\"@id\":\"https:\\\/\\\/rehagro.com.br\\\/blog\\\/actinobacilose-em-bovinos-como-ela-impacta-na-producao-do-rebanho-leiteiro\\\/#primaryimage\",\"url\":\"https:\\\/\\\/rehagro.com.br\\\/blog\\\/wp-content\\\/uploads\\\/2026\\\/02\\\/capa-actinobacilose.jpg\",\"contentUrl\":\"https:\\\/\\\/rehagro.com.br\\\/blog\\\/wp-content\\\/uploads\\\/2026\\\/02\\\/capa-actinobacilose.jpg\",\"width\":1200,\"height\":800},{\"@type\":\"BreadcrumbList\",\"@id\":\"https:\\\/\\\/rehagro.com.br\\\/blog\\\/actinobacilose-em-bovinos-como-ela-impacta-na-producao-do-rebanho-leiteiro\\\/#breadcrumb\",\"itemListElement\":[{\"@type\":\"ListItem\",\"position\":1,\"name\":\"In\u00edcio\",\"item\":\"https:\\\/\\\/rehagro.com.br\\\/blog\\\/\"},{\"@type\":\"ListItem\",\"position\":2,\"name\":\"Actinobacilose em bovinos: como ela impacta na produ\u00e7\u00e3o do rebanho leiteiro?\"}]},{\"@type\":\"WebSite\",\"@id\":\"https:\\\/\\\/rehagro.com.br\\\/blog\\\/#website\",\"url\":\"https:\\\/\\\/rehagro.com.br\\\/blog\\\/\",\"name\":\"Rehagro Blog\",\"description\":\"\",\"publisher\":{\"@id\":\"https:\\\/\\\/rehagro.com.br\\\/blog\\\/#organization\"},\"potentialAction\":[{\"@type\":\"SearchAction\",\"target\":{\"@type\":\"EntryPoint\",\"urlTemplate\":\"https:\\\/\\\/rehagro.com.br\\\/blog\\\/?s={search_term_string}\"},\"query-input\":{\"@type\":\"PropertyValueSpecification\",\"valueRequired\":true,\"valueName\":\"search_term_string\"}}],\"inLanguage\":\"pt-BR\"},{\"@type\":\"Organization\",\"@id\":\"https:\\\/\\\/rehagro.com.br\\\/blog\\\/#organization\",\"name\":\"Rehagro\",\"url\":\"https:\\\/\\\/rehagro.com.br\\\/blog\\\/\",\"logo\":{\"@type\":\"ImageObject\",\"inLanguage\":\"pt-BR\",\"@id\":\"https:\\\/\\\/rehagro.com.br\\\/blog\\\/#\\\/schema\\\/logo\\\/image\\\/\",\"url\":\"https:\\\/\\\/rehagro.com.br\\\/blog\\\/wp-content\\\/uploads\\\/2018\\\/05\\\/logo-rehagro.png\",\"contentUrl\":\"https:\\\/\\\/rehagro.com.br\\\/blog\\\/wp-content\\\/uploads\\\/2018\\\/05\\\/logo-rehagro.png\",\"width\":400,\"height\":115,\"caption\":\"Rehagro\"},\"image\":{\"@id\":\"https:\\\/\\\/rehagro.com.br\\\/blog\\\/#\\\/schema\\\/logo\\\/image\\\/\"}},{\"@type\":\"Person\",\"@id\":\"https:\\\/\\\/rehagro.com.br\\\/blog\\\/#\\\/schema\\\/person\\\/f2d1ae51b04939615ceebb3c0bfd8a94\",\"name\":\"Jo\u00e3o Pedro Azevedo\",\"image\":{\"@type\":\"ImageObject\",\"inLanguage\":\"pt-BR\",\"@id\":\"https:\\\/\\\/secure.gravatar.com\\\/avatar\\\/34aacffb2f10625483f480470f3274778dd1c183ba4f66444bb60ae92149bf8a?s=96&d=mm&r=g\",\"url\":\"https:\\\/\\\/secure.gravatar.com\\\/avatar\\\/34aacffb2f10625483f480470f3274778dd1c183ba4f66444bb60ae92149bf8a?s=96&d=mm&r=g\",\"contentUrl\":\"https:\\\/\\\/secure.gravatar.com\\\/avatar\\\/34aacffb2f10625483f480470f3274778dd1c183ba4f66444bb60ae92149bf8a?s=96&d=mm&r=g\",\"caption\":\"Jo\u00e3o Pedro Azevedo\"},\"url\":\"https:\\\/\\\/rehagro.com.br\\\/blog\\\/author\\\/joao-pedro\\\/\"}]}<\/script>\n<!-- \/ Yoast SEO plugin. -->","yoast_head_json":{"title":"Actinobacilose em bovinos: causas, sintomas, tratamento e preven\u00e7\u00e3o","description":"Saiba como identificar, tratar e prevenir a actinobacilose em bovinos, evitando preju\u00edzos e melhorando a sa\u00fade do rebanho.","robots":{"index":"index","follow":"follow","max-snippet":"max-snippet:-1","max-image-preview":"max-image-preview:large","max-video-preview":"max-video-preview:-1"},"canonical":"https:\/\/rehagro.com.br\/blog\/actinobacilose-em-bovinos-como-ela-impacta-na-producao-do-rebanho-leiteiro\/","og_locale":"pt_BR","og_type":"article","og_title":"Actinobacilose em bovinos: causas, sintomas, tratamento e preven\u00e7\u00e3o","og_description":"Saiba como identificar, tratar e prevenir a actinobacilose em bovinos, evitando preju\u00edzos e melhorando a sa\u00fade do rebanho.","og_url":"https:\/\/rehagro.com.br\/blog\/actinobacilose-em-bovinos-como-ela-impacta-na-producao-do-rebanho-leiteiro\/","og_site_name":"Rehagro Blog","article_published_time":"2026-04-27T16:00:19+00:00","og_image":[{"width":1200,"height":800,"url":"https:\/\/rehagro.com.br\/blog\/wp-content\/uploads\/2026\/02\/capa-actinobacilose.jpg","type":"image\/jpeg"}],"author":"Jo\u00e3o Pedro Azevedo","twitter_card":"summary_large_image","twitter_misc":{"Escrito por":"Jo\u00e3o Pedro Azevedo","Est. tempo de leitura":"9 minutos"},"schema":{"@context":"https:\/\/schema.org","@graph":[{"@type":"Article","@id":"https:\/\/rehagro.com.br\/blog\/actinobacilose-em-bovinos-como-ela-impacta-na-producao-do-rebanho-leiteiro\/#article","isPartOf":{"@id":"https:\/\/rehagro.com.br\/blog\/actinobacilose-em-bovinos-como-ela-impacta-na-producao-do-rebanho-leiteiro\/"},"author":{"name":"Jo\u00e3o Pedro Azevedo","@id":"https:\/\/rehagro.com.br\/blog\/#\/schema\/person\/f2d1ae51b04939615ceebb3c0bfd8a94"},"headline":"Actinobacilose em bovinos: como ela impacta na produ\u00e7\u00e3o do rebanho leiteiro?","datePublished":"2026-04-27T16:00:19+00:00","mainEntityOfPage":{"@id":"https:\/\/rehagro.com.br\/blog\/actinobacilose-em-bovinos-como-ela-impacta-na-producao-do-rebanho-leiteiro\/"},"wordCount":1449,"commentCount":0,"publisher":{"@id":"https:\/\/rehagro.com.br\/blog\/#organization"},"image":{"@id":"https:\/\/rehagro.com.br\/blog\/actinobacilose-em-bovinos-como-ela-impacta-na-producao-do-rebanho-leiteiro\/#primaryimage"},"thumbnailUrl":"https:\/\/rehagro.com.br\/blog\/wp-content\/uploads\/2026\/02\/capa-actinobacilose.jpg","keywords":["bovinos leiteiros","doen\u00e7as"],"articleSection":["LEITE"],"inLanguage":"pt-BR","potentialAction":[{"@type":"CommentAction","name":"Comment","target":["https:\/\/rehagro.com.br\/blog\/actinobacilose-em-bovinos-como-ela-impacta-na-producao-do-rebanho-leiteiro\/#respond"]}]},{"@type":"WebPage","@id":"https:\/\/rehagro.com.br\/blog\/actinobacilose-em-bovinos-como-ela-impacta-na-producao-do-rebanho-leiteiro\/","url":"https:\/\/rehagro.com.br\/blog\/actinobacilose-em-bovinos-como-ela-impacta-na-producao-do-rebanho-leiteiro\/","name":"Actinobacilose em bovinos: causas, sintomas, tratamento e preven\u00e7\u00e3o","isPartOf":{"@id":"https:\/\/rehagro.com.br\/blog\/#website"},"primaryImageOfPage":{"@id":"https:\/\/rehagro.com.br\/blog\/actinobacilose-em-bovinos-como-ela-impacta-na-producao-do-rebanho-leiteiro\/#primaryimage"},"image":{"@id":"https:\/\/rehagro.com.br\/blog\/actinobacilose-em-bovinos-como-ela-impacta-na-producao-do-rebanho-leiteiro\/#primaryimage"},"thumbnailUrl":"https:\/\/rehagro.com.br\/blog\/wp-content\/uploads\/2026\/02\/capa-actinobacilose.jpg","datePublished":"2026-04-27T16:00:19+00:00","description":"Saiba como identificar, tratar e prevenir a actinobacilose em bovinos, evitando preju\u00edzos e melhorando a sa\u00fade do rebanho.","breadcrumb":{"@id":"https:\/\/rehagro.com.br\/blog\/actinobacilose-em-bovinos-como-ela-impacta-na-producao-do-rebanho-leiteiro\/#breadcrumb"},"inLanguage":"pt-BR","potentialAction":[{"@type":"ReadAction","target":["https:\/\/rehagro.com.br\/blog\/actinobacilose-em-bovinos-como-ela-impacta-na-producao-do-rebanho-leiteiro\/"]}]},{"@type":"ImageObject","inLanguage":"pt-BR","@id":"https:\/\/rehagro.com.br\/blog\/actinobacilose-em-bovinos-como-ela-impacta-na-producao-do-rebanho-leiteiro\/#primaryimage","url":"https:\/\/rehagro.com.br\/blog\/wp-content\/uploads\/2026\/02\/capa-actinobacilose.jpg","contentUrl":"https:\/\/rehagro.com.br\/blog\/wp-content\/uploads\/2026\/02\/capa-actinobacilose.jpg","width":1200,"height":800},{"@type":"BreadcrumbList","@id":"https:\/\/rehagro.com.br\/blog\/actinobacilose-em-bovinos-como-ela-impacta-na-producao-do-rebanho-leiteiro\/#breadcrumb","itemListElement":[{"@type":"ListItem","position":1,"name":"In\u00edcio","item":"https:\/\/rehagro.com.br\/blog\/"},{"@type":"ListItem","position":2,"name":"Actinobacilose em bovinos: como ela impacta na produ\u00e7\u00e3o do rebanho leiteiro?"}]},{"@type":"WebSite","@id":"https:\/\/rehagro.com.br\/blog\/#website","url":"https:\/\/rehagro.com.br\/blog\/","name":"Rehagro Blog","description":"","publisher":{"@id":"https:\/\/rehagro.com.br\/blog\/#organization"},"potentialAction":[{"@type":"SearchAction","target":{"@type":"EntryPoint","urlTemplate":"https:\/\/rehagro.com.br\/blog\/?s={search_term_string}"},"query-input":{"@type":"PropertyValueSpecification","valueRequired":true,"valueName":"search_term_string"}}],"inLanguage":"pt-BR"},{"@type":"Organization","@id":"https:\/\/rehagro.com.br\/blog\/#organization","name":"Rehagro","url":"https:\/\/rehagro.com.br\/blog\/","logo":{"@type":"ImageObject","inLanguage":"pt-BR","@id":"https:\/\/rehagro.com.br\/blog\/#\/schema\/logo\/image\/","url":"https:\/\/rehagro.com.br\/blog\/wp-content\/uploads\/2018\/05\/logo-rehagro.png","contentUrl":"https:\/\/rehagro.com.br\/blog\/wp-content\/uploads\/2018\/05\/logo-rehagro.png","width":400,"height":115,"caption":"Rehagro"},"image":{"@id":"https:\/\/rehagro.com.br\/blog\/#\/schema\/logo\/image\/"}},{"@type":"Person","@id":"https:\/\/rehagro.com.br\/blog\/#\/schema\/person\/f2d1ae51b04939615ceebb3c0bfd8a94","name":"Jo\u00e3o Pedro Azevedo","image":{"@type":"ImageObject","inLanguage":"pt-BR","@id":"https:\/\/secure.gravatar.com\/avatar\/34aacffb2f10625483f480470f3274778dd1c183ba4f66444bb60ae92149bf8a?s=96&d=mm&r=g","url":"https:\/\/secure.gravatar.com\/avatar\/34aacffb2f10625483f480470f3274778dd1c183ba4f66444bb60ae92149bf8a?s=96&d=mm&r=g","contentUrl":"https:\/\/secure.gravatar.com\/avatar\/34aacffb2f10625483f480470f3274778dd1c183ba4f66444bb60ae92149bf8a?s=96&d=mm&r=g","caption":"Jo\u00e3o Pedro Azevedo"},"url":"https:\/\/rehagro.com.br\/blog\/author\/joao-pedro\/"}]}},"_links":{"self":[{"href":"https:\/\/rehagro.com.br\/blog\/wp-json\/wp\/v2\/posts\/41379","targetHints":{"allow":["GET"]}}],"collection":[{"href":"https:\/\/rehagro.com.br\/blog\/wp-json\/wp\/v2\/posts"}],"about":[{"href":"https:\/\/rehagro.com.br\/blog\/wp-json\/wp\/v2\/types\/post"}],"author":[{"embeddable":true,"href":"https:\/\/rehagro.com.br\/blog\/wp-json\/wp\/v2\/users\/21"}],"replies":[{"embeddable":true,"href":"https:\/\/rehagro.com.br\/blog\/wp-json\/wp\/v2\/comments?post=41379"}],"version-history":[{"count":2,"href":"https:\/\/rehagro.com.br\/blog\/wp-json\/wp\/v2\/posts\/41379\/revisions"}],"predecessor-version":[{"id":42633,"href":"https:\/\/rehagro.com.br\/blog\/wp-json\/wp\/v2\/posts\/41379\/revisions\/42633"}],"wp:featuredmedia":[{"embeddable":true,"href":"https:\/\/rehagro.com.br\/blog\/wp-json\/wp\/v2\/media\/41386"}],"wp:attachment":[{"href":"https:\/\/rehagro.com.br\/blog\/wp-json\/wp\/v2\/media?parent=41379"}],"wp:term":[{"taxonomy":"category","embeddable":true,"href":"https:\/\/rehagro.com.br\/blog\/wp-json\/wp\/v2\/categories?post=41379"},{"taxonomy":"post_tag","embeddable":true,"href":"https:\/\/rehagro.com.br\/blog\/wp-json\/wp\/v2\/tags?post=41379"}],"curies":[{"name":"wp","href":"https:\/\/api.w.org\/{rel}","templated":true}]}}