{"id":41361,"date":"2026-03-11T10:00:30","date_gmt":"2026-03-11T13:00:30","guid":{"rendered":"https:\/\/rehagro.com.br\/blog\/?p=41361"},"modified":"2026-04-08T18:00:05","modified_gmt":"2026-04-08T21:00:05","slug":"retencao-de-talentos-no-agro","status":"publish","type":"post","link":"https:\/\/rehagro.com.br\/blog\/retencao-de-talentos-no-agro\/","title":{"rendered":"Reten\u00e7\u00e3o de talentos no agro: estrat\u00e9gias de desenvolvimento para aumentar resultados"},"content":{"rendered":"<p>Em muitas fazendas, a equipe \u00e9 o fator que mais acelera ou mais limita o crescimento. Mesmo com tecnologia, boa gen\u00e9tica, manejo ajustado e planejamento, o resultado n\u00e3o se sustenta quando a rotatividade vira rotina. A cada sa\u00edda, a propriedade perde conhecimento t\u00e1cito, quebra padr\u00f5es de execu\u00e7\u00e3o, aumenta o risco de falhas e precisa recome\u00e7ar ciclos de treinamento.<\/p>\n<p>Por isso, <strong>a reten\u00e7\u00e3o de talentos deixou de ser um tema \u201cde RH\u201d<\/strong> e passou a ser um assunto diretamente ligado \u00e0 produtividade, \u00e0 seguran\u00e7a e \u00e0 rentabilidade.<\/p>\n<p>Neste artigo, voc\u00ea vai entender as causas mais comuns da rotatividade e aprender <strong>estrat\u00e9gias pr\u00e1ticas de desenvolvimento e reten\u00e7\u00e3o de talentos no agro<\/strong>, com foco em aumentar estabilidade, desempenho e engajamento, sem depender apenas de aumentos salariais.<\/p>\n<div style=\"background-color: #efefef; padding-left: 10px; padding-right: 5px; border-radius: 10px;\">\n<p>&nbsp;<\/p>\n<p style=\"text-align: center;\"><strong><span style=\"font-size: 14pt;\">Sem tempo para ler agora? Baixe este artigo em PDF!<\/span><\/strong><\/p>\n<p><script charset=\"utf-8\" type=\"text\/javascript\" src=\"http:\/\/\/\/js.hsforms.net\/forms\/embed\/v2.js\"><\/script><br \/>\n<script>\nhbspt.forms.create({\nregion: \"na1\",\nportalId: \"5430441\",\nformId: \"5e2bb376-28fb-4d08-8a12-7ce239377b28\"\n});\n<\/script><\/p>\n<\/div>\n<h2>O que \u00e9 reten\u00e7\u00e3o de talentos e por que ela impacta o resultado?<\/h2>\n<p>Reten\u00e7\u00e3o n\u00e3o significa apenas manter pessoas por mais tempo. Na pr\u00e1tica, reten\u00e7\u00e3o de talentos \u00e9 a <strong>capacidade de criar condi\u00e7\u00f5es para que bons profissionais queiram permanecer e evoluir dentro da fazenda<\/strong>. Isso envolve um conjunto de fatores: lideran\u00e7a, estrutura de trabalho, desenvolvimento, reconhecimento, remunera\u00e7\u00e3o e cultura.<\/p>\n<p>Quando a reten\u00e7\u00e3o \u00e9 alta, voc\u00ea percebe:<\/p>\n<ul>\n<li>Maior consist\u00eancia de execu\u00e7\u00e3o (padr\u00e3o de manejo, rotina bem feita, menos improviso);<\/li>\n<li>Menos retrabalho e menos desperd\u00edcio;<\/li>\n<li>Redu\u00e7\u00e3o de acidentes e riscos operacionais;<\/li>\n<li>Melhor clima interno e mais colabora\u00e7\u00e3o;<\/li>\n<li>Evolu\u00e7\u00e3o t\u00e9cnica mais r\u00e1pida, porque a base da equipe permanece;<\/li>\n<\/ul>\n<p>J\u00e1 quando a rotatividade \u00e9 alta, a fazenda paga um custo invis\u00edvel: perde efici\u00eancia, compromete a qualidade e tende a operar no sufoco.<\/p>\n<p><a href=\"https:\/\/webinar.rehagro.com.br\/gestao-de-pessoas-para-obter-melhores-resultados-no-agronegocio?utm_campaign=material-gestao&amp;utm_source=webinar-gestao-pessoas&amp;utm_medium=blog\" target=\"_blank\" rel=\"noopener\"><img loading=\"lazy\" decoding=\"async\" class=\"aligncenter wp-image-38753 size-full\" title=\"Clique e acesse gratuitamente!\" src=\"https:\/\/rehagro.com.br\/blog\/wp-content\/uploads\/2024\/02\/webinar-gestao-pessoas-agro.png\" alt=\"Webinar gest\u00e3o de pessoas\" width=\"1024\" height=\"359\" srcset=\"https:\/\/rehagro.com.br\/blog\/wp-content\/uploads\/2024\/02\/webinar-gestao-pessoas-agro.png 1024w, https:\/\/rehagro.com.br\/blog\/wp-content\/uploads\/2024\/02\/webinar-gestao-pessoas-agro-300x105.png 300w, https:\/\/rehagro.com.br\/blog\/wp-content\/uploads\/2024\/02\/webinar-gestao-pessoas-agro-768x269.png 768w, https:\/\/rehagro.com.br\/blog\/wp-content\/uploads\/2024\/02\/webinar-gestao-pessoas-agro-370x130.png 370w, https:\/\/rehagro.com.br\/blog\/wp-content\/uploads\/2024\/02\/webinar-gestao-pessoas-agro-270x95.png 270w, https:\/\/rehagro.com.br\/blog\/wp-content\/uploads\/2024\/02\/webinar-gestao-pessoas-agro-740x259.png 740w, https:\/\/rehagro.com.br\/blog\/wp-content\/uploads\/2024\/02\/webinar-gestao-pessoas-agro-150x53.png 150w\" sizes=\"auto, (max-width: 1024px) 100vw, 1024px\" \/><\/a><\/p>\n<h2>Principais causas de rotatividade no campo<\/h2>\n<p>Para melhorar a reten\u00e7\u00e3o, o primeiro passo \u00e9 entender <strong>por que as pessoas saem<\/strong>. Em muitos casos, n\u00e3o \u00e9 por um \u00fanico motivo, mas por um conjunto de fatores que se acumulam.<\/p>\n<h3>Lideran\u00e7a e clima<\/h3>\n<p>No campo, a <strong><a href=\"https:\/\/rehagro.com.br\/blog\/lideranca-no-agronegocio\/\">lideran\u00e7a<\/a><\/strong> tem impacto enorme porque o conv\u00edvio \u00e9 pr\u00f3ximo e a rotina \u00e9 intensa. L\u00edderes que comunicam mal, n\u00e3o d\u00e3o dire\u00e7\u00e3o clara ou tratam a equipe com autoritarismo elevam a rotatividade.<\/p>\n<p>Sinais t\u00edpicos:<\/p>\n<ul>\n<li>Conflitos recorrentes e \u201cpanelinhas\u201d;<\/li>\n<li>Medo de errar, pouca autonomia e pouca iniciativa;<\/li>\n<li>Reclama\u00e7\u00f5es sobre injusti\u00e7a e falta de crit\u00e9rio.<\/li>\n<li>Falta de perspectiva e desenvolvimento<\/li>\n<\/ul>\n<p>Muitos colaboradores n\u00e3o saem apenas por dinheiro, saem porque n\u00e3o enxergam futuro. Quando n\u00e3o existe trilha de evolu\u00e7\u00e3o, a fazenda se torna um lugar de trabalho repetitivo sem progress\u00e3o.<\/p>\n<h3>Remunera\u00e7\u00e3o e benef\u00edcios pouco competitivos<\/h3>\n<p>Remunera\u00e7\u00e3o importa, principalmente quando h\u00e1 concorr\u00eancia local por m\u00e3o de obra. O problema \u00e9 que, em muitas propriedades, a remunera\u00e7\u00e3o n\u00e3o est\u00e1 estruturada, o que gera distor\u00e7\u00f5es internas e sensa\u00e7\u00e3o de injusti\u00e7a.<\/p>\n<h3>Moradia, deslocamento e estrutura de trabalho<\/h3>\n<p>No ambiente rural, a infraestrutura pesa muito na decis\u00e3o de permanecer. Moradia inadequada, falta de internet m\u00ednima, transporte prec\u00e1rio e condi\u00e7\u00f5es ruins de descanso geram desgaste cont\u00ednuo.<\/p>\n<h3>Cultura, reconhecimento e comunica\u00e7\u00e3o<\/h3>\n<p><strong><a href=\"https:\/\/rehagro.com.br\/blog\/gestao-de-pessoas-em-fazendas\/\">Pessoas<\/a><\/strong> permanecem onde se sentem respeitadas, ouvidas e reconhecidas. Quando o colaborador s\u00f3 recebe aten\u00e7\u00e3o quando erra, a tend\u00eancia \u00e9 desengajar.<\/p>\n<h2>Diagn\u00f3stico: como medir e enxergar o problema na sua fazenda<\/h2>\n<p>Sem diagn\u00f3stico, a gest\u00e3o vira achismo. Voc\u00ea n\u00e3o precisa de um departamento de RH para medir o b\u00e1sico.<\/p>\n<h3>Indicadores simples e \u00fateis<\/h3>\n<p>Abaixo, uma tabela pr\u00e1tica para acompanhar mensalmente:<\/p>\n<p><img loading=\"lazy\" decoding=\"async\" class=\"aligncenter size-full wp-image-41363\" src=\"https:\/\/rehagro.com.br\/blog\/wp-content\/uploads\/2026\/02\/tabela-indicadores-gestao-pessoas.png\" alt=\"Tabela com indicadores de gest\u00e3o de pessoas\" width=\"1062\" height=\"323\" srcset=\"https:\/\/rehagro.com.br\/blog\/wp-content\/uploads\/2026\/02\/tabela-indicadores-gestao-pessoas.png 1062w, https:\/\/rehagro.com.br\/blog\/wp-content\/uploads\/2026\/02\/tabela-indicadores-gestao-pessoas-300x91.png 300w, https:\/\/rehagro.com.br\/blog\/wp-content\/uploads\/2026\/02\/tabela-indicadores-gestao-pessoas-1024x311.png 1024w, https:\/\/rehagro.com.br\/blog\/wp-content\/uploads\/2026\/02\/tabela-indicadores-gestao-pessoas-768x234.png 768w, https:\/\/rehagro.com.br\/blog\/wp-content\/uploads\/2026\/02\/tabela-indicadores-gestao-pessoas-370x113.png 370w, https:\/\/rehagro.com.br\/blog\/wp-content\/uploads\/2026\/02\/tabela-indicadores-gestao-pessoas-270x82.png 270w, https:\/\/rehagro.com.br\/blog\/wp-content\/uploads\/2026\/02\/tabela-indicadores-gestao-pessoas-740x225.png 740w, https:\/\/rehagro.com.br\/blog\/wp-content\/uploads\/2026\/02\/tabela-indicadores-gestao-pessoas-150x46.png 150w\" sizes=\"auto, (max-width: 1062px) 100vw, 1062px\" \/><\/p>\n<h3>Entrevista de desligamento e entrevista de perman\u00eancia<\/h3>\n<p>A entrevista de desligamento \u00e9 \u00fatil, mas chega tarde. Uma pr\u00e1tica com grande retorno \u00e9 a entrevista de perman\u00eancia: conversas r\u00e1pidas e estruturadas com bons colaboradores para entender o que faz a pessoa ficar, o que pode faz\u00ea-la sair e o que ela precisa para evoluir.<\/p>\n<h3>Mapeamento por fun\u00e7\u00e3o e por l\u00edder<\/h3>\n<p>Nem toda rotatividade \u00e9 igual. \u00c0s vezes, o problema est\u00e1 concentrado em um setor ou em um l\u00edder espec\u00edfico. Mapear por equipe e por encarregado costuma revelar o gargalo rapidamente.<\/p>\n<p><a href=\"https:\/\/rehagro.com.br\/cursos\/pos-graduacao-em-gestao-de-fazendas-lucrativas?utm_campaign=29264930-mkt-materiais-pgf&amp;utm_source=textos&amp;utm_medium=blog\" target=\"_blank\" rel=\"noopener\"><img loading=\"lazy\" decoding=\"async\" class=\"aligncenter wp-image-40402 size-full\" title=\"Clique e saiba mais sobre o curso!\" src=\"https:\/\/rehagro.com.br\/blog\/wp-content\/uploads\/2025\/11\/banner-pgf.jpg\" alt=\"P\u00f3s-gradua\u00e7\u00e3o em Gest\u00e3o de Fazendas Lucrativas\" width=\"980\" height=\"317\" srcset=\"https:\/\/rehagro.com.br\/blog\/wp-content\/uploads\/2025\/11\/banner-pgf.jpg 980w, https:\/\/rehagro.com.br\/blog\/wp-content\/uploads\/2025\/11\/banner-pgf-300x97.jpg 300w, https:\/\/rehagro.com.br\/blog\/wp-content\/uploads\/2025\/11\/banner-pgf-768x248.jpg 768w, https:\/\/rehagro.com.br\/blog\/wp-content\/uploads\/2025\/11\/banner-pgf-370x120.jpg 370w, https:\/\/rehagro.com.br\/blog\/wp-content\/uploads\/2025\/11\/banner-pgf-270x87.jpg 270w, https:\/\/rehagro.com.br\/blog\/wp-content\/uploads\/2025\/11\/banner-pgf-740x239.jpg 740w, https:\/\/rehagro.com.br\/blog\/wp-content\/uploads\/2025\/11\/banner-pgf-150x49.jpg 150w\" sizes=\"auto, (max-width: 980px) 100vw, 980px\" \/><\/a><\/p>\n<h2>Estrat\u00e9gias de desenvolvimento para fortalecer equipes rurais<\/h2>\n<p>Desenvolvimento n\u00e3o \u00e9 treinar por treinar. \u00c9 criar compet\u00eancia aplic\u00e1vel na rotina.<\/p>\n<h3>Treinamento no ritmo do campo<\/h3>\n<p>No campo, treinamentos longos e te\u00f3ricos raramente funcionam. A melhor abordagem costuma ser:<\/p>\n<ul>\n<li>Conte\u00fado curto e direto;<\/li>\n<li>Demonstra\u00e7\u00e3o pr\u00e1tica;<\/li>\n<li>Repeti\u00e7\u00e3o orientada (padr\u00e3o de execu\u00e7\u00e3o);<\/li>\n<li>Checklist e acompanhamento.<\/li>\n<\/ul>\n<h3>Trilha de aprendizado por fun\u00e7\u00e3o<\/h3>\n<p>Uma trilha simples j\u00e1 aumenta muito a reten\u00e7\u00e3o, porque cria percep\u00e7\u00e3o de progresso. Exemplo de trilha por n\u00edveis:<\/p>\n<ul>\n<li><strong>N\u00edvel 1 (entrada)<\/strong>: rotina, seguran\u00e7a, padr\u00e3o b\u00e1sico, qualidade.<\/li>\n<li><strong>N\u00edvel 2 (pleno)<\/strong>: opera\u00e7\u00e3o completa, diagn\u00f3stico de falhas, autonomia.<\/li>\n<li><strong>N\u00edvel 3 (refer\u00eancia)<\/strong>: treina outros, lidera tarefa, controla qualidade.<\/li>\n<li><strong>N\u00edvel 4 (lideran\u00e7a)<\/strong>: gest\u00e3o de rotina, metas, <strong><a href=\"https:\/\/rehagro.com.br\/blog\/feedbacks-assertivos-no-agronegocio\/\">feedback<\/a><\/strong>, indicadores.<\/li>\n<\/ul>\n<h3>Multiplicadores internos e padr\u00e3o de execu\u00e7\u00e3o<\/h3>\n<p>Um erro comum \u00e9 depender apenas do gerente para treinar todo mundo. Formar multiplicadores reduz falhas e cria reconhecimento interno. O multiplicador \u00e9 quem sustenta padr\u00e3o, corrige desvios e acelera a integra\u00e7\u00e3o de novos.<\/p>\n<h2>Estrat\u00e9gias de reten\u00e7\u00e3o de equipes rurais com alto impacto<\/h2>\n<p>Aqui entram a\u00e7\u00f5es que atacam as causas reais de sa\u00edda e aumentam compromisso com a fazenda.<\/p>\n<ul>\n<li><strong>Lideran\u00e7a de proximidade e gest\u00e3o por rotina<\/strong>: No campo, o l\u00edder precisa estar presente: orientando, acompanhando e corrigindo padr\u00e3o sem humilhar. Rotina de lideran\u00e7a bem feita \u00e9 um pilar da reten\u00e7\u00e3o de equipes rurais.<\/li>\n<li><strong>Plano de carreira poss\u00edvel no contexto rural<\/strong>: Plano de carreira n\u00e3o precisa ser corporativo. Precisa ser realista.<\/li>\n<li><strong>Reconhecimento, metas e bonifica\u00e7\u00e3o<\/strong>: possui duas camadas\n<ul>\n<li><strong>Di\u00e1rio<\/strong>: elogio espec\u00edfico por comportamento ou resultado<\/li>\n<li><strong>Formal<\/strong>: <strong><a href=\"https:\/\/rehagro.com.br\/blog\/como-estabelecer-as-metas-de-uma-fazenda\/\">metas<\/a><\/strong> e bonifica\u00e7\u00e3o com regra clara<\/li>\n<\/ul>\n<\/li>\n<\/ul>\n<p>Uma dica importante: bonifica\u00e7\u00e3o sem crit\u00e9rio vira fonte de conflito. O ideal \u00e9 vincular a indicadores control\u00e1veis pela equipe, como qualidade, produtividade e disciplina operacional.<\/p>\n<ul>\n<li><strong>Melhoria de moradia e bem-estar: <\/strong>A estrutura pesa muito na decis\u00e3o de permanecer. Nem sempre exige grande investimento, mas exige prioridade.<\/li>\n<li><strong>Comunica\u00e7\u00e3o e rituais de equipe<\/strong>: Cultura se constr\u00f3i por repeti\u00e7\u00e3o.<\/li>\n<\/ul>\n<h2>Como reter talentos-chave na fazenda?<\/h2>\n<p>Algumas fun\u00e7\u00f5es s\u00e3o cr\u00edticas: operadores de m\u00e1quinas, inseminadores, capatazes, t\u00e9cnicos, l\u00edderes de turma. Perder essas pessoas custa muito mais.<\/p>\n<h3>O que muda para posi\u00e7\u00f5es cr\u00edticas<\/h3>\n<ul>\n<li>Mais clareza de expectativas e autonomia;<\/li>\n<li>Reconhecimento proporcional \u00e0 responsabilidade;<\/li>\n<li>Plano de evolu\u00e7\u00e3o mais definido;<\/li>\n<li>Conversas frequentes de alinhamento.<\/li>\n<\/ul>\n<h3>Reten\u00e7\u00e3o preventiva: sinais de alerta<\/h3>\n<p>Fique atento quando um bom colaborador:<\/p>\n<ul>\n<li>Reduz o ritmo e a iniciativa;<\/li>\n<li>Para de sugerir melhorias;<\/li>\n<li>Come\u00e7a a faltar mais;<\/li>\n<li><strong><a href=\"https:\/\/rehagro.com.br\/blog\/resolucao-de-conflitos-em-fazendas-como-lidar-com-desentendimentos\/\">Entra em conflito<\/a><\/strong> com frequ\u00eancia;<\/li>\n<li>Demonstra desinteresse por metas.<\/li>\n<\/ul>\n<p>A\u00e7\u00e3o r\u00e1pida aqui evita desligamento depois.<\/p>\n<h2>Erros comuns na reten\u00e7\u00e3o de talentos<\/h2>\n<p>Alguns erros \u201cbem-intencionados\u201d pioram a rotatividade.<\/p>\n<h3>1. Treinar e n\u00e3o criar oportunidade de aplicar<\/h3>\n<p>Treinamento sem aplica\u00e7\u00e3o gera frustra\u00e7\u00e3o. A pessoa aprende e volta para a rotina sem espa\u00e7o para evoluir.<\/p>\n<h3>2. Promover sem preparar<\/h3>\n<p>Promover algu\u00e9m bom tecnicamente para liderar, sem preparo, costuma gerar queda de desempenho e conflitos.<\/p>\n<h3>3. Bonificar sem regra clara<\/h3>\n<p>Bonifica\u00e7\u00e3o subjetiva destr\u00f3i confian\u00e7a e cria sensa\u00e7\u00e3o de favoritismo.<\/p>\n<h3>4. Negligenciar moradia e estrutura<\/h3>\n<p>No campo, estrutura \u00e9 parte do sal\u00e1rio percebido. Ignorar isso aumenta a rotatividade mesmo com boa remunera\u00e7\u00e3o.<\/p>\n<h2>Conclus\u00e3o<\/h2>\n<p>A reten\u00e7\u00e3o de talentos \u00e9 constru\u00edda com decis\u00f5es pr\u00e1ticas e consistentes: lideran\u00e7a melhor, rotina bem definida, desenvolvimento por fun\u00e7\u00e3o, reconhecimento com crit\u00e9rio e estrutura de trabalho que respeite as pessoas. N\u00e3o \u00e9 uma a\u00e7\u00e3o isolada, \u00e9 um sistema.<\/p>\n<p>Se voc\u00ea quer come\u00e7ar com passos aplic\u00e1veis nas pr\u00f3ximas semanas, priorize tr\u00eas frentes: medir rotatividade e causas, estruturar um <em>onboarding<\/em> de 30 dias e criar uma trilha simples de evolu\u00e7\u00e3o por fun\u00e7\u00e3o. A partir disso, ajustes em lideran\u00e7a, comunica\u00e7\u00e3o e incentivos se tornam muito mais f\u00e1ceis.<\/p>\n<p>No fim, reter n\u00e3o \u00e9 segurar gente. \u00c9 criar um ambiente em que bons profissionais queiram permanecer, crescer e entregar resultado junto com voc\u00ea.<\/p>\n<h2>Seja o gestor que o agroneg\u00f3cio precisa<\/h2>\n<p>O mercado busca profissionais capazes de transformar fazendas em neg\u00f3cios rent\u00e1veis e sustent\u00e1veis. Se voc\u00ea quer dominar lideran\u00e7a de equipes, gest\u00e3o financeira, an\u00e1lise de indicadores e tomada de decis\u00e3o estrat\u00e9gica, a <a href=\"https:\/\/rehagro.com.br\/cursos\/pos-graduacao-em-gestao-de-fazendas-lucrativas?utm_campaign=29264930-mkt-materiais-pgf&amp;utm_source=textos&amp;utm_medium=blog\" target=\"_blank\" rel=\"noopener\"><strong>P\u00f3s-gradua\u00e7\u00e3o em Gest\u00e3o de Fazendas Lucrativas<\/strong><\/a> oferece a forma\u00e7\u00e3o completa que voc\u00ea precisa.<\/p>\n<p>Veja como a p\u00f3s pode impulsionar sua trajet\u00f3ria no agro:<\/p>\n<p><a href=\"https:\/\/rehagro.com.br\/cursos\/pos-graduacao-em-gestao-de-fazendas-lucrativas?utm_campaign=29264930-mkt-materiais-pgf&amp;utm_source=textos&amp;utm_medium=blog\" target=\"_blank\" rel=\"noopener\"><img loading=\"lazy\" decoding=\"async\" class=\"aligncenter wp-image-40402 size-full\" title=\"Clique e saiba mais sobre o curso!\" src=\"https:\/\/rehagro.com.br\/blog\/wp-content\/uploads\/2025\/11\/banner-pgf.jpg\" alt=\"P\u00f3s-gradua\u00e7\u00e3o em Gest\u00e3o de Fazendas Lucrativas\" width=\"980\" height=\"317\" srcset=\"https:\/\/rehagro.com.br\/blog\/wp-content\/uploads\/2025\/11\/banner-pgf.jpg 980w, https:\/\/rehagro.com.br\/blog\/wp-content\/uploads\/2025\/11\/banner-pgf-300x97.jpg 300w, https:\/\/rehagro.com.br\/blog\/wp-content\/uploads\/2025\/11\/banner-pgf-768x248.jpg 768w, https:\/\/rehagro.com.br\/blog\/wp-content\/uploads\/2025\/11\/banner-pgf-370x120.jpg 370w, https:\/\/rehagro.com.br\/blog\/wp-content\/uploads\/2025\/11\/banner-pgf-270x87.jpg 270w, https:\/\/rehagro.com.br\/blog\/wp-content\/uploads\/2025\/11\/banner-pgf-740x239.jpg 740w, https:\/\/rehagro.com.br\/blog\/wp-content\/uploads\/2025\/11\/banner-pgf-150x49.jpg 150w\" sizes=\"auto, (max-width: 980px) 100vw, 980px\" \/><\/a><\/p>\n<p>Texto produzido pela Equipe Gest\u00e3o Rehagro.<\/p>\n","protected":false},"excerpt":{"rendered":"<p>Em muitas fazendas, a equipe \u00e9 o fator que mais acelera ou mais limita o crescimento. Mesmo com tecnologia, boa gen\u00e9tica, manejo ajustado e planejamento, o resultado n\u00e3o se sustenta quando a rotatividade vira rotina. A cada sa\u00edda, a propriedade perde conhecimento t\u00e1cito, quebra padr\u00f5es de execu\u00e7\u00e3o, aumenta o risco de falhas e precisa recome\u00e7ar [&hellip;]<\/p>\n","protected":false},"author":21,"featured_media":41364,"comment_status":"open","ping_status":"open","sticky":false,"template":"","format":"standard","meta":{"footnotes":""},"categories":[1010],"tags":[657,693],"class_list":["post-41361","post","type-post","status-publish","format-standard","has-post-thumbnail","hentry","category-gestao","tag-agronegocio","tag-gestao-de-pessoas"],"yoast_head":"<!-- This site is optimized with the Yoast SEO plugin v27.4 - https:\/\/yoast.com\/product\/yoast-seo-wordpress\/ -->\n<title>Reten\u00e7\u00e3o de talentos no agro: veja as principais estrat\u00e9gias<\/title>\n<meta name=\"description\" content=\"Aprenda reten\u00e7\u00e3o de equipes rurais com estrat\u00e9gias de lideran\u00e7a, desenvolvimento, benef\u00edcios e rotina para reduzir rotatividade na fazenda.\" \/>\n<meta name=\"robots\" content=\"index, follow, max-snippet:-1, max-image-preview:large, max-video-preview:-1\" \/>\n<link rel=\"canonical\" href=\"https:\/\/rehagro.com.br\/blog\/retencao-de-talentos-no-agro\/\" \/>\n<meta property=\"og:locale\" content=\"pt_BR\" \/>\n<meta property=\"og:type\" content=\"article\" \/>\n<meta property=\"og:title\" content=\"Reten\u00e7\u00e3o de talentos no agro: veja as principais estrat\u00e9gias\" \/>\n<meta property=\"og:description\" content=\"Aprenda reten\u00e7\u00e3o de equipes rurais com estrat\u00e9gias de lideran\u00e7a, desenvolvimento, benef\u00edcios e rotina para reduzir rotatividade na fazenda.\" \/>\n<meta property=\"og:url\" content=\"https:\/\/rehagro.com.br\/blog\/retencao-de-talentos-no-agro\/\" \/>\n<meta property=\"og:site_name\" content=\"Rehagro Blog\" \/>\n<meta property=\"article:published_time\" content=\"2026-03-11T13:00:30+00:00\" \/>\n<meta property=\"article:modified_time\" content=\"2026-04-08T21:00:05+00:00\" \/>\n<meta property=\"og:image\" content=\"https:\/\/rehagro.com.br\/blog\/wp-content\/uploads\/2026\/02\/capa-retencao-talentos.jpg\" \/>\n\t<meta property=\"og:image:width\" content=\"1500\" \/>\n\t<meta property=\"og:image:height\" content=\"844\" \/>\n\t<meta property=\"og:image:type\" content=\"image\/jpeg\" \/>\n<meta name=\"author\" content=\"Jo\u00e3o Pedro Azevedo\" \/>\n<meta name=\"twitter:card\" content=\"summary_large_image\" \/>\n<meta name=\"twitter:label1\" content=\"Escrito por\" \/>\n\t<meta name=\"twitter:data1\" content=\"Jo\u00e3o Pedro Azevedo\" \/>\n\t<meta name=\"twitter:label2\" content=\"Est. tempo de leitura\" \/>\n\t<meta name=\"twitter:data2\" content=\"9 minutos\" \/>\n<script type=\"application\/ld+json\" class=\"yoast-schema-graph\">{\"@context\":\"https:\\\/\\\/schema.org\",\"@graph\":[{\"@type\":\"Article\",\"@id\":\"https:\\\/\\\/rehagro.com.br\\\/blog\\\/retencao-de-talentos-no-agro\\\/#article\",\"isPartOf\":{\"@id\":\"https:\\\/\\\/rehagro.com.br\\\/blog\\\/retencao-de-talentos-no-agro\\\/\"},\"author\":{\"name\":\"Jo\u00e3o Pedro Azevedo\",\"@id\":\"https:\\\/\\\/rehagro.com.br\\\/blog\\\/#\\\/schema\\\/person\\\/f2d1ae51b04939615ceebb3c0bfd8a94\"},\"headline\":\"Reten\u00e7\u00e3o de talentos no agro: estrat\u00e9gias de desenvolvimento para aumentar resultados\",\"datePublished\":\"2026-03-11T13:00:30+00:00\",\"dateModified\":\"2026-04-08T21:00:05+00:00\",\"mainEntityOfPage\":{\"@id\":\"https:\\\/\\\/rehagro.com.br\\\/blog\\\/retencao-de-talentos-no-agro\\\/\"},\"wordCount\":1448,\"commentCount\":0,\"publisher\":{\"@id\":\"https:\\\/\\\/rehagro.com.br\\\/blog\\\/#organization\"},\"image\":{\"@id\":\"https:\\\/\\\/rehagro.com.br\\\/blog\\\/retencao-de-talentos-no-agro\\\/#primaryimage\"},\"thumbnailUrl\":\"https:\\\/\\\/rehagro.com.br\\\/blog\\\/wp-content\\\/uploads\\\/2026\\\/02\\\/capa-retencao-talentos.jpg\",\"keywords\":[\"agroneg\u00f3cio\",\"gest\u00e3o de pessoas\"],\"articleSection\":[\"GEST\u00c3O\"],\"inLanguage\":\"pt-BR\",\"potentialAction\":[{\"@type\":\"CommentAction\",\"name\":\"Comment\",\"target\":[\"https:\\\/\\\/rehagro.com.br\\\/blog\\\/retencao-de-talentos-no-agro\\\/#respond\"]}]},{\"@type\":\"WebPage\",\"@id\":\"https:\\\/\\\/rehagro.com.br\\\/blog\\\/retencao-de-talentos-no-agro\\\/\",\"url\":\"https:\\\/\\\/rehagro.com.br\\\/blog\\\/retencao-de-talentos-no-agro\\\/\",\"name\":\"Reten\u00e7\u00e3o de talentos no agro: veja as principais estrat\u00e9gias\",\"isPartOf\":{\"@id\":\"https:\\\/\\\/rehagro.com.br\\\/blog\\\/#website\"},\"primaryImageOfPage\":{\"@id\":\"https:\\\/\\\/rehagro.com.br\\\/blog\\\/retencao-de-talentos-no-agro\\\/#primaryimage\"},\"image\":{\"@id\":\"https:\\\/\\\/rehagro.com.br\\\/blog\\\/retencao-de-talentos-no-agro\\\/#primaryimage\"},\"thumbnailUrl\":\"https:\\\/\\\/rehagro.com.br\\\/blog\\\/wp-content\\\/uploads\\\/2026\\\/02\\\/capa-retencao-talentos.jpg\",\"datePublished\":\"2026-03-11T13:00:30+00:00\",\"dateModified\":\"2026-04-08T21:00:05+00:00\",\"description\":\"Aprenda reten\u00e7\u00e3o de equipes rurais com estrat\u00e9gias de lideran\u00e7a, desenvolvimento, benef\u00edcios e rotina para reduzir rotatividade na fazenda.\",\"breadcrumb\":{\"@id\":\"https:\\\/\\\/rehagro.com.br\\\/blog\\\/retencao-de-talentos-no-agro\\\/#breadcrumb\"},\"inLanguage\":\"pt-BR\",\"potentialAction\":[{\"@type\":\"ReadAction\",\"target\":[\"https:\\\/\\\/rehagro.com.br\\\/blog\\\/retencao-de-talentos-no-agro\\\/\"]}]},{\"@type\":\"ImageObject\",\"inLanguage\":\"pt-BR\",\"@id\":\"https:\\\/\\\/rehagro.com.br\\\/blog\\\/retencao-de-talentos-no-agro\\\/#primaryimage\",\"url\":\"https:\\\/\\\/rehagro.com.br\\\/blog\\\/wp-content\\\/uploads\\\/2026\\\/02\\\/capa-retencao-talentos.jpg\",\"contentUrl\":\"https:\\\/\\\/rehagro.com.br\\\/blog\\\/wp-content\\\/uploads\\\/2026\\\/02\\\/capa-retencao-talentos.jpg\",\"width\":1500,\"height\":844},{\"@type\":\"BreadcrumbList\",\"@id\":\"https:\\\/\\\/rehagro.com.br\\\/blog\\\/retencao-de-talentos-no-agro\\\/#breadcrumb\",\"itemListElement\":[{\"@type\":\"ListItem\",\"position\":1,\"name\":\"In\u00edcio\",\"item\":\"https:\\\/\\\/rehagro.com.br\\\/blog\\\/\"},{\"@type\":\"ListItem\",\"position\":2,\"name\":\"Reten\u00e7\u00e3o de talentos no agro: estrat\u00e9gias de desenvolvimento para aumentar resultados\"}]},{\"@type\":\"WebSite\",\"@id\":\"https:\\\/\\\/rehagro.com.br\\\/blog\\\/#website\",\"url\":\"https:\\\/\\\/rehagro.com.br\\\/blog\\\/\",\"name\":\"Rehagro Blog\",\"description\":\"\",\"publisher\":{\"@id\":\"https:\\\/\\\/rehagro.com.br\\\/blog\\\/#organization\"},\"potentialAction\":[{\"@type\":\"SearchAction\",\"target\":{\"@type\":\"EntryPoint\",\"urlTemplate\":\"https:\\\/\\\/rehagro.com.br\\\/blog\\\/?s={search_term_string}\"},\"query-input\":{\"@type\":\"PropertyValueSpecification\",\"valueRequired\":true,\"valueName\":\"search_term_string\"}}],\"inLanguage\":\"pt-BR\"},{\"@type\":\"Organization\",\"@id\":\"https:\\\/\\\/rehagro.com.br\\\/blog\\\/#organization\",\"name\":\"Rehagro\",\"url\":\"https:\\\/\\\/rehagro.com.br\\\/blog\\\/\",\"logo\":{\"@type\":\"ImageObject\",\"inLanguage\":\"pt-BR\",\"@id\":\"https:\\\/\\\/rehagro.com.br\\\/blog\\\/#\\\/schema\\\/logo\\\/image\\\/\",\"url\":\"https:\\\/\\\/rehagro.com.br\\\/blog\\\/wp-content\\\/uploads\\\/2018\\\/05\\\/logo-rehagro.png\",\"contentUrl\":\"https:\\\/\\\/rehagro.com.br\\\/blog\\\/wp-content\\\/uploads\\\/2018\\\/05\\\/logo-rehagro.png\",\"width\":400,\"height\":115,\"caption\":\"Rehagro\"},\"image\":{\"@id\":\"https:\\\/\\\/rehagro.com.br\\\/blog\\\/#\\\/schema\\\/logo\\\/image\\\/\"}},{\"@type\":\"Person\",\"@id\":\"https:\\\/\\\/rehagro.com.br\\\/blog\\\/#\\\/schema\\\/person\\\/f2d1ae51b04939615ceebb3c0bfd8a94\",\"name\":\"Jo\u00e3o Pedro Azevedo\",\"image\":{\"@type\":\"ImageObject\",\"inLanguage\":\"pt-BR\",\"@id\":\"https:\\\/\\\/secure.gravatar.com\\\/avatar\\\/34aacffb2f10625483f480470f3274778dd1c183ba4f66444bb60ae92149bf8a?s=96&d=mm&r=g\",\"url\":\"https:\\\/\\\/secure.gravatar.com\\\/avatar\\\/34aacffb2f10625483f480470f3274778dd1c183ba4f66444bb60ae92149bf8a?s=96&d=mm&r=g\",\"contentUrl\":\"https:\\\/\\\/secure.gravatar.com\\\/avatar\\\/34aacffb2f10625483f480470f3274778dd1c183ba4f66444bb60ae92149bf8a?s=96&d=mm&r=g\",\"caption\":\"Jo\u00e3o Pedro Azevedo\"},\"url\":\"https:\\\/\\\/rehagro.com.br\\\/blog\\\/author\\\/joao-pedro\\\/\"}]}<\/script>\n<!-- \/ Yoast SEO plugin. -->","yoast_head_json":{"title":"Reten\u00e7\u00e3o de talentos no agro: veja as principais estrat\u00e9gias","description":"Aprenda reten\u00e7\u00e3o de equipes rurais com estrat\u00e9gias de lideran\u00e7a, desenvolvimento, benef\u00edcios e rotina para reduzir rotatividade na fazenda.","robots":{"index":"index","follow":"follow","max-snippet":"max-snippet:-1","max-image-preview":"max-image-preview:large","max-video-preview":"max-video-preview:-1"},"canonical":"https:\/\/rehagro.com.br\/blog\/retencao-de-talentos-no-agro\/","og_locale":"pt_BR","og_type":"article","og_title":"Reten\u00e7\u00e3o de talentos no agro: veja as principais estrat\u00e9gias","og_description":"Aprenda reten\u00e7\u00e3o de equipes rurais com estrat\u00e9gias de lideran\u00e7a, desenvolvimento, benef\u00edcios e rotina para reduzir rotatividade na fazenda.","og_url":"https:\/\/rehagro.com.br\/blog\/retencao-de-talentos-no-agro\/","og_site_name":"Rehagro Blog","article_published_time":"2026-03-11T13:00:30+00:00","article_modified_time":"2026-04-08T21:00:05+00:00","og_image":[{"width":1500,"height":844,"url":"https:\/\/rehagro.com.br\/blog\/wp-content\/uploads\/2026\/02\/capa-retencao-talentos.jpg","type":"image\/jpeg"}],"author":"Jo\u00e3o Pedro Azevedo","twitter_card":"summary_large_image","twitter_misc":{"Escrito por":"Jo\u00e3o Pedro Azevedo","Est. tempo de leitura":"9 minutos"},"schema":{"@context":"https:\/\/schema.org","@graph":[{"@type":"Article","@id":"https:\/\/rehagro.com.br\/blog\/retencao-de-talentos-no-agro\/#article","isPartOf":{"@id":"https:\/\/rehagro.com.br\/blog\/retencao-de-talentos-no-agro\/"},"author":{"name":"Jo\u00e3o Pedro Azevedo","@id":"https:\/\/rehagro.com.br\/blog\/#\/schema\/person\/f2d1ae51b04939615ceebb3c0bfd8a94"},"headline":"Reten\u00e7\u00e3o de talentos no agro: estrat\u00e9gias de desenvolvimento para aumentar resultados","datePublished":"2026-03-11T13:00:30+00:00","dateModified":"2026-04-08T21:00:05+00:00","mainEntityOfPage":{"@id":"https:\/\/rehagro.com.br\/blog\/retencao-de-talentos-no-agro\/"},"wordCount":1448,"commentCount":0,"publisher":{"@id":"https:\/\/rehagro.com.br\/blog\/#organization"},"image":{"@id":"https:\/\/rehagro.com.br\/blog\/retencao-de-talentos-no-agro\/#primaryimage"},"thumbnailUrl":"https:\/\/rehagro.com.br\/blog\/wp-content\/uploads\/2026\/02\/capa-retencao-talentos.jpg","keywords":["agroneg\u00f3cio","gest\u00e3o de pessoas"],"articleSection":["GEST\u00c3O"],"inLanguage":"pt-BR","potentialAction":[{"@type":"CommentAction","name":"Comment","target":["https:\/\/rehagro.com.br\/blog\/retencao-de-talentos-no-agro\/#respond"]}]},{"@type":"WebPage","@id":"https:\/\/rehagro.com.br\/blog\/retencao-de-talentos-no-agro\/","url":"https:\/\/rehagro.com.br\/blog\/retencao-de-talentos-no-agro\/","name":"Reten\u00e7\u00e3o de talentos no agro: veja as principais estrat\u00e9gias","isPartOf":{"@id":"https:\/\/rehagro.com.br\/blog\/#website"},"primaryImageOfPage":{"@id":"https:\/\/rehagro.com.br\/blog\/retencao-de-talentos-no-agro\/#primaryimage"},"image":{"@id":"https:\/\/rehagro.com.br\/blog\/retencao-de-talentos-no-agro\/#primaryimage"},"thumbnailUrl":"https:\/\/rehagro.com.br\/blog\/wp-content\/uploads\/2026\/02\/capa-retencao-talentos.jpg","datePublished":"2026-03-11T13:00:30+00:00","dateModified":"2026-04-08T21:00:05+00:00","description":"Aprenda reten\u00e7\u00e3o de equipes rurais com estrat\u00e9gias de lideran\u00e7a, desenvolvimento, benef\u00edcios e rotina para reduzir rotatividade na fazenda.","breadcrumb":{"@id":"https:\/\/rehagro.com.br\/blog\/retencao-de-talentos-no-agro\/#breadcrumb"},"inLanguage":"pt-BR","potentialAction":[{"@type":"ReadAction","target":["https:\/\/rehagro.com.br\/blog\/retencao-de-talentos-no-agro\/"]}]},{"@type":"ImageObject","inLanguage":"pt-BR","@id":"https:\/\/rehagro.com.br\/blog\/retencao-de-talentos-no-agro\/#primaryimage","url":"https:\/\/rehagro.com.br\/blog\/wp-content\/uploads\/2026\/02\/capa-retencao-talentos.jpg","contentUrl":"https:\/\/rehagro.com.br\/blog\/wp-content\/uploads\/2026\/02\/capa-retencao-talentos.jpg","width":1500,"height":844},{"@type":"BreadcrumbList","@id":"https:\/\/rehagro.com.br\/blog\/retencao-de-talentos-no-agro\/#breadcrumb","itemListElement":[{"@type":"ListItem","position":1,"name":"In\u00edcio","item":"https:\/\/rehagro.com.br\/blog\/"},{"@type":"ListItem","position":2,"name":"Reten\u00e7\u00e3o de talentos no agro: estrat\u00e9gias de desenvolvimento para aumentar resultados"}]},{"@type":"WebSite","@id":"https:\/\/rehagro.com.br\/blog\/#website","url":"https:\/\/rehagro.com.br\/blog\/","name":"Rehagro Blog","description":"","publisher":{"@id":"https:\/\/rehagro.com.br\/blog\/#organization"},"potentialAction":[{"@type":"SearchAction","target":{"@type":"EntryPoint","urlTemplate":"https:\/\/rehagro.com.br\/blog\/?s={search_term_string}"},"query-input":{"@type":"PropertyValueSpecification","valueRequired":true,"valueName":"search_term_string"}}],"inLanguage":"pt-BR"},{"@type":"Organization","@id":"https:\/\/rehagro.com.br\/blog\/#organization","name":"Rehagro","url":"https:\/\/rehagro.com.br\/blog\/","logo":{"@type":"ImageObject","inLanguage":"pt-BR","@id":"https:\/\/rehagro.com.br\/blog\/#\/schema\/logo\/image\/","url":"https:\/\/rehagro.com.br\/blog\/wp-content\/uploads\/2018\/05\/logo-rehagro.png","contentUrl":"https:\/\/rehagro.com.br\/blog\/wp-content\/uploads\/2018\/05\/logo-rehagro.png","width":400,"height":115,"caption":"Rehagro"},"image":{"@id":"https:\/\/rehagro.com.br\/blog\/#\/schema\/logo\/image\/"}},{"@type":"Person","@id":"https:\/\/rehagro.com.br\/blog\/#\/schema\/person\/f2d1ae51b04939615ceebb3c0bfd8a94","name":"Jo\u00e3o Pedro Azevedo","image":{"@type":"ImageObject","inLanguage":"pt-BR","@id":"https:\/\/secure.gravatar.com\/avatar\/34aacffb2f10625483f480470f3274778dd1c183ba4f66444bb60ae92149bf8a?s=96&d=mm&r=g","url":"https:\/\/secure.gravatar.com\/avatar\/34aacffb2f10625483f480470f3274778dd1c183ba4f66444bb60ae92149bf8a?s=96&d=mm&r=g","contentUrl":"https:\/\/secure.gravatar.com\/avatar\/34aacffb2f10625483f480470f3274778dd1c183ba4f66444bb60ae92149bf8a?s=96&d=mm&r=g","caption":"Jo\u00e3o Pedro Azevedo"},"url":"https:\/\/rehagro.com.br\/blog\/author\/joao-pedro\/"}]}},"_links":{"self":[{"href":"https:\/\/rehagro.com.br\/blog\/wp-json\/wp\/v2\/posts\/41361","targetHints":{"allow":["GET"]}}],"collection":[{"href":"https:\/\/rehagro.com.br\/blog\/wp-json\/wp\/v2\/posts"}],"about":[{"href":"https:\/\/rehagro.com.br\/blog\/wp-json\/wp\/v2\/types\/post"}],"author":[{"embeddable":true,"href":"https:\/\/rehagro.com.br\/blog\/wp-json\/wp\/v2\/users\/21"}],"replies":[{"embeddable":true,"href":"https:\/\/rehagro.com.br\/blog\/wp-json\/wp\/v2\/comments?post=41361"}],"version-history":[{"count":4,"href":"https:\/\/rehagro.com.br\/blog\/wp-json\/wp\/v2\/posts\/41361\/revisions"}],"predecessor-version":[{"id":42279,"href":"https:\/\/rehagro.com.br\/blog\/wp-json\/wp\/v2\/posts\/41361\/revisions\/42279"}],"wp:featuredmedia":[{"embeddable":true,"href":"https:\/\/rehagro.com.br\/blog\/wp-json\/wp\/v2\/media\/41364"}],"wp:attachment":[{"href":"https:\/\/rehagro.com.br\/blog\/wp-json\/wp\/v2\/media?parent=41361"}],"wp:term":[{"taxonomy":"category","embeddable":true,"href":"https:\/\/rehagro.com.br\/blog\/wp-json\/wp\/v2\/categories?post=41361"},{"taxonomy":"post_tag","embeddable":true,"href":"https:\/\/rehagro.com.br\/blog\/wp-json\/wp\/v2\/tags?post=41361"}],"curies":[{"name":"wp","href":"https:\/\/api.w.org\/{rel}","templated":true}]}}