{"id":39281,"date":"2025-09-01T09:00:43","date_gmt":"2025-09-01T12:00:43","guid":{"rendered":"https:\/\/rehagro.com.br\/blog\/?p=39281"},"modified":"2026-04-08T15:44:57","modified_gmt":"2026-04-08T18:44:57","slug":"umidade-no-cafe-impacto-na-qualidade","status":"publish","type":"post","link":"https:\/\/rehagro.com.br\/blog\/umidade-no-cafe-impacto-na-qualidade\/","title":{"rendered":"Umidade no caf\u00e9: entenda como ela pode impactar a qualidade do produto final\u00a0"},"content":{"rendered":"<p>A qualidade do caf\u00e9 est\u00e1 intrinsecamente ligada \u00e0 <strong>umidade dos gr\u00e3os<\/strong>. Desde o processamento at\u00e9 o armazenamento, o controle adequado da umidade \u00e9 fundamental para garantir que o caf\u00e9 mantenha suas caracter\u00edsticas desej\u00e1veis, como o aroma e o sabor.<\/p>\n<p>Neste contexto, a gest\u00e3o da umidade desempenha um papel fundamental na rentabilidade da produ\u00e7\u00e3o e na aceita\u00e7\u00e3o do produto no mercado.<\/p>\n<div style=\"background-color: #efefef; padding-left: 10px; padding-right: 5px; border-radius: 10px;\">\n<p>&nbsp;<\/p>\n<p style=\"text-align: center;\"><strong><span style=\"font-size: 14pt;\">Sem tempo para ler agora? Baixe este artigo em PDF!<\/span><\/strong><\/p>\n<p><script charset=\"utf-8\" type=\"text\/javascript\" src=\"\/\/js.hsforms.net\/forms\/embed\/v2.js\"><\/script><script>hbspt.forms.create({region: \"na1\",portalId: \"5430441\",formId: \"7dcaf60d-0e23-40ed-8b40-9b8cb07b4128\"});<\/script><\/p>\n<\/div>\n<h2>O que \u00e9 a umidade nos gr\u00e3os de caf\u00e9?<\/h2>\n<p>A umidade nos gr\u00e3os de caf\u00e9 refere-se \u00e0 quantidade de \u00e1gua presente nas sementes <strong><a href=\"https:\/\/rehagro.com.br\/blog\/dicas-para-uma-pos-colheita-do-cafe-de-qualidade\/\">ap\u00f3s a colheita<\/a><\/strong>. Este fator \u00e9 determinante para o sucesso da produ\u00e7\u00e3o, pois a \u00e1gua n\u00e3o apenas influencia as rea\u00e7\u00f5es metab\u00f3licas nos gr\u00e3os, mas tamb\u00e9m afeta diretamente a qualidade do caf\u00e9.<\/p>\n<p>Gr\u00e3os com <strong>maior umidade<\/strong> s\u00e3o mais <strong>suscet\u00edveis \u00e0 degrada\u00e7\u00e3o<\/strong>, o que pode resultar em perda de sabor, aroma e, consequentemente, na qualidade do produto final.Al\u00e9m disso, o conte\u00fado de umidade tamb\u00e9m afeta diretamente o processamento e o armazenamento do caf\u00e9.<\/p>\n<p>Gr\u00e3os com umidade excessiva ou irregular podem <strong>comprometer o sabor, acelerar a forma\u00e7\u00e3o de fungos e aumentar o risco de contamina\u00e7\u00e3o por micotoxinas<\/strong>. Por outro lado, a umidade muito baixa resulta em <strong>gr\u00e3os quebradi\u00e7os e perda de peso<\/strong>, afetando tanto a quantidade quanto a qualidade do produto.<\/p>\n<h2>Qual \u00e9 a umidade ideal para o caf\u00e9?<\/h2>\n<p>Ap\u00f3s o processo de <strong><a href=\"https:\/\/rehagro.com.br\/blog\/secagem-mecanica-de-cafes-manejo-e-cuidados\/\">secagem<\/a><\/strong>, a umidade dos gr\u00e3os deve estar entre <strong>10,8% a 11,2%<\/strong>, o que \u00e9 considerado ideal para preservar a qualidade do caf\u00e9. Gr\u00e3os com essa umidade equilibrada t\u00eam uma acidez agrad\u00e1vel e um aroma caracter\u00edstico, que s\u00e3o altamente valorizados pelos consumidores.<\/p>\n<p>Se os gr\u00e3os forem armazenados com umidade elevada, eles podem sofrer r\u00e1pida perda de qualidade, como o <strong>escurecimento e a redu\u00e7\u00e3o do aroma.<\/strong> O excesso de umidade tamb\u00e9m favorece o desenvolvimento de fungos, o que pode prejudicar tanto a quantidade quanto a qualidade do caf\u00e9, al\u00e9m de aumentar os riscos de contamina\u00e7\u00e3o por micotoxinas.<\/p>\n<p>Por outro lado, gr\u00e3os excessivamente secos, com <strong>menos de 10% de umidade, s\u00e3o mais fr\u00e1geis, aumentando a chance de quebra durante o beneficiamento<\/strong>. Gr\u00e3os muito secos tamb\u00e9m podem resultar em um processo de torra desuniforme, o que impacta negativamente no sabor e aroma do caf\u00e9.<\/p>\n<p><a href=\"https:\/\/conteudo.rehagro.com.br\/calendario-agricola-cafeicultor?utm_campaign=material-cafe&amp;utm_source=calendario-cafe&amp;utm_medium=blog\" target=\"_blank\" rel=\"noopener\"><img loading=\"lazy\" decoding=\"async\" class=\"aligncenter wp-image-39670 size-full\" title=\"Clique e baixe o material gratuitamente!\" src=\"https:\/\/rehagro.com.br\/blog\/wp-content\/uploads\/2025\/09\/banner-calendario-cafeicultura.png\" alt=\"Calend\u00e1rio agr\u00edcola do caf\u00e9\" width=\"980\" height=\"317\" srcset=\"https:\/\/rehagro.com.br\/blog\/wp-content\/uploads\/2025\/09\/banner-calendario-cafeicultura.png 980w, https:\/\/rehagro.com.br\/blog\/wp-content\/uploads\/2025\/09\/banner-calendario-cafeicultura-300x97.png 300w, https:\/\/rehagro.com.br\/blog\/wp-content\/uploads\/2025\/09\/banner-calendario-cafeicultura-768x248.png 768w, https:\/\/rehagro.com.br\/blog\/wp-content\/uploads\/2025\/09\/banner-calendario-cafeicultura-370x120.png 370w, https:\/\/rehagro.com.br\/blog\/wp-content\/uploads\/2025\/09\/banner-calendario-cafeicultura-270x87.png 270w, https:\/\/rehagro.com.br\/blog\/wp-content\/uploads\/2025\/09\/banner-calendario-cafeicultura-740x239.png 740w, https:\/\/rehagro.com.br\/blog\/wp-content\/uploads\/2025\/09\/banner-calendario-cafeicultura-150x49.png 150w\" sizes=\"auto, (max-width: 980px) 100vw, 980px\" \/><\/a><\/p>\n<h2>Como medir a umidade dos gr\u00e3os?<\/h2>\n<p>A medi\u00e7\u00e3o da umidade deve ser feita, principalmente, <strong>durante o processo de secagem<\/strong>, para garantir que os gr\u00e3os atinjam a umidade ideal. No entanto, \u00e9 igualmente importante monitorar a umidade durante o armazenamento, pois mesmo com gr\u00e3os secos (10,8-11,2% de umidade), eles podem reabsorver \u00e1gua do ambiente e sofrer perdas de qualidade.<\/p>\n<p>Para determinar a umidade, pode-se utilizar medidores eletr\u00f4nicos, que funcionam com base na constante diel\u00e9trica dos gr\u00e3os, variando conforme a quantidade de \u00e1gua. Contudo, esses equipamentos precisam ser calibrados regularmente para garantir medi\u00e7\u00f5es precisas.<\/p>\n<p>Al\u00e9m disso, \u00e9 importante realizar a amostragem correta dos lotes, coletando gr\u00e3os aleatoriamente em diferentes pontos, a fim de obter uma m\u00e9dia representativa da umidade presente.<\/p>\n<h2>Progress\u00e3o da secagem<\/h2>\n<p>O processo de secagem ocorre em etapas bem definidas:<\/p>\n<ol>\n<li>Gr\u00e3os s\u00e3o <strong>inicialmente secados at\u00e9 atingirem 30% de umidade<\/strong>.<\/li>\n<li>Em seguida, reduz para <strong>18% a 20%<\/strong>.<\/li>\n<li>Finalmente, alcan\u00e7am a <strong>faixa ideal de 10,8% a 11,2%<\/strong>.<\/li>\n<\/ol>\n<h2>A import\u00e2ncia de controlar a umidade<\/h2>\n<p>A umidade dos gr\u00e3os de caf\u00e9 \u00e9 um <strong>fator determinante para a qualidade do produto final<\/strong>. Manter os gr\u00e3os dentro da faixa ideal de 10% a 12% de umidade durante o processo de secagem e armazenamento assegura que o caf\u00e9 mantenha suas <strong><a href=\"https:\/\/rehagro.com.br\/blog\/classificacao-sensorial-do-cafe\/\">caracter\u00edsticas sensoriais<\/a><\/strong> desejadas, como o aroma e o sabor durante o armazenamento.<\/p>\n<p>A determina\u00e7\u00e3o constante da umidade, o uso de equipamentos adequados para medi\u00e7\u00e3o e a correta execu\u00e7\u00e3o da secagem s\u00e3o essenciais para garantir um caf\u00e9 de alta qualidade. Com esses cuidados, o produtor consegue n\u00e3o apenas evitar perdas significativas de produto, mas tamb\u00e9m melhorar a rentabilidade e a aceita\u00e7\u00e3o do caf\u00e9 no mercado.<\/p>\n<p>Assim, o controle da umidade se revela n\u00e3o apenas como uma quest\u00e3o t\u00e9cnica, mas tamb\u00e9m estrat\u00e9gica para a excel\u00eancia na produ\u00e7\u00e3o de caf\u00e9.<\/p>\n<h2>Conclus\u00e3o<\/h2>\n<p>Controlar a umidade nos gr\u00e3os de caf\u00e9 n\u00e3o \u00e9 apenas uma quest\u00e3o t\u00e9cnica, mas uma estrat\u00e9gia fundamental para <strong>assegurar qualidade, competitividade e lucratividade <\/strong>na cafeicultura. O produtor que domina esse processo reduz perdas, preserva os atributos do gr\u00e3o e garante melhores resultados no mercado.<\/p>\n<h2>Aprenda mais sobre gest\u00e3o na cafeicultura<\/h2>\n<p>Se voc\u00ea deseja ir al\u00e9m do manejo da umidade e dominar todas as etapas que influenciam a rentabilidade e a qualidade da lavoura de caf\u00e9, conhe\u00e7a o <a href=\"https:\/\/rehagro.com.br\/cursos\/capacitacao-em-gestao-na-producao-de-cafe?utm_campaign=mkt-materiais-gc&amp;utm_source=textos&amp;utm_medium=blog\"><strong>Curso Gest\u00e3o na Produ\u00e7\u00e3o de Caf\u00e9 Ar\u00e1bica<\/strong><\/a> do Rehagro.<\/p>\n<p>Com uma abordagem pr\u00e1tica e totalmente voltada para a realidade do campo, o curso \u00e9\u00a0a oportunidade de aprender com especialistas do Rehagro, refer\u00eancia nacional em capacita\u00e7\u00e3o no agroneg\u00f3cio, e aplicar imediatamente o conhecimento na sua propriedade ou na consultoria de cafeicultura.<\/p>\n<p><a href=\"https:\/\/rehagro.com.br\/cursos\/capacitacao-em-gestao-na-producao-de-cafe?utm_campaign=mkt-materiais-gc&amp;utm_source=textos&amp;utm_medium=blog\" target=\"_blank\" rel=\"noopener\"><img loading=\"lazy\" decoding=\"async\" class=\"aligncenter wp-image-24250 size-full\" title=\"Clique e saiba mais sobre o curso!\" src=\"https:\/\/rehagro.com.br\/blog\/wp-content\/uploads\/2023\/09\/banner-gc.jpg\" alt=\"Curso Gest\u00e3o na Produ\u00e7\u00e3o de Caf\u00e9 Ar\u00e1bica\" width=\"980\" height=\"317\" srcset=\"https:\/\/rehagro.com.br\/blog\/wp-content\/uploads\/2023\/09\/banner-gc.jpg 980w, https:\/\/rehagro.com.br\/blog\/wp-content\/uploads\/2023\/09\/banner-gc-300x97.jpg 300w, https:\/\/rehagro.com.br\/blog\/wp-content\/uploads\/2023\/09\/banner-gc-768x248.jpg 768w, https:\/\/rehagro.com.br\/blog\/wp-content\/uploads\/2023\/09\/banner-gc-370x120.jpg 370w, https:\/\/rehagro.com.br\/blog\/wp-content\/uploads\/2023\/09\/banner-gc-270x87.jpg 270w, https:\/\/rehagro.com.br\/blog\/wp-content\/uploads\/2023\/09\/banner-gc-740x239.jpg 740w, https:\/\/rehagro.com.br\/blog\/wp-content\/uploads\/2023\/09\/banner-gc-150x49.jpg 150w\" sizes=\"auto, (max-width: 980px) 100vw, 980px\" \/><\/a><\/p>\n<p>Texto produzido pela Equipe Caf\u00e9 Rehagro.<\/p>\n","protected":false},"excerpt":{"rendered":"<p>A qualidade do caf\u00e9 est\u00e1 intrinsecamente ligada \u00e0 umidade dos gr\u00e3os. Desde o processamento at\u00e9 o armazenamento, o controle adequado da umidade \u00e9 fundamental para garantir que o caf\u00e9 mantenha suas caracter\u00edsticas desej\u00e1veis, como o aroma e o sabor. Neste contexto, a gest\u00e3o da umidade desempenha um papel fundamental na rentabilidade da produ\u00e7\u00e3o e na [&hellip;]<\/p>\n","protected":false},"author":21,"featured_media":39283,"comment_status":"open","ping_status":"open","sticky":false,"template":"","format":"standard","meta":{"footnotes":""},"categories":[211],"tags":[282,673,290],"class_list":["post-39281","post","type-post","status-publish","format-standard","has-post-thumbnail","hentry","category-cafe","tag-cafe","tag-cafeicultura","tag-secagem"],"yoast_head":"<!-- This site is optimized with the Yoast SEO plugin v27.4 - https:\/\/yoast.com\/product\/yoast-seo-wordpress\/ -->\n<title>Umidade no caf\u00e9: impacto na qualidade e como fazer o manejo correto<\/title>\n<meta name=\"description\" content=\"Saiba como a umidade dos gr\u00e3os de caf\u00e9 influencia sabor, aroma e rentabilidade. Descubra a faixa ideal e t\u00e9cnicas para controle eficiente.\" \/>\n<meta name=\"robots\" content=\"index, follow, max-snippet:-1, max-image-preview:large, max-video-preview:-1\" \/>\n<link rel=\"canonical\" href=\"https:\/\/rehagro.com.br\/blog\/umidade-no-cafe-impacto-na-qualidade\/\" \/>\n<meta property=\"og:locale\" content=\"pt_BR\" \/>\n<meta property=\"og:type\" content=\"article\" \/>\n<meta property=\"og:title\" content=\"Umidade no caf\u00e9: impacto na qualidade e como fazer o manejo correto\" \/>\n<meta property=\"og:description\" content=\"Saiba como a umidade dos gr\u00e3os de caf\u00e9 influencia sabor, aroma e rentabilidade. Descubra a faixa ideal e t\u00e9cnicas para controle eficiente.\" \/>\n<meta property=\"og:url\" content=\"https:\/\/rehagro.com.br\/blog\/umidade-no-cafe-impacto-na-qualidade\/\" \/>\n<meta property=\"og:site_name\" content=\"Rehagro Blog\" \/>\n<meta property=\"article:published_time\" content=\"2025-09-01T12:00:43+00:00\" \/>\n<meta property=\"article:modified_time\" content=\"2026-04-08T18:44:57+00:00\" \/>\n<meta property=\"og:image\" content=\"https:\/\/rehagro.com.br\/blog\/wp-content\/uploads\/2025\/08\/capa-umidade-cafe.jpg\" \/>\n\t<meta property=\"og:image:width\" content=\"740\" \/>\n\t<meta property=\"og:image:height\" content=\"416\" \/>\n\t<meta property=\"og:image:type\" content=\"image\/jpeg\" \/>\n<meta name=\"author\" content=\"Jo\u00e3o Pedro Azevedo\" \/>\n<meta name=\"twitter:card\" content=\"summary_large_image\" \/>\n<meta name=\"twitter:label1\" content=\"Escrito por\" \/>\n\t<meta name=\"twitter:data1\" content=\"Jo\u00e3o Pedro Azevedo\" \/>\n\t<meta name=\"twitter:label2\" content=\"Est. tempo de leitura\" \/>\n\t<meta name=\"twitter:data2\" content=\"5 minutos\" \/>\n<script type=\"application\/ld+json\" class=\"yoast-schema-graph\">{\"@context\":\"https:\\\/\\\/schema.org\",\"@graph\":[{\"@type\":\"Article\",\"@id\":\"https:\\\/\\\/rehagro.com.br\\\/blog\\\/umidade-no-cafe-impacto-na-qualidade\\\/#article\",\"isPartOf\":{\"@id\":\"https:\\\/\\\/rehagro.com.br\\\/blog\\\/umidade-no-cafe-impacto-na-qualidade\\\/\"},\"author\":{\"name\":\"Jo\u00e3o Pedro Azevedo\",\"@id\":\"https:\\\/\\\/rehagro.com.br\\\/blog\\\/#\\\/schema\\\/person\\\/f2d1ae51b04939615ceebb3c0bfd8a94\"},\"headline\":\"Umidade no caf\u00e9: entenda como ela pode impactar a qualidade do produto final\u00a0\",\"datePublished\":\"2025-09-01T12:00:43+00:00\",\"dateModified\":\"2026-04-08T18:44:57+00:00\",\"mainEntityOfPage\":{\"@id\":\"https:\\\/\\\/rehagro.com.br\\\/blog\\\/umidade-no-cafe-impacto-na-qualidade\\\/\"},\"wordCount\":875,\"commentCount\":0,\"publisher\":{\"@id\":\"https:\\\/\\\/rehagro.com.br\\\/blog\\\/#organization\"},\"image\":{\"@id\":\"https:\\\/\\\/rehagro.com.br\\\/blog\\\/umidade-no-cafe-impacto-na-qualidade\\\/#primaryimage\"},\"thumbnailUrl\":\"https:\\\/\\\/rehagro.com.br\\\/blog\\\/wp-content\\\/uploads\\\/2025\\\/08\\\/capa-umidade-cafe.jpg\",\"keywords\":[\"caf\u00e9\",\"cafeicultura\",\"secagem do caf\u00e9\"],\"articleSection\":[\"CAF\u00c9\"],\"inLanguage\":\"pt-BR\",\"potentialAction\":[{\"@type\":\"CommentAction\",\"name\":\"Comment\",\"target\":[\"https:\\\/\\\/rehagro.com.br\\\/blog\\\/umidade-no-cafe-impacto-na-qualidade\\\/#respond\"]}]},{\"@type\":\"WebPage\",\"@id\":\"https:\\\/\\\/rehagro.com.br\\\/blog\\\/umidade-no-cafe-impacto-na-qualidade\\\/\",\"url\":\"https:\\\/\\\/rehagro.com.br\\\/blog\\\/umidade-no-cafe-impacto-na-qualidade\\\/\",\"name\":\"Umidade no caf\u00e9: impacto na qualidade e como fazer o manejo correto\",\"isPartOf\":{\"@id\":\"https:\\\/\\\/rehagro.com.br\\\/blog\\\/#website\"},\"primaryImageOfPage\":{\"@id\":\"https:\\\/\\\/rehagro.com.br\\\/blog\\\/umidade-no-cafe-impacto-na-qualidade\\\/#primaryimage\"},\"image\":{\"@id\":\"https:\\\/\\\/rehagro.com.br\\\/blog\\\/umidade-no-cafe-impacto-na-qualidade\\\/#primaryimage\"},\"thumbnailUrl\":\"https:\\\/\\\/rehagro.com.br\\\/blog\\\/wp-content\\\/uploads\\\/2025\\\/08\\\/capa-umidade-cafe.jpg\",\"datePublished\":\"2025-09-01T12:00:43+00:00\",\"dateModified\":\"2026-04-08T18:44:57+00:00\",\"description\":\"Saiba como a umidade dos gr\u00e3os de caf\u00e9 influencia sabor, aroma e rentabilidade. Descubra a faixa ideal e t\u00e9cnicas para controle eficiente.\",\"breadcrumb\":{\"@id\":\"https:\\\/\\\/rehagro.com.br\\\/blog\\\/umidade-no-cafe-impacto-na-qualidade\\\/#breadcrumb\"},\"inLanguage\":\"pt-BR\",\"potentialAction\":[{\"@type\":\"ReadAction\",\"target\":[\"https:\\\/\\\/rehagro.com.br\\\/blog\\\/umidade-no-cafe-impacto-na-qualidade\\\/\"]}]},{\"@type\":\"ImageObject\",\"inLanguage\":\"pt-BR\",\"@id\":\"https:\\\/\\\/rehagro.com.br\\\/blog\\\/umidade-no-cafe-impacto-na-qualidade\\\/#primaryimage\",\"url\":\"https:\\\/\\\/rehagro.com.br\\\/blog\\\/wp-content\\\/uploads\\\/2025\\\/08\\\/capa-umidade-cafe.jpg\",\"contentUrl\":\"https:\\\/\\\/rehagro.com.br\\\/blog\\\/wp-content\\\/uploads\\\/2025\\\/08\\\/capa-umidade-cafe.jpg\",\"width\":740,\"height\":416,\"caption\":\"Secagem do caf\u00e9 para perder umidade\"},{\"@type\":\"BreadcrumbList\",\"@id\":\"https:\\\/\\\/rehagro.com.br\\\/blog\\\/umidade-no-cafe-impacto-na-qualidade\\\/#breadcrumb\",\"itemListElement\":[{\"@type\":\"ListItem\",\"position\":1,\"name\":\"In\u00edcio\",\"item\":\"https:\\\/\\\/rehagro.com.br\\\/blog\\\/\"},{\"@type\":\"ListItem\",\"position\":2,\"name\":\"Umidade no caf\u00e9: entenda como ela pode impactar a qualidade do produto final\u00a0\"}]},{\"@type\":\"WebSite\",\"@id\":\"https:\\\/\\\/rehagro.com.br\\\/blog\\\/#website\",\"url\":\"https:\\\/\\\/rehagro.com.br\\\/blog\\\/\",\"name\":\"Rehagro Blog\",\"description\":\"\",\"publisher\":{\"@id\":\"https:\\\/\\\/rehagro.com.br\\\/blog\\\/#organization\"},\"potentialAction\":[{\"@type\":\"SearchAction\",\"target\":{\"@type\":\"EntryPoint\",\"urlTemplate\":\"https:\\\/\\\/rehagro.com.br\\\/blog\\\/?s={search_term_string}\"},\"query-input\":{\"@type\":\"PropertyValueSpecification\",\"valueRequired\":true,\"valueName\":\"search_term_string\"}}],\"inLanguage\":\"pt-BR\"},{\"@type\":\"Organization\",\"@id\":\"https:\\\/\\\/rehagro.com.br\\\/blog\\\/#organization\",\"name\":\"Rehagro\",\"url\":\"https:\\\/\\\/rehagro.com.br\\\/blog\\\/\",\"logo\":{\"@type\":\"ImageObject\",\"inLanguage\":\"pt-BR\",\"@id\":\"https:\\\/\\\/rehagro.com.br\\\/blog\\\/#\\\/schema\\\/logo\\\/image\\\/\",\"url\":\"https:\\\/\\\/rehagro.com.br\\\/blog\\\/wp-content\\\/uploads\\\/2018\\\/05\\\/logo-rehagro.png\",\"contentUrl\":\"https:\\\/\\\/rehagro.com.br\\\/blog\\\/wp-content\\\/uploads\\\/2018\\\/05\\\/logo-rehagro.png\",\"width\":400,\"height\":115,\"caption\":\"Rehagro\"},\"image\":{\"@id\":\"https:\\\/\\\/rehagro.com.br\\\/blog\\\/#\\\/schema\\\/logo\\\/image\\\/\"}},{\"@type\":\"Person\",\"@id\":\"https:\\\/\\\/rehagro.com.br\\\/blog\\\/#\\\/schema\\\/person\\\/f2d1ae51b04939615ceebb3c0bfd8a94\",\"name\":\"Jo\u00e3o Pedro Azevedo\",\"image\":{\"@type\":\"ImageObject\",\"inLanguage\":\"pt-BR\",\"@id\":\"https:\\\/\\\/secure.gravatar.com\\\/avatar\\\/34aacffb2f10625483f480470f3274778dd1c183ba4f66444bb60ae92149bf8a?s=96&d=mm&r=g\",\"url\":\"https:\\\/\\\/secure.gravatar.com\\\/avatar\\\/34aacffb2f10625483f480470f3274778dd1c183ba4f66444bb60ae92149bf8a?s=96&d=mm&r=g\",\"contentUrl\":\"https:\\\/\\\/secure.gravatar.com\\\/avatar\\\/34aacffb2f10625483f480470f3274778dd1c183ba4f66444bb60ae92149bf8a?s=96&d=mm&r=g\",\"caption\":\"Jo\u00e3o Pedro Azevedo\"},\"url\":\"https:\\\/\\\/rehagro.com.br\\\/blog\\\/author\\\/joao-pedro\\\/\"}]}<\/script>\n<!-- \/ Yoast SEO plugin. -->","yoast_head_json":{"title":"Umidade no caf\u00e9: impacto na qualidade e como fazer o manejo correto","description":"Saiba como a umidade dos gr\u00e3os de caf\u00e9 influencia sabor, aroma e rentabilidade. Descubra a faixa ideal e t\u00e9cnicas para controle eficiente.","robots":{"index":"index","follow":"follow","max-snippet":"max-snippet:-1","max-image-preview":"max-image-preview:large","max-video-preview":"max-video-preview:-1"},"canonical":"https:\/\/rehagro.com.br\/blog\/umidade-no-cafe-impacto-na-qualidade\/","og_locale":"pt_BR","og_type":"article","og_title":"Umidade no caf\u00e9: impacto na qualidade e como fazer o manejo correto","og_description":"Saiba como a umidade dos gr\u00e3os de caf\u00e9 influencia sabor, aroma e rentabilidade. Descubra a faixa ideal e t\u00e9cnicas para controle eficiente.","og_url":"https:\/\/rehagro.com.br\/blog\/umidade-no-cafe-impacto-na-qualidade\/","og_site_name":"Rehagro Blog","article_published_time":"2025-09-01T12:00:43+00:00","article_modified_time":"2026-04-08T18:44:57+00:00","og_image":[{"width":740,"height":416,"url":"https:\/\/rehagro.com.br\/blog\/wp-content\/uploads\/2025\/08\/capa-umidade-cafe.jpg","type":"image\/jpeg"}],"author":"Jo\u00e3o Pedro Azevedo","twitter_card":"summary_large_image","twitter_misc":{"Escrito por":"Jo\u00e3o Pedro Azevedo","Est. tempo de leitura":"5 minutos"},"schema":{"@context":"https:\/\/schema.org","@graph":[{"@type":"Article","@id":"https:\/\/rehagro.com.br\/blog\/umidade-no-cafe-impacto-na-qualidade\/#article","isPartOf":{"@id":"https:\/\/rehagro.com.br\/blog\/umidade-no-cafe-impacto-na-qualidade\/"},"author":{"name":"Jo\u00e3o Pedro Azevedo","@id":"https:\/\/rehagro.com.br\/blog\/#\/schema\/person\/f2d1ae51b04939615ceebb3c0bfd8a94"},"headline":"Umidade no caf\u00e9: entenda como ela pode impactar a qualidade do produto final\u00a0","datePublished":"2025-09-01T12:00:43+00:00","dateModified":"2026-04-08T18:44:57+00:00","mainEntityOfPage":{"@id":"https:\/\/rehagro.com.br\/blog\/umidade-no-cafe-impacto-na-qualidade\/"},"wordCount":875,"commentCount":0,"publisher":{"@id":"https:\/\/rehagro.com.br\/blog\/#organization"},"image":{"@id":"https:\/\/rehagro.com.br\/blog\/umidade-no-cafe-impacto-na-qualidade\/#primaryimage"},"thumbnailUrl":"https:\/\/rehagro.com.br\/blog\/wp-content\/uploads\/2025\/08\/capa-umidade-cafe.jpg","keywords":["caf\u00e9","cafeicultura","secagem do caf\u00e9"],"articleSection":["CAF\u00c9"],"inLanguage":"pt-BR","potentialAction":[{"@type":"CommentAction","name":"Comment","target":["https:\/\/rehagro.com.br\/blog\/umidade-no-cafe-impacto-na-qualidade\/#respond"]}]},{"@type":"WebPage","@id":"https:\/\/rehagro.com.br\/blog\/umidade-no-cafe-impacto-na-qualidade\/","url":"https:\/\/rehagro.com.br\/blog\/umidade-no-cafe-impacto-na-qualidade\/","name":"Umidade no caf\u00e9: impacto na qualidade e como fazer o manejo correto","isPartOf":{"@id":"https:\/\/rehagro.com.br\/blog\/#website"},"primaryImageOfPage":{"@id":"https:\/\/rehagro.com.br\/blog\/umidade-no-cafe-impacto-na-qualidade\/#primaryimage"},"image":{"@id":"https:\/\/rehagro.com.br\/blog\/umidade-no-cafe-impacto-na-qualidade\/#primaryimage"},"thumbnailUrl":"https:\/\/rehagro.com.br\/blog\/wp-content\/uploads\/2025\/08\/capa-umidade-cafe.jpg","datePublished":"2025-09-01T12:00:43+00:00","dateModified":"2026-04-08T18:44:57+00:00","description":"Saiba como a umidade dos gr\u00e3os de caf\u00e9 influencia sabor, aroma e rentabilidade. Descubra a faixa ideal e t\u00e9cnicas para controle eficiente.","breadcrumb":{"@id":"https:\/\/rehagro.com.br\/blog\/umidade-no-cafe-impacto-na-qualidade\/#breadcrumb"},"inLanguage":"pt-BR","potentialAction":[{"@type":"ReadAction","target":["https:\/\/rehagro.com.br\/blog\/umidade-no-cafe-impacto-na-qualidade\/"]}]},{"@type":"ImageObject","inLanguage":"pt-BR","@id":"https:\/\/rehagro.com.br\/blog\/umidade-no-cafe-impacto-na-qualidade\/#primaryimage","url":"https:\/\/rehagro.com.br\/blog\/wp-content\/uploads\/2025\/08\/capa-umidade-cafe.jpg","contentUrl":"https:\/\/rehagro.com.br\/blog\/wp-content\/uploads\/2025\/08\/capa-umidade-cafe.jpg","width":740,"height":416,"caption":"Secagem do caf\u00e9 para perder umidade"},{"@type":"BreadcrumbList","@id":"https:\/\/rehagro.com.br\/blog\/umidade-no-cafe-impacto-na-qualidade\/#breadcrumb","itemListElement":[{"@type":"ListItem","position":1,"name":"In\u00edcio","item":"https:\/\/rehagro.com.br\/blog\/"},{"@type":"ListItem","position":2,"name":"Umidade no caf\u00e9: entenda como ela pode impactar a qualidade do produto final\u00a0"}]},{"@type":"WebSite","@id":"https:\/\/rehagro.com.br\/blog\/#website","url":"https:\/\/rehagro.com.br\/blog\/","name":"Rehagro Blog","description":"","publisher":{"@id":"https:\/\/rehagro.com.br\/blog\/#organization"},"potentialAction":[{"@type":"SearchAction","target":{"@type":"EntryPoint","urlTemplate":"https:\/\/rehagro.com.br\/blog\/?s={search_term_string}"},"query-input":{"@type":"PropertyValueSpecification","valueRequired":true,"valueName":"search_term_string"}}],"inLanguage":"pt-BR"},{"@type":"Organization","@id":"https:\/\/rehagro.com.br\/blog\/#organization","name":"Rehagro","url":"https:\/\/rehagro.com.br\/blog\/","logo":{"@type":"ImageObject","inLanguage":"pt-BR","@id":"https:\/\/rehagro.com.br\/blog\/#\/schema\/logo\/image\/","url":"https:\/\/rehagro.com.br\/blog\/wp-content\/uploads\/2018\/05\/logo-rehagro.png","contentUrl":"https:\/\/rehagro.com.br\/blog\/wp-content\/uploads\/2018\/05\/logo-rehagro.png","width":400,"height":115,"caption":"Rehagro"},"image":{"@id":"https:\/\/rehagro.com.br\/blog\/#\/schema\/logo\/image\/"}},{"@type":"Person","@id":"https:\/\/rehagro.com.br\/blog\/#\/schema\/person\/f2d1ae51b04939615ceebb3c0bfd8a94","name":"Jo\u00e3o Pedro Azevedo","image":{"@type":"ImageObject","inLanguage":"pt-BR","@id":"https:\/\/secure.gravatar.com\/avatar\/34aacffb2f10625483f480470f3274778dd1c183ba4f66444bb60ae92149bf8a?s=96&d=mm&r=g","url":"https:\/\/secure.gravatar.com\/avatar\/34aacffb2f10625483f480470f3274778dd1c183ba4f66444bb60ae92149bf8a?s=96&d=mm&r=g","contentUrl":"https:\/\/secure.gravatar.com\/avatar\/34aacffb2f10625483f480470f3274778dd1c183ba4f66444bb60ae92149bf8a?s=96&d=mm&r=g","caption":"Jo\u00e3o Pedro Azevedo"},"url":"https:\/\/rehagro.com.br\/blog\/author\/joao-pedro\/"}]}},"_links":{"self":[{"href":"https:\/\/rehagro.com.br\/blog\/wp-json\/wp\/v2\/posts\/39281","targetHints":{"allow":["GET"]}}],"collection":[{"href":"https:\/\/rehagro.com.br\/blog\/wp-json\/wp\/v2\/posts"}],"about":[{"href":"https:\/\/rehagro.com.br\/blog\/wp-json\/wp\/v2\/types\/post"}],"author":[{"embeddable":true,"href":"https:\/\/rehagro.com.br\/blog\/wp-json\/wp\/v2\/users\/21"}],"replies":[{"embeddable":true,"href":"https:\/\/rehagro.com.br\/blog\/wp-json\/wp\/v2\/comments?post=39281"}],"version-history":[{"count":6,"href":"https:\/\/rehagro.com.br\/blog\/wp-json\/wp\/v2\/posts\/39281\/revisions"}],"predecessor-version":[{"id":42229,"href":"https:\/\/rehagro.com.br\/blog\/wp-json\/wp\/v2\/posts\/39281\/revisions\/42229"}],"wp:featuredmedia":[{"embeddable":true,"href":"https:\/\/rehagro.com.br\/blog\/wp-json\/wp\/v2\/media\/39283"}],"wp:attachment":[{"href":"https:\/\/rehagro.com.br\/blog\/wp-json\/wp\/v2\/media?parent=39281"}],"wp:term":[{"taxonomy":"category","embeddable":true,"href":"https:\/\/rehagro.com.br\/blog\/wp-json\/wp\/v2\/categories?post=39281"},{"taxonomy":"post_tag","embeddable":true,"href":"https:\/\/rehagro.com.br\/blog\/wp-json\/wp\/v2\/tags?post=39281"}],"curies":[{"name":"wp","href":"https:\/\/api.w.org\/{rel}","templated":true}]}}