{"id":39261,"date":"2025-09-03T12:00:24","date_gmt":"2025-09-03T15:00:24","guid":{"rendered":"https:\/\/rehagro.com.br\/blog\/?p=39261"},"modified":"2026-04-07T20:00:17","modified_gmt":"2026-04-07T23:00:17","slug":"cafe-sombreado-qualidade-e-beneficios","status":"publish","type":"post","link":"https:\/\/rehagro.com.br\/blog\/cafe-sombreado-qualidade-e-beneficios\/","title":{"rendered":"Caf\u00e9 sombreado: ele oferece maior qualidade e benef\u00edcios ambientais?"},"content":{"rendered":"<p>A partir de 1850, o Brasil consolidou-se como o maior produtor mundial de caf\u00e9, acompanhando, ao longo do tempo, diversas transforma\u00e7\u00f5es nas pr\u00e1ticas de manejo das lavouras. Nos \u00faltimos anos, impulsionado pela crescente demanda por sistemas agr\u00edcolas mais sustent\u00e1veis, <strong>o cultivo de caf\u00e9 sombreado vem ganhando espa\u00e7o<\/strong> como alternativa para atender \u00e0s exig\u00eancias de mercados e exportadores cada vez mais atentos \u00e0s quest\u00f5es ambientais.<\/p>\n<p>Nesse cen\u00e1rio, produtores de caf\u00e9 buscam compreender as particularidades, benef\u00edcios e limita\u00e7\u00f5es desse modelo, avaliando suas implica\u00e7\u00f5es ecol\u00f3gicas, produtivas e econ\u00f4micas.<\/p>\n<p>O sistema de caf\u00e9 sombreado caracteriza-se pelo <strong>cultivo de cafeeiros sob a prote\u00e7\u00e3o de \u00e1rvores de diferentes esp\u00e9cies<\/strong>, que promovem sombreamento parcial sobre as lavouras. Historicamente, esse m\u00e9todo foi predominante nas regi\u00f5es de <strong><a href=\"https:\/\/rehagro.com.br\/blog\/origem-e-historia-do-cafe\/\">origem da cultura<\/a><\/strong>, como Eti\u00f3pia e I\u00eamen, al\u00e9m de pa\u00edses latino-americanos durante os primeiros s\u00e9culos da expans\u00e3o cafeeira.<\/p>\n<p>Vamos aprofundar esse tema passando pelo planejamento do plantio, t\u00e9cnicas de manejo das \u00e1rvores sombreadoras, controle integrado de pragas e doen\u00e7as, al\u00e9m das principais certifica\u00e7\u00f5es, oferecendo o conhecimento necess\u00e1rio para que voc\u00ea se destaque na produ\u00e7\u00e3o de caf\u00e9 sombreado, um modelo sustent\u00e1vel, valorizado e cada vez mais procurado no mercado.<\/p>\n<div style=\"background-color: #efefef; padding-left: 10px; padding-right: 5px; border-radius: 10px;\">\n<p>&nbsp;<\/p>\n<p style=\"text-align: center;\"><strong><span style=\"font-size: 14pt;\">Sem tempo para ler agora? Baixe este artigo em PDF!<\/span><\/strong><\/p>\n<p><script charset=\"utf-8\" type=\"text\/javascript\" src=\"\/\/js.hsforms.net\/forms\/embed\/v2.js\"><\/script><script>hbspt.forms.create({region: \"na1\",portalId: \"5430441\",formId: \"7dcaf60d-0e23-40ed-8b40-9b8cb07b4128\"});<\/script><\/p>\n<\/div>\n<h2>Por que investir no caf\u00e9 sombreado?<\/h2>\n<p>O cultivo de caf\u00e9 sombreado pode ser uma <strong>excelente estrat\u00e9gia para otimizar o uso da terra<\/strong>, ao integrar \u00e1rvores na lavoura o produtor pode explor\u00e1-las economicamente, seja por meio da extra\u00e7\u00e3o controlada de madeira ou com a produ\u00e7\u00e3o de outras frutas.<\/p>\n<p>Outro benef\u00edcio relevante apontado por diversos estudos, \u00e9 a superioridade <strong><a href=\"https:\/\/rehagro.com.br\/blog\/classificacao-sensorial-do-cafe\/\">sensorial<\/a><\/strong> do caf\u00e9 cultivado sob sombra. A <strong>matura\u00e7\u00e3o mais lenta e uniforme<\/strong> dos frutos favorece o ac\u00famulo de a\u00e7\u00facares e compostos arom\u00e1ticos, resultando em gr\u00e3os de melhor qualidade, com sabores mais complexos e valorizados, sobretudo no mercado de caf\u00e9s especiais e na exporta\u00e7\u00e3o.<\/p>\n<p>No contexto da conserva\u00e7\u00e3o dos recursos naturais, as \u00e1rvores desempenham papel fundamental. Suas copas e ra\u00edzes protegem o solo contra a eros\u00e3o causada pela chuva e pelo vento, preservando a fertilidade e a estrutura do terreno. A deposi\u00e7\u00e3o de folhas e galhos sobre o solo contribui para o aumento da <strong><a href=\"https:\/\/rehagro.com.br\/blog\/materia-organica-no-solo\/\">mat\u00e9ria org\u00e2nica<\/a><\/strong>, enriquecendo os nutrientes dispon\u00edveis e favorecendo a estrutura\u00e7\u00e3o do solo.<\/p>\n<p><a href=\"https:\/\/rehagro.com.br\/cursos\/capacitacao-em-gestao-na-producao-de-cafe?utm_campaign=mkt-materiais-gc&amp;utm_source=textos&amp;utm_medium=blog\" target=\"_blank\" rel=\"noopener\"><img loading=\"lazy\" decoding=\"async\" class=\"aligncenter wp-image-28254 size-full\" title=\"Clique e saiba mais sobre o curso!\" src=\"https:\/\/rehagro.com.br\/blog\/wp-content\/uploads\/2020\/07\/botao-gc-arabica-1.jpg\" alt=\"Curso Gest\u00e3o na Produ\u00e7\u00e3o de Caf\u00e9 Ar\u00e1bica\" width=\"900\" height=\"250\" srcset=\"https:\/\/rehagro.com.br\/blog\/wp-content\/uploads\/2020\/07\/botao-gc-arabica-1.jpg 900w, https:\/\/rehagro.com.br\/blog\/wp-content\/uploads\/2020\/07\/botao-gc-arabica-1-300x83.jpg 300w, https:\/\/rehagro.com.br\/blog\/wp-content\/uploads\/2020\/07\/botao-gc-arabica-1-768x213.jpg 768w, https:\/\/rehagro.com.br\/blog\/wp-content\/uploads\/2020\/07\/botao-gc-arabica-1-370x103.jpg 370w, https:\/\/rehagro.com.br\/blog\/wp-content\/uploads\/2020\/07\/botao-gc-arabica-1-270x75.jpg 270w, https:\/\/rehagro.com.br\/blog\/wp-content\/uploads\/2020\/07\/botao-gc-arabica-1-740x206.jpg 740w, https:\/\/rehagro.com.br\/blog\/wp-content\/uploads\/2020\/07\/botao-gc-arabica-1-150x42.jpg 150w\" sizes=\"auto, (max-width: 900px) 100vw, 900px\" \/><\/a><\/p>\n<h2>Planejamento do plantio<\/h2>\n<p>O estabelecimento de uma lavoura de caf\u00e9 sombreado exige um <strong>planejamento criterioso desde os primeiros passos<\/strong>. A escolha adequada das esp\u00e9cies sombreadoras e o correto dimensionamento do espa\u00e7amento entre plantas s\u00e3o decis\u00f5es fundamentais que impactam diretamente a produtividade e a rentabilidade do sistema ao longo do tempo.<\/p>\n<p>Esses elementos n\u00e3o devem ser tratados isoladamente, mas sim como parte de um sistema agroflorestal integrado, que busca conciliar produ\u00e7\u00e3o agr\u00edcola com conserva\u00e7\u00e3o dos recursos naturais.<\/p>\n<p>O espa\u00e7amento entre os cafeeiros e as \u00e1rvores sombreadoras deve ser planejado com base em par\u00e2metros t\u00e9cnicos, considerando fatores como porte das esp\u00e9cies, exig\u00eancias h\u00eddricas, tipo de solo, topografia e condi\u00e7\u00f5es clim\u00e1ticas da regi\u00e3o.<\/p>\n<p>O objetivo \u00e9 <strong>evitar a competi\u00e7\u00e3o excessiva por luz, \u00e1gua e nutrientes<\/strong>, mantendo um ambiente equilibrado que favore\u00e7a o crescimento saud\u00e1vel das culturas. Um arranjo adequado de plantio contribui para a boa ventila\u00e7\u00e3o da lavoura, reduzindo a umidade excessiva e facilitando a mecaniza\u00e7\u00e3o parcial, o acesso para pr\u00e1ticas de manejo, e a realiza\u00e7\u00e3o da colheita.<\/p>\n<p><a href=\"https:\/\/conteudo.rehagro.com.br\/calendario-agricola-cafeicultor?utm_campaign=material-cafe&amp;utm_source=calendario-cafe&amp;utm_medium=blog\" target=\"_blank\" rel=\"noopener\"><img loading=\"lazy\" decoding=\"async\" class=\"aligncenter wp-image-39670 size-full\" title=\"Clique e baixe o material gratuitamente!\" src=\"https:\/\/rehagro.com.br\/blog\/wp-content\/uploads\/2025\/09\/banner-calendario-cafeicultura.png\" alt=\"Calend\u00e1rio agr\u00edcola do caf\u00e9\" width=\"980\" height=\"317\" srcset=\"https:\/\/rehagro.com.br\/blog\/wp-content\/uploads\/2025\/09\/banner-calendario-cafeicultura.png 980w, https:\/\/rehagro.com.br\/blog\/wp-content\/uploads\/2025\/09\/banner-calendario-cafeicultura-300x97.png 300w, https:\/\/rehagro.com.br\/blog\/wp-content\/uploads\/2025\/09\/banner-calendario-cafeicultura-768x248.png 768w, https:\/\/rehagro.com.br\/blog\/wp-content\/uploads\/2025\/09\/banner-calendario-cafeicultura-370x120.png 370w, https:\/\/rehagro.com.br\/blog\/wp-content\/uploads\/2025\/09\/banner-calendario-cafeicultura-270x87.png 270w, https:\/\/rehagro.com.br\/blog\/wp-content\/uploads\/2025\/09\/banner-calendario-cafeicultura-740x239.png 740w, https:\/\/rehagro.com.br\/blog\/wp-content\/uploads\/2025\/09\/banner-calendario-cafeicultura-150x49.png 150w\" sizes=\"auto, (max-width: 980px) 100vw, 980px\" \/><\/a><\/p>\n<h2>Explora\u00e7\u00e3o econ\u00f4mica das \u00e1rvores<\/h2>\n<p>A escolha das esp\u00e9cies arb\u00f3reas para o sombreamento deve <strong>priorizar aquelas nativas<\/strong>, por sua maior capacidade de adapta\u00e7\u00e3o ao ambiente e menor suscetibilidade a pragas e doen\u00e7as.<\/p>\n<p>Essas esp\u00e9cies contribuem significativamente para a biodiversidade funcional do sistema, criando um ecossistema mais equilibrado ao oferecer abrigo e alimento para polinizadores e inimigos naturais de pragas.<\/p>\n<p>Al\u00e9m disso, por estarem bem ajustadas ao clima e ao solo da regi\u00e3o, essas \u00e1rvores geralmente<strong> exigem menos insumos externos e cuidados t\u00e9cnicos<\/strong>, o que se traduz em uma redu\u00e7\u00e3o nos custos de manejo e maior viabilidade do sistema a longo prazo.<\/p>\n<p>Esp\u00e9cies como ing\u00e1, cedro, mutamba, banana, abacate e grev\u00edlea s\u00e3o amplamente utilizadas em sistemas de caf\u00e9 sombreado devido \u00e0 sua arquitetura favor\u00e1vel, que proporciona sombreamento parcial, e ao potencial de gerar renda adicional por meio da produ\u00e7\u00e3o de frutas e explora\u00e7\u00e3o da madeira.<\/p>\n<p>O ideal \u00e9 que essas \u00e1rvores possuam <strong>ra\u00edzes profundas<\/strong>, reduzindo a competi\u00e7\u00e3o com os cafeeiros na camada superficial do solo, e copas perme\u00e1veis \u00e0 luz, permitindo boa incid\u00eancia solar nas plantas de caf\u00e9, sem comprometer a fotoss\u00edntese.<\/p>\n<p>Para manter o equil\u00edbrio entre prote\u00e7\u00e3o e produtividade, <strong>o sombreamento deve ser manej\u00e1vel e moderado<\/strong>, mantendo-se entre <strong>25% e 40%<\/strong>, conforme as condi\u00e7\u00f5es clim\u00e1ticas e a <strong><a href=\"https:\/\/rehagro.com.br\/blog\/cultivares-de-cafe-qual-escolher\/\">variedade de caf\u00e9<\/a><\/strong> utilizada. Assim, torna-se necess\u00e1ria a realiza\u00e7\u00e3o de podas peri\u00f3dicas, o controle da densidade de \u00e1rvores e o ajuste de suas alturas, o que demanda m\u00e3o de obra especializada e maior dedica\u00e7\u00e3o ao manejo.<\/p>\n<h2>Manejo integrado de pragas e doen\u00e7as<\/h2>\n<p>O cultivo de caf\u00e9 sombreado, embora traga in\u00fameros benef\u00edcios agroecol\u00f3gicos e econ\u00f4micos, apresenta tamb\u00e9m desafios espec\u00edficos em rela\u00e7\u00e3o ao <strong>manejo fitossanit\u00e1rio.<\/strong><\/p>\n<p>Um dos principais fatores a ser considerado \u00e9 o <strong>microclima mais \u00famido<\/strong> gerado pela presen\u00e7a de \u00e1rvores sombreadoras, o que pode criar um ambiente mais prop\u00edcio ao desenvolvimento de doen\u00e7as f\u00fangicas e \u00e0 perman\u00eancia de pragas na lavoura.<\/p>\n<p>Entre os principais desafios sanit\u00e1rios nesse tipo de sistema est\u00e3o a <strong><a href=\"https:\/\/rehagro.com.br\/blog\/controle-da-ferrugem-do-cafeeiro\/\">ferrugem-do-cafeeiro (<i>Hemileia vastatrix<\/i>)<\/a><\/strong>, considerada uma das doen\u00e7as mais severas da cultura, e a <strong><a href=\"https:\/\/rehagro.com.br\/blog\/broca-do-cafe\/\">broca-do-caf\u00e9 (<i>Hypothenemus hampei<\/i>)<\/a><\/strong>, praga de grande impacto econ\u00f4mico.<\/p>\n<p>A maior umidade relativa, combinada \u00e0 redu\u00e7\u00e3o da incid\u00eancia direta de luz solar, favorece o desenvolvimento e a reprodu\u00e7\u00e3o tanto de pat\u00f3genos quanto de insetos-praga, exigindo do produtor estrat\u00e9gias de manejo mais integradas, preventivas e adaptadas ao microclima criado pelo sombreamento.<\/p>\n<p>Por outro lado, esse mesmo ambiente \u00famido e diversificado <strong>favorece pr\u00e1ticas de<\/strong> <strong><a href=\"https:\/\/rehagro.com.br\/blog\/controle-biologico-de-pragas-na-cafeicultura\/\">controle biol\u00f3gico<\/a><\/strong>, que t\u00eam se mostrado eficazes e sustent\u00e1veis dentro do contexto do caf\u00e9 sombreado.<\/p>\n<p>Um exemplo promissor \u00e9 o uso de fungos entomopatog\u00eanicos, como a <i>Beauveria bassiana<\/i>, no controle da broca-do-caf\u00e9. Esse fungo parasita naturalmente a praga, colonizando seu corpo e levando \u00e0 sua morte, sem causar desequil\u00edbrio ao ecossistema da lavoura. A efic\u00e1cia da <i>Beauveria<\/i> \u00e9 potencializada em ambientes sombreados, onde a umidade relativa mais elevada favorece sua germina\u00e7\u00e3o e persist\u00eancia no ambiente.<\/p>\n<p>Al\u00e9m disso, a diversidade biol\u00f3gica presente nos sistemas sombreados atua como um fator de equil\u00edbrio ecol\u00f3gico, ajudando a manter as popula\u00e7\u00f5es de pragas em n\u00edveis toler\u00e1veis.<\/p>\n<p>Nesse contexto, o manejo de pragas e doen\u00e7as deve ser pensado de acordo com:<\/p>\n<ul>\n<li>O monitoramento frequente das lavouras (amostragem e armadilhas);<\/li>\n<li>Uso racional de insumos fitossanit\u00e1rios, priorizando produtos biol\u00f3gicos e seletivos;<\/li>\n<li>Poda e manejo das copas das \u00e1rvores para garantir ventila\u00e7\u00e3o adequada;<\/li>\n<li>Manuten\u00e7\u00e3o de cobertura do solo e aduba\u00e7\u00e3o equilibrada, que fortalecem a planta contra o ataque de pat\u00f3genos.<\/li>\n<\/ul>\n<h2>Certifica\u00e7\u00f5es para esse sistema de produ\u00e7\u00e3o<\/h2>\n<p>O cultivo de caf\u00e9 sombreado pode ser reconhecido por <strong>certifica\u00e7\u00f5es que agregam valor ao produto e ampliam o acesso a mercados diferenciados<\/strong>. Entre as principais certifica\u00e7\u00f5es que contemplam esse tipo de sistema est\u00e3o <i>Rainforest Alliance, Bird Friendly, Fair Trade<\/i> e programas nacionais como o Certifica Minas Caf\u00e9.<\/p>\n<p>A certifica\u00e7\u00e3o <strong><i>Bird Friendly<\/i><\/strong>, desenvolvida pelo<i> Smithsonian<\/i>, \u00e9 a <strong>\u00fanica voltada exclusivamente ao caf\u00e9 sombreado<\/strong>, com exig\u00eancias rigorosas relacionadas \u00e0 diversidade, altura e densidade da cobertura arb\u00f3rea. Fortemente valorizada por consumidores ambientalmente conscientes, ela se destaca por promover a conserva\u00e7\u00e3o de habitats naturais e a biodiversidade.<\/p>\n<p>Outras certifica\u00e7\u00f5es, como a <i>Rainforest Alliance, Fair Trade<\/i> e o Certifica Minas Caf\u00e9, tamb\u00e9m reconhecem pr\u00e1ticas sustent\u00e1veis que incluem o sombreamento, embora de forma mais ampla, refor\u00e7ando o valor ambiental e comercial desse modelo de produ\u00e7\u00e3o.<\/p>\n<p>Certificar o caf\u00e9 sombreado \u00e9 uma forma eficaz de garantir <strong>reconhecimento internacional<\/strong>, acesso a mercados que pagam melhor e diferencia\u00e7\u00e3o no ponto de venda. Al\u00e9m disso, fortalece a reputa\u00e7\u00e3o do produtor e estimula a conserva\u00e7\u00e3o ambiental, integrando produtividade com responsabilidade socioambiental.<\/p>\n<h2>Conclus\u00e3o<\/h2>\n<p>O sistema de caf\u00e9 sombreado vem se consolidando como uma alternativa <strong>agronomicamente eficiente e ambientalmente estrat\u00e9gica<\/strong> para a cafeicultura moderna.<\/p>\n<p>Ao integrar esp\u00e9cies arb\u00f3reas ao cultivo do cafeeiro, promove-se um uso mais racional e multifuncional do espa\u00e7o agr\u00edcola, permitindo a diversifica\u00e7\u00e3o da renda por meio da produ\u00e7\u00e3o de madeira, frutas ou biomassa, al\u00e9m da extra\u00e7\u00e3o controlada de produtos florestais.<\/p>\n<p>Essa abordagem n\u00e3o apenas contribui para a sustentabilidade econ\u00f4mica da propriedade, como tamb\u00e9m favorece o microclima da lavoura, melhora a estrutura do solo e reduz a press\u00e3o de pragas e doen\u00e7as.<\/p>\n<p>Al\u00e9m disso, o sombreamento parcial proporciona uma matura\u00e7\u00e3o mais lenta e uniforme dos frutos, resultando em gr\u00e3os com maior complexidade sensorial, caracter\u00edstica altamente valorizada no mercado de caf\u00e9s especiais.<\/p>\n<p>Quando implantado com planejamento t\u00e9cnico adequado e manejo cont\u00ednuo, o sistema permite conciliar altos n\u00edveis de produtividade com a conserva\u00e7\u00e3o dos recursos naturais, agregando valor ao produto final e abrindo portas para mercados que reconhecem e remuneram pr\u00e1ticas sustent\u00e1veis.<\/p>\n<h2>Aprenda a aplicar o sistema sombreado com excel\u00eancia<\/h2>\n<p>Se voc\u00ea deseja aprofundar seus conhecimentos sobre manejo sustent\u00e1vel e estrat\u00e9gias pr\u00e1ticas para a produ\u00e7\u00e3o de caf\u00e9s de qualidade, conhe\u00e7a o <a href=\"https:\/\/rehagro.com.br\/cursos\/capacitacao-em-gestao-na-producao-de-cafe?utm_campaign=mkt-materiais-gc&amp;utm_source=textos&amp;utm_medium=blog\"><strong>Curso Gest\u00e3o na Produ\u00e7\u00e3o de Caf\u00e9 Ar\u00e1bica<\/strong><\/a> do Rehagro.<\/p>\n<p>O curso oferece t\u00e9cnicas atualizadas de gest\u00e3o e produ\u00e7\u00e3o, conte\u00fado pr\u00e1tico sobre manejo de pragas e doen\u00e7as, plantio, colheita e ferramentas para aumentar a rentabilidade.<\/p>\n<p>Transforme sua lavoura com o conhecimento t\u00e9cnico e estrat\u00e9gico de quem \u00e9 refer\u00eancia no agro brasileiro.<\/p>\n<p><a href=\"https:\/\/rehagro.com.br\/cursos\/capacitacao-em-gestao-na-producao-de-cafe?utm_campaign=mkt-materiais-gc&amp;utm_source=textos&amp;utm_medium=blog\" target=\"_blank\" rel=\"noopener\"><img loading=\"lazy\" decoding=\"async\" class=\"aligncenter wp-image-24250 size-full\" title=\"Clique e saiba mais sobre o curso!\" src=\"https:\/\/rehagro.com.br\/blog\/wp-content\/uploads\/2023\/09\/banner-gc.jpg\" alt=\"Curso Gest\u00e3o na Produ\u00e7\u00e3o de Caf\u00e9 Ar\u00e1bica\" width=\"980\" height=\"317\" srcset=\"https:\/\/rehagro.com.br\/blog\/wp-content\/uploads\/2023\/09\/banner-gc.jpg 980w, https:\/\/rehagro.com.br\/blog\/wp-content\/uploads\/2023\/09\/banner-gc-300x97.jpg 300w, https:\/\/rehagro.com.br\/blog\/wp-content\/uploads\/2023\/09\/banner-gc-768x248.jpg 768w, https:\/\/rehagro.com.br\/blog\/wp-content\/uploads\/2023\/09\/banner-gc-370x120.jpg 370w, https:\/\/rehagro.com.br\/blog\/wp-content\/uploads\/2023\/09\/banner-gc-270x87.jpg 270w, https:\/\/rehagro.com.br\/blog\/wp-content\/uploads\/2023\/09\/banner-gc-740x239.jpg 740w, https:\/\/rehagro.com.br\/blog\/wp-content\/uploads\/2023\/09\/banner-gc-150x49.jpg 150w\" sizes=\"auto, (max-width: 980px) 100vw, 980px\" \/><\/a><\/p>\n<p>Texto produzido pela Equipe Caf\u00e9 Rehagro.<\/p>\n","protected":false},"excerpt":{"rendered":"<p>A partir de 1850, o Brasil consolidou-se como o maior produtor mundial de caf\u00e9, acompanhando, ao longo do tempo, diversas transforma\u00e7\u00f5es nas pr\u00e1ticas de manejo das lavouras. Nos \u00faltimos anos, impulsionado pela crescente demanda por sistemas agr\u00edcolas mais sustent\u00e1veis, o cultivo de caf\u00e9 sombreado vem ganhando espa\u00e7o como alternativa para atender \u00e0s exig\u00eancias de mercados [&hellip;]<\/p>\n","protected":false},"author":21,"featured_media":39263,"comment_status":"open","ping_status":"open","sticky":false,"template":"","format":"standard","meta":{"footnotes":""},"categories":[211],"tags":[673,827,1158],"class_list":["post-39261","post","type-post","status-publish","format-standard","has-post-thumbnail","hentry","category-cafe","tag-cafeicultura","tag-producao-de-cafe","tag-sombra"],"yoast_head":"<!-- This site is optimized with the Yoast SEO plugin v27.4 - https:\/\/yoast.com\/product\/yoast-seo-wordpress\/ -->\n<title>Caf\u00e9 sombreado: o que \u00e9, como cultivar e quais s\u00e3o os principais benef\u00edcios<\/title>\n<meta name=\"description\" content=\"Entenda como o cultivo de caf\u00e9 sombreado melhora a qualidade dos gr\u00e3os, protege o solo e agrega valor com pr\u00e1ticas sustent\u00e1veis e certifica\u00e7\u00f5es.\" \/>\n<meta name=\"robots\" content=\"index, follow, max-snippet:-1, max-image-preview:large, max-video-preview:-1\" \/>\n<link rel=\"canonical\" href=\"https:\/\/rehagro.com.br\/blog\/cafe-sombreado-qualidade-e-beneficios\/\" \/>\n<meta property=\"og:locale\" content=\"pt_BR\" \/>\n<meta property=\"og:type\" content=\"article\" \/>\n<meta property=\"og:title\" content=\"Caf\u00e9 sombreado: o que \u00e9, como cultivar e quais s\u00e3o os principais benef\u00edcios\" \/>\n<meta property=\"og:description\" content=\"Entenda como o cultivo de caf\u00e9 sombreado melhora a qualidade dos gr\u00e3os, protege o solo e agrega valor com pr\u00e1ticas sustent\u00e1veis e certifica\u00e7\u00f5es.\" \/>\n<meta property=\"og:url\" content=\"https:\/\/rehagro.com.br\/blog\/cafe-sombreado-qualidade-e-beneficios\/\" \/>\n<meta property=\"og:site_name\" content=\"Rehagro Blog\" \/>\n<meta property=\"article:published_time\" content=\"2025-09-03T15:00:24+00:00\" \/>\n<meta property=\"article:modified_time\" content=\"2026-04-07T23:00:17+00:00\" \/>\n<meta property=\"og:image\" content=\"https:\/\/rehagro.com.br\/blog\/wp-content\/uploads\/2025\/08\/capa-cafe-sombreado.jpg\" \/>\n\t<meta property=\"og:image:width\" content=\"1280\" \/>\n\t<meta property=\"og:image:height\" content=\"853\" \/>\n\t<meta property=\"og:image:type\" content=\"image\/jpeg\" \/>\n<meta name=\"author\" content=\"Jo\u00e3o Pedro Azevedo\" \/>\n<meta name=\"twitter:card\" content=\"summary_large_image\" \/>\n<meta name=\"twitter:label1\" content=\"Escrito por\" \/>\n\t<meta name=\"twitter:data1\" content=\"Jo\u00e3o Pedro Azevedo\" \/>\n\t<meta name=\"twitter:label2\" content=\"Est. tempo de leitura\" \/>\n\t<meta name=\"twitter:data2\" content=\"10 minutos\" \/>\n<script type=\"application\/ld+json\" class=\"yoast-schema-graph\">{\"@context\":\"https:\\\/\\\/schema.org\",\"@graph\":[{\"@type\":\"Article\",\"@id\":\"https:\\\/\\\/rehagro.com.br\\\/blog\\\/cafe-sombreado-qualidade-e-beneficios\\\/#article\",\"isPartOf\":{\"@id\":\"https:\\\/\\\/rehagro.com.br\\\/blog\\\/cafe-sombreado-qualidade-e-beneficios\\\/\"},\"author\":{\"name\":\"Jo\u00e3o Pedro Azevedo\",\"@id\":\"https:\\\/\\\/rehagro.com.br\\\/blog\\\/#\\\/schema\\\/person\\\/f2d1ae51b04939615ceebb3c0bfd8a94\"},\"headline\":\"Caf\u00e9 sombreado: ele oferece maior qualidade e benef\u00edcios ambientais?\",\"datePublished\":\"2025-09-03T15:00:24+00:00\",\"dateModified\":\"2026-04-07T23:00:17+00:00\",\"mainEntityOfPage\":{\"@id\":\"https:\\\/\\\/rehagro.com.br\\\/blog\\\/cafe-sombreado-qualidade-e-beneficios\\\/\"},\"wordCount\":1705,\"commentCount\":0,\"publisher\":{\"@id\":\"https:\\\/\\\/rehagro.com.br\\\/blog\\\/#organization\"},\"image\":{\"@id\":\"https:\\\/\\\/rehagro.com.br\\\/blog\\\/cafe-sombreado-qualidade-e-beneficios\\\/#primaryimage\"},\"thumbnailUrl\":\"https:\\\/\\\/rehagro.com.br\\\/blog\\\/wp-content\\\/uploads\\\/2025\\\/08\\\/capa-cafe-sombreado.jpg\",\"keywords\":[\"cafeicultura\",\"produ\u00e7\u00e3o de caf\u00e9\",\"sombra\"],\"articleSection\":[\"CAF\u00c9\"],\"inLanguage\":\"pt-BR\",\"potentialAction\":[{\"@type\":\"CommentAction\",\"name\":\"Comment\",\"target\":[\"https:\\\/\\\/rehagro.com.br\\\/blog\\\/cafe-sombreado-qualidade-e-beneficios\\\/#respond\"]}]},{\"@type\":\"WebPage\",\"@id\":\"https:\\\/\\\/rehagro.com.br\\\/blog\\\/cafe-sombreado-qualidade-e-beneficios\\\/\",\"url\":\"https:\\\/\\\/rehagro.com.br\\\/blog\\\/cafe-sombreado-qualidade-e-beneficios\\\/\",\"name\":\"Caf\u00e9 sombreado: o que \u00e9, como cultivar e quais s\u00e3o os principais benef\u00edcios\",\"isPartOf\":{\"@id\":\"https:\\\/\\\/rehagro.com.br\\\/blog\\\/#website\"},\"primaryImageOfPage\":{\"@id\":\"https:\\\/\\\/rehagro.com.br\\\/blog\\\/cafe-sombreado-qualidade-e-beneficios\\\/#primaryimage\"},\"image\":{\"@id\":\"https:\\\/\\\/rehagro.com.br\\\/blog\\\/cafe-sombreado-qualidade-e-beneficios\\\/#primaryimage\"},\"thumbnailUrl\":\"https:\\\/\\\/rehagro.com.br\\\/blog\\\/wp-content\\\/uploads\\\/2025\\\/08\\\/capa-cafe-sombreado.jpg\",\"datePublished\":\"2025-09-03T15:00:24+00:00\",\"dateModified\":\"2026-04-07T23:00:17+00:00\",\"description\":\"Entenda como o cultivo de caf\u00e9 sombreado melhora a qualidade dos gr\u00e3os, protege o solo e agrega valor com pr\u00e1ticas sustent\u00e1veis e certifica\u00e7\u00f5es.\",\"breadcrumb\":{\"@id\":\"https:\\\/\\\/rehagro.com.br\\\/blog\\\/cafe-sombreado-qualidade-e-beneficios\\\/#breadcrumb\"},\"inLanguage\":\"pt-BR\",\"potentialAction\":[{\"@type\":\"ReadAction\",\"target\":[\"https:\\\/\\\/rehagro.com.br\\\/blog\\\/cafe-sombreado-qualidade-e-beneficios\\\/\"]}]},{\"@type\":\"ImageObject\",\"inLanguage\":\"pt-BR\",\"@id\":\"https:\\\/\\\/rehagro.com.br\\\/blog\\\/cafe-sombreado-qualidade-e-beneficios\\\/#primaryimage\",\"url\":\"https:\\\/\\\/rehagro.com.br\\\/blog\\\/wp-content\\\/uploads\\\/2025\\\/08\\\/capa-cafe-sombreado.jpg\",\"contentUrl\":\"https:\\\/\\\/rehagro.com.br\\\/blog\\\/wp-content\\\/uploads\\\/2025\\\/08\\\/capa-cafe-sombreado.jpg\",\"width\":1280,\"height\":853},{\"@type\":\"BreadcrumbList\",\"@id\":\"https:\\\/\\\/rehagro.com.br\\\/blog\\\/cafe-sombreado-qualidade-e-beneficios\\\/#breadcrumb\",\"itemListElement\":[{\"@type\":\"ListItem\",\"position\":1,\"name\":\"In\u00edcio\",\"item\":\"https:\\\/\\\/rehagro.com.br\\\/blog\\\/\"},{\"@type\":\"ListItem\",\"position\":2,\"name\":\"Caf\u00e9 sombreado: ele oferece maior qualidade e benef\u00edcios ambientais?\"}]},{\"@type\":\"WebSite\",\"@id\":\"https:\\\/\\\/rehagro.com.br\\\/blog\\\/#website\",\"url\":\"https:\\\/\\\/rehagro.com.br\\\/blog\\\/\",\"name\":\"Rehagro Blog\",\"description\":\"\",\"publisher\":{\"@id\":\"https:\\\/\\\/rehagro.com.br\\\/blog\\\/#organization\"},\"potentialAction\":[{\"@type\":\"SearchAction\",\"target\":{\"@type\":\"EntryPoint\",\"urlTemplate\":\"https:\\\/\\\/rehagro.com.br\\\/blog\\\/?s={search_term_string}\"},\"query-input\":{\"@type\":\"PropertyValueSpecification\",\"valueRequired\":true,\"valueName\":\"search_term_string\"}}],\"inLanguage\":\"pt-BR\"},{\"@type\":\"Organization\",\"@id\":\"https:\\\/\\\/rehagro.com.br\\\/blog\\\/#organization\",\"name\":\"Rehagro\",\"url\":\"https:\\\/\\\/rehagro.com.br\\\/blog\\\/\",\"logo\":{\"@type\":\"ImageObject\",\"inLanguage\":\"pt-BR\",\"@id\":\"https:\\\/\\\/rehagro.com.br\\\/blog\\\/#\\\/schema\\\/logo\\\/image\\\/\",\"url\":\"https:\\\/\\\/rehagro.com.br\\\/blog\\\/wp-content\\\/uploads\\\/2018\\\/05\\\/logo-rehagro.png\",\"contentUrl\":\"https:\\\/\\\/rehagro.com.br\\\/blog\\\/wp-content\\\/uploads\\\/2018\\\/05\\\/logo-rehagro.png\",\"width\":400,\"height\":115,\"caption\":\"Rehagro\"},\"image\":{\"@id\":\"https:\\\/\\\/rehagro.com.br\\\/blog\\\/#\\\/schema\\\/logo\\\/image\\\/\"}},{\"@type\":\"Person\",\"@id\":\"https:\\\/\\\/rehagro.com.br\\\/blog\\\/#\\\/schema\\\/person\\\/f2d1ae51b04939615ceebb3c0bfd8a94\",\"name\":\"Jo\u00e3o Pedro Azevedo\",\"image\":{\"@type\":\"ImageObject\",\"inLanguage\":\"pt-BR\",\"@id\":\"https:\\\/\\\/secure.gravatar.com\\\/avatar\\\/34aacffb2f10625483f480470f3274778dd1c183ba4f66444bb60ae92149bf8a?s=96&d=mm&r=g\",\"url\":\"https:\\\/\\\/secure.gravatar.com\\\/avatar\\\/34aacffb2f10625483f480470f3274778dd1c183ba4f66444bb60ae92149bf8a?s=96&d=mm&r=g\",\"contentUrl\":\"https:\\\/\\\/secure.gravatar.com\\\/avatar\\\/34aacffb2f10625483f480470f3274778dd1c183ba4f66444bb60ae92149bf8a?s=96&d=mm&r=g\",\"caption\":\"Jo\u00e3o Pedro Azevedo\"},\"url\":\"https:\\\/\\\/rehagro.com.br\\\/blog\\\/author\\\/joao-pedro\\\/\"}]}<\/script>\n<!-- \/ Yoast SEO plugin. -->","yoast_head_json":{"title":"Caf\u00e9 sombreado: o que \u00e9, como cultivar e quais s\u00e3o os principais benef\u00edcios","description":"Entenda como o cultivo de caf\u00e9 sombreado melhora a qualidade dos gr\u00e3os, protege o solo e agrega valor com pr\u00e1ticas sustent\u00e1veis e certifica\u00e7\u00f5es.","robots":{"index":"index","follow":"follow","max-snippet":"max-snippet:-1","max-image-preview":"max-image-preview:large","max-video-preview":"max-video-preview:-1"},"canonical":"https:\/\/rehagro.com.br\/blog\/cafe-sombreado-qualidade-e-beneficios\/","og_locale":"pt_BR","og_type":"article","og_title":"Caf\u00e9 sombreado: o que \u00e9, como cultivar e quais s\u00e3o os principais benef\u00edcios","og_description":"Entenda como o cultivo de caf\u00e9 sombreado melhora a qualidade dos gr\u00e3os, protege o solo e agrega valor com pr\u00e1ticas sustent\u00e1veis e certifica\u00e7\u00f5es.","og_url":"https:\/\/rehagro.com.br\/blog\/cafe-sombreado-qualidade-e-beneficios\/","og_site_name":"Rehagro Blog","article_published_time":"2025-09-03T15:00:24+00:00","article_modified_time":"2026-04-07T23:00:17+00:00","og_image":[{"width":1280,"height":853,"url":"https:\/\/rehagro.com.br\/blog\/wp-content\/uploads\/2025\/08\/capa-cafe-sombreado.jpg","type":"image\/jpeg"}],"author":"Jo\u00e3o Pedro Azevedo","twitter_card":"summary_large_image","twitter_misc":{"Escrito por":"Jo\u00e3o Pedro Azevedo","Est. tempo de leitura":"10 minutos"},"schema":{"@context":"https:\/\/schema.org","@graph":[{"@type":"Article","@id":"https:\/\/rehagro.com.br\/blog\/cafe-sombreado-qualidade-e-beneficios\/#article","isPartOf":{"@id":"https:\/\/rehagro.com.br\/blog\/cafe-sombreado-qualidade-e-beneficios\/"},"author":{"name":"Jo\u00e3o Pedro Azevedo","@id":"https:\/\/rehagro.com.br\/blog\/#\/schema\/person\/f2d1ae51b04939615ceebb3c0bfd8a94"},"headline":"Caf\u00e9 sombreado: ele oferece maior qualidade e benef\u00edcios ambientais?","datePublished":"2025-09-03T15:00:24+00:00","dateModified":"2026-04-07T23:00:17+00:00","mainEntityOfPage":{"@id":"https:\/\/rehagro.com.br\/blog\/cafe-sombreado-qualidade-e-beneficios\/"},"wordCount":1705,"commentCount":0,"publisher":{"@id":"https:\/\/rehagro.com.br\/blog\/#organization"},"image":{"@id":"https:\/\/rehagro.com.br\/blog\/cafe-sombreado-qualidade-e-beneficios\/#primaryimage"},"thumbnailUrl":"https:\/\/rehagro.com.br\/blog\/wp-content\/uploads\/2025\/08\/capa-cafe-sombreado.jpg","keywords":["cafeicultura","produ\u00e7\u00e3o de caf\u00e9","sombra"],"articleSection":["CAF\u00c9"],"inLanguage":"pt-BR","potentialAction":[{"@type":"CommentAction","name":"Comment","target":["https:\/\/rehagro.com.br\/blog\/cafe-sombreado-qualidade-e-beneficios\/#respond"]}]},{"@type":"WebPage","@id":"https:\/\/rehagro.com.br\/blog\/cafe-sombreado-qualidade-e-beneficios\/","url":"https:\/\/rehagro.com.br\/blog\/cafe-sombreado-qualidade-e-beneficios\/","name":"Caf\u00e9 sombreado: o que \u00e9, como cultivar e quais s\u00e3o os principais benef\u00edcios","isPartOf":{"@id":"https:\/\/rehagro.com.br\/blog\/#website"},"primaryImageOfPage":{"@id":"https:\/\/rehagro.com.br\/blog\/cafe-sombreado-qualidade-e-beneficios\/#primaryimage"},"image":{"@id":"https:\/\/rehagro.com.br\/blog\/cafe-sombreado-qualidade-e-beneficios\/#primaryimage"},"thumbnailUrl":"https:\/\/rehagro.com.br\/blog\/wp-content\/uploads\/2025\/08\/capa-cafe-sombreado.jpg","datePublished":"2025-09-03T15:00:24+00:00","dateModified":"2026-04-07T23:00:17+00:00","description":"Entenda como o cultivo de caf\u00e9 sombreado melhora a qualidade dos gr\u00e3os, protege o solo e agrega valor com pr\u00e1ticas sustent\u00e1veis e certifica\u00e7\u00f5es.","breadcrumb":{"@id":"https:\/\/rehagro.com.br\/blog\/cafe-sombreado-qualidade-e-beneficios\/#breadcrumb"},"inLanguage":"pt-BR","potentialAction":[{"@type":"ReadAction","target":["https:\/\/rehagro.com.br\/blog\/cafe-sombreado-qualidade-e-beneficios\/"]}]},{"@type":"ImageObject","inLanguage":"pt-BR","@id":"https:\/\/rehagro.com.br\/blog\/cafe-sombreado-qualidade-e-beneficios\/#primaryimage","url":"https:\/\/rehagro.com.br\/blog\/wp-content\/uploads\/2025\/08\/capa-cafe-sombreado.jpg","contentUrl":"https:\/\/rehagro.com.br\/blog\/wp-content\/uploads\/2025\/08\/capa-cafe-sombreado.jpg","width":1280,"height":853},{"@type":"BreadcrumbList","@id":"https:\/\/rehagro.com.br\/blog\/cafe-sombreado-qualidade-e-beneficios\/#breadcrumb","itemListElement":[{"@type":"ListItem","position":1,"name":"In\u00edcio","item":"https:\/\/rehagro.com.br\/blog\/"},{"@type":"ListItem","position":2,"name":"Caf\u00e9 sombreado: ele oferece maior qualidade e benef\u00edcios ambientais?"}]},{"@type":"WebSite","@id":"https:\/\/rehagro.com.br\/blog\/#website","url":"https:\/\/rehagro.com.br\/blog\/","name":"Rehagro Blog","description":"","publisher":{"@id":"https:\/\/rehagro.com.br\/blog\/#organization"},"potentialAction":[{"@type":"SearchAction","target":{"@type":"EntryPoint","urlTemplate":"https:\/\/rehagro.com.br\/blog\/?s={search_term_string}"},"query-input":{"@type":"PropertyValueSpecification","valueRequired":true,"valueName":"search_term_string"}}],"inLanguage":"pt-BR"},{"@type":"Organization","@id":"https:\/\/rehagro.com.br\/blog\/#organization","name":"Rehagro","url":"https:\/\/rehagro.com.br\/blog\/","logo":{"@type":"ImageObject","inLanguage":"pt-BR","@id":"https:\/\/rehagro.com.br\/blog\/#\/schema\/logo\/image\/","url":"https:\/\/rehagro.com.br\/blog\/wp-content\/uploads\/2018\/05\/logo-rehagro.png","contentUrl":"https:\/\/rehagro.com.br\/blog\/wp-content\/uploads\/2018\/05\/logo-rehagro.png","width":400,"height":115,"caption":"Rehagro"},"image":{"@id":"https:\/\/rehagro.com.br\/blog\/#\/schema\/logo\/image\/"}},{"@type":"Person","@id":"https:\/\/rehagro.com.br\/blog\/#\/schema\/person\/f2d1ae51b04939615ceebb3c0bfd8a94","name":"Jo\u00e3o Pedro Azevedo","image":{"@type":"ImageObject","inLanguage":"pt-BR","@id":"https:\/\/secure.gravatar.com\/avatar\/34aacffb2f10625483f480470f3274778dd1c183ba4f66444bb60ae92149bf8a?s=96&d=mm&r=g","url":"https:\/\/secure.gravatar.com\/avatar\/34aacffb2f10625483f480470f3274778dd1c183ba4f66444bb60ae92149bf8a?s=96&d=mm&r=g","contentUrl":"https:\/\/secure.gravatar.com\/avatar\/34aacffb2f10625483f480470f3274778dd1c183ba4f66444bb60ae92149bf8a?s=96&d=mm&r=g","caption":"Jo\u00e3o Pedro Azevedo"},"url":"https:\/\/rehagro.com.br\/blog\/author\/joao-pedro\/"}]}},"_links":{"self":[{"href":"https:\/\/rehagro.com.br\/blog\/wp-json\/wp\/v2\/posts\/39261","targetHints":{"allow":["GET"]}}],"collection":[{"href":"https:\/\/rehagro.com.br\/blog\/wp-json\/wp\/v2\/posts"}],"about":[{"href":"https:\/\/rehagro.com.br\/blog\/wp-json\/wp\/v2\/types\/post"}],"author":[{"embeddable":true,"href":"https:\/\/rehagro.com.br\/blog\/wp-json\/wp\/v2\/users\/21"}],"replies":[{"embeddable":true,"href":"https:\/\/rehagro.com.br\/blog\/wp-json\/wp\/v2\/comments?post=39261"}],"version-history":[{"count":7,"href":"https:\/\/rehagro.com.br\/blog\/wp-json\/wp\/v2\/posts\/39261\/revisions"}],"predecessor-version":[{"id":42132,"href":"https:\/\/rehagro.com.br\/blog\/wp-json\/wp\/v2\/posts\/39261\/revisions\/42132"}],"wp:featuredmedia":[{"embeddable":true,"href":"https:\/\/rehagro.com.br\/blog\/wp-json\/wp\/v2\/media\/39263"}],"wp:attachment":[{"href":"https:\/\/rehagro.com.br\/blog\/wp-json\/wp\/v2\/media?parent=39261"}],"wp:term":[{"taxonomy":"category","embeddable":true,"href":"https:\/\/rehagro.com.br\/blog\/wp-json\/wp\/v2\/categories?post=39261"},{"taxonomy":"post_tag","embeddable":true,"href":"https:\/\/rehagro.com.br\/blog\/wp-json\/wp\/v2\/tags?post=39261"}],"curies":[{"name":"wp","href":"https:\/\/api.w.org\/{rel}","templated":true}]}}