{"id":37319,"date":"2025-05-26T08:30:24","date_gmt":"2025-05-26T11:30:24","guid":{"rendered":"https:\/\/rehagro.com.br\/blog\/?p=37319"},"modified":"2026-04-07T17:38:03","modified_gmt":"2026-04-07T20:38:03","slug":"vacinacao-para-gado-de-corte","status":"publish","type":"post","link":"https:\/\/rehagro.com.br\/blog\/vacinacao-para-gado-de-corte\/","title":{"rendered":"Vacina\u00e7\u00e3o para gado de corte: como montar um calend\u00e1rio vacinal eficiente"},"content":{"rendered":"<p>A vacina\u00e7\u00e3o para gado de corte \u00e9 uma das estrat\u00e9gias mais relevantes para <strong>garantir produtividade, sustentabilidade e rentabilidade na pecu\u00e1ria brasileira<\/strong>. Em um cen\u00e1rio onde a competitividade exige excel\u00eancia em todos os elos da cadeia produtiva, a sa\u00fade do rebanho torna-se um fator determinante para o sucesso t\u00e9cnico e econ\u00f4mico da atividade.<\/p>\n<p>A gest\u00e3o sanit\u00e1ria bem conduzida, ancorada em um calend\u00e1rio vacinal para gado de corte estruturado, \u00e9 capaz de reduzir significativamente <strong>perdas por doen\u00e7as infecciosas, melhorar \u00edndices zoot\u00e9cnicos e aumentar a efici\u00eancia dos sistemas de produ\u00e7\u00e3o<\/strong>, seja em cria, recria ou termina\u00e7\u00e3o.<\/p>\n<p>Al\u00e9m disso, a vacina\u00e7\u00e3o desempenha um papel essencial no cumprimento de exig\u00eancias legais e comerciais, especialmente no contexto de rastreabilidade e acesso a mercados internos e internacionais. O Brasil, sendo um dos maiores exportadores de carne bovina do mundo, demanda um rebanho n\u00e3o apenas produtivo, mas tamb\u00e9m sanitariamente confi\u00e1vel.<\/p>\n<p>Por isso, mais do que cumprir um protocolo obrigat\u00f3rio, <strong>vacinar corretamente \u00e9 tomar decis\u00f5es t\u00e9cnicas baseadas em conhecimento aplicado.<\/strong> Este artigo tem como objetivo aprofundar esse tema, abordando desde os fundamentos imunol\u00f3gicos at\u00e9 a montagem de um calend\u00e1rio vacinal eficiente, passando por legisla\u00e7\u00f5es, desafios pr\u00e1ticos e pontos cr\u00edticos de aten\u00e7\u00e3o.<\/p>\n<div style=\"background-color: #efefef; padding-left: 10px; padding-right: 5px; border-radius: 10px;\">\n<p>&nbsp;<\/p>\n<p style=\"text-align: center;\"><strong><span style=\"font-size: 14pt;\">Sem tempo para ler agora? Baixe este artigo em PDF!<\/span><\/strong><\/p>\n<p><script charset=\"utf-8\" type=\"text\/javascript\" src=\"http:\/\/\/\/js.hsforms.net\/forms\/embed\/v2.js\"><\/script><br \/>\n<script>\nhbspt.forms.create({\nregion: \"na1\",\nportalId: \"5430441\",\nformId: \"f83e655b-67de-4fbe-b12a-88b7e9461712\"\n});\n<\/script><\/p>\n<\/div>\n<h2>Entendendo o sistema imunol\u00f3gico bovino<\/h2>\n<p>Compreender como funciona o sistema imunol\u00f3gico dos bovinos \u00e9 essencial para a constru\u00e7\u00e3o de programas vacinais eficazes.<\/p>\n<p>Essa compreens\u00e3o permite decis\u00f5es mais t\u00e9cnicas sobre quais vacinas aplicar, em que momento e com qual estrat\u00e9gia, respeitando as particularidades fisiol\u00f3gicas dos animais e o contexto sanit\u00e1rio da propriedade.<\/p>\n<h3>Como funciona a resposta imune dos bovinos<\/h3>\n<p>O sistema imunol\u00f3gico dos bovinos \u00e9 composto por uma <strong>complexa rede de c\u00e9lulas, \u00f3rg\u00e3os e mol\u00e9culas<\/strong> que atuam de forma coordenada para identificar e combater agentes patog\u00eanicos como v\u00edrus, bact\u00e9rias e protozo\u00e1rios. Essa resposta pode ser:<\/p>\n<ul>\n<li><strong>Inata (ou natural)<\/strong>: \u00e9 a primeira linha de defesa, presente desde o nascimento e que atua de forma r\u00e1pida, mas inespec\u00edfica.<\/li>\n<li><strong>Adaptativa (ou adquirida)<\/strong>: desenvolve-se ao longo do tempo e gera mem\u00f3ria imunol\u00f3gica. \u00c9 justamente essa mem\u00f3ria que a vacina\u00e7\u00e3o busca estimular, permitindo que o organismo reconhe\u00e7a e neutralize um agente agressor antes que ele cause dano cl\u00ednico.<\/li>\n<\/ul>\n<h3>Imunidade ativa vs. passiva: o que o gestor precisa saber<\/h3>\n<ul>\n<li><strong>Imunidade passiva<\/strong>: \u00e9 a prote\u00e7\u00e3o tempor\u00e1ria que o bezerro recebe atrav\u00e9s da ingest\u00e3o do colostro materno, nas primeiras horas de vida. \u00c9 fundamental que essa ingest\u00e3o ocorra em tempo h\u00e1bil, pois o intestino do bezerro perde gradualmente a capacidade de absorver imunoglobulinas ap\u00f3s 6 a 12 horas do parto.<\/li>\n<li><strong>Imunidade ativa<\/strong>: \u00e9 desenvolvida pelo pr\u00f3prio organismo do animal, seja ap\u00f3s exposi\u00e7\u00e3o natural a pat\u00f3genos ou por meio da vacina\u00e7\u00e3o. O protocolo vacinal visa justamente estimular essa resposta, de forma segura e controlada.<\/li>\n<\/ul>\n<p><strong>Um erro comum na pecu\u00e1ria de corte \u00e9 iniciar a vacina\u00e7\u00e3o sem garantir que o bezerro tenha recebido colostro de forma adequada<\/strong>, comprometendo a efic\u00e1cia das vacinas nas primeiras fases de vida.<\/p>\n<h3>Idade, desafio sanit\u00e1rio e manejo: fatores que influenciam a efic\u00e1cia vacinal<\/h3>\n<p>A efic\u00e1cia de uma vacina depende de uma s\u00e9rie de fatores, entre os quais se destacam:<\/p>\n<ol>\n<li><strong>Idade do animal<\/strong>: h\u00e1 momentos ideais para a vacina\u00e7\u00e3o. Por exemplo, a presen\u00e7a de anticorpos maternos (imunidade passiva) pode interferir negativamente na resposta \u00e0s vacinas, especialmente nas primeiras semanas de vida.<\/li>\n<li><strong>Condi\u00e7\u00f5es sanit\u00e1rias do ambiente<\/strong>: ambientes com alto desafio sanit\u00e1rio exigem maior aten\u00e7\u00e3o aos refor\u00e7os vacinais e ao intervalo entre doses.<\/li>\n<li><strong>Manejo e bem-estar<\/strong>: estresse, <strong><a href=\"https:\/\/rehagro.com.br\/blog\/transporte-de-gado\/\">transporte<\/a><\/strong>, jejum prolongado ou <strong><a href=\"https:\/\/rehagro.com.br\/blog\/controle-de-verminoses-em-bovinos-de-corte\/\">verminoses<\/a><\/strong> ativas podem suprimir a resposta imune, reduzindo a efic\u00e1cia da vacina\u00e7\u00e3o.<\/li>\n<\/ol>\n<p>Por isso, protocolos vacinais bem-sucedidos n\u00e3o dependem apenas da vacina em si, mas da qualidade do manejo, nutri\u00e7\u00e3o e condi\u00e7\u00e3o sanit\u00e1ria geral do rebanho.<\/p>\n<p><a href=\"https:\/\/conteudo.rehagro.com.br\/ebook-sanidade-gado-de-corte?utm_campaign=material-corte&amp;utm_source=ebook-sanidade-gado&amp;utm_medium=blog\" target=\"_blank\" rel=\"noopener\"><img loading=\"lazy\" decoding=\"async\" class=\"aligncenter wp-image-39640 size-full\" title=\"Clique e baixe o e-book gr\u00e1tis!\" src=\"https:\/\/rehagro.com.br\/blog\/wp-content\/uploads\/2025\/09\/banner-ebook-sanidade-gado-corte.png\" alt=\"E-book Sanidade do gado de corte\" width=\"980\" height=\"317\" srcset=\"https:\/\/rehagro.com.br\/blog\/wp-content\/uploads\/2025\/09\/banner-ebook-sanidade-gado-corte.png 980w, https:\/\/rehagro.com.br\/blog\/wp-content\/uploads\/2025\/09\/banner-ebook-sanidade-gado-corte-300x97.png 300w, https:\/\/rehagro.com.br\/blog\/wp-content\/uploads\/2025\/09\/banner-ebook-sanidade-gado-corte-768x248.png 768w, https:\/\/rehagro.com.br\/blog\/wp-content\/uploads\/2025\/09\/banner-ebook-sanidade-gado-corte-370x120.png 370w, https:\/\/rehagro.com.br\/blog\/wp-content\/uploads\/2025\/09\/banner-ebook-sanidade-gado-corte-270x87.png 270w, https:\/\/rehagro.com.br\/blog\/wp-content\/uploads\/2025\/09\/banner-ebook-sanidade-gado-corte-740x239.png 740w, https:\/\/rehagro.com.br\/blog\/wp-content\/uploads\/2025\/09\/banner-ebook-sanidade-gado-corte-150x49.png 150w\" sizes=\"auto, (max-width: 980px) 100vw, 980px\" \/><\/a><\/p>\n<h2>Principais desafios enfrentados na vacina\u00e7\u00e3o do gado de corte<\/h2>\n<p>Embora a vacina\u00e7\u00e3o seja uma pr\u00e1tica consolidada e amplamente recomendada na pecu\u00e1ria de corte, ainda existem <strong>obst\u00e1culos significativos<\/strong> que comprometem sua efic\u00e1cia.<\/p>\n<p>Estes desafios v\u00e3o desde quest\u00f5es t\u00e9cnicas at\u00e9 barreiras comportamentais e log\u00edsticas, impactando diretamente a sanidade do rebanho e, consequentemente, os resultados econ\u00f4micos da atividade.<\/p>\n<h3>Falhas vacinais: causas comuns e consequ\u00eancias<\/h3>\n<p>As falhas vacinais ocorrem quando, mesmo ap\u00f3s a aplica\u00e7\u00e3o correta de uma vacina, o animal n\u00e3o desenvolve a resposta imune esperada. Isso pode resultar em surtos de doen\u00e7as, mesmo em rebanhos aparentemente imunizados. As principais causas incluem:<\/p>\n<ul>\n<li>Aplica\u00e7\u00e3o de <strong>vacinas fora do prazo de validade<\/strong>;<\/li>\n<li>Uso de <strong>vacinas inadequadas para a regi\u00e3o<\/strong> ou para a fase de vida do animal;<\/li>\n<li><strong>Falhas na aplica\u00e7\u00e3o<\/strong> (volume errado, local inadequado, t\u00e9cnica incorreta);<\/li>\n<li>Animais imunossuprimidos ou com status nutricional comprometido;<\/li>\n<li><strong>Interfer\u00eancia por anticorpos maternos<\/strong>, principalmente em bezerras jovens.<\/li>\n<\/ul>\n<p>As consequ\u00eancias v\u00e3o al\u00e9m da sa\u00fade animal, comprometem a produtividade, aumentam os custos com tratamentos e podem resultar em perdas significativas de receita por morte ou descarte precoce.<\/p>\n<h3>Manejo incorreto de vacinas e conserva\u00e7\u00e3o inadequada<\/h3>\n<p>A <strong>cadeia de frio<\/strong> \u00e9 um dos pilares da efic\u00e1cia vacinal. Muitos insucessos est\u00e3o relacionados \u00e0 quebra da temperatura ideal de conserva\u00e7\u00e3o <strong>(geralmente entre 2\u00b0C e 8\u00b0C)<\/strong>, desde o transporte at\u00e9 o armazenamento e aplica\u00e7\u00e3o em campo.<\/p>\n<p>Erros comuns incluem:<\/p>\n<ul>\n<li>Armazenar vacinas em freezers (que congelam o conte\u00fado e inutilizam a vacina);<\/li>\n<li>Utiliza\u00e7\u00e3o de caixas t\u00e9rmicas sem gelo suficiente no campo;<\/li>\n<li>Reutiliza\u00e7\u00e3o de frascos abertos por mais de 24 horas;<\/li>\n<li>Exposi\u00e7\u00e3o prolongada ao sol durante o manejo.<\/li>\n<\/ul>\n<p>Vacinas mal conservadas perdem totalmente sua capacidade imunog\u00eanica, tornando o protocolo ineficaz, mesmo que aparentemente esteja sendo seguido.<\/p>\n<h3>Resist\u00eancia de produtores a investir em programas vacinais completos<\/h3>\n<p>Apesar de todos os benef\u00edcios comprovados, <strong>ainda h\u00e1 uma resist\u00eancia por parte de alguns produtores em adotar protocolos vacinais completos<\/strong>, principalmente quando envolvem refor\u00e7os ou imuniza\u00e7\u00f5es n\u00e3o obrigat\u00f3rias por lei.<\/p>\n<p>Essa resist\u00eancia \u00e9 geralmente motivada por:<\/p>\n<ul>\n<li>Custo percebido elevado em rela\u00e7\u00e3o ao benef\u00edcio imediato;<\/li>\n<li>Falta de conhecimento t\u00e9cnico sobre as doen\u00e7as que podem ser prevenidas;<\/li>\n<li>Falta de acompanhamento por um profissional habilitado, que possa orientar e justificar tecnicamente as decis\u00f5es sanit\u00e1rias.<\/li>\n<\/ul>\n<p>A aus\u00eancia de um programa vacinal estrat\u00e9gico abre espa\u00e7o para surtos evit\u00e1veis, perdas produtivas silenciosas (como redu\u00e7\u00e3o de <strong><a href=\"https:\/\/rehagro.com.br\/blog\/ganho-medio-diario-gmd\/\">GMD &#8211; ganho m\u00e9dio di\u00e1rio<\/a><\/strong>) e at\u00e9 barreiras para comercializa\u00e7\u00e3o em alguns mercados mais exigentes.<\/p>\n<p><a href=\"https:\/\/rehagro.com.br\/cursos\/pos-graduacao-em-producao-de-gado-de-corte?utm_campaign=mkt-materiais-pc&amp;utm_source=textos&amp;utm_medium=blog\" target=\"_blank\" rel=\"noopener\"><img loading=\"lazy\" decoding=\"async\" class=\"aligncenter wp-image-19698 size-full\" title=\"Clique e saiba mais sobre o curso!\" src=\"https:\/\/rehagro.com.br\/blog\/wp-content\/uploads\/2021\/08\/banner-pc.jpg\" alt=\"Banner P\u00f3s-gradua\u00e7\u00e3o em Produ\u00e7\u00e3o de Gado de Corte\" width=\"980\" height=\"317\" srcset=\"https:\/\/rehagro.com.br\/blog\/wp-content\/uploads\/2021\/08\/banner-pc.jpg 980w, https:\/\/rehagro.com.br\/blog\/wp-content\/uploads\/2021\/08\/banner-pc-300x97.jpg 300w, https:\/\/rehagro.com.br\/blog\/wp-content\/uploads\/2021\/08\/banner-pc-768x248.jpg 768w, https:\/\/rehagro.com.br\/blog\/wp-content\/uploads\/2021\/08\/banner-pc-370x120.jpg 370w, https:\/\/rehagro.com.br\/blog\/wp-content\/uploads\/2021\/08\/banner-pc-270x87.jpg 270w, https:\/\/rehagro.com.br\/blog\/wp-content\/uploads\/2021\/08\/banner-pc-740x239.jpg 740w, https:\/\/rehagro.com.br\/blog\/wp-content\/uploads\/2021\/08\/banner-pc-150x49.jpg 150w\" sizes=\"auto, (max-width: 980px) 100vw, 980px\" \/><\/a><\/p>\n<h2>O que diz a legisla\u00e7\u00e3o sobre vacina\u00e7\u00e3o obrigat\u00f3ria?<\/h2>\n<p>Al\u00e9m de ser uma pr\u00e1tica essencial para a sanidade animal e para a sustentabilidade dos sistemas produtivos, <strong>a vacina\u00e7\u00e3o do gado de corte tamb\u00e9m \u00e9 regida por legisla\u00e7\u00f5es federais e estaduais<\/strong>, que estabelecem protocolos obrigat\u00f3rios com o objetivo de proteger a sa\u00fade p\u00fablica e garantir a competitividade da pecu\u00e1ria nacional.<\/p>\n<h3>Normativas do MAPA e defesa sanit\u00e1ria estadual<\/h3>\n<p>O <strong>Minist\u00e9rio da Agricultura e Pecu\u00e1ria (MAPA)<\/strong> \u00e9 o \u00f3rg\u00e3o respons\u00e1vel por definir as diretrizes sanit\u00e1rias em \u00e2mbito nacional. No entanto, cada estado possui programas pr\u00f3prios de defesa sanit\u00e1ria animal, que seguem essas diretrizes mas podem adaptar datas e exig\u00eancias conforme o contexto epidemiol\u00f3gico local.<\/p>\n<p>\u00c9 fundamental que os profissionais e respons\u00e1veis t\u00e9cnicos estejam atentos aos calend\u00e1rios oficiais divulgados pelas Ag\u00eancias Estaduais de Defesa Sanit\u00e1ria, pois o descumprimento das datas e normas pode implicar em multas, interdi\u00e7\u00f5es de propriedades e restri\u00e7\u00f5es comerciais.<\/p>\n<p>Entre os programas de maior relev\u00e2ncia, destacam-se o <strong>Programa Nacional de Vigil\u00e2ncia para a Febre Aftosa (PNEFA)<\/strong> e o <strong>Programa Nacional de Controle e Erradica\u00e7\u00e3o da Brucelose e Tuberculose (PNCEBT)<\/strong>.<\/p>\n<h3>Vacinas obrigat\u00f3rias: febre aftosa, brucelose e outras<\/h3>\n<p>As vacinas de aplica\u00e7\u00e3o obrigat\u00f3ria variam conforme o status sanit\u00e1rio da regi\u00e3o. As principais s\u00e3o:<\/p>\n<ul>\n<li><strong><a href=\"https:\/\/rehagro.com.br\/blog\/febre-aftosa\/\">Febre aftosa<\/a><\/strong>: apesar da retirada progressiva da vacina\u00e7\u00e3o em estados com status de livre sem vacina\u00e7\u00e3o, <strong>ainda \u00e9 obrigat\u00f3ria em diversas regi\u00f5es<\/strong>. O calend\u00e1rio prev\u00ea campanhas em maio e novembro, com foco em bovinos e bubalinos at\u00e9 24 meses (ou todo o rebanho, dependendo da regi\u00e3o).<\/li>\n<li><strong>Brucelose<\/strong>: vacina\u00e7\u00e3o <strong>obrigat\u00f3ria para f\u00eameas bovinas<\/strong> e bubalinas de 3 a 8 meses, com vacina B19 (ou RB51, em casos especiais). Deve ser realizada exclusivamente por m\u00e9dico veterin\u00e1rio habilitado e registrada oficialmente.<\/li>\n<\/ul>\n<p>Outras vacinas podem ser obrigat\u00f3rias em situa\u00e7\u00f5es espec\u00edficas, como:<\/p>\n<ul>\n<li><strong>Raiva dos herb\u00edvoros<\/strong>, em zonas end\u00eamicas;<\/li>\n<li><strong>Clostridioses<\/strong>, quando h\u00e1 hist\u00f3rico da doen\u00e7a na regi\u00e3o;<\/li>\n<li><strong>Vacinas contra doen\u00e7as ex\u00f3ticas<\/strong>, sob orienta\u00e7\u00e3o de barreiras sanit\u00e1rias.<\/li>\n<\/ul>\n<h3>Riscos legais e san\u00e7\u00f5es por n\u00e3o vacinar corretamente<\/h3>\n<p>O descumprimento das exig\u00eancias legais relacionadas \u00e0 vacina\u00e7\u00e3o <strong>pode gerar implica\u00e7\u00f5es s\u00e9rias para o produtor ou respons\u00e1vel t\u00e9cnico<\/strong>, tais como:<\/p>\n<ul>\n<li>Notifica\u00e7\u00e3o e aplica\u00e7\u00e3o de multas administrativas;<\/li>\n<li>Impedimento de movimenta\u00e7\u00e3o animal, inclusive para venda ou transporte entre propriedades;<\/li>\n<li>Perda do status sanit\u00e1rio da fazenda, com reflexos na certifica\u00e7\u00e3o de rebanho e acesso a mercados;<\/li>\n<li>Em casos mais graves, interdi\u00e7\u00e3o da propriedade ou suspens\u00e3o de atividades comerciais.<\/li>\n<\/ul>\n<p>Al\u00e9m disso, vacinas obrigat\u00f3rias mal aplicadas, ou a aus\u00eancia de comprova\u00e7\u00e3o documental, podem inviabilizar a participa\u00e7\u00e3o em programas de rastreabilidade e exporta\u00e7\u00e3o.<\/p>\n<h2>Calend\u00e1rio vacinal para gado de corte: como montar um cronograma eficiente<\/h2>\n<p>A constru\u00e7\u00e3o de um calend\u00e1rio vacinal eficiente para o gado de corte n\u00e3o deve ser feita de forma padronizada ou com base apenas em datas fixas de campanha.<\/p>\n<p>Ela precisa considerar o <strong>ciclo produtivo da fazenda, a idade dos animais, o perfil epidemiol\u00f3gico da regi\u00e3o e as exig\u00eancias legais e comerciais<\/strong>. Um protocolo bem estruturado aumenta a efici\u00eancia dos manejos, reduz perdas por doen\u00e7as e contribui diretamente para a produtividade.<\/p>\n<h3>Etapas cr\u00edticas do ciclo produtivo e suas necessidades sanit\u00e1rias<\/h3>\n<p>Cada fase da produ\u00e7\u00e3o apresenta vulnerabilidades distintas e requer abordagens vacinais espec\u00edficas. Veja a seguir:<\/p>\n<h4>Nascimento a 2 meses<\/h4>\n<p>Foco na ingest\u00e3o adequada de colostro para transfer\u00eancia de imunidade passiva. Em regi\u00f5es end\u00eamicas, pode-se iniciar a vacina contra raiva ou clostridioses (com refor\u00e7o posterior).<\/p>\n<h4>3 a 8 meses (pr\u00e9-desmama)<\/h4>\n<p><strong>Vacina\u00e7\u00e3o obrigat\u00f3ria contra brucelose (f\u00eameas)<\/strong>. In\u00edcio de protocolo contra clostridioses, leptospirose e doen\u00e7as respirat\u00f3rias (como IBR e BVD). Em \u00e1reas de risco, considerar vacina contra aftosa, se ainda for exigida na regi\u00e3o.<\/p>\n<h4>Desmama (6 a 8 meses)<\/h4>\n<p>Refor\u00e7o das vacinas aplicadas no pr\u00e9-desmame. Introdu\u00e7\u00e3o de vacinas contra doen\u00e7as ent\u00e9ricas (como rotav\u00edrus e coronav\u00edrus, se for o caso). Monitorar vermifuga\u00e7\u00e3o e suporte nutricional, que interferem na resposta imune.<\/p>\n<h4>Recria e termina\u00e7\u00e3o (9 meses em diante)<\/h4>\n<p>Reaplica\u00e7\u00e3o (ou refor\u00e7o) contra leptospirose, clostridioses e complexo respirat\u00f3rio bovino. Vacinas comerciais podem ser ajustadas conforme hist\u00f3rico da propriedade e an\u00e1lise t\u00e9cnica. Avaliar protocolos espec\u00edficos para gado confinado, caso haja essa etapa. No caso do gado confinado, as vacinas respirat\u00f3rias s\u00e3o praticamente indispens\u00e1veis, \u00e9 preciso estar atento a mais essa vacina\u00e7\u00e3o).<\/p>\n<h3>Vacinas indicadas para cada fase<\/h3>\n<p>Segue um exemplo de como pode ser montado um calend\u00e1rio vacinal pr\u00e1tico, lembrando que ele deve ser ajustado por um m\u00e9dico veterin\u00e1rio respons\u00e1vel:<\/p>\n<p><img loading=\"lazy\" decoding=\"async\" class=\"aligncenter size-full wp-image-37321\" src=\"https:\/\/rehagro.com.br\/blog\/wp-content\/uploads\/2025\/04\/tabela-vacinas-gado.png\" alt=\"Tabela com vacinas indicadas para cada fase do gado\" width=\"715\" height=\"314\" srcset=\"https:\/\/rehagro.com.br\/blog\/wp-content\/uploads\/2025\/04\/tabela-vacinas-gado.png 715w, https:\/\/rehagro.com.br\/blog\/wp-content\/uploads\/2025\/04\/tabela-vacinas-gado-300x132.png 300w, https:\/\/rehagro.com.br\/blog\/wp-content\/uploads\/2025\/04\/tabela-vacinas-gado-370x162.png 370w, https:\/\/rehagro.com.br\/blog\/wp-content\/uploads\/2025\/04\/tabela-vacinas-gado-270x119.png 270w, https:\/\/rehagro.com.br\/blog\/wp-content\/uploads\/2025\/04\/tabela-vacinas-gado-150x66.png 150w\" sizes=\"auto, (max-width: 715px) 100vw, 715px\" \/><\/p>\n<h3>Doses, refor\u00e7os e per\u00edodos ideais: como planejar corretamente<\/h3>\n<p>Para cada vacina aplicada, \u00e9 essencial observar:<\/p>\n<ul>\n<li><strong>Dose correta por via<\/strong> (subcut\u00e2nea ou intramuscular), conforme indicado pelo fabricante;<\/li>\n<li><strong>Intervalo para o refor\u00e7o<\/strong> (geralmente 21 a 30 dias ap\u00f3s a primeira dose);<\/li>\n<li><strong>Reaplica\u00e7\u00e3o anual ou semestral<\/strong>, de acordo com o desafio sanit\u00e1rio e o tipo de vacina;<\/li>\n<li><strong>Per\u00edodo de car\u00eancia<\/strong>, importante especialmente em animais pr\u00f3ximos do abate.<\/li>\n<\/ul>\n<p>Al\u00e9m disso, registrar cada vacina\u00e7\u00e3o com data, lote da vacina e respons\u00e1vel t\u00e9cnico \u00e9 uma exig\u00eancia legal e uma boa pr\u00e1tica de gest\u00e3o sanit\u00e1ria.<\/p>\n<h2>Conclus\u00e3o<\/h2>\n<p>A vacina\u00e7\u00e3o para gado de corte deve ser encarada como um <strong>investimento estrat\u00e9gico e n\u00e3o apenas uma obriga\u00e7\u00e3o legal<\/strong>. Quando bem planejado e executado, um protocolo vacinal reduz drasticamente os riscos sanit\u00e1rios, melhora os \u00edndices produtivos e protege economicamente a propriedade contra perdas evit\u00e1veis.<\/p>\n<p>Vacinar corretamente n\u00e3o se limita \u00e0 aplica\u00e7\u00e3o de uma dose: envolve log\u00edstica, capacita\u00e7\u00e3o, controle de qualidade e, acima de tudo, decis\u00e3o t\u00e9cnica baseada em evid\u00eancias e boas pr\u00e1ticas. O acompanhamento por um <strong><a href=\"https:\/\/rehagro.com.br\/blog\/veterinarios-e-zootecnistas-na-pecuaria-de-corte\/\">m\u00e9dico veterin\u00e1rio<\/a><\/strong> habilitado \u00e9 essencial para garantir a efic\u00e1cia e a rastreabilidade do processo.<\/p>\n<h2>A sanidade do rebanho come\u00e7a com quem entende de produ\u00e7\u00e3o!<\/h2>\n<p>Vacinar corretamente \u00e9 apenas uma das muitas decis\u00f5es estrat\u00e9gicas que impactam a produtividade e a lucratividade na pecu\u00e1ria de corte. Se voc\u00ea quer ir al\u00e9m do b\u00e1sico e dominar todos os pilares da produ\u00e7\u00e3o, est\u00e1 na hora de investir na sua forma\u00e7\u00e3o.<\/p>\n<p>A <strong><a href=\"https:\/\/rehagro.com.br\/cursos\/pos-graduacao-em-producao-de-gado-de-corte?utm_campaign=mkt-materiais-pc&amp;utm_source=textos&amp;utm_medium=blog\">P\u00f3s-gradua\u00e7\u00e3o em Produ\u00e7\u00e3o de Gado de Corte<\/a><\/strong> do Rehagro foi feita para profissionais que buscam conhecimento t\u00e9cnico aplicado \u00e0 realidade do campo, com foco em resultados reais.<\/p>\n<p>Eleve o n\u00edvel do seu trabalho no campo e conquiste mais produtividade!<\/p>\n<p><a href=\"https:\/\/rehagro.com.br\/cursos\/pos-graduacao-em-producao-de-gado-de-corte?utm_campaign=mkt-materiais-pc&amp;utm_source=textos&amp;utm_medium=blog\" target=\"_blank\" rel=\"noopener\"><img loading=\"lazy\" decoding=\"async\" class=\"aligncenter wp-image-19698 size-full\" title=\"Clique e saiba mais sobre o curso!\" src=\"https:\/\/rehagro.com.br\/blog\/wp-content\/uploads\/2021\/08\/banner-pc.jpg\" alt=\"Banner P\u00f3s-gradua\u00e7\u00e3o em Produ\u00e7\u00e3o de Gado de Corte\" width=\"980\" height=\"317\" srcset=\"https:\/\/rehagro.com.br\/blog\/wp-content\/uploads\/2021\/08\/banner-pc.jpg 980w, https:\/\/rehagro.com.br\/blog\/wp-content\/uploads\/2021\/08\/banner-pc-300x97.jpg 300w, https:\/\/rehagro.com.br\/blog\/wp-content\/uploads\/2021\/08\/banner-pc-768x248.jpg 768w, https:\/\/rehagro.com.br\/blog\/wp-content\/uploads\/2021\/08\/banner-pc-370x120.jpg 370w, https:\/\/rehagro.com.br\/blog\/wp-content\/uploads\/2021\/08\/banner-pc-270x87.jpg 270w, https:\/\/rehagro.com.br\/blog\/wp-content\/uploads\/2021\/08\/banner-pc-740x239.jpg 740w, https:\/\/rehagro.com.br\/blog\/wp-content\/uploads\/2021\/08\/banner-pc-150x49.jpg 150w\" sizes=\"auto, (max-width: 980px) 100vw, 980px\" \/><\/a><\/p>\n<p>Texto produzido pela Equipe Corte Rehagro.<\/p>\n","protected":false},"excerpt":{"rendered":"<p>A vacina\u00e7\u00e3o para gado de corte \u00e9 uma das estrat\u00e9gias mais relevantes para garantir produtividade, sustentabilidade e rentabilidade na pecu\u00e1ria brasileira. Em um cen\u00e1rio onde a competitividade exige excel\u00eancia em todos os elos da cadeia produtiva, a sa\u00fade do rebanho torna-se um fator determinante para o sucesso t\u00e9cnico e econ\u00f4mico da atividade. A gest\u00e3o sanit\u00e1ria [&hellip;]<\/p>\n","protected":false},"author":21,"featured_media":37323,"comment_status":"open","ping_status":"open","sticky":false,"template":"","format":"standard","meta":{"footnotes":""},"categories":[212],"tags":[716,559,911],"class_list":["post-37319","post","type-post","status-publish","format-standard","has-post-thumbnail","hentry","category-corte","tag-gado-de-corte","tag-sanidade","tag-vacina"],"yoast_head":"<!-- This site is optimized with the Yoast SEO plugin v27.4 - https:\/\/yoast.com\/product\/yoast-seo-wordpress\/ -->\n<title>Guia pr\u00e1tico de vacina\u00e7\u00e3o do gado de corte: o que, quando e como vacinar<\/title>\n<meta name=\"description\" content=\"Saiba quais vacinas s\u00e3o obrigat\u00f3rias para o gado de corte, os per\u00edodos ideais de aplica\u00e7\u00e3o e como manter o calend\u00e1rio sanit\u00e1rio em dia.\" \/>\n<meta name=\"robots\" content=\"index, follow, max-snippet:-1, max-image-preview:large, max-video-preview:-1\" \/>\n<link rel=\"canonical\" href=\"https:\/\/rehagro.com.br\/blog\/vacinacao-para-gado-de-corte\/\" \/>\n<meta property=\"og:locale\" content=\"pt_BR\" \/>\n<meta property=\"og:type\" content=\"article\" \/>\n<meta property=\"og:title\" content=\"Guia pr\u00e1tico de vacina\u00e7\u00e3o do gado de corte: o que, quando e como vacinar\" \/>\n<meta property=\"og:description\" content=\"Saiba quais vacinas s\u00e3o obrigat\u00f3rias para o gado de corte, os per\u00edodos ideais de aplica\u00e7\u00e3o e como manter o calend\u00e1rio sanit\u00e1rio em dia.\" \/>\n<meta property=\"og:url\" content=\"https:\/\/rehagro.com.br\/blog\/vacinacao-para-gado-de-corte\/\" \/>\n<meta property=\"og:site_name\" content=\"Rehagro Blog\" \/>\n<meta property=\"article:published_time\" content=\"2025-05-26T11:30:24+00:00\" \/>\n<meta property=\"article:modified_time\" content=\"2026-04-07T20:38:03+00:00\" \/>\n<meta property=\"og:image\" content=\"https:\/\/rehagro.com.br\/blog\/wp-content\/uploads\/2025\/04\/capa-vacinacao-gado-corte.jpg\" \/>\n\t<meta property=\"og:image:width\" content=\"1080\" \/>\n\t<meta property=\"og:image:height\" content=\"720\" \/>\n\t<meta property=\"og:image:type\" content=\"image\/jpeg\" \/>\n<meta name=\"author\" content=\"Jo\u00e3o Pedro Azevedo\" \/>\n<meta name=\"twitter:card\" content=\"summary_large_image\" \/>\n<meta name=\"twitter:label1\" content=\"Escrito por\" \/>\n\t<meta name=\"twitter:data1\" content=\"Jo\u00e3o Pedro Azevedo\" \/>\n\t<meta name=\"twitter:label2\" content=\"Est. tempo de leitura\" \/>\n\t<meta name=\"twitter:data2\" content=\"12 minutos\" \/>\n<script type=\"application\/ld+json\" class=\"yoast-schema-graph\">{\"@context\":\"https:\\\/\\\/schema.org\",\"@graph\":[{\"@type\":\"Article\",\"@id\":\"https:\\\/\\\/rehagro.com.br\\\/blog\\\/vacinacao-para-gado-de-corte\\\/#article\",\"isPartOf\":{\"@id\":\"https:\\\/\\\/rehagro.com.br\\\/blog\\\/vacinacao-para-gado-de-corte\\\/\"},\"author\":{\"name\":\"Jo\u00e3o Pedro Azevedo\",\"@id\":\"https:\\\/\\\/rehagro.com.br\\\/blog\\\/#\\\/schema\\\/person\\\/f2d1ae51b04939615ceebb3c0bfd8a94\"},\"headline\":\"Vacina\u00e7\u00e3o para gado de corte: como montar um calend\u00e1rio vacinal eficiente\",\"datePublished\":\"2025-05-26T11:30:24+00:00\",\"dateModified\":\"2026-04-07T20:38:03+00:00\",\"mainEntityOfPage\":{\"@id\":\"https:\\\/\\\/rehagro.com.br\\\/blog\\\/vacinacao-para-gado-de-corte\\\/\"},\"wordCount\":2264,\"commentCount\":1,\"publisher\":{\"@id\":\"https:\\\/\\\/rehagro.com.br\\\/blog\\\/#organization\"},\"image\":{\"@id\":\"https:\\\/\\\/rehagro.com.br\\\/blog\\\/vacinacao-para-gado-de-corte\\\/#primaryimage\"},\"thumbnailUrl\":\"https:\\\/\\\/rehagro.com.br\\\/blog\\\/wp-content\\\/uploads\\\/2025\\\/04\\\/capa-vacinacao-gado-corte.jpg\",\"keywords\":[\"gado de corte\",\"sanidade\",\"vacina\"],\"articleSection\":[\"CORTE\"],\"inLanguage\":\"pt-BR\",\"potentialAction\":[{\"@type\":\"CommentAction\",\"name\":\"Comment\",\"target\":[\"https:\\\/\\\/rehagro.com.br\\\/blog\\\/vacinacao-para-gado-de-corte\\\/#respond\"]}]},{\"@type\":\"WebPage\",\"@id\":\"https:\\\/\\\/rehagro.com.br\\\/blog\\\/vacinacao-para-gado-de-corte\\\/\",\"url\":\"https:\\\/\\\/rehagro.com.br\\\/blog\\\/vacinacao-para-gado-de-corte\\\/\",\"name\":\"Guia pr\u00e1tico de vacina\u00e7\u00e3o do gado de corte: o que, quando e como vacinar\",\"isPartOf\":{\"@id\":\"https:\\\/\\\/rehagro.com.br\\\/blog\\\/#website\"},\"primaryImageOfPage\":{\"@id\":\"https:\\\/\\\/rehagro.com.br\\\/blog\\\/vacinacao-para-gado-de-corte\\\/#primaryimage\"},\"image\":{\"@id\":\"https:\\\/\\\/rehagro.com.br\\\/blog\\\/vacinacao-para-gado-de-corte\\\/#primaryimage\"},\"thumbnailUrl\":\"https:\\\/\\\/rehagro.com.br\\\/blog\\\/wp-content\\\/uploads\\\/2025\\\/04\\\/capa-vacinacao-gado-corte.jpg\",\"datePublished\":\"2025-05-26T11:30:24+00:00\",\"dateModified\":\"2026-04-07T20:38:03+00:00\",\"description\":\"Saiba quais vacinas s\u00e3o obrigat\u00f3rias para o gado de corte, os per\u00edodos ideais de aplica\u00e7\u00e3o e como manter o calend\u00e1rio sanit\u00e1rio em dia.\",\"breadcrumb\":{\"@id\":\"https:\\\/\\\/rehagro.com.br\\\/blog\\\/vacinacao-para-gado-de-corte\\\/#breadcrumb\"},\"inLanguage\":\"pt-BR\",\"potentialAction\":[{\"@type\":\"ReadAction\",\"target\":[\"https:\\\/\\\/rehagro.com.br\\\/blog\\\/vacinacao-para-gado-de-corte\\\/\"]}]},{\"@type\":\"ImageObject\",\"inLanguage\":\"pt-BR\",\"@id\":\"https:\\\/\\\/rehagro.com.br\\\/blog\\\/vacinacao-para-gado-de-corte\\\/#primaryimage\",\"url\":\"https:\\\/\\\/rehagro.com.br\\\/blog\\\/wp-content\\\/uploads\\\/2025\\\/04\\\/capa-vacinacao-gado-corte.jpg\",\"contentUrl\":\"https:\\\/\\\/rehagro.com.br\\\/blog\\\/wp-content\\\/uploads\\\/2025\\\/04\\\/capa-vacinacao-gado-corte.jpg\",\"width\":1080,\"height\":720,\"caption\":\"Gado de corte em uma pastagem\"},{\"@type\":\"BreadcrumbList\",\"@id\":\"https:\\\/\\\/rehagro.com.br\\\/blog\\\/vacinacao-para-gado-de-corte\\\/#breadcrumb\",\"itemListElement\":[{\"@type\":\"ListItem\",\"position\":1,\"name\":\"In\u00edcio\",\"item\":\"https:\\\/\\\/rehagro.com.br\\\/blog\\\/\"},{\"@type\":\"ListItem\",\"position\":2,\"name\":\"Vacina\u00e7\u00e3o para gado de corte: como montar um calend\u00e1rio vacinal eficiente\"}]},{\"@type\":\"WebSite\",\"@id\":\"https:\\\/\\\/rehagro.com.br\\\/blog\\\/#website\",\"url\":\"https:\\\/\\\/rehagro.com.br\\\/blog\\\/\",\"name\":\"Rehagro Blog\",\"description\":\"\",\"publisher\":{\"@id\":\"https:\\\/\\\/rehagro.com.br\\\/blog\\\/#organization\"},\"potentialAction\":[{\"@type\":\"SearchAction\",\"target\":{\"@type\":\"EntryPoint\",\"urlTemplate\":\"https:\\\/\\\/rehagro.com.br\\\/blog\\\/?s={search_term_string}\"},\"query-input\":{\"@type\":\"PropertyValueSpecification\",\"valueRequired\":true,\"valueName\":\"search_term_string\"}}],\"inLanguage\":\"pt-BR\"},{\"@type\":\"Organization\",\"@id\":\"https:\\\/\\\/rehagro.com.br\\\/blog\\\/#organization\",\"name\":\"Rehagro\",\"url\":\"https:\\\/\\\/rehagro.com.br\\\/blog\\\/\",\"logo\":{\"@type\":\"ImageObject\",\"inLanguage\":\"pt-BR\",\"@id\":\"https:\\\/\\\/rehagro.com.br\\\/blog\\\/#\\\/schema\\\/logo\\\/image\\\/\",\"url\":\"https:\\\/\\\/rehagro.com.br\\\/blog\\\/wp-content\\\/uploads\\\/2018\\\/05\\\/logo-rehagro.png\",\"contentUrl\":\"https:\\\/\\\/rehagro.com.br\\\/blog\\\/wp-content\\\/uploads\\\/2018\\\/05\\\/logo-rehagro.png\",\"width\":400,\"height\":115,\"caption\":\"Rehagro\"},\"image\":{\"@id\":\"https:\\\/\\\/rehagro.com.br\\\/blog\\\/#\\\/schema\\\/logo\\\/image\\\/\"}},{\"@type\":\"Person\",\"@id\":\"https:\\\/\\\/rehagro.com.br\\\/blog\\\/#\\\/schema\\\/person\\\/f2d1ae51b04939615ceebb3c0bfd8a94\",\"name\":\"Jo\u00e3o Pedro Azevedo\",\"image\":{\"@type\":\"ImageObject\",\"inLanguage\":\"pt-BR\",\"@id\":\"https:\\\/\\\/secure.gravatar.com\\\/avatar\\\/34aacffb2f10625483f480470f3274778dd1c183ba4f66444bb60ae92149bf8a?s=96&d=mm&r=g\",\"url\":\"https:\\\/\\\/secure.gravatar.com\\\/avatar\\\/34aacffb2f10625483f480470f3274778dd1c183ba4f66444bb60ae92149bf8a?s=96&d=mm&r=g\",\"contentUrl\":\"https:\\\/\\\/secure.gravatar.com\\\/avatar\\\/34aacffb2f10625483f480470f3274778dd1c183ba4f66444bb60ae92149bf8a?s=96&d=mm&r=g\",\"caption\":\"Jo\u00e3o Pedro Azevedo\"},\"url\":\"https:\\\/\\\/rehagro.com.br\\\/blog\\\/author\\\/joao-pedro\\\/\"}]}<\/script>\n<!-- \/ Yoast SEO plugin. -->","yoast_head_json":{"title":"Guia pr\u00e1tico de vacina\u00e7\u00e3o do gado de corte: o que, quando e como vacinar","description":"Saiba quais vacinas s\u00e3o obrigat\u00f3rias para o gado de corte, os per\u00edodos ideais de aplica\u00e7\u00e3o e como manter o calend\u00e1rio sanit\u00e1rio em dia.","robots":{"index":"index","follow":"follow","max-snippet":"max-snippet:-1","max-image-preview":"max-image-preview:large","max-video-preview":"max-video-preview:-1"},"canonical":"https:\/\/rehagro.com.br\/blog\/vacinacao-para-gado-de-corte\/","og_locale":"pt_BR","og_type":"article","og_title":"Guia pr\u00e1tico de vacina\u00e7\u00e3o do gado de corte: o que, quando e como vacinar","og_description":"Saiba quais vacinas s\u00e3o obrigat\u00f3rias para o gado de corte, os per\u00edodos ideais de aplica\u00e7\u00e3o e como manter o calend\u00e1rio sanit\u00e1rio em dia.","og_url":"https:\/\/rehagro.com.br\/blog\/vacinacao-para-gado-de-corte\/","og_site_name":"Rehagro Blog","article_published_time":"2025-05-26T11:30:24+00:00","article_modified_time":"2026-04-07T20:38:03+00:00","og_image":[{"width":1080,"height":720,"url":"https:\/\/rehagro.com.br\/blog\/wp-content\/uploads\/2025\/04\/capa-vacinacao-gado-corte.jpg","type":"image\/jpeg"}],"author":"Jo\u00e3o Pedro Azevedo","twitter_card":"summary_large_image","twitter_misc":{"Escrito por":"Jo\u00e3o Pedro Azevedo","Est. tempo de leitura":"12 minutos"},"schema":{"@context":"https:\/\/schema.org","@graph":[{"@type":"Article","@id":"https:\/\/rehagro.com.br\/blog\/vacinacao-para-gado-de-corte\/#article","isPartOf":{"@id":"https:\/\/rehagro.com.br\/blog\/vacinacao-para-gado-de-corte\/"},"author":{"name":"Jo\u00e3o Pedro Azevedo","@id":"https:\/\/rehagro.com.br\/blog\/#\/schema\/person\/f2d1ae51b04939615ceebb3c0bfd8a94"},"headline":"Vacina\u00e7\u00e3o para gado de corte: como montar um calend\u00e1rio vacinal eficiente","datePublished":"2025-05-26T11:30:24+00:00","dateModified":"2026-04-07T20:38:03+00:00","mainEntityOfPage":{"@id":"https:\/\/rehagro.com.br\/blog\/vacinacao-para-gado-de-corte\/"},"wordCount":2264,"commentCount":1,"publisher":{"@id":"https:\/\/rehagro.com.br\/blog\/#organization"},"image":{"@id":"https:\/\/rehagro.com.br\/blog\/vacinacao-para-gado-de-corte\/#primaryimage"},"thumbnailUrl":"https:\/\/rehagro.com.br\/blog\/wp-content\/uploads\/2025\/04\/capa-vacinacao-gado-corte.jpg","keywords":["gado de corte","sanidade","vacina"],"articleSection":["CORTE"],"inLanguage":"pt-BR","potentialAction":[{"@type":"CommentAction","name":"Comment","target":["https:\/\/rehagro.com.br\/blog\/vacinacao-para-gado-de-corte\/#respond"]}]},{"@type":"WebPage","@id":"https:\/\/rehagro.com.br\/blog\/vacinacao-para-gado-de-corte\/","url":"https:\/\/rehagro.com.br\/blog\/vacinacao-para-gado-de-corte\/","name":"Guia pr\u00e1tico de vacina\u00e7\u00e3o do gado de corte: o que, quando e como vacinar","isPartOf":{"@id":"https:\/\/rehagro.com.br\/blog\/#website"},"primaryImageOfPage":{"@id":"https:\/\/rehagro.com.br\/blog\/vacinacao-para-gado-de-corte\/#primaryimage"},"image":{"@id":"https:\/\/rehagro.com.br\/blog\/vacinacao-para-gado-de-corte\/#primaryimage"},"thumbnailUrl":"https:\/\/rehagro.com.br\/blog\/wp-content\/uploads\/2025\/04\/capa-vacinacao-gado-corte.jpg","datePublished":"2025-05-26T11:30:24+00:00","dateModified":"2026-04-07T20:38:03+00:00","description":"Saiba quais vacinas s\u00e3o obrigat\u00f3rias para o gado de corte, os per\u00edodos ideais de aplica\u00e7\u00e3o e como manter o calend\u00e1rio sanit\u00e1rio em dia.","breadcrumb":{"@id":"https:\/\/rehagro.com.br\/blog\/vacinacao-para-gado-de-corte\/#breadcrumb"},"inLanguage":"pt-BR","potentialAction":[{"@type":"ReadAction","target":["https:\/\/rehagro.com.br\/blog\/vacinacao-para-gado-de-corte\/"]}]},{"@type":"ImageObject","inLanguage":"pt-BR","@id":"https:\/\/rehagro.com.br\/blog\/vacinacao-para-gado-de-corte\/#primaryimage","url":"https:\/\/rehagro.com.br\/blog\/wp-content\/uploads\/2025\/04\/capa-vacinacao-gado-corte.jpg","contentUrl":"https:\/\/rehagro.com.br\/blog\/wp-content\/uploads\/2025\/04\/capa-vacinacao-gado-corte.jpg","width":1080,"height":720,"caption":"Gado de corte em uma pastagem"},{"@type":"BreadcrumbList","@id":"https:\/\/rehagro.com.br\/blog\/vacinacao-para-gado-de-corte\/#breadcrumb","itemListElement":[{"@type":"ListItem","position":1,"name":"In\u00edcio","item":"https:\/\/rehagro.com.br\/blog\/"},{"@type":"ListItem","position":2,"name":"Vacina\u00e7\u00e3o para gado de corte: como montar um calend\u00e1rio vacinal eficiente"}]},{"@type":"WebSite","@id":"https:\/\/rehagro.com.br\/blog\/#website","url":"https:\/\/rehagro.com.br\/blog\/","name":"Rehagro Blog","description":"","publisher":{"@id":"https:\/\/rehagro.com.br\/blog\/#organization"},"potentialAction":[{"@type":"SearchAction","target":{"@type":"EntryPoint","urlTemplate":"https:\/\/rehagro.com.br\/blog\/?s={search_term_string}"},"query-input":{"@type":"PropertyValueSpecification","valueRequired":true,"valueName":"search_term_string"}}],"inLanguage":"pt-BR"},{"@type":"Organization","@id":"https:\/\/rehagro.com.br\/blog\/#organization","name":"Rehagro","url":"https:\/\/rehagro.com.br\/blog\/","logo":{"@type":"ImageObject","inLanguage":"pt-BR","@id":"https:\/\/rehagro.com.br\/blog\/#\/schema\/logo\/image\/","url":"https:\/\/rehagro.com.br\/blog\/wp-content\/uploads\/2018\/05\/logo-rehagro.png","contentUrl":"https:\/\/rehagro.com.br\/blog\/wp-content\/uploads\/2018\/05\/logo-rehagro.png","width":400,"height":115,"caption":"Rehagro"},"image":{"@id":"https:\/\/rehagro.com.br\/blog\/#\/schema\/logo\/image\/"}},{"@type":"Person","@id":"https:\/\/rehagro.com.br\/blog\/#\/schema\/person\/f2d1ae51b04939615ceebb3c0bfd8a94","name":"Jo\u00e3o Pedro Azevedo","image":{"@type":"ImageObject","inLanguage":"pt-BR","@id":"https:\/\/secure.gravatar.com\/avatar\/34aacffb2f10625483f480470f3274778dd1c183ba4f66444bb60ae92149bf8a?s=96&d=mm&r=g","url":"https:\/\/secure.gravatar.com\/avatar\/34aacffb2f10625483f480470f3274778dd1c183ba4f66444bb60ae92149bf8a?s=96&d=mm&r=g","contentUrl":"https:\/\/secure.gravatar.com\/avatar\/34aacffb2f10625483f480470f3274778dd1c183ba4f66444bb60ae92149bf8a?s=96&d=mm&r=g","caption":"Jo\u00e3o Pedro Azevedo"},"url":"https:\/\/rehagro.com.br\/blog\/author\/joao-pedro\/"}]}},"_links":{"self":[{"href":"https:\/\/rehagro.com.br\/blog\/wp-json\/wp\/v2\/posts\/37319","targetHints":{"allow":["GET"]}}],"collection":[{"href":"https:\/\/rehagro.com.br\/blog\/wp-json\/wp\/v2\/posts"}],"about":[{"href":"https:\/\/rehagro.com.br\/blog\/wp-json\/wp\/v2\/types\/post"}],"author":[{"embeddable":true,"href":"https:\/\/rehagro.com.br\/blog\/wp-json\/wp\/v2\/users\/21"}],"replies":[{"embeddable":true,"href":"https:\/\/rehagro.com.br\/blog\/wp-json\/wp\/v2\/comments?post=37319"}],"version-history":[{"count":11,"href":"https:\/\/rehagro.com.br\/blog\/wp-json\/wp\/v2\/posts\/37319\/revisions"}],"predecessor-version":[{"id":42114,"href":"https:\/\/rehagro.com.br\/blog\/wp-json\/wp\/v2\/posts\/37319\/revisions\/42114"}],"wp:featuredmedia":[{"embeddable":true,"href":"https:\/\/rehagro.com.br\/blog\/wp-json\/wp\/v2\/media\/37323"}],"wp:attachment":[{"href":"https:\/\/rehagro.com.br\/blog\/wp-json\/wp\/v2\/media?parent=37319"}],"wp:term":[{"taxonomy":"category","embeddable":true,"href":"https:\/\/rehagro.com.br\/blog\/wp-json\/wp\/v2\/categories?post=37319"},{"taxonomy":"post_tag","embeddable":true,"href":"https:\/\/rehagro.com.br\/blog\/wp-json\/wp\/v2\/tags?post=37319"}],"curies":[{"name":"wp","href":"https:\/\/api.w.org\/{rel}","templated":true}]}}