{"id":36942,"date":"2025-03-17T08:30:05","date_gmt":"2025-03-17T11:30:05","guid":{"rendered":"https:\/\/rehagro.com.br\/blog\/?p=36942"},"modified":"2026-04-07T19:51:11","modified_gmt":"2026-04-07T22:51:11","slug":"bienalidade-do-cafe-entenda-o-ciclo-produtivo-e-suas-implicacoes","status":"publish","type":"post","link":"https:\/\/rehagro.com.br\/blog\/bienalidade-do-cafe-entenda-o-ciclo-produtivo-e-suas-implicacoes\/","title":{"rendered":"Bienalidade do caf\u00e9: entenda o ciclo produtivo e suas implica\u00e7\u00f5es"},"content":{"rendered":"<p>Se voc\u00ea \u00e9 um produtor de caf\u00e9 ou um entusiasta da cafeicultura, certamente j\u00e1 se deparou com o termo &#8220;<strong>bienalidade do caf\u00e9<\/strong>&#8220;. Esse fen\u00f4meno natural caracteriza-se na altern\u00e2ncia produtiva entre safras, impactando diretamente o <strong>planejamento financeiro e as estrat\u00e9gias de manejo da lavoura<\/strong>.<\/p>\n<h2>O que \u00e9 a bienalidade do caf\u00e9?<\/h2>\n<p>A bienalidade do caf\u00e9 refere-se a um fen\u00f4meno que resulta na <strong>altern\u00e2ncia entre anos de alta e baixa produ\u00e7\u00e3o de frutos<\/strong>. Isso significa que, em um ano, as plantas podem produzir uma quantidade significativa de frutos (alta produ\u00e7\u00e3o), seguido por um ano de produ\u00e7\u00e3o reduzida (baixa produ\u00e7\u00e3o).<\/p>\n<p>Embora essa caracter\u00edstica seja observada em diversas <strong><a href=\"https:\/\/rehagro.com.br\/blog\/cultivares-de-cafe-qual-escolher\/\">variedades de caf\u00e9<\/a><\/strong>, ela se destaca especialmente na <i>Coffea arabica<\/i>. Embora tamb\u00e9m ocorra em <strong><a href=\"https:\/\/rehagro.com.br\/blog\/diferencas-das-especies-coffea-arabica-e-coffea-canephora-2\/\"><i>Coffea canephora<\/i><\/a><\/strong>, seu efeito \u00e9 menos pronunciado, uma vez que o manejo de podas contribui para equilibrar a produ\u00e7\u00e3o.<\/p>\n<div style=\"background-color: #efefef; padding-left: 10px; padding-right: 5px; border-radius: 10px;\">\n<p>&nbsp;<\/p>\n<p style=\"text-align: center;\"><strong><span style=\"font-size: 14pt;\">Sem tempo para ler agora? Baixe este artigo em PDF!<\/span><\/strong><\/p>\n<p><script charset=\"utf-8\" type=\"text\/javascript\" src=\"\/\/js.hsforms.net\/forms\/embed\/v2.js\"><\/script><br \/>\n<script>\nhbspt.forms.create({\nregion: \"na1\",\nportalId: \"5430441\",\nformId: \"7dcaf60d-0e23-40ed-8b40-9b8cb07b4128\"\n});\n<\/script><\/p>\n<\/div>\n<h2>Como funciona o ciclo produtivo?<\/h2>\n<h3>1. Ano de alta produ\u00e7\u00e3o<\/h3>\n<p>Durante o ano de alta produ\u00e7\u00e3o, as plantas de caf\u00e9 atingem seu <strong>vigor m\u00e1ximo e um metabolismo acelerado<\/strong>, direcionando grande parte da energia para a forma\u00e7\u00e3o dos frutos. Como resultado, os frutos atuam como drenos fortes de fotoassimilados, consumindo mais recursos do que as folhas e outros \u00f3rg\u00e3os vegetativos.<\/p>\n<p>Esse <strong>intenso direcionamento de nutrientes<\/strong> pode levar a uma distribui\u00e7\u00e3o desigual dentro da planta, causando um <strong>desgaste fisiol\u00f3gico<\/strong> que compromete sua recupera\u00e7\u00e3o para o ciclo seguinte.<\/p>\n<h3>2. Ano de baixa produ\u00e7\u00e3o<\/h3>\n<p>No ano seguinte, ocorre a <strong>fase de baixa produ\u00e7\u00e3o<\/strong>. As plantas precisam de tempo para se recuperar do esfor\u00e7o de produ\u00e7\u00e3o do ano anterior.<\/p>\n<p>Nesse per\u00edodo, \u00e9 comum observar uma quantidade reduzida de <strong><a href=\"https:\/\/rehagro.com.br\/blog\/florada-do-cafe\/\">flores<\/a><\/strong> e, consequentemente, menos frutos. As plantas podem parecer <strong>menos vigorosas e apresentar uma menor taxa de crescimento.<\/strong><\/p>\n<p>\u00c9 importante adotar pr\u00e1ticas de manejo que ajudem as plantas a passarem por esse ciclo de maneira saud\u00e1vel. Isso inclui a <strong><a href=\"https:\/\/rehagro.com.br\/blog\/tipos-de-poda-e-quando-recomendar\/\">poda<\/a><\/strong> adequada se necess\u00e1rio , a manuten\u00e7\u00e3o do solo e a gest\u00e3o cuidadosa da irriga\u00e7\u00e3o para garantir que as plantas tenham a melhor chance de recupera\u00e7\u00e3o.<\/p>\n<p><a href=\"https:\/\/conteudo.rehagro.com.br\/calendario-agricola-cafeicultor?utm_campaign=material-cafe&amp;utm_source=calendario-cafe&amp;utm_medium=blog\" target=\"_blank\" rel=\"noopener\"><img loading=\"lazy\" decoding=\"async\" class=\"aligncenter wp-image-39670 size-full\" title=\"Clique e baixe o material gratuitamente!\" src=\"https:\/\/rehagro.com.br\/blog\/wp-content\/uploads\/2025\/09\/banner-calendario-cafeicultura.png\" alt=\"Calend\u00e1rio agr\u00edcola do caf\u00e9\" width=\"980\" height=\"317\" srcset=\"https:\/\/rehagro.com.br\/blog\/wp-content\/uploads\/2025\/09\/banner-calendario-cafeicultura.png 980w, https:\/\/rehagro.com.br\/blog\/wp-content\/uploads\/2025\/09\/banner-calendario-cafeicultura-300x97.png 300w, https:\/\/rehagro.com.br\/blog\/wp-content\/uploads\/2025\/09\/banner-calendario-cafeicultura-768x248.png 768w, https:\/\/rehagro.com.br\/blog\/wp-content\/uploads\/2025\/09\/banner-calendario-cafeicultura-370x120.png 370w, https:\/\/rehagro.com.br\/blog\/wp-content\/uploads\/2025\/09\/banner-calendario-cafeicultura-270x87.png 270w, https:\/\/rehagro.com.br\/blog\/wp-content\/uploads\/2025\/09\/banner-calendario-cafeicultura-740x239.png 740w, https:\/\/rehagro.com.br\/blog\/wp-content\/uploads\/2025\/09\/banner-calendario-cafeicultura-150x49.png 150w\" sizes=\"auto, (max-width: 980px) 100vw, 980px\" \/><\/a><\/p>\n<h2>Fatores que influenciam a bienalidade do caf\u00e9<\/h2>\n<p>V\u00e1rios fatores podem afetar a bienalidade do caf\u00e9, incluindo:<\/p>\n<ul>\n<li><strong>Condi\u00e7\u00f5es clim\u00e1ticas<\/strong>: O <strong><a href=\"https:\/\/rehagro.com.br\/blog\/influencia-do-clima-na-producao-do-cafe-como-ter-lavouras-resilientes\/\">clima<\/a><\/strong> \u00e9 um dos fatores mais determinantes na bienalidade. Chuvas abundantes e bem distribu\u00eddas durante o per\u00edodo de crescimento s\u00e3o essenciais para uma boa produ\u00e7\u00e3o. No entanto, eventos clim\u00e1ticos extremos, como secas prolongadas ou temperaturas elevadas, podem prejudicar a produ\u00e7\u00e3o e resultar em uma recupera\u00e7\u00e3o fraca no ano seguinte. O impacto das mudan\u00e7as clim\u00e1ticas tem aumentado, tornando o manejo ainda mais desafiador.<\/li>\n<li><strong>Manejo do plantio<\/strong>: A forma como a lavoura \u00e9 manejada, influencia sua capacidade de manter uma produ\u00e7\u00e3o est\u00e1vel. A utiliza\u00e7\u00e3o de t\u00e9cnicas como adensamento da lavoura \u00a0 reduz a carga por planta, diminuindo o desgaste e favorecendo uma produ\u00e7\u00e3o mais equilibrada ao longo dos anos.<\/li>\n<li><strong>Gen\u00e9tica da planta<\/strong>: Algumas variedades de caf\u00e9 t\u00eam maior predisposi\u00e7\u00e3o \u00e0 bienalidade devido \u00e0s suas caracter\u00edsticas gen\u00e9ticas. A escolha de <strong>gen\u00f3tipos que apresentem maior resist\u00eancia<\/strong> ao estresse clim\u00e1tico e \u00e0 altern\u00e2ncia na produtividade \u00e9 uma estrat\u00e9gia eficaz.<\/li>\n<li><strong>Estresse ambiental<\/strong>: Estresses como <strong><a href=\"https:\/\/rehagro.com.br\/blog\/pragas-do-cafe-arabica\/\">pragas<\/a><\/strong>, <strong><a href=\"https:\/\/rehagro.com.br\/blog\/principais-doencas-do-cafe-como-identifica-las\/\">doen\u00e7as<\/a><\/strong> e eventos clim\u00e1ticos adversos, como secas ou temperaturas extremas, podem diminuir a produtividade de um ano e afetar a recupera\u00e7\u00e3o da planta no ciclo seguinte. A capacidade das plantas de se recuperar de per\u00edodos de estresse depende muito do manejo aplicado.<\/li>\n<\/ul>\n<h2>Gerenciando a bienalidade do caf\u00e9 de forma eficiente<\/h2>\n<p>Gerenciar a bienalidade eficientemente \u00e9 essencial para manter a <strong>sustentabilidade e a lucratividade<\/strong> da planta\u00e7\u00e3o. Aqui est\u00e3o algumas dicas pr\u00e1ticas:<\/p>\n<ul>\n<li><strong>Monitoramento regular<\/strong>: acompanhe de perto o desenvolvimento das plantas ao longo do ciclo produtivo. Isso permite ajustes r\u00e1pidos e eficazes no manejo conforme necess\u00e1rio.<\/li>\n<li><strong>Planejamento de investimentos<\/strong>: distribua os investimentos em infraestrutura e manejo ao longo do ciclo de bienalidade, priorizando as necessidades espec\u00edficas de cada fase.<\/li>\n<li><strong>Diversifica\u00e7\u00e3o<\/strong>: considere a diversifica\u00e7\u00e3o de variedades de caf\u00e9 em sua planta\u00e7\u00e3o para mitigar os riscos associados \u00e0 bienalidade. Algumas variedades podem ser menos afetadas ou ter ciclos de produ\u00e7\u00e3o diferentes.<\/li>\n<li><strong>Capacita\u00e7\u00e3o t\u00e9cnica<\/strong>: mantenha-se atualizado com as melhores pr\u00e1ticas agr\u00edcolas e novas tecnologias que possam melhorar a resist\u00eancia das plantas e otimizar a produ\u00e7\u00e3o.<\/li>\n<\/ul>\n<h2>A Import\u00e2ncia da gest\u00e3o adequada da bienalidade<\/h2>\n<p>Compreender e gerenciar a bienalidade do caf\u00e9 n\u00e3o apenas aumenta a produtividade, mas tamb\u00e9m contribui para a <strong>estabilidade econ\u00f4mica<\/strong> de uma planta\u00e7\u00e3o.<\/p>\n<p>A capacidade de prever e responder \u00e0s varia\u00e7\u00f5es na produ\u00e7\u00e3o de caf\u00e9 ajuda os produtores a melhorarem sua efici\u00eancia operacional e a adaptarem suas estrat\u00e9gias de mercado.<\/p>\n<p>Al\u00e9m disso, <strong>a gest\u00e3o eficaz da bienalidade pode contribuir significativamente para a sustentabilidade ambiental<\/strong>. Ao minimizar o estresse das plantas e otimizar o uso de recursos, os produtores n\u00e3o apenas melhoram sua rentabilidade, mas tamb\u00e9m reduzem o impacto ambiental de suas opera\u00e7\u00f5es.<\/p>\n<h2>Enfrente os desafios da bienalidade com mais gest\u00e3o e efici\u00eancia<\/h2>\n<p>A bienalidade \u00e9 uma caracter\u00edstica natural da cultura do caf\u00e9, mas seus efeitos podem ser minimizados com pr\u00e1ticas de manejo adequadas e uma gest\u00e3o estrat\u00e9gica da lavoura. Mais do que entender o ciclo produtivo, \u00e9 preciso planejar a\u00e7\u00f5es que garantam estabilidade e maior rentabilidade ao longo dos anos.<\/p>\n<p>No <strong><a href=\"https:\/\/rehagro.com.br\/cursos\/capacitacao-em-gestao-na-producao-de-cafe?utm_campaign=mkt-materiais-gc&amp;utm_source=textos&amp;utm_medium=blog\">Curso Gest\u00e3o na Produ\u00e7\u00e3o de Caf\u00e9 Ar\u00e1bica<\/a><\/strong> do Rehagro, voc\u00ea aprende a interpretar melhor os fatores que afetam a produ\u00e7\u00e3o, aplicar t\u00e9cnicas de manejo mais assertivas, reduzir custos e conduzir sua lavoura com foco em resultados consistentes safra ap\u00f3s safra.<\/p>\n<p><a href=\"https:\/\/rehagro.com.br\/cursos\/capacitacao-em-gestao-na-producao-de-cafe?utm_campaign=mkt-materiais-gc&amp;utm_source=textos&amp;utm_medium=blog\" target=\"_blank\" rel=\"noopener\"><img loading=\"lazy\" decoding=\"async\" class=\"aligncenter wp-image-24250 size-full\" title=\"Clique e saiba mais sobre o curso!\" src=\"https:\/\/rehagro.com.br\/blog\/wp-content\/uploads\/2023\/09\/banner-gc.jpg\" alt=\"Curso Gest\u00e3o na Produ\u00e7\u00e3o de Caf\u00e9 Ar\u00e1bica\" width=\"980\" height=\"317\" srcset=\"https:\/\/rehagro.com.br\/blog\/wp-content\/uploads\/2023\/09\/banner-gc.jpg 980w, https:\/\/rehagro.com.br\/blog\/wp-content\/uploads\/2023\/09\/banner-gc-300x97.jpg 300w, https:\/\/rehagro.com.br\/blog\/wp-content\/uploads\/2023\/09\/banner-gc-768x248.jpg 768w, https:\/\/rehagro.com.br\/blog\/wp-content\/uploads\/2023\/09\/banner-gc-370x120.jpg 370w, https:\/\/rehagro.com.br\/blog\/wp-content\/uploads\/2023\/09\/banner-gc-270x87.jpg 270w, https:\/\/rehagro.com.br\/blog\/wp-content\/uploads\/2023\/09\/banner-gc-740x239.jpg 740w, https:\/\/rehagro.com.br\/blog\/wp-content\/uploads\/2023\/09\/banner-gc-150x49.jpg 150w\" sizes=\"auto, (max-width: 980px) 100vw, 980px\" \/><\/a><\/p>\n<p>Texto produzido pela Equipe Caf\u00e9 Rehagro.<\/p>\n","protected":false},"excerpt":{"rendered":"<p>Se voc\u00ea \u00e9 um produtor de caf\u00e9 ou um entusiasta da cafeicultura, certamente j\u00e1 se deparou com o termo &#8220;bienalidade do caf\u00e9&#8220;. Esse fen\u00f4meno natural caracteriza-se na altern\u00e2ncia produtiva entre safras, impactando diretamente o planejamento financeiro e as estrat\u00e9gias de manejo da lavoura. O que \u00e9 a bienalidade do caf\u00e9? A bienalidade do caf\u00e9 refere-se [&hellip;]<\/p>\n","protected":false},"author":21,"featured_media":36944,"comment_status":"open","ping_status":"open","sticky":false,"template":"","format":"standard","meta":{"footnotes":""},"categories":[211],"tags":[673,827],"class_list":["post-36942","post","type-post","status-publish","format-standard","has-post-thumbnail","hentry","category-cafe","tag-cafeicultura","tag-producao-de-cafe"],"yoast_head":"<!-- This site is optimized with the Yoast SEO plugin v27.4 - https:\/\/yoast.com\/product\/yoast-seo-wordpress\/ -->\n<title>Bienalidade do caf\u00e9: entenda o fen\u00f4meno e como gerenci\u00e1-lo<\/title>\n<meta name=\"description\" content=\"A bienalidade do caf\u00e9 impacta a produtividade e os pre\u00e7os do mercado. Descubra o que \u00e9 esse fen\u00f4meno e como manej\u00e1-lo de forma eficiente!\" \/>\n<meta name=\"robots\" content=\"index, follow, max-snippet:-1, max-image-preview:large, max-video-preview:-1\" \/>\n<link rel=\"canonical\" href=\"https:\/\/rehagro.com.br\/blog\/bienalidade-do-cafe-entenda-o-ciclo-produtivo-e-suas-implicacoes\/\" \/>\n<meta property=\"og:locale\" content=\"pt_BR\" \/>\n<meta property=\"og:type\" content=\"article\" \/>\n<meta property=\"og:title\" content=\"Bienalidade do caf\u00e9: entenda o fen\u00f4meno e como gerenci\u00e1-lo\" \/>\n<meta property=\"og:description\" content=\"A bienalidade do caf\u00e9 impacta a produtividade e os pre\u00e7os do mercado. Descubra o que \u00e9 esse fen\u00f4meno e como manej\u00e1-lo de forma eficiente!\" \/>\n<meta property=\"og:url\" content=\"https:\/\/rehagro.com.br\/blog\/bienalidade-do-cafe-entenda-o-ciclo-produtivo-e-suas-implicacoes\/\" \/>\n<meta property=\"og:site_name\" content=\"Rehagro Blog\" \/>\n<meta property=\"article:published_time\" content=\"2025-03-17T11:30:05+00:00\" \/>\n<meta property=\"article:modified_time\" content=\"2026-04-07T22:51:11+00:00\" \/>\n<meta property=\"og:image\" content=\"https:\/\/rehagro.com.br\/blog\/wp-content\/uploads\/2025\/03\/capa-bienalidade-cafe.jpg\" \/>\n\t<meta property=\"og:image:width\" content=\"1280\" \/>\n\t<meta property=\"og:image:height\" content=\"722\" \/>\n\t<meta property=\"og:image:type\" content=\"image\/jpeg\" \/>\n<meta name=\"author\" content=\"Jo\u00e3o Pedro Azevedo\" \/>\n<meta name=\"twitter:card\" content=\"summary_large_image\" \/>\n<meta name=\"twitter:label1\" content=\"Escrito por\" \/>\n\t<meta name=\"twitter:data1\" content=\"Jo\u00e3o Pedro Azevedo\" \/>\n\t<meta name=\"twitter:label2\" content=\"Est. tempo de leitura\" \/>\n\t<meta name=\"twitter:data2\" content=\"6 minutos\" \/>\n<script type=\"application\/ld+json\" class=\"yoast-schema-graph\">{\"@context\":\"https:\\\/\\\/schema.org\",\"@graph\":[{\"@type\":\"Article\",\"@id\":\"https:\\\/\\\/rehagro.com.br\\\/blog\\\/bienalidade-do-cafe-entenda-o-ciclo-produtivo-e-suas-implicacoes\\\/#article\",\"isPartOf\":{\"@id\":\"https:\\\/\\\/rehagro.com.br\\\/blog\\\/bienalidade-do-cafe-entenda-o-ciclo-produtivo-e-suas-implicacoes\\\/\"},\"author\":{\"name\":\"Jo\u00e3o Pedro Azevedo\",\"@id\":\"https:\\\/\\\/rehagro.com.br\\\/blog\\\/#\\\/schema\\\/person\\\/f2d1ae51b04939615ceebb3c0bfd8a94\"},\"headline\":\"Bienalidade do caf\u00e9: entenda o ciclo produtivo e suas implica\u00e7\u00f5es\",\"datePublished\":\"2025-03-17T11:30:05+00:00\",\"dateModified\":\"2026-04-07T22:51:11+00:00\",\"mainEntityOfPage\":{\"@id\":\"https:\\\/\\\/rehagro.com.br\\\/blog\\\/bienalidade-do-cafe-entenda-o-ciclo-produtivo-e-suas-implicacoes\\\/\"},\"wordCount\":977,\"commentCount\":0,\"publisher\":{\"@id\":\"https:\\\/\\\/rehagro.com.br\\\/blog\\\/#organization\"},\"image\":{\"@id\":\"https:\\\/\\\/rehagro.com.br\\\/blog\\\/bienalidade-do-cafe-entenda-o-ciclo-produtivo-e-suas-implicacoes\\\/#primaryimage\"},\"thumbnailUrl\":\"https:\\\/\\\/rehagro.com.br\\\/blog\\\/wp-content\\\/uploads\\\/2025\\\/03\\\/capa-bienalidade-cafe.jpg\",\"keywords\":[\"cafeicultura\",\"produ\u00e7\u00e3o de caf\u00e9\"],\"articleSection\":[\"CAF\u00c9\"],\"inLanguage\":\"pt-BR\",\"potentialAction\":[{\"@type\":\"CommentAction\",\"name\":\"Comment\",\"target\":[\"https:\\\/\\\/rehagro.com.br\\\/blog\\\/bienalidade-do-cafe-entenda-o-ciclo-produtivo-e-suas-implicacoes\\\/#respond\"]}]},{\"@type\":\"WebPage\",\"@id\":\"https:\\\/\\\/rehagro.com.br\\\/blog\\\/bienalidade-do-cafe-entenda-o-ciclo-produtivo-e-suas-implicacoes\\\/\",\"url\":\"https:\\\/\\\/rehagro.com.br\\\/blog\\\/bienalidade-do-cafe-entenda-o-ciclo-produtivo-e-suas-implicacoes\\\/\",\"name\":\"Bienalidade do caf\u00e9: entenda o fen\u00f4meno e como gerenci\u00e1-lo\",\"isPartOf\":{\"@id\":\"https:\\\/\\\/rehagro.com.br\\\/blog\\\/#website\"},\"primaryImageOfPage\":{\"@id\":\"https:\\\/\\\/rehagro.com.br\\\/blog\\\/bienalidade-do-cafe-entenda-o-ciclo-produtivo-e-suas-implicacoes\\\/#primaryimage\"},\"image\":{\"@id\":\"https:\\\/\\\/rehagro.com.br\\\/blog\\\/bienalidade-do-cafe-entenda-o-ciclo-produtivo-e-suas-implicacoes\\\/#primaryimage\"},\"thumbnailUrl\":\"https:\\\/\\\/rehagro.com.br\\\/blog\\\/wp-content\\\/uploads\\\/2025\\\/03\\\/capa-bienalidade-cafe.jpg\",\"datePublished\":\"2025-03-17T11:30:05+00:00\",\"dateModified\":\"2026-04-07T22:51:11+00:00\",\"description\":\"A bienalidade do caf\u00e9 impacta a produtividade e os pre\u00e7os do mercado. Descubra o que \u00e9 esse fen\u00f4meno e como manej\u00e1-lo de forma eficiente!\",\"breadcrumb\":{\"@id\":\"https:\\\/\\\/rehagro.com.br\\\/blog\\\/bienalidade-do-cafe-entenda-o-ciclo-produtivo-e-suas-implicacoes\\\/#breadcrumb\"},\"inLanguage\":\"pt-BR\",\"potentialAction\":[{\"@type\":\"ReadAction\",\"target\":[\"https:\\\/\\\/rehagro.com.br\\\/blog\\\/bienalidade-do-cafe-entenda-o-ciclo-produtivo-e-suas-implicacoes\\\/\"]}]},{\"@type\":\"ImageObject\",\"inLanguage\":\"pt-BR\",\"@id\":\"https:\\\/\\\/rehagro.com.br\\\/blog\\\/bienalidade-do-cafe-entenda-o-ciclo-produtivo-e-suas-implicacoes\\\/#primaryimage\",\"url\":\"https:\\\/\\\/rehagro.com.br\\\/blog\\\/wp-content\\\/uploads\\\/2025\\\/03\\\/capa-bienalidade-cafe.jpg\",\"contentUrl\":\"https:\\\/\\\/rehagro.com.br\\\/blog\\\/wp-content\\\/uploads\\\/2025\\\/03\\\/capa-bienalidade-cafe.jpg\",\"width\":1280,\"height\":722,\"caption\":\"Lavoura de caf\u00e9 no ano de alta produ\u00e7\u00e3o\"},{\"@type\":\"BreadcrumbList\",\"@id\":\"https:\\\/\\\/rehagro.com.br\\\/blog\\\/bienalidade-do-cafe-entenda-o-ciclo-produtivo-e-suas-implicacoes\\\/#breadcrumb\",\"itemListElement\":[{\"@type\":\"ListItem\",\"position\":1,\"name\":\"In\u00edcio\",\"item\":\"https:\\\/\\\/rehagro.com.br\\\/blog\\\/\"},{\"@type\":\"ListItem\",\"position\":2,\"name\":\"Bienalidade do caf\u00e9: entenda o ciclo produtivo e suas implica\u00e7\u00f5es\"}]},{\"@type\":\"WebSite\",\"@id\":\"https:\\\/\\\/rehagro.com.br\\\/blog\\\/#website\",\"url\":\"https:\\\/\\\/rehagro.com.br\\\/blog\\\/\",\"name\":\"Rehagro Blog\",\"description\":\"\",\"publisher\":{\"@id\":\"https:\\\/\\\/rehagro.com.br\\\/blog\\\/#organization\"},\"potentialAction\":[{\"@type\":\"SearchAction\",\"target\":{\"@type\":\"EntryPoint\",\"urlTemplate\":\"https:\\\/\\\/rehagro.com.br\\\/blog\\\/?s={search_term_string}\"},\"query-input\":{\"@type\":\"PropertyValueSpecification\",\"valueRequired\":true,\"valueName\":\"search_term_string\"}}],\"inLanguage\":\"pt-BR\"},{\"@type\":\"Organization\",\"@id\":\"https:\\\/\\\/rehagro.com.br\\\/blog\\\/#organization\",\"name\":\"Rehagro\",\"url\":\"https:\\\/\\\/rehagro.com.br\\\/blog\\\/\",\"logo\":{\"@type\":\"ImageObject\",\"inLanguage\":\"pt-BR\",\"@id\":\"https:\\\/\\\/rehagro.com.br\\\/blog\\\/#\\\/schema\\\/logo\\\/image\\\/\",\"url\":\"https:\\\/\\\/rehagro.com.br\\\/blog\\\/wp-content\\\/uploads\\\/2018\\\/05\\\/logo-rehagro.png\",\"contentUrl\":\"https:\\\/\\\/rehagro.com.br\\\/blog\\\/wp-content\\\/uploads\\\/2018\\\/05\\\/logo-rehagro.png\",\"width\":400,\"height\":115,\"caption\":\"Rehagro\"},\"image\":{\"@id\":\"https:\\\/\\\/rehagro.com.br\\\/blog\\\/#\\\/schema\\\/logo\\\/image\\\/\"}},{\"@type\":\"Person\",\"@id\":\"https:\\\/\\\/rehagro.com.br\\\/blog\\\/#\\\/schema\\\/person\\\/f2d1ae51b04939615ceebb3c0bfd8a94\",\"name\":\"Jo\u00e3o Pedro Azevedo\",\"image\":{\"@type\":\"ImageObject\",\"inLanguage\":\"pt-BR\",\"@id\":\"https:\\\/\\\/secure.gravatar.com\\\/avatar\\\/34aacffb2f10625483f480470f3274778dd1c183ba4f66444bb60ae92149bf8a?s=96&d=mm&r=g\",\"url\":\"https:\\\/\\\/secure.gravatar.com\\\/avatar\\\/34aacffb2f10625483f480470f3274778dd1c183ba4f66444bb60ae92149bf8a?s=96&d=mm&r=g\",\"contentUrl\":\"https:\\\/\\\/secure.gravatar.com\\\/avatar\\\/34aacffb2f10625483f480470f3274778dd1c183ba4f66444bb60ae92149bf8a?s=96&d=mm&r=g\",\"caption\":\"Jo\u00e3o Pedro Azevedo\"},\"url\":\"https:\\\/\\\/rehagro.com.br\\\/blog\\\/author\\\/joao-pedro\\\/\"}]}<\/script>\n<!-- \/ Yoast SEO plugin. -->","yoast_head_json":{"title":"Bienalidade do caf\u00e9: entenda o fen\u00f4meno e como gerenci\u00e1-lo","description":"A bienalidade do caf\u00e9 impacta a produtividade e os pre\u00e7os do mercado. Descubra o que \u00e9 esse fen\u00f4meno e como manej\u00e1-lo de forma eficiente!","robots":{"index":"index","follow":"follow","max-snippet":"max-snippet:-1","max-image-preview":"max-image-preview:large","max-video-preview":"max-video-preview:-1"},"canonical":"https:\/\/rehagro.com.br\/blog\/bienalidade-do-cafe-entenda-o-ciclo-produtivo-e-suas-implicacoes\/","og_locale":"pt_BR","og_type":"article","og_title":"Bienalidade do caf\u00e9: entenda o fen\u00f4meno e como gerenci\u00e1-lo","og_description":"A bienalidade do caf\u00e9 impacta a produtividade e os pre\u00e7os do mercado. Descubra o que \u00e9 esse fen\u00f4meno e como manej\u00e1-lo de forma eficiente!","og_url":"https:\/\/rehagro.com.br\/blog\/bienalidade-do-cafe-entenda-o-ciclo-produtivo-e-suas-implicacoes\/","og_site_name":"Rehagro Blog","article_published_time":"2025-03-17T11:30:05+00:00","article_modified_time":"2026-04-07T22:51:11+00:00","og_image":[{"width":1280,"height":722,"url":"https:\/\/rehagro.com.br\/blog\/wp-content\/uploads\/2025\/03\/capa-bienalidade-cafe.jpg","type":"image\/jpeg"}],"author":"Jo\u00e3o Pedro Azevedo","twitter_card":"summary_large_image","twitter_misc":{"Escrito por":"Jo\u00e3o Pedro Azevedo","Est. tempo de leitura":"6 minutos"},"schema":{"@context":"https:\/\/schema.org","@graph":[{"@type":"Article","@id":"https:\/\/rehagro.com.br\/blog\/bienalidade-do-cafe-entenda-o-ciclo-produtivo-e-suas-implicacoes\/#article","isPartOf":{"@id":"https:\/\/rehagro.com.br\/blog\/bienalidade-do-cafe-entenda-o-ciclo-produtivo-e-suas-implicacoes\/"},"author":{"name":"Jo\u00e3o Pedro Azevedo","@id":"https:\/\/rehagro.com.br\/blog\/#\/schema\/person\/f2d1ae51b04939615ceebb3c0bfd8a94"},"headline":"Bienalidade do caf\u00e9: entenda o ciclo produtivo e suas implica\u00e7\u00f5es","datePublished":"2025-03-17T11:30:05+00:00","dateModified":"2026-04-07T22:51:11+00:00","mainEntityOfPage":{"@id":"https:\/\/rehagro.com.br\/blog\/bienalidade-do-cafe-entenda-o-ciclo-produtivo-e-suas-implicacoes\/"},"wordCount":977,"commentCount":0,"publisher":{"@id":"https:\/\/rehagro.com.br\/blog\/#organization"},"image":{"@id":"https:\/\/rehagro.com.br\/blog\/bienalidade-do-cafe-entenda-o-ciclo-produtivo-e-suas-implicacoes\/#primaryimage"},"thumbnailUrl":"https:\/\/rehagro.com.br\/blog\/wp-content\/uploads\/2025\/03\/capa-bienalidade-cafe.jpg","keywords":["cafeicultura","produ\u00e7\u00e3o de caf\u00e9"],"articleSection":["CAF\u00c9"],"inLanguage":"pt-BR","potentialAction":[{"@type":"CommentAction","name":"Comment","target":["https:\/\/rehagro.com.br\/blog\/bienalidade-do-cafe-entenda-o-ciclo-produtivo-e-suas-implicacoes\/#respond"]}]},{"@type":"WebPage","@id":"https:\/\/rehagro.com.br\/blog\/bienalidade-do-cafe-entenda-o-ciclo-produtivo-e-suas-implicacoes\/","url":"https:\/\/rehagro.com.br\/blog\/bienalidade-do-cafe-entenda-o-ciclo-produtivo-e-suas-implicacoes\/","name":"Bienalidade do caf\u00e9: entenda o fen\u00f4meno e como gerenci\u00e1-lo","isPartOf":{"@id":"https:\/\/rehagro.com.br\/blog\/#website"},"primaryImageOfPage":{"@id":"https:\/\/rehagro.com.br\/blog\/bienalidade-do-cafe-entenda-o-ciclo-produtivo-e-suas-implicacoes\/#primaryimage"},"image":{"@id":"https:\/\/rehagro.com.br\/blog\/bienalidade-do-cafe-entenda-o-ciclo-produtivo-e-suas-implicacoes\/#primaryimage"},"thumbnailUrl":"https:\/\/rehagro.com.br\/blog\/wp-content\/uploads\/2025\/03\/capa-bienalidade-cafe.jpg","datePublished":"2025-03-17T11:30:05+00:00","dateModified":"2026-04-07T22:51:11+00:00","description":"A bienalidade do caf\u00e9 impacta a produtividade e os pre\u00e7os do mercado. Descubra o que \u00e9 esse fen\u00f4meno e como manej\u00e1-lo de forma eficiente!","breadcrumb":{"@id":"https:\/\/rehagro.com.br\/blog\/bienalidade-do-cafe-entenda-o-ciclo-produtivo-e-suas-implicacoes\/#breadcrumb"},"inLanguage":"pt-BR","potentialAction":[{"@type":"ReadAction","target":["https:\/\/rehagro.com.br\/blog\/bienalidade-do-cafe-entenda-o-ciclo-produtivo-e-suas-implicacoes\/"]}]},{"@type":"ImageObject","inLanguage":"pt-BR","@id":"https:\/\/rehagro.com.br\/blog\/bienalidade-do-cafe-entenda-o-ciclo-produtivo-e-suas-implicacoes\/#primaryimage","url":"https:\/\/rehagro.com.br\/blog\/wp-content\/uploads\/2025\/03\/capa-bienalidade-cafe.jpg","contentUrl":"https:\/\/rehagro.com.br\/blog\/wp-content\/uploads\/2025\/03\/capa-bienalidade-cafe.jpg","width":1280,"height":722,"caption":"Lavoura de caf\u00e9 no ano de alta produ\u00e7\u00e3o"},{"@type":"BreadcrumbList","@id":"https:\/\/rehagro.com.br\/blog\/bienalidade-do-cafe-entenda-o-ciclo-produtivo-e-suas-implicacoes\/#breadcrumb","itemListElement":[{"@type":"ListItem","position":1,"name":"In\u00edcio","item":"https:\/\/rehagro.com.br\/blog\/"},{"@type":"ListItem","position":2,"name":"Bienalidade do caf\u00e9: entenda o ciclo produtivo e suas implica\u00e7\u00f5es"}]},{"@type":"WebSite","@id":"https:\/\/rehagro.com.br\/blog\/#website","url":"https:\/\/rehagro.com.br\/blog\/","name":"Rehagro Blog","description":"","publisher":{"@id":"https:\/\/rehagro.com.br\/blog\/#organization"},"potentialAction":[{"@type":"SearchAction","target":{"@type":"EntryPoint","urlTemplate":"https:\/\/rehagro.com.br\/blog\/?s={search_term_string}"},"query-input":{"@type":"PropertyValueSpecification","valueRequired":true,"valueName":"search_term_string"}}],"inLanguage":"pt-BR"},{"@type":"Organization","@id":"https:\/\/rehagro.com.br\/blog\/#organization","name":"Rehagro","url":"https:\/\/rehagro.com.br\/blog\/","logo":{"@type":"ImageObject","inLanguage":"pt-BR","@id":"https:\/\/rehagro.com.br\/blog\/#\/schema\/logo\/image\/","url":"https:\/\/rehagro.com.br\/blog\/wp-content\/uploads\/2018\/05\/logo-rehagro.png","contentUrl":"https:\/\/rehagro.com.br\/blog\/wp-content\/uploads\/2018\/05\/logo-rehagro.png","width":400,"height":115,"caption":"Rehagro"},"image":{"@id":"https:\/\/rehagro.com.br\/blog\/#\/schema\/logo\/image\/"}},{"@type":"Person","@id":"https:\/\/rehagro.com.br\/blog\/#\/schema\/person\/f2d1ae51b04939615ceebb3c0bfd8a94","name":"Jo\u00e3o Pedro Azevedo","image":{"@type":"ImageObject","inLanguage":"pt-BR","@id":"https:\/\/secure.gravatar.com\/avatar\/34aacffb2f10625483f480470f3274778dd1c183ba4f66444bb60ae92149bf8a?s=96&d=mm&r=g","url":"https:\/\/secure.gravatar.com\/avatar\/34aacffb2f10625483f480470f3274778dd1c183ba4f66444bb60ae92149bf8a?s=96&d=mm&r=g","contentUrl":"https:\/\/secure.gravatar.com\/avatar\/34aacffb2f10625483f480470f3274778dd1c183ba4f66444bb60ae92149bf8a?s=96&d=mm&r=g","caption":"Jo\u00e3o Pedro Azevedo"},"url":"https:\/\/rehagro.com.br\/blog\/author\/joao-pedro\/"}]}},"_links":{"self":[{"href":"https:\/\/rehagro.com.br\/blog\/wp-json\/wp\/v2\/posts\/36942","targetHints":{"allow":["GET"]}}],"collection":[{"href":"https:\/\/rehagro.com.br\/blog\/wp-json\/wp\/v2\/posts"}],"about":[{"href":"https:\/\/rehagro.com.br\/blog\/wp-json\/wp\/v2\/types\/post"}],"author":[{"embeddable":true,"href":"https:\/\/rehagro.com.br\/blog\/wp-json\/wp\/v2\/users\/21"}],"replies":[{"embeddable":true,"href":"https:\/\/rehagro.com.br\/blog\/wp-json\/wp\/v2\/comments?post=36942"}],"version-history":[{"count":7,"href":"https:\/\/rehagro.com.br\/blog\/wp-json\/wp\/v2\/posts\/36942\/revisions"}],"predecessor-version":[{"id":42123,"href":"https:\/\/rehagro.com.br\/blog\/wp-json\/wp\/v2\/posts\/36942\/revisions\/42123"}],"wp:featuredmedia":[{"embeddable":true,"href":"https:\/\/rehagro.com.br\/blog\/wp-json\/wp\/v2\/media\/36944"}],"wp:attachment":[{"href":"https:\/\/rehagro.com.br\/blog\/wp-json\/wp\/v2\/media?parent=36942"}],"wp:term":[{"taxonomy":"category","embeddable":true,"href":"https:\/\/rehagro.com.br\/blog\/wp-json\/wp\/v2\/categories?post=36942"},{"taxonomy":"post_tag","embeddable":true,"href":"https:\/\/rehagro.com.br\/blog\/wp-json\/wp\/v2\/tags?post=36942"}],"curies":[{"name":"wp","href":"https:\/\/api.w.org\/{rel}","templated":true}]}}