{"id":33526,"date":"2024-07-10T08:00:43","date_gmt":"2024-07-10T11:00:43","guid":{"rendered":"https:\/\/rehagro.com.br\/blog\/?p=33526"},"modified":"2026-04-08T12:03:55","modified_gmt":"2026-04-08T15:03:55","slug":"florada-do-cafe","status":"publish","type":"post","link":"https:\/\/rehagro.com.br\/blog\/florada-do-cafe\/","title":{"rendered":"Florada do caf\u00e9: veja quais s\u00e3o os principais fatores de interfer\u00eancia"},"content":{"rendered":"<p>A <strong>florada do caf\u00e9<\/strong> est\u00e1 diretamente relacionada com a produ\u00e7\u00e3o da planta. Diversos fatores como doen\u00e7as, fotoper\u00edodo, temperatura, disponibilidade h\u00eddrica e balan\u00e7o hormonal interferem na florada.<\/p>\n<p>Estar atento a esses <strong>fatores que interferem no florescimento<\/strong> \u00e9 essencial para garantir boa produtividade das lavouras.<\/p>\n<div style=\"background-color: #efefef; padding-left: 10px; padding-right: 5px; border-radius: 10px;\">\n<p>&nbsp;<\/p>\n<p style=\"text-align: center;\"><strong><span style=\"font-size: 14pt;\">Sem tempo para ler agora? Baixe este artigo em PDF!<\/span><\/strong><\/p>\n<p><script charset=\"utf-8\" type=\"text\/javascript\" src=\"\/\/js.hsforms.net\/forms\/embed\/v2.js\"><\/script><br \/>\n<script>\nhbspt.forms.create({\nregion: \"na1\",\nportalId: \"5430441\",\nformId: \"7dcaf60d-0e23-40ed-8b40-9b8cb07b4128\"\n});\n<\/script><\/p>\n<\/div>\n<h2>A florada do caf\u00e9<\/h2>\n<p>O florescimento do cafeeiro tem algumas particularidades, <strong>as flores s\u00e3o formadas a partir de gemas florais localizadas nas axilas foliares<\/strong>.<\/p>\n<p>Em cada n\u00f3 dos ramos plagiotr\u00f3picos (laterais) existem v\u00e1rias gemas, que podem se diferenciar em estruturas vegetativas, formando assim outros ramos ou em estruturas reprodutivas, formando as flores.<\/p>\n<p><img loading=\"lazy\" decoding=\"async\" class=\"aligncenter size-full wp-image-33528\" src=\"https:\/\/rehagro.com.br\/blog\/wp-content\/uploads\/2024\/07\/florada-cafe-1.jpg\" alt=\"Diferencia\u00e7\u00e3o da gema em estrutura vegetativa (ramo secund\u00e1rio) e estrutura reprodutiva (flor).\" width=\"438\" height=\"739\" srcset=\"https:\/\/rehagro.com.br\/blog\/wp-content\/uploads\/2024\/07\/florada-cafe-1.jpg 438w, https:\/\/rehagro.com.br\/blog\/wp-content\/uploads\/2024\/07\/florada-cafe-1-178x300.jpg 178w, https:\/\/rehagro.com.br\/blog\/wp-content\/uploads\/2024\/07\/florada-cafe-1-370x624.jpg 370w, https:\/\/rehagro.com.br\/blog\/wp-content\/uploads\/2024\/07\/florada-cafe-1-270x456.jpg 270w, https:\/\/rehagro.com.br\/blog\/wp-content\/uploads\/2024\/07\/florada-cafe-1-150x253.jpg 150w\" sizes=\"auto, (max-width: 438px) 100vw, 438px\" \/><\/p>\n<p style=\"text-align: center;\"><span style=\"font-weight: 400; font-size: 13px;\">Diferencia\u00e7\u00e3o da gema em estrutura vegetativa (ramo secund\u00e1rio) e estrutura reprodutiva (flor). <\/span><span style=\"font-weight: 400; font-size: 13px;\">Foto: Isa\u00edas dos Santos<\/span><\/p>\n<p>&nbsp;<\/p>\n<p><a href=\"https:\/\/conteudo.rehagro.com.br\/calendario-agricola-cafeicultor?utm_campaign=material-cafe&amp;utm_source=calendario-cafe&amp;utm_medium=blog\" target=\"_blank\" rel=\"noopener\"><img loading=\"lazy\" decoding=\"async\" class=\"aligncenter wp-image-39670 size-full\" title=\"Clique e baixe o material gratuitamente!\" src=\"https:\/\/rehagro.com.br\/blog\/wp-content\/uploads\/2025\/09\/banner-calendario-cafeicultura.png\" alt=\"Calend\u00e1rio agr\u00edcola do caf\u00e9\" width=\"980\" height=\"317\" srcset=\"https:\/\/rehagro.com.br\/blog\/wp-content\/uploads\/2025\/09\/banner-calendario-cafeicultura.png 980w, https:\/\/rehagro.com.br\/blog\/wp-content\/uploads\/2025\/09\/banner-calendario-cafeicultura-300x97.png 300w, https:\/\/rehagro.com.br\/blog\/wp-content\/uploads\/2025\/09\/banner-calendario-cafeicultura-768x248.png 768w, https:\/\/rehagro.com.br\/blog\/wp-content\/uploads\/2025\/09\/banner-calendario-cafeicultura-370x120.png 370w, https:\/\/rehagro.com.br\/blog\/wp-content\/uploads\/2025\/09\/banner-calendario-cafeicultura-270x87.png 270w, https:\/\/rehagro.com.br\/blog\/wp-content\/uploads\/2025\/09\/banner-calendario-cafeicultura-740x239.png 740w, https:\/\/rehagro.com.br\/blog\/wp-content\/uploads\/2025\/09\/banner-calendario-cafeicultura-150x49.png 150w\" sizes=\"auto, (max-width: 980px) 100vw, 980px\" \/><\/a><\/p>\n<h2>Ciclo fenol\u00f3gico do cafeeiro<\/h2>\n<p>O <strong><a href=\"https:\/\/rehagro.com.br\/blog\/fenologia-do-cafe\/\">ciclo fenol\u00f3gico do cafeeiro<\/a><\/strong> leva dois anos para ser conclu\u00eddo. Durante o primeiro ano, ocorre a <strong>fase de vegeta\u00e7\u00e3o e forma\u00e7\u00e3o das gemas foliares<\/strong>, que se desenvolve entre os meses de setembro e mar\u00e7o, per\u00edodo em que o fotoper\u00edodo ultrapassa 13 horas de luz.<\/p>\n<p><img loading=\"lazy\" decoding=\"async\" class=\"aligncenter size-large wp-image-33529\" src=\"https:\/\/rehagro.com.br\/blog\/wp-content\/uploads\/2024\/07\/fases-fenologicas-cafeeiro-1024x384.jpg\" alt=\"Esquematiza\u00e7\u00e3o das seis fases fenol\u00f3gicas do cafeeiro ar\u00e1bica\" width=\"770\" height=\"289\" srcset=\"https:\/\/rehagro.com.br\/blog\/wp-content\/uploads\/2024\/07\/fases-fenologicas-cafeeiro-1024x384.jpg 1024w, https:\/\/rehagro.com.br\/blog\/wp-content\/uploads\/2024\/07\/fases-fenologicas-cafeeiro-300x112.jpg 300w, https:\/\/rehagro.com.br\/blog\/wp-content\/uploads\/2024\/07\/fases-fenologicas-cafeeiro-768x288.jpg 768w, https:\/\/rehagro.com.br\/blog\/wp-content\/uploads\/2024\/07\/fases-fenologicas-cafeeiro-370x139.jpg 370w, https:\/\/rehagro.com.br\/blog\/wp-content\/uploads\/2024\/07\/fases-fenologicas-cafeeiro-270x101.jpg 270w, https:\/\/rehagro.com.br\/blog\/wp-content\/uploads\/2024\/07\/fases-fenologicas-cafeeiro-740x277.jpg 740w, https:\/\/rehagro.com.br\/blog\/wp-content\/uploads\/2024\/07\/fases-fenologicas-cafeeiro-150x56.jpg 150w, https:\/\/rehagro.com.br\/blog\/wp-content\/uploads\/2024\/07\/fases-fenologicas-cafeeiro.jpg 1132w\" sizes=\"auto, (max-width: 770px) 100vw, 770px\" \/><\/p>\n<p style=\"text-align: center;\"><span style=\"font-size: 13px;\"><span style=\"font-weight: 400;\">Esquematiza\u00e7\u00e3o das seis fases fenol\u00f3gicas do cafeeiro ar\u00e1bica, durante 24 meses, nas condi\u00e7\u00f5es clim\u00e1ticas tropicais do Brasil. <\/span><span style=\"font-weight: 400;\">Fonte: Camargo e Camargo (2001).\u00a0<\/span><\/span><\/p>\n<p>Ainda no primeiro ano, quando os dias s\u00e3o mais curtos, ocorre a 2\u00aa fase, que consiste na <strong>indu\u00e7\u00e3o, matura\u00e7\u00e3o e dorm\u00eancia das gemas florais<\/strong>, \u00e9 nessa fase que dura entre abril e agosto que ocorre a indu\u00e7\u00e3o das gemas foliares formadas na primeira fase, para se tornarem gemas florais.<\/p>\n<p>V\u00e1rios fatores influenciam na indu\u00e7\u00e3o e diferencia\u00e7\u00e3o floral do cafeeiro, como fotoper\u00edodo, temperatura, <strong><a href=\"https:\/\/rehagro.com.br\/blog\/estresse-hidrico-no-cafe\/\">disponibilidade h\u00eddrica<\/a><\/strong> e balan\u00e7o hormonal.<\/p>\n<p>No fim da segunda fase, entre julho e agosto, <strong>o cafeeiro entra em repouso e emite um ou dois pares de folhas pequenas<\/strong>, separando os anos fenol\u00f3gicos.<\/p>\n<p><img loading=\"lazy\" decoding=\"async\" class=\"aligncenter size-full wp-image-33530\" src=\"https:\/\/rehagro.com.br\/blog\/wp-content\/uploads\/2024\/07\/florada-cafe-2.jpg\" alt=\"Dois pares de folhas pequenas, separando os anos fenol\u00f3gicos do cafeeiro ar\u00e1bica\" width=\"823\" height=\"576\" srcset=\"https:\/\/rehagro.com.br\/blog\/wp-content\/uploads\/2024\/07\/florada-cafe-2.jpg 823w, https:\/\/rehagro.com.br\/blog\/wp-content\/uploads\/2024\/07\/florada-cafe-2-300x210.jpg 300w, https:\/\/rehagro.com.br\/blog\/wp-content\/uploads\/2024\/07\/florada-cafe-2-768x538.jpg 768w, https:\/\/rehagro.com.br\/blog\/wp-content\/uploads\/2024\/07\/florada-cafe-2-370x259.jpg 370w, https:\/\/rehagro.com.br\/blog\/wp-content\/uploads\/2024\/07\/florada-cafe-2-270x189.jpg 270w, https:\/\/rehagro.com.br\/blog\/wp-content\/uploads\/2024\/07\/florada-cafe-2-740x518.jpg 740w, https:\/\/rehagro.com.br\/blog\/wp-content\/uploads\/2024\/07\/florada-cafe-2-150x105.jpg 150w\" sizes=\"auto, (max-width: 823px) 100vw, 823px\" \/><\/p>\n<p style=\"text-align: center;\"><span style=\"font-size: 13px;\"><span style=\"font-weight: 400;\">Dois pares de folhas pequenas, separando os anos fenol\u00f3gicos do cafeeiro ar\u00e1bica. <\/span><span style=\"font-weight: 400;\">Foto: Isa\u00edas dos Santos<\/span><\/span><\/p>\n<p><strong>A 3\u00aa fase inicia-se com a florada<\/strong>, normalmente ocorre de setembro a novembro, quando os bot\u00f5es florais diferenciados, ap\u00f3s passarem por um per\u00edodo de dorm\u00eancia tornam-se sens\u00edveis ou fisiologicamente maduros e reagem aos est\u00edmulos externos desencadeadores de um r\u00e1pido crescimento, que dura cerca de 10 dias, a depender da temperatura, levando \u00e0 abertura das flores (antese), finalizando o processo de flora\u00e7\u00e3o.<\/p>\n<p>Em condi\u00e7\u00f5es naturais, <strong>as floradas s\u00e3o induzidas pelas primeiras chuvas, ap\u00f3s um per\u00edodo de seca.\u00a0<\/strong><\/p>\n<p><img loading=\"lazy\" decoding=\"async\" class=\"aligncenter size-full wp-image-33531\" src=\"https:\/\/rehagro.com.br\/blog\/wp-content\/uploads\/2024\/07\/florada-cafe-3.jpg\" alt=\"Cafeeiro ar\u00e1bica ap\u00f3s a aberturas das flores\" width=\"585\" height=\"779\" srcset=\"https:\/\/rehagro.com.br\/blog\/wp-content\/uploads\/2024\/07\/florada-cafe-3.jpg 585w, https:\/\/rehagro.com.br\/blog\/wp-content\/uploads\/2024\/07\/florada-cafe-3-225x300.jpg 225w, https:\/\/rehagro.com.br\/blog\/wp-content\/uploads\/2024\/07\/florada-cafe-3-370x493.jpg 370w, https:\/\/rehagro.com.br\/blog\/wp-content\/uploads\/2024\/07\/florada-cafe-3-270x360.jpg 270w, https:\/\/rehagro.com.br\/blog\/wp-content\/uploads\/2024\/07\/florada-cafe-3-150x200.jpg 150w\" sizes=\"auto, (max-width: 585px) 100vw, 585px\" \/><\/p>\n<p style=\"text-align: center;\"><span style=\"font-size: 13px;\"><span style=\"font-weight: 400;\">Cafeeiro ar\u00e1bica ap\u00f3s a aberturas das flores. <\/span><span style=\"font-weight: 400;\">Foto: Isa\u00edas dos Santos.\u00a0<\/span><\/span><\/p>\n<p>Como foi citado anteriormente <strong>as gemas florais passam por v\u00e1rias fases at\u00e9 acontecer o florescimento<\/strong>, que de forma did\u00e1tica pode ser dividida nas seguintes etapas:<\/p>\n<ul>\n<li>Indu\u00e7\u00e3o e inicia\u00e7\u00e3o (G1).<\/li>\n<li>Diferencia\u00e7\u00e3o (G2).<\/li>\n<li>Crescimento\/desenvolvimento (G3 e G4).<\/li>\n<li>Lat\u00eancia (G5).<\/li>\n<li>Antese (G6).<\/li>\n<\/ul>\n<p><img loading=\"lazy\" decoding=\"async\" class=\"aligncenter size-full wp-image-33532\" src=\"https:\/\/rehagro.com.br\/blog\/wp-content\/uploads\/2024\/07\/estagios-desenvolvimento-floral.jpg\" alt=\"Est\u00e1gios do desenvolvimento floral do cafeeiro ar\u00e1bica\" width=\"971\" height=\"237\" srcset=\"https:\/\/rehagro.com.br\/blog\/wp-content\/uploads\/2024\/07\/estagios-desenvolvimento-floral.jpg 971w, https:\/\/rehagro.com.br\/blog\/wp-content\/uploads\/2024\/07\/estagios-desenvolvimento-floral-300x73.jpg 300w, https:\/\/rehagro.com.br\/blog\/wp-content\/uploads\/2024\/07\/estagios-desenvolvimento-floral-768x187.jpg 768w, https:\/\/rehagro.com.br\/blog\/wp-content\/uploads\/2024\/07\/estagios-desenvolvimento-floral-370x90.jpg 370w, https:\/\/rehagro.com.br\/blog\/wp-content\/uploads\/2024\/07\/estagios-desenvolvimento-floral-270x66.jpg 270w, https:\/\/rehagro.com.br\/blog\/wp-content\/uploads\/2024\/07\/estagios-desenvolvimento-floral-740x181.jpg 740w, https:\/\/rehagro.com.br\/blog\/wp-content\/uploads\/2024\/07\/estagios-desenvolvimento-floral-150x37.jpg 150w\" sizes=\"auto, (max-width: 971px) 100vw, 971px\" \/><\/p>\n<p style=\"text-align: center;\"><span style=\"font-size: 13px;\"><span style=\"font-weight: 400;\">Est\u00e1gios do desenvolvimento floral do cafeeiro ar\u00e1bica. <\/span><span style=\"font-weight: 400;\">Fonte: Lopez et al (2021<\/span><span style=\"font-weight: 400;\">).\u00a0<\/span><\/span><\/p>\n<h2>Fatores que interferem na florada do caf\u00e9<\/h2>\n<h3>Temperatura e umidade<\/h3>\n<p><strong>Condi\u00e7\u00f5es extremas de seca<\/strong> e temperaturas altas durante o per\u00edodo de vegeta\u00e7\u00e3o e forma\u00e7\u00e3o das gemas foliares (setembro a mar\u00e7o), pode afetar o desenvolvimento das gemas e consequentemente a produ\u00e7\u00e3o do ano seguinte.<\/p>\n<p>Essas mesmas condi\u00e7\u00f5es de seca e temperaturas altas na fase do florescimento, interferem na forma\u00e7\u00e3o das estruturas reprodutivas, podendo ocasionar abortamento das flores e flor estrelinha (mal formada).<\/p>\n<p><img loading=\"lazy\" decoding=\"async\" class=\"aligncenter size-full wp-image-33533\" src=\"https:\/\/rehagro.com.br\/blog\/wp-content\/uploads\/2024\/07\/florada-cafe-4.jpg\" alt=\"Alta temperatura prejudicando o desenvolvimento adequado da flor do cafeeiro\" width=\"989\" height=\"548\" srcset=\"https:\/\/rehagro.com.br\/blog\/wp-content\/uploads\/2024\/07\/florada-cafe-4.jpg 989w, https:\/\/rehagro.com.br\/blog\/wp-content\/uploads\/2024\/07\/florada-cafe-4-300x166.jpg 300w, https:\/\/rehagro.com.br\/blog\/wp-content\/uploads\/2024\/07\/florada-cafe-4-768x426.jpg 768w, https:\/\/rehagro.com.br\/blog\/wp-content\/uploads\/2024\/07\/florada-cafe-4-370x205.jpg 370w, https:\/\/rehagro.com.br\/blog\/wp-content\/uploads\/2024\/07\/florada-cafe-4-270x150.jpg 270w, https:\/\/rehagro.com.br\/blog\/wp-content\/uploads\/2024\/07\/florada-cafe-4-740x410.jpg 740w, https:\/\/rehagro.com.br\/blog\/wp-content\/uploads\/2024\/07\/florada-cafe-4-150x83.jpg 150w\" sizes=\"auto, (max-width: 989px) 100vw, 989px\" \/><\/p>\n<p style=\"text-align: center;\"><span style=\"font-size: 13px;\"><span style=\"font-weight: 400;\">Alta temperatura prejudicando o desenvolvimento adequado da flor do cafeeiro. Esquerda: flor desidratada. Direita: flor estrelinha (mal formada). <\/span><span style=\"font-weight: 400;\">Foto: Diego Baqui\u00e3o \/ Isa\u00edas dos Santos.\u00a0<\/span><\/span><\/p>\n<p>Em lavouras que s\u00e3o irrigadas manter a umidade no solo nos per\u00edodos cr\u00edticos auxilia no bom pegamento da florada e consequentemente no aumento da produtividade.<\/p>\n<p>No trabalho abaixo, pode-se observar diferen\u00e7a significativa de produtividade onde foi realizado a irriga\u00e7\u00e3o suplementar, visando manter a reserva no solo em 100 mm.<\/p>\n<p><img loading=\"lazy\" decoding=\"async\" class=\"aligncenter size-large wp-image-33534\" src=\"https:\/\/rehagro.com.br\/blog\/wp-content\/uploads\/2024\/07\/produtividade-cafeeiro-1024x166.jpg\" alt=\"Produtividade em cafeeiros submetidos ou n\u00e3o a irriga\u00e7\u00e3o suplementar no per\u00edodo de indu\u00e7\u00e3o floral e outros per\u00edodos cr\u00edticos\" width=\"770\" height=\"125\" srcset=\"https:\/\/rehagro.com.br\/blog\/wp-content\/uploads\/2024\/07\/produtividade-cafeeiro-1024x166.jpg 1024w, https:\/\/rehagro.com.br\/blog\/wp-content\/uploads\/2024\/07\/produtividade-cafeeiro-300x49.jpg 300w, https:\/\/rehagro.com.br\/blog\/wp-content\/uploads\/2024\/07\/produtividade-cafeeiro-768x125.jpg 768w, https:\/\/rehagro.com.br\/blog\/wp-content\/uploads\/2024\/07\/produtividade-cafeeiro-370x60.jpg 370w, https:\/\/rehagro.com.br\/blog\/wp-content\/uploads\/2024\/07\/produtividade-cafeeiro-270x44.jpg 270w, https:\/\/rehagro.com.br\/blog\/wp-content\/uploads\/2024\/07\/produtividade-cafeeiro-740x120.jpg 740w, https:\/\/rehagro.com.br\/blog\/wp-content\/uploads\/2024\/07\/produtividade-cafeeiro-150x24.jpg 150w, https:\/\/rehagro.com.br\/blog\/wp-content\/uploads\/2024\/07\/produtividade-cafeeiro.jpg 1035w\" sizes=\"auto, (max-width: 770px) 100vw, 770px\" \/><\/p>\n<p style=\"text-align: center;\"><span style=\"font-size: 13px;\"><span style=\"font-weight: 400;\">Produtividade em cafeeiros submetidos ou n\u00e3o a irriga\u00e7\u00e3o suplementar no per\u00edodo de indu\u00e7\u00e3o floral e outros per\u00edodos cr\u00edticos. <\/span><span style=\"font-weight: 400;\">Fonte: Paiva et al. (2009).\u00a0<\/span><\/span><\/p>\n<h3>Nutri\u00e7\u00e3o<\/h3>\n<p>A <strong><a href=\"https:\/\/rehagro.com.br\/blog\/nutrientes-para-o-cafeeiro\/\">nutri\u00e7\u00e3o adequada<\/a><\/strong> durante o per\u00edodo de entressafra \u00e9 fator fundamental para o desenvolvimento do cafeeiro e consequentemente bom desenvolvimento e pagamento da florada.<\/p>\n<p>Alguns nutrientes como o c\u00e1lcio e o <strong><a href=\"https:\/\/rehagro.com.br\/blog\/boro-no-cafeeiro\/\">boro<\/a><\/strong> est\u00e3o ligados diretamente a essa fase, eles atuam na germina\u00e7\u00e3o do gr\u00e3o de p\u00f3len e crescimento do tubo pol\u00ednico. Por\u00e9m \u00e9 importante ficar atento ao balan\u00e7o nutricional de todos os elementos, respeitando a lei do m\u00ednimo.<\/p>\n<p><strong>\u00c9 importante ressaltar que os nutrientes c\u00e1lcio e boro devem ser fornecidos via solo<\/strong>, uma vez que s\u00e3o im\u00f3veis via floema, garantindo assim uma boa distribui\u00e7\u00e3o nos tecidos vegetais em que s\u00e3o solicitados.<\/p>\n<p><a href=\"https:\/\/rehagro.com.br\/cursos\/capacitacao-em-gestao-na-producao-de-cafe?utm_campaign=mkt-materiais-gc&amp;utm_source=textos&amp;utm_medium=blog\" target=\"_blank\" rel=\"noopener\"><img loading=\"lazy\" decoding=\"async\" class=\"aligncenter wp-image-28254 size-full\" title=\"Clique e saiba mais sobre o curso!\" src=\"https:\/\/rehagro.com.br\/blog\/wp-content\/uploads\/2020\/07\/botao-gc-arabica-1.jpg\" alt=\"Curso Gest\u00e3o na Produ\u00e7\u00e3o de Caf\u00e9 Ar\u00e1bica\" width=\"900\" height=\"250\" srcset=\"https:\/\/rehagro.com.br\/blog\/wp-content\/uploads\/2020\/07\/botao-gc-arabica-1.jpg 900w, https:\/\/rehagro.com.br\/blog\/wp-content\/uploads\/2020\/07\/botao-gc-arabica-1-300x83.jpg 300w, https:\/\/rehagro.com.br\/blog\/wp-content\/uploads\/2020\/07\/botao-gc-arabica-1-768x213.jpg 768w, https:\/\/rehagro.com.br\/blog\/wp-content\/uploads\/2020\/07\/botao-gc-arabica-1-370x103.jpg 370w, https:\/\/rehagro.com.br\/blog\/wp-content\/uploads\/2020\/07\/botao-gc-arabica-1-270x75.jpg 270w, https:\/\/rehagro.com.br\/blog\/wp-content\/uploads\/2020\/07\/botao-gc-arabica-1-740x206.jpg 740w, https:\/\/rehagro.com.br\/blog\/wp-content\/uploads\/2020\/07\/botao-gc-arabica-1-150x42.jpg 150w\" sizes=\"auto, (max-width: 900px) 100vw, 900px\" \/><\/a><\/p>\n<h3>Manejo fitossanit\u00e1rio<\/h3>\n<p>Manter a planta livre de <strong><a href=\"https:\/\/rehagro.com.br\/blog\/pragas-do-cafe-arabica\/\">pragas<\/a><\/strong> e doen\u00e7as \u00e9 importante para garantir um bom enfolhamento da lavoura durante a entressafra, o que auxilia no equil\u00edbrio da rela\u00e7\u00e3o fonte\/dreno, uma vez que a florada tem alta demanda energ\u00e9tica da planta e as folhas \u00e9 a principal fonte de fotoassimilados.<\/p>\n<p><span style=\"font-weight: 400;\">Visando o controle preventivo de doen\u00e7as que acometem a florada do cafeeiro, \u00e9 importante se atentar com as pulveriza\u00e7\u00f5es de pr\u00e9 e\/ou p\u00f3s florada, de acordo com as condi\u00e7\u00f5es clim\u00e1ticas do ano e da regi\u00e3o. <\/span><\/p>\n<p><span style=\"font-weight: 400;\">Fatores como umidade relativa, altitude, temperatura, espa\u00e7amento e cultivar, interferem diretamente na incid\u00eancia da doen\u00e7a e podem ajudar no direcionamento do monitoramento.\u00a0<\/span><\/p>\n<p><img loading=\"lazy\" decoding=\"async\" class=\"aligncenter size-full wp-image-33535\" src=\"https:\/\/rehagro.com.br\/blog\/wp-content\/uploads\/2024\/07\/doenca-phoma.jpg\" alt=\"Doen\u00e7a de phoma causando seca de ponteiro e mumifica\u00e7\u00e3o de chumbinhos em cafeeiro ar\u00e1bica\" width=\"960\" height=\"548\" srcset=\"https:\/\/rehagro.com.br\/blog\/wp-content\/uploads\/2024\/07\/doenca-phoma.jpg 960w, https:\/\/rehagro.com.br\/blog\/wp-content\/uploads\/2024\/07\/doenca-phoma-300x171.jpg 300w, https:\/\/rehagro.com.br\/blog\/wp-content\/uploads\/2024\/07\/doenca-phoma-768x438.jpg 768w, https:\/\/rehagro.com.br\/blog\/wp-content\/uploads\/2024\/07\/doenca-phoma-370x211.jpg 370w, https:\/\/rehagro.com.br\/blog\/wp-content\/uploads\/2024\/07\/doenca-phoma-270x154.jpg 270w, https:\/\/rehagro.com.br\/blog\/wp-content\/uploads\/2024\/07\/doenca-phoma-740x422.jpg 740w, https:\/\/rehagro.com.br\/blog\/wp-content\/uploads\/2024\/07\/doenca-phoma-150x86.jpg 150w\" sizes=\"auto, (max-width: 960px) 100vw, 960px\" \/><\/p>\n<p style=\"text-align: center;\"><span style=\"font-size: 13px;\"><span style=\"font-weight: 400;\">Doen\u00e7a de Phoma causando seca de ponteiro e mumifica\u00e7\u00e3o de chumbinhos em cafeeiro ar\u00e1bica. <\/span><span style=\"font-weight: 400;\">Foto: Isa\u00edas dos Santos.\u00a0<\/span><\/span><\/p>\n<h3>Colheita do caf\u00e9<\/h3>\n<p>A <strong><a href=\"https:\/\/rehagro.com.br\/blog\/colheita-de-cafe\/\">colheita<\/a><\/strong> \u00e9 outro fator que pode influenciar na florada da planta de caf\u00e9. A mesma quando realizada tarde pode danificar os bot\u00f5es florais ou at\u00e9 mesmo derrub\u00e1-los durante a derri\u00e7a.<\/p>\n<p>Desta forma, o planejamento de colheita deve ser realizado visando encerrar numa data adequada, essa data varia de regi\u00e3o para regi\u00e3o.<\/p>\n<p>Em regi\u00f5es em que a colheita se inicia no m\u00eas de abril o ideal seria termin\u00e1-la no m\u00e1ximo at\u00e9 o final de junho. J\u00e1 onde se inicia em maio, a data limite seria o final do m\u00eas de julho. De qualquer forma <strong>\u00e9 importante ter em mente que quanto mais cedo terminar a colheita melhor<\/strong>.<\/p>\n<p><img loading=\"lazy\" decoding=\"async\" class=\"aligncenter size-full wp-image-33536\" src=\"https:\/\/rehagro.com.br\/blog\/wp-content\/uploads\/2024\/07\/frutos-secos-cafeeiro.jpg\" alt=\"Frutos secos e bot\u00f5es florais em cafeeiro\" width=\"837\" height=\"643\" srcset=\"https:\/\/rehagro.com.br\/blog\/wp-content\/uploads\/2024\/07\/frutos-secos-cafeeiro.jpg 837w, https:\/\/rehagro.com.br\/blog\/wp-content\/uploads\/2024\/07\/frutos-secos-cafeeiro-300x230.jpg 300w, https:\/\/rehagro.com.br\/blog\/wp-content\/uploads\/2024\/07\/frutos-secos-cafeeiro-768x590.jpg 768w, https:\/\/rehagro.com.br\/blog\/wp-content\/uploads\/2024\/07\/frutos-secos-cafeeiro-370x284.jpg 370w, https:\/\/rehagro.com.br\/blog\/wp-content\/uploads\/2024\/07\/frutos-secos-cafeeiro-270x207.jpg 270w, https:\/\/rehagro.com.br\/blog\/wp-content\/uploads\/2024\/07\/frutos-secos-cafeeiro-740x568.jpg 740w, https:\/\/rehagro.com.br\/blog\/wp-content\/uploads\/2024\/07\/frutos-secos-cafeeiro-80x60.jpg 80w, https:\/\/rehagro.com.br\/blog\/wp-content\/uploads\/2024\/07\/frutos-secos-cafeeiro-150x115.jpg 150w\" sizes=\"auto, (max-width: 837px) 100vw, 837px\" \/><\/p>\n<p style=\"text-align: center;\"><span style=\"font-weight: 400; font-size: 13px;\">Esquerda: frutos secos e bot\u00f5es florais em cafeeiro. Direita: Bot\u00f5es florais no fundo da colhedora de caf\u00e9. Foto: Isaias dos Santos<\/span><\/p>\n<h2>Potencialize a florada e garanta mais produtividade no caf\u00e9<\/h2>\n<p>A florada \u00e9 um dos momentos mais importantes do ciclo do cafeeiro, pois define grande parte do potencial produtivo da lavoura. Para reduzir os fatores de interfer\u00eancia e aproveitar ao m\u00e1ximo essa fase, \u00e9 fundamental unir pr\u00e1ticas de manejo adequadas a uma gest\u00e3o eficiente e estrat\u00e9gica.<\/p>\n<p>No <strong><a href=\"https:\/\/rehagro.com.br\/cursos\/capacitacao-em-gestao-na-producao-de-cafe?utm_campaign=mkt-materiais-gc&amp;utm_source=textos&amp;utm_medium=blog\">Curso Gest\u00e3o na Produ\u00e7\u00e3o de Caf\u00e9 Ar\u00e1bica<\/a><\/strong> do Rehagro, voc\u00ea aprende a planejar cada etapa do ciclo do cafeeiro, interpretar melhor as necessidades da planta, reduzir custos e conduzir a lavoura com foco em qualidade, produtividade e rentabilidade.<\/p>\n<p><a href=\"https:\/\/rehagro.com.br\/cursos\/capacitacao-em-gestao-na-producao-de-cafe?utm_campaign=mkt-materiais-gc&amp;utm_source=textos&amp;utm_medium=blog\" target=\"_blank\" rel=\"noopener\"><img loading=\"lazy\" decoding=\"async\" class=\"aligncenter wp-image-24250 size-full\" title=\"Clique e saiba mais sobre o curso!\" src=\"https:\/\/rehagro.com.br\/blog\/wp-content\/uploads\/2023\/09\/banner-gc.jpg\" alt=\"Curso Gest\u00e3o na Produ\u00e7\u00e3o de Caf\u00e9 Ar\u00e1bica\" width=\"980\" height=\"317\" srcset=\"https:\/\/rehagro.com.br\/blog\/wp-content\/uploads\/2023\/09\/banner-gc.jpg 980w, https:\/\/rehagro.com.br\/blog\/wp-content\/uploads\/2023\/09\/banner-gc-300x97.jpg 300w, https:\/\/rehagro.com.br\/blog\/wp-content\/uploads\/2023\/09\/banner-gc-768x248.jpg 768w, https:\/\/rehagro.com.br\/blog\/wp-content\/uploads\/2023\/09\/banner-gc-370x120.jpg 370w, https:\/\/rehagro.com.br\/blog\/wp-content\/uploads\/2023\/09\/banner-gc-270x87.jpg 270w, https:\/\/rehagro.com.br\/blog\/wp-content\/uploads\/2023\/09\/banner-gc-740x239.jpg 740w, https:\/\/rehagro.com.br\/blog\/wp-content\/uploads\/2023\/09\/banner-gc-150x49.jpg 150w\" sizes=\"auto, (max-width: 980px) 100vw, 980px\" \/><\/a><\/p>\n<p><img loading=\"lazy\" decoding=\"async\" class=\"aligncenter size-full wp-image-29769\" src=\"https:\/\/rehagro.com.br\/blog\/wp-content\/uploads\/2024\/03\/isaias.jpg\" alt=\"Isaias dos Santos\" width=\"300\" height=\"96\" srcset=\"https:\/\/rehagro.com.br\/blog\/wp-content\/uploads\/2024\/03\/isaias.jpg 300w, https:\/\/rehagro.com.br\/blog\/wp-content\/uploads\/2024\/03\/isaias-270x86.jpg 270w, https:\/\/rehagro.com.br\/blog\/wp-content\/uploads\/2024\/03\/isaias-150x48.jpg 150w\" sizes=\"auto, (max-width: 300px) 100vw, 300px\" \/><\/p>\n<p><strong>Refer\u00eancias bibliogr\u00e1ficas<\/strong><\/p>\n<ul>\n<li><span style=\"font-size: 13px;\">CARVALHO, G.R. <i>et al<\/i>. Cafeicultura do Cerrado. Belo Horizonte: EPAMIG, 2021. 564p.<\/span><\/li>\n<li><span style=\"font-size: 13px;\">CAMARGO, A.P.; CAMARGO, M.B.P. Defini\u00e7\u00e3o e esquematiza\u00e7\u00e3o das fases fenol\u00f3gicas do cafeeiro ar\u00e1bica nas condi\u00e7\u00f5es tropicais do Brasil. Bragantia, Campinas, 60(1), 65-68, 2001.<\/span><\/li>\n<li><span style=\"font-size: 13px;\">LOLPEZ, M.E. <i>et al.<\/i> <em>An overview of the endogenous and environmental factors related to the Coffea arabica flowering process. Beverage Plant Research<\/em>. 2021, 1: 13.<\/span><\/li>\n<li><span style=\"font-size: 13px;\">MATIELLO, J. B. <i>et al.<\/i> Cultura de caf\u00e9 no Brasil: Manual de recomenda\u00e7\u00f5es. Varginha, MG, 2020. p.714.<\/span><\/li>\n<\/ul>\n","protected":false},"excerpt":{"rendered":"<p>A florada do caf\u00e9 est\u00e1 diretamente relacionada com a produ\u00e7\u00e3o da planta. Diversos fatores como doen\u00e7as, fotoper\u00edodo, temperatura, disponibilidade h\u00eddrica e balan\u00e7o hormonal interferem na florada. Estar atento a esses fatores que interferem no florescimento \u00e9 essencial para garantir boa produtividade das lavouras. &nbsp; Sem tempo para ler agora? Baixe este artigo em PDF! A [&hellip;]<\/p>\n","protected":false},"author":21,"featured_media":33538,"comment_status":"open","ping_status":"open","sticky":false,"template":"","format":"standard","meta":{"footnotes":""},"categories":[211],"tags":[282,673,292,940],"class_list":["post-33526","post","type-post","status-publish","format-standard","has-post-thumbnail","hentry","category-cafe","tag-cafe","tag-cafeicultura","tag-colheita","tag-florada"],"yoast_head":"<!-- This site is optimized with the Yoast SEO plugin v27.4 - https:\/\/yoast.com\/product\/yoast-seo-wordpress\/ -->\n<title>Florada do caf\u00e9: veja os principais fatores de interfer\u00eancia<\/title>\n<meta name=\"description\" content=\"Descubra como clima, solo e cuidados agr\u00edcolas influenciam a florada do caf\u00e9 e a produ\u00e7\u00e3o de gr\u00e3os de qualidade.\" \/>\n<meta name=\"robots\" content=\"index, follow, max-snippet:-1, max-image-preview:large, max-video-preview:-1\" \/>\n<link rel=\"canonical\" href=\"https:\/\/rehagro.com.br\/blog\/florada-do-cafe\/\" \/>\n<meta property=\"og:locale\" content=\"pt_BR\" \/>\n<meta property=\"og:type\" content=\"article\" \/>\n<meta property=\"og:title\" content=\"Florada do caf\u00e9: veja os principais fatores de interfer\u00eancia\" \/>\n<meta property=\"og:description\" content=\"Descubra como clima, solo e cuidados agr\u00edcolas influenciam a florada do caf\u00e9 e a produ\u00e7\u00e3o de gr\u00e3os de qualidade.\" \/>\n<meta property=\"og:url\" content=\"https:\/\/rehagro.com.br\/blog\/florada-do-cafe\/\" \/>\n<meta property=\"og:site_name\" content=\"Rehagro Blog\" \/>\n<meta property=\"article:published_time\" content=\"2024-07-10T11:00:43+00:00\" \/>\n<meta property=\"article:modified_time\" content=\"2026-04-08T15:03:55+00:00\" \/>\n<meta property=\"og:image\" content=\"https:\/\/rehagro.com.br\/blog\/wp-content\/uploads\/2024\/07\/capa-florada.jpeg\" \/>\n\t<meta property=\"og:image:width\" content=\"1200\" \/>\n\t<meta property=\"og:image:height\" content=\"670\" \/>\n\t<meta property=\"og:image:type\" content=\"image\/jpeg\" \/>\n<meta name=\"author\" content=\"Jo\u00e3o Pedro Azevedo\" \/>\n<meta name=\"twitter:card\" content=\"summary_large_image\" \/>\n<meta name=\"twitter:label1\" content=\"Escrito por\" \/>\n\t<meta name=\"twitter:data1\" content=\"Jo\u00e3o Pedro Azevedo\" \/>\n\t<meta name=\"twitter:label2\" content=\"Est. tempo de leitura\" \/>\n\t<meta name=\"twitter:data2\" content=\"10 minutos\" \/>\n<script type=\"application\/ld+json\" class=\"yoast-schema-graph\">{\"@context\":\"https:\\\/\\\/schema.org\",\"@graph\":[{\"@type\":\"Article\",\"@id\":\"https:\\\/\\\/rehagro.com.br\\\/blog\\\/florada-do-cafe\\\/#article\",\"isPartOf\":{\"@id\":\"https:\\\/\\\/rehagro.com.br\\\/blog\\\/florada-do-cafe\\\/\"},\"author\":{\"name\":\"Jo\u00e3o Pedro Azevedo\",\"@id\":\"https:\\\/\\\/rehagro.com.br\\\/blog\\\/#\\\/schema\\\/person\\\/f2d1ae51b04939615ceebb3c0bfd8a94\"},\"headline\":\"Florada do caf\u00e9: veja quais s\u00e3o os principais fatores de interfer\u00eancia\",\"datePublished\":\"2024-07-10T11:00:43+00:00\",\"dateModified\":\"2026-04-08T15:03:55+00:00\",\"mainEntityOfPage\":{\"@id\":\"https:\\\/\\\/rehagro.com.br\\\/blog\\\/florada-do-cafe\\\/\"},\"wordCount\":1278,\"commentCount\":0,\"publisher\":{\"@id\":\"https:\\\/\\\/rehagro.com.br\\\/blog\\\/#organization\"},\"image\":{\"@id\":\"https:\\\/\\\/rehagro.com.br\\\/blog\\\/florada-do-cafe\\\/#primaryimage\"},\"thumbnailUrl\":\"https:\\\/\\\/rehagro.com.br\\\/blog\\\/wp-content\\\/uploads\\\/2024\\\/07\\\/capa-florada.jpeg\",\"keywords\":[\"caf\u00e9\",\"cafeicultura\",\"colheita\",\"florada\"],\"articleSection\":[\"CAF\u00c9\"],\"inLanguage\":\"pt-BR\",\"potentialAction\":[{\"@type\":\"CommentAction\",\"name\":\"Comment\",\"target\":[\"https:\\\/\\\/rehagro.com.br\\\/blog\\\/florada-do-cafe\\\/#respond\"]}]},{\"@type\":\"WebPage\",\"@id\":\"https:\\\/\\\/rehagro.com.br\\\/blog\\\/florada-do-cafe\\\/\",\"url\":\"https:\\\/\\\/rehagro.com.br\\\/blog\\\/florada-do-cafe\\\/\",\"name\":\"Florada do caf\u00e9: veja os principais fatores de interfer\u00eancia\",\"isPartOf\":{\"@id\":\"https:\\\/\\\/rehagro.com.br\\\/blog\\\/#website\"},\"primaryImageOfPage\":{\"@id\":\"https:\\\/\\\/rehagro.com.br\\\/blog\\\/florada-do-cafe\\\/#primaryimage\"},\"image\":{\"@id\":\"https:\\\/\\\/rehagro.com.br\\\/blog\\\/florada-do-cafe\\\/#primaryimage\"},\"thumbnailUrl\":\"https:\\\/\\\/rehagro.com.br\\\/blog\\\/wp-content\\\/uploads\\\/2024\\\/07\\\/capa-florada.jpeg\",\"datePublished\":\"2024-07-10T11:00:43+00:00\",\"dateModified\":\"2026-04-08T15:03:55+00:00\",\"description\":\"Descubra como clima, solo e cuidados agr\u00edcolas influenciam a florada do caf\u00e9 e a produ\u00e7\u00e3o de gr\u00e3os de qualidade.\",\"breadcrumb\":{\"@id\":\"https:\\\/\\\/rehagro.com.br\\\/blog\\\/florada-do-cafe\\\/#breadcrumb\"},\"inLanguage\":\"pt-BR\",\"potentialAction\":[{\"@type\":\"ReadAction\",\"target\":[\"https:\\\/\\\/rehagro.com.br\\\/blog\\\/florada-do-cafe\\\/\"]}]},{\"@type\":\"ImageObject\",\"inLanguage\":\"pt-BR\",\"@id\":\"https:\\\/\\\/rehagro.com.br\\\/blog\\\/florada-do-cafe\\\/#primaryimage\",\"url\":\"https:\\\/\\\/rehagro.com.br\\\/blog\\\/wp-content\\\/uploads\\\/2024\\\/07\\\/capa-florada.jpeg\",\"contentUrl\":\"https:\\\/\\\/rehagro.com.br\\\/blog\\\/wp-content\\\/uploads\\\/2024\\\/07\\\/capa-florada.jpeg\",\"width\":1200,\"height\":670},{\"@type\":\"BreadcrumbList\",\"@id\":\"https:\\\/\\\/rehagro.com.br\\\/blog\\\/florada-do-cafe\\\/#breadcrumb\",\"itemListElement\":[{\"@type\":\"ListItem\",\"position\":1,\"name\":\"In\u00edcio\",\"item\":\"https:\\\/\\\/rehagro.com.br\\\/blog\\\/\"},{\"@type\":\"ListItem\",\"position\":2,\"name\":\"Florada do caf\u00e9: veja quais s\u00e3o os principais fatores de interfer\u00eancia\"}]},{\"@type\":\"WebSite\",\"@id\":\"https:\\\/\\\/rehagro.com.br\\\/blog\\\/#website\",\"url\":\"https:\\\/\\\/rehagro.com.br\\\/blog\\\/\",\"name\":\"Rehagro Blog\",\"description\":\"\",\"publisher\":{\"@id\":\"https:\\\/\\\/rehagro.com.br\\\/blog\\\/#organization\"},\"potentialAction\":[{\"@type\":\"SearchAction\",\"target\":{\"@type\":\"EntryPoint\",\"urlTemplate\":\"https:\\\/\\\/rehagro.com.br\\\/blog\\\/?s={search_term_string}\"},\"query-input\":{\"@type\":\"PropertyValueSpecification\",\"valueRequired\":true,\"valueName\":\"search_term_string\"}}],\"inLanguage\":\"pt-BR\"},{\"@type\":\"Organization\",\"@id\":\"https:\\\/\\\/rehagro.com.br\\\/blog\\\/#organization\",\"name\":\"Rehagro\",\"url\":\"https:\\\/\\\/rehagro.com.br\\\/blog\\\/\",\"logo\":{\"@type\":\"ImageObject\",\"inLanguage\":\"pt-BR\",\"@id\":\"https:\\\/\\\/rehagro.com.br\\\/blog\\\/#\\\/schema\\\/logo\\\/image\\\/\",\"url\":\"https:\\\/\\\/rehagro.com.br\\\/blog\\\/wp-content\\\/uploads\\\/2018\\\/05\\\/logo-rehagro.png\",\"contentUrl\":\"https:\\\/\\\/rehagro.com.br\\\/blog\\\/wp-content\\\/uploads\\\/2018\\\/05\\\/logo-rehagro.png\",\"width\":400,\"height\":115,\"caption\":\"Rehagro\"},\"image\":{\"@id\":\"https:\\\/\\\/rehagro.com.br\\\/blog\\\/#\\\/schema\\\/logo\\\/image\\\/\"}},{\"@type\":\"Person\",\"@id\":\"https:\\\/\\\/rehagro.com.br\\\/blog\\\/#\\\/schema\\\/person\\\/f2d1ae51b04939615ceebb3c0bfd8a94\",\"name\":\"Jo\u00e3o Pedro Azevedo\",\"image\":{\"@type\":\"ImageObject\",\"inLanguage\":\"pt-BR\",\"@id\":\"https:\\\/\\\/secure.gravatar.com\\\/avatar\\\/34aacffb2f10625483f480470f3274778dd1c183ba4f66444bb60ae92149bf8a?s=96&d=mm&r=g\",\"url\":\"https:\\\/\\\/secure.gravatar.com\\\/avatar\\\/34aacffb2f10625483f480470f3274778dd1c183ba4f66444bb60ae92149bf8a?s=96&d=mm&r=g\",\"contentUrl\":\"https:\\\/\\\/secure.gravatar.com\\\/avatar\\\/34aacffb2f10625483f480470f3274778dd1c183ba4f66444bb60ae92149bf8a?s=96&d=mm&r=g\",\"caption\":\"Jo\u00e3o Pedro Azevedo\"},\"url\":\"https:\\\/\\\/rehagro.com.br\\\/blog\\\/author\\\/joao-pedro\\\/\"}]}<\/script>\n<!-- \/ Yoast SEO plugin. -->","yoast_head_json":{"title":"Florada do caf\u00e9: veja os principais fatores de interfer\u00eancia","description":"Descubra como clima, solo e cuidados agr\u00edcolas influenciam a florada do caf\u00e9 e a produ\u00e7\u00e3o de gr\u00e3os de qualidade.","robots":{"index":"index","follow":"follow","max-snippet":"max-snippet:-1","max-image-preview":"max-image-preview:large","max-video-preview":"max-video-preview:-1"},"canonical":"https:\/\/rehagro.com.br\/blog\/florada-do-cafe\/","og_locale":"pt_BR","og_type":"article","og_title":"Florada do caf\u00e9: veja os principais fatores de interfer\u00eancia","og_description":"Descubra como clima, solo e cuidados agr\u00edcolas influenciam a florada do caf\u00e9 e a produ\u00e7\u00e3o de gr\u00e3os de qualidade.","og_url":"https:\/\/rehagro.com.br\/blog\/florada-do-cafe\/","og_site_name":"Rehagro Blog","article_published_time":"2024-07-10T11:00:43+00:00","article_modified_time":"2026-04-08T15:03:55+00:00","og_image":[{"width":1200,"height":670,"url":"https:\/\/rehagro.com.br\/blog\/wp-content\/uploads\/2024\/07\/capa-florada.jpeg","type":"image\/jpeg"}],"author":"Jo\u00e3o Pedro Azevedo","twitter_card":"summary_large_image","twitter_misc":{"Escrito por":"Jo\u00e3o Pedro Azevedo","Est. tempo de leitura":"10 minutos"},"schema":{"@context":"https:\/\/schema.org","@graph":[{"@type":"Article","@id":"https:\/\/rehagro.com.br\/blog\/florada-do-cafe\/#article","isPartOf":{"@id":"https:\/\/rehagro.com.br\/blog\/florada-do-cafe\/"},"author":{"name":"Jo\u00e3o Pedro Azevedo","@id":"https:\/\/rehagro.com.br\/blog\/#\/schema\/person\/f2d1ae51b04939615ceebb3c0bfd8a94"},"headline":"Florada do caf\u00e9: veja quais s\u00e3o os principais fatores de interfer\u00eancia","datePublished":"2024-07-10T11:00:43+00:00","dateModified":"2026-04-08T15:03:55+00:00","mainEntityOfPage":{"@id":"https:\/\/rehagro.com.br\/blog\/florada-do-cafe\/"},"wordCount":1278,"commentCount":0,"publisher":{"@id":"https:\/\/rehagro.com.br\/blog\/#organization"},"image":{"@id":"https:\/\/rehagro.com.br\/blog\/florada-do-cafe\/#primaryimage"},"thumbnailUrl":"https:\/\/rehagro.com.br\/blog\/wp-content\/uploads\/2024\/07\/capa-florada.jpeg","keywords":["caf\u00e9","cafeicultura","colheita","florada"],"articleSection":["CAF\u00c9"],"inLanguage":"pt-BR","potentialAction":[{"@type":"CommentAction","name":"Comment","target":["https:\/\/rehagro.com.br\/blog\/florada-do-cafe\/#respond"]}]},{"@type":"WebPage","@id":"https:\/\/rehagro.com.br\/blog\/florada-do-cafe\/","url":"https:\/\/rehagro.com.br\/blog\/florada-do-cafe\/","name":"Florada do caf\u00e9: veja os principais fatores de interfer\u00eancia","isPartOf":{"@id":"https:\/\/rehagro.com.br\/blog\/#website"},"primaryImageOfPage":{"@id":"https:\/\/rehagro.com.br\/blog\/florada-do-cafe\/#primaryimage"},"image":{"@id":"https:\/\/rehagro.com.br\/blog\/florada-do-cafe\/#primaryimage"},"thumbnailUrl":"https:\/\/rehagro.com.br\/blog\/wp-content\/uploads\/2024\/07\/capa-florada.jpeg","datePublished":"2024-07-10T11:00:43+00:00","dateModified":"2026-04-08T15:03:55+00:00","description":"Descubra como clima, solo e cuidados agr\u00edcolas influenciam a florada do caf\u00e9 e a produ\u00e7\u00e3o de gr\u00e3os de qualidade.","breadcrumb":{"@id":"https:\/\/rehagro.com.br\/blog\/florada-do-cafe\/#breadcrumb"},"inLanguage":"pt-BR","potentialAction":[{"@type":"ReadAction","target":["https:\/\/rehagro.com.br\/blog\/florada-do-cafe\/"]}]},{"@type":"ImageObject","inLanguage":"pt-BR","@id":"https:\/\/rehagro.com.br\/blog\/florada-do-cafe\/#primaryimage","url":"https:\/\/rehagro.com.br\/blog\/wp-content\/uploads\/2024\/07\/capa-florada.jpeg","contentUrl":"https:\/\/rehagro.com.br\/blog\/wp-content\/uploads\/2024\/07\/capa-florada.jpeg","width":1200,"height":670},{"@type":"BreadcrumbList","@id":"https:\/\/rehagro.com.br\/blog\/florada-do-cafe\/#breadcrumb","itemListElement":[{"@type":"ListItem","position":1,"name":"In\u00edcio","item":"https:\/\/rehagro.com.br\/blog\/"},{"@type":"ListItem","position":2,"name":"Florada do caf\u00e9: veja quais s\u00e3o os principais fatores de interfer\u00eancia"}]},{"@type":"WebSite","@id":"https:\/\/rehagro.com.br\/blog\/#website","url":"https:\/\/rehagro.com.br\/blog\/","name":"Rehagro Blog","description":"","publisher":{"@id":"https:\/\/rehagro.com.br\/blog\/#organization"},"potentialAction":[{"@type":"SearchAction","target":{"@type":"EntryPoint","urlTemplate":"https:\/\/rehagro.com.br\/blog\/?s={search_term_string}"},"query-input":{"@type":"PropertyValueSpecification","valueRequired":true,"valueName":"search_term_string"}}],"inLanguage":"pt-BR"},{"@type":"Organization","@id":"https:\/\/rehagro.com.br\/blog\/#organization","name":"Rehagro","url":"https:\/\/rehagro.com.br\/blog\/","logo":{"@type":"ImageObject","inLanguage":"pt-BR","@id":"https:\/\/rehagro.com.br\/blog\/#\/schema\/logo\/image\/","url":"https:\/\/rehagro.com.br\/blog\/wp-content\/uploads\/2018\/05\/logo-rehagro.png","contentUrl":"https:\/\/rehagro.com.br\/blog\/wp-content\/uploads\/2018\/05\/logo-rehagro.png","width":400,"height":115,"caption":"Rehagro"},"image":{"@id":"https:\/\/rehagro.com.br\/blog\/#\/schema\/logo\/image\/"}},{"@type":"Person","@id":"https:\/\/rehagro.com.br\/blog\/#\/schema\/person\/f2d1ae51b04939615ceebb3c0bfd8a94","name":"Jo\u00e3o Pedro Azevedo","image":{"@type":"ImageObject","inLanguage":"pt-BR","@id":"https:\/\/secure.gravatar.com\/avatar\/34aacffb2f10625483f480470f3274778dd1c183ba4f66444bb60ae92149bf8a?s=96&d=mm&r=g","url":"https:\/\/secure.gravatar.com\/avatar\/34aacffb2f10625483f480470f3274778dd1c183ba4f66444bb60ae92149bf8a?s=96&d=mm&r=g","contentUrl":"https:\/\/secure.gravatar.com\/avatar\/34aacffb2f10625483f480470f3274778dd1c183ba4f66444bb60ae92149bf8a?s=96&d=mm&r=g","caption":"Jo\u00e3o Pedro Azevedo"},"url":"https:\/\/rehagro.com.br\/blog\/author\/joao-pedro\/"}]}},"_links":{"self":[{"href":"https:\/\/rehagro.com.br\/blog\/wp-json\/wp\/v2\/posts\/33526","targetHints":{"allow":["GET"]}}],"collection":[{"href":"https:\/\/rehagro.com.br\/blog\/wp-json\/wp\/v2\/posts"}],"about":[{"href":"https:\/\/rehagro.com.br\/blog\/wp-json\/wp\/v2\/types\/post"}],"author":[{"embeddable":true,"href":"https:\/\/rehagro.com.br\/blog\/wp-json\/wp\/v2\/users\/21"}],"replies":[{"embeddable":true,"href":"https:\/\/rehagro.com.br\/blog\/wp-json\/wp\/v2\/comments?post=33526"}],"version-history":[{"count":14,"href":"https:\/\/rehagro.com.br\/blog\/wp-json\/wp\/v2\/posts\/33526\/revisions"}],"predecessor-version":[{"id":42173,"href":"https:\/\/rehagro.com.br\/blog\/wp-json\/wp\/v2\/posts\/33526\/revisions\/42173"}],"wp:featuredmedia":[{"embeddable":true,"href":"https:\/\/rehagro.com.br\/blog\/wp-json\/wp\/v2\/media\/33538"}],"wp:attachment":[{"href":"https:\/\/rehagro.com.br\/blog\/wp-json\/wp\/v2\/media?parent=33526"}],"wp:term":[{"taxonomy":"category","embeddable":true,"href":"https:\/\/rehagro.com.br\/blog\/wp-json\/wp\/v2\/categories?post=33526"},{"taxonomy":"post_tag","embeddable":true,"href":"https:\/\/rehagro.com.br\/blog\/wp-json\/wp\/v2\/tags?post=33526"}],"curies":[{"name":"wp","href":"https:\/\/api.w.org\/{rel}","templated":true}]}}