{"id":33508,"date":"2024-07-08T10:30:01","date_gmt":"2024-07-08T13:30:01","guid":{"rendered":"https:\/\/rehagro.com.br\/blog\/?p=33508"},"modified":"2026-04-07T12:09:47","modified_gmt":"2026-04-07T15:09:47","slug":"como-escolher-a-especie-forrageira-para-a-sua-fazenda","status":"publish","type":"post","link":"https:\/\/rehagro.com.br\/blog\/como-escolher-a-especie-forrageira-para-a-sua-fazenda\/","title":{"rendered":"Como escolher a melhor esp\u00e9cie forrageira para a sua fazenda?"},"content":{"rendered":"<p>Para garantir que a forrageira expresse sua caracter\u00edstica de perenidade, \u00e9 essencial escolher uma esp\u00e9cie adaptada ao sistema de produ\u00e7\u00e3o, ao n\u00edvel de intensifica\u00e7\u00e3o, ao solo, e principalmente ao clima.<\/p>\n<p>A escolha correta da forrageira impacta diretamente a <strong>sustentabilidade e a produtividade da pastagem<\/strong>, influenciando a sa\u00fade do rebanho e a rentabilidade do sistema agropecu\u00e1rio.<\/p>\n<p>Al\u00e9m disso, uma forrageira bem adaptada pode contribuir para a conserva\u00e7\u00e3o do solo e a resili\u00eancia frente \u00e0s mudan\u00e7as clim\u00e1ticas. Dessa forma, a sele\u00e7\u00e3o criteriosa de esp\u00e9cies forrageiras <strong>\u00e9 um passo fundamental para a efici\u00eancia e a longevidade dos sistemas de produ\u00e7\u00e3o animal<\/strong>.<\/p>\n<div style=\"background-color: #efefef; padding-left: 10px; padding-right: 5px; border-radius: 10px;\">\n<p>&nbsp;<\/p>\n<p style=\"text-align: center;\"><strong><span style=\"font-size: 14pt;\">Sem tempo para ler agora? Baixe este artigo em PDF!<\/span><\/strong><\/p>\n<p><script charset=\"utf-8\" type=\"text\/javascript\" src=\"http:\/\/\/\/js.hsforms.net\/forms\/embed\/v2.js\"><\/script><br \/>\n<script>\nhbspt.forms.create({\nregion: \"na1\",\nportalId: \"5430441\",\nformId: \"f83e655b-67de-4fbe-b12a-88b7e9461712\"\n});\n<\/script><\/p>\n<\/div>\n<h2>Crit\u00e9rios para escolha de esp\u00e9cies forrageiras<\/h2>\n<p>A maior parte das esp\u00e9cies forrageiras utilizadas no Brasil pertence \u00e0 fam\u00edlia das gram\u00edneas (Poaceae). Em menor propor\u00e7\u00e3o, algumas esp\u00e9cies da fam\u00edlia das leguminosas (Fabaceae) tamb\u00e9m s\u00e3o empregadas. Este texto foca nas <strong>esp\u00e9cies forrageiras da fam\u00edlia das gram\u00edneas tropicais<\/strong> com h\u00e1bito de crescimento perene.<\/p>\n<p>O principal fator para o sucesso do estabelecimento e perpetua\u00e7\u00e3o de uma esp\u00e9cie forrageira ao longo dos anos \u00e9 sua adapta\u00e7\u00e3o \u00e0 temperatura, precipita\u00e7\u00e3o e solo do meio onde ser\u00e1 cultivada. Este deve sempre ser o primeiro crit\u00e9rio na escolha da esp\u00e9cie forrageira.<\/p>\n<p>Se a planta for adaptada \u00e0 regi\u00e3o onde a propriedade est\u00e1 localizada, \u00e9 necess\u00e1rio verificar se ela se encaixa no sistema de produ\u00e7\u00e3o. Isso inclui aspectos como:<\/p>\n<ul>\n<li><strong><a href=\"https:\/\/rehagro.com.br\/blog\/erros-no-manejo-de-pastagens\/\">Manejo do pastejo<\/a><\/strong>;<\/li>\n<li>Manejo do solo;<\/li>\n<li>Categoria e esp\u00e9cie animal;<\/li>\n<li>Produ\u00e7\u00e3o de mat\u00e9ria seca anual e por esta\u00e7\u00e3o do ano;<\/li>\n<li>Aceitabilidade pelos animais;<\/li>\n<li>Valor nutricional;<\/li>\n<li>Toler\u00e2ncia a pragas e doen\u00e7as.<\/li>\n<\/ul>\n<p>Todos esses aspectos devem ser considerados na escolha da esp\u00e9cie forrageira, sendo que cada um deles \u00e9 um crit\u00e9rio excludente. Ou seja, se algum desses crit\u00e9rios n\u00e3o for atendido, a esp\u00e9cie n\u00e3o ser\u00e1 indicada.<\/p>\n<p><a href=\"https:\/\/conteudo.rehagro.com.br\/ebook-amostragem-solo-pastagens?utm_campaign=material-corte&amp;utm_source=ebook-amostragem-de-solo&amp;utm_medium=blog\" target=\"_blank\" rel=\"noopener\"><img loading=\"lazy\" decoding=\"async\" class=\"aligncenter wp-image-39629 size-full\" title=\"Clique e baixe o e-book gr\u00e1tis!\" src=\"https:\/\/rehagro.com.br\/blog\/wp-content\/uploads\/2025\/09\/banner-ebook-amostragem-solo.png\" alt=\"E-book Amostragem de solo em pastagens\" width=\"980\" height=\"317\" srcset=\"https:\/\/rehagro.com.br\/blog\/wp-content\/uploads\/2025\/09\/banner-ebook-amostragem-solo.png 980w, https:\/\/rehagro.com.br\/blog\/wp-content\/uploads\/2025\/09\/banner-ebook-amostragem-solo-300x97.png 300w, https:\/\/rehagro.com.br\/blog\/wp-content\/uploads\/2025\/09\/banner-ebook-amostragem-solo-768x248.png 768w, https:\/\/rehagro.com.br\/blog\/wp-content\/uploads\/2025\/09\/banner-ebook-amostragem-solo-370x120.png 370w, https:\/\/rehagro.com.br\/blog\/wp-content\/uploads\/2025\/09\/banner-ebook-amostragem-solo-270x87.png 270w, https:\/\/rehagro.com.br\/blog\/wp-content\/uploads\/2025\/09\/banner-ebook-amostragem-solo-740x239.png 740w, https:\/\/rehagro.com.br\/blog\/wp-content\/uploads\/2025\/09\/banner-ebook-amostragem-solo-150x49.png 150w\" sizes=\"auto, (max-width: 980px) 100vw, 980px\" \/><\/a><\/p>\n<h2>Passo a passo para a escolha<\/h2>\n<h3>1\u00ba passo &#8211; Verificar \u00edndices clim\u00e1ticos<\/h3>\n<p>Pesquise os \u00edndices de precipita\u00e7\u00e3o e temperatura m\u00e9dia da regi\u00e3o em que a fazenda se encontra.<\/p>\n<p><img loading=\"lazy\" decoding=\"async\" class=\"aligncenter size-full wp-image-33510\" src=\"https:\/\/rehagro.com.br\/blog\/wp-content\/uploads\/2024\/07\/grafico-indice-pluviometrico.jpg\" alt=\"Gr\u00e1fico com o \u00edndice pluviom\u00e9trico de uma regi\u00e3o do Brasil\" width=\"600\" height=\"353\" srcset=\"https:\/\/rehagro.com.br\/blog\/wp-content\/uploads\/2024\/07\/grafico-indice-pluviometrico.jpg 600w, https:\/\/rehagro.com.br\/blog\/wp-content\/uploads\/2024\/07\/grafico-indice-pluviometrico-300x177.jpg 300w, https:\/\/rehagro.com.br\/blog\/wp-content\/uploads\/2024\/07\/grafico-indice-pluviometrico-370x218.jpg 370w, https:\/\/rehagro.com.br\/blog\/wp-content\/uploads\/2024\/07\/grafico-indice-pluviometrico-270x159.jpg 270w, https:\/\/rehagro.com.br\/blog\/wp-content\/uploads\/2024\/07\/grafico-indice-pluviometrico-150x88.jpg 150w\" sizes=\"auto, (max-width: 600px) 100vw, 600px\" \/><\/p>\n<p style=\"text-align: center;\"><span style=\"font-size: 13px;\">Fonte: Climatempo<\/span><\/p>\n<p>De acordo com o Cat\u00e1logo de Plantas Forrageiras da Embrapa, uma esp\u00e9cie que se adapta bem \u00e0s condi\u00e7\u00f5es de precipita\u00e7\u00e3o e temperatura mencionadas no gr\u00e1fico acima \u00e9 a <strong><a href=\"https:\/\/rehagro.com.br\/blog\/brachiaria-principais-especies\/\">Brachiaria brizantha<\/a><\/strong> cv. Xara\u00e9s (agora reclassificada sob o g\u00eanero Urochloa). Esta forrageira \u00e9 conhecida por sua alta produtividade, excelente valor nutricional e boa resist\u00eancia ao pisoteio.<\/p>\n<p>Al\u00e9m da Urochloa brizantha cv. Xara\u00e9s, outras forrageiras que podem ser consideradas para diferentes condi\u00e7\u00f5es e sistemas de produ\u00e7\u00e3o incluem:<\/p>\n<ul>\n<li><strong>Urochloa decumbens (Brachiaria decumbens):<\/strong> Conhecida como braqui\u00e1ria-capim, \u00e9 uma forrageira adaptada a solos de baixa fertilidade e apresenta boa resist\u00eancia \u00e0 seca. No entanto, tamb\u00e9m \u00e9 suscet\u00edvel a ataques de <strong><a href=\"https:\/\/rehagro.com.br\/blog\/cigarrinhas-das-pastagens\/\">cigarrinhas-das-pastagens<\/a><\/strong>.<\/li>\n<li><strong>Panicum maximum cv. Momba\u00e7a:<\/strong> Esta forrageira \u00e9 conhecida por seu alto rendimento de biomassa e excelente valor nutricional. \u00c9 bem adaptada a solos f\u00e9rteis e bem drenados, mas requer bom manejo de fertilidade e pastejo.<\/li>\n<li><strong>Urochloa ruziziensis (Brachiaria ruziziensis):<\/strong> \u00c9 uma op\u00e7\u00e3o interessante para <strong><a href=\"https:\/\/rehagro.com.br\/blog\/sistema-integracao-lavoura-pecuaria\/\">integra\u00e7\u00e3o lavoura-pecu\u00e1ria<\/a><\/strong>, devido ao seu r\u00e1pido estabelecimento e bom valor nutricional. Contudo, tamb\u00e9m \u00e9 suscet\u00edvel a cigarrinhas.<\/li>\n<li><strong>Cynodon spp. (Capim-estrela e <a href=\"https:\/\/rehagro.com.br\/blog\/pastagens-de-tifton\/\">Tifton<\/a>):<\/strong> Forrageiras de alta qualidade nutricional, muito utilizadas em sistemas de pastejo rotacionado e bem adaptadas a solos bem drenados e de alta fertilidade.<\/li>\n<\/ul>\n<p>\u00c9 essencial considerar <strong>estrat\u00e9gias de manejo integrado de pragas<\/strong> e monitoramento constante para prevenir poss\u00edveis infesta\u00e7\u00f5es. Al\u00e9m disso, a escolha de esp\u00e9cies forrageiras deve sempre levar em conta a resist\u00eancia a pragas e doen\u00e7as locais, garantindo assim a sustentabilidade e a longevidade das pastagens.<\/p>\n<h3>2\u00ba Passo \u2013 An\u00e1lise de Solo<\/h3>\n<p>A <strong>an\u00e1lise de solo<\/strong> deve ser realizada antes do plantio, sendo essencial para identificar poss\u00edveis defici\u00eancias de nutrientes no solo.<\/p>\n<h3>3\u00ba Passo \u2013 Identifica\u00e7\u00e3o de Outros Fatores Limitantes<\/h3>\n<p>Como mencionado anteriormente, diversos fatores devem ser observados antes da escolha da esp\u00e9cie forrageira.<\/p>\n<p>Avalie cada um deles e verifique se n\u00e3o haver\u00e1 nenhum fator limitante, como a aceitabilidade pelos animais, a toler\u00e2ncia a encharcamento do solo, entre outros.<\/p>\n<h2>Conclus\u00e3o<\/h2>\n<p>A escolha da esp\u00e9cie forrageira deve ser feita de maneira extremamente criteriosa, levando em considera\u00e7\u00e3o todas as vari\u00e1veis que impactam a produ\u00e7\u00e3o. Uma vez plantada, a \u00e1rea de pastagem deve se perpetuar por tempo indefinido.<\/p>\n<p>A longevidade das \u00e1reas de pastagem est\u00e1 diretamente ligada \u00e0 esp\u00e9cie forrageira plantada, mas tamb\u00e9m depende de outros fatores, como o manejo do pastejo, a fertilidade do solo e outros aspectos. Escolher uma forrageira adaptada \u00e0 regi\u00e3o onde a fazenda est\u00e1 localizada \u00e9 o primeiro passo essencial para garantir o sucesso a longo prazo.<\/p>\n<h2 data-start=\"204\" data-end=\"298\">Escolher a forrageira certa \u00e9 s\u00f3 o come\u00e7o &#8211; saiba como manejar para colher resultados reais<\/h2>\n<p data-start=\"300\" data-end=\"573\">A escolha da esp\u00e9cie forrageira ideal depende de clima, solo, tipo de animal, sistema de produ\u00e7\u00e3o e objetivos da fazenda. Mas, mais do que escolher bem, \u00e9 preciso saber manejar essa forragem com t\u00e9cnica e estrat\u00e9gia para que ela entregue todo o seu potencial produtivo.<\/p>\n<p data-start=\"575\" data-end=\"950\">No <strong><a href=\"https:\/\/rehagro.com.br\/cursos\/gestao-da-nutricao-e-pastagens?utm_campaign=mkt-materiais-gnp&amp;utm_source=textos&amp;utm_medium=blog\" target=\"_blank\" rel=\"noopener\">Curso de Gest\u00e3o da Nutri\u00e7\u00e3o e Pastagens na Pecu\u00e1ria de Corte<\/a><\/strong> do Rehagro, voc\u00ea aprende a integrar a escolha da forrageira com um manejo eficiente, suplementa\u00e7\u00e3o estrat\u00e9gica e gest\u00e3o de pastagens voltada para produtividade por hectare. Com aulas 100% online e foco pr\u00e1tico, o curso prepara voc\u00ea para tomar decis\u00f5es que aumentam o desempenho e reduzem custos na pecu\u00e1ria.<\/p>\n<p><a href=\"https:\/\/rehagro.com.br\/cursos\/gestao-da-nutricao-e-pastagens?utm_campaign=mkt-materiais-gnp&amp;utm_source=textos&amp;utm_medium=blog\" target=\"_blank\" rel=\"noopener\"><img loading=\"lazy\" decoding=\"async\" class=\"aligncenter wp-image-18730 size-full\" title=\"Clique e saiba mais sobre o curso!\" src=\"https:\/\/rehagro.com.br\/blog\/wp-content\/uploads\/2023\/03\/banner-gnp.jpg\" alt=\"Banner Curso Gest\u00e3o da Nutri\u00e7\u00e3o e Pastagens na Pecu\u00e1ria de Corte\" width=\"980\" height=\"317\" srcset=\"https:\/\/rehagro.com.br\/blog\/wp-content\/uploads\/2023\/03\/banner-gnp.jpg 980w, https:\/\/rehagro.com.br\/blog\/wp-content\/uploads\/2023\/03\/banner-gnp-300x97.jpg 300w, https:\/\/rehagro.com.br\/blog\/wp-content\/uploads\/2023\/03\/banner-gnp-768x248.jpg 768w, https:\/\/rehagro.com.br\/blog\/wp-content\/uploads\/2023\/03\/banner-gnp-370x120.jpg 370w, https:\/\/rehagro.com.br\/blog\/wp-content\/uploads\/2023\/03\/banner-gnp-270x87.jpg 270w, https:\/\/rehagro.com.br\/blog\/wp-content\/uploads\/2023\/03\/banner-gnp-740x239.jpg 740w, https:\/\/rehagro.com.br\/blog\/wp-content\/uploads\/2023\/03\/banner-gnp-150x49.jpg 150w\" sizes=\"auto, (max-width: 980px) 100vw, 980px\" \/><\/a><\/p>\n<p><img loading=\"lazy\" decoding=\"async\" class=\"aligncenter size-full wp-image-33514\" src=\"https:\/\/rehagro.com.br\/blog\/wp-content\/uploads\/2024\/07\/victor-ugo.jpg\" alt=\"Victor Ugo - Equipe Corte Rehagro\" width=\"319\" height=\"110\" srcset=\"https:\/\/rehagro.com.br\/blog\/wp-content\/uploads\/2024\/07\/victor-ugo.jpg 319w, https:\/\/rehagro.com.br\/blog\/wp-content\/uploads\/2024\/07\/victor-ugo-300x103.jpg 300w, https:\/\/rehagro.com.br\/blog\/wp-content\/uploads\/2024\/07\/victor-ugo-270x93.jpg 270w, https:\/\/rehagro.com.br\/blog\/wp-content\/uploads\/2024\/07\/victor-ugo-150x52.jpg 150w\" sizes=\"auto, (max-width: 319px) 100vw, 319px\" \/><\/p>\n<p><strong>Refer\u00eancias bibliogr\u00e1ficas:<\/strong><\/p>\n<ul>\n<li><span style=\"font-size: 13px;\">Pereira, Antonio Vander. Cat\u00e1logo de forrageiras recomendadas pela Embrapa \/ Antonio Vander Pereira &#8230; [et al.]. \u2013 Bras\u00edlia, DF : Embrapa, 2016.<\/span><\/li>\n<\/ul>\n","protected":false},"excerpt":{"rendered":"<p>Para garantir que a forrageira expresse sua caracter\u00edstica de perenidade, \u00e9 essencial escolher uma esp\u00e9cie adaptada ao sistema de produ\u00e7\u00e3o, ao n\u00edvel de intensifica\u00e7\u00e3o, ao solo, e principalmente ao clima. A escolha correta da forrageira impacta diretamente a sustentabilidade e a produtividade da pastagem, influenciando a sa\u00fade do rebanho e a rentabilidade do sistema agropecu\u00e1rio. [&hellip;]<\/p>\n","protected":false},"author":21,"featured_media":33511,"comment_status":"open","ping_status":"open","sticky":false,"template":"","format":"standard","meta":{"footnotes":""},"categories":[212],"tags":[744,764,258,474],"class_list":["post-33508","post","type-post","status-publish","format-standard","has-post-thumbnail","hentry","category-corte","tag-braquiaria","tag-forrageira","tag-pastagens","tag-pecuaria-de-corte"],"yoast_head":"<!-- This site is optimized with the Yoast SEO plugin v27.4 - https:\/\/yoast.com\/product\/yoast-seo-wordpress\/ -->\n<title>Escolha da esp\u00e9cie forrageira para a fazenda: saiba como fazer<\/title>\n<meta name=\"description\" content=\"Aprenda como escolher a esp\u00e9cie forrageira ideal para a sua propriedade, considerando fatores como adapta\u00e7\u00e3o clim\u00e1tica, manejo do solo e valor nutricional.\" \/>\n<meta name=\"robots\" content=\"index, follow, max-snippet:-1, max-image-preview:large, max-video-preview:-1\" \/>\n<link rel=\"canonical\" href=\"https:\/\/rehagro.com.br\/blog\/como-escolher-a-especie-forrageira-para-a-sua-fazenda\/\" \/>\n<meta property=\"og:locale\" content=\"pt_BR\" \/>\n<meta property=\"og:type\" content=\"article\" \/>\n<meta property=\"og:title\" content=\"Escolha da esp\u00e9cie forrageira para a fazenda: saiba como fazer\" \/>\n<meta property=\"og:description\" content=\"Aprenda como escolher a esp\u00e9cie forrageira ideal para a sua propriedade, considerando fatores como adapta\u00e7\u00e3o clim\u00e1tica, manejo do solo e valor nutricional.\" \/>\n<meta property=\"og:url\" content=\"https:\/\/rehagro.com.br\/blog\/como-escolher-a-especie-forrageira-para-a-sua-fazenda\/\" \/>\n<meta property=\"og:site_name\" content=\"Rehagro Blog\" \/>\n<meta property=\"article:published_time\" content=\"2024-07-08T13:30:01+00:00\" \/>\n<meta property=\"article:modified_time\" content=\"2026-04-07T15:09:47+00:00\" \/>\n<meta property=\"og:image\" content=\"https:\/\/rehagro.com.br\/blog\/wp-content\/uploads\/2024\/07\/capa-escolha-forrageira.jpg\" \/>\n\t<meta property=\"og:image:width\" content=\"1280\" \/>\n\t<meta property=\"og:image:height\" content=\"711\" \/>\n\t<meta property=\"og:image:type\" content=\"image\/jpeg\" \/>\n<meta name=\"author\" content=\"Jo\u00e3o Pedro Azevedo\" \/>\n<meta name=\"twitter:card\" content=\"summary_large_image\" \/>\n<meta name=\"twitter:label1\" content=\"Escrito por\" \/>\n\t<meta name=\"twitter:data1\" content=\"Jo\u00e3o Pedro Azevedo\" \/>\n\t<meta name=\"twitter:label2\" content=\"Est. tempo de leitura\" \/>\n\t<meta name=\"twitter:data2\" content=\"6 minutos\" \/>\n<script type=\"application\/ld+json\" class=\"yoast-schema-graph\">{\"@context\":\"https:\\\/\\\/schema.org\",\"@graph\":[{\"@type\":\"Article\",\"@id\":\"https:\\\/\\\/rehagro.com.br\\\/blog\\\/como-escolher-a-especie-forrageira-para-a-sua-fazenda\\\/#article\",\"isPartOf\":{\"@id\":\"https:\\\/\\\/rehagro.com.br\\\/blog\\\/como-escolher-a-especie-forrageira-para-a-sua-fazenda\\\/\"},\"author\":{\"name\":\"Jo\u00e3o Pedro Azevedo\",\"@id\":\"https:\\\/\\\/rehagro.com.br\\\/blog\\\/#\\\/schema\\\/person\\\/f2d1ae51b04939615ceebb3c0bfd8a94\"},\"headline\":\"Como escolher a melhor esp\u00e9cie forrageira para a sua fazenda?\",\"datePublished\":\"2024-07-08T13:30:01+00:00\",\"dateModified\":\"2026-04-07T15:09:47+00:00\",\"mainEntityOfPage\":{\"@id\":\"https:\\\/\\\/rehagro.com.br\\\/blog\\\/como-escolher-a-especie-forrageira-para-a-sua-fazenda\\\/\"},\"wordCount\":966,\"commentCount\":0,\"publisher\":{\"@id\":\"https:\\\/\\\/rehagro.com.br\\\/blog\\\/#organization\"},\"image\":{\"@id\":\"https:\\\/\\\/rehagro.com.br\\\/blog\\\/como-escolher-a-especie-forrageira-para-a-sua-fazenda\\\/#primaryimage\"},\"thumbnailUrl\":\"https:\\\/\\\/rehagro.com.br\\\/blog\\\/wp-content\\\/uploads\\\/2024\\\/07\\\/capa-escolha-forrageira.jpg\",\"keywords\":[\"braqui\u00e1ria\",\"forrageira\",\"pastagens\",\"pecu\u00e1ria de corte\"],\"articleSection\":[\"CORTE\"],\"inLanguage\":\"pt-BR\",\"potentialAction\":[{\"@type\":\"CommentAction\",\"name\":\"Comment\",\"target\":[\"https:\\\/\\\/rehagro.com.br\\\/blog\\\/como-escolher-a-especie-forrageira-para-a-sua-fazenda\\\/#respond\"]}]},{\"@type\":\"WebPage\",\"@id\":\"https:\\\/\\\/rehagro.com.br\\\/blog\\\/como-escolher-a-especie-forrageira-para-a-sua-fazenda\\\/\",\"url\":\"https:\\\/\\\/rehagro.com.br\\\/blog\\\/como-escolher-a-especie-forrageira-para-a-sua-fazenda\\\/\",\"name\":\"Escolha da esp\u00e9cie forrageira para a fazenda: saiba como fazer\",\"isPartOf\":{\"@id\":\"https:\\\/\\\/rehagro.com.br\\\/blog\\\/#website\"},\"primaryImageOfPage\":{\"@id\":\"https:\\\/\\\/rehagro.com.br\\\/blog\\\/como-escolher-a-especie-forrageira-para-a-sua-fazenda\\\/#primaryimage\"},\"image\":{\"@id\":\"https:\\\/\\\/rehagro.com.br\\\/blog\\\/como-escolher-a-especie-forrageira-para-a-sua-fazenda\\\/#primaryimage\"},\"thumbnailUrl\":\"https:\\\/\\\/rehagro.com.br\\\/blog\\\/wp-content\\\/uploads\\\/2024\\\/07\\\/capa-escolha-forrageira.jpg\",\"datePublished\":\"2024-07-08T13:30:01+00:00\",\"dateModified\":\"2026-04-07T15:09:47+00:00\",\"description\":\"Aprenda como escolher a esp\u00e9cie forrageira ideal para a sua propriedade, considerando fatores como adapta\u00e7\u00e3o clim\u00e1tica, manejo do solo e valor nutricional.\",\"breadcrumb\":{\"@id\":\"https:\\\/\\\/rehagro.com.br\\\/blog\\\/como-escolher-a-especie-forrageira-para-a-sua-fazenda\\\/#breadcrumb\"},\"inLanguage\":\"pt-BR\",\"potentialAction\":[{\"@type\":\"ReadAction\",\"target\":[\"https:\\\/\\\/rehagro.com.br\\\/blog\\\/como-escolher-a-especie-forrageira-para-a-sua-fazenda\\\/\"]}]},{\"@type\":\"ImageObject\",\"inLanguage\":\"pt-BR\",\"@id\":\"https:\\\/\\\/rehagro.com.br\\\/blog\\\/como-escolher-a-especie-forrageira-para-a-sua-fazenda\\\/#primaryimage\",\"url\":\"https:\\\/\\\/rehagro.com.br\\\/blog\\\/wp-content\\\/uploads\\\/2024\\\/07\\\/capa-escolha-forrageira.jpg\",\"contentUrl\":\"https:\\\/\\\/rehagro.com.br\\\/blog\\\/wp-content\\\/uploads\\\/2024\\\/07\\\/capa-escolha-forrageira.jpg\",\"width\":1280,\"height\":711,\"caption\":\"Bovinos de corte em uma pastagem com a forrageira correta\"},{\"@type\":\"BreadcrumbList\",\"@id\":\"https:\\\/\\\/rehagro.com.br\\\/blog\\\/como-escolher-a-especie-forrageira-para-a-sua-fazenda\\\/#breadcrumb\",\"itemListElement\":[{\"@type\":\"ListItem\",\"position\":1,\"name\":\"In\u00edcio\",\"item\":\"https:\\\/\\\/rehagro.com.br\\\/blog\\\/\"},{\"@type\":\"ListItem\",\"position\":2,\"name\":\"Como escolher a melhor esp\u00e9cie forrageira para a sua fazenda?\"}]},{\"@type\":\"WebSite\",\"@id\":\"https:\\\/\\\/rehagro.com.br\\\/blog\\\/#website\",\"url\":\"https:\\\/\\\/rehagro.com.br\\\/blog\\\/\",\"name\":\"Rehagro Blog\",\"description\":\"\",\"publisher\":{\"@id\":\"https:\\\/\\\/rehagro.com.br\\\/blog\\\/#organization\"},\"potentialAction\":[{\"@type\":\"SearchAction\",\"target\":{\"@type\":\"EntryPoint\",\"urlTemplate\":\"https:\\\/\\\/rehagro.com.br\\\/blog\\\/?s={search_term_string}\"},\"query-input\":{\"@type\":\"PropertyValueSpecification\",\"valueRequired\":true,\"valueName\":\"search_term_string\"}}],\"inLanguage\":\"pt-BR\"},{\"@type\":\"Organization\",\"@id\":\"https:\\\/\\\/rehagro.com.br\\\/blog\\\/#organization\",\"name\":\"Rehagro\",\"url\":\"https:\\\/\\\/rehagro.com.br\\\/blog\\\/\",\"logo\":{\"@type\":\"ImageObject\",\"inLanguage\":\"pt-BR\",\"@id\":\"https:\\\/\\\/rehagro.com.br\\\/blog\\\/#\\\/schema\\\/logo\\\/image\\\/\",\"url\":\"https:\\\/\\\/rehagro.com.br\\\/blog\\\/wp-content\\\/uploads\\\/2018\\\/05\\\/logo-rehagro.png\",\"contentUrl\":\"https:\\\/\\\/rehagro.com.br\\\/blog\\\/wp-content\\\/uploads\\\/2018\\\/05\\\/logo-rehagro.png\",\"width\":400,\"height\":115,\"caption\":\"Rehagro\"},\"image\":{\"@id\":\"https:\\\/\\\/rehagro.com.br\\\/blog\\\/#\\\/schema\\\/logo\\\/image\\\/\"}},{\"@type\":\"Person\",\"@id\":\"https:\\\/\\\/rehagro.com.br\\\/blog\\\/#\\\/schema\\\/person\\\/f2d1ae51b04939615ceebb3c0bfd8a94\",\"name\":\"Jo\u00e3o Pedro Azevedo\",\"image\":{\"@type\":\"ImageObject\",\"inLanguage\":\"pt-BR\",\"@id\":\"https:\\\/\\\/secure.gravatar.com\\\/avatar\\\/34aacffb2f10625483f480470f3274778dd1c183ba4f66444bb60ae92149bf8a?s=96&d=mm&r=g\",\"url\":\"https:\\\/\\\/secure.gravatar.com\\\/avatar\\\/34aacffb2f10625483f480470f3274778dd1c183ba4f66444bb60ae92149bf8a?s=96&d=mm&r=g\",\"contentUrl\":\"https:\\\/\\\/secure.gravatar.com\\\/avatar\\\/34aacffb2f10625483f480470f3274778dd1c183ba4f66444bb60ae92149bf8a?s=96&d=mm&r=g\",\"caption\":\"Jo\u00e3o Pedro Azevedo\"},\"url\":\"https:\\\/\\\/rehagro.com.br\\\/blog\\\/author\\\/joao-pedro\\\/\"}]}<\/script>\n<!-- \/ Yoast SEO plugin. -->","yoast_head_json":{"title":"Escolha da esp\u00e9cie forrageira para a fazenda: saiba como fazer","description":"Aprenda como escolher a esp\u00e9cie forrageira ideal para a sua propriedade, considerando fatores como adapta\u00e7\u00e3o clim\u00e1tica, manejo do solo e valor nutricional.","robots":{"index":"index","follow":"follow","max-snippet":"max-snippet:-1","max-image-preview":"max-image-preview:large","max-video-preview":"max-video-preview:-1"},"canonical":"https:\/\/rehagro.com.br\/blog\/como-escolher-a-especie-forrageira-para-a-sua-fazenda\/","og_locale":"pt_BR","og_type":"article","og_title":"Escolha da esp\u00e9cie forrageira para a fazenda: saiba como fazer","og_description":"Aprenda como escolher a esp\u00e9cie forrageira ideal para a sua propriedade, considerando fatores como adapta\u00e7\u00e3o clim\u00e1tica, manejo do solo e valor nutricional.","og_url":"https:\/\/rehagro.com.br\/blog\/como-escolher-a-especie-forrageira-para-a-sua-fazenda\/","og_site_name":"Rehagro Blog","article_published_time":"2024-07-08T13:30:01+00:00","article_modified_time":"2026-04-07T15:09:47+00:00","og_image":[{"width":1280,"height":711,"url":"https:\/\/rehagro.com.br\/blog\/wp-content\/uploads\/2024\/07\/capa-escolha-forrageira.jpg","type":"image\/jpeg"}],"author":"Jo\u00e3o Pedro Azevedo","twitter_card":"summary_large_image","twitter_misc":{"Escrito por":"Jo\u00e3o Pedro Azevedo","Est. tempo de leitura":"6 minutos"},"schema":{"@context":"https:\/\/schema.org","@graph":[{"@type":"Article","@id":"https:\/\/rehagro.com.br\/blog\/como-escolher-a-especie-forrageira-para-a-sua-fazenda\/#article","isPartOf":{"@id":"https:\/\/rehagro.com.br\/blog\/como-escolher-a-especie-forrageira-para-a-sua-fazenda\/"},"author":{"name":"Jo\u00e3o Pedro Azevedo","@id":"https:\/\/rehagro.com.br\/blog\/#\/schema\/person\/f2d1ae51b04939615ceebb3c0bfd8a94"},"headline":"Como escolher a melhor esp\u00e9cie forrageira para a sua fazenda?","datePublished":"2024-07-08T13:30:01+00:00","dateModified":"2026-04-07T15:09:47+00:00","mainEntityOfPage":{"@id":"https:\/\/rehagro.com.br\/blog\/como-escolher-a-especie-forrageira-para-a-sua-fazenda\/"},"wordCount":966,"commentCount":0,"publisher":{"@id":"https:\/\/rehagro.com.br\/blog\/#organization"},"image":{"@id":"https:\/\/rehagro.com.br\/blog\/como-escolher-a-especie-forrageira-para-a-sua-fazenda\/#primaryimage"},"thumbnailUrl":"https:\/\/rehagro.com.br\/blog\/wp-content\/uploads\/2024\/07\/capa-escolha-forrageira.jpg","keywords":["braqui\u00e1ria","forrageira","pastagens","pecu\u00e1ria de corte"],"articleSection":["CORTE"],"inLanguage":"pt-BR","potentialAction":[{"@type":"CommentAction","name":"Comment","target":["https:\/\/rehagro.com.br\/blog\/como-escolher-a-especie-forrageira-para-a-sua-fazenda\/#respond"]}]},{"@type":"WebPage","@id":"https:\/\/rehagro.com.br\/blog\/como-escolher-a-especie-forrageira-para-a-sua-fazenda\/","url":"https:\/\/rehagro.com.br\/blog\/como-escolher-a-especie-forrageira-para-a-sua-fazenda\/","name":"Escolha da esp\u00e9cie forrageira para a fazenda: saiba como fazer","isPartOf":{"@id":"https:\/\/rehagro.com.br\/blog\/#website"},"primaryImageOfPage":{"@id":"https:\/\/rehagro.com.br\/blog\/como-escolher-a-especie-forrageira-para-a-sua-fazenda\/#primaryimage"},"image":{"@id":"https:\/\/rehagro.com.br\/blog\/como-escolher-a-especie-forrageira-para-a-sua-fazenda\/#primaryimage"},"thumbnailUrl":"https:\/\/rehagro.com.br\/blog\/wp-content\/uploads\/2024\/07\/capa-escolha-forrageira.jpg","datePublished":"2024-07-08T13:30:01+00:00","dateModified":"2026-04-07T15:09:47+00:00","description":"Aprenda como escolher a esp\u00e9cie forrageira ideal para a sua propriedade, considerando fatores como adapta\u00e7\u00e3o clim\u00e1tica, manejo do solo e valor nutricional.","breadcrumb":{"@id":"https:\/\/rehagro.com.br\/blog\/como-escolher-a-especie-forrageira-para-a-sua-fazenda\/#breadcrumb"},"inLanguage":"pt-BR","potentialAction":[{"@type":"ReadAction","target":["https:\/\/rehagro.com.br\/blog\/como-escolher-a-especie-forrageira-para-a-sua-fazenda\/"]}]},{"@type":"ImageObject","inLanguage":"pt-BR","@id":"https:\/\/rehagro.com.br\/blog\/como-escolher-a-especie-forrageira-para-a-sua-fazenda\/#primaryimage","url":"https:\/\/rehagro.com.br\/blog\/wp-content\/uploads\/2024\/07\/capa-escolha-forrageira.jpg","contentUrl":"https:\/\/rehagro.com.br\/blog\/wp-content\/uploads\/2024\/07\/capa-escolha-forrageira.jpg","width":1280,"height":711,"caption":"Bovinos de corte em uma pastagem com a forrageira correta"},{"@type":"BreadcrumbList","@id":"https:\/\/rehagro.com.br\/blog\/como-escolher-a-especie-forrageira-para-a-sua-fazenda\/#breadcrumb","itemListElement":[{"@type":"ListItem","position":1,"name":"In\u00edcio","item":"https:\/\/rehagro.com.br\/blog\/"},{"@type":"ListItem","position":2,"name":"Como escolher a melhor esp\u00e9cie forrageira para a sua fazenda?"}]},{"@type":"WebSite","@id":"https:\/\/rehagro.com.br\/blog\/#website","url":"https:\/\/rehagro.com.br\/blog\/","name":"Rehagro Blog","description":"","publisher":{"@id":"https:\/\/rehagro.com.br\/blog\/#organization"},"potentialAction":[{"@type":"SearchAction","target":{"@type":"EntryPoint","urlTemplate":"https:\/\/rehagro.com.br\/blog\/?s={search_term_string}"},"query-input":{"@type":"PropertyValueSpecification","valueRequired":true,"valueName":"search_term_string"}}],"inLanguage":"pt-BR"},{"@type":"Organization","@id":"https:\/\/rehagro.com.br\/blog\/#organization","name":"Rehagro","url":"https:\/\/rehagro.com.br\/blog\/","logo":{"@type":"ImageObject","inLanguage":"pt-BR","@id":"https:\/\/rehagro.com.br\/blog\/#\/schema\/logo\/image\/","url":"https:\/\/rehagro.com.br\/blog\/wp-content\/uploads\/2018\/05\/logo-rehagro.png","contentUrl":"https:\/\/rehagro.com.br\/blog\/wp-content\/uploads\/2018\/05\/logo-rehagro.png","width":400,"height":115,"caption":"Rehagro"},"image":{"@id":"https:\/\/rehagro.com.br\/blog\/#\/schema\/logo\/image\/"}},{"@type":"Person","@id":"https:\/\/rehagro.com.br\/blog\/#\/schema\/person\/f2d1ae51b04939615ceebb3c0bfd8a94","name":"Jo\u00e3o Pedro Azevedo","image":{"@type":"ImageObject","inLanguage":"pt-BR","@id":"https:\/\/secure.gravatar.com\/avatar\/34aacffb2f10625483f480470f3274778dd1c183ba4f66444bb60ae92149bf8a?s=96&d=mm&r=g","url":"https:\/\/secure.gravatar.com\/avatar\/34aacffb2f10625483f480470f3274778dd1c183ba4f66444bb60ae92149bf8a?s=96&d=mm&r=g","contentUrl":"https:\/\/secure.gravatar.com\/avatar\/34aacffb2f10625483f480470f3274778dd1c183ba4f66444bb60ae92149bf8a?s=96&d=mm&r=g","caption":"Jo\u00e3o Pedro Azevedo"},"url":"https:\/\/rehagro.com.br\/blog\/author\/joao-pedro\/"}]}},"_links":{"self":[{"href":"https:\/\/rehagro.com.br\/blog\/wp-json\/wp\/v2\/posts\/33508","targetHints":{"allow":["GET"]}}],"collection":[{"href":"https:\/\/rehagro.com.br\/blog\/wp-json\/wp\/v2\/posts"}],"about":[{"href":"https:\/\/rehagro.com.br\/blog\/wp-json\/wp\/v2\/types\/post"}],"author":[{"embeddable":true,"href":"https:\/\/rehagro.com.br\/blog\/wp-json\/wp\/v2\/users\/21"}],"replies":[{"embeddable":true,"href":"https:\/\/rehagro.com.br\/blog\/wp-json\/wp\/v2\/comments?post=33508"}],"version-history":[{"count":15,"href":"https:\/\/rehagro.com.br\/blog\/wp-json\/wp\/v2\/posts\/33508\/revisions"}],"predecessor-version":[{"id":42029,"href":"https:\/\/rehagro.com.br\/blog\/wp-json\/wp\/v2\/posts\/33508\/revisions\/42029"}],"wp:featuredmedia":[{"embeddable":true,"href":"https:\/\/rehagro.com.br\/blog\/wp-json\/wp\/v2\/media\/33511"}],"wp:attachment":[{"href":"https:\/\/rehagro.com.br\/blog\/wp-json\/wp\/v2\/media?parent=33508"}],"wp:term":[{"taxonomy":"category","embeddable":true,"href":"https:\/\/rehagro.com.br\/blog\/wp-json\/wp\/v2\/categories?post=33508"},{"taxonomy":"post_tag","embeddable":true,"href":"https:\/\/rehagro.com.br\/blog\/wp-json\/wp\/v2\/tags?post=33508"}],"curies":[{"name":"wp","href":"https:\/\/api.w.org\/{rel}","templated":true}]}}