{"id":33488,"date":"2024-07-03T16:15:56","date_gmt":"2024-07-03T19:15:56","guid":{"rendered":"https:\/\/rehagro.com.br\/blog\/?p=33488"},"modified":"2026-04-07T20:51:07","modified_gmt":"2026-04-07T23:51:07","slug":"espacamento-no-plantio-de-cafe-arabica-o-que-voce-precisa-saber","status":"publish","type":"post","link":"https:\/\/rehagro.com.br\/blog\/espacamento-no-plantio-de-cafe-arabica-o-que-voce-precisa-saber\/","title":{"rendered":"Espa\u00e7amento no plantio de caf\u00e9 ar\u00e1bica: o que voc\u00ea precisa saber"},"content":{"rendered":"<p>Por ser uma cultura perene, o cafeeiro permanece por muitos anos implantado na \u00e1rea, podendo passar de 30 anos. Desta forma, \u00e9 importante ser assertivo na escolha do local, cultivar e espa\u00e7amento.<\/p>\n<p><span style=\"font-weight: 400;\">A <strong>escolha do espa\u00e7amento deve ser muito bem planejado<\/strong>, pois ele est\u00e1 relacionado com a <strong><a href=\"https:\/\/rehagro.com.br\/blog\/cultivares-de-cafe-qual-escolher\/\">cultivar<\/a><\/strong>, sistema de cultivo, tratos culturais e estande de plantas, sendo este fator ponder\u00e1vel no planejamento de todo o manejo da cultura, iniciando j\u00e1 na aquisi\u00e7\u00e3o ou produ\u00e7\u00e3o das mudas.\u00a0\u00a0<\/span><\/p>\n<div style=\"background-color: #efefef; padding-left: 10px; padding-right: 5px; border-radius: 10px;\">\n<p>&nbsp;<\/p>\n<p style=\"text-align: center;\"><strong><span style=\"font-size: 14pt;\">Sem tempo para ler agora? Baixe este artigo em PDF!<\/span><\/strong><\/p>\n<p><script charset=\"utf-8\" type=\"text\/javascript\" src=\"\/\/js.hsforms.net\/forms\/embed\/v2.js\"><\/script><br \/>\n<script>\nhbspt.forms.create({\nregion: \"na1\",\nportalId: \"5430441\",\nformId: \"7dcaf60d-0e23-40ed-8b40-9b8cb07b4128\"\n});\n<\/script><\/p>\n<\/div>\n<h2>Como escolher o espa\u00e7amento?<\/h2>\n<h3>Defini\u00e7\u00e3o do sistema de cultivo\/manejo<\/h3>\n<p>A escolha do espa\u00e7amento est\u00e1 correlacionada com v\u00e1rios fatores, para defini-lo de forma adequada, deve-se levar em considera\u00e7\u00e3o:<\/p>\n<ul>\n<li><strong>Sistema de cultivo:<\/strong> Manual ou mecanizado.<\/li>\n<li><strong>Modelo de manejo:<\/strong> Frequ\u00eancia de poda e <strong><a href=\"https:\/\/rehagro.com.br\/blog\/desbrota-na-cultura-do-cafe\/\">desbrota<\/a><\/strong>.<\/li>\n<li><strong>Escolha da cultivar:<\/strong> Di\u00e2metro de copa da cultivar (porte alto ou baixo).<\/li>\n<li><strong>Clima:<\/strong> Regi\u00e3o com temperatura alta ou amena.<\/li>\n<li><strong>Cultivo irrigado ou sequeiro<\/strong>.<\/li>\n<\/ul>\n<p>Quando as plantas crescem mais, como por exemplo cultivo em regi\u00f5es com temperatura mais altas, cultivo irrigado e plantas com di\u00e2metro de copa maior (porte alto, ou porte baixo muito vigoroso), \u00e9 necess\u00e1rio realizar algum <strong><a href=\"https:\/\/rehagro.com.br\/blog\/tipos-de-poda-e-quando-recomendar\/\">tipo de poda<\/a><\/strong> mais cedo e consequentemente mais desbrotas.<\/p>\n<p>Desta forma, se essa n\u00e3o for a inten\u00e7\u00e3o do produtor, o plantio mais espa\u00e7ado entre ruas e\/ou a utiliza\u00e7\u00e3o de cultivares de porte baixo \u00e9 uma forma de <strong>postergar a poda<\/strong>.<\/p>\n<p><a href=\"https:\/\/conteudo.rehagro.com.br\/calendario-agricola-cafeicultor?utm_campaign=material-cafe&amp;utm_source=calendario-cafe&amp;utm_medium=blog\" target=\"_blank\" rel=\"noopener\"><img loading=\"lazy\" decoding=\"async\" class=\"aligncenter wp-image-39670 size-full\" title=\"Clique e baixe o material gratuitamente!\" src=\"https:\/\/rehagro.com.br\/blog\/wp-content\/uploads\/2025\/09\/banner-calendario-cafeicultura.png\" alt=\"Calend\u00e1rio agr\u00edcola do caf\u00e9\" width=\"980\" height=\"317\" srcset=\"https:\/\/rehagro.com.br\/blog\/wp-content\/uploads\/2025\/09\/banner-calendario-cafeicultura.png 980w, https:\/\/rehagro.com.br\/blog\/wp-content\/uploads\/2025\/09\/banner-calendario-cafeicultura-300x97.png 300w, https:\/\/rehagro.com.br\/blog\/wp-content\/uploads\/2025\/09\/banner-calendario-cafeicultura-768x248.png 768w, https:\/\/rehagro.com.br\/blog\/wp-content\/uploads\/2025\/09\/banner-calendario-cafeicultura-370x120.png 370w, https:\/\/rehagro.com.br\/blog\/wp-content\/uploads\/2025\/09\/banner-calendario-cafeicultura-270x87.png 270w, https:\/\/rehagro.com.br\/blog\/wp-content\/uploads\/2025\/09\/banner-calendario-cafeicultura-740x239.png 740w, https:\/\/rehagro.com.br\/blog\/wp-content\/uploads\/2025\/09\/banner-calendario-cafeicultura-150x49.png 150w\" sizes=\"auto, (max-width: 980px) 100vw, 980px\" \/><\/a><\/p>\n<h3>Estande de plantas<\/h3>\n<p><strong>O espa\u00e7amento entre ruas, combinado com espa\u00e7amento entre plantas, define o estande de plantas\/ha da lavoura.<\/strong> Diversos trabalhos t\u00eam demonstrado que o estande de plantas est\u00e1 diretamente relacionado com a produtividade, de forma que, quando se tem poucas plantas por hectare, por mais que a produ\u00e7\u00e3o seja alta por planta, a produtividade por hectare \u00e9 baixa, quando comparada com estandes maiores.<\/p>\n<p>J\u00e1 quando se tem muitas plantas por hectare, mesmo produzindo menos por planta, a produtividade \u00e9 maior, quando comparada com estandes menores.<\/p>\n<p>Al\u00e9m de melhorar a produtividade, estandes maiores tendem a diminuir a bienalidade da lavoura, ou seja, a produ\u00e7\u00e3o por planta \u00e9 menos discrepante de um ano para o outro.<\/p>\n<p>O adensamento pode aumentar a produtividade e diminuir a bienalidade. No entanto, deve ser realizado de forma criteriosa, pois o excesso de plantas pode resultar em competi\u00e7\u00e3o por \u00e1gua, luz e nutrientes, o que pode, consequentemente, reduzir a produtividade.<\/p>\n<p>Atualmente, busca-se trabalhar com estande de plantas variando de <strong>4 a 6 mil plantas\/ha no cultivo mecanizado e de 6 a 10 mil plantas\/ha, no cultivo manual.<\/strong><\/p>\n<h3>Espa\u00e7amento entre ruas<\/h3>\n<p>O espa\u00e7amento entre ruas no sistema de cultivo mecanizado, depender\u00e1 da bitola (largura) do trator e di\u00e2metro de copa da cultivar escolhida, variando de <strong>3,2m a 4m<\/strong>.<\/p>\n<p>J\u00e1 no cultivo manual o espa\u00e7amento varia de <strong>2m a 3m<\/strong>.<\/p>\n<h3>Espa\u00e7amento entre plantas<\/h3>\n<p>O espa\u00e7amento entre plantas varia de <strong>0,5 a 0,7m<\/strong>. N\u00e3o se recomenda trabalhar com espa\u00e7amento superior a 0,7, pois afetar\u00e1 no estande final de plantas (ficar\u00e1 baixo).<\/p>\n<p><a href=\"https:\/\/rehagro.com.br\/cursos\/capacitacao-em-gestao-na-producao-de-cafe?utm_campaign=mkt-materiais-gc&amp;utm_source=textos&amp;utm_medium=blog\" target=\"_blank\" rel=\"noopener\"><img loading=\"lazy\" decoding=\"async\" class=\"aligncenter wp-image-24250 size-full\" title=\"Clique e saiba mais sobre o curso!\" src=\"https:\/\/rehagro.com.br\/blog\/wp-content\/uploads\/2023\/09\/banner-gc.jpg\" alt=\"Curso Gest\u00e3o na Produ\u00e7\u00e3o de Caf\u00e9 Ar\u00e1bica\" width=\"980\" height=\"317\" srcset=\"https:\/\/rehagro.com.br\/blog\/wp-content\/uploads\/2023\/09\/banner-gc.jpg 980w, https:\/\/rehagro.com.br\/blog\/wp-content\/uploads\/2023\/09\/banner-gc-300x97.jpg 300w, https:\/\/rehagro.com.br\/blog\/wp-content\/uploads\/2023\/09\/banner-gc-768x248.jpg 768w, https:\/\/rehagro.com.br\/blog\/wp-content\/uploads\/2023\/09\/banner-gc-370x120.jpg 370w, https:\/\/rehagro.com.br\/blog\/wp-content\/uploads\/2023\/09\/banner-gc-270x87.jpg 270w, https:\/\/rehagro.com.br\/blog\/wp-content\/uploads\/2023\/09\/banner-gc-740x239.jpg 740w, https:\/\/rehagro.com.br\/blog\/wp-content\/uploads\/2023\/09\/banner-gc-150x49.jpg 150w\" sizes=\"auto, (max-width: 980px) 100vw, 980px\" \/><\/a><\/p>\n<h2>Qual a rela\u00e7\u00e3o entre o espa\u00e7amento do caf\u00e9 e a produtividade?<\/h2>\n<p>Na cafeicultura atual, h\u00e1 uma tend\u00eancia de reduzir o espa\u00e7amento entre plantas com o objetivo de otimizar a \u00e1rea cultivada e alcan\u00e7ar maiores produtividades.<\/p>\n<p>O espa\u00e7amento define o n\u00famero de plantas por hectare e sua distribui\u00e7\u00e3o na \u00e1rea. V\u00e1rios trabalhos v\u00eam demonstrando que o espa\u00e7amento correto proporciona grande aumento de produtividade (Gr\u00e1fico 1).<\/p>\n<p><img loading=\"lazy\" decoding=\"async\" class=\"aligncenter wp-image-33490\" src=\"https:\/\/rehagro.com.br\/blog\/wp-content\/uploads\/2024\/07\/produtividade-espacamento-cafeeiros.jpg\" alt=\"Produtividade (Sc\/ha) em fun\u00e7\u00e3o de diversos espa\u00e7amentos de cafeeiro Catua\u00ed.\" width=\"780\" height=\"329\" srcset=\"https:\/\/rehagro.com.br\/blog\/wp-content\/uploads\/2024\/07\/produtividade-espacamento-cafeeiros.jpg 1372w, https:\/\/rehagro.com.br\/blog\/wp-content\/uploads\/2024\/07\/produtividade-espacamento-cafeeiros-300x126.jpg 300w, https:\/\/rehagro.com.br\/blog\/wp-content\/uploads\/2024\/07\/produtividade-espacamento-cafeeiros-1024x431.jpg 1024w, https:\/\/rehagro.com.br\/blog\/wp-content\/uploads\/2024\/07\/produtividade-espacamento-cafeeiros-768x324.jpg 768w, https:\/\/rehagro.com.br\/blog\/wp-content\/uploads\/2024\/07\/produtividade-espacamento-cafeeiros-370x156.jpg 370w, https:\/\/rehagro.com.br\/blog\/wp-content\/uploads\/2024\/07\/produtividade-espacamento-cafeeiros-270x114.jpg 270w, https:\/\/rehagro.com.br\/blog\/wp-content\/uploads\/2024\/07\/produtividade-espacamento-cafeeiros-740x312.jpg 740w, https:\/\/rehagro.com.br\/blog\/wp-content\/uploads\/2024\/07\/produtividade-espacamento-cafeeiros-150x63.jpg 150w\" sizes=\"auto, (max-width: 780px) 100vw, 780px\" \/><\/p>\n<p style=\"text-align: center;\"><span style=\"font-size: 13px;\">Gr\u00e1fico 1 &#8211; <span style=\"font-weight: 400;\">Produtividade (Sc\/ha) em fun\u00e7\u00e3o de diversos espa\u00e7amentos de cafeeiro Catua\u00ed. Fonte: Rocha et al. (2000).<\/span><\/span><\/p>\n<p><strong>Cultivares que possuem di\u00e2metro de copa maior, tendem a apresentar resultado melhor de produtividade quando o espa\u00e7amento \u00e9 um pouco mais afastado<\/strong>. Pois, quando plantadas muito pr\u00f3ximas pode ocorrer estiolamento, sombreamento do barrado e consequente perda de saia (barrado), no m\u00e9dio\/longo prazo, quando n\u00e3o podadas.<\/p>\n<p>Na tabela 1, podemos observar um estudo que avaliou a produtividade em fun\u00e7\u00e3o do espa\u00e7amento de duas cultivares ao longo de 9 safras. Ambas foram implantadas com o espa\u00e7amento de 3,5m entre ruas e tiveram varia\u00e7\u00f5es no espa\u00e7amento entre plantas, variando de 0,5 a 1m.<\/p>\n<ul>\n<li>A cultivar Catua\u00ed 62 apresenta porte baixo e di\u00e2metro de copa menor, quando comparada com a cultivar Mundo Novo 379\/19.<\/li>\n<li>A cultivar de porte baixo apresentou maior produtividade no espa\u00e7amento de 0,5m entre plantas em compara\u00e7\u00e3o com o espa\u00e7amento de 0,75m, apresentando uma redu\u00e7\u00e3o de 11 Sc\/ha.<\/li>\n<li>A cultivar de porte alto, por outro lado, apresentou maior produtividade no espa\u00e7amento de 0,75m entre plantas, com quase 5 Sc\/ha a mais em compara\u00e7\u00e3o ao espa\u00e7amento de 0,5m.<\/li>\n<\/ul>\n<p><img loading=\"lazy\" decoding=\"async\" class=\"aligncenter size-large wp-image-33491\" src=\"https:\/\/rehagro.com.br\/blog\/wp-content\/uploads\/2024\/07\/produtividade-nove-safras-cafe-1024x294.jpg\" alt=\"Produtividade, nas 9 primeiras safras, em cafeeiros sob efeito de espa\u00e7amentos na linha, em 2 variedades\" width=\"770\" height=\"221\" srcset=\"https:\/\/rehagro.com.br\/blog\/wp-content\/uploads\/2024\/07\/produtividade-nove-safras-cafe-1024x294.jpg 1024w, https:\/\/rehagro.com.br\/blog\/wp-content\/uploads\/2024\/07\/produtividade-nove-safras-cafe-300x86.jpg 300w, https:\/\/rehagro.com.br\/blog\/wp-content\/uploads\/2024\/07\/produtividade-nove-safras-cafe-768x220.jpg 768w, https:\/\/rehagro.com.br\/blog\/wp-content\/uploads\/2024\/07\/produtividade-nove-safras-cafe-370x106.jpg 370w, https:\/\/rehagro.com.br\/blog\/wp-content\/uploads\/2024\/07\/produtividade-nove-safras-cafe-270x77.jpg 270w, https:\/\/rehagro.com.br\/blog\/wp-content\/uploads\/2024\/07\/produtividade-nove-safras-cafe-740x212.jpg 740w, https:\/\/rehagro.com.br\/blog\/wp-content\/uploads\/2024\/07\/produtividade-nove-safras-cafe-150x43.jpg 150w, https:\/\/rehagro.com.br\/blog\/wp-content\/uploads\/2024\/07\/produtividade-nove-safras-cafe.jpg 1039w\" sizes=\"auto, (max-width: 770px) 100vw, 770px\" \/><\/p>\n<p style=\"text-align: center;\"><span style=\"font-weight: 400; font-size: 13px;\">Tabela 1 \u2013\u00a0 Produtividade, nas 9 primeiras safras, em cafeeiros sob efeito de espa\u00e7amentos na linha, em 2 variedades. Fonte: Filho et al. (2023).<\/span><\/p>\n<p>Na tabela 2, todas as cultivares tamb\u00e9m apresentaram maior produtividade no espa\u00e7amento de 0,5m entre plantas. Com exce\u00e7\u00e3o da cultivar Mundo novo 376\/4, que apresentou melhor produtividade no espa\u00e7amento de 0,7m entre plantas.<\/p>\n<p><img loading=\"lazy\" decoding=\"async\" class=\"aligncenter size-large wp-image-33492\" src=\"https:\/\/rehagro.com.br\/blog\/wp-content\/uploads\/2024\/07\/produtividade-quatro-safras-cafe-1024x465.jpg\" alt=\"Produtividade, nas 4 primeiras safras, em cafeeiros sob efeito de espa\u00e7amentos na linha, em 5 variedades\" width=\"770\" height=\"350\" srcset=\"https:\/\/rehagro.com.br\/blog\/wp-content\/uploads\/2024\/07\/produtividade-quatro-safras-cafe-1024x465.jpg 1024w, https:\/\/rehagro.com.br\/blog\/wp-content\/uploads\/2024\/07\/produtividade-quatro-safras-cafe-300x136.jpg 300w, https:\/\/rehagro.com.br\/blog\/wp-content\/uploads\/2024\/07\/produtividade-quatro-safras-cafe-768x349.jpg 768w, https:\/\/rehagro.com.br\/blog\/wp-content\/uploads\/2024\/07\/produtividade-quatro-safras-cafe-370x168.jpg 370w, https:\/\/rehagro.com.br\/blog\/wp-content\/uploads\/2024\/07\/produtividade-quatro-safras-cafe-270x123.jpg 270w, https:\/\/rehagro.com.br\/blog\/wp-content\/uploads\/2024\/07\/produtividade-quatro-safras-cafe-740x336.jpg 740w, https:\/\/rehagro.com.br\/blog\/wp-content\/uploads\/2024\/07\/produtividade-quatro-safras-cafe-150x68.jpg 150w, https:\/\/rehagro.com.br\/blog\/wp-content\/uploads\/2024\/07\/produtividade-quatro-safras-cafe.jpg 1066w\" sizes=\"auto, (max-width: 770px) 100vw, 770px\" \/><\/p>\n<p style=\"text-align: center;\"><span style=\"font-weight: 400; font-size: 13px;\">Tabela 2 \u2013 Produtividade, nas 4 primeiras safras, em cafeeiros sob efeito de espa\u00e7amentos na linha, em 5 variedades. Fonte: Filho et al. (2023).<\/span><\/p>\n<h2>Considera\u00e7\u00f5es finais<\/h2>\n<p>Diante do exposto, percebe-se que <strong>o n\u00famero de plantas por hectare est\u00e1 diretamente relacionado com a produtividade<\/strong>. Atualmente procuramos trabalhar com estandes de plantas pr\u00f3ximo ou acima de <strong>5 mil plantas\/ha.<\/strong><\/p>\n<p>Uma estrat\u00e9gia para regi\u00f5es com m\u00e3o de obra dif\u00edcil ou que se deseja postergar as podas, \u00e9 trabalhar com cultivares de porte baixo e\/ou distanciar o espa\u00e7amento entre as ruas, podendo trabalhar com 3,8 m ou at\u00e9 4m. Desta forma, as plantas ir\u00e3o demorar a perder o barrado (baixeiro da planta) demorando mais tempo para demandar podas.<\/p>\n<p>No entanto, quando se opta por espa\u00e7amento mais largos entre as ruas, deve-se atentar com o espa\u00e7amento entre as plantas, sempre olhando o estande final.<\/p>\n<p>Por exemplo, ao utilizar o espa\u00e7amento de 4 m entre ruas e 0,5 m entre plantas, temos um estande de 5 mil plantas\/ha (10.000\/4m\/0,5m) que \u00e9 considerado um bom estande.<\/p>\n<p>Os espa\u00e7amentos que temos mais utilizados atualmente entre ruas variam de 3,5 a 3,8m no cultivo mecanizado e de 2 a 2,5 no manual. J\u00e1 entre plantas variam de 0,5 a 0,6m.<\/p>\n<h2>Defina o espa\u00e7amento ideal e aumente a efici\u00eancia da lavoura<\/h2>\n<p>O espa\u00e7amento no plantio do caf\u00e9 ar\u00e1bica influencia diretamente o desenvolvimento das plantas, a produtividade e a longevidade da lavoura. Para garantir os melhores resultados, \u00e9 fundamental planejar essa escolha com base em crit\u00e9rios t\u00e9cnicos aliados a uma gest\u00e3o estrat\u00e9gica da produ\u00e7\u00e3o.<\/p>\n<p>No <strong><a href=\"https:\/\/rehagro.com.br\/cursos\/capacitacao-em-gestao-na-producao-de-cafe?utm_campaign=mkt-materiais-gc&amp;utm_source=textos&amp;utm_medium=blog\">Curso Gest\u00e3o na Produ\u00e7\u00e3o de Caf\u00e9 Ar\u00e1bica<\/a><\/strong>\u00a0do Rehagro, voc\u00ea aprende a tomar decis\u00f5es mais assertivas desde a forma\u00e7\u00e3o da lavoura, organizar a produ\u00e7\u00e3o de forma eficiente, reduzir custos e conduzir sua fazenda com foco em produtividade, qualidade e rentabilidade.<\/p>\n<p><a href=\"https:\/\/rehagro.com.br\/cursos\/capacitacao-em-gestao-na-producao-de-cafe?utm_campaign=mkt-materiais-gc&amp;utm_source=textos&amp;utm_medium=blog\" target=\"_blank\" rel=\"noopener\"><img loading=\"lazy\" decoding=\"async\" class=\"aligncenter wp-image-24250 size-full\" title=\"Clique e saiba mais sobre o curso!\" src=\"https:\/\/rehagro.com.br\/blog\/wp-content\/uploads\/2023\/09\/banner-gc.jpg\" alt=\"Curso Gest\u00e3o na Produ\u00e7\u00e3o de Caf\u00e9 Ar\u00e1bica\" width=\"980\" height=\"317\" srcset=\"https:\/\/rehagro.com.br\/blog\/wp-content\/uploads\/2023\/09\/banner-gc.jpg 980w, https:\/\/rehagro.com.br\/blog\/wp-content\/uploads\/2023\/09\/banner-gc-300x97.jpg 300w, https:\/\/rehagro.com.br\/blog\/wp-content\/uploads\/2023\/09\/banner-gc-768x248.jpg 768w, https:\/\/rehagro.com.br\/blog\/wp-content\/uploads\/2023\/09\/banner-gc-370x120.jpg 370w, https:\/\/rehagro.com.br\/blog\/wp-content\/uploads\/2023\/09\/banner-gc-270x87.jpg 270w, https:\/\/rehagro.com.br\/blog\/wp-content\/uploads\/2023\/09\/banner-gc-740x239.jpg 740w, https:\/\/rehagro.com.br\/blog\/wp-content\/uploads\/2023\/09\/banner-gc-150x49.jpg 150w\" sizes=\"auto, (max-width: 980px) 100vw, 980px\" \/><\/a><\/p>\n<p><img loading=\"lazy\" decoding=\"async\" class=\"aligncenter size-full wp-image-29769\" src=\"https:\/\/rehagro.com.br\/blog\/wp-content\/uploads\/2024\/03\/isaias.jpg\" alt=\"Isaias dos Santos\" width=\"300\" height=\"96\" srcset=\"https:\/\/rehagro.com.br\/blog\/wp-content\/uploads\/2024\/03\/isaias.jpg 300w, https:\/\/rehagro.com.br\/blog\/wp-content\/uploads\/2024\/03\/isaias-270x86.jpg 270w, https:\/\/rehagro.com.br\/blog\/wp-content\/uploads\/2024\/03\/isaias-150x48.jpg 150w\" sizes=\"auto, (max-width: 300px) 100vw, 300px\" \/><\/p>\n<p><strong>Refer\u00eancias bibliogr\u00e1ficas<\/strong><\/p>\n<ul>\n<li><span style=\"font-size: 13px;\">BOR\u00c9M. A. <i>et al. <\/i>Caf\u00e9 Ar\u00e1bica: do plantio \u00e0 colheita. Vi\u00e7osa, MG: ED. UFV, 2015. 316 p.<\/span><\/li>\n<li><span style=\"font-size: 13px;\">FILHO, M. J. <i>et al. <\/i>Espa\u00e7amentos, na linha, em diferentes cultivares de cafeeiros, na regi\u00e3o da mogiana paulista. In: Congresso brasileiro de pesquisas cafeeiras, 47. p. 54. 2023, Caxamb\u00fa, MG.<\/span><\/li>\n<li><span style=\"font-size: 13px;\">FILHO, M. J. <i>et al.<\/i> Estudo de espa\u00e7amentos x variedades de caf\u00e9 na regi\u00e3o da Mogiana \u2013 SP resultados nas nove primeiras safras. Congresso brasileiro de pesquisas cafeeiras, 47. p. 52. 2023, Caxamb\u00fa, MG.<\/span><\/li>\n<li><span style=\"font-size: 13px;\">MATIELLO, J. B. <i>et al.<\/i> Cultura de caf\u00e9 no Brasil: Manual de recomenda\u00e7\u00f5es. Varginha, MG, 2020. p.714.<\/span><\/li>\n<li><span style=\"font-size: 13px;\">ROCHA, A. C.; CEOTO, O. L.; PREZOTTI, L. C. Diversos espa\u00e7amentos para o plantio de caf\u00e9 catuai na regi\u00e3o serrana do esp\u00edrito santo. In: Simp\u00f3sio de pesquisa dos caf\u00e9s do Brasil. Dispon\u00edvel em: &lt; https:\/\/biblioteca.incaper.es.gov.br\/digital\/bitstream\/item\/929\/1\/diversosespacamentosparaoplantiodecafecatuairegiaoserrana.pdf&gt;.<\/span><\/li>\n<\/ul>\n","protected":false},"excerpt":{"rendered":"<p>Por ser uma cultura perene, o cafeeiro permanece por muitos anos implantado na \u00e1rea, podendo passar de 30 anos. Desta forma, \u00e9 importante ser assertivo na escolha do local, cultivar e espa\u00e7amento. A escolha do espa\u00e7amento deve ser muito bem planejado, pois ele est\u00e1 relacionado com a cultivar, sistema de cultivo, tratos culturais e estande [&hellip;]<\/p>\n","protected":false},"author":21,"featured_media":33493,"comment_status":"open","ping_status":"open","sticky":false,"template":"","format":"standard","meta":{"footnotes":""},"categories":[211],"tags":[282,977,349],"class_list":["post-33488","post","type-post","status-publish","format-standard","has-post-thumbnail","hentry","category-cafe","tag-cafe","tag-plantio-de-cafe","tag-produtividade"],"yoast_head":"<!-- This site is optimized with the Yoast SEO plugin v27.5 - https:\/\/yoast.com\/product\/yoast-seo-wordpress\/ -->\n<title>Espa\u00e7amento no plantio de caf\u00e9 ar\u00e1bica: o que considerar?<\/title>\n<meta name=\"description\" content=\"Veja como definir o espa\u00e7amento ideal no plantio de caf\u00e9 para maximizar a produtividade e evitar problemas comuns no cultivo.\" \/>\n<meta name=\"robots\" content=\"index, follow, max-snippet:-1, max-image-preview:large, max-video-preview:-1\" \/>\n<link rel=\"canonical\" href=\"https:\/\/rehagro.com.br\/blog\/espacamento-no-plantio-de-cafe-arabica-o-que-voce-precisa-saber\/\" \/>\n<meta property=\"og:locale\" content=\"pt_BR\" \/>\n<meta property=\"og:type\" content=\"article\" \/>\n<meta property=\"og:title\" content=\"Espa\u00e7amento no plantio de caf\u00e9 ar\u00e1bica: o que considerar?\" \/>\n<meta property=\"og:description\" content=\"Veja como definir o espa\u00e7amento ideal no plantio de caf\u00e9 para maximizar a produtividade e evitar problemas comuns no cultivo.\" \/>\n<meta property=\"og:url\" content=\"https:\/\/rehagro.com.br\/blog\/espacamento-no-plantio-de-cafe-arabica-o-que-voce-precisa-saber\/\" \/>\n<meta property=\"og:site_name\" content=\"Rehagro Blog\" \/>\n<meta property=\"article:published_time\" content=\"2024-07-03T19:15:56+00:00\" \/>\n<meta property=\"article:modified_time\" content=\"2026-04-07T23:51:07+00:00\" \/>\n<meta property=\"og:image\" content=\"https:\/\/rehagro.com.br\/blog\/wp-content\/uploads\/2024\/07\/capa-espacamento-plantio-cafe.jpeg\" \/>\n\t<meta property=\"og:image:width\" content=\"1280\" \/>\n\t<meta property=\"og:image:height\" content=\"757\" \/>\n\t<meta property=\"og:image:type\" content=\"image\/jpeg\" \/>\n<meta name=\"author\" content=\"Jo\u00e3o Pedro Azevedo\" \/>\n<meta name=\"twitter:card\" content=\"summary_large_image\" \/>\n<meta name=\"twitter:label1\" content=\"Escrito por\" \/>\n\t<meta name=\"twitter:data1\" content=\"Jo\u00e3o Pedro Azevedo\" \/>\n\t<meta name=\"twitter:label2\" content=\"Est. tempo de leitura\" \/>\n\t<meta name=\"twitter:data2\" content=\"9 minutos\" \/>\n<script type=\"application\/ld+json\" class=\"yoast-schema-graph\">{\"@context\":\"https:\\\/\\\/schema.org\",\"@graph\":[{\"@type\":\"Article\",\"@id\":\"https:\\\/\\\/rehagro.com.br\\\/blog\\\/espacamento-no-plantio-de-cafe-arabica-o-que-voce-precisa-saber\\\/#article\",\"isPartOf\":{\"@id\":\"https:\\\/\\\/rehagro.com.br\\\/blog\\\/espacamento-no-plantio-de-cafe-arabica-o-que-voce-precisa-saber\\\/\"},\"author\":{\"name\":\"Jo\u00e3o Pedro Azevedo\",\"@id\":\"https:\\\/\\\/rehagro.com.br\\\/blog\\\/#\\\/schema\\\/person\\\/f2d1ae51b04939615ceebb3c0bfd8a94\"},\"headline\":\"Espa\u00e7amento no plantio de caf\u00e9 ar\u00e1bica: o que voc\u00ea precisa saber\",\"datePublished\":\"2024-07-03T19:15:56+00:00\",\"dateModified\":\"2026-04-07T23:51:07+00:00\",\"mainEntityOfPage\":{\"@id\":\"https:\\\/\\\/rehagro.com.br\\\/blog\\\/espacamento-no-plantio-de-cafe-arabica-o-que-voce-precisa-saber\\\/\"},\"wordCount\":1309,\"commentCount\":1,\"publisher\":{\"@id\":\"https:\\\/\\\/rehagro.com.br\\\/blog\\\/#organization\"},\"image\":{\"@id\":\"https:\\\/\\\/rehagro.com.br\\\/blog\\\/espacamento-no-plantio-de-cafe-arabica-o-que-voce-precisa-saber\\\/#primaryimage\"},\"thumbnailUrl\":\"https:\\\/\\\/rehagro.com.br\\\/blog\\\/wp-content\\\/uploads\\\/2024\\\/07\\\/capa-espacamento-plantio-cafe.jpeg\",\"keywords\":[\"caf\u00e9\",\"plantio de caf\u00e9\",\"produtividade\"],\"articleSection\":[\"CAF\u00c9\"],\"inLanguage\":\"pt-BR\",\"potentialAction\":[{\"@type\":\"CommentAction\",\"name\":\"Comment\",\"target\":[\"https:\\\/\\\/rehagro.com.br\\\/blog\\\/espacamento-no-plantio-de-cafe-arabica-o-que-voce-precisa-saber\\\/#respond\"]}]},{\"@type\":\"WebPage\",\"@id\":\"https:\\\/\\\/rehagro.com.br\\\/blog\\\/espacamento-no-plantio-de-cafe-arabica-o-que-voce-precisa-saber\\\/\",\"url\":\"https:\\\/\\\/rehagro.com.br\\\/blog\\\/espacamento-no-plantio-de-cafe-arabica-o-que-voce-precisa-saber\\\/\",\"name\":\"Espa\u00e7amento no plantio de caf\u00e9 ar\u00e1bica: o que considerar?\",\"isPartOf\":{\"@id\":\"https:\\\/\\\/rehagro.com.br\\\/blog\\\/#website\"},\"primaryImageOfPage\":{\"@id\":\"https:\\\/\\\/rehagro.com.br\\\/blog\\\/espacamento-no-plantio-de-cafe-arabica-o-que-voce-precisa-saber\\\/#primaryimage\"},\"image\":{\"@id\":\"https:\\\/\\\/rehagro.com.br\\\/blog\\\/espacamento-no-plantio-de-cafe-arabica-o-que-voce-precisa-saber\\\/#primaryimage\"},\"thumbnailUrl\":\"https:\\\/\\\/rehagro.com.br\\\/blog\\\/wp-content\\\/uploads\\\/2024\\\/07\\\/capa-espacamento-plantio-cafe.jpeg\",\"datePublished\":\"2024-07-03T19:15:56+00:00\",\"dateModified\":\"2026-04-07T23:51:07+00:00\",\"description\":\"Veja como definir o espa\u00e7amento ideal no plantio de caf\u00e9 para maximizar a produtividade e evitar problemas comuns no cultivo.\",\"breadcrumb\":{\"@id\":\"https:\\\/\\\/rehagro.com.br\\\/blog\\\/espacamento-no-plantio-de-cafe-arabica-o-que-voce-precisa-saber\\\/#breadcrumb\"},\"inLanguage\":\"pt-BR\",\"potentialAction\":[{\"@type\":\"ReadAction\",\"target\":[\"https:\\\/\\\/rehagro.com.br\\\/blog\\\/espacamento-no-plantio-de-cafe-arabica-o-que-voce-precisa-saber\\\/\"]}]},{\"@type\":\"ImageObject\",\"inLanguage\":\"pt-BR\",\"@id\":\"https:\\\/\\\/rehagro.com.br\\\/blog\\\/espacamento-no-plantio-de-cafe-arabica-o-que-voce-precisa-saber\\\/#primaryimage\",\"url\":\"https:\\\/\\\/rehagro.com.br\\\/blog\\\/wp-content\\\/uploads\\\/2024\\\/07\\\/capa-espacamento-plantio-cafe.jpeg\",\"contentUrl\":\"https:\\\/\\\/rehagro.com.br\\\/blog\\\/wp-content\\\/uploads\\\/2024\\\/07\\\/capa-espacamento-plantio-cafe.jpeg\",\"width\":1280,\"height\":757,\"caption\":\"Cafeeiros com bom espa\u00e7amento\"},{\"@type\":\"BreadcrumbList\",\"@id\":\"https:\\\/\\\/rehagro.com.br\\\/blog\\\/espacamento-no-plantio-de-cafe-arabica-o-que-voce-precisa-saber\\\/#breadcrumb\",\"itemListElement\":[{\"@type\":\"ListItem\",\"position\":1,\"name\":\"In\u00edcio\",\"item\":\"https:\\\/\\\/rehagro.com.br\\\/blog\\\/\"},{\"@type\":\"ListItem\",\"position\":2,\"name\":\"Espa\u00e7amento no plantio de caf\u00e9 ar\u00e1bica: o que voc\u00ea precisa saber\"}]},{\"@type\":\"WebSite\",\"@id\":\"https:\\\/\\\/rehagro.com.br\\\/blog\\\/#website\",\"url\":\"https:\\\/\\\/rehagro.com.br\\\/blog\\\/\",\"name\":\"Rehagro Blog\",\"description\":\"\",\"publisher\":{\"@id\":\"https:\\\/\\\/rehagro.com.br\\\/blog\\\/#organization\"},\"potentialAction\":[{\"@type\":\"SearchAction\",\"target\":{\"@type\":\"EntryPoint\",\"urlTemplate\":\"https:\\\/\\\/rehagro.com.br\\\/blog\\\/?s={search_term_string}\"},\"query-input\":{\"@type\":\"PropertyValueSpecification\",\"valueRequired\":true,\"valueName\":\"search_term_string\"}}],\"inLanguage\":\"pt-BR\"},{\"@type\":\"Organization\",\"@id\":\"https:\\\/\\\/rehagro.com.br\\\/blog\\\/#organization\",\"name\":\"Rehagro\",\"url\":\"https:\\\/\\\/rehagro.com.br\\\/blog\\\/\",\"logo\":{\"@type\":\"ImageObject\",\"inLanguage\":\"pt-BR\",\"@id\":\"https:\\\/\\\/rehagro.com.br\\\/blog\\\/#\\\/schema\\\/logo\\\/image\\\/\",\"url\":\"https:\\\/\\\/rehagro.com.br\\\/blog\\\/wp-content\\\/uploads\\\/2018\\\/05\\\/logo-rehagro.png\",\"contentUrl\":\"https:\\\/\\\/rehagro.com.br\\\/blog\\\/wp-content\\\/uploads\\\/2018\\\/05\\\/logo-rehagro.png\",\"width\":400,\"height\":115,\"caption\":\"Rehagro\"},\"image\":{\"@id\":\"https:\\\/\\\/rehagro.com.br\\\/blog\\\/#\\\/schema\\\/logo\\\/image\\\/\"}},{\"@type\":\"Person\",\"@id\":\"https:\\\/\\\/rehagro.com.br\\\/blog\\\/#\\\/schema\\\/person\\\/f2d1ae51b04939615ceebb3c0bfd8a94\",\"name\":\"Jo\u00e3o Pedro Azevedo\",\"image\":{\"@type\":\"ImageObject\",\"inLanguage\":\"pt-BR\",\"@id\":\"https:\\\/\\\/secure.gravatar.com\\\/avatar\\\/34aacffb2f10625483f480470f3274778dd1c183ba4f66444bb60ae92149bf8a?s=96&d=mm&r=g\",\"url\":\"https:\\\/\\\/secure.gravatar.com\\\/avatar\\\/34aacffb2f10625483f480470f3274778dd1c183ba4f66444bb60ae92149bf8a?s=96&d=mm&r=g\",\"contentUrl\":\"https:\\\/\\\/secure.gravatar.com\\\/avatar\\\/34aacffb2f10625483f480470f3274778dd1c183ba4f66444bb60ae92149bf8a?s=96&d=mm&r=g\",\"caption\":\"Jo\u00e3o Pedro Azevedo\"},\"url\":\"https:\\\/\\\/rehagro.com.br\\\/blog\\\/author\\\/joao-pedro\\\/\"}]}<\/script>\n<!-- \/ Yoast SEO plugin. -->","yoast_head_json":{"title":"Espa\u00e7amento no plantio de caf\u00e9 ar\u00e1bica: o que considerar?","description":"Veja como definir o espa\u00e7amento ideal no plantio de caf\u00e9 para maximizar a produtividade e evitar problemas comuns no cultivo.","robots":{"index":"index","follow":"follow","max-snippet":"max-snippet:-1","max-image-preview":"max-image-preview:large","max-video-preview":"max-video-preview:-1"},"canonical":"https:\/\/rehagro.com.br\/blog\/espacamento-no-plantio-de-cafe-arabica-o-que-voce-precisa-saber\/","og_locale":"pt_BR","og_type":"article","og_title":"Espa\u00e7amento no plantio de caf\u00e9 ar\u00e1bica: o que considerar?","og_description":"Veja como definir o espa\u00e7amento ideal no plantio de caf\u00e9 para maximizar a produtividade e evitar problemas comuns no cultivo.","og_url":"https:\/\/rehagro.com.br\/blog\/espacamento-no-plantio-de-cafe-arabica-o-que-voce-precisa-saber\/","og_site_name":"Rehagro Blog","article_published_time":"2024-07-03T19:15:56+00:00","article_modified_time":"2026-04-07T23:51:07+00:00","og_image":[{"width":1280,"height":757,"url":"https:\/\/rehagro.com.br\/blog\/wp-content\/uploads\/2024\/07\/capa-espacamento-plantio-cafe.jpeg","type":"image\/jpeg"}],"author":"Jo\u00e3o Pedro Azevedo","twitter_card":"summary_large_image","twitter_misc":{"Escrito por":"Jo\u00e3o Pedro Azevedo","Est. tempo de leitura":"9 minutos"},"schema":{"@context":"https:\/\/schema.org","@graph":[{"@type":"Article","@id":"https:\/\/rehagro.com.br\/blog\/espacamento-no-plantio-de-cafe-arabica-o-que-voce-precisa-saber\/#article","isPartOf":{"@id":"https:\/\/rehagro.com.br\/blog\/espacamento-no-plantio-de-cafe-arabica-o-que-voce-precisa-saber\/"},"author":{"name":"Jo\u00e3o Pedro Azevedo","@id":"https:\/\/rehagro.com.br\/blog\/#\/schema\/person\/f2d1ae51b04939615ceebb3c0bfd8a94"},"headline":"Espa\u00e7amento no plantio de caf\u00e9 ar\u00e1bica: o que voc\u00ea precisa saber","datePublished":"2024-07-03T19:15:56+00:00","dateModified":"2026-04-07T23:51:07+00:00","mainEntityOfPage":{"@id":"https:\/\/rehagro.com.br\/blog\/espacamento-no-plantio-de-cafe-arabica-o-que-voce-precisa-saber\/"},"wordCount":1309,"commentCount":1,"publisher":{"@id":"https:\/\/rehagro.com.br\/blog\/#organization"},"image":{"@id":"https:\/\/rehagro.com.br\/blog\/espacamento-no-plantio-de-cafe-arabica-o-que-voce-precisa-saber\/#primaryimage"},"thumbnailUrl":"https:\/\/rehagro.com.br\/blog\/wp-content\/uploads\/2024\/07\/capa-espacamento-plantio-cafe.jpeg","keywords":["caf\u00e9","plantio de caf\u00e9","produtividade"],"articleSection":["CAF\u00c9"],"inLanguage":"pt-BR","potentialAction":[{"@type":"CommentAction","name":"Comment","target":["https:\/\/rehagro.com.br\/blog\/espacamento-no-plantio-de-cafe-arabica-o-que-voce-precisa-saber\/#respond"]}]},{"@type":"WebPage","@id":"https:\/\/rehagro.com.br\/blog\/espacamento-no-plantio-de-cafe-arabica-o-que-voce-precisa-saber\/","url":"https:\/\/rehagro.com.br\/blog\/espacamento-no-plantio-de-cafe-arabica-o-que-voce-precisa-saber\/","name":"Espa\u00e7amento no plantio de caf\u00e9 ar\u00e1bica: o que considerar?","isPartOf":{"@id":"https:\/\/rehagro.com.br\/blog\/#website"},"primaryImageOfPage":{"@id":"https:\/\/rehagro.com.br\/blog\/espacamento-no-plantio-de-cafe-arabica-o-que-voce-precisa-saber\/#primaryimage"},"image":{"@id":"https:\/\/rehagro.com.br\/blog\/espacamento-no-plantio-de-cafe-arabica-o-que-voce-precisa-saber\/#primaryimage"},"thumbnailUrl":"https:\/\/rehagro.com.br\/blog\/wp-content\/uploads\/2024\/07\/capa-espacamento-plantio-cafe.jpeg","datePublished":"2024-07-03T19:15:56+00:00","dateModified":"2026-04-07T23:51:07+00:00","description":"Veja como definir o espa\u00e7amento ideal no plantio de caf\u00e9 para maximizar a produtividade e evitar problemas comuns no cultivo.","breadcrumb":{"@id":"https:\/\/rehagro.com.br\/blog\/espacamento-no-plantio-de-cafe-arabica-o-que-voce-precisa-saber\/#breadcrumb"},"inLanguage":"pt-BR","potentialAction":[{"@type":"ReadAction","target":["https:\/\/rehagro.com.br\/blog\/espacamento-no-plantio-de-cafe-arabica-o-que-voce-precisa-saber\/"]}]},{"@type":"ImageObject","inLanguage":"pt-BR","@id":"https:\/\/rehagro.com.br\/blog\/espacamento-no-plantio-de-cafe-arabica-o-que-voce-precisa-saber\/#primaryimage","url":"https:\/\/rehagro.com.br\/blog\/wp-content\/uploads\/2024\/07\/capa-espacamento-plantio-cafe.jpeg","contentUrl":"https:\/\/rehagro.com.br\/blog\/wp-content\/uploads\/2024\/07\/capa-espacamento-plantio-cafe.jpeg","width":1280,"height":757,"caption":"Cafeeiros com bom espa\u00e7amento"},{"@type":"BreadcrumbList","@id":"https:\/\/rehagro.com.br\/blog\/espacamento-no-plantio-de-cafe-arabica-o-que-voce-precisa-saber\/#breadcrumb","itemListElement":[{"@type":"ListItem","position":1,"name":"In\u00edcio","item":"https:\/\/rehagro.com.br\/blog\/"},{"@type":"ListItem","position":2,"name":"Espa\u00e7amento no plantio de caf\u00e9 ar\u00e1bica: o que voc\u00ea precisa saber"}]},{"@type":"WebSite","@id":"https:\/\/rehagro.com.br\/blog\/#website","url":"https:\/\/rehagro.com.br\/blog\/","name":"Rehagro Blog","description":"","publisher":{"@id":"https:\/\/rehagro.com.br\/blog\/#organization"},"potentialAction":[{"@type":"SearchAction","target":{"@type":"EntryPoint","urlTemplate":"https:\/\/rehagro.com.br\/blog\/?s={search_term_string}"},"query-input":{"@type":"PropertyValueSpecification","valueRequired":true,"valueName":"search_term_string"}}],"inLanguage":"pt-BR"},{"@type":"Organization","@id":"https:\/\/rehagro.com.br\/blog\/#organization","name":"Rehagro","url":"https:\/\/rehagro.com.br\/blog\/","logo":{"@type":"ImageObject","inLanguage":"pt-BR","@id":"https:\/\/rehagro.com.br\/blog\/#\/schema\/logo\/image\/","url":"https:\/\/rehagro.com.br\/blog\/wp-content\/uploads\/2018\/05\/logo-rehagro.png","contentUrl":"https:\/\/rehagro.com.br\/blog\/wp-content\/uploads\/2018\/05\/logo-rehagro.png","width":400,"height":115,"caption":"Rehagro"},"image":{"@id":"https:\/\/rehagro.com.br\/blog\/#\/schema\/logo\/image\/"}},{"@type":"Person","@id":"https:\/\/rehagro.com.br\/blog\/#\/schema\/person\/f2d1ae51b04939615ceebb3c0bfd8a94","name":"Jo\u00e3o Pedro Azevedo","image":{"@type":"ImageObject","inLanguage":"pt-BR","@id":"https:\/\/secure.gravatar.com\/avatar\/34aacffb2f10625483f480470f3274778dd1c183ba4f66444bb60ae92149bf8a?s=96&d=mm&r=g","url":"https:\/\/secure.gravatar.com\/avatar\/34aacffb2f10625483f480470f3274778dd1c183ba4f66444bb60ae92149bf8a?s=96&d=mm&r=g","contentUrl":"https:\/\/secure.gravatar.com\/avatar\/34aacffb2f10625483f480470f3274778dd1c183ba4f66444bb60ae92149bf8a?s=96&d=mm&r=g","caption":"Jo\u00e3o Pedro Azevedo"},"url":"https:\/\/rehagro.com.br\/blog\/author\/joao-pedro\/"}]}},"_links":{"self":[{"href":"https:\/\/rehagro.com.br\/blog\/wp-json\/wp\/v2\/posts\/33488","targetHints":{"allow":["GET"]}}],"collection":[{"href":"https:\/\/rehagro.com.br\/blog\/wp-json\/wp\/v2\/posts"}],"about":[{"href":"https:\/\/rehagro.com.br\/blog\/wp-json\/wp\/v2\/types\/post"}],"author":[{"embeddable":true,"href":"https:\/\/rehagro.com.br\/blog\/wp-json\/wp\/v2\/users\/21"}],"replies":[{"embeddable":true,"href":"https:\/\/rehagro.com.br\/blog\/wp-json\/wp\/v2\/comments?post=33488"}],"version-history":[{"count":13,"href":"https:\/\/rehagro.com.br\/blog\/wp-json\/wp\/v2\/posts\/33488\/revisions"}],"predecessor-version":[{"id":42168,"href":"https:\/\/rehagro.com.br\/blog\/wp-json\/wp\/v2\/posts\/33488\/revisions\/42168"}],"wp:featuredmedia":[{"embeddable":true,"href":"https:\/\/rehagro.com.br\/blog\/wp-json\/wp\/v2\/media\/33493"}],"wp:attachment":[{"href":"https:\/\/rehagro.com.br\/blog\/wp-json\/wp\/v2\/media?parent=33488"}],"wp:term":[{"taxonomy":"category","embeddable":true,"href":"https:\/\/rehagro.com.br\/blog\/wp-json\/wp\/v2\/categories?post=33488"},{"taxonomy":"post_tag","embeddable":true,"href":"https:\/\/rehagro.com.br\/blog\/wp-json\/wp\/v2\/tags?post=33488"}],"curies":[{"name":"wp","href":"https:\/\/api.w.org\/{rel}","templated":true}]}}