{"id":32288,"date":"2024-06-10T08:00:23","date_gmt":"2024-06-10T11:00:23","guid":{"rendered":"https:\/\/rehagro.com.br\/blog\/?p=32288"},"modified":"2026-04-09T18:57:44","modified_gmt":"2026-04-09T21:57:44","slug":"dias-em-lactacao-del","status":"publish","type":"post","link":"https:\/\/rehagro.com.br\/blog\/dias-em-lactacao-del\/","title":{"rendered":"DEL elevado: voc\u00ea conhece os impactos desse indicador na fazenda?"},"content":{"rendered":"<p><span style=\"font-weight: 400;\">O DEL (Dias em Lacta\u00e7\u00e3o) \u00e9 um indicador zoot\u00e9cnico importante dentro de uma propriedade leiteira j\u00e1 que <strong>indica a quantidade de dias que a vaca produz leite do parto at\u00e9 a secagem<\/strong> (final da lacta\u00e7\u00e3o) e est\u00e1 diretamente relacionado com a efici\u00eancia produtiva e reprodutiva do rebanho.\u00a0<\/span><\/p>\n<p><span style=\"font-weight: 400;\">O acompanhamento do DEL \u00e9 essencial para o manejo eficiente da produ\u00e7\u00e3o leiteira, permitindo uma melhor compreens\u00e3o do desempenho produtivo dos animais e possibilitando a tomada de decis\u00f5es mais informadas e precisas.<\/span><\/p>\n<p><span style=\"font-weight: 400;\">Nesse texto iremos abordar aspectos relacionados ao DEL, como a import\u00e2ncia de compreender e calcular o DEL m\u00e9dio da fazenda, quais aspectos contribuem para elevar esse n\u00famero e os principais impactos da eleva\u00e7\u00e3o desse indicador na reprodu\u00e7\u00e3o e produ\u00e7\u00e3o de leite. Al\u00e9m disso, vamos discutir sobre o valor ideal de DEL m\u00e9dio e quais as estrat\u00e9gias para atingir e manter esse n\u00famero.\u00a0<\/span><\/p>\n<div style=\"background-color: #efefef; padding-left: 10px; padding-right: 5px; border-radius: 10px;\">\n<p>&nbsp;<\/p>\n<p style=\"text-align: center;\"><strong><span style=\"font-size: 14pt;\">Sem tempo para ler agora? Baixe este artigo em PDF!<\/span><\/strong><\/p>\n<p><script charset=\"utf-8\" type=\"text\/javascript\" src=\"\/\/js.hsforms.net\/forms\/embed\/v2.js\"><\/script><br \/>\n<script>\nhbspt.forms.create({\nregion: \"na1\",\nportalId: \"5430441\",\nformId: \"5c98e9f8-1021-46c5-b460-16cdc5aef0f7\"\n});\n<\/script><\/p>\n<\/div>\n<h2>O que \u00e9 DEL m\u00e9dio e como calcular?<\/h2>\n<p><span style=\"font-weight: 400;\">O DEL m\u00e9dio do rebanho \u00e9 uma <strong>m\u00e9trica utilizada para avaliar o est\u00e1gio m\u00e9dio de lacta\u00e7\u00e3o do rebanho em um dado momento<\/strong>. Ele representa a m\u00e9dia dos dias em lacta\u00e7\u00e3o de todas as vacas em produ\u00e7\u00e3o dentro da propriedade. Essa medida \u00e9 importante para entender a din\u00e2mica de produ\u00e7\u00e3o de leite e a efici\u00eancia reprodutiva do rebanho.\u00a0\u00a0<\/span><\/p>\n<p><span style=\"font-weight: 400;\">O c\u00e1lculo do DEL m\u00e9dio \u00e9 feito a partir do somat\u00f3rio do n\u00famero de dias em lacta\u00e7\u00e3o de todas as vacas em produ\u00e7\u00e3o seguido da divis\u00e3o pelo n\u00famero total de vacas em produ\u00e7\u00e3o:<\/span><\/p>\n<p><img loading=\"lazy\" decoding=\"async\" class=\"aligncenter wp-image-32291 size-full\" src=\"https:\/\/rehagro.com.br\/blog\/wp-content\/uploads\/2024\/06\/calculo-del.png\" alt=\"F\u00f3rmula para calcular o DEL m\u00e9dio\" width=\"555\" height=\"38\" srcset=\"https:\/\/rehagro.com.br\/blog\/wp-content\/uploads\/2024\/06\/calculo-del.png 555w, https:\/\/rehagro.com.br\/blog\/wp-content\/uploads\/2024\/06\/calculo-del-300x21.png 300w, https:\/\/rehagro.com.br\/blog\/wp-content\/uploads\/2024\/06\/calculo-del-370x25.png 370w, https:\/\/rehagro.com.br\/blog\/wp-content\/uploads\/2024\/06\/calculo-del-270x18.png 270w, https:\/\/rehagro.com.br\/blog\/wp-content\/uploads\/2024\/06\/calculo-del-150x10.png 150w\" sizes=\"auto, (max-width: 555px) 100vw, 555px\" \/><\/p>\n<p><span style=\"font-weight: 400;\">Por exemplo<\/span><span style=\"font-weight: 400;\">: Em uma fazenda temos tr\u00eas vacas em lacta\u00e7\u00e3o e DEL diferentes cada uma delas:<\/span><\/p>\n<ul>\n<li><span style=\"font-weight: 400;\">1\u00aa 90 DEL\u00a0<\/span><\/li>\n<li><span style=\"font-weight: 400;\">2\u00aa 188 DEL\u00a0<\/span><\/li>\n<li><span style=\"font-weight: 400;\">3\u00aa 250 DEL\u00a0<\/span><\/li>\n<\/ul>\n<p style=\"text-align: center;\"><b>DEL M\u00c9DIO = (90 + 188 + 250) \/ 3 = 528\/3 \ud83e\udc6a 176<\/b><\/p>\n<p><span style=\"font-weight: 400;\">\u00c9 importante entender o DEL m\u00e9dio como um <\/span><b>indicador extremamente importante de efici\u00eancia reprodutiva<\/b><span style=\"font-weight: 400;\">, pois sabe-se que o DEL m\u00e9dio baixo ou alto pode indicar diferentes cen\u00e1rios reprodutivos, onde:\u00a0<\/span><\/p>\n<ul>\n<li style=\"font-weight: 400;\" aria-level=\"1\"><b>Baixo DEL m\u00e9dio:<\/b><span style=\"font-weight: 400;\"> geralmente indica boa efici\u00eancia reprodutiva, com vacas emprenhando rapidamente ap\u00f3s o parto e mantendo o ciclo reprodutivo regular.\u00a0<\/span><\/li>\n<li style=\"font-weight: 400;\" aria-level=\"1\"><b>Alto DEL m\u00e9dio<\/b><span style=\"font-weight: 400;\">: pode indicar problemas reprodutivos, como falhas na <a href=\"https:\/\/rehagro.com.br\/blog\/como-melhorar-a-taxa-de-deteccao-de-cio\/\" target=\"_blank\" rel=\"noopener\"><strong>detec\u00e7\u00e3o de cio<\/strong><\/a>, baixa taxa de concep\u00e7\u00e3o, alta <a href=\"https:\/\/rehagro.com.br\/blog\/perda-de-prenhez\/\" target=\"_blank\" rel=\"noopener\"><strong>perda de prenhez<\/strong><\/a> ou intervalos prolongados entre partos.\u00a0<\/span><\/li>\n<\/ul>\n<p><span style=\"font-weight: 400;\">Al\u00e9m disso, existe um <\/span><b>impacto na produ\u00e7\u00e3o de leite<\/b><span style=\"font-weight: 400;\">, pois vacas em est\u00e1gios iniciais de lacta\u00e7\u00e3o produzem mais leite, indicando que um DEL m\u00e9dio muito alto pode significar que muitas vacas do rebanho est\u00e3o em est\u00e1gio avan\u00e7ado de lacta\u00e7\u00e3o, onde a produ\u00e7\u00e3o de leite pode ser menor.<\/span><\/p>\n<p><a href=\"https:\/\/conteudo.rehagro.com.br\/ebook-deteccao-cio-vacas-leiteiras?utm_campaign=material-leite&amp;utm_source=ebook-deteccao-de-cio&amp;utm_medium=blog\" target=\"_blank\" rel=\"noopener\"><img loading=\"lazy\" decoding=\"async\" class=\"aligncenter wp-image-39651 size-full\" title=\"Clique e baixe o e-book gr\u00e1tis!\" src=\"https:\/\/rehagro.com.br\/blog\/wp-content\/uploads\/2025\/09\/banner-ebook-deteccao-cio.png\" alt=\"E-book Detec\u00e7\u00e3o de cio\" width=\"980\" height=\"317\" srcset=\"https:\/\/rehagro.com.br\/blog\/wp-content\/uploads\/2025\/09\/banner-ebook-deteccao-cio.png 980w, https:\/\/rehagro.com.br\/blog\/wp-content\/uploads\/2025\/09\/banner-ebook-deteccao-cio-300x97.png 300w, https:\/\/rehagro.com.br\/blog\/wp-content\/uploads\/2025\/09\/banner-ebook-deteccao-cio-768x248.png 768w, https:\/\/rehagro.com.br\/blog\/wp-content\/uploads\/2025\/09\/banner-ebook-deteccao-cio-370x120.png 370w, https:\/\/rehagro.com.br\/blog\/wp-content\/uploads\/2025\/09\/banner-ebook-deteccao-cio-270x87.png 270w, https:\/\/rehagro.com.br\/blog\/wp-content\/uploads\/2025\/09\/banner-ebook-deteccao-cio-740x239.png 740w, https:\/\/rehagro.com.br\/blog\/wp-content\/uploads\/2025\/09\/banner-ebook-deteccao-cio-150x49.png 150w\" sizes=\"auto, (max-width: 980px) 100vw, 980px\" \/><\/a><\/p>\n<h3>Valores ideais de DEL m\u00e9dio<\/h3>\n<p><span style=\"font-weight: 400;\">\u00c9 importante entender que o valor ideal do DEL m\u00e9dio pode ser vari\u00e1vel, pois depende do manejo espec\u00edfico da fazenda e da ra\u00e7a das vacas. Entretanto, no geral, um <\/span><b>DEL m\u00e9dio entre 150 e 180 dias<\/b><span style=\"font-weight: 400;\"> \u00e9 considerado bom para maximizar a produ\u00e7\u00e3o de leite e garantir uma boa efici\u00eancia reprodutiva.<\/span><\/p>\n<h2>Quais fatores afetam o DEL?<\/h2>\n<p><span style=\"font-weight: 400;\">Sabemos que o DEL m\u00e9dio das vacas \u00e9 influenciado por diversos fatores que afetam tanto a produ\u00e7\u00e3o de leite quanto a efici\u00eancia reprodutiva do rebanho, por isso, existem alguns fatores que podem ser considerados fortes influenciadores no DEL m\u00e9dio:\u00a0<\/span><\/p>\n<ul>\n<li style=\"font-weight: 400;\" aria-level=\"1\"><span style=\"font-weight: 400;\"><strong>Detec\u00e7\u00e3o de cio e insemina\u00e7\u00e3o:<\/strong> a habilidade de detectar corretamente o cio das vacas \u00e9 crucial. Erros ou falhas na detec\u00e7\u00e3o resultam em per\u00edodos prolongados das vacas vazias, ou seja, sem terem recebido insemina\u00e7\u00e3o. Al\u00e9m disso, atrasos ou falhas na <strong>insemina\u00e7\u00e3o<\/strong> aumentam o n\u00famero de dias em lacta\u00e7\u00e3o.\u00a0<\/span><\/li>\n<li style=\"font-weight: 400;\" aria-level=\"1\"><span style=\"font-weight: 400;\"><strong>Sa\u00fade reprodutiva:<\/strong> \u00e9 importante entender que as condi\u00e7\u00f5es reprodutivas das vacas, como problemas com cistos ovarianos, infec\u00e7\u00f5es uterinas e outras condi\u00e7\u00f5es reprodutivas podem prolongar o per\u00edodo at\u00e9 a concep\u00e7\u00e3o e consequentemente elevar o DEL.\u00a0<\/span><\/li>\n<li style=\"font-weight: 400;\" aria-level=\"1\"><span style=\"font-weight: 400;\"><strong>Nutri\u00e7\u00e3o:<\/strong> deter uma <a href=\"https:\/\/rehagro.com.br\/blog\/influencia-da-nutricao-na-reproducao-de-bovinos-leiteiros\/\" target=\"_blank\" rel=\"noopener\"><strong>nutri\u00e7\u00e3o adequada<\/strong><\/a> \u00e9 essencial tanto para a sa\u00fade reprodutiva quanto para a produ\u00e7\u00e3o de leite. Defici\u00eancias nutricionais e a condi\u00e7\u00e3o corporal delas podem afetar de forma negativa a fertilidade.<\/span><\/li>\n<li style=\"font-weight: 400;\" aria-level=\"1\"><span style=\"font-weight: 400;\"><strong>Ambiente e manejo:<\/strong> condi\u00e7\u00f5es de manejo que reduzem o estresse, como disponibilizar alojamento com lota\u00e7\u00e3o e condi\u00e7\u00f5es adequadas, manejo gentil, elaborar estrat\u00e9gias para a redu\u00e7\u00e3o do <a href=\"https:\/\/rehagro.com.br\/blog\/estresse-termico\/\" target=\"_blank\" rel=\"noopener\"><strong>estresse t\u00e9rmico<\/strong><\/a> impactam na sa\u00fade geral e reprodutiva das vacas, contribuindo assim para minimizar atrasos na concep\u00e7\u00e3o e consequentemente elevar o n\u00famero de dias em lacta\u00e7\u00e3o dos animais.\u00a0<\/span><\/li>\n<li style=\"font-weight: 400;\" aria-level=\"1\"><span style=\"font-weight: 400;\"><strong>Sa\u00fade:<\/strong> problemas de sa\u00fade geral, como <a href=\"https:\/\/rehagro.com.br\/blog\/o-que-e-mastite-bovina-e-quais-seus-impactos\/\" target=\"_blank\" rel=\"noopener\"><strong>mastite<\/strong><\/a> e at\u00e9 mesmo as doen\u00e7as metab\u00f3licas, afetam a condi\u00e7\u00e3o f\u00edsica das vacas e sua capacidade de emprenhar rapidamente ap\u00f3s o parto.\u00a0<\/span><\/li>\n<li style=\"font-weight: 400;\" aria-level=\"1\"><span style=\"font-weight: 400;\"><strong>Tecnologia e monitoramento:<\/strong> utilizar a tecnologia como aliada pode ser interessante. Ferramentas como ped\u00f4metros, sensores de atividade e software de gest\u00e3o de rebanho podem auxiliar na detec\u00e7\u00e3o de cio e na gest\u00e3o reprodutiva. Al\u00e9m disso, utilizar os dados gerados para identificar tend\u00eancias e problemas reprodutivos pode ajudar a melhorar a efici\u00eancia e reduzir o DEL.<\/span><\/li>\n<\/ul>\n<p><a href=\"https:\/\/rehagro.com.br\/cursos\/pos-graduacao-em-pecuaria-leiteira?utm_campaign=mkt-materiais-pl&amp;utm_source=textos&amp;utm_medium=blog\" target=\"_blank\" rel=\"noopener\"><img loading=\"lazy\" decoding=\"async\" class=\"aligncenter wp-image-18727 size-full\" title=\"Clique e saiba mais sobre o curso!\" src=\"https:\/\/rehagro.com.br\/blog\/wp-content\/uploads\/2023\/03\/banner-pl.jpg\" alt=\"Banner P\u00f3s-gradua\u00e7\u00e3o em Pecu\u00e1ria Leiteira\" width=\"980\" height=\"317\" srcset=\"https:\/\/rehagro.com.br\/blog\/wp-content\/uploads\/2023\/03\/banner-pl.jpg 980w, https:\/\/rehagro.com.br\/blog\/wp-content\/uploads\/2023\/03\/banner-pl-300x97.jpg 300w, https:\/\/rehagro.com.br\/blog\/wp-content\/uploads\/2023\/03\/banner-pl-768x248.jpg 768w, https:\/\/rehagro.com.br\/blog\/wp-content\/uploads\/2023\/03\/banner-pl-370x120.jpg 370w, https:\/\/rehagro.com.br\/blog\/wp-content\/uploads\/2023\/03\/banner-pl-270x87.jpg 270w, https:\/\/rehagro.com.br\/blog\/wp-content\/uploads\/2023\/03\/banner-pl-740x239.jpg 740w, https:\/\/rehagro.com.br\/blog\/wp-content\/uploads\/2023\/03\/banner-pl-150x49.jpg 150w\" sizes=\"auto, (max-width: 980px) 100vw, 980px\" \/><\/a><\/p>\n<h2>Mas qual o impacto do DEL m\u00e9dio alto?<\/h2>\n<p><span style=\"font-weight: 400;\">Um DEL m\u00e9dio elevado pode provocar diversos impactos negativos dentro de uma fazenda leiteira, sendo os principais os relacionados com a reprodu\u00e7\u00e3o e produ\u00e7\u00e3o de leite, o que ir\u00e1 conferir um impacto econ\u00f4mico significativo.\u00a0<\/span><\/p>\n<h3>Impacto na reprodu\u00e7\u00e3o<\/h3>\n<p><span style=\"font-weight: 400;\">O DEL m\u00e9dio alto \u00e9 um indicativo que a propriedade est\u00e1 falhando na reprodu\u00e7\u00e3o, pois quanto mais tarde a vaca emprenhar maior ser\u00e1 o DEL individual dela e consequentemente o DEL m\u00e9dio vai aumentar. Dentre os impactos do aumento do DEL temos:<\/span><\/p>\n<ul>\n<li style=\"font-weight: 400;\" aria-level=\"1\"><span style=\"font-weight: 400;\"><strong>Intervalo entre partos prolongado:<\/strong> vacas com um DEL alto geralmente t\u00eam um intervalo mais longo entre os partos. Isso significa que o per\u00edodo entre o parto atual e o pr\u00f3ximo \u00e9 estendido, o que pode reduzir o n\u00famero de bezerros nascidos por vaca afetando negativamente a evolu\u00e7\u00e3o de rebanho.<\/span><\/li>\n<li style=\"font-weight: 400;\" aria-level=\"1\"><span style=\"font-weight: 400;\"><strong>Taxa de concep\u00e7\u00e3o reduzida:<\/strong> vacas com um DEL alto podem apresentar uma redu\u00e7\u00e3o na <a href=\"https:\/\/rehagro.com.br\/blog\/taxa-de-concepcao\/\" target=\"_blank\" rel=\"noopener\"><strong>taxa de concep\u00e7\u00e3o<\/strong><\/a>, por uma variedade de fatores, como: aumento da sua <a href=\"https:\/\/rehagro.com.br\/blog\/escore-de-condicao-corporal-em-vacas-leiteiras\/\" target=\"_blank\" rel=\"noopener\"><strong>condi\u00e7\u00e3o corporal<\/strong><\/a>, estresse metab\u00f3lico, manejo reprodutivo desafiador, por causa de ciclos estrais anovulat\u00f3rios ou subfertilidade relacionada ao metabolismo energ\u00e9tico.<\/span><\/li>\n<li style=\"font-weight: 400;\" aria-level=\"1\"><span style=\"font-weight: 400;\"><strong>Necessidade de manejo especializado:<\/strong> vacas com DEL alto podem exigir cuidados especiais para manter sua sa\u00fade e efici\u00eancia reprodutiva. Isso pode incluir uma nutri\u00e7\u00e3o espec\u00edfica, programas de monitoramento de sa\u00fade reprodutiva e estrat\u00e9gias de manejo adaptadas.<\/span><\/li>\n<\/ul>\n<h3>Impacto na produ\u00e7\u00e3o de leite<\/h3>\n<p><span style=\"font-weight: 400;\">Quanto maior o DEL, mais longe as vacas v\u00e3o estar do \u00faltimo parto e consequentemente do pico de produ\u00e7\u00e3o. Em uma situa\u00e7\u00e3o normal, espera-se uma <a href=\"https:\/\/rehagro.com.br\/blog\/curva-de-lactacao\/\" target=\"_blank\" rel=\"noopener\"><strong>curva de lacta\u00e7\u00e3o<\/strong><\/a> onde as vacas apresentam uma ascens\u00e3o da produ\u00e7\u00e3o de leite at\u00e9 por volta de 60 dias p\u00f3s-parto, que \u00e9 geralmente quando ocorre o pico de produ\u00e7\u00e3o. Passado esse per\u00edodo, os animais tendem a manifestar um decr\u00e9scimo gradual no leite \u00e0 medida que o DEL avan\u00e7a.<\/span><\/p>\n<p><span style=\"font-weight: 400;\">Um n\u00famero importante a ser analisado \u00e9 que <strong>ap\u00f3s os 180 dias de DEL as vacas diminuem 0,8 litros de leite\/dia<\/strong>, isso confere 24,4 litros de leite\/vaca\/m\u00eas. Considerando uma propriedade de 150 animais em lacta\u00e7\u00e3o e todas com o mesmo DEL, ou seja, ap\u00f3s 180 dias em lacta\u00e7\u00e3o, s\u00e3o 43.920 litros de leite que n\u00e3o ser\u00e3o comercializados durante o per\u00edodo de lacta\u00e7\u00e3o das vacas.\u00a0<\/span><\/p>\n<h2>Quais as estrat\u00e9gias para manter um DEL m\u00e9dio ideal?<\/h2>\n<p><span style=\"font-weight: 400;\">Para prevenir os impactos negativos do DEL alto, \u00e9 essencial adotar pr\u00e1ticas de manejo adequadas:<\/span><\/p>\n<ul>\n<li style=\"font-weight: 400;\" aria-level=\"1\"><span style=\"font-weight: 400;\"><strong>Monitoramento do ciclo de lacta\u00e7\u00e3o:<\/strong> acompanhar de perto o est\u00e1gio de lacta\u00e7\u00e3o de cada vaca e tomar medidas preventivas para evitar que o DEL se prolongue excessivamente.<\/span><\/li>\n<li style=\"font-weight: 400;\" aria-level=\"1\"><span style=\"font-weight: 400;\"><strong>Nutri\u00e7\u00e3o balanceada:<\/strong> fornecer uma dieta balanceada e adaptada \u00e0s necessidades nutricionais das vacas em diferentes est\u00e1gios de lacta\u00e7\u00e3o para garantir um aporte adequado de energia e nutrientes.<\/span><\/li>\n<li style=\"font-weight: 400;\" aria-level=\"1\"><span style=\"font-weight: 400;\"><strong>Manejo reprodutivo eficiente:<\/strong> implementar programas de detec\u00e7\u00e3o de cio e insemina\u00e7\u00e3o artificial para otimizar as taxas de concep\u00e7\u00e3o e reduzir o intervalo entre partos. Isso pode incluir a utiliza\u00e7\u00e3o de tecnologias e treinamentos da equipe.\u00a0<\/span><\/li>\n<li style=\"font-weight: 400;\" aria-level=\"1\"><span style=\"font-weight: 400;\"><strong>Sele\u00e7\u00e3o gen\u00e9tica:<\/strong> manter sempre uma <strong>boa sele\u00e7\u00e3o gen\u00e9tica<\/strong> dentro da propriedade, com escolha de bons s\u00eamens e trabalhar com um descarte eficiente de vacas problem\u00e1ticas.\u00a0<\/span><\/li>\n<\/ul>\n<h2>Considera\u00e7\u00f5es finais<\/h2>\n<p><span style=\"font-weight: 400;\">Para o gerenciamento eficaz do DEL das vacas da propriedade, \u00e9 necess\u00e1rio um enfoque abrangente que envolva uma nutri\u00e7\u00e3o adequada, gest\u00e3o da sa\u00fade e estresse e principalmente uma abordagem meticulosa \u00e0 detec\u00e7\u00e3o de cio e insemina\u00e7\u00e3o. <\/span><\/p>\n<p><span style=\"font-weight: 400;\">A aten\u00e7\u00e3o a esses fatores n\u00e3o s\u00f3 otimiza o DEL, como tamb\u00e9m melhora a produtividade e a sa\u00fade do rebanho, o que consequentemente contribui para a sustentabilidade econ\u00f4mica da fazenda.<\/span><\/p>\n<h2>Transforme indicadores em decis\u00f5es que aumentam o lucro<\/h2>\n<p>Um DEL elevado pode comprometer a efici\u00eancia produtiva e a rentabilidade da fazenda. Mais do que entender o indicador, \u00e9 essencial saber como agir para melhorar os resultados.<\/p>\n<p>Na <strong><a href=\"https:\/\/rehagro.com.br\/cursos\/pos-graduacao-em-pecuaria-leiteira?utm_campaign=mkt-materiais-pl&amp;utm_source=textos&amp;utm_medium=blog\">P\u00f3s-Gradua\u00e7\u00e3o em Pecu\u00e1ria Leiteira<\/a><\/strong> do Rehagro, voc\u00ea aprende a interpretar dados, aplicar estrat\u00e9gias de manejo e gest\u00e3o e transformar n\u00fameros em produtividade e lucro reais.<\/p>\n<p><a href=\"https:\/\/rehagro.com.br\/cursos\/pos-graduacao-em-pecuaria-leiteira?utm_campaign=mkt-materiais-pl&amp;utm_source=textos&amp;utm_medium=blog\" target=\"_blank\" rel=\"noopener\"><img loading=\"lazy\" decoding=\"async\" class=\"aligncenter wp-image-18727 size-full\" title=\"Clique e saiba mais sobre o curso!\" src=\"https:\/\/rehagro.com.br\/blog\/wp-content\/uploads\/2023\/03\/banner-pl.jpg\" alt=\"Banner P\u00f3s-gradua\u00e7\u00e3o em Pecu\u00e1ria Leiteira\" width=\"980\" height=\"317\" srcset=\"https:\/\/rehagro.com.br\/blog\/wp-content\/uploads\/2023\/03\/banner-pl.jpg 980w, https:\/\/rehagro.com.br\/blog\/wp-content\/uploads\/2023\/03\/banner-pl-300x97.jpg 300w, https:\/\/rehagro.com.br\/blog\/wp-content\/uploads\/2023\/03\/banner-pl-768x248.jpg 768w, https:\/\/rehagro.com.br\/blog\/wp-content\/uploads\/2023\/03\/banner-pl-370x120.jpg 370w, https:\/\/rehagro.com.br\/blog\/wp-content\/uploads\/2023\/03\/banner-pl-270x87.jpg 270w, https:\/\/rehagro.com.br\/blog\/wp-content\/uploads\/2023\/03\/banner-pl-740x239.jpg 740w, https:\/\/rehagro.com.br\/blog\/wp-content\/uploads\/2023\/03\/banner-pl-150x49.jpg 150w\" sizes=\"auto, (max-width: 980px) 100vw, 980px\" \/><\/a><\/p>\n<p><img loading=\"lazy\" decoding=\"async\" class=\"aligncenter size-full wp-image-26486\" src=\"https:\/\/rehagro.com.br\/blog\/wp-content\/uploads\/2023\/12\/debora-potenciano.jpg\" alt=\"Debora Potenciano - Equipe Leite\" width=\"300\" height=\"96\" srcset=\"https:\/\/rehagro.com.br\/blog\/wp-content\/uploads\/2023\/12\/debora-potenciano.jpg 300w, https:\/\/rehagro.com.br\/blog\/wp-content\/uploads\/2023\/12\/debora-potenciano-270x86.jpg 270w, https:\/\/rehagro.com.br\/blog\/wp-content\/uploads\/2023\/12\/debora-potenciano-150x48.jpg 150w\" sizes=\"auto, (max-width: 300px) 100vw, 300px\" \/><\/p>\n<p><img loading=\"lazy\" decoding=\"async\" class=\"aligncenter size-full wp-image-22798\" src=\"https:\/\/rehagro.com.br\/blog\/wp-content\/uploads\/2023\/06\/laryssa-mendonca.jpg\" alt=\"Laryssa Mendon\u00e7a\" width=\"300\" height=\"96\" srcset=\"https:\/\/rehagro.com.br\/blog\/wp-content\/uploads\/2023\/06\/laryssa-mendonca.jpg 300w, https:\/\/rehagro.com.br\/blog\/wp-content\/uploads\/2023\/06\/laryssa-mendonca-270x86.jpg 270w, https:\/\/rehagro.com.br\/blog\/wp-content\/uploads\/2023\/06\/laryssa-mendonca-150x48.jpg 150w\" sizes=\"auto, (max-width: 300px) 100vw, 300px\" \/><\/p>\n","protected":false},"excerpt":{"rendered":"<p>O DEL (Dias em Lacta\u00e7\u00e3o) \u00e9 um indicador zoot\u00e9cnico importante dentro de uma propriedade leiteira j\u00e1 que indica a quantidade de dias que a vaca produz leite do parto at\u00e9 a secagem (final da lacta\u00e7\u00e3o) e est\u00e1 diretamente relacionado com a efici\u00eancia produtiva e reprodutiva do rebanho.\u00a0 O acompanhamento do DEL \u00e9 essencial para o [&hellip;]<\/p>\n","protected":false},"author":21,"featured_media":32290,"comment_status":"open","ping_status":"open","sticky":false,"template":"","format":"standard","meta":{"footnotes":""},"categories":[214],"tags":[1148],"class_list":["post-32288","post","type-post","status-publish","format-standard","has-post-thumbnail","hentry","category-leite","tag-del"],"yoast_head":"<!-- This site is optimized with the Yoast SEO plugin v27.5 - https:\/\/yoast.com\/product\/yoast-seo-wordpress\/ -->\n<title>Dias em lacta\u00e7\u00e3o: quais os impactos do DEL elevado na fazenda?<\/title>\n<meta name=\"description\" content=\"O DEL (Dias em Lacta\u00e7\u00e3o) \u00e9 um indicador que mostra a quantidade de dias que a vaca produz leite do parto at\u00e9 a secagem. Entenda seu c\u00e1lculo.\" \/>\n<meta name=\"robots\" content=\"index, follow, max-snippet:-1, max-image-preview:large, max-video-preview:-1\" \/>\n<link rel=\"canonical\" href=\"https:\/\/rehagro.com.br\/blog\/dias-em-lactacao-del\/\" \/>\n<meta property=\"og:locale\" content=\"pt_BR\" \/>\n<meta property=\"og:type\" content=\"article\" \/>\n<meta property=\"og:title\" content=\"Dias em lacta\u00e7\u00e3o: quais os impactos do DEL elevado na fazenda?\" \/>\n<meta property=\"og:description\" content=\"O DEL (Dias em Lacta\u00e7\u00e3o) \u00e9 um indicador que mostra a quantidade de dias que a vaca produz leite do parto at\u00e9 a secagem. Entenda seu c\u00e1lculo.\" \/>\n<meta property=\"og:url\" content=\"https:\/\/rehagro.com.br\/blog\/dias-em-lactacao-del\/\" \/>\n<meta property=\"og:site_name\" content=\"Rehagro Blog\" \/>\n<meta property=\"article:published_time\" content=\"2024-06-10T11:00:23+00:00\" \/>\n<meta property=\"article:modified_time\" content=\"2026-04-09T21:57:44+00:00\" \/>\n<meta property=\"og:image\" content=\"https:\/\/rehagro.com.br\/blog\/wp-content\/uploads\/2024\/06\/capa-impacto-del.jpeg\" \/>\n\t<meta property=\"og:image:width\" content=\"1079\" \/>\n\t<meta property=\"og:image:height\" content=\"624\" \/>\n\t<meta property=\"og:image:type\" content=\"image\/jpeg\" \/>\n<meta name=\"author\" content=\"Jo\u00e3o Pedro Azevedo\" \/>\n<meta name=\"twitter:card\" content=\"summary_large_image\" \/>\n<meta name=\"twitter:label1\" content=\"Escrito por\" \/>\n\t<meta name=\"twitter:data1\" content=\"Jo\u00e3o Pedro Azevedo\" \/>\n\t<meta name=\"twitter:label2\" content=\"Est. tempo de leitura\" \/>\n\t<meta name=\"twitter:data2\" content=\"10 minutos\" \/>\n<script type=\"application\/ld+json\" class=\"yoast-schema-graph\">{\"@context\":\"https:\\\/\\\/schema.org\",\"@graph\":[{\"@type\":\"Article\",\"@id\":\"https:\\\/\\\/rehagro.com.br\\\/blog\\\/dias-em-lactacao-del\\\/#article\",\"isPartOf\":{\"@id\":\"https:\\\/\\\/rehagro.com.br\\\/blog\\\/dias-em-lactacao-del\\\/\"},\"author\":{\"name\":\"Jo\u00e3o Pedro Azevedo\",\"@id\":\"https:\\\/\\\/rehagro.com.br\\\/blog\\\/#\\\/schema\\\/person\\\/f2d1ae51b04939615ceebb3c0bfd8a94\"},\"headline\":\"DEL elevado: voc\u00ea conhece os impactos desse indicador na fazenda?\",\"datePublished\":\"2024-06-10T11:00:23+00:00\",\"dateModified\":\"2026-04-09T21:57:44+00:00\",\"mainEntityOfPage\":{\"@id\":\"https:\\\/\\\/rehagro.com.br\\\/blog\\\/dias-em-lactacao-del\\\/\"},\"wordCount\":1561,\"commentCount\":1,\"publisher\":{\"@id\":\"https:\\\/\\\/rehagro.com.br\\\/blog\\\/#organization\"},\"image\":{\"@id\":\"https:\\\/\\\/rehagro.com.br\\\/blog\\\/dias-em-lactacao-del\\\/#primaryimage\"},\"thumbnailUrl\":\"https:\\\/\\\/rehagro.com.br\\\/blog\\\/wp-content\\\/uploads\\\/2024\\\/06\\\/capa-impacto-del.jpeg\",\"keywords\":[\"DEL\"],\"articleSection\":[\"LEITE\"],\"inLanguage\":\"pt-BR\",\"potentialAction\":[{\"@type\":\"CommentAction\",\"name\":\"Comment\",\"target\":[\"https:\\\/\\\/rehagro.com.br\\\/blog\\\/dias-em-lactacao-del\\\/#respond\"]}]},{\"@type\":\"WebPage\",\"@id\":\"https:\\\/\\\/rehagro.com.br\\\/blog\\\/dias-em-lactacao-del\\\/\",\"url\":\"https:\\\/\\\/rehagro.com.br\\\/blog\\\/dias-em-lactacao-del\\\/\",\"name\":\"Dias em lacta\u00e7\u00e3o: quais os impactos do DEL elevado na fazenda?\",\"isPartOf\":{\"@id\":\"https:\\\/\\\/rehagro.com.br\\\/blog\\\/#website\"},\"primaryImageOfPage\":{\"@id\":\"https:\\\/\\\/rehagro.com.br\\\/blog\\\/dias-em-lactacao-del\\\/#primaryimage\"},\"image\":{\"@id\":\"https:\\\/\\\/rehagro.com.br\\\/blog\\\/dias-em-lactacao-del\\\/#primaryimage\"},\"thumbnailUrl\":\"https:\\\/\\\/rehagro.com.br\\\/blog\\\/wp-content\\\/uploads\\\/2024\\\/06\\\/capa-impacto-del.jpeg\",\"datePublished\":\"2024-06-10T11:00:23+00:00\",\"dateModified\":\"2026-04-09T21:57:44+00:00\",\"description\":\"O DEL (Dias em Lacta\u00e7\u00e3o) \u00e9 um indicador que mostra a quantidade de dias que a vaca produz leite do parto at\u00e9 a secagem. Entenda seu c\u00e1lculo.\",\"breadcrumb\":{\"@id\":\"https:\\\/\\\/rehagro.com.br\\\/blog\\\/dias-em-lactacao-del\\\/#breadcrumb\"},\"inLanguage\":\"pt-BR\",\"potentialAction\":[{\"@type\":\"ReadAction\",\"target\":[\"https:\\\/\\\/rehagro.com.br\\\/blog\\\/dias-em-lactacao-del\\\/\"]}]},{\"@type\":\"ImageObject\",\"inLanguage\":\"pt-BR\",\"@id\":\"https:\\\/\\\/rehagro.com.br\\\/blog\\\/dias-em-lactacao-del\\\/#primaryimage\",\"url\":\"https:\\\/\\\/rehagro.com.br\\\/blog\\\/wp-content\\\/uploads\\\/2024\\\/06\\\/capa-impacto-del.jpeg\",\"contentUrl\":\"https:\\\/\\\/rehagro.com.br\\\/blog\\\/wp-content\\\/uploads\\\/2024\\\/06\\\/capa-impacto-del.jpeg\",\"width\":1079,\"height\":624},{\"@type\":\"BreadcrumbList\",\"@id\":\"https:\\\/\\\/rehagro.com.br\\\/blog\\\/dias-em-lactacao-del\\\/#breadcrumb\",\"itemListElement\":[{\"@type\":\"ListItem\",\"position\":1,\"name\":\"In\u00edcio\",\"item\":\"https:\\\/\\\/rehagro.com.br\\\/blog\\\/\"},{\"@type\":\"ListItem\",\"position\":2,\"name\":\"DEL elevado: voc\u00ea conhece os impactos desse indicador na fazenda?\"}]},{\"@type\":\"WebSite\",\"@id\":\"https:\\\/\\\/rehagro.com.br\\\/blog\\\/#website\",\"url\":\"https:\\\/\\\/rehagro.com.br\\\/blog\\\/\",\"name\":\"Rehagro Blog\",\"description\":\"\",\"publisher\":{\"@id\":\"https:\\\/\\\/rehagro.com.br\\\/blog\\\/#organization\"},\"potentialAction\":[{\"@type\":\"SearchAction\",\"target\":{\"@type\":\"EntryPoint\",\"urlTemplate\":\"https:\\\/\\\/rehagro.com.br\\\/blog\\\/?s={search_term_string}\"},\"query-input\":{\"@type\":\"PropertyValueSpecification\",\"valueRequired\":true,\"valueName\":\"search_term_string\"}}],\"inLanguage\":\"pt-BR\"},{\"@type\":\"Organization\",\"@id\":\"https:\\\/\\\/rehagro.com.br\\\/blog\\\/#organization\",\"name\":\"Rehagro\",\"url\":\"https:\\\/\\\/rehagro.com.br\\\/blog\\\/\",\"logo\":{\"@type\":\"ImageObject\",\"inLanguage\":\"pt-BR\",\"@id\":\"https:\\\/\\\/rehagro.com.br\\\/blog\\\/#\\\/schema\\\/logo\\\/image\\\/\",\"url\":\"https:\\\/\\\/rehagro.com.br\\\/blog\\\/wp-content\\\/uploads\\\/2018\\\/05\\\/logo-rehagro.png\",\"contentUrl\":\"https:\\\/\\\/rehagro.com.br\\\/blog\\\/wp-content\\\/uploads\\\/2018\\\/05\\\/logo-rehagro.png\",\"width\":400,\"height\":115,\"caption\":\"Rehagro\"},\"image\":{\"@id\":\"https:\\\/\\\/rehagro.com.br\\\/blog\\\/#\\\/schema\\\/logo\\\/image\\\/\"}},{\"@type\":\"Person\",\"@id\":\"https:\\\/\\\/rehagro.com.br\\\/blog\\\/#\\\/schema\\\/person\\\/f2d1ae51b04939615ceebb3c0bfd8a94\",\"name\":\"Jo\u00e3o Pedro Azevedo\",\"image\":{\"@type\":\"ImageObject\",\"inLanguage\":\"pt-BR\",\"@id\":\"https:\\\/\\\/secure.gravatar.com\\\/avatar\\\/34aacffb2f10625483f480470f3274778dd1c183ba4f66444bb60ae92149bf8a?s=96&d=mm&r=g\",\"url\":\"https:\\\/\\\/secure.gravatar.com\\\/avatar\\\/34aacffb2f10625483f480470f3274778dd1c183ba4f66444bb60ae92149bf8a?s=96&d=mm&r=g\",\"contentUrl\":\"https:\\\/\\\/secure.gravatar.com\\\/avatar\\\/34aacffb2f10625483f480470f3274778dd1c183ba4f66444bb60ae92149bf8a?s=96&d=mm&r=g\",\"caption\":\"Jo\u00e3o Pedro Azevedo\"},\"url\":\"https:\\\/\\\/rehagro.com.br\\\/blog\\\/author\\\/joao-pedro\\\/\"}]}<\/script>\n<!-- \/ Yoast SEO plugin. -->","yoast_head_json":{"title":"Dias em lacta\u00e7\u00e3o: quais os impactos do DEL elevado na fazenda?","description":"O DEL (Dias em Lacta\u00e7\u00e3o) \u00e9 um indicador que mostra a quantidade de dias que a vaca produz leite do parto at\u00e9 a secagem. Entenda seu c\u00e1lculo.","robots":{"index":"index","follow":"follow","max-snippet":"max-snippet:-1","max-image-preview":"max-image-preview:large","max-video-preview":"max-video-preview:-1"},"canonical":"https:\/\/rehagro.com.br\/blog\/dias-em-lactacao-del\/","og_locale":"pt_BR","og_type":"article","og_title":"Dias em lacta\u00e7\u00e3o: quais os impactos do DEL elevado na fazenda?","og_description":"O DEL (Dias em Lacta\u00e7\u00e3o) \u00e9 um indicador que mostra a quantidade de dias que a vaca produz leite do parto at\u00e9 a secagem. Entenda seu c\u00e1lculo.","og_url":"https:\/\/rehagro.com.br\/blog\/dias-em-lactacao-del\/","og_site_name":"Rehagro Blog","article_published_time":"2024-06-10T11:00:23+00:00","article_modified_time":"2026-04-09T21:57:44+00:00","og_image":[{"width":1079,"height":624,"url":"https:\/\/rehagro.com.br\/blog\/wp-content\/uploads\/2024\/06\/capa-impacto-del.jpeg","type":"image\/jpeg"}],"author":"Jo\u00e3o Pedro Azevedo","twitter_card":"summary_large_image","twitter_misc":{"Escrito por":"Jo\u00e3o Pedro Azevedo","Est. tempo de leitura":"10 minutos"},"schema":{"@context":"https:\/\/schema.org","@graph":[{"@type":"Article","@id":"https:\/\/rehagro.com.br\/blog\/dias-em-lactacao-del\/#article","isPartOf":{"@id":"https:\/\/rehagro.com.br\/blog\/dias-em-lactacao-del\/"},"author":{"name":"Jo\u00e3o Pedro Azevedo","@id":"https:\/\/rehagro.com.br\/blog\/#\/schema\/person\/f2d1ae51b04939615ceebb3c0bfd8a94"},"headline":"DEL elevado: voc\u00ea conhece os impactos desse indicador na fazenda?","datePublished":"2024-06-10T11:00:23+00:00","dateModified":"2026-04-09T21:57:44+00:00","mainEntityOfPage":{"@id":"https:\/\/rehagro.com.br\/blog\/dias-em-lactacao-del\/"},"wordCount":1561,"commentCount":1,"publisher":{"@id":"https:\/\/rehagro.com.br\/blog\/#organization"},"image":{"@id":"https:\/\/rehagro.com.br\/blog\/dias-em-lactacao-del\/#primaryimage"},"thumbnailUrl":"https:\/\/rehagro.com.br\/blog\/wp-content\/uploads\/2024\/06\/capa-impacto-del.jpeg","keywords":["DEL"],"articleSection":["LEITE"],"inLanguage":"pt-BR","potentialAction":[{"@type":"CommentAction","name":"Comment","target":["https:\/\/rehagro.com.br\/blog\/dias-em-lactacao-del\/#respond"]}]},{"@type":"WebPage","@id":"https:\/\/rehagro.com.br\/blog\/dias-em-lactacao-del\/","url":"https:\/\/rehagro.com.br\/blog\/dias-em-lactacao-del\/","name":"Dias em lacta\u00e7\u00e3o: quais os impactos do DEL elevado na fazenda?","isPartOf":{"@id":"https:\/\/rehagro.com.br\/blog\/#website"},"primaryImageOfPage":{"@id":"https:\/\/rehagro.com.br\/blog\/dias-em-lactacao-del\/#primaryimage"},"image":{"@id":"https:\/\/rehagro.com.br\/blog\/dias-em-lactacao-del\/#primaryimage"},"thumbnailUrl":"https:\/\/rehagro.com.br\/blog\/wp-content\/uploads\/2024\/06\/capa-impacto-del.jpeg","datePublished":"2024-06-10T11:00:23+00:00","dateModified":"2026-04-09T21:57:44+00:00","description":"O DEL (Dias em Lacta\u00e7\u00e3o) \u00e9 um indicador que mostra a quantidade de dias que a vaca produz leite do parto at\u00e9 a secagem. Entenda seu c\u00e1lculo.","breadcrumb":{"@id":"https:\/\/rehagro.com.br\/blog\/dias-em-lactacao-del\/#breadcrumb"},"inLanguage":"pt-BR","potentialAction":[{"@type":"ReadAction","target":["https:\/\/rehagro.com.br\/blog\/dias-em-lactacao-del\/"]}]},{"@type":"ImageObject","inLanguage":"pt-BR","@id":"https:\/\/rehagro.com.br\/blog\/dias-em-lactacao-del\/#primaryimage","url":"https:\/\/rehagro.com.br\/blog\/wp-content\/uploads\/2024\/06\/capa-impacto-del.jpeg","contentUrl":"https:\/\/rehagro.com.br\/blog\/wp-content\/uploads\/2024\/06\/capa-impacto-del.jpeg","width":1079,"height":624},{"@type":"BreadcrumbList","@id":"https:\/\/rehagro.com.br\/blog\/dias-em-lactacao-del\/#breadcrumb","itemListElement":[{"@type":"ListItem","position":1,"name":"In\u00edcio","item":"https:\/\/rehagro.com.br\/blog\/"},{"@type":"ListItem","position":2,"name":"DEL elevado: voc\u00ea conhece os impactos desse indicador na fazenda?"}]},{"@type":"WebSite","@id":"https:\/\/rehagro.com.br\/blog\/#website","url":"https:\/\/rehagro.com.br\/blog\/","name":"Rehagro Blog","description":"","publisher":{"@id":"https:\/\/rehagro.com.br\/blog\/#organization"},"potentialAction":[{"@type":"SearchAction","target":{"@type":"EntryPoint","urlTemplate":"https:\/\/rehagro.com.br\/blog\/?s={search_term_string}"},"query-input":{"@type":"PropertyValueSpecification","valueRequired":true,"valueName":"search_term_string"}}],"inLanguage":"pt-BR"},{"@type":"Organization","@id":"https:\/\/rehagro.com.br\/blog\/#organization","name":"Rehagro","url":"https:\/\/rehagro.com.br\/blog\/","logo":{"@type":"ImageObject","inLanguage":"pt-BR","@id":"https:\/\/rehagro.com.br\/blog\/#\/schema\/logo\/image\/","url":"https:\/\/rehagro.com.br\/blog\/wp-content\/uploads\/2018\/05\/logo-rehagro.png","contentUrl":"https:\/\/rehagro.com.br\/blog\/wp-content\/uploads\/2018\/05\/logo-rehagro.png","width":400,"height":115,"caption":"Rehagro"},"image":{"@id":"https:\/\/rehagro.com.br\/blog\/#\/schema\/logo\/image\/"}},{"@type":"Person","@id":"https:\/\/rehagro.com.br\/blog\/#\/schema\/person\/f2d1ae51b04939615ceebb3c0bfd8a94","name":"Jo\u00e3o Pedro Azevedo","image":{"@type":"ImageObject","inLanguage":"pt-BR","@id":"https:\/\/secure.gravatar.com\/avatar\/34aacffb2f10625483f480470f3274778dd1c183ba4f66444bb60ae92149bf8a?s=96&d=mm&r=g","url":"https:\/\/secure.gravatar.com\/avatar\/34aacffb2f10625483f480470f3274778dd1c183ba4f66444bb60ae92149bf8a?s=96&d=mm&r=g","contentUrl":"https:\/\/secure.gravatar.com\/avatar\/34aacffb2f10625483f480470f3274778dd1c183ba4f66444bb60ae92149bf8a?s=96&d=mm&r=g","caption":"Jo\u00e3o Pedro Azevedo"},"url":"https:\/\/rehagro.com.br\/blog\/author\/joao-pedro\/"}]}},"_links":{"self":[{"href":"https:\/\/rehagro.com.br\/blog\/wp-json\/wp\/v2\/posts\/32288","targetHints":{"allow":["GET"]}}],"collection":[{"href":"https:\/\/rehagro.com.br\/blog\/wp-json\/wp\/v2\/posts"}],"about":[{"href":"https:\/\/rehagro.com.br\/blog\/wp-json\/wp\/v2\/types\/post"}],"author":[{"embeddable":true,"href":"https:\/\/rehagro.com.br\/blog\/wp-json\/wp\/v2\/users\/21"}],"replies":[{"embeddable":true,"href":"https:\/\/rehagro.com.br\/blog\/wp-json\/wp\/v2\/comments?post=32288"}],"version-history":[{"count":22,"href":"https:\/\/rehagro.com.br\/blog\/wp-json\/wp\/v2\/posts\/32288\/revisions"}],"predecessor-version":[{"id":42540,"href":"https:\/\/rehagro.com.br\/blog\/wp-json\/wp\/v2\/posts\/32288\/revisions\/42540"}],"wp:featuredmedia":[{"embeddable":true,"href":"https:\/\/rehagro.com.br\/blog\/wp-json\/wp\/v2\/media\/32290"}],"wp:attachment":[{"href":"https:\/\/rehagro.com.br\/blog\/wp-json\/wp\/v2\/media?parent=32288"}],"wp:term":[{"taxonomy":"category","embeddable":true,"href":"https:\/\/rehagro.com.br\/blog\/wp-json\/wp\/v2\/categories?post=32288"},{"taxonomy":"post_tag","embeddable":true,"href":"https:\/\/rehagro.com.br\/blog\/wp-json\/wp\/v2\/tags?post=32288"}],"curies":[{"name":"wp","href":"https:\/\/api.w.org\/{rel}","templated":true}]}}