{"id":32276,"date":"2024-06-07T08:00:43","date_gmt":"2024-06-07T11:00:43","guid":{"rendered":"https:\/\/rehagro.com.br\/blog\/?p=32276"},"modified":"2026-04-09T15:22:26","modified_gmt":"2026-04-09T18:22:26","slug":"fotossensibilizacao-em-bovinos","status":"publish","type":"post","link":"https:\/\/rehagro.com.br\/blog\/fotossensibilizacao-em-bovinos\/","title":{"rendered":"Fotossensibiliza\u00e7\u00e3o em bovinos: saiba as causas e como manejar os riscos"},"content":{"rendered":"<p><span style=\"font-weight: 400;\">A fotossensibiliza\u00e7\u00e3o, tamb\u00e9m conhecida como requeima e sapeca, trata- se de uma doen\u00e7a causada pela resposta excessiva da pele (principalmente de \u00e1reas despigmentadas e\/ou sem presen\u00e7a de pelos) a radia\u00e7\u00e3o solar, devido ao ac\u00famulo de subst\u00e2ncias t\u00f3xicas (fototoxinas ou fotoal\u00e9rgenos) na pele. <\/span><span style=\"font-weight: 400;\">Essa doen\u00e7a acomete principalmente os bovinos no per\u00edodo da <a href=\"https:\/\/rehagro.com.br\/blog\/desmama-de-bezerras-leiteiras\/\" target=\"_blank\" rel=\"noopener\"><strong>desmama<\/strong><\/a> at\u00e9 aproximadamente os dois anos de idade. <\/span><\/p>\n<p><span style=\"font-weight: 400;\">O n\u00famero de animais afetados \u00e9 vari\u00e1vel, podendo ser a n\u00edvel de animal ou at\u00e9 a n\u00edvel de rebanho, causando <strong>diversos preju\u00edzos econ\u00f4micos para o produtor devido a perdas em performance<\/strong> (ganho de peso), gastos com medicamentos e morte.\u00a0<\/span><\/p>\n<p><span style=\"font-weight: 400;\">Nesse texto iremos tratar sobre os principais tipos de fotossensibiliza\u00e7\u00e3o que acomete os bovinos, como pode ser realizado o diagn\u00f3stico dessa doen\u00e7a, como atuar caso na propriedade tenha animais afetados e quais a\u00e7\u00f5es podem ser tomadas para evitar novos casos.<\/span><\/p>\n<div style=\"background-color: #efefef; padding-left: 10px; padding-right: 5px; border-radius: 10px;\">\n<p>&nbsp;<\/p>\n<p style=\"text-align: center;\"><strong><span style=\"font-size: 14pt;\">Sem tempo para ler agora? Baixe este artigo em PDF!<\/span><\/strong><\/p>\n<p><script charset=\"utf-8\" type=\"text\/javascript\" src=\"\/\/js.hsforms.net\/forms\/embed\/v2.js\"><\/script><br \/>\n<script>\nhbspt.forms.create({\nregion: \"na1\",\nportalId: \"5430441\",\nformId: \"5c98e9f8-1021-46c5-b460-16cdc5aef0f7\"\n});\n<\/script><\/p>\n<\/div>\n<h2>Qual os impactos da fotossensibiliza\u00e7\u00e3o nos bovinos?<\/h2>\n<p><span style=\"font-weight: 400;\">De maneira geral, essa doen\u00e7a leva a um ressecamento da pele, rachaduras, \u00falceras, desprendimento da pele e exposi\u00e7\u00e3o de \u00e1reas avermelhadas e inflamadas no tecido subcut\u00e2neo, principalmente em regi\u00f5es da extremidade do corpo, como orelhas, per\u00edneo, vulva, \u00fabere, focinho e extremidades dos membros. <\/span><\/p>\n<p><span style=\"font-weight: 400;\">Al\u00e9m disso, muitos animais podem apresentar sintomas sist\u00eamicos como, febre, icter\u00edcia (mucosas amareladas), apatia, anorexia, desidrata\u00e7\u00e3o e edema em \u00e1reas acometidas.<\/span><\/p>\n<p><img loading=\"lazy\" decoding=\"async\" class=\"aligncenter wp-image-32279 size-medium\" src=\"https:\/\/rehagro.com.br\/blog\/wp-content\/uploads\/2024\/06\/fotossensibilizacao-225x300.jpg\" alt=\"Bovino jovem com les\u00f5es na pele por conta de fotossensibiliza\u00e7\u00e3o \" width=\"225\" height=\"300\" srcset=\"https:\/\/rehagro.com.br\/blog\/wp-content\/uploads\/2024\/06\/fotossensibilizacao-225x300.jpg 225w, https:\/\/rehagro.com.br\/blog\/wp-content\/uploads\/2024\/06\/fotossensibilizacao-370x493.jpg 370w, https:\/\/rehagro.com.br\/blog\/wp-content\/uploads\/2024\/06\/fotossensibilizacao-270x360.jpg 270w, https:\/\/rehagro.com.br\/blog\/wp-content\/uploads\/2024\/06\/fotossensibilizacao-740x987.jpg 740w, https:\/\/rehagro.com.br\/blog\/wp-content\/uploads\/2024\/06\/fotossensibilizacao-640x853.jpg 640w, https:\/\/rehagro.com.br\/blog\/wp-content\/uploads\/2024\/06\/fotossensibilizacao-150x200.jpg 150w, https:\/\/rehagro.com.br\/blog\/wp-content\/uploads\/2024\/06\/fotossensibilizacao.jpg 750w\" sizes=\"auto, (max-width: 225px) 100vw, 225px\" \/><\/p>\n<p style=\"text-align: center;\"><span style=\"font-size: 12px;\"><span style=\"font-weight: 400;\">Imagem de um animal em um quadro de fotossensibiliza\u00e7\u00e3o apresentando les\u00f5es na pele. <\/span><span style=\"font-weight: 400;\">Fonte: Laryssa Mendon\u00e7a<\/span><\/span><\/p>\n<p>&nbsp;<\/p>\n<p><a href=\"https:\/\/conteudo.rehagro.com.br\/ebook-aditivos-dieta-bovinos-leiteiros?utm_campaign=material-leite&amp;utm_source=ebook-aditivos-dieta&amp;utm_medium=blog\" target=\"_blank\" rel=\"noopener\"><img loading=\"lazy\" decoding=\"async\" class=\"aligncenter wp-image-39648 size-full\" title=\"Clique e baixe o e-book gr\u00e1tis!\" src=\"https:\/\/rehagro.com.br\/blog\/wp-content\/uploads\/2025\/09\/banner-ebook-adiivos-dieta-bovinos.png\" alt=\"E-book Aditivos na dieta de bovinos leiteiros\" width=\"980\" height=\"317\" srcset=\"https:\/\/rehagro.com.br\/blog\/wp-content\/uploads\/2025\/09\/banner-ebook-adiivos-dieta-bovinos.png 980w, https:\/\/rehagro.com.br\/blog\/wp-content\/uploads\/2025\/09\/banner-ebook-adiivos-dieta-bovinos-300x97.png 300w, https:\/\/rehagro.com.br\/blog\/wp-content\/uploads\/2025\/09\/banner-ebook-adiivos-dieta-bovinos-768x248.png 768w, https:\/\/rehagro.com.br\/blog\/wp-content\/uploads\/2025\/09\/banner-ebook-adiivos-dieta-bovinos-370x120.png 370w, https:\/\/rehagro.com.br\/blog\/wp-content\/uploads\/2025\/09\/banner-ebook-adiivos-dieta-bovinos-270x87.png 270w, https:\/\/rehagro.com.br\/blog\/wp-content\/uploads\/2025\/09\/banner-ebook-adiivos-dieta-bovinos-740x239.png 740w, https:\/\/rehagro.com.br\/blog\/wp-content\/uploads\/2025\/09\/banner-ebook-adiivos-dieta-bovinos-150x49.png 150w\" sizes=\"auto, (max-width: 980px) 100vw, 980px\" \/><\/a><\/p>\n<h2>Tipos de fotossensibiliza\u00e7\u00e3o<\/h2>\n<p><span style=\"font-weight: 400;\">Existem <\/span><b>dois tipos principais de fotossensibiliza\u00e7\u00e3o<\/b><span style=\"font-weight: 400;\">, sendo elas a <\/span><b>prim\u00e1ria e a secund\u00e1ria<\/b><span style=\"font-weight: 400;\">, essa \u00faltima tamb\u00e9m conhecida como hepat\u00f3gena.\u00a0 Ambas podem acometer os bovinos, embora a fotossensibiliza\u00e7\u00e3o secund\u00e1ria seja considerada mais comum.\u00a0<\/span><\/p>\n<h3>Fotossensibiliza\u00e7\u00e3o prim\u00e1ria<\/h3>\n<p><span style=\"font-weight: 400;\">Ocorre quando o animal <\/span><b>ingere alimento com presen\u00e7a de subst\u00e2ncia fotodin\u00e2mica<\/b><span style=\"font-weight: 400;\">, ou ainda por meio da sua absor\u00e7\u00e3o direta pela pele. No Brasil, tr\u00eas plantas fotossensibilizantes prim\u00e1rias s\u00e3o descritas:\u00a0<\/span><\/p>\n<ol>\n<li style=\"font-weight: 400;\" aria-level=\"1\"><i><span style=\"font-weight: 400;\">Fagopyrum esculentum;<\/span><\/i><\/li>\n<li style=\"font-weight: 400;\" aria-level=\"1\"><i><span style=\"font-weight: 400;\">Ammi majus;<\/span><\/i><\/li>\n<li style=\"font-weight: 400;\" aria-level=\"1\"><i><span style=\"font-weight: 400;\">Froelichia humboldtiana<\/span><\/i><span style=\"font-weight: 400;\"> (planta nativa de ocorr\u00eancia comum no semi\u00e1rido nordestino, conhecida por Ervan\u00e7o).\u00a0<\/span><\/li>\n<\/ol>\n<p><span style=\"font-weight: 400;\">Essa \u00faltima planta cont\u00e9m um pigmento que \u00e9 absorvido pela mucosa intestinal do animal e atravessa a barreira hep\u00e1tica, alcan\u00e7ando a circula\u00e7\u00e3o sist\u00eamica e por fim a pele, onde causa uma resposta inflamat\u00f3ria exacerbada da pele \u00e0 medida que a incid\u00eancia de luz solar aumenta.\u00a0<\/span><\/p>\n<p><a href=\"https:\/\/rehagro.com.br\/cursos\/capacitacao-em-gestao-na-pecuaria-de-leite?utm_campaign=mkt-materiais-gpl&amp;utm_source=textos&amp;utm_medium=blog\" target=\"_blank\" rel=\"noopener\"><img loading=\"lazy\" decoding=\"async\" class=\"aligncenter wp-image-18711 size-full\" title=\"Clique e saiba mais sobre o curso!\" src=\"https:\/\/rehagro.com.br\/blog\/wp-content\/uploads\/2023\/03\/banner-gpl.jpg\" alt=\"Banner Curso Gest\u00e3o na Pecu\u00e1ria Leiteira\" width=\"980\" height=\"317\" srcset=\"https:\/\/rehagro.com.br\/blog\/wp-content\/uploads\/2023\/03\/banner-gpl.jpg 980w, https:\/\/rehagro.com.br\/blog\/wp-content\/uploads\/2023\/03\/banner-gpl-300x97.jpg 300w, https:\/\/rehagro.com.br\/blog\/wp-content\/uploads\/2023\/03\/banner-gpl-768x248.jpg 768w, https:\/\/rehagro.com.br\/blog\/wp-content\/uploads\/2023\/03\/banner-gpl-370x120.jpg 370w, https:\/\/rehagro.com.br\/blog\/wp-content\/uploads\/2023\/03\/banner-gpl-270x87.jpg 270w, https:\/\/rehagro.com.br\/blog\/wp-content\/uploads\/2023\/03\/banner-gpl-740x239.jpg 740w, https:\/\/rehagro.com.br\/blog\/wp-content\/uploads\/2023\/03\/banner-gpl-150x49.jpg 150w\" sizes=\"auto, (max-width: 980px) 100vw, 980px\" \/><\/a><\/p>\n<h3>Fotossensibiliza\u00e7\u00e3o secund\u00e1ria &#8211; Hepat\u00f3gena<\/h3>\n<p><span style=\"font-weight: 400;\">Considerada a <\/span><b>fotossensibiliza\u00e7\u00e3o mais comum<\/b><span style=\"font-weight: 400;\">, ela acontece quando o animal <\/span><b>ingere alimento com presen\u00e7a de alguma subst\u00e2ncia fotot\u00f3xica<\/b><span style=\"font-weight: 400;\">, como as saponinas esteroidais (encontradas em brachiaria &#8211; <\/span><i><span style=\"font-weight: 400;\">Brachiaria spp,\u00a0 <\/span><\/i><span style=\"font-weight: 400;\">e capim momba\u00e7a &#8211;<\/span><i><span style=\"font-weight: 400;\"> E Panicum spp<\/span><\/i><span style=\"font-weight: 400;\">.), furanos sesquiterpenos (encontrado em <\/span><i><span style=\"font-weight: 400;\">Myoporum spp<\/span><\/i><span style=\"font-weight: 400;\">.) ou triterpenos (encontrado no Camar\u00e1 &#8211; <\/span><i><span style=\"font-weight: 400;\">Lantana spp.<\/span><\/i><span style=\"font-weight: 400;\">), sendo as do g\u00eanero<\/span><i><span style=\"font-weight: 400;\"> Brachiaria <\/span><\/i><span style=\"font-weight: 400;\">as mais frequentes no Brasil. <\/span><\/p>\n<p><span style=\"font-weight: 400;\">Ap\u00f3s ser ingerida, a subst\u00e2ncia \u00e9 capaz de <\/span><b>lesionar o f\u00edgado<\/b><span style=\"font-weight: 400;\"> e reduzir a sua capacidade de o metaboliz\u00e1-la, reduzindo assim a sua excre\u00e7\u00e3o biliar. Consequentemente, os agentes fotot\u00f3xicos n\u00e3o s\u00e3o eliminados do corpo do animal e se acumulam na pele, que com a maior incid\u00eancia de luz solar, causa les\u00f5es, edemas e demais sinais cl\u00ednicos da fotossensibiliza\u00e7\u00e3o.\u00a0<\/span><\/p>\n<h2>Como diagnosticar a doen\u00e7a?<\/h2>\n<p><span style=\"font-weight: 400;\">O diagn\u00f3stico \u00e9 baseado principalmente na anamnese junto da pessoa respons\u00e1vel para entender aspectos relacionados \u00e0 idade do animal, tipo de pastagem e ambiente em que est\u00e1 inserido. <\/span><\/p>\n<p><span style=\"font-weight: 400;\">Os sinais cl\u00ednicos mencionados anteriormente devem ser analisados detalhadamente, os quais s\u00e3o altamente sugestivos da doen\u00e7a e na maioria das vezes v\u00e3o de encontro \u00e0s informa\u00e7\u00f5es obtidas na anamnese.\u00a0 <\/span><\/p>\n<p><span style=\"font-weight: 400;\">Em caso do animal vir a \u00f3bito, a necropsia \u00e9 de extrema import\u00e2ncia para um diagn\u00f3stico preciso, onde pode-se encontrar aumento no volume do f\u00edgado (hepatomegalia), reple\u00e7\u00e3o da ves\u00edcula biliar, pigmenta\u00e7\u00e3o ict\u00e9rica de mucosas e tecidos adjacentes ao f\u00edgado, entre outros.\u00a0<\/span><\/p>\n<h2>Como atuar na situa\u00e7\u00e3o dos animais afetados?<\/h2>\n<p><span style=\"font-weight: 400;\">Primeiramente, os animais acometidos devem ser removidos do ambiente\/pasto em que estavam e movidos para um pasto diferente, onde tenha menos probabilidade de exposi\u00e7\u00e3o a fototoxinas. Al\u00e9m disso, o <\/span><b><a href=\"https:\/\/rehagro.com.br\/blog\/sombra-para-vacas-leiteiras\/\" target=\"_blank\" rel=\"noopener\">sombreamento<\/a> \u00e9 de suma import\u00e2ncia<\/b><span style=\"font-weight: 400;\">, para que os raios solares n\u00e3o cheguem diretamente at\u00e9 a pele do animal, agravando a situa\u00e7\u00e3o.\u00a0<\/span><\/p>\n<p><span style=\"font-weight: 400;\">Quanto ao tratamento, esse \u00e9 paliativo e de suporte, sendo indicado a utiliza\u00e7\u00e3o de protetores hep\u00e1ticos, hidrata\u00e7\u00e3o e corticosteroides durante o in\u00edcio dos sintomas. Para as les\u00f5es de pele, as pomadas antiss\u00e9pticas e cicatrizantes s\u00e3o de suma import\u00e2ncia para melhor efici\u00eancia no processo de recupera\u00e7\u00e3o.\u00a0<\/span><\/p>\n<h2>Como evitar novos casos na propriedade?<\/h2>\n<p><span style=\"font-weight: 400;\">Para evitar a fotossensibiliza\u00e7\u00e3o em bovinos leiteiros, algumas medidas preventivas podem ser tomadas, como:\u00a0<\/span><\/p>\n<ul>\n<li><b>Controle de pastagens e alimenta\u00e7\u00e3o:<\/b><span style=\"font-weight: 400;\"> nesse quesito, \u00e9 importante a identifica\u00e7\u00e3o e remo\u00e7\u00e3o de plantas t\u00f3xicas, certificando-se que as pastagens estejam livres de plantas fotossensibilizantes, bem como a diversifica\u00e7\u00e3o, rota\u00e7\u00e3o e <a href=\"https:\/\/rehagro.com.br\/blog\/manejo-de-pastagem-na-pecuaria-leiteira\/\" target=\"_blank\" rel=\"noopener\"><strong>bom manejo dos pastos<\/strong><\/a>, principalmente da <\/span><i><span style=\"font-weight: 400;\">Brachiaria spp.<\/span><\/i><span style=\"font-weight: 400;\"> em que os animais jovens permanecem, visto que esse manejo pode ser um fator de risco para os animais dessa categoria. Al\u00e9m disso, \u00e9 fundamental o fornecimento de uma <a href=\"https:\/\/rehagro.com.br\/blog\/dietas-para-bovinos-leiteiros\/\" target=\"_blank\" rel=\"noopener\"><strong>dieta balanceada<\/strong><\/a> para evitar defici\u00eancias nutricionais que possam afetar a sa\u00fade hep\u00e1tica.\u00a0<\/span><\/li>\n<li><b>Prote\u00e7\u00e3o contra a luz solar:<\/b><span style=\"font-weight: 400;\"> proporcione sombra adequada nas pastagens e abrigos para que os animais possam se proteger do sol intenso.\u00a0<\/span><\/li>\n<li><b>Monitoramento constante:<\/b><span style=\"font-weight: 400;\"> \u00e9 fundamental que os animais tenham regularmente sua sa\u00fade monitorada, o que inclui a avalia\u00e7\u00e3o para detec\u00e7\u00e3o precoce de qualquer sinal de fotossensibiliza\u00e7\u00e3o e consequentemente a aplica\u00e7\u00e3o de um tratamento imediato.\u00a0<\/span><\/li>\n<li><b>Gest\u00e3o sanit\u00e1ria:<\/b><span style=\"font-weight: 400;\"> manter os animais <a href=\"https:\/\/rehagro.com.br\/blog\/vacinacao-em-bezerros\/\" target=\"_blank\" rel=\"noopener\"><strong>vacinados<\/strong><\/a> e em boas condi\u00e7\u00f5es de sa\u00fade \u00e9 importante para reduzir o risco de doen\u00e7as que possam comprometer o f\u00edgado, como \u00e9 o caso dos parasitas hep\u00e1ticos, como a fasciolose hep\u00e1tica, que podem aumentar o risco da fotossensibiliza\u00e7\u00e3o secund\u00e1ria.<\/span><\/li>\n<\/ul>\n<h2>Reduza riscos e maximize a produ\u00e7\u00e3o de leite<\/h2>\n<p>A fotossensibiliza\u00e7\u00e3o pode causar grandes preju\u00edzos se n\u00e3o for prevenida e controlada corretamente.<\/p>\n<p>No <a href=\"https:\/\/rehagro.com.br\/cursos\/capacitacao-em-gestao-na-pecuaria-de-leite?utm_campaign=mkt-materiais-gpl&amp;utm_source=textos&amp;utm_medium=blog\" target=\"_blank\" rel=\"noopener\"><b>Curso<\/b> <b>Gest\u00e3o na Pecu\u00e1ria Leiteira<\/b><\/a> do Rehagro, voc\u00ea aprende a identificar fatores de risco, adotar estrat\u00e9gias preventivas e implementar manejos eficientes para proteger o rebanho e manter a produtividade da fazenda em alta.<\/p>\n<p><a href=\"https:\/\/rehagro.com.br\/cursos\/capacitacao-em-gestao-na-pecuaria-de-leite?utm_campaign=mkt-materiais-gpl&amp;utm_source=textos&amp;utm_medium=blog\" target=\"_blank\" rel=\"noopener\"><img loading=\"lazy\" decoding=\"async\" class=\"aligncenter wp-image-18711 size-full\" title=\"Clique e saiba mais sobre o curso!\" src=\"https:\/\/rehagro.com.br\/blog\/wp-content\/uploads\/2023\/03\/banner-gpl.jpg\" alt=\"Banner Curso Gest\u00e3o na Pecu\u00e1ria Leiteira\" width=\"980\" height=\"317\" srcset=\"https:\/\/rehagro.com.br\/blog\/wp-content\/uploads\/2023\/03\/banner-gpl.jpg 980w, https:\/\/rehagro.com.br\/blog\/wp-content\/uploads\/2023\/03\/banner-gpl-300x97.jpg 300w, https:\/\/rehagro.com.br\/blog\/wp-content\/uploads\/2023\/03\/banner-gpl-768x248.jpg 768w, https:\/\/rehagro.com.br\/blog\/wp-content\/uploads\/2023\/03\/banner-gpl-370x120.jpg 370w, https:\/\/rehagro.com.br\/blog\/wp-content\/uploads\/2023\/03\/banner-gpl-270x87.jpg 270w, https:\/\/rehagro.com.br\/blog\/wp-content\/uploads\/2023\/03\/banner-gpl-740x239.jpg 740w, https:\/\/rehagro.com.br\/blog\/wp-content\/uploads\/2023\/03\/banner-gpl-150x49.jpg 150w\" sizes=\"auto, (max-width: 980px) 100vw, 980px\" \/><\/a><\/p>\n<p><img loading=\"lazy\" decoding=\"async\" class=\"aligncenter size-full wp-image-24488\" src=\"https:\/\/rehagro.com.br\/blog\/wp-content\/uploads\/2023\/09\/amanda-lourenco.jpg\" alt=\"Amanda Louren\u00e7o\" width=\"299\" height=\"103\" srcset=\"https:\/\/rehagro.com.br\/blog\/wp-content\/uploads\/2023\/09\/amanda-lourenco.jpg 299w, https:\/\/rehagro.com.br\/blog\/wp-content\/uploads\/2023\/09\/amanda-lourenco-270x93.jpg 270w, https:\/\/rehagro.com.br\/blog\/wp-content\/uploads\/2023\/09\/amanda-lourenco-150x52.jpg 150w\" sizes=\"auto, (max-width: 299px) 100vw, 299px\" \/><\/p>\n<p><img loading=\"lazy\" decoding=\"async\" class=\"aligncenter size-full wp-image-32286\" src=\"https:\/\/rehagro.com.br\/blog\/wp-content\/uploads\/2024\/06\/matheus-soares.jpg\" alt=\"\" width=\"300\" height=\"96\" srcset=\"https:\/\/rehagro.com.br\/blog\/wp-content\/uploads\/2024\/06\/matheus-soares.jpg 300w, https:\/\/rehagro.com.br\/blog\/wp-content\/uploads\/2024\/06\/matheus-soares-270x86.jpg 270w, https:\/\/rehagro.com.br\/blog\/wp-content\/uploads\/2024\/06\/matheus-soares-150x48.jpg 150w\" sizes=\"auto, (max-width: 300px) 100vw, 300px\" \/><\/p>\n","protected":false},"excerpt":{"rendered":"<p>A fotossensibiliza\u00e7\u00e3o, tamb\u00e9m conhecida como requeima e sapeca, trata- se de uma doen\u00e7a causada pela resposta excessiva da pele (principalmente de \u00e1reas despigmentadas e\/ou sem presen\u00e7a de pelos) a radia\u00e7\u00e3o solar, devido ao ac\u00famulo de subst\u00e2ncias t\u00f3xicas (fototoxinas ou fotoal\u00e9rgenos) na pele. Essa doen\u00e7a acomete principalmente os bovinos no per\u00edodo da desmama at\u00e9 aproximadamente os [&hellip;]<\/p>\n","protected":false},"author":21,"featured_media":32278,"comment_status":"open","ping_status":"open","sticky":false,"template":"","format":"standard","meta":{"footnotes":""},"categories":[214],"tags":[1069,1206,715,276],"class_list":["post-32276","post","type-post","status-publish","format-standard","has-post-thumbnail","hentry","category-leite","tag-doencas-em-bovinos","tag-fotossensibilizacao","tag-gado-de-leite","tag-pecuaria-leiteira"],"yoast_head":"<!-- This site is optimized with the Yoast SEO plugin v27.4 - https:\/\/yoast.com\/product\/yoast-seo-wordpress\/ -->\n<title>Fotossensibiliza\u00e7\u00e3o em bovinos: saiba as causas e como manejar<\/title>\n<meta name=\"description\" content=\"A fotossensibiliza\u00e7\u00e3o \u00e9 uma doen\u00e7a causada pela resposta excessiva da pele dos bovinos a radia\u00e7\u00e3o solar. Entenda os seus sintomas e impactos.\" \/>\n<meta name=\"robots\" content=\"index, follow, max-snippet:-1, max-image-preview:large, max-video-preview:-1\" \/>\n<link rel=\"canonical\" href=\"https:\/\/rehagro.com.br\/blog\/fotossensibilizacao-em-bovinos\/\" \/>\n<meta property=\"og:locale\" content=\"pt_BR\" \/>\n<meta property=\"og:type\" content=\"article\" \/>\n<meta property=\"og:title\" content=\"Fotossensibiliza\u00e7\u00e3o em bovinos: saiba as causas e como manejar\" \/>\n<meta property=\"og:description\" content=\"A fotossensibiliza\u00e7\u00e3o \u00e9 uma doen\u00e7a causada pela resposta excessiva da pele dos bovinos a radia\u00e7\u00e3o solar. Entenda os seus sintomas e impactos.\" \/>\n<meta property=\"og:url\" content=\"https:\/\/rehagro.com.br\/blog\/fotossensibilizacao-em-bovinos\/\" \/>\n<meta property=\"og:site_name\" content=\"Rehagro Blog\" \/>\n<meta property=\"article:published_time\" content=\"2024-06-07T11:00:43+00:00\" \/>\n<meta property=\"article:modified_time\" content=\"2026-04-09T18:22:26+00:00\" \/>\n<meta property=\"og:image\" content=\"https:\/\/rehagro.com.br\/blog\/wp-content\/uploads\/2024\/06\/capa-fotossensibilizacao.jpg\" \/>\n\t<meta property=\"og:image:width\" content=\"1080\" \/>\n\t<meta property=\"og:image:height\" content=\"766\" \/>\n\t<meta property=\"og:image:type\" content=\"image\/jpeg\" \/>\n<meta name=\"author\" content=\"Jo\u00e3o Pedro Azevedo\" \/>\n<meta name=\"twitter:card\" content=\"summary_large_image\" \/>\n<meta name=\"twitter:label1\" content=\"Escrito por\" \/>\n\t<meta name=\"twitter:data1\" content=\"Jo\u00e3o Pedro Azevedo\" \/>\n\t<meta name=\"twitter:label2\" content=\"Est. tempo de leitura\" \/>\n\t<meta name=\"twitter:data2\" content=\"7 minutos\" \/>\n<script type=\"application\/ld+json\" class=\"yoast-schema-graph\">{\"@context\":\"https:\\\/\\\/schema.org\",\"@graph\":[{\"@type\":\"Article\",\"@id\":\"https:\\\/\\\/rehagro.com.br\\\/blog\\\/fotossensibilizacao-em-bovinos\\\/#article\",\"isPartOf\":{\"@id\":\"https:\\\/\\\/rehagro.com.br\\\/blog\\\/fotossensibilizacao-em-bovinos\\\/\"},\"author\":{\"name\":\"Jo\u00e3o Pedro Azevedo\",\"@id\":\"https:\\\/\\\/rehagro.com.br\\\/blog\\\/#\\\/schema\\\/person\\\/f2d1ae51b04939615ceebb3c0bfd8a94\"},\"headline\":\"Fotossensibiliza\u00e7\u00e3o em bovinos: saiba as causas e como manejar os riscos\",\"datePublished\":\"2024-06-07T11:00:43+00:00\",\"dateModified\":\"2026-04-09T18:22:26+00:00\",\"mainEntityOfPage\":{\"@id\":\"https:\\\/\\\/rehagro.com.br\\\/blog\\\/fotossensibilizacao-em-bovinos\\\/\"},\"wordCount\":1092,\"commentCount\":0,\"publisher\":{\"@id\":\"https:\\\/\\\/rehagro.com.br\\\/blog\\\/#organization\"},\"image\":{\"@id\":\"https:\\\/\\\/rehagro.com.br\\\/blog\\\/fotossensibilizacao-em-bovinos\\\/#primaryimage\"},\"thumbnailUrl\":\"https:\\\/\\\/rehagro.com.br\\\/blog\\\/wp-content\\\/uploads\\\/2024\\\/06\\\/capa-fotossensibilizacao.jpg\",\"keywords\":[\"doen\u00e7as em bovinos\",\"fotossensibiliza\u00e7\u00e3o\",\"gado de leite\",\"pecu\u00e1ria leiteira\"],\"articleSection\":[\"LEITE\"],\"inLanguage\":\"pt-BR\",\"potentialAction\":[{\"@type\":\"CommentAction\",\"name\":\"Comment\",\"target\":[\"https:\\\/\\\/rehagro.com.br\\\/blog\\\/fotossensibilizacao-em-bovinos\\\/#respond\"]}]},{\"@type\":\"WebPage\",\"@id\":\"https:\\\/\\\/rehagro.com.br\\\/blog\\\/fotossensibilizacao-em-bovinos\\\/\",\"url\":\"https:\\\/\\\/rehagro.com.br\\\/blog\\\/fotossensibilizacao-em-bovinos\\\/\",\"name\":\"Fotossensibiliza\u00e7\u00e3o em bovinos: saiba as causas e como manejar\",\"isPartOf\":{\"@id\":\"https:\\\/\\\/rehagro.com.br\\\/blog\\\/#website\"},\"primaryImageOfPage\":{\"@id\":\"https:\\\/\\\/rehagro.com.br\\\/blog\\\/fotossensibilizacao-em-bovinos\\\/#primaryimage\"},\"image\":{\"@id\":\"https:\\\/\\\/rehagro.com.br\\\/blog\\\/fotossensibilizacao-em-bovinos\\\/#primaryimage\"},\"thumbnailUrl\":\"https:\\\/\\\/rehagro.com.br\\\/blog\\\/wp-content\\\/uploads\\\/2024\\\/06\\\/capa-fotossensibilizacao.jpg\",\"datePublished\":\"2024-06-07T11:00:43+00:00\",\"dateModified\":\"2026-04-09T18:22:26+00:00\",\"description\":\"A fotossensibiliza\u00e7\u00e3o \u00e9 uma doen\u00e7a causada pela resposta excessiva da pele dos bovinos a radia\u00e7\u00e3o solar. Entenda os seus sintomas e impactos.\",\"breadcrumb\":{\"@id\":\"https:\\\/\\\/rehagro.com.br\\\/blog\\\/fotossensibilizacao-em-bovinos\\\/#breadcrumb\"},\"inLanguage\":\"pt-BR\",\"potentialAction\":[{\"@type\":\"ReadAction\",\"target\":[\"https:\\\/\\\/rehagro.com.br\\\/blog\\\/fotossensibilizacao-em-bovinos\\\/\"]}]},{\"@type\":\"ImageObject\",\"inLanguage\":\"pt-BR\",\"@id\":\"https:\\\/\\\/rehagro.com.br\\\/blog\\\/fotossensibilizacao-em-bovinos\\\/#primaryimage\",\"url\":\"https:\\\/\\\/rehagro.com.br\\\/blog\\\/wp-content\\\/uploads\\\/2024\\\/06\\\/capa-fotossensibilizacao.jpg\",\"contentUrl\":\"https:\\\/\\\/rehagro.com.br\\\/blog\\\/wp-content\\\/uploads\\\/2024\\\/06\\\/capa-fotossensibilizacao.jpg\",\"width\":1080,\"height\":766},{\"@type\":\"BreadcrumbList\",\"@id\":\"https:\\\/\\\/rehagro.com.br\\\/blog\\\/fotossensibilizacao-em-bovinos\\\/#breadcrumb\",\"itemListElement\":[{\"@type\":\"ListItem\",\"position\":1,\"name\":\"In\u00edcio\",\"item\":\"https:\\\/\\\/rehagro.com.br\\\/blog\\\/\"},{\"@type\":\"ListItem\",\"position\":2,\"name\":\"Fotossensibiliza\u00e7\u00e3o em bovinos: saiba as causas e como manejar os riscos\"}]},{\"@type\":\"WebSite\",\"@id\":\"https:\\\/\\\/rehagro.com.br\\\/blog\\\/#website\",\"url\":\"https:\\\/\\\/rehagro.com.br\\\/blog\\\/\",\"name\":\"Rehagro Blog\",\"description\":\"\",\"publisher\":{\"@id\":\"https:\\\/\\\/rehagro.com.br\\\/blog\\\/#organization\"},\"potentialAction\":[{\"@type\":\"SearchAction\",\"target\":{\"@type\":\"EntryPoint\",\"urlTemplate\":\"https:\\\/\\\/rehagro.com.br\\\/blog\\\/?s={search_term_string}\"},\"query-input\":{\"@type\":\"PropertyValueSpecification\",\"valueRequired\":true,\"valueName\":\"search_term_string\"}}],\"inLanguage\":\"pt-BR\"},{\"@type\":\"Organization\",\"@id\":\"https:\\\/\\\/rehagro.com.br\\\/blog\\\/#organization\",\"name\":\"Rehagro\",\"url\":\"https:\\\/\\\/rehagro.com.br\\\/blog\\\/\",\"logo\":{\"@type\":\"ImageObject\",\"inLanguage\":\"pt-BR\",\"@id\":\"https:\\\/\\\/rehagro.com.br\\\/blog\\\/#\\\/schema\\\/logo\\\/image\\\/\",\"url\":\"https:\\\/\\\/rehagro.com.br\\\/blog\\\/wp-content\\\/uploads\\\/2018\\\/05\\\/logo-rehagro.png\",\"contentUrl\":\"https:\\\/\\\/rehagro.com.br\\\/blog\\\/wp-content\\\/uploads\\\/2018\\\/05\\\/logo-rehagro.png\",\"width\":400,\"height\":115,\"caption\":\"Rehagro\"},\"image\":{\"@id\":\"https:\\\/\\\/rehagro.com.br\\\/blog\\\/#\\\/schema\\\/logo\\\/image\\\/\"}},{\"@type\":\"Person\",\"@id\":\"https:\\\/\\\/rehagro.com.br\\\/blog\\\/#\\\/schema\\\/person\\\/f2d1ae51b04939615ceebb3c0bfd8a94\",\"name\":\"Jo\u00e3o Pedro Azevedo\",\"image\":{\"@type\":\"ImageObject\",\"inLanguage\":\"pt-BR\",\"@id\":\"https:\\\/\\\/secure.gravatar.com\\\/avatar\\\/34aacffb2f10625483f480470f3274778dd1c183ba4f66444bb60ae92149bf8a?s=96&d=mm&r=g\",\"url\":\"https:\\\/\\\/secure.gravatar.com\\\/avatar\\\/34aacffb2f10625483f480470f3274778dd1c183ba4f66444bb60ae92149bf8a?s=96&d=mm&r=g\",\"contentUrl\":\"https:\\\/\\\/secure.gravatar.com\\\/avatar\\\/34aacffb2f10625483f480470f3274778dd1c183ba4f66444bb60ae92149bf8a?s=96&d=mm&r=g\",\"caption\":\"Jo\u00e3o Pedro Azevedo\"},\"url\":\"https:\\\/\\\/rehagro.com.br\\\/blog\\\/author\\\/joao-pedro\\\/\"}]}<\/script>\n<!-- \/ Yoast SEO plugin. -->","yoast_head_json":{"title":"Fotossensibiliza\u00e7\u00e3o em bovinos: saiba as causas e como manejar","description":"A fotossensibiliza\u00e7\u00e3o \u00e9 uma doen\u00e7a causada pela resposta excessiva da pele dos bovinos a radia\u00e7\u00e3o solar. Entenda os seus sintomas e impactos.","robots":{"index":"index","follow":"follow","max-snippet":"max-snippet:-1","max-image-preview":"max-image-preview:large","max-video-preview":"max-video-preview:-1"},"canonical":"https:\/\/rehagro.com.br\/blog\/fotossensibilizacao-em-bovinos\/","og_locale":"pt_BR","og_type":"article","og_title":"Fotossensibiliza\u00e7\u00e3o em bovinos: saiba as causas e como manejar","og_description":"A fotossensibiliza\u00e7\u00e3o \u00e9 uma doen\u00e7a causada pela resposta excessiva da pele dos bovinos a radia\u00e7\u00e3o solar. Entenda os seus sintomas e impactos.","og_url":"https:\/\/rehagro.com.br\/blog\/fotossensibilizacao-em-bovinos\/","og_site_name":"Rehagro Blog","article_published_time":"2024-06-07T11:00:43+00:00","article_modified_time":"2026-04-09T18:22:26+00:00","og_image":[{"width":1080,"height":766,"url":"https:\/\/rehagro.com.br\/blog\/wp-content\/uploads\/2024\/06\/capa-fotossensibilizacao.jpg","type":"image\/jpeg"}],"author":"Jo\u00e3o Pedro Azevedo","twitter_card":"summary_large_image","twitter_misc":{"Escrito por":"Jo\u00e3o Pedro Azevedo","Est. tempo de leitura":"7 minutos"},"schema":{"@context":"https:\/\/schema.org","@graph":[{"@type":"Article","@id":"https:\/\/rehagro.com.br\/blog\/fotossensibilizacao-em-bovinos\/#article","isPartOf":{"@id":"https:\/\/rehagro.com.br\/blog\/fotossensibilizacao-em-bovinos\/"},"author":{"name":"Jo\u00e3o Pedro Azevedo","@id":"https:\/\/rehagro.com.br\/blog\/#\/schema\/person\/f2d1ae51b04939615ceebb3c0bfd8a94"},"headline":"Fotossensibiliza\u00e7\u00e3o em bovinos: saiba as causas e como manejar os riscos","datePublished":"2024-06-07T11:00:43+00:00","dateModified":"2026-04-09T18:22:26+00:00","mainEntityOfPage":{"@id":"https:\/\/rehagro.com.br\/blog\/fotossensibilizacao-em-bovinos\/"},"wordCount":1092,"commentCount":0,"publisher":{"@id":"https:\/\/rehagro.com.br\/blog\/#organization"},"image":{"@id":"https:\/\/rehagro.com.br\/blog\/fotossensibilizacao-em-bovinos\/#primaryimage"},"thumbnailUrl":"https:\/\/rehagro.com.br\/blog\/wp-content\/uploads\/2024\/06\/capa-fotossensibilizacao.jpg","keywords":["doen\u00e7as em bovinos","fotossensibiliza\u00e7\u00e3o","gado de leite","pecu\u00e1ria leiteira"],"articleSection":["LEITE"],"inLanguage":"pt-BR","potentialAction":[{"@type":"CommentAction","name":"Comment","target":["https:\/\/rehagro.com.br\/blog\/fotossensibilizacao-em-bovinos\/#respond"]}]},{"@type":"WebPage","@id":"https:\/\/rehagro.com.br\/blog\/fotossensibilizacao-em-bovinos\/","url":"https:\/\/rehagro.com.br\/blog\/fotossensibilizacao-em-bovinos\/","name":"Fotossensibiliza\u00e7\u00e3o em bovinos: saiba as causas e como manejar","isPartOf":{"@id":"https:\/\/rehagro.com.br\/blog\/#website"},"primaryImageOfPage":{"@id":"https:\/\/rehagro.com.br\/blog\/fotossensibilizacao-em-bovinos\/#primaryimage"},"image":{"@id":"https:\/\/rehagro.com.br\/blog\/fotossensibilizacao-em-bovinos\/#primaryimage"},"thumbnailUrl":"https:\/\/rehagro.com.br\/blog\/wp-content\/uploads\/2024\/06\/capa-fotossensibilizacao.jpg","datePublished":"2024-06-07T11:00:43+00:00","dateModified":"2026-04-09T18:22:26+00:00","description":"A fotossensibiliza\u00e7\u00e3o \u00e9 uma doen\u00e7a causada pela resposta excessiva da pele dos bovinos a radia\u00e7\u00e3o solar. Entenda os seus sintomas e impactos.","breadcrumb":{"@id":"https:\/\/rehagro.com.br\/blog\/fotossensibilizacao-em-bovinos\/#breadcrumb"},"inLanguage":"pt-BR","potentialAction":[{"@type":"ReadAction","target":["https:\/\/rehagro.com.br\/blog\/fotossensibilizacao-em-bovinos\/"]}]},{"@type":"ImageObject","inLanguage":"pt-BR","@id":"https:\/\/rehagro.com.br\/blog\/fotossensibilizacao-em-bovinos\/#primaryimage","url":"https:\/\/rehagro.com.br\/blog\/wp-content\/uploads\/2024\/06\/capa-fotossensibilizacao.jpg","contentUrl":"https:\/\/rehagro.com.br\/blog\/wp-content\/uploads\/2024\/06\/capa-fotossensibilizacao.jpg","width":1080,"height":766},{"@type":"BreadcrumbList","@id":"https:\/\/rehagro.com.br\/blog\/fotossensibilizacao-em-bovinos\/#breadcrumb","itemListElement":[{"@type":"ListItem","position":1,"name":"In\u00edcio","item":"https:\/\/rehagro.com.br\/blog\/"},{"@type":"ListItem","position":2,"name":"Fotossensibiliza\u00e7\u00e3o em bovinos: saiba as causas e como manejar os riscos"}]},{"@type":"WebSite","@id":"https:\/\/rehagro.com.br\/blog\/#website","url":"https:\/\/rehagro.com.br\/blog\/","name":"Rehagro Blog","description":"","publisher":{"@id":"https:\/\/rehagro.com.br\/blog\/#organization"},"potentialAction":[{"@type":"SearchAction","target":{"@type":"EntryPoint","urlTemplate":"https:\/\/rehagro.com.br\/blog\/?s={search_term_string}"},"query-input":{"@type":"PropertyValueSpecification","valueRequired":true,"valueName":"search_term_string"}}],"inLanguage":"pt-BR"},{"@type":"Organization","@id":"https:\/\/rehagro.com.br\/blog\/#organization","name":"Rehagro","url":"https:\/\/rehagro.com.br\/blog\/","logo":{"@type":"ImageObject","inLanguage":"pt-BR","@id":"https:\/\/rehagro.com.br\/blog\/#\/schema\/logo\/image\/","url":"https:\/\/rehagro.com.br\/blog\/wp-content\/uploads\/2018\/05\/logo-rehagro.png","contentUrl":"https:\/\/rehagro.com.br\/blog\/wp-content\/uploads\/2018\/05\/logo-rehagro.png","width":400,"height":115,"caption":"Rehagro"},"image":{"@id":"https:\/\/rehagro.com.br\/blog\/#\/schema\/logo\/image\/"}},{"@type":"Person","@id":"https:\/\/rehagro.com.br\/blog\/#\/schema\/person\/f2d1ae51b04939615ceebb3c0bfd8a94","name":"Jo\u00e3o Pedro Azevedo","image":{"@type":"ImageObject","inLanguage":"pt-BR","@id":"https:\/\/secure.gravatar.com\/avatar\/34aacffb2f10625483f480470f3274778dd1c183ba4f66444bb60ae92149bf8a?s=96&d=mm&r=g","url":"https:\/\/secure.gravatar.com\/avatar\/34aacffb2f10625483f480470f3274778dd1c183ba4f66444bb60ae92149bf8a?s=96&d=mm&r=g","contentUrl":"https:\/\/secure.gravatar.com\/avatar\/34aacffb2f10625483f480470f3274778dd1c183ba4f66444bb60ae92149bf8a?s=96&d=mm&r=g","caption":"Jo\u00e3o Pedro Azevedo"},"url":"https:\/\/rehagro.com.br\/blog\/author\/joao-pedro\/"}]}},"_links":{"self":[{"href":"https:\/\/rehagro.com.br\/blog\/wp-json\/wp\/v2\/posts\/32276","targetHints":{"allow":["GET"]}}],"collection":[{"href":"https:\/\/rehagro.com.br\/blog\/wp-json\/wp\/v2\/posts"}],"about":[{"href":"https:\/\/rehagro.com.br\/blog\/wp-json\/wp\/v2\/types\/post"}],"author":[{"embeddable":true,"href":"https:\/\/rehagro.com.br\/blog\/wp-json\/wp\/v2\/users\/21"}],"replies":[{"embeddable":true,"href":"https:\/\/rehagro.com.br\/blog\/wp-json\/wp\/v2\/comments?post=32276"}],"version-history":[{"count":21,"href":"https:\/\/rehagro.com.br\/blog\/wp-json\/wp\/v2\/posts\/32276\/revisions"}],"predecessor-version":[{"id":42453,"href":"https:\/\/rehagro.com.br\/blog\/wp-json\/wp\/v2\/posts\/32276\/revisions\/42453"}],"wp:featuredmedia":[{"embeddable":true,"href":"https:\/\/rehagro.com.br\/blog\/wp-json\/wp\/v2\/media\/32278"}],"wp:attachment":[{"href":"https:\/\/rehagro.com.br\/blog\/wp-json\/wp\/v2\/media?parent=32276"}],"wp:term":[{"taxonomy":"category","embeddable":true,"href":"https:\/\/rehagro.com.br\/blog\/wp-json\/wp\/v2\/categories?post=32276"},{"taxonomy":"post_tag","embeddable":true,"href":"https:\/\/rehagro.com.br\/blog\/wp-json\/wp\/v2\/tags?post=32276"}],"curies":[{"name":"wp","href":"https:\/\/api.w.org\/{rel}","templated":true}]}}