{"id":31602,"date":"2024-05-20T12:09:01","date_gmt":"2024-05-20T15:09:01","guid":{"rendered":"https:\/\/rehagro.com.br\/blog\/?p=31602"},"modified":"2026-04-07T16:44:14","modified_gmt":"2026-04-07T19:44:14","slug":"saude-dos-cascos-de-bovinos-confinados-como-evitar-problemas","status":"publish","type":"post","link":"https:\/\/rehagro.com.br\/blog\/saude-dos-cascos-de-bovinos-confinados-como-evitar-problemas\/","title":{"rendered":"Sa\u00fade dos cascos de bovinos confinados: como evitar problemas"},"content":{"rendered":"<p>O crescimento significativo da produ\u00e7\u00e3o de bovinos em sistemas de confinamento no Brasil reflete n\u00e3o apenas a busca por efici\u00eancia e alto desempenho, mas tamb\u00e9m a otimiza\u00e7\u00e3o dos custos e a obten\u00e7\u00e3o de melhores resultados na comercializa\u00e7\u00e3o.<\/p>\n<p>No entanto, esse aumento na intensifica\u00e7\u00e3o da produ\u00e7\u00e3o n\u00e3o vem sem desafios, e <strong>um dos principais problemas enfrentados \u00e9 relacionado \u00e0 sa\u00fade dos cascos<\/strong> dos animais confinados.<\/p>\n<p>A neglig\u00eancia nessa \u00e1rea pode acarretar uma <strong>s\u00e9rie de complica\u00e7\u00f5es<\/strong> que n\u00e3o s\u00f3 afetam o <strong><a href=\"https:\/\/rehagro.com.br\/blog\/bem-estar-animal-bovinos-de-corte\/\" target=\"_blank\" rel=\"noopener\">bem-estar<\/a><\/strong>, mas tamb\u00e9m comprometem o desempenho produtivo e, consequentemente, a lucratividade do sistema de produ\u00e7\u00e3o.<\/p>\n<p>Neste contexto, \u00e9 fundamental compreender os fatores que influenciam a sa\u00fade dos cascos e implementar medidas preventivas e corretivas para garantir o bem-estar e a produtividade do rebanho.<\/p>\n<div style=\"background-color: #efefef; padding-left: 10px; padding-right: 5px; border-radius: 10px;\">\n<p>&nbsp;<\/p>\n<p style=\"text-align: center;\"><strong><span style=\"font-size: 14pt;\">Sem tempo para ler agora? Baixe este artigo em PDF!<\/span><\/strong><\/p>\n<p><script charset=\"utf-8\" type=\"text\/javascript\" src=\"\/\/js.hsforms.net\/forms\/embed\/v2.js\"><\/script><br \/>\n<script>\nhbspt.forms.create({\nregion: \"na1\",\nportalId: \"5430441\",\nformId: \"f83e655b-67de-4fbe-b12a-88b7e9461712\"\n});\n<\/script><\/p>\n<\/div>\n<h2>Fatores que influenciam a sa\u00fade dos cascos em confinamentos<\/h2>\n<p>O aumento da produ\u00e7\u00e3o de bovinos em <strong><a href=\"https:\/\/rehagro.com.br\/blog\/rotinas-no-confinamento-que-afetam-o-desempenho\/\" target=\"_blank\" rel=\"noopener\">sistema de confinamento<\/a><\/strong> tem sido expressivo no Brasil, devido a efici\u00eancia em alto desempenho e a redu\u00e7\u00e3o da idade ao abate.<\/p>\n<p>Uma consequ\u00eancia da intensifica\u00e7\u00e3o da produ\u00e7\u00e3o desses animais \u00e9 o aumento dos problemas relacionados aos cascos quando n\u00e3o devidamente monitorados.<\/p>\n<p>Esse problema, pode causar desconforto no animal, e acarretar outros fatores no sistema de produ\u00e7\u00e3o, como perda de peso, redu\u00e7\u00e3o na produ\u00e7\u00e3o, redu\u00e7\u00e3o no consumo de alimentos, ingest\u00e3o de \u00e1gua, al\u00e9m do aumento dos significativo dos riscos de doen\u00e7as metab\u00f3licas.<\/p>\n<p>S\u00e3o diversos os fatores que afetam diretamente a sa\u00fade dos cascos no confinamento de gado de corte, especialmente em \u00e9pocas chuvosas e de <strong><a href=\"https:\/\/rehagro.com.br\/blog\/como-calcular-a-taxa-de-lotacao-e-a-capacidade-de-suporte\/\" target=\"_blank\" rel=\"noopener\">alta lota\u00e7\u00e3o<\/a><\/strong>.<\/p>\n<p>Entre esses fatores, destacam-se a higieniza\u00e7\u00e3o inadequada das instala\u00e7\u00f5es, a utiliza\u00e7\u00e3o de pisos desconfort\u00e1veis para os animais e a presen\u00e7a de barro, \u00e1gua estagnada, pedras soltas ou at\u00e9 mesmo buracos nas \u00e1reas de confinamento.<\/p>\n<p><a href=\"https:\/\/conteudo.rehagro.com.br\/ebook-sanidade-confinamento-engorda-a-pasto?utm_campaign=material-corte&amp;utm_source=ebook-pontos-sanitarios&amp;utm_medium=blog\" target=\"_blank\" rel=\"noopener\"><img loading=\"lazy\" decoding=\"async\" class=\"aligncenter wp-image-39639 size-full\" title=\"Clique e baixe o e-book gr\u00e1tis!\" src=\"https:\/\/rehagro.com.br\/blog\/wp-content\/uploads\/2025\/09\/banner-ebook-pontos-sanitarios.png\" alt=\"E-book Pontos sanit\u00e1rios no confinamento\" width=\"980\" height=\"317\" srcset=\"https:\/\/rehagro.com.br\/blog\/wp-content\/uploads\/2025\/09\/banner-ebook-pontos-sanitarios.png 980w, https:\/\/rehagro.com.br\/blog\/wp-content\/uploads\/2025\/09\/banner-ebook-pontos-sanitarios-300x97.png 300w, https:\/\/rehagro.com.br\/blog\/wp-content\/uploads\/2025\/09\/banner-ebook-pontos-sanitarios-768x248.png 768w, https:\/\/rehagro.com.br\/blog\/wp-content\/uploads\/2025\/09\/banner-ebook-pontos-sanitarios-370x120.png 370w, https:\/\/rehagro.com.br\/blog\/wp-content\/uploads\/2025\/09\/banner-ebook-pontos-sanitarios-270x87.png 270w, https:\/\/rehagro.com.br\/blog\/wp-content\/uploads\/2025\/09\/banner-ebook-pontos-sanitarios-740x239.png 740w, https:\/\/rehagro.com.br\/blog\/wp-content\/uploads\/2025\/09\/banner-ebook-pontos-sanitarios-150x49.png 150w\" sizes=\"auto, (max-width: 980px) 100vw, 980px\" \/><\/a><\/p>\n<h2>Quais as principais doen\u00e7as de cascos?<\/h2>\n<h3>Laminite<\/h3>\n<p>\u00c9 uma doen\u00e7a inflamat\u00f3ria que pode ser classificada como aguda, subcl\u00ednica ou cr\u00f4nica. Suas principais causas incluem a ingest\u00e3o excessiva de gr\u00e3os, pastagens ricas em carboidratos, mudan\u00e7as bruscas na dieta e obesidade (<strong><a href=\"https:\/\/rehagro.com.br\/blog\/escore-de-condicao-corporal-em-bovinos-de-corte\/\" target=\"_blank\" rel=\"noopener\">escore de condi\u00e7\u00e3o corporal<\/a><\/strong>\u00a0acima de 4).<\/p>\n<ul>\n<li><strong>Laminite aguda<\/strong>: caracteriza-se por dor intensa, calor nos cascos, aumento da pulsa\u00e7\u00e3o digital e dificuldade para se movimentar.<\/li>\n<li><strong>Laminite subcl\u00ednica<\/strong>: apresenta sinais menos evidentes, como leve desconforto ao caminhar e mudan\u00e7as sutis na postura. Pode passar despercebida at\u00e9 se agravar.<\/li>\n<li><strong>Laminite cr\u00f4nica<\/strong>: resulta em deformidades permanentes dos cascos, como a rota\u00e7\u00e3o ou afundamento do osso da falange distal, al\u00e9m de claudica\u00e7\u00e3o constante e dificuldade de locomo\u00e7\u00e3o.<\/li>\n<\/ul>\n<p>A laminite resulta em claudica\u00e7\u00e3o e pode levar \u00e0 <strong>deformidade permanente dos cascos<\/strong> se n\u00e3o tratada adequadamente.<\/p>\n<p><img loading=\"lazy\" decoding=\"async\" class=\"aligncenter wp-image-31606 size-full\" src=\"https:\/\/rehagro.com.br\/blog\/wp-content\/uploads\/2024\/05\/cascos-de-bovinos-1.jpg\" alt=\"Casco de bovino com laminite\" width=\"434\" height=\"250\" srcset=\"https:\/\/rehagro.com.br\/blog\/wp-content\/uploads\/2024\/05\/cascos-de-bovinos-1.jpg 434w, https:\/\/rehagro.com.br\/blog\/wp-content\/uploads\/2024\/05\/cascos-de-bovinos-1-300x173.jpg 300w, https:\/\/rehagro.com.br\/blog\/wp-content\/uploads\/2024\/05\/cascos-de-bovinos-1-370x213.jpg 370w, https:\/\/rehagro.com.br\/blog\/wp-content\/uploads\/2024\/05\/cascos-de-bovinos-1-270x156.jpg 270w, https:\/\/rehagro.com.br\/blog\/wp-content\/uploads\/2024\/05\/cascos-de-bovinos-1-150x86.jpg 150w\" sizes=\"auto, (max-width: 434px) 100vw, 434px\" \/><\/p>\n<p style=\"text-align: center;\"><span style=\"font-size: 13px;\">Fonte: Boi Sa\u00fade<\/span><\/p>\n<h3>Doen\u00e7a da linha branca<\/h3>\n<p>Caracteriza-se pela separa\u00e7\u00e3o da parede da borda da sola e da parede da borda da sola dos animais. O c\u00f3rio \u00e9 infectado por meio dessa fissura, levando \u00e0 forma\u00e7\u00e3o de abscessos na subsola. Em casos mais graves, as articula\u00e7\u00f5es tamb\u00e9m podem ser afetadas.<\/p>\n<ul>\n<li><strong>Causas<\/strong>: incluem condi\u00e7\u00f5es de higiene inadequadas, umidade excessiva, les\u00f5es ou traumas nos cascos e problemas nutricionais.<\/li>\n<li><strong>Sinais<\/strong>: no est\u00e1gio inicial, h\u00e1 uma leve claudica\u00e7\u00e3o e desconforto. \u00c0 medida que a doen\u00e7a progride, ocorre a forma\u00e7\u00e3o de abscessos vis\u00edveis, aumento da dor e claudica\u00e7\u00e3o severa. Em casos avan\u00e7ados, pode haver infec\u00e7\u00e3o nas articula\u00e7\u00f5es, levando a problemas de mobilidade ainda mais graves.<\/li>\n<\/ul>\n<p>A doen\u00e7a da linha branca <strong>pode resultar em infec\u00e7\u00f5es dolorosas e comprometimento significativo da locomo\u00e7\u00e3o<\/strong> se n\u00e3o tratada de maneira adequada.<\/p>\n<p><img loading=\"lazy\" decoding=\"async\" class=\"aligncenter wp-image-31607 size-full\" src=\"https:\/\/rehagro.com.br\/blog\/wp-content\/uploads\/2024\/05\/cascos-de-bovinos-3.jpg\" alt=\"Casco de bovino com doen\u00e7a da linha branca\" width=\"1000\" height=\"525\" srcset=\"https:\/\/rehagro.com.br\/blog\/wp-content\/uploads\/2024\/05\/cascos-de-bovinos-3.jpg 1000w, https:\/\/rehagro.com.br\/blog\/wp-content\/uploads\/2024\/05\/cascos-de-bovinos-3-300x158.jpg 300w, https:\/\/rehagro.com.br\/blog\/wp-content\/uploads\/2024\/05\/cascos-de-bovinos-3-768x403.jpg 768w, https:\/\/rehagro.com.br\/blog\/wp-content\/uploads\/2024\/05\/cascos-de-bovinos-3-370x194.jpg 370w, https:\/\/rehagro.com.br\/blog\/wp-content\/uploads\/2024\/05\/cascos-de-bovinos-3-270x142.jpg 270w, https:\/\/rehagro.com.br\/blog\/wp-content\/uploads\/2024\/05\/cascos-de-bovinos-3-570x300.jpg 570w, https:\/\/rehagro.com.br\/blog\/wp-content\/uploads\/2024\/05\/cascos-de-bovinos-3-740x389.jpg 740w, https:\/\/rehagro.com.br\/blog\/wp-content\/uploads\/2024\/05\/cascos-de-bovinos-3-150x79.jpg 150w\" sizes=\"auto, (max-width: 1000px) 100vw, 1000px\" \/><\/p>\n<p style=\"text-align: center;\"><span style=\"font-size: 13px;\">Fonte: Revista Agropecu\u00e1ria<\/span><\/p>\n<h3>Podrid\u00e3o de casco<\/h3>\n<p>\u00c9 uma infec\u00e7\u00e3o necr\u00f3tica que afeta a pele interdigital, podendo ser subaguda ou aguda. Essa doen\u00e7a requer cuidados especiais, pois serve como porta de entrada para outras enfermidades e infec\u00e7\u00f5es.<\/p>\n<ul>\n<li><strong>Causas<\/strong>: incluem condi\u00e7\u00f5es de higiene inadequadas, ambientes \u00famidos, traumas nos cascos e a presen\u00e7a de bact\u00e9rias espec\u00edficas como <em>Fusobacterium necrophorum<\/em> e <em>Dichelobacter nodosus<\/em>.<\/li>\n<li><strong>Sinais<\/strong>: no est\u00e1gio subagudo, observa-se inflama\u00e7\u00e3o leve, odor desagrad\u00e1vel e pequenas les\u00f5es. No est\u00e1gio agudo, os sinais incluem dor intensa, claudica\u00e7\u00e3o severa, necrose extensa da pele interdigital e secre\u00e7\u00e3o purulenta.<\/li>\n<\/ul>\n<p>A podrid\u00e3o de casco <strong>pode levar a complica\u00e7\u00f5es graves e comprometimento da sa\u00fade geral do animal<\/strong> se n\u00e3o tratada de forma adequada.<\/p>\n<p><img loading=\"lazy\" decoding=\"async\" class=\"aligncenter wp-image-31608 size-full\" src=\"https:\/\/rehagro.com.br\/blog\/wp-content\/uploads\/2024\/05\/cascos-de-bovinos-2.jpg\" alt=\"Casco de bovino com a doen\u00e7a de podrid\u00e3o do casco\" width=\"538\" height=\"384\" srcset=\"https:\/\/rehagro.com.br\/blog\/wp-content\/uploads\/2024\/05\/cascos-de-bovinos-2.jpg 538w, https:\/\/rehagro.com.br\/blog\/wp-content\/uploads\/2024\/05\/cascos-de-bovinos-2-300x214.jpg 300w, https:\/\/rehagro.com.br\/blog\/wp-content\/uploads\/2024\/05\/cascos-de-bovinos-2-370x264.jpg 370w, https:\/\/rehagro.com.br\/blog\/wp-content\/uploads\/2024\/05\/cascos-de-bovinos-2-270x193.jpg 270w, https:\/\/rehagro.com.br\/blog\/wp-content\/uploads\/2024\/05\/cascos-de-bovinos-2-150x107.jpg 150w\" sizes=\"auto, (max-width: 538px) 100vw, 538px\" \/><\/p>\n<p style=\"text-align: center;\"><span style=\"font-size: 13px;\">Fonte: Arquivo Rehagro<\/span><\/p>\n<h3>Dermatite digital<\/h3>\n<p>\u00c9 uma condi\u00e7\u00e3o comum em rebanhos bovinos. \u00c9 causada pela contamina\u00e7\u00e3o por bact\u00e9rias do g\u00eanero Treponema, presentes no intestino dos animais e eliminadas com as fezes.<\/p>\n<ul>\n<li><strong>Causas<\/strong>: a bact\u00e9ria Treponema apenas se instala se houver uma porta de entrada, como feridas de origem mec\u00e2nica no animal.<\/li>\n<li><strong>Sinais<\/strong>: os sintomas incluem inflama\u00e7\u00e3o e ulcera\u00e7\u00e3o na regi\u00e3o afetada, dor intensa, claudica\u00e7\u00e3o e poss\u00edvel redu\u00e7\u00e3o no ganho de peso devido ao desconforto.<\/li>\n<\/ul>\n<p>Dermatite digital requer aten\u00e7\u00e3o e tratamento adequados para prevenir complica\u00e7\u00f5es e garantir o bem-estar do animal.<\/p>\n<p><img loading=\"lazy\" decoding=\"async\" class=\"aligncenter wp-image-31609 size-full\" src=\"https:\/\/rehagro.com.br\/blog\/wp-content\/uploads\/2024\/05\/cascos-de-bovinos-4.jpg\" alt=\"Casco bovino com dermatite digital\" width=\"820\" height=\"462\" srcset=\"https:\/\/rehagro.com.br\/blog\/wp-content\/uploads\/2024\/05\/cascos-de-bovinos-4.jpg 820w, https:\/\/rehagro.com.br\/blog\/wp-content\/uploads\/2024\/05\/cascos-de-bovinos-4-300x169.jpg 300w, https:\/\/rehagro.com.br\/blog\/wp-content\/uploads\/2024\/05\/cascos-de-bovinos-4-768x433.jpg 768w, https:\/\/rehagro.com.br\/blog\/wp-content\/uploads\/2024\/05\/cascos-de-bovinos-4-370x208.jpg 370w, https:\/\/rehagro.com.br\/blog\/wp-content\/uploads\/2024\/05\/cascos-de-bovinos-4-270x152.jpg 270w, https:\/\/rehagro.com.br\/blog\/wp-content\/uploads\/2024\/05\/cascos-de-bovinos-4-740x417.jpg 740w, https:\/\/rehagro.com.br\/blog\/wp-content\/uploads\/2024\/05\/cascos-de-bovinos-4-150x85.jpg 150w\" sizes=\"auto, (max-width: 820px) 100vw, 820px\" \/><\/p>\n<p style=\"text-align: center;\"><span style=\"font-size: 13px;\">Fonte: MilkPoint<\/span><\/p>\n<h2>Preven\u00e7\u00e3o dos problemas de casco<\/h2>\n<p>Na realidade de um confinamento de gado de corte, algumas medidas espec\u00edficas devem ser adotadas para prevenir problemas de cascos, especialmente durante a \u00e9poca de chuvas.<\/p>\n<p>Entre essas medidas, destacam-se a <strong>limpeza regular das baias de confinamento<\/strong> para evitar o ac\u00famulo de lama e umidade, a <strong>redu\u00e7\u00e3o da lota\u00e7\u00e3o de animais<\/strong> durante per\u00edodos chuvosos para minimizar o estresse e a contamina\u00e7\u00e3o do ambiente, e o <strong>uso de pedil\u00favio com solu\u00e7\u00e3o desinfetante<\/strong> para ajudar a prevenir infec\u00e7\u00f5es nos cascos.<\/p>\n<p>Al\u00e9m disso, \u00e9 essencial realizar rondas sanit\u00e1rias frequentes para observar os animais de perto, identificar precocemente quaisquer sinais de problemas nos cascos ou outras doen\u00e7as, e agir rapidamente em caso de necessidade.<\/p>\n<p>Outras medidas preventivas importantes incluem\u00a0 fornecer uma <strong><a href=\"https:\/\/rehagro.com.br\/blog\/5-dicas-basicas-da-alimentacao-e-manejo-nutricional-de-gado-de-corte\/\" target=\"_blank\" rel=\"noopener\">dieta balanceada<\/a><\/strong> que promova a sa\u00fade geral do rebanho. Investir em boas pr\u00e1ticas de manejo, como o manejo correto da alimenta\u00e7\u00e3o e o controle adequado da umidade e da higiene das instala\u00e7\u00f5es, tamb\u00e9m \u00e9 fundamental para prevenir problemas de cascos e garantir a produtividade dos animais no confinamento.<\/p>\n<h2>Considera\u00e7\u00f5es finais<\/h2>\n<p>A sa\u00fade dos cascos dos animais confinados \u00e9 uma quest\u00e3o de <strong>extrema import\u00e2ncia que demanda aten\u00e7\u00e3o e cuidados espec\u00edficos<\/strong>, especialmente em ambientes onde a intensifica\u00e7\u00e3o da produ\u00e7\u00e3o e as condi\u00e7\u00f5es clim\u00e1ticas desafiadoras podem agravar os problemas relacionados aos cascos.<\/p>\n<p>Medidas preventivas, como a limpeza regular das baias, a redu\u00e7\u00e3o da lota\u00e7\u00e3o durante \u00e9pocas chuvosas, o uso de pedil\u00favio, al\u00e9m da observa\u00e7\u00e3o constante dos animais durante rondas sanit\u00e1rias, s\u00e3o essenciais para evitar complica\u00e7\u00f5es e garantir o bem-estar do rebanho. Al\u00e9m disso, a oferta de uma dieta balanceada s\u00e3o pr\u00e1ticas fundamentais para promover a sa\u00fade e a produtividade dos animais.<\/p>\n<p>Ao adotar essas medidas, os produtores podem n\u00e3o apenas prevenir problemas de cascos, mas tamb\u00e9m contribuir para a sustentabilidade e rentabilidade a longo prazo do sistema de produ\u00e7\u00e3o de gado de corte em confinamento.<\/p>\n<h2>Chegou a hora de profissionalizar sua pecu\u00e1ria de corte<\/h2>\n<p>A competitividade no setor \u00e9 cada vez maior, e s\u00f3 os pecuaristas que investem em gest\u00e3o conseguem se manter lucrativos a longo prazo.<\/p>\n<p>No\u00a0<strong><a href=\"https:\/\/rehagro.com.br\/cursos\/capacitacao-em-gestao-na-pecuaria-de-corte?utm_campaign=mkt-materiais-gpc&amp;utm_source=textos&amp;utm_medium=blog\" target=\"_blank\" rel=\"noopener\">Curso Gest\u00e3o na Pecu\u00e1ria de Corte<\/a><\/strong>, voc\u00ea ter\u00e1 acesso a conte\u00fados pr\u00e1ticos, aplic\u00e1veis \u00e0 realidade da fazenda, que v\u00e3o elevar sua produ\u00e7\u00e3o e seus resultados financeiros. Com aulas 100% online, conte\u00fado pr\u00e1tico e professores com experi\u00eancia real no campo, o curso prepara voc\u00ea para tomar decis\u00f5es mais assertivas e rent\u00e1veis.<\/p>\n<p><a href=\"https:\/\/rehagro.com.br\/cursos\/capacitacao-em-gestao-na-pecuaria-de-corte?utm_campaign=mkt-materiais-gpc&amp;utm_source=textos&amp;utm_medium=blog\" target=\"_blank\" rel=\"noopener\"><img loading=\"lazy\" decoding=\"async\" class=\"aligncenter wp-image-18732 size-full\" title=\"Clique e saiba mais sobre o curso!\" src=\"https:\/\/rehagro.com.br\/blog\/wp-content\/uploads\/2023\/03\/banner-gpc.jpg\" alt=\"Banner Curso Gest\u00e3o na Pecu\u00e1ria de Corte\" width=\"980\" height=\"317\" srcset=\"https:\/\/rehagro.com.br\/blog\/wp-content\/uploads\/2023\/03\/banner-gpc.jpg 980w, https:\/\/rehagro.com.br\/blog\/wp-content\/uploads\/2023\/03\/banner-gpc-300x97.jpg 300w, https:\/\/rehagro.com.br\/blog\/wp-content\/uploads\/2023\/03\/banner-gpc-768x248.jpg 768w, https:\/\/rehagro.com.br\/blog\/wp-content\/uploads\/2023\/03\/banner-gpc-370x120.jpg 370w, https:\/\/rehagro.com.br\/blog\/wp-content\/uploads\/2023\/03\/banner-gpc-270x87.jpg 270w, https:\/\/rehagro.com.br\/blog\/wp-content\/uploads\/2023\/03\/banner-gpc-740x239.jpg 740w, https:\/\/rehagro.com.br\/blog\/wp-content\/uploads\/2023\/03\/banner-gpc-150x49.jpg 150w\" sizes=\"auto, (max-width: 980px) 100vw, 980px\" \/><\/a><\/p>\n<p><img loading=\"lazy\" decoding=\"async\" class=\"aligncenter size-full wp-image-31712\" src=\"https:\/\/rehagro.com.br\/blog\/wp-content\/uploads\/2024\/05\/luany-martini.jpg\" alt=\"Luany Martini\" width=\"300\" height=\"117\" srcset=\"https:\/\/rehagro.com.br\/blog\/wp-content\/uploads\/2024\/05\/luany-martini.jpg 300w, https:\/\/rehagro.com.br\/blog\/wp-content\/uploads\/2024\/05\/luany-martini-270x105.jpg 270w, https:\/\/rehagro.com.br\/blog\/wp-content\/uploads\/2024\/05\/luany-martini-150x59.jpg 150w\" sizes=\"auto, (max-width: 300px) 100vw, 300px\" \/><\/p>\n","protected":false},"excerpt":{"rendered":"<p>O crescimento significativo da produ\u00e7\u00e3o de bovinos em sistemas de confinamento no Brasil reflete n\u00e3o apenas a busca por efici\u00eancia e alto desempenho, mas tamb\u00e9m a otimiza\u00e7\u00e3o dos custos e a obten\u00e7\u00e3o de melhores resultados na comercializa\u00e7\u00e3o. No entanto, esse aumento na intensifica\u00e7\u00e3o da produ\u00e7\u00e3o n\u00e3o vem sem desafios, e um dos principais problemas enfrentados [&hellip;]<\/p>\n","protected":false},"author":21,"featured_media":10878,"comment_status":"open","ping_status":"open","sticky":false,"template":"","format":"standard","meta":{"footnotes":""},"categories":[212],"tags":[504,320,716,474],"class_list":["post-31602","post","type-post","status-publish","format-standard","has-post-thumbnail","hentry","category-corte","tag-casco","tag-confinamento","tag-gado-de-corte","tag-pecuaria-de-corte"],"yoast_head":"<!-- This site is optimized with the Yoast SEO plugin v27.4 - https:\/\/yoast.com\/product\/yoast-seo-wordpress\/ -->\n<title>Sa\u00fade dos cascos de bovinos em confinamentos: como evitar problemas?<\/title>\n<meta name=\"description\" content=\"Um dos problemas enfrentados no confinamento \u00e9 relacionado \u00e0 sa\u00fade dos cascos dos animais. Saiba como garantir a sa\u00fade do seu gado.\" \/>\n<meta name=\"robots\" content=\"index, follow, max-snippet:-1, max-image-preview:large, max-video-preview:-1\" \/>\n<link rel=\"canonical\" href=\"https:\/\/rehagro.com.br\/blog\/saude-dos-cascos-de-bovinos-confinados-como-evitar-problemas\/\" \/>\n<meta property=\"og:locale\" content=\"pt_BR\" \/>\n<meta property=\"og:type\" content=\"article\" \/>\n<meta property=\"og:title\" content=\"Sa\u00fade dos cascos de bovinos em confinamentos: como evitar problemas?\" \/>\n<meta property=\"og:description\" content=\"Um dos problemas enfrentados no confinamento \u00e9 relacionado \u00e0 sa\u00fade dos cascos dos animais. Saiba como garantir a sa\u00fade do seu gado.\" \/>\n<meta property=\"og:url\" content=\"https:\/\/rehagro.com.br\/blog\/saude-dos-cascos-de-bovinos-confinados-como-evitar-problemas\/\" \/>\n<meta property=\"og:site_name\" content=\"Rehagro Blog\" \/>\n<meta property=\"article:published_time\" content=\"2024-05-20T15:09:01+00:00\" \/>\n<meta property=\"article:modified_time\" content=\"2026-04-07T19:44:14+00:00\" \/>\n<meta property=\"og:image\" content=\"https:\/\/rehagro.com.br\/blog\/wp-content\/uploads\/2020\/10\/confinamento-gado.jpeg\" \/>\n\t<meta property=\"og:image:width\" content=\"1280\" \/>\n\t<meta property=\"og:image:height\" content=\"500\" \/>\n\t<meta property=\"og:image:type\" content=\"image\/jpeg\" \/>\n<meta name=\"author\" content=\"Jo\u00e3o Pedro Azevedo\" \/>\n<meta name=\"twitter:card\" content=\"summary_large_image\" \/>\n<meta name=\"twitter:label1\" content=\"Escrito por\" \/>\n\t<meta name=\"twitter:data1\" content=\"Jo\u00e3o Pedro Azevedo\" \/>\n\t<meta name=\"twitter:label2\" content=\"Est. tempo de leitura\" \/>\n\t<meta name=\"twitter:data2\" content=\"8 minutos\" \/>\n<script type=\"application\/ld+json\" class=\"yoast-schema-graph\">{\"@context\":\"https:\\\/\\\/schema.org\",\"@graph\":[{\"@type\":\"Article\",\"@id\":\"https:\\\/\\\/rehagro.com.br\\\/blog\\\/saude-dos-cascos-de-bovinos-confinados-como-evitar-problemas\\\/#article\",\"isPartOf\":{\"@id\":\"https:\\\/\\\/rehagro.com.br\\\/blog\\\/saude-dos-cascos-de-bovinos-confinados-como-evitar-problemas\\\/\"},\"author\":{\"name\":\"Jo\u00e3o Pedro Azevedo\",\"@id\":\"https:\\\/\\\/rehagro.com.br\\\/blog\\\/#\\\/schema\\\/person\\\/f2d1ae51b04939615ceebb3c0bfd8a94\"},\"headline\":\"Sa\u00fade dos cascos de bovinos confinados: como evitar problemas\",\"datePublished\":\"2024-05-20T15:09:01+00:00\",\"dateModified\":\"2026-04-07T19:44:14+00:00\",\"mainEntityOfPage\":{\"@id\":\"https:\\\/\\\/rehagro.com.br\\\/blog\\\/saude-dos-cascos-de-bovinos-confinados-como-evitar-problemas\\\/\"},\"wordCount\":1305,\"commentCount\":0,\"publisher\":{\"@id\":\"https:\\\/\\\/rehagro.com.br\\\/blog\\\/#organization\"},\"image\":{\"@id\":\"https:\\\/\\\/rehagro.com.br\\\/blog\\\/saude-dos-cascos-de-bovinos-confinados-como-evitar-problemas\\\/#primaryimage\"},\"thumbnailUrl\":\"https:\\\/\\\/rehagro.com.br\\\/blog\\\/wp-content\\\/uploads\\\/2020\\\/10\\\/confinamento-gado.jpeg\",\"keywords\":[\"casco\",\"confinamento\",\"gado de corte\",\"pecu\u00e1ria de corte\"],\"articleSection\":[\"CORTE\"],\"inLanguage\":\"pt-BR\",\"potentialAction\":[{\"@type\":\"CommentAction\",\"name\":\"Comment\",\"target\":[\"https:\\\/\\\/rehagro.com.br\\\/blog\\\/saude-dos-cascos-de-bovinos-confinados-como-evitar-problemas\\\/#respond\"]}]},{\"@type\":\"WebPage\",\"@id\":\"https:\\\/\\\/rehagro.com.br\\\/blog\\\/saude-dos-cascos-de-bovinos-confinados-como-evitar-problemas\\\/\",\"url\":\"https:\\\/\\\/rehagro.com.br\\\/blog\\\/saude-dos-cascos-de-bovinos-confinados-como-evitar-problemas\\\/\",\"name\":\"Sa\u00fade dos cascos de bovinos em confinamentos: como evitar problemas?\",\"isPartOf\":{\"@id\":\"https:\\\/\\\/rehagro.com.br\\\/blog\\\/#website\"},\"primaryImageOfPage\":{\"@id\":\"https:\\\/\\\/rehagro.com.br\\\/blog\\\/saude-dos-cascos-de-bovinos-confinados-como-evitar-problemas\\\/#primaryimage\"},\"image\":{\"@id\":\"https:\\\/\\\/rehagro.com.br\\\/blog\\\/saude-dos-cascos-de-bovinos-confinados-como-evitar-problemas\\\/#primaryimage\"},\"thumbnailUrl\":\"https:\\\/\\\/rehagro.com.br\\\/blog\\\/wp-content\\\/uploads\\\/2020\\\/10\\\/confinamento-gado.jpeg\",\"datePublished\":\"2024-05-20T15:09:01+00:00\",\"dateModified\":\"2026-04-07T19:44:14+00:00\",\"description\":\"Um dos problemas enfrentados no confinamento \u00e9 relacionado \u00e0 sa\u00fade dos cascos dos animais. Saiba como garantir a sa\u00fade do seu gado.\",\"breadcrumb\":{\"@id\":\"https:\\\/\\\/rehagro.com.br\\\/blog\\\/saude-dos-cascos-de-bovinos-confinados-como-evitar-problemas\\\/#breadcrumb\"},\"inLanguage\":\"pt-BR\",\"potentialAction\":[{\"@type\":\"ReadAction\",\"target\":[\"https:\\\/\\\/rehagro.com.br\\\/blog\\\/saude-dos-cascos-de-bovinos-confinados-como-evitar-problemas\\\/\"]}]},{\"@type\":\"ImageObject\",\"inLanguage\":\"pt-BR\",\"@id\":\"https:\\\/\\\/rehagro.com.br\\\/blog\\\/saude-dos-cascos-de-bovinos-confinados-como-evitar-problemas\\\/#primaryimage\",\"url\":\"https:\\\/\\\/rehagro.com.br\\\/blog\\\/wp-content\\\/uploads\\\/2020\\\/10\\\/confinamento-gado.jpeg\",\"contentUrl\":\"https:\\\/\\\/rehagro.com.br\\\/blog\\\/wp-content\\\/uploads\\\/2020\\\/10\\\/confinamento-gado.jpeg\",\"width\":1280,\"height\":500,\"caption\":\"Bovinos de corte no regime de confinamento\"},{\"@type\":\"BreadcrumbList\",\"@id\":\"https:\\\/\\\/rehagro.com.br\\\/blog\\\/saude-dos-cascos-de-bovinos-confinados-como-evitar-problemas\\\/#breadcrumb\",\"itemListElement\":[{\"@type\":\"ListItem\",\"position\":1,\"name\":\"In\u00edcio\",\"item\":\"https:\\\/\\\/rehagro.com.br\\\/blog\\\/\"},{\"@type\":\"ListItem\",\"position\":2,\"name\":\"Sa\u00fade dos cascos de bovinos confinados: como evitar problemas\"}]},{\"@type\":\"WebSite\",\"@id\":\"https:\\\/\\\/rehagro.com.br\\\/blog\\\/#website\",\"url\":\"https:\\\/\\\/rehagro.com.br\\\/blog\\\/\",\"name\":\"Rehagro Blog\",\"description\":\"\",\"publisher\":{\"@id\":\"https:\\\/\\\/rehagro.com.br\\\/blog\\\/#organization\"},\"potentialAction\":[{\"@type\":\"SearchAction\",\"target\":{\"@type\":\"EntryPoint\",\"urlTemplate\":\"https:\\\/\\\/rehagro.com.br\\\/blog\\\/?s={search_term_string}\"},\"query-input\":{\"@type\":\"PropertyValueSpecification\",\"valueRequired\":true,\"valueName\":\"search_term_string\"}}],\"inLanguage\":\"pt-BR\"},{\"@type\":\"Organization\",\"@id\":\"https:\\\/\\\/rehagro.com.br\\\/blog\\\/#organization\",\"name\":\"Rehagro\",\"url\":\"https:\\\/\\\/rehagro.com.br\\\/blog\\\/\",\"logo\":{\"@type\":\"ImageObject\",\"inLanguage\":\"pt-BR\",\"@id\":\"https:\\\/\\\/rehagro.com.br\\\/blog\\\/#\\\/schema\\\/logo\\\/image\\\/\",\"url\":\"https:\\\/\\\/rehagro.com.br\\\/blog\\\/wp-content\\\/uploads\\\/2018\\\/05\\\/logo-rehagro.png\",\"contentUrl\":\"https:\\\/\\\/rehagro.com.br\\\/blog\\\/wp-content\\\/uploads\\\/2018\\\/05\\\/logo-rehagro.png\",\"width\":400,\"height\":115,\"caption\":\"Rehagro\"},\"image\":{\"@id\":\"https:\\\/\\\/rehagro.com.br\\\/blog\\\/#\\\/schema\\\/logo\\\/image\\\/\"}},{\"@type\":\"Person\",\"@id\":\"https:\\\/\\\/rehagro.com.br\\\/blog\\\/#\\\/schema\\\/person\\\/f2d1ae51b04939615ceebb3c0bfd8a94\",\"name\":\"Jo\u00e3o Pedro Azevedo\",\"image\":{\"@type\":\"ImageObject\",\"inLanguage\":\"pt-BR\",\"@id\":\"https:\\\/\\\/secure.gravatar.com\\\/avatar\\\/34aacffb2f10625483f480470f3274778dd1c183ba4f66444bb60ae92149bf8a?s=96&d=mm&r=g\",\"url\":\"https:\\\/\\\/secure.gravatar.com\\\/avatar\\\/34aacffb2f10625483f480470f3274778dd1c183ba4f66444bb60ae92149bf8a?s=96&d=mm&r=g\",\"contentUrl\":\"https:\\\/\\\/secure.gravatar.com\\\/avatar\\\/34aacffb2f10625483f480470f3274778dd1c183ba4f66444bb60ae92149bf8a?s=96&d=mm&r=g\",\"caption\":\"Jo\u00e3o Pedro Azevedo\"},\"url\":\"https:\\\/\\\/rehagro.com.br\\\/blog\\\/author\\\/joao-pedro\\\/\"}]}<\/script>\n<!-- \/ Yoast SEO plugin. -->","yoast_head_json":{"title":"Sa\u00fade dos cascos de bovinos em confinamentos: como evitar problemas?","description":"Um dos problemas enfrentados no confinamento \u00e9 relacionado \u00e0 sa\u00fade dos cascos dos animais. Saiba como garantir a sa\u00fade do seu gado.","robots":{"index":"index","follow":"follow","max-snippet":"max-snippet:-1","max-image-preview":"max-image-preview:large","max-video-preview":"max-video-preview:-1"},"canonical":"https:\/\/rehagro.com.br\/blog\/saude-dos-cascos-de-bovinos-confinados-como-evitar-problemas\/","og_locale":"pt_BR","og_type":"article","og_title":"Sa\u00fade dos cascos de bovinos em confinamentos: como evitar problemas?","og_description":"Um dos problemas enfrentados no confinamento \u00e9 relacionado \u00e0 sa\u00fade dos cascos dos animais. Saiba como garantir a sa\u00fade do seu gado.","og_url":"https:\/\/rehagro.com.br\/blog\/saude-dos-cascos-de-bovinos-confinados-como-evitar-problemas\/","og_site_name":"Rehagro Blog","article_published_time":"2024-05-20T15:09:01+00:00","article_modified_time":"2026-04-07T19:44:14+00:00","og_image":[{"width":1280,"height":500,"url":"https:\/\/rehagro.com.br\/blog\/wp-content\/uploads\/2020\/10\/confinamento-gado.jpeg","type":"image\/jpeg"}],"author":"Jo\u00e3o Pedro Azevedo","twitter_card":"summary_large_image","twitter_misc":{"Escrito por":"Jo\u00e3o Pedro Azevedo","Est. tempo de leitura":"8 minutos"},"schema":{"@context":"https:\/\/schema.org","@graph":[{"@type":"Article","@id":"https:\/\/rehagro.com.br\/blog\/saude-dos-cascos-de-bovinos-confinados-como-evitar-problemas\/#article","isPartOf":{"@id":"https:\/\/rehagro.com.br\/blog\/saude-dos-cascos-de-bovinos-confinados-como-evitar-problemas\/"},"author":{"name":"Jo\u00e3o Pedro Azevedo","@id":"https:\/\/rehagro.com.br\/blog\/#\/schema\/person\/f2d1ae51b04939615ceebb3c0bfd8a94"},"headline":"Sa\u00fade dos cascos de bovinos confinados: como evitar problemas","datePublished":"2024-05-20T15:09:01+00:00","dateModified":"2026-04-07T19:44:14+00:00","mainEntityOfPage":{"@id":"https:\/\/rehagro.com.br\/blog\/saude-dos-cascos-de-bovinos-confinados-como-evitar-problemas\/"},"wordCount":1305,"commentCount":0,"publisher":{"@id":"https:\/\/rehagro.com.br\/blog\/#organization"},"image":{"@id":"https:\/\/rehagro.com.br\/blog\/saude-dos-cascos-de-bovinos-confinados-como-evitar-problemas\/#primaryimage"},"thumbnailUrl":"https:\/\/rehagro.com.br\/blog\/wp-content\/uploads\/2020\/10\/confinamento-gado.jpeg","keywords":["casco","confinamento","gado de corte","pecu\u00e1ria de corte"],"articleSection":["CORTE"],"inLanguage":"pt-BR","potentialAction":[{"@type":"CommentAction","name":"Comment","target":["https:\/\/rehagro.com.br\/blog\/saude-dos-cascos-de-bovinos-confinados-como-evitar-problemas\/#respond"]}]},{"@type":"WebPage","@id":"https:\/\/rehagro.com.br\/blog\/saude-dos-cascos-de-bovinos-confinados-como-evitar-problemas\/","url":"https:\/\/rehagro.com.br\/blog\/saude-dos-cascos-de-bovinos-confinados-como-evitar-problemas\/","name":"Sa\u00fade dos cascos de bovinos em confinamentos: como evitar problemas?","isPartOf":{"@id":"https:\/\/rehagro.com.br\/blog\/#website"},"primaryImageOfPage":{"@id":"https:\/\/rehagro.com.br\/blog\/saude-dos-cascos-de-bovinos-confinados-como-evitar-problemas\/#primaryimage"},"image":{"@id":"https:\/\/rehagro.com.br\/blog\/saude-dos-cascos-de-bovinos-confinados-como-evitar-problemas\/#primaryimage"},"thumbnailUrl":"https:\/\/rehagro.com.br\/blog\/wp-content\/uploads\/2020\/10\/confinamento-gado.jpeg","datePublished":"2024-05-20T15:09:01+00:00","dateModified":"2026-04-07T19:44:14+00:00","description":"Um dos problemas enfrentados no confinamento \u00e9 relacionado \u00e0 sa\u00fade dos cascos dos animais. Saiba como garantir a sa\u00fade do seu gado.","breadcrumb":{"@id":"https:\/\/rehagro.com.br\/blog\/saude-dos-cascos-de-bovinos-confinados-como-evitar-problemas\/#breadcrumb"},"inLanguage":"pt-BR","potentialAction":[{"@type":"ReadAction","target":["https:\/\/rehagro.com.br\/blog\/saude-dos-cascos-de-bovinos-confinados-como-evitar-problemas\/"]}]},{"@type":"ImageObject","inLanguage":"pt-BR","@id":"https:\/\/rehagro.com.br\/blog\/saude-dos-cascos-de-bovinos-confinados-como-evitar-problemas\/#primaryimage","url":"https:\/\/rehagro.com.br\/blog\/wp-content\/uploads\/2020\/10\/confinamento-gado.jpeg","contentUrl":"https:\/\/rehagro.com.br\/blog\/wp-content\/uploads\/2020\/10\/confinamento-gado.jpeg","width":1280,"height":500,"caption":"Bovinos de corte no regime de confinamento"},{"@type":"BreadcrumbList","@id":"https:\/\/rehagro.com.br\/blog\/saude-dos-cascos-de-bovinos-confinados-como-evitar-problemas\/#breadcrumb","itemListElement":[{"@type":"ListItem","position":1,"name":"In\u00edcio","item":"https:\/\/rehagro.com.br\/blog\/"},{"@type":"ListItem","position":2,"name":"Sa\u00fade dos cascos de bovinos confinados: como evitar problemas"}]},{"@type":"WebSite","@id":"https:\/\/rehagro.com.br\/blog\/#website","url":"https:\/\/rehagro.com.br\/blog\/","name":"Rehagro Blog","description":"","publisher":{"@id":"https:\/\/rehagro.com.br\/blog\/#organization"},"potentialAction":[{"@type":"SearchAction","target":{"@type":"EntryPoint","urlTemplate":"https:\/\/rehagro.com.br\/blog\/?s={search_term_string}"},"query-input":{"@type":"PropertyValueSpecification","valueRequired":true,"valueName":"search_term_string"}}],"inLanguage":"pt-BR"},{"@type":"Organization","@id":"https:\/\/rehagro.com.br\/blog\/#organization","name":"Rehagro","url":"https:\/\/rehagro.com.br\/blog\/","logo":{"@type":"ImageObject","inLanguage":"pt-BR","@id":"https:\/\/rehagro.com.br\/blog\/#\/schema\/logo\/image\/","url":"https:\/\/rehagro.com.br\/blog\/wp-content\/uploads\/2018\/05\/logo-rehagro.png","contentUrl":"https:\/\/rehagro.com.br\/blog\/wp-content\/uploads\/2018\/05\/logo-rehagro.png","width":400,"height":115,"caption":"Rehagro"},"image":{"@id":"https:\/\/rehagro.com.br\/blog\/#\/schema\/logo\/image\/"}},{"@type":"Person","@id":"https:\/\/rehagro.com.br\/blog\/#\/schema\/person\/f2d1ae51b04939615ceebb3c0bfd8a94","name":"Jo\u00e3o Pedro Azevedo","image":{"@type":"ImageObject","inLanguage":"pt-BR","@id":"https:\/\/secure.gravatar.com\/avatar\/34aacffb2f10625483f480470f3274778dd1c183ba4f66444bb60ae92149bf8a?s=96&d=mm&r=g","url":"https:\/\/secure.gravatar.com\/avatar\/34aacffb2f10625483f480470f3274778dd1c183ba4f66444bb60ae92149bf8a?s=96&d=mm&r=g","contentUrl":"https:\/\/secure.gravatar.com\/avatar\/34aacffb2f10625483f480470f3274778dd1c183ba4f66444bb60ae92149bf8a?s=96&d=mm&r=g","caption":"Jo\u00e3o Pedro Azevedo"},"url":"https:\/\/rehagro.com.br\/blog\/author\/joao-pedro\/"}]}},"_links":{"self":[{"href":"https:\/\/rehagro.com.br\/blog\/wp-json\/wp\/v2\/posts\/31602","targetHints":{"allow":["GET"]}}],"collection":[{"href":"https:\/\/rehagro.com.br\/blog\/wp-json\/wp\/v2\/posts"}],"about":[{"href":"https:\/\/rehagro.com.br\/blog\/wp-json\/wp\/v2\/types\/post"}],"author":[{"embeddable":true,"href":"https:\/\/rehagro.com.br\/blog\/wp-json\/wp\/v2\/users\/21"}],"replies":[{"embeddable":true,"href":"https:\/\/rehagro.com.br\/blog\/wp-json\/wp\/v2\/comments?post=31602"}],"version-history":[{"count":25,"href":"https:\/\/rehagro.com.br\/blog\/wp-json\/wp\/v2\/posts\/31602\/revisions"}],"predecessor-version":[{"id":42083,"href":"https:\/\/rehagro.com.br\/blog\/wp-json\/wp\/v2\/posts\/31602\/revisions\/42083"}],"wp:featuredmedia":[{"embeddable":true,"href":"https:\/\/rehagro.com.br\/blog\/wp-json\/wp\/v2\/media\/10878"}],"wp:attachment":[{"href":"https:\/\/rehagro.com.br\/blog\/wp-json\/wp\/v2\/media?parent=31602"}],"wp:term":[{"taxonomy":"category","embeddable":true,"href":"https:\/\/rehagro.com.br\/blog\/wp-json\/wp\/v2\/categories?post=31602"},{"taxonomy":"post_tag","embeddable":true,"href":"https:\/\/rehagro.com.br\/blog\/wp-json\/wp\/v2\/tags?post=31602"}],"curies":[{"name":"wp","href":"https:\/\/api.w.org\/{rel}","templated":true}]}}