{"id":27084,"date":"2024-01-23T08:00:53","date_gmt":"2024-01-23T11:00:53","guid":{"rendered":"https:\/\/rehagro.com.br\/blog\/?p=27084"},"modified":"2026-04-07T16:41:52","modified_gmt":"2026-04-07T19:41:52","slug":"racas-de-gado-de-corte","status":"publish","type":"post","link":"https:\/\/rehagro.com.br\/blog\/racas-de-gado-de-corte\/","title":{"rendered":"Ra\u00e7as de gado de corte no Brasil: conhe\u00e7a as principais"},"content":{"rendered":"<p><span style=\"font-weight: 400;\">Em um pa\u00eds cuja agropecu\u00e1ria desempenha um papel fundamental na economia, a diversidade de ra\u00e7as de gado reflete n\u00e3o apenas a riqueza gen\u00e9tica, mas tamb\u00e9m na capacidade de adapta\u00e7\u00e3o ao clima tropical.<\/span><\/p>\n<p><span style=\"font-weight: 400;\">Entre as ra\u00e7as que ocupam o territ\u00f3rio brasileiro, o Nelore \u00e9 considerado a ra\u00e7a mais proeminente. De acordo com a revista EXAME a <strong>ra\u00e7a reconhecida pela pelagem branca representa mais de 80% do rebanho nacional.<\/strong> Sua resist\u00eancia ao calor tropical e sua adaptabilidade faz com que a sua presen\u00e7a seja not\u00e1vel nos pastos brasileiros. <\/span><\/p>\n<p><span style=\"font-weight: 400;\">No entanto, ao explorar esse cen\u00e1rio bovino, nos deparamos com uma gama extensa de ra\u00e7as, cada uma com suas caracter\u00edsticas distintas e contribui\u00e7\u00f5es \u00fanicas para a produ\u00e7\u00e3o de carne de qualidade.<\/span><\/p>\n<p><span style=\"font-weight: 400;\">Explorando desde a eleg\u00e2ncia brit\u00e2nica do Angus at\u00e9 a impressionante robustez adaptativa do Brahman, o Brasil se destaca como um not\u00e1vel produtor de mais de cinco ra\u00e7as de bovinos de corte. <\/span><\/p>\n<p><span style=\"font-weight: 400;\">Essa diversidade gen\u00e9tica n\u00e3o apenas confere ao pa\u00eds uma posi\u00e7\u00e3o privilegiada na produ\u00e7\u00e3o de carne bovina, mas tamb\u00e9m impulsiona a conquista de n\u00fameros expressivos, de acordo com a Conab, <strong>o Brasil abateu cerca de 44 milh\u00f5es de cabe\u00e7as de gado no ano de 2025. <\/strong><\/span><\/p>\n<p><span style=\"font-weight: 400;\">Essa impressionante produ\u00e7\u00e3o coloca o Brasil consistentemente na lideran\u00e7a do ranking dos maiores produtores de carne do mundo.<\/span><\/p>\n<div style=\"background-color: #efefef; padding-left: 10px; padding-right: 5px; border-radius: 10px;\">\n<p>&nbsp;<\/p>\n<p style=\"text-align: center;\"><strong><span style=\"font-size: 14pt;\">Sem tempo para ler agora? Baixe este artigo em PDF!<\/span><\/strong><\/p>\n<p><script charset=\"utf-8\" type=\"text\/javascript\" src=\"\/\/js.hsforms.net\/forms\/embed\/v2.js\"><\/script><br \/>\n<script>\nhbspt.forms.create({\nregion: \"na1\",\nportalId: \"5430441\",\nformId: \"f83e655b-67de-4fbe-b12a-88b7e9461712\"\n});\n<\/script><\/p>\n<\/div>\n<h2>Principais ra\u00e7as de gado de corte no Brasil<\/h2>\n<h3>1. Nelore<\/h3>\n<p><span style=\"font-weight: 400;\">O Nelore, uma das ra\u00e7as bovinas mais produzidas do Brasil, desempenha um papel crucial na pecu\u00e1ria nacional. <\/span><\/p>\n<p><span style=\"font-weight: 400;\">Origin\u00e1ria da \u00cdndia, mais especificamente da regi\u00e3o de Ongole, essa ra\u00e7a foi trazida para o Brasil durante o per\u00edodo colonial pelos portugueses, contribuindo significativamente para a forma\u00e7\u00e3o do rebanho bovino brasileiro.<\/span><\/p>\n<p><img loading=\"lazy\" decoding=\"async\" class=\"aligncenter wp-image-27085 size-large\" src=\"https:\/\/rehagro.com.br\/blog\/wp-content\/uploads\/2024\/01\/raca-de-gado-nelore-473x1024.jpg\" alt=\"Gado da ra\u00e7a nelore\" width=\"473\" height=\"1024\" srcset=\"https:\/\/rehagro.com.br\/blog\/wp-content\/uploads\/2024\/01\/raca-de-gado-nelore-473x1024.jpg 473w, https:\/\/rehagro.com.br\/blog\/wp-content\/uploads\/2024\/01\/raca-de-gado-nelore-139x300.jpg 139w, https:\/\/rehagro.com.br\/blog\/wp-content\/uploads\/2024\/01\/raca-de-gado-nelore-709x1536.jpg 709w, https:\/\/rehagro.com.br\/blog\/wp-content\/uploads\/2024\/01\/raca-de-gado-nelore-370x801.jpg 370w, https:\/\/rehagro.com.br\/blog\/wp-content\/uploads\/2024\/01\/raca-de-gado-nelore-270x585.jpg 270w, https:\/\/rehagro.com.br\/blog\/wp-content\/uploads\/2024\/01\/raca-de-gado-nelore-150x325.jpg 150w, https:\/\/rehagro.com.br\/blog\/wp-content\/uploads\/2024\/01\/raca-de-gado-nelore.jpg 739w\" sizes=\"auto, (max-width: 473px) 100vw, 473px\" \/><\/p>\n<p style=\"text-align: center;\"><span style=\"font-size: 13px;\">Imagem: Fernanda Lazzarini Fernandes &#8211; Rehagro.<\/span><\/p>\n<p><span style=\"font-weight: 400;\"><strong>O Nelore, \u00e9 conhecido por sua adaptabilidade a climas tropicais e resist\u00eancia a condi\u00e7\u00f5es desfavor\u00e1veis<\/strong>, foi introduzido no Brasil no s\u00e9culo XVIII. Sua chegada trouxe consigo caracter\u00edsticas gen\u00e9ticas que se mostraram essenciais para enfrentar as adversidades clim\u00e1ticas e sanit\u00e1rias t\u00edpicas do territ\u00f3rio brasileiro.<\/span><\/p>\n<p><span style=\"font-weight: 400;\">Ao longo dos anos, o Nelore conquistou seu lugar de destaque na pecu\u00e1ria brasileira, tornando-se a ra\u00e7a mais numerosa do pa\u00eds. Sua import\u00e2ncia est\u00e1 intrinsecamente ligada \u00e0 sua capacidade de adapta\u00e7\u00e3o a ambientes tropicais, resist\u00eancia a parasitas e doen\u00e7as comuns na regi\u00e3o, al\u00e9m de sua <a href=\"https:\/\/rehagro.com.br\/blog\/habilidade-materna\/\" target=\"_blank\" rel=\"noopener\"><strong>habilidade materna<\/strong><\/a>. <\/span><\/p>\n<p><span style=\"font-weight: 400;\">Essas caracter\u00edsticas fazem do Nelore uma escolha popular entre os criadores brasileiros, especialmente em \u00e1reas de pastagem extensiva.<\/span><\/p>\n<p><img loading=\"lazy\" decoding=\"async\" class=\"aligncenter wp-image-27086 size-large\" src=\"https:\/\/rehagro.com.br\/blog\/wp-content\/uploads\/2024\/01\/raca-de-gado-nelore-2-768x1024.jpg\" alt=\"Gado da ra\u00e7a nelore\" width=\"768\" height=\"1024\" srcset=\"https:\/\/rehagro.com.br\/blog\/wp-content\/uploads\/2024\/01\/raca-de-gado-nelore-2-768x1024.jpg 768w, https:\/\/rehagro.com.br\/blog\/wp-content\/uploads\/2024\/01\/raca-de-gado-nelore-2-225x300.jpg 225w, https:\/\/rehagro.com.br\/blog\/wp-content\/uploads\/2024\/01\/raca-de-gado-nelore-2-370x493.jpg 370w, https:\/\/rehagro.com.br\/blog\/wp-content\/uploads\/2024\/01\/raca-de-gado-nelore-2-270x360.jpg 270w, https:\/\/rehagro.com.br\/blog\/wp-content\/uploads\/2024\/01\/raca-de-gado-nelore-2-740x987.jpg 740w, https:\/\/rehagro.com.br\/blog\/wp-content\/uploads\/2024\/01\/raca-de-gado-nelore-2-640x853.jpg 640w, https:\/\/rehagro.com.br\/blog\/wp-content\/uploads\/2024\/01\/raca-de-gado-nelore-2-150x200.jpg 150w, https:\/\/rehagro.com.br\/blog\/wp-content\/uploads\/2024\/01\/raca-de-gado-nelore-2.jpg 800w\" sizes=\"auto, (max-width: 768px) 100vw, 768px\" \/><\/p>\n<p style=\"text-align: center;\"><span style=\"font-size: 13px;\">Imagem: Fernanda Lazzarini Fernandes &#8211; Rehagro.<\/span><\/p>\n<p><span style=\"font-weight: 400;\">O Nelore se destaca por diversos atributos, <strong>sua adaptabilidade excepcional a ambientes tropicais<\/strong>, resist\u00eancia a parasitas e habilidade materna eficiente o tornam um componente fundamental na pecu\u00e1ria brasileira. <\/span><\/p>\n<p><span style=\"font-weight: 400;\">Al\u00e9m disso, a efici\u00eancia na convers\u00e3o alimentar, capacidade de ganho de peso, longevidade e rusticidade fazem do Nelore uma escolha estrat\u00e9gica para produtores, enquanto sua participa\u00e7\u00e3o em programas de cruzamento contribui para aprimorar caracter\u00edsticas desej\u00e1veis em outras ra\u00e7as, solidificando sua import\u00e2ncia no cen\u00e1rio da produ\u00e7\u00e3o de carne no pa\u00eds. <\/span><span style=\"font-weight: 400;\">Sua carne, apesar de ser mais magra em compara\u00e7\u00e3o com algumas ra\u00e7as brit\u00e2nicas, \u00e9 reconhecida pela sua sucul\u00eancia e sabor marcante. <\/span><\/p>\n<p><span style=\"font-weight: 400;\">Em resumo, o Nelore desempenha um papel fundamental na pecu\u00e1ria brasileira, proporcionando n\u00e3o apenas resist\u00eancia e adapta\u00e7\u00e3o, mas tamb\u00e9m contribuindo para a <strong>excel\u00eancia da produ\u00e7\u00e3o de carne bovina no Brasil e consolidando a posi\u00e7\u00e3o do pa\u00eds como um l\u00edder global no setor<\/strong>.<\/span><\/p>\n<p><a href=\"https:\/\/conteudo.rehagro.com.br\/ebook-planilha-fluxo-de-caixa?utm_campaign=material-corte&amp;utm_source=ebook-fluxo-de-caixa&amp;utm_medium=blog\" target=\"_blank\" rel=\"noopener\"><img loading=\"lazy\" decoding=\"async\" class=\"aligncenter wp-image-39647 size-full\" title=\"Clique e baixe o e-book gr\u00e1tis!\" src=\"https:\/\/rehagro.com.br\/blog\/wp-content\/uploads\/2025\/09\/banner-kit-fluxo-caixa.png\" alt=\"Kit Fluxo de caixa em fazendas de gado de corte\" width=\"980\" height=\"317\" srcset=\"https:\/\/rehagro.com.br\/blog\/wp-content\/uploads\/2025\/09\/banner-kit-fluxo-caixa.png 980w, https:\/\/rehagro.com.br\/blog\/wp-content\/uploads\/2025\/09\/banner-kit-fluxo-caixa-300x97.png 300w, https:\/\/rehagro.com.br\/blog\/wp-content\/uploads\/2025\/09\/banner-kit-fluxo-caixa-768x248.png 768w, https:\/\/rehagro.com.br\/blog\/wp-content\/uploads\/2025\/09\/banner-kit-fluxo-caixa-370x120.png 370w, https:\/\/rehagro.com.br\/blog\/wp-content\/uploads\/2025\/09\/banner-kit-fluxo-caixa-270x87.png 270w, https:\/\/rehagro.com.br\/blog\/wp-content\/uploads\/2025\/09\/banner-kit-fluxo-caixa-740x239.png 740w, https:\/\/rehagro.com.br\/blog\/wp-content\/uploads\/2025\/09\/banner-kit-fluxo-caixa-150x49.png 150w\" sizes=\"auto, (max-width: 980px) 100vw, 980px\" \/><\/a><\/p>\n<h3>2. Angus<\/h3>\n<p><span style=\"font-weight: 400;\">O Angus, uma das ra\u00e7as bovinas mais renomadas, tem sua origem na Esc\u00f3cia. Com uma hist\u00f3ria que remonta ao s\u00e9culo XVIII, essa ra\u00e7a brit\u00e2nica chegou ao Brasil em meados do s\u00e9culo XX, trazendo consigo uma tradi\u00e7\u00e3o centen\u00e1ria de qualidade de carne e adapta\u00e7\u00e3o eficiente a diferentes ambientes.<\/span><\/p>\n<p><span style=\"font-weight: 400;\">A import\u00e2ncia da produ\u00e7\u00e3o de Angus no Brasil \u00e9 not\u00e1vel, especialmente devido \u00e0 sua contribui\u00e7\u00e3o para aprimorar a qualidade da carne bovina no pa\u00eds. Reconhecida por seu marmoreio excepcional, que confere sucul\u00eancia e sabor \u00e0 carne, a ra\u00e7a Angus destaca-se em sistemas de produ\u00e7\u00e3o que visam atender aos padr\u00f5es mais exigentes de qualidade. <\/span><\/p>\n<p><span style=\"font-weight: 400;\">Seu papel \u00e9 crucial em <a href=\"https:\/\/rehagro.com.br\/blog\/melhoramento-genetico-animal\/\" target=\"_blank\" rel=\"noopener\"><strong>programas de cruzamento<\/strong><\/a>, nos quais a ra\u00e7a \u00e9 frequentemente utilizada para melhorar caracter\u00edsticas como maciez, textura e sabor da carne.<\/span><\/p>\n<p><img loading=\"lazy\" decoding=\"async\" class=\"aligncenter wp-image-27087 size-full\" src=\"https:\/\/rehagro.com.br\/blog\/wp-content\/uploads\/2024\/01\/raca-de-gado-angus.jpg\" alt=\"Bovinos da ra\u00e7a angus\" width=\"750\" height=\"1000\" srcset=\"https:\/\/rehagro.com.br\/blog\/wp-content\/uploads\/2024\/01\/raca-de-gado-angus.jpg 750w, https:\/\/rehagro.com.br\/blog\/wp-content\/uploads\/2024\/01\/raca-de-gado-angus-225x300.jpg 225w, https:\/\/rehagro.com.br\/blog\/wp-content\/uploads\/2024\/01\/raca-de-gado-angus-370x493.jpg 370w, https:\/\/rehagro.com.br\/blog\/wp-content\/uploads\/2024\/01\/raca-de-gado-angus-270x360.jpg 270w, https:\/\/rehagro.com.br\/blog\/wp-content\/uploads\/2024\/01\/raca-de-gado-angus-740x987.jpg 740w, https:\/\/rehagro.com.br\/blog\/wp-content\/uploads\/2024\/01\/raca-de-gado-angus-640x853.jpg 640w, https:\/\/rehagro.com.br\/blog\/wp-content\/uploads\/2024\/01\/raca-de-gado-angus-150x200.jpg 150w\" sizes=\"auto, (max-width: 750px) 100vw, 750px\" \/><\/p>\n<p style=\"text-align: center;\"><span style=\"font-size: 13px;\">Imagem: Fernanda Lazzarini Fernandes &#8211; Rehagro.<\/span><\/p>\n<p><span style=\"font-weight: 400;\">O diferencial do Angus vai al\u00e9m das caracter\u00edsticas organol\u00e9pticas, abrangendo sua adaptabilidade a diferentes climas e <strong><a href=\"https:\/\/rehagro.com.br\/blog\/producao-de-gado-de-corte\/\">sistemas de produ\u00e7\u00e3o<\/a><\/strong>. <\/span><\/p>\n<p><span style=\"font-weight: 400;\">A pelagem curta e escura, aliada \u00e0 resist\u00eancia a condi\u00e7\u00f5es adversas, torna o Angus uma escolha vers\u00e1til para produtores brasileiros que buscam conciliar qualidade de carne com adaptabilidade. <\/span><\/p>\n<p><span style=\"font-weight: 400;\">Assim, o Angus desempenha um papel significativo na diversifica\u00e7\u00e3o gen\u00e9tica e no aprimoramento da excel\u00eancia na produ\u00e7\u00e3o de carne bovina no Brasil.<\/span><\/p>\n<p><img loading=\"lazy\" decoding=\"async\" class=\"aligncenter wp-image-27088 size-full\" src=\"https:\/\/rehagro.com.br\/blog\/wp-content\/uploads\/2024\/01\/raca-de-gado-angus-2.jpg\" alt=\"Bovinos da ra\u00e7a angus no pasto\" width=\"1000\" height=\"750\" srcset=\"https:\/\/rehagro.com.br\/blog\/wp-content\/uploads\/2024\/01\/raca-de-gado-angus-2.jpg 1000w, https:\/\/rehagro.com.br\/blog\/wp-content\/uploads\/2024\/01\/raca-de-gado-angus-2-300x225.jpg 300w, https:\/\/rehagro.com.br\/blog\/wp-content\/uploads\/2024\/01\/raca-de-gado-angus-2-768x576.jpg 768w, https:\/\/rehagro.com.br\/blog\/wp-content\/uploads\/2024\/01\/raca-de-gado-angus-2-370x278.jpg 370w, https:\/\/rehagro.com.br\/blog\/wp-content\/uploads\/2024\/01\/raca-de-gado-angus-2-270x203.jpg 270w, https:\/\/rehagro.com.br\/blog\/wp-content\/uploads\/2024\/01\/raca-de-gado-angus-2-740x555.jpg 740w, https:\/\/rehagro.com.br\/blog\/wp-content\/uploads\/2024\/01\/raca-de-gado-angus-2-80x60.jpg 80w, https:\/\/rehagro.com.br\/blog\/wp-content\/uploads\/2024\/01\/raca-de-gado-angus-2-150x113.jpg 150w\" sizes=\"auto, (max-width: 1000px) 100vw, 1000px\" \/><\/p>\n<p style=\"text-align: center;\"><span style=\"font-size: 13px;\">Imagem: Rafael Neiva Assun\u00e7\u00e3o &#8211; Rehagro.<\/span><\/p>\n<h4>Cria\u00e7\u00e3o do gado Angus pelo Brasil<\/h4>\n<p><span style=\"font-weight: 400;\">O Angus, uma ra\u00e7a bovina altamente valorizada, encontrou presen\u00e7a significativa em v\u00e1rias regi\u00f5es do Brasil, contribuindo para a diversidade e excel\u00eancia na produ\u00e7\u00e3o de carne. <\/span><\/p>\n<p><span style=\"font-weight: 400;\">O Rio Grande do Sul, tradicionalmente reconhecido pela cria\u00e7\u00e3o de Angus, destaca-se como uma das principais regi\u00f5es, oferecendo um clima temperado e pastagens prop\u00edcias para o desenvolvimento da ra\u00e7a. Santa Catarina, seguindo a tradi\u00e7\u00e3o ga\u00facha, tamb\u00e9m apresenta condi\u00e7\u00f5es ideais para a cria\u00e7\u00e3o de Angus, atraindo criadores que buscam aprimorar a qualidade da carne produzida na regi\u00e3o.<\/span><\/p>\n<p><span style=\"font-weight: 400;\">Outra regi\u00e3o not\u00e1vel na cria\u00e7\u00e3o de Angus \u00e9 o Paran\u00e1, onde as caracter\u00edsticas da ra\u00e7a s\u00e3o valorizadas por produtores comprometidos com a produ\u00e7\u00e3o de carne de alta qualidade. Em S\u00e3o Paulo, alguns criadores t\u00eam adotado a ra\u00e7a, contribuindo para a expans\u00e3o da presen\u00e7a do Angus e para o atendimento da demanda crescente por <strong><a href=\"https:\/\/rehagro.com.br\/blog\/maturacao-de-carnes\/\">carne premium<\/a><\/strong>.<\/span><\/p>\n<p><span style=\"font-weight: 400;\">Em Mato Grosso do Sul, a cria\u00e7\u00e3o de Angus tem ganhado destaque, principalmente em sistemas de cruzamento industrial, onde a ra\u00e7a \u00e9 incorporada para melhorar a qualidade da carne produzida na regi\u00e3o. Mesmo em Minas Gerais, fora do tradicional dom\u00ednio sulista, a cria\u00e7\u00e3o de Angus tem sido adotada por alguns produtores, diversificando a pecu\u00e1ria na regi\u00e3o e atendendo aos padr\u00f5es exigentes de qualidade da carne. <\/span><\/p>\n<p><span style=\"font-weight: 400;\">Assim, a presen\u00e7a do Angus no Brasil se estende por v\u00e1rias regi\u00f5es, refletindo o reconhecimento de suas vantagens na produ\u00e7\u00e3o bovina nacional.<\/span><\/p>\n<p><a href=\"https:\/\/rehagro.com.br\/cursos\/capacitacao-em-gestao-na-pecuaria-de-corte?utm_campaign=mkt-materiais-gpc&amp;utm_source=textos&amp;utm_medium=blog\" target=\"_blank\" rel=\"noopener\"><img loading=\"lazy\" decoding=\"async\" class=\"aligncenter wp-image-18732 size-full\" title=\"Clique e saiba mais sobre o curso!\" src=\"https:\/\/rehagro.com.br\/blog\/wp-content\/uploads\/2023\/03\/banner-gpc.jpg\" alt=\"Banner Curso Gest\u00e3o na Pecu\u00e1ria de Corte\" width=\"980\" height=\"317\" srcset=\"https:\/\/rehagro.com.br\/blog\/wp-content\/uploads\/2023\/03\/banner-gpc.jpg 980w, https:\/\/rehagro.com.br\/blog\/wp-content\/uploads\/2023\/03\/banner-gpc-300x97.jpg 300w, https:\/\/rehagro.com.br\/blog\/wp-content\/uploads\/2023\/03\/banner-gpc-768x248.jpg 768w, https:\/\/rehagro.com.br\/blog\/wp-content\/uploads\/2023\/03\/banner-gpc-370x120.jpg 370w, https:\/\/rehagro.com.br\/blog\/wp-content\/uploads\/2023\/03\/banner-gpc-270x87.jpg 270w, https:\/\/rehagro.com.br\/blog\/wp-content\/uploads\/2023\/03\/banner-gpc-740x239.jpg 740w, https:\/\/rehagro.com.br\/blog\/wp-content\/uploads\/2023\/03\/banner-gpc-150x49.jpg 150w\" sizes=\"auto, (max-width: 980px) 100vw, 980px\" \/><\/a><\/p>\n<h3>3. Brahman<\/h3>\n<p><span style=\"font-weight: 400;\">O Brahman, origin\u00e1rio dos Estados Unidos, tem ra\u00edzes que remontam \u00e0 \u00cdndia, em que a ra\u00e7a se desenvolveu a partir de cruzamentos de diversas linhagens zebu\u00ednas. Chegando ao Brasil na d\u00e9cada de 1930, o Brahman rapidamente se adaptou ao territ\u00f3rio nacional, especialmente em regi\u00f5es de clima tropical.<\/span><\/p>\n<p><span style=\"font-weight: 400;\">A import\u00e2ncia da produ\u00e7\u00e3o do Brahman no Brasil \u00e9 not\u00e1vel devido \u00e0s suas caracter\u00edsticas adaptativas. Sua origem zebu\u00edna confere resist\u00eancia a altas temperaturas, resist\u00eancia a parasitas e adaptabilidade a ambientes mais desafiadores, caracter\u00edsticas cruciais para a pecu\u00e1ria tropical brasileira. <\/span><\/p>\n<p><span style=\"font-weight: 400;\"><strong>A ra\u00e7a tem se destacado em regi\u00f5es em que o estresse t\u00e9rmico \u00e9 comum<\/strong>, tornando-se uma escolha estrat\u00e9gica para produtores que buscam efici\u00eancia em climas adversos.<\/span><\/p>\n<p><span style=\"font-weight: 400;\">O diferencial do Brahman vai al\u00e9m da adaptabilidade, <strong>a ra\u00e7a \u00e9 reconhecida por sua habilidade materna, longevidade e precocidade reprodutiva<\/strong>. Al\u00e9m disso, sua carne \u00e9 apreciada por sua sucul\u00eancia e sabor, conquistando espa\u00e7o no mercado nacional e internacional. <\/span><\/p>\n<p><span style=\"font-weight: 400;\">O Brahman tamb\u00e9m desempenha um papel significativo em programas de cruzamento, sendo frequentemente utilizado para aprimorar caracter\u00edsticas como resist\u00eancia e adaptabilidade em rebanhos de outras ra\u00e7as.<\/span><\/p>\n<p><img loading=\"lazy\" decoding=\"async\" class=\"aligncenter wp-image-27089 size-large\" src=\"https:\/\/rehagro.com.br\/blog\/wp-content\/uploads\/2024\/01\/raca-de-gado-brahman-1024x536.jpg\" alt=\"bois da ra\u00e7a brahman\" width=\"770\" height=\"403\" srcset=\"https:\/\/rehagro.com.br\/blog\/wp-content\/uploads\/2024\/01\/raca-de-gado-brahman-1024x536.jpg 1024w, https:\/\/rehagro.com.br\/blog\/wp-content\/uploads\/2024\/01\/raca-de-gado-brahman-300x157.jpg 300w, https:\/\/rehagro.com.br\/blog\/wp-content\/uploads\/2024\/01\/raca-de-gado-brahman-768x402.jpg 768w, https:\/\/rehagro.com.br\/blog\/wp-content\/uploads\/2024\/01\/raca-de-gado-brahman-370x194.jpg 370w, https:\/\/rehagro.com.br\/blog\/wp-content\/uploads\/2024\/01\/raca-de-gado-brahman-270x141.jpg 270w, https:\/\/rehagro.com.br\/blog\/wp-content\/uploads\/2024\/01\/raca-de-gado-brahman-740x387.jpg 740w, https:\/\/rehagro.com.br\/blog\/wp-content\/uploads\/2024\/01\/raca-de-gado-brahman-150x79.jpg 150w, https:\/\/rehagro.com.br\/blog\/wp-content\/uploads\/2024\/01\/raca-de-gado-brahman.jpg 1200w\" sizes=\"auto, (max-width: 770px) 100vw, 770px\" \/><\/p>\n<p style=\"text-align: center;\"><span style=\"font-size: 13px;\">Bovinos brahman: Fonte: Portal DBO<\/span><\/p>\n<h4>Regi\u00f5es de cria\u00e7\u00e3o do gado Brahman no pa\u00eds<\/h4>\n<p><span style=\"font-weight: 400;\">O Centro-Oeste brasileiro, abrangendo estados como Mato Grosso, Mato Grosso do Sul e Goi\u00e1s, destaca-se como uma das principais regi\u00f5es de cria\u00e7\u00e3o de Brahman, beneficiada por vastas extens\u00f5es de pastagens e condi\u00e7\u00f5es prop\u00edcias \u00e0 pecu\u00e1ria. Al\u00e9m disso, o Nordeste, especialmente em estados como Bahia, Maranh\u00e3o e Piau\u00ed, tamb\u00e9m testemunha a presen\u00e7a expressiva dessa ra\u00e7a, aproveitando-se de sua resist\u00eancia ao calor e adapta\u00e7\u00e3o a ambientes mais quentes. <\/span><\/p>\n<p><span style=\"font-weight: 400;\">A dissemina\u00e7\u00e3o do Brahman nessas regi\u00f5es contribui n\u00e3o apenas para a diversidade gen\u00e9tica do gado brasileiro, mas tamb\u00e9m para a sustentabilidade e efici\u00eancia na produ\u00e7\u00e3o de carne em condi\u00e7\u00f5es tropicais.<\/span><\/p>\n<h3>4. Senepol<\/h3>\n<p><span style=\"font-weight: 400;\">O Senepol \u00e9 uma ra\u00e7a bovina de origem caribenha, mais especificamente proveniente da ilha de Senepol, em S\u00e3o Crist\u00f3v\u00e3o e Nevis. Desenvolvida por cruzamentos entre gado africano N&#8217;Dama e europeu, principalmente Red Poll, a ra\u00e7a ganhou destaque por suas caracter\u00edsticas adaptativas a climas quentes e resist\u00eancia a parasitas.<\/span><\/p>\n<p><span style=\"font-weight: 400;\">A introdu\u00e7\u00e3o do Senepol no Brasil ocorreu nas \u00faltimas d\u00e9cadas do s\u00e9culo XX, e desde ent\u00e3o a ra\u00e7a tem conquistado espa\u00e7o na pecu\u00e1ria brasileira. Sua import\u00e2ncia na produ\u00e7\u00e3o nacional est\u00e1 relacionada a diversos fatores. <\/span><\/p>\n<p><span style=\"font-weight: 400;\">O Senepol \u00e9 reconhecido por sua adaptabilidade a ambientes tropicais, sendo <strong>capaz de lidar eficientemente com o calor caracter\u00edstico do Brasil<\/strong>. Sua pelagem curta e clara contribui para minimizar o estresse t\u00e9rmico, sendo uma importante caracteristica em regi\u00f5es de clima quente.<\/span><\/p>\n<p><span style=\"font-weight: 400;\">Al\u00e9m disso, <strong>o Senepol \u00e9 apreciado por sua precocidade reprodutiva e facilidade de manejo.<\/strong> As f\u00eameas apresentam boa habilidade materna e costumam ter partos f\u00e1ceis. O r\u00e1pido ganho de peso e a efici\u00eancia alimentar tamb\u00e9m s\u00e3o caracter\u00edsticas marcantes, contribuindo para a produ\u00e7\u00e3o eficiente de carne.<\/span><\/p>\n<p><span style=\"font-weight: 400;\"><strong>O diferencial do Senepol est\u00e1 na combina\u00e7\u00e3o de resist\u00eancia, adaptabilidade e qualidade de carne.<\/strong> Sua carne \u00e9 reconhecida por ser macia e saborosa, atendendo aos padr\u00f5es exigentes dos consumidores. A ra\u00e7a tamb\u00e9m tem sido utilizada em programas de cruzamento para melhorar caracter\u00edsticas de outras ra\u00e7as, oferecendo uma contribui\u00e7\u00e3o significativa para a diversifica\u00e7\u00e3o e aprimoramento do cen\u00e1rio pecu\u00e1rio brasileiro. <\/span><\/p>\n<p><span style=\"font-weight: 400;\">Assim, o Senepol desempenha um papel relevante na pecu\u00e1ria nacional, especialmente em regi\u00f5es com condi\u00e7\u00f5es clim\u00e1ticas.<\/span><\/p>\n<p><img loading=\"lazy\" decoding=\"async\" class=\"aligncenter wp-image-27090 size-full\" src=\"https:\/\/rehagro.com.br\/blog\/wp-content\/uploads\/2024\/01\/raca-de-gado-senepol.jpg\" alt=\"Boia da ra\u00e7a senepol\" width=\"640\" height=\"457\" srcset=\"https:\/\/rehagro.com.br\/blog\/wp-content\/uploads\/2024\/01\/raca-de-gado-senepol.jpg 640w, https:\/\/rehagro.com.br\/blog\/wp-content\/uploads\/2024\/01\/raca-de-gado-senepol-300x214.jpg 300w, https:\/\/rehagro.com.br\/blog\/wp-content\/uploads\/2024\/01\/raca-de-gado-senepol-370x264.jpg 370w, https:\/\/rehagro.com.br\/blog\/wp-content\/uploads\/2024\/01\/raca-de-gado-senepol-270x193.jpg 270w, https:\/\/rehagro.com.br\/blog\/wp-content\/uploads\/2024\/01\/raca-de-gado-senepol-150x107.jpg 150w\" sizes=\"auto, (max-width: 640px) 100vw, 640px\" \/><\/p>\n<p style=\"text-align: center;\"><span style=\"font-size: 13px;\">Gado senepol. Fonte: Embrapa<\/span><\/p>\n<h4>Gado senepol nas regi\u00f5es brasileiras<\/h4>\n<p><span style=\"font-weight: 400;\">A cria\u00e7\u00e3o da ra\u00e7a Senepol tem ganhado destaque em diversas regi\u00f5es do Brasil, refletindo a versatilidade e adaptabilidade dessa ra\u00e7a bovina. No Centro-Oeste, em estados como Goi\u00e1s, Mato Grosso e Mato Grosso do Sul, assim como no Distrito Federal, a presen\u00e7a expressiva de Senepol destaca-se pela capacidade da ra\u00e7a em enfrentar as condi\u00e7\u00f5es clim\u00e1ticas quentes e desafiadoras da regi\u00e3o.<\/span><\/p>\n<p><span style=\"font-weight: 400;\">Na regi\u00e3o Nordeste, em estados como Bahia e Maranh\u00e3o, onde as condi\u00e7\u00f5es clim\u00e1ticas podem ser particularmente adversas, o Senepol tem sido adotado por produtores que buscam um gado resistente ao calor e a parasitas, contribuindo para a pecu\u00e1ria local.<\/span><\/p>\n<p><span style=\"font-weight: 400;\">No Sudeste, em estados como Minas Gerais e S\u00e3o Paulo, a cria\u00e7\u00e3o de Senepol tem conquistado espa\u00e7o, evidenciando a aprecia\u00e7\u00e3o por suas caracter\u00edsticas adaptativas e pela qualidade da carne produzida. Mesmo em regi\u00f5es Norte, como Tocantins e Rond\u00f4nia, a presen\u00e7a do Senepol tem sido observada, embora em menor escala, destacando sua capacidade de adapta\u00e7\u00e3o a diferentes ecossistemas tropicais.<\/span><\/p>\n<p><span style=\"font-weight: 400;\">A expans\u00e3o da cria\u00e7\u00e3o de Senepol em distintas regi\u00f5es do Brasil ressalta n\u00e3o apenas a efici\u00eancia adaptativa da ra\u00e7a, mas tamb\u00e9m sua contribui\u00e7\u00e3o para a produ\u00e7\u00e3o de carne de qualidade. Com sua versatilidade, resist\u00eancia e capacidade de enfrentar desafios clim\u00e1ticos, o Senepol continua a desempenhar um papel relevante na diversifica\u00e7\u00e3o e aprimoramento da pecu\u00e1ria brasileira.desafiadoras.<\/span><\/p>\n<h3>5. Sindi<\/h3>\n<p><span style=\"font-weight: 400;\">O Sindi \u00e9 uma ra\u00e7a bovina origin\u00e1ria do Paquist\u00e3o, mais especificamente da regi\u00e3o de Sindh. <\/span><\/p>\n<p><span style=\"font-weight: 400;\">A introdu\u00e7\u00e3o do gado Sindi no Brasil ocorreu na d\u00e9cada de 1950, quando alguns exemplares foram importados para avalia\u00e7\u00e3o de suas caracter\u00edsticas em diferentes ambientes brasileiros.<\/span><\/p>\n<p><span style=\"font-weight: 400;\">A import\u00e2ncia da produ\u00e7\u00e3o da ra\u00e7a Sindi no Brasil est\u00e1 relacionada \u00e0s suas caracter\u00edsticas adaptativas e \u00e0 capacidade de se desenvolver bem em condi\u00e7\u00f5es adversas, como altas temperaturas e ambientes \u00e1ridos. A resist\u00eancia ao calor \u00e9 uma das principais vantagens dessa ra\u00e7a, tornando-a adequada para regi\u00f5es com climas tropicais, comuns em v\u00e1rias partes do Brasil.<\/span><\/p>\n<p><span style=\"font-weight: 400;\"><strong>O diferencial do Sindi est\u00e1, portanto, em sua adaptabilidade a condi\u00e7\u00f5es desfavor\u00e1veis<\/strong>, o que o torna uma escolha estrat\u00e9gica para produtores que enfrentam desafios clim\u00e1ticos espec\u00edficos. <\/span><\/p>\n<p><span style=\"font-weight: 400;\">A ra\u00e7a Sindi \u00e9 reconhecida por sua rusticidade, efici\u00eancia reprodutiva e boa capacidade de adapta\u00e7\u00e3o a diferentes sistemas de manejo. Embora n\u00e3o seja uma das ra\u00e7as mais numerosas no Brasil, o Sindi desempenha um papel importante em programas de cruzamento para aprimorar caracter\u00edsticas adaptativas em rebanhos de outras ra\u00e7as. <\/span><\/p>\n<p><span style=\"font-weight: 400;\">Assim, sua contribui\u00e7\u00e3o para a diversifica\u00e7\u00e3o gen\u00e9tica e para a produ\u00e7\u00e3o de gado adaptado a ambientes tropicais \u00e9 significativa.<\/span><\/p>\n<p><img loading=\"lazy\" decoding=\"async\" class=\"aligncenter wp-image-27091 size-large\" src=\"https:\/\/rehagro.com.br\/blog\/wp-content\/uploads\/2024\/01\/raca-de-gado-sindi-1024x575.jpg\" alt=\"Boi da ra\u00e7a sindi\" width=\"770\" height=\"432\" srcset=\"https:\/\/rehagro.com.br\/blog\/wp-content\/uploads\/2024\/01\/raca-de-gado-sindi-1024x575.jpg 1024w, https:\/\/rehagro.com.br\/blog\/wp-content\/uploads\/2024\/01\/raca-de-gado-sindi-300x169.jpg 300w, https:\/\/rehagro.com.br\/blog\/wp-content\/uploads\/2024\/01\/raca-de-gado-sindi-768x432.jpg 768w, https:\/\/rehagro.com.br\/blog\/wp-content\/uploads\/2024\/01\/raca-de-gado-sindi-370x208.jpg 370w, https:\/\/rehagro.com.br\/blog\/wp-content\/uploads\/2024\/01\/raca-de-gado-sindi-270x152.jpg 270w, https:\/\/rehagro.com.br\/blog\/wp-content\/uploads\/2024\/01\/raca-de-gado-sindi-740x416.jpg 740w, https:\/\/rehagro.com.br\/blog\/wp-content\/uploads\/2024\/01\/raca-de-gado-sindi-150x84.jpg 150w, https:\/\/rehagro.com.br\/blog\/wp-content\/uploads\/2024\/01\/raca-de-gado-sindi.jpg 1180w\" sizes=\"auto, (max-width: 770px) 100vw, 770px\" \/><\/p>\n<p style=\"text-align: center;\"><span style=\"font-size: 13px;\">Gado sindi. Fonte: abcz<\/span><\/p>\n<h4>Cria\u00e7\u00e3o do gado Sindi no Brasil<\/h4>\n<p><span style=\"font-weight: 400;\">A cria\u00e7\u00e3o da ra\u00e7a Sindi no Brasil \u00e9 mais significativa em regi\u00f5es que enfrentam condi\u00e7\u00f5es clim\u00e1ticas desafiadoras. Dentre as principais regi\u00f5es criadoras do Sindi, destacam-se aquelas com climas tropicais e adversidades ambientais, onde a resist\u00eancia ao calor e a adapta\u00e7\u00e3o a ambientes \u00e1ridos conferem vantagens.<\/span><\/p>\n<p><span style=\"font-weight: 400;\">O Nordeste do Brasil \u00e9 uma das regi\u00f5es mais prop\u00edcias para a cria\u00e7\u00e3o de Sindi, especialmente nos estados que compreendem o Pol\u00edgono das Secas, como Bahia, Pernambuco e Cear\u00e1. Nessas \u00e1reas, o clima \u00e9 predominantemente quente e seco, a resist\u00eancia ao estresse t\u00e9rmico e a capacidade de lidar com condi\u00e7\u00f5es \u00e1ridas tornam o Sindi uma escolha estrat\u00e9gica para produtores que buscam gado adaptado a ambientes semi\u00e1ridos.<\/span><\/p>\n<p><span style=\"font-weight: 400;\">Al\u00e9m do Nordeste, algumas regi\u00f5es do Centro-Oeste e Norte do Brasil tamb\u00e9m t\u00eam presen\u00e7a de cria\u00e7\u00e3o de Sindi, especialmente em \u00e1reas com caracter\u00edsticas clim\u00e1ticas similares. Estados como Tocantins e Goi\u00e1s, por exemplo, t\u00eam adotado a ra\u00e7a Sindi, reconhecendo suas vantagens adaptativas e sua contribui\u00e7\u00e3o para a sustentabilidade da pecu\u00e1ria em condi\u00e7\u00f5es tropicais e adversas.<\/span><\/p>\n<h2>Conclus\u00e3o<\/h2>\n<p><span style=\"font-weight: 400;\">A diversifica\u00e7\u00e3o de ra\u00e7as bovinas no Brasil desempenha um papel crucial na pecu\u00e1ria, considerando a vasta extens\u00e3o territorial e a diversidade ambiental do pa\u00eds. Com climas que variam desde tropicais at\u00e9 temperados, diferentes regi\u00f5es apresentam desafios espec\u00edficos para a cria\u00e7\u00e3o de gado. <\/span><\/p>\n<p><span style=\"font-weight: 400;\">A presen\u00e7a de uma variedade de ra\u00e7as de gado possibilita aos produtores selecionar animais adaptados \u00e0s condi\u00e7\u00f5es locais, como resist\u00eancia ao calor, capacidade de lidar com pastagens espec\u00edficas e adapta\u00e7\u00e3o a diferentes tipos de manejo.<\/span><\/p>\n<h2>Chegou a hora de profissionalizar sua pecu\u00e1ria de corte<\/h2>\n<p>A competitividade no setor \u00e9 cada vez maior, e s\u00f3 os pecuaristas que investem em gest\u00e3o conseguem se manter lucrativos a longo prazo.<\/p>\n<p>No\u00a0<strong><a href=\"https:\/\/rehagro.com.br\/cursos\/capacitacao-em-gestao-na-pecuaria-de-corte?utm_campaign=mkt-materiais-gpc&amp;utm_source=textos&amp;utm_medium=blog\" target=\"_blank\" rel=\"noopener\">Curso Gest\u00e3o na Pecu\u00e1ria de Corte<\/a><\/strong>, voc\u00ea ter\u00e1 acesso a conte\u00fados pr\u00e1ticos, aplic\u00e1veis \u00e0 realidade da fazenda, que v\u00e3o elevar sua produ\u00e7\u00e3o e seus resultados financeiros. Com aulas 100% online, conte\u00fado pr\u00e1tico e professores com experi\u00eancia real no campo, o curso prepara voc\u00ea para tomar decis\u00f5es mais assertivas e rent\u00e1veis.<\/p>\n<p><a href=\"https:\/\/rehagro.com.br\/cursos\/capacitacao-em-gestao-na-pecuaria-de-corte?utm_campaign=mkt-materiais-gpc&amp;utm_source=textos&amp;utm_medium=blog\" target=\"_blank\" rel=\"noopener\"><img loading=\"lazy\" decoding=\"async\" class=\"aligncenter wp-image-18732 size-full\" title=\"Clique e saiba mais sobre o curso!\" src=\"https:\/\/rehagro.com.br\/blog\/wp-content\/uploads\/2023\/03\/banner-gpc.jpg\" alt=\"Banner Curso Gest\u00e3o na Pecu\u00e1ria de Corte\" width=\"980\" height=\"317\" srcset=\"https:\/\/rehagro.com.br\/blog\/wp-content\/uploads\/2023\/03\/banner-gpc.jpg 980w, https:\/\/rehagro.com.br\/blog\/wp-content\/uploads\/2023\/03\/banner-gpc-300x97.jpg 300w, https:\/\/rehagro.com.br\/blog\/wp-content\/uploads\/2023\/03\/banner-gpc-768x248.jpg 768w, https:\/\/rehagro.com.br\/blog\/wp-content\/uploads\/2023\/03\/banner-gpc-370x120.jpg 370w, https:\/\/rehagro.com.br\/blog\/wp-content\/uploads\/2023\/03\/banner-gpc-270x87.jpg 270w, https:\/\/rehagro.com.br\/blog\/wp-content\/uploads\/2023\/03\/banner-gpc-740x239.jpg 740w, https:\/\/rehagro.com.br\/blog\/wp-content\/uploads\/2023\/03\/banner-gpc-150x49.jpg 150w\" sizes=\"auto, (max-width: 980px) 100vw, 980px\" \/><\/a><\/p>\n<p><img loading=\"lazy\" decoding=\"async\" class=\"aligncenter wp-image-29870 size-full\" src=\"https:\/\/rehagro.com.br\/blog\/wp-content\/uploads\/2024\/01\/fernanda.jpg\" alt=\"Fernanda Lazzarini\" width=\"300\" height=\"96\" srcset=\"https:\/\/rehagro.com.br\/blog\/wp-content\/uploads\/2024\/01\/fernanda.jpg 300w, https:\/\/rehagro.com.br\/blog\/wp-content\/uploads\/2024\/01\/fernanda-270x86.jpg 270w, https:\/\/rehagro.com.br\/blog\/wp-content\/uploads\/2024\/01\/fernanda-150x48.jpg 150w\" sizes=\"auto, (max-width: 300px) 100vw, 300px\" \/><\/p>\n","protected":false},"excerpt":{"rendered":"<p>Em um pa\u00eds cuja agropecu\u00e1ria desempenha um papel fundamental na economia, a diversidade de ra\u00e7as de gado reflete n\u00e3o apenas a riqueza gen\u00e9tica, mas tamb\u00e9m na capacidade de adapta\u00e7\u00e3o ao clima tropical. Entre as ra\u00e7as que ocupam o territ\u00f3rio brasileiro, o Nelore \u00e9 considerado a ra\u00e7a mais proeminente. De acordo com a revista EXAME a [&hellip;]<\/p>\n","protected":false},"author":21,"featured_media":27092,"comment_status":"open","ping_status":"open","sticky":false,"template":"","format":"standard","meta":{"footnotes":""},"categories":[212],"tags":[1163,1164,1162,474,1161,1165,1166],"class_list":["post-27084","post","type-post","status-publish","format-standard","has-post-thumbnail","hentry","category-corte","tag-angus","tag-brahman","tag-nelore","tag-pecuaria-de-corte","tag-racas-de-gado","tag-senepol","tag-sindi"],"yoast_head":"<!-- This site is optimized with the Yoast SEO plugin v27.5 - https:\/\/yoast.com\/product\/yoast-seo-wordpress\/ -->\n<title>Ra\u00e7as de gado de corte no Brasil: quais s\u00e3o as principais?<\/title>\n<meta name=\"description\" content=\"H\u00e1 diversas ra\u00e7as de gado de corte na pecu\u00e1ria brasileira. Conhe\u00e7a as suas caracter\u00edsticas e contribui\u00e7\u00f5es \u00fanicas para a qualidade da carne.\" \/>\n<meta name=\"robots\" content=\"index, follow, max-snippet:-1, max-image-preview:large, max-video-preview:-1\" \/>\n<link rel=\"canonical\" href=\"https:\/\/rehagro.com.br\/blog\/racas-de-gado-de-corte\/\" \/>\n<meta property=\"og:locale\" content=\"pt_BR\" \/>\n<meta property=\"og:type\" content=\"article\" \/>\n<meta property=\"og:title\" content=\"Ra\u00e7as de gado de corte no Brasil: quais s\u00e3o as principais?\" \/>\n<meta property=\"og:description\" content=\"H\u00e1 diversas ra\u00e7as de gado de corte na pecu\u00e1ria brasileira. Conhe\u00e7a as suas caracter\u00edsticas e contribui\u00e7\u00f5es \u00fanicas para a qualidade da carne.\" \/>\n<meta property=\"og:url\" content=\"https:\/\/rehagro.com.br\/blog\/racas-de-gado-de-corte\/\" \/>\n<meta property=\"og:site_name\" content=\"Rehagro Blog\" \/>\n<meta property=\"article:published_time\" content=\"2024-01-23T11:00:53+00:00\" \/>\n<meta property=\"article:modified_time\" content=\"2026-04-07T19:41:52+00:00\" \/>\n<meta property=\"og:image\" content=\"https:\/\/rehagro.com.br\/blog\/wp-content\/uploads\/2024\/01\/capa-raca-de-gado.jpg\" \/>\n\t<meta property=\"og:image:width\" content=\"1000\" \/>\n\t<meta property=\"og:image:height\" content=\"750\" \/>\n\t<meta property=\"og:image:type\" content=\"image\/jpeg\" \/>\n<meta name=\"author\" content=\"Jo\u00e3o Pedro Azevedo\" \/>\n<meta name=\"twitter:card\" content=\"summary_large_image\" \/>\n<meta name=\"twitter:label1\" content=\"Escrito por\" \/>\n\t<meta name=\"twitter:data1\" content=\"Jo\u00e3o Pedro Azevedo\" \/>\n\t<meta name=\"twitter:label2\" content=\"Est. tempo de leitura\" \/>\n\t<meta name=\"twitter:data2\" content=\"15 minutos\" \/>\n<script type=\"application\/ld+json\" class=\"yoast-schema-graph\">{\"@context\":\"https:\\\/\\\/schema.org\",\"@graph\":[{\"@type\":\"Article\",\"@id\":\"https:\\\/\\\/rehagro.com.br\\\/blog\\\/racas-de-gado-de-corte\\\/#article\",\"isPartOf\":{\"@id\":\"https:\\\/\\\/rehagro.com.br\\\/blog\\\/racas-de-gado-de-corte\\\/\"},\"author\":{\"name\":\"Jo\u00e3o Pedro Azevedo\",\"@id\":\"https:\\\/\\\/rehagro.com.br\\\/blog\\\/#\\\/schema\\\/person\\\/f2d1ae51b04939615ceebb3c0bfd8a94\"},\"headline\":\"Ra\u00e7as de gado de corte no Brasil: conhe\u00e7a as principais\",\"datePublished\":\"2024-01-23T11:00:53+00:00\",\"dateModified\":\"2026-04-07T19:41:52+00:00\",\"mainEntityOfPage\":{\"@id\":\"https:\\\/\\\/rehagro.com.br\\\/blog\\\/racas-de-gado-de-corte\\\/\"},\"wordCount\":2620,\"commentCount\":1,\"publisher\":{\"@id\":\"https:\\\/\\\/rehagro.com.br\\\/blog\\\/#organization\"},\"image\":{\"@id\":\"https:\\\/\\\/rehagro.com.br\\\/blog\\\/racas-de-gado-de-corte\\\/#primaryimage\"},\"thumbnailUrl\":\"https:\\\/\\\/rehagro.com.br\\\/blog\\\/wp-content\\\/uploads\\\/2024\\\/01\\\/capa-raca-de-gado.jpg\",\"keywords\":[\"angus\",\"brahman\",\"nelore\",\"pecu\u00e1ria de corte\",\"ra\u00e7as de gado\",\"senepol\",\"sindi\"],\"articleSection\":[\"CORTE\"],\"inLanguage\":\"pt-BR\",\"potentialAction\":[{\"@type\":\"CommentAction\",\"name\":\"Comment\",\"target\":[\"https:\\\/\\\/rehagro.com.br\\\/blog\\\/racas-de-gado-de-corte\\\/#respond\"]}]},{\"@type\":\"WebPage\",\"@id\":\"https:\\\/\\\/rehagro.com.br\\\/blog\\\/racas-de-gado-de-corte\\\/\",\"url\":\"https:\\\/\\\/rehagro.com.br\\\/blog\\\/racas-de-gado-de-corte\\\/\",\"name\":\"Ra\u00e7as de gado de corte no Brasil: quais s\u00e3o as principais?\",\"isPartOf\":{\"@id\":\"https:\\\/\\\/rehagro.com.br\\\/blog\\\/#website\"},\"primaryImageOfPage\":{\"@id\":\"https:\\\/\\\/rehagro.com.br\\\/blog\\\/racas-de-gado-de-corte\\\/#primaryimage\"},\"image\":{\"@id\":\"https:\\\/\\\/rehagro.com.br\\\/blog\\\/racas-de-gado-de-corte\\\/#primaryimage\"},\"thumbnailUrl\":\"https:\\\/\\\/rehagro.com.br\\\/blog\\\/wp-content\\\/uploads\\\/2024\\\/01\\\/capa-raca-de-gado.jpg\",\"datePublished\":\"2024-01-23T11:00:53+00:00\",\"dateModified\":\"2026-04-07T19:41:52+00:00\",\"description\":\"H\u00e1 diversas ra\u00e7as de gado de corte na pecu\u00e1ria brasileira. Conhe\u00e7a as suas caracter\u00edsticas e contribui\u00e7\u00f5es \u00fanicas para a qualidade da carne.\",\"breadcrumb\":{\"@id\":\"https:\\\/\\\/rehagro.com.br\\\/blog\\\/racas-de-gado-de-corte\\\/#breadcrumb\"},\"inLanguage\":\"pt-BR\",\"potentialAction\":[{\"@type\":\"ReadAction\",\"target\":[\"https:\\\/\\\/rehagro.com.br\\\/blog\\\/racas-de-gado-de-corte\\\/\"]}]},{\"@type\":\"ImageObject\",\"inLanguage\":\"pt-BR\",\"@id\":\"https:\\\/\\\/rehagro.com.br\\\/blog\\\/racas-de-gado-de-corte\\\/#primaryimage\",\"url\":\"https:\\\/\\\/rehagro.com.br\\\/blog\\\/wp-content\\\/uploads\\\/2024\\\/01\\\/capa-raca-de-gado.jpg\",\"contentUrl\":\"https:\\\/\\\/rehagro.com.br\\\/blog\\\/wp-content\\\/uploads\\\/2024\\\/01\\\/capa-raca-de-gado.jpg\",\"width\":1000,\"height\":750},{\"@type\":\"BreadcrumbList\",\"@id\":\"https:\\\/\\\/rehagro.com.br\\\/blog\\\/racas-de-gado-de-corte\\\/#breadcrumb\",\"itemListElement\":[{\"@type\":\"ListItem\",\"position\":1,\"name\":\"In\u00edcio\",\"item\":\"https:\\\/\\\/rehagro.com.br\\\/blog\\\/\"},{\"@type\":\"ListItem\",\"position\":2,\"name\":\"Ra\u00e7as de gado de corte no Brasil: conhe\u00e7a as principais\"}]},{\"@type\":\"WebSite\",\"@id\":\"https:\\\/\\\/rehagro.com.br\\\/blog\\\/#website\",\"url\":\"https:\\\/\\\/rehagro.com.br\\\/blog\\\/\",\"name\":\"Rehagro Blog\",\"description\":\"\",\"publisher\":{\"@id\":\"https:\\\/\\\/rehagro.com.br\\\/blog\\\/#organization\"},\"potentialAction\":[{\"@type\":\"SearchAction\",\"target\":{\"@type\":\"EntryPoint\",\"urlTemplate\":\"https:\\\/\\\/rehagro.com.br\\\/blog\\\/?s={search_term_string}\"},\"query-input\":{\"@type\":\"PropertyValueSpecification\",\"valueRequired\":true,\"valueName\":\"search_term_string\"}}],\"inLanguage\":\"pt-BR\"},{\"@type\":\"Organization\",\"@id\":\"https:\\\/\\\/rehagro.com.br\\\/blog\\\/#organization\",\"name\":\"Rehagro\",\"url\":\"https:\\\/\\\/rehagro.com.br\\\/blog\\\/\",\"logo\":{\"@type\":\"ImageObject\",\"inLanguage\":\"pt-BR\",\"@id\":\"https:\\\/\\\/rehagro.com.br\\\/blog\\\/#\\\/schema\\\/logo\\\/image\\\/\",\"url\":\"https:\\\/\\\/rehagro.com.br\\\/blog\\\/wp-content\\\/uploads\\\/2018\\\/05\\\/logo-rehagro.png\",\"contentUrl\":\"https:\\\/\\\/rehagro.com.br\\\/blog\\\/wp-content\\\/uploads\\\/2018\\\/05\\\/logo-rehagro.png\",\"width\":400,\"height\":115,\"caption\":\"Rehagro\"},\"image\":{\"@id\":\"https:\\\/\\\/rehagro.com.br\\\/blog\\\/#\\\/schema\\\/logo\\\/image\\\/\"}},{\"@type\":\"Person\",\"@id\":\"https:\\\/\\\/rehagro.com.br\\\/blog\\\/#\\\/schema\\\/person\\\/f2d1ae51b04939615ceebb3c0bfd8a94\",\"name\":\"Jo\u00e3o Pedro Azevedo\",\"image\":{\"@type\":\"ImageObject\",\"inLanguage\":\"pt-BR\",\"@id\":\"https:\\\/\\\/secure.gravatar.com\\\/avatar\\\/34aacffb2f10625483f480470f3274778dd1c183ba4f66444bb60ae92149bf8a?s=96&d=mm&r=g\",\"url\":\"https:\\\/\\\/secure.gravatar.com\\\/avatar\\\/34aacffb2f10625483f480470f3274778dd1c183ba4f66444bb60ae92149bf8a?s=96&d=mm&r=g\",\"contentUrl\":\"https:\\\/\\\/secure.gravatar.com\\\/avatar\\\/34aacffb2f10625483f480470f3274778dd1c183ba4f66444bb60ae92149bf8a?s=96&d=mm&r=g\",\"caption\":\"Jo\u00e3o Pedro Azevedo\"},\"url\":\"https:\\\/\\\/rehagro.com.br\\\/blog\\\/author\\\/joao-pedro\\\/\"}]}<\/script>\n<!-- \/ Yoast SEO plugin. -->","yoast_head_json":{"title":"Ra\u00e7as de gado de corte no Brasil: quais s\u00e3o as principais?","description":"H\u00e1 diversas ra\u00e7as de gado de corte na pecu\u00e1ria brasileira. Conhe\u00e7a as suas caracter\u00edsticas e contribui\u00e7\u00f5es \u00fanicas para a qualidade da carne.","robots":{"index":"index","follow":"follow","max-snippet":"max-snippet:-1","max-image-preview":"max-image-preview:large","max-video-preview":"max-video-preview:-1"},"canonical":"https:\/\/rehagro.com.br\/blog\/racas-de-gado-de-corte\/","og_locale":"pt_BR","og_type":"article","og_title":"Ra\u00e7as de gado de corte no Brasil: quais s\u00e3o as principais?","og_description":"H\u00e1 diversas ra\u00e7as de gado de corte na pecu\u00e1ria brasileira. Conhe\u00e7a as suas caracter\u00edsticas e contribui\u00e7\u00f5es \u00fanicas para a qualidade da carne.","og_url":"https:\/\/rehagro.com.br\/blog\/racas-de-gado-de-corte\/","og_site_name":"Rehagro Blog","article_published_time":"2024-01-23T11:00:53+00:00","article_modified_time":"2026-04-07T19:41:52+00:00","og_image":[{"width":1000,"height":750,"url":"https:\/\/rehagro.com.br\/blog\/wp-content\/uploads\/2024\/01\/capa-raca-de-gado.jpg","type":"image\/jpeg"}],"author":"Jo\u00e3o Pedro Azevedo","twitter_card":"summary_large_image","twitter_misc":{"Escrito por":"Jo\u00e3o Pedro Azevedo","Est. tempo de leitura":"15 minutos"},"schema":{"@context":"https:\/\/schema.org","@graph":[{"@type":"Article","@id":"https:\/\/rehagro.com.br\/blog\/racas-de-gado-de-corte\/#article","isPartOf":{"@id":"https:\/\/rehagro.com.br\/blog\/racas-de-gado-de-corte\/"},"author":{"name":"Jo\u00e3o Pedro Azevedo","@id":"https:\/\/rehagro.com.br\/blog\/#\/schema\/person\/f2d1ae51b04939615ceebb3c0bfd8a94"},"headline":"Ra\u00e7as de gado de corte no Brasil: conhe\u00e7a as principais","datePublished":"2024-01-23T11:00:53+00:00","dateModified":"2026-04-07T19:41:52+00:00","mainEntityOfPage":{"@id":"https:\/\/rehagro.com.br\/blog\/racas-de-gado-de-corte\/"},"wordCount":2620,"commentCount":1,"publisher":{"@id":"https:\/\/rehagro.com.br\/blog\/#organization"},"image":{"@id":"https:\/\/rehagro.com.br\/blog\/racas-de-gado-de-corte\/#primaryimage"},"thumbnailUrl":"https:\/\/rehagro.com.br\/blog\/wp-content\/uploads\/2024\/01\/capa-raca-de-gado.jpg","keywords":["angus","brahman","nelore","pecu\u00e1ria de corte","ra\u00e7as de gado","senepol","sindi"],"articleSection":["CORTE"],"inLanguage":"pt-BR","potentialAction":[{"@type":"CommentAction","name":"Comment","target":["https:\/\/rehagro.com.br\/blog\/racas-de-gado-de-corte\/#respond"]}]},{"@type":"WebPage","@id":"https:\/\/rehagro.com.br\/blog\/racas-de-gado-de-corte\/","url":"https:\/\/rehagro.com.br\/blog\/racas-de-gado-de-corte\/","name":"Ra\u00e7as de gado de corte no Brasil: quais s\u00e3o as principais?","isPartOf":{"@id":"https:\/\/rehagro.com.br\/blog\/#website"},"primaryImageOfPage":{"@id":"https:\/\/rehagro.com.br\/blog\/racas-de-gado-de-corte\/#primaryimage"},"image":{"@id":"https:\/\/rehagro.com.br\/blog\/racas-de-gado-de-corte\/#primaryimage"},"thumbnailUrl":"https:\/\/rehagro.com.br\/blog\/wp-content\/uploads\/2024\/01\/capa-raca-de-gado.jpg","datePublished":"2024-01-23T11:00:53+00:00","dateModified":"2026-04-07T19:41:52+00:00","description":"H\u00e1 diversas ra\u00e7as de gado de corte na pecu\u00e1ria brasileira. Conhe\u00e7a as suas caracter\u00edsticas e contribui\u00e7\u00f5es \u00fanicas para a qualidade da carne.","breadcrumb":{"@id":"https:\/\/rehagro.com.br\/blog\/racas-de-gado-de-corte\/#breadcrumb"},"inLanguage":"pt-BR","potentialAction":[{"@type":"ReadAction","target":["https:\/\/rehagro.com.br\/blog\/racas-de-gado-de-corte\/"]}]},{"@type":"ImageObject","inLanguage":"pt-BR","@id":"https:\/\/rehagro.com.br\/blog\/racas-de-gado-de-corte\/#primaryimage","url":"https:\/\/rehagro.com.br\/blog\/wp-content\/uploads\/2024\/01\/capa-raca-de-gado.jpg","contentUrl":"https:\/\/rehagro.com.br\/blog\/wp-content\/uploads\/2024\/01\/capa-raca-de-gado.jpg","width":1000,"height":750},{"@type":"BreadcrumbList","@id":"https:\/\/rehagro.com.br\/blog\/racas-de-gado-de-corte\/#breadcrumb","itemListElement":[{"@type":"ListItem","position":1,"name":"In\u00edcio","item":"https:\/\/rehagro.com.br\/blog\/"},{"@type":"ListItem","position":2,"name":"Ra\u00e7as de gado de corte no Brasil: conhe\u00e7a as principais"}]},{"@type":"WebSite","@id":"https:\/\/rehagro.com.br\/blog\/#website","url":"https:\/\/rehagro.com.br\/blog\/","name":"Rehagro Blog","description":"","publisher":{"@id":"https:\/\/rehagro.com.br\/blog\/#organization"},"potentialAction":[{"@type":"SearchAction","target":{"@type":"EntryPoint","urlTemplate":"https:\/\/rehagro.com.br\/blog\/?s={search_term_string}"},"query-input":{"@type":"PropertyValueSpecification","valueRequired":true,"valueName":"search_term_string"}}],"inLanguage":"pt-BR"},{"@type":"Organization","@id":"https:\/\/rehagro.com.br\/blog\/#organization","name":"Rehagro","url":"https:\/\/rehagro.com.br\/blog\/","logo":{"@type":"ImageObject","inLanguage":"pt-BR","@id":"https:\/\/rehagro.com.br\/blog\/#\/schema\/logo\/image\/","url":"https:\/\/rehagro.com.br\/blog\/wp-content\/uploads\/2018\/05\/logo-rehagro.png","contentUrl":"https:\/\/rehagro.com.br\/blog\/wp-content\/uploads\/2018\/05\/logo-rehagro.png","width":400,"height":115,"caption":"Rehagro"},"image":{"@id":"https:\/\/rehagro.com.br\/blog\/#\/schema\/logo\/image\/"}},{"@type":"Person","@id":"https:\/\/rehagro.com.br\/blog\/#\/schema\/person\/f2d1ae51b04939615ceebb3c0bfd8a94","name":"Jo\u00e3o Pedro Azevedo","image":{"@type":"ImageObject","inLanguage":"pt-BR","@id":"https:\/\/secure.gravatar.com\/avatar\/34aacffb2f10625483f480470f3274778dd1c183ba4f66444bb60ae92149bf8a?s=96&d=mm&r=g","url":"https:\/\/secure.gravatar.com\/avatar\/34aacffb2f10625483f480470f3274778dd1c183ba4f66444bb60ae92149bf8a?s=96&d=mm&r=g","contentUrl":"https:\/\/secure.gravatar.com\/avatar\/34aacffb2f10625483f480470f3274778dd1c183ba4f66444bb60ae92149bf8a?s=96&d=mm&r=g","caption":"Jo\u00e3o Pedro Azevedo"},"url":"https:\/\/rehagro.com.br\/blog\/author\/joao-pedro\/"}]}},"_links":{"self":[{"href":"https:\/\/rehagro.com.br\/blog\/wp-json\/wp\/v2\/posts\/27084","targetHints":{"allow":["GET"]}}],"collection":[{"href":"https:\/\/rehagro.com.br\/blog\/wp-json\/wp\/v2\/posts"}],"about":[{"href":"https:\/\/rehagro.com.br\/blog\/wp-json\/wp\/v2\/types\/post"}],"author":[{"embeddable":true,"href":"https:\/\/rehagro.com.br\/blog\/wp-json\/wp\/v2\/users\/21"}],"replies":[{"embeddable":true,"href":"https:\/\/rehagro.com.br\/blog\/wp-json\/wp\/v2\/comments?post=27084"}],"version-history":[{"count":34,"href":"https:\/\/rehagro.com.br\/blog\/wp-json\/wp\/v2\/posts\/27084\/revisions"}],"predecessor-version":[{"id":42081,"href":"https:\/\/rehagro.com.br\/blog\/wp-json\/wp\/v2\/posts\/27084\/revisions\/42081"}],"wp:featuredmedia":[{"embeddable":true,"href":"https:\/\/rehagro.com.br\/blog\/wp-json\/wp\/v2\/media\/27092"}],"wp:attachment":[{"href":"https:\/\/rehagro.com.br\/blog\/wp-json\/wp\/v2\/media?parent=27084"}],"wp:term":[{"taxonomy":"category","embeddable":true,"href":"https:\/\/rehagro.com.br\/blog\/wp-json\/wp\/v2\/categories?post=27084"},{"taxonomy":"post_tag","embeddable":true,"href":"https:\/\/rehagro.com.br\/blog\/wp-json\/wp\/v2\/tags?post=27084"}],"curies":[{"name":"wp","href":"https:\/\/api.w.org\/{rel}","templated":true}]}}