{"id":24905,"date":"2023-10-20T09:00:49","date_gmt":"2023-10-20T12:00:49","guid":{"rendered":"https:\/\/rehagro.com.br\/blog\/?p=24905"},"modified":"2026-04-08T15:43:58","modified_gmt":"2026-04-08T18:43:58","slug":"tratamento-drench-via-solo-no-cafe","status":"publish","type":"post","link":"https:\/\/rehagro.com.br\/blog\/tratamento-drench-via-solo-no-cafe\/","title":{"rendered":"Tratamento drench via solo no caf\u00e9: estrat\u00e9gias eficazes para pragas e doen\u00e7as"},"content":{"rendered":"<p>A cafeicultura \u00e9 uma atividade agr\u00edcola de grande import\u00e2ncia econ\u00f4mica, e a prote\u00e7\u00e3o das planta\u00e7\u00f5es de caf\u00e9 contra pragas e doen\u00e7as desempenha um papel fundamental na obten\u00e7\u00e3o de colheitas saud\u00e1veis e produtivas.<\/p>\n<p>Neste artigo, vamos explorar as <strong>estrat\u00e9gias de tratamento fitossanit\u00e1rio<\/strong> para a cultura do caf\u00e9, destacando como adapt\u00e1-las de acordo com a press\u00e3o de pragas e doen\u00e7as em diferentes regi\u00f5es.<\/p>\n<div style=\"background-color: #efefef; padding-left: 10px; padding-right: 5px; border-radius: 10px;\">\n<p>&nbsp;<\/p>\n<p style=\"text-align: center;\"><strong><span style=\"font-size: 14pt;\">Sem tempo para ler agora? Baixe este artigo em PDF!<\/span><\/strong><\/p>\n<p><script charset=\"utf-8\" type=\"text\/javascript\" src=\"\/\/js.hsforms.net\/forms\/embed\/v2.js\"><\/script><br \/>\n<script>\nhbspt.forms.create({\nregion: \"na1\",\nportalId: \"5430441\",\nformId: \"7dcaf60d-0e23-40ed-8b40-9b8cb07b4128\"\n});\n<\/script><\/p>\n<\/div>\n<h2>Identificando as principais amea\u00e7as<\/h2>\n<p>Antes de implementar qualquer tratamento fitossanit\u00e1rio, \u00e9 crucial identificar as principais <strong><a href=\"https:\/\/rehagro.com.br\/blog\/pragas-do-cafe-arabica\/\" target=\"_blank\" rel=\"noopener\">pragas<\/a><\/strong> e doen\u00e7as que afetam a cafeicultura.<\/p>\n<p>Essa an\u00e1lise preliminar permite direcionar os esfor\u00e7os para as amea\u00e7as mais relevantes. Algumas das amea\u00e7as mais comuns incluem o <strong>bicho mineiro e a ferrugem<\/strong>.<\/p>\n<p><img loading=\"lazy\" decoding=\"async\" class=\"aligncenter size-large wp-image-24906\" src=\"https:\/\/rehagro.com.br\/blog\/wp-content\/uploads\/2023\/10\/principais-ameacas-cafe-1024x509.jpg\" alt=\"Calend\u00e1rio com as principais amea\u00e7as do caf\u00e9\" width=\"770\" height=\"383\" srcset=\"https:\/\/rehagro.com.br\/blog\/wp-content\/uploads\/2023\/10\/principais-ameacas-cafe-1024x509.jpg 1024w, https:\/\/rehagro.com.br\/blog\/wp-content\/uploads\/2023\/10\/principais-ameacas-cafe-300x149.jpg 300w, https:\/\/rehagro.com.br\/blog\/wp-content\/uploads\/2023\/10\/principais-ameacas-cafe-768x382.jpg 768w, https:\/\/rehagro.com.br\/blog\/wp-content\/uploads\/2023\/10\/principais-ameacas-cafe-370x184.jpg 370w, https:\/\/rehagro.com.br\/blog\/wp-content\/uploads\/2023\/10\/principais-ameacas-cafe-270x134.jpg 270w, https:\/\/rehagro.com.br\/blog\/wp-content\/uploads\/2023\/10\/principais-ameacas-cafe-740x368.jpg 740w, https:\/\/rehagro.com.br\/blog\/wp-content\/uploads\/2023\/10\/principais-ameacas-cafe-150x75.jpg 150w, https:\/\/rehagro.com.br\/blog\/wp-content\/uploads\/2023\/10\/principais-ameacas-cafe.jpg 1177w\" sizes=\"auto, (max-width: 770px) 100vw, 770px\" \/><\/p>\n<p style=\"text-align: center;\"><span style=\"font-weight: 400; font-size: 10pt;\">\u00c1reas com o vermelho mais forte: presen\u00e7a constante da doen\u00e7a\/praga<\/span><\/p>\n<p style=\"text-align: center;\"><span style=\"font-weight: 400; font-size: 10pt;\">\u00c1reas com o vermelho mais fraco: presen\u00e7a m\u00e9dia doen\u00e7a\/praga<\/span><\/p>\n<p style=\"text-align: center;\"><span style=\"font-weight: 400; font-size: 10pt;\">\u00c1reas em branco: pouca presen\u00e7a da doen\u00e7a\/praga<\/span><\/p>\n<h2>O desafio do bicho mineiro<\/h2>\n<p>O <strong><a href=\"https:\/\/rehagro.com.br\/blog\/bicho-mineiro-nao-perca-o-controle\/\">bicho mineiro<\/a><\/strong> \u00e9 uma praga que exige aten\u00e7\u00e3o especial, e sua press\u00e3o varia de acordo com a regi\u00e3o.<\/p>\n<p>Em \u00e1reas de alta press\u00e3o, onde o clima \u00e9 mais seco e quente, a presen\u00e7a do bicho mineiro \u00e9 constante, com picos em janeiro e durante a esta\u00e7\u00e3o seca, que se estende de abril a outubro. Nas regi\u00f5es de baixa press\u00e3o, a intensidade \u00e9 menor, com poss\u00edveis ataques em janeiro, seguidos de um per\u00edodo mais tranquilo at\u00e9 abril.<\/p>\n<p><a href=\"https:\/\/conteudo.rehagro.com.br\/guia-principais-pragas-doencas-cafe?utm_campaign=material-cafe&amp;utm_source=guia-pragas-doencas&amp;utm_medium=blog\" target=\"_blank\" rel=\"noopener\"><img loading=\"lazy\" decoding=\"async\" class=\"aligncenter wp-image-39679 size-full\" title=\"Clique e baixe o material gratuitamente!\" src=\"https:\/\/rehagro.com.br\/blog\/wp-content\/uploads\/2025\/09\/banner-guia-pragas-doencas-cafe.png\" alt=\"Guia Pragas e doen\u00e7as do caf\u00e9\" width=\"980\" height=\"317\" srcset=\"https:\/\/rehagro.com.br\/blog\/wp-content\/uploads\/2025\/09\/banner-guia-pragas-doencas-cafe.png 980w, https:\/\/rehagro.com.br\/blog\/wp-content\/uploads\/2025\/09\/banner-guia-pragas-doencas-cafe-300x97.png 300w, https:\/\/rehagro.com.br\/blog\/wp-content\/uploads\/2025\/09\/banner-guia-pragas-doencas-cafe-768x248.png 768w, https:\/\/rehagro.com.br\/blog\/wp-content\/uploads\/2025\/09\/banner-guia-pragas-doencas-cafe-370x120.png 370w, https:\/\/rehagro.com.br\/blog\/wp-content\/uploads\/2025\/09\/banner-guia-pragas-doencas-cafe-270x87.png 270w, https:\/\/rehagro.com.br\/blog\/wp-content\/uploads\/2025\/09\/banner-guia-pragas-doencas-cafe-740x239.png 740w, https:\/\/rehagro.com.br\/blog\/wp-content\/uploads\/2025\/09\/banner-guia-pragas-doencas-cafe-150x49.png 150w\" sizes=\"auto, (max-width: 980px) 100vw, 980px\" \/><\/a><\/p>\n<h2>Lidando com a ferrugem<\/h2>\n<p>A <strong><a href=\"https:\/\/rehagro.com.br\/blog\/controle-da-ferrugem-do-cafeeiro\/\" target=\"_blank\" rel=\"noopener\">ferrugem<\/a><\/strong> \u00e9 outra preocupa\u00e7\u00e3o significativa para os cafeicultores. Sua press\u00e3o varia de maneira inversa em rela\u00e7\u00e3o ao bicho mineiro.<\/p>\n<p>Em regi\u00f5es mais quentes e secas, a press\u00e3o da ferrugem \u00e9 menor, enquanto em \u00e1reas \u00famidas e frias, ela \u00e9 mais intensa.<\/p>\n<p>Na regi\u00e3o de alta press\u00e3o, a ferrugem come\u00e7a a se manifestar em novembro, com maior incid\u00eancia a partir de fevereiro. \u00c9 importante ressaltar que <strong>o manejo da ferrugem deve ser preventivo, n\u00e3o reativo.<\/strong><\/p>\n<p><iframe loading=\"lazy\" title=\"TRATAMENTO DRENCH VIA SOLO NA CULTURA do CAF\u00c9 | S\u00e9rie Especial Entressafra\" width=\"770\" height=\"433\" src=\"https:\/\/www.youtube.com\/embed\/sPYG5aokjpw?feature=oembed\" frameborder=\"0\" allow=\"accelerometer; autoplay; clipboard-write; encrypted-media; gyroscope; picture-in-picture; web-share\" referrerpolicy=\"strict-origin-when-cross-origin\" allowfullscreen><\/iframe><\/p>\n<h2>Estrat\u00e9gias de tratamento fitossanit\u00e1rio<\/h2>\n<p>Agora que entendemos a din\u00e2mica das amea\u00e7as, <strong>vamos abordar as estrat\u00e9gias de tratamento fitossanit\u00e1rio, focando em aplica\u00e7\u00f5es de drench e foliares.<\/strong><\/p>\n<h3>Regi\u00f5es de alta press\u00e3o<\/h3>\n<p>Em regi\u00f5es com alta press\u00e3o de pragas como o bicho mineiro, <strong>recomendamos tr\u00eas aplica\u00e7\u00f5es de solo<\/strong>.<\/p>\n<p>A primeira aplica\u00e7\u00e3o de drench ocorre em agosto, seguida por uma segunda aplica\u00e7\u00e3o de um fungicida, o triazol, e o neonicotinoide em outubro ou novembro. A terceira aplica\u00e7\u00e3o de neonicotinoide ocorre entre janeiro e fevereiro.<\/p>\n<p>Essa estrat\u00e9gia tem se mostrado eficaz no Cerrado Mineiro, onde a press\u00e3o do bicho mineiro \u00e9 elevada.<\/p>\n<p><img loading=\"lazy\" decoding=\"async\" class=\"aligncenter size-large wp-image-24907\" src=\"https:\/\/rehagro.com.br\/blog\/wp-content\/uploads\/2023\/10\/regioes-alta-pressao-1024x581.jpg\" alt=\"Aplica\u00e7\u00e3o de drench em regi\u00f5es com alta press\u00e3o de bicho mineiro\" width=\"770\" height=\"437\" srcset=\"https:\/\/rehagro.com.br\/blog\/wp-content\/uploads\/2023\/10\/regioes-alta-pressao-1024x581.jpg 1024w, https:\/\/rehagro.com.br\/blog\/wp-content\/uploads\/2023\/10\/regioes-alta-pressao-300x170.jpg 300w, https:\/\/rehagro.com.br\/blog\/wp-content\/uploads\/2023\/10\/regioes-alta-pressao-768x435.jpg 768w, https:\/\/rehagro.com.br\/blog\/wp-content\/uploads\/2023\/10\/regioes-alta-pressao-370x210.jpg 370w, https:\/\/rehagro.com.br\/blog\/wp-content\/uploads\/2023\/10\/regioes-alta-pressao-270x153.jpg 270w, https:\/\/rehagro.com.br\/blog\/wp-content\/uploads\/2023\/10\/regioes-alta-pressao-740x420.jpg 740w, https:\/\/rehagro.com.br\/blog\/wp-content\/uploads\/2023\/10\/regioes-alta-pressao-150x85.jpg 150w, https:\/\/rehagro.com.br\/blog\/wp-content\/uploads\/2023\/10\/regioes-alta-pressao.jpg 1180w\" sizes=\"auto, (max-width: 770px) 100vw, 770px\" \/><\/p>\n<h3>Regi\u00f5es de m\u00e9dia intensidade<\/h3>\n<p>Em regi\u00f5es com press\u00e3o moderada, como m\u00e9dia intensidade de bicho mineiro, \u00e9 poss\u00edvel simplificar o tratamento.<\/p>\n<p>Nesse caso, <strong>a primeira aplica\u00e7\u00e3o de agosto pode ser omitida<\/strong>. A estrat\u00e9gia consiste em uma aplica\u00e7\u00e3o de triazol e neonicotinoide em outubro ou novembro, seguida pela segunda aplica\u00e7\u00e3o de neonicotinoide entre janeiro e fevereiro.<\/p>\n<p><img loading=\"lazy\" decoding=\"async\" class=\"aligncenter size-large wp-image-24908\" src=\"https:\/\/rehagro.com.br\/blog\/wp-content\/uploads\/2023\/10\/regioes-media-intensidade-1024x604.jpg\" alt=\"Aplica\u00e7\u00e3o de drench em regi\u00f5es de m\u00e9dia intensidade de bicho mineiro\" width=\"770\" height=\"454\" srcset=\"https:\/\/rehagro.com.br\/blog\/wp-content\/uploads\/2023\/10\/regioes-media-intensidade-1024x604.jpg 1024w, https:\/\/rehagro.com.br\/blog\/wp-content\/uploads\/2023\/10\/regioes-media-intensidade-300x177.jpg 300w, https:\/\/rehagro.com.br\/blog\/wp-content\/uploads\/2023\/10\/regioes-media-intensidade-768x453.jpg 768w, https:\/\/rehagro.com.br\/blog\/wp-content\/uploads\/2023\/10\/regioes-media-intensidade-370x218.jpg 370w, https:\/\/rehagro.com.br\/blog\/wp-content\/uploads\/2023\/10\/regioes-media-intensidade-270x159.jpg 270w, https:\/\/rehagro.com.br\/blog\/wp-content\/uploads\/2023\/10\/regioes-media-intensidade-740x436.jpg 740w, https:\/\/rehagro.com.br\/blog\/wp-content\/uploads\/2023\/10\/regioes-media-intensidade-150x88.jpg 150w, https:\/\/rehagro.com.br\/blog\/wp-content\/uploads\/2023\/10\/regioes-media-intensidade.jpg 1092w\" sizes=\"auto, (max-width: 770px) 100vw, 770px\" \/><\/p>\n<h3>Regi\u00f5es de baixa press\u00e3o<\/h3>\n<p>Em regi\u00f5es onde a press\u00e3o das pragas \u00e9 baixa, como o bicho mineiro quase n\u00e3o representa uma amea\u00e7a, \u00e9 poss\u00edvel reduzir ainda mais o tratamento.<\/p>\n<p>Nesse cen\u00e1rio, a terceira aplica\u00e7\u00e3o de neonicotinoide pode ser exclu\u00edda, <strong>com foco na aplica\u00e7\u00e3o de triazol e neonicotinoide em outubro ou novembro.<\/strong><\/p>\n<p><img loading=\"lazy\" decoding=\"async\" class=\"aligncenter size-large wp-image-24909\" src=\"https:\/\/rehagro.com.br\/blog\/wp-content\/uploads\/2023\/10\/regioes-baixa-pressao-1024x613.jpg\" alt=\"Aplica\u00e7\u00e3o de drench em regi\u00f5es com baixa press\u00e3o de bicho mineiro\" width=\"770\" height=\"461\" srcset=\"https:\/\/rehagro.com.br\/blog\/wp-content\/uploads\/2023\/10\/regioes-baixa-pressao-1024x613.jpg 1024w, https:\/\/rehagro.com.br\/blog\/wp-content\/uploads\/2023\/10\/regioes-baixa-pressao-300x180.jpg 300w, https:\/\/rehagro.com.br\/blog\/wp-content\/uploads\/2023\/10\/regioes-baixa-pressao-768x460.jpg 768w, https:\/\/rehagro.com.br\/blog\/wp-content\/uploads\/2023\/10\/regioes-baixa-pressao-370x221.jpg 370w, https:\/\/rehagro.com.br\/blog\/wp-content\/uploads\/2023\/10\/regioes-baixa-pressao-270x162.jpg 270w, https:\/\/rehagro.com.br\/blog\/wp-content\/uploads\/2023\/10\/regioes-baixa-pressao-740x443.jpg 740w, https:\/\/rehagro.com.br\/blog\/wp-content\/uploads\/2023\/10\/regioes-baixa-pressao-150x90.jpg 150w, https:\/\/rehagro.com.br\/blog\/wp-content\/uploads\/2023\/10\/regioes-baixa-pressao.jpg 1083w\" sizes=\"auto, (max-width: 770px) 100vw, 770px\" \/><\/p>\n<h2>Conclus\u00e3o<\/h2>\n<p>O tratamento fitossanit\u00e1rio da cultura do caf\u00e9 \u00e9 fundamental para garantir a qualidade e a produtividade das colheitas.<\/p>\n<p>Ao adaptar as estrat\u00e9gias de aplica\u00e7\u00f5es de drench e foliares de acordo com a press\u00e3o das pragas e <strong><a href=\"https:\/\/rehagro.com.br\/blog\/principais-doencas-do-cafe-como-identifica-las\/\">doen\u00e7as<\/a> <\/strong>em sua regi\u00e3o, os cafeicultores podem otimizar seus recursos e proteger suas planta\u00e7\u00f5es de maneira eficaz.<\/p>\n<p>Lembre-se sempre de trabalhar de forma preventiva, antecipando as amea\u00e7as antes que se tornem problemas s\u00e9rios.<\/p>\n<h2>Alcance mais efici\u00eancia e rentabilidade na produ\u00e7\u00e3o de caf\u00e9<\/h2>\n<p>O tratamento drench via solo \u00e9 uma ferramenta importante no manejo de pragas e doen\u00e7as, mas para garantir o sucesso da lavoura \u00e9 fundamental integrar essa pr\u00e1tica a uma gest\u00e3o completa e estrat\u00e9gica da produ\u00e7\u00e3o.<\/p>\n<p>No <strong><a href=\"https:\/\/rehagro.com.br\/cursos\/capacitacao-em-gestao-na-producao-de-cafe?utm_campaign=mkt-materiais-gc&amp;utm_source=textos&amp;utm_medium=blog\">Curso Gest\u00e3o na Produ\u00e7\u00e3o de Caf\u00e9 Ar\u00e1bica<\/a><\/strong>\u00a0do Rehagro, voc\u00ea ter\u00e1 acesso a conte\u00fados pr\u00e1ticos, ferramentas de gest\u00e3o e a experi\u00eancia de especialistas que v\u00e3o ajud\u00e1-lo a tomar decis\u00f5es mais assertivas e aumentar a produtividade da sua lavoura.<\/p>\n<p><a href=\"https:\/\/rehagro.com.br\/cursos\/capacitacao-em-gestao-na-producao-de-cafe?utm_campaign=mkt-materiais-gc&amp;utm_source=textos&amp;utm_medium=blog\" target=\"_blank\" rel=\"noopener\"><img loading=\"lazy\" decoding=\"async\" class=\"aligncenter wp-image-24250 size-full\" title=\"Clique e saiba mais sobre o curso!\" src=\"https:\/\/rehagro.com.br\/blog\/wp-content\/uploads\/2023\/09\/banner-gc.jpg\" alt=\"Curso Gest\u00e3o na Produ\u00e7\u00e3o de Caf\u00e9 Ar\u00e1bica\" width=\"980\" height=\"317\" srcset=\"https:\/\/rehagro.com.br\/blog\/wp-content\/uploads\/2023\/09\/banner-gc.jpg 980w, https:\/\/rehagro.com.br\/blog\/wp-content\/uploads\/2023\/09\/banner-gc-300x97.jpg 300w, https:\/\/rehagro.com.br\/blog\/wp-content\/uploads\/2023\/09\/banner-gc-768x248.jpg 768w, https:\/\/rehagro.com.br\/blog\/wp-content\/uploads\/2023\/09\/banner-gc-370x120.jpg 370w, https:\/\/rehagro.com.br\/blog\/wp-content\/uploads\/2023\/09\/banner-gc-270x87.jpg 270w, https:\/\/rehagro.com.br\/blog\/wp-content\/uploads\/2023\/09\/banner-gc-740x239.jpg 740w, https:\/\/rehagro.com.br\/blog\/wp-content\/uploads\/2023\/09\/banner-gc-150x49.jpg 150w\" sizes=\"auto, (max-width: 980px) 100vw, 980px\" \/><\/a><\/p>\n","protected":false},"excerpt":{"rendered":"<p>A cafeicultura \u00e9 uma atividade agr\u00edcola de grande import\u00e2ncia econ\u00f4mica, e a prote\u00e7\u00e3o das planta\u00e7\u00f5es de caf\u00e9 contra pragas e doen\u00e7as desempenha um papel fundamental na obten\u00e7\u00e3o de colheitas saud\u00e1veis e produtivas. Neste artigo, vamos explorar as estrat\u00e9gias de tratamento fitossanit\u00e1rio para a cultura do caf\u00e9, destacando como adapt\u00e1-las de acordo com a press\u00e3o de [&hellip;]<\/p>\n","protected":false},"author":21,"featured_media":28928,"comment_status":"open","ping_status":"open","sticky":false,"template":"","format":"standard","meta":{"footnotes":""},"categories":[211],"tags":[759,673,583,1113],"class_list":["post-24905","post","type-post","status-publish","format-standard","has-post-thumbnail","hentry","category-cafe","tag-bicho-mineiro","tag-cafeicultura","tag-ferrugem","tag-tratamentos"],"yoast_head":"<!-- This site is optimized with the Yoast SEO plugin v27.5 - https:\/\/yoast.com\/product\/yoast-seo-wordpress\/ -->\n<title>Tratamento drench via solo na cafeicultura: como utilizar?<\/title>\n<meta name=\"description\" content=\"Descubra as melhores estrat\u00e9gias de tratamento drench via solo para proteger sua planta\u00e7\u00e3o de caf\u00e9 contra pragas e doen\u00e7as.\" \/>\n<meta name=\"robots\" content=\"index, follow, max-snippet:-1, max-image-preview:large, max-video-preview:-1\" \/>\n<link rel=\"canonical\" href=\"https:\/\/rehagro.com.br\/blog\/tratamento-drench-via-solo-no-cafe\/\" \/>\n<meta property=\"og:locale\" content=\"pt_BR\" \/>\n<meta property=\"og:type\" content=\"article\" \/>\n<meta property=\"og:title\" content=\"Tratamento drench via solo na cafeicultura: como utilizar?\" \/>\n<meta property=\"og:description\" content=\"Descubra as melhores estrat\u00e9gias de tratamento drench via solo para proteger sua planta\u00e7\u00e3o de caf\u00e9 contra pragas e doen\u00e7as.\" \/>\n<meta property=\"og:url\" content=\"https:\/\/rehagro.com.br\/blog\/tratamento-drench-via-solo-no-cafe\/\" \/>\n<meta property=\"og:site_name\" content=\"Rehagro Blog\" \/>\n<meta property=\"article:published_time\" content=\"2023-10-20T12:00:49+00:00\" \/>\n<meta property=\"article:modified_time\" content=\"2026-04-08T18:43:58+00:00\" \/>\n<meta property=\"og:image\" content=\"https:\/\/rehagro.com.br\/blog\/wp-content\/uploads\/2023\/10\/capa-tratamento-drench-via-solo-1.jpg\" \/>\n\t<meta property=\"og:image:width\" content=\"1000\" \/>\n\t<meta property=\"og:image:height\" content=\"666\" \/>\n\t<meta property=\"og:image:type\" content=\"image\/jpeg\" \/>\n<meta name=\"author\" content=\"Jo\u00e3o Pedro Azevedo\" \/>\n<meta name=\"twitter:card\" content=\"summary_large_image\" \/>\n<meta name=\"twitter:label1\" content=\"Escrito por\" \/>\n\t<meta name=\"twitter:data1\" content=\"Jo\u00e3o Pedro Azevedo\" \/>\n\t<meta name=\"twitter:label2\" content=\"Est. tempo de leitura\" \/>\n\t<meta name=\"twitter:data2\" content=\"6 minutos\" \/>\n<script type=\"application\/ld+json\" class=\"yoast-schema-graph\">{\"@context\":\"https:\\\/\\\/schema.org\",\"@graph\":[{\"@type\":\"Article\",\"@id\":\"https:\\\/\\\/rehagro.com.br\\\/blog\\\/tratamento-drench-via-solo-no-cafe\\\/#article\",\"isPartOf\":{\"@id\":\"https:\\\/\\\/rehagro.com.br\\\/blog\\\/tratamento-drench-via-solo-no-cafe\\\/\"},\"author\":{\"name\":\"Jo\u00e3o Pedro Azevedo\",\"@id\":\"https:\\\/\\\/rehagro.com.br\\\/blog\\\/#\\\/schema\\\/person\\\/f2d1ae51b04939615ceebb3c0bfd8a94\"},\"headline\":\"Tratamento drench via solo no caf\u00e9: estrat\u00e9gias eficazes para pragas e doen\u00e7as\",\"datePublished\":\"2023-10-20T12:00:49+00:00\",\"dateModified\":\"2026-04-08T18:43:58+00:00\",\"mainEntityOfPage\":{\"@id\":\"https:\\\/\\\/rehagro.com.br\\\/blog\\\/tratamento-drench-via-solo-no-cafe\\\/\"},\"wordCount\":784,\"commentCount\":0,\"publisher\":{\"@id\":\"https:\\\/\\\/rehagro.com.br\\\/blog\\\/#organization\"},\"image\":{\"@id\":\"https:\\\/\\\/rehagro.com.br\\\/blog\\\/tratamento-drench-via-solo-no-cafe\\\/#primaryimage\"},\"thumbnailUrl\":\"https:\\\/\\\/rehagro.com.br\\\/blog\\\/wp-content\\\/uploads\\\/2023\\\/10\\\/capa-tratamento-drench-via-solo-1.jpg\",\"keywords\":[\"bicho-mineiro\",\"cafeicultura\",\"ferrugem\",\"tratamentos\"],\"articleSection\":[\"CAF\u00c9\"],\"inLanguage\":\"pt-BR\",\"potentialAction\":[{\"@type\":\"CommentAction\",\"name\":\"Comment\",\"target\":[\"https:\\\/\\\/rehagro.com.br\\\/blog\\\/tratamento-drench-via-solo-no-cafe\\\/#respond\"]}]},{\"@type\":\"WebPage\",\"@id\":\"https:\\\/\\\/rehagro.com.br\\\/blog\\\/tratamento-drench-via-solo-no-cafe\\\/\",\"url\":\"https:\\\/\\\/rehagro.com.br\\\/blog\\\/tratamento-drench-via-solo-no-cafe\\\/\",\"name\":\"Tratamento drench via solo na cafeicultura: como utilizar?\",\"isPartOf\":{\"@id\":\"https:\\\/\\\/rehagro.com.br\\\/blog\\\/#website\"},\"primaryImageOfPage\":{\"@id\":\"https:\\\/\\\/rehagro.com.br\\\/blog\\\/tratamento-drench-via-solo-no-cafe\\\/#primaryimage\"},\"image\":{\"@id\":\"https:\\\/\\\/rehagro.com.br\\\/blog\\\/tratamento-drench-via-solo-no-cafe\\\/#primaryimage\"},\"thumbnailUrl\":\"https:\\\/\\\/rehagro.com.br\\\/blog\\\/wp-content\\\/uploads\\\/2023\\\/10\\\/capa-tratamento-drench-via-solo-1.jpg\",\"datePublished\":\"2023-10-20T12:00:49+00:00\",\"dateModified\":\"2026-04-08T18:43:58+00:00\",\"description\":\"Descubra as melhores estrat\u00e9gias de tratamento drench via solo para proteger sua planta\u00e7\u00e3o de caf\u00e9 contra pragas e doen\u00e7as.\",\"breadcrumb\":{\"@id\":\"https:\\\/\\\/rehagro.com.br\\\/blog\\\/tratamento-drench-via-solo-no-cafe\\\/#breadcrumb\"},\"inLanguage\":\"pt-BR\",\"potentialAction\":[{\"@type\":\"ReadAction\",\"target\":[\"https:\\\/\\\/rehagro.com.br\\\/blog\\\/tratamento-drench-via-solo-no-cafe\\\/\"]}]},{\"@type\":\"ImageObject\",\"inLanguage\":\"pt-BR\",\"@id\":\"https:\\\/\\\/rehagro.com.br\\\/blog\\\/tratamento-drench-via-solo-no-cafe\\\/#primaryimage\",\"url\":\"https:\\\/\\\/rehagro.com.br\\\/blog\\\/wp-content\\\/uploads\\\/2023\\\/10\\\/capa-tratamento-drench-via-solo-1.jpg\",\"contentUrl\":\"https:\\\/\\\/rehagro.com.br\\\/blog\\\/wp-content\\\/uploads\\\/2023\\\/10\\\/capa-tratamento-drench-via-solo-1.jpg\",\"width\":1000,\"height\":666,\"caption\":\"Tratamento drench via solo no caf\u00e9\"},{\"@type\":\"BreadcrumbList\",\"@id\":\"https:\\\/\\\/rehagro.com.br\\\/blog\\\/tratamento-drench-via-solo-no-cafe\\\/#breadcrumb\",\"itemListElement\":[{\"@type\":\"ListItem\",\"position\":1,\"name\":\"In\u00edcio\",\"item\":\"https:\\\/\\\/rehagro.com.br\\\/blog\\\/\"},{\"@type\":\"ListItem\",\"position\":2,\"name\":\"Tratamento drench via solo no caf\u00e9: estrat\u00e9gias eficazes para pragas e doen\u00e7as\"}]},{\"@type\":\"WebSite\",\"@id\":\"https:\\\/\\\/rehagro.com.br\\\/blog\\\/#website\",\"url\":\"https:\\\/\\\/rehagro.com.br\\\/blog\\\/\",\"name\":\"Rehagro Blog\",\"description\":\"\",\"publisher\":{\"@id\":\"https:\\\/\\\/rehagro.com.br\\\/blog\\\/#organization\"},\"potentialAction\":[{\"@type\":\"SearchAction\",\"target\":{\"@type\":\"EntryPoint\",\"urlTemplate\":\"https:\\\/\\\/rehagro.com.br\\\/blog\\\/?s={search_term_string}\"},\"query-input\":{\"@type\":\"PropertyValueSpecification\",\"valueRequired\":true,\"valueName\":\"search_term_string\"}}],\"inLanguage\":\"pt-BR\"},{\"@type\":\"Organization\",\"@id\":\"https:\\\/\\\/rehagro.com.br\\\/blog\\\/#organization\",\"name\":\"Rehagro\",\"url\":\"https:\\\/\\\/rehagro.com.br\\\/blog\\\/\",\"logo\":{\"@type\":\"ImageObject\",\"inLanguage\":\"pt-BR\",\"@id\":\"https:\\\/\\\/rehagro.com.br\\\/blog\\\/#\\\/schema\\\/logo\\\/image\\\/\",\"url\":\"https:\\\/\\\/rehagro.com.br\\\/blog\\\/wp-content\\\/uploads\\\/2018\\\/05\\\/logo-rehagro.png\",\"contentUrl\":\"https:\\\/\\\/rehagro.com.br\\\/blog\\\/wp-content\\\/uploads\\\/2018\\\/05\\\/logo-rehagro.png\",\"width\":400,\"height\":115,\"caption\":\"Rehagro\"},\"image\":{\"@id\":\"https:\\\/\\\/rehagro.com.br\\\/blog\\\/#\\\/schema\\\/logo\\\/image\\\/\"}},{\"@type\":\"Person\",\"@id\":\"https:\\\/\\\/rehagro.com.br\\\/blog\\\/#\\\/schema\\\/person\\\/f2d1ae51b04939615ceebb3c0bfd8a94\",\"name\":\"Jo\u00e3o Pedro Azevedo\",\"image\":{\"@type\":\"ImageObject\",\"inLanguage\":\"pt-BR\",\"@id\":\"https:\\\/\\\/secure.gravatar.com\\\/avatar\\\/34aacffb2f10625483f480470f3274778dd1c183ba4f66444bb60ae92149bf8a?s=96&d=mm&r=g\",\"url\":\"https:\\\/\\\/secure.gravatar.com\\\/avatar\\\/34aacffb2f10625483f480470f3274778dd1c183ba4f66444bb60ae92149bf8a?s=96&d=mm&r=g\",\"contentUrl\":\"https:\\\/\\\/secure.gravatar.com\\\/avatar\\\/34aacffb2f10625483f480470f3274778dd1c183ba4f66444bb60ae92149bf8a?s=96&d=mm&r=g\",\"caption\":\"Jo\u00e3o Pedro Azevedo\"},\"url\":\"https:\\\/\\\/rehagro.com.br\\\/blog\\\/author\\\/joao-pedro\\\/\"}]}<\/script>\n<!-- \/ Yoast SEO plugin. -->","yoast_head_json":{"title":"Tratamento drench via solo na cafeicultura: como utilizar?","description":"Descubra as melhores estrat\u00e9gias de tratamento drench via solo para proteger sua planta\u00e7\u00e3o de caf\u00e9 contra pragas e doen\u00e7as.","robots":{"index":"index","follow":"follow","max-snippet":"max-snippet:-1","max-image-preview":"max-image-preview:large","max-video-preview":"max-video-preview:-1"},"canonical":"https:\/\/rehagro.com.br\/blog\/tratamento-drench-via-solo-no-cafe\/","og_locale":"pt_BR","og_type":"article","og_title":"Tratamento drench via solo na cafeicultura: como utilizar?","og_description":"Descubra as melhores estrat\u00e9gias de tratamento drench via solo para proteger sua planta\u00e7\u00e3o de caf\u00e9 contra pragas e doen\u00e7as.","og_url":"https:\/\/rehagro.com.br\/blog\/tratamento-drench-via-solo-no-cafe\/","og_site_name":"Rehagro Blog","article_published_time":"2023-10-20T12:00:49+00:00","article_modified_time":"2026-04-08T18:43:58+00:00","og_image":[{"width":1000,"height":666,"url":"https:\/\/rehagro.com.br\/blog\/wp-content\/uploads\/2023\/10\/capa-tratamento-drench-via-solo-1.jpg","type":"image\/jpeg"}],"author":"Jo\u00e3o Pedro Azevedo","twitter_card":"summary_large_image","twitter_misc":{"Escrito por":"Jo\u00e3o Pedro Azevedo","Est. tempo de leitura":"6 minutos"},"schema":{"@context":"https:\/\/schema.org","@graph":[{"@type":"Article","@id":"https:\/\/rehagro.com.br\/blog\/tratamento-drench-via-solo-no-cafe\/#article","isPartOf":{"@id":"https:\/\/rehagro.com.br\/blog\/tratamento-drench-via-solo-no-cafe\/"},"author":{"name":"Jo\u00e3o Pedro Azevedo","@id":"https:\/\/rehagro.com.br\/blog\/#\/schema\/person\/f2d1ae51b04939615ceebb3c0bfd8a94"},"headline":"Tratamento drench via solo no caf\u00e9: estrat\u00e9gias eficazes para pragas e doen\u00e7as","datePublished":"2023-10-20T12:00:49+00:00","dateModified":"2026-04-08T18:43:58+00:00","mainEntityOfPage":{"@id":"https:\/\/rehagro.com.br\/blog\/tratamento-drench-via-solo-no-cafe\/"},"wordCount":784,"commentCount":0,"publisher":{"@id":"https:\/\/rehagro.com.br\/blog\/#organization"},"image":{"@id":"https:\/\/rehagro.com.br\/blog\/tratamento-drench-via-solo-no-cafe\/#primaryimage"},"thumbnailUrl":"https:\/\/rehagro.com.br\/blog\/wp-content\/uploads\/2023\/10\/capa-tratamento-drench-via-solo-1.jpg","keywords":["bicho-mineiro","cafeicultura","ferrugem","tratamentos"],"articleSection":["CAF\u00c9"],"inLanguage":"pt-BR","potentialAction":[{"@type":"CommentAction","name":"Comment","target":["https:\/\/rehagro.com.br\/blog\/tratamento-drench-via-solo-no-cafe\/#respond"]}]},{"@type":"WebPage","@id":"https:\/\/rehagro.com.br\/blog\/tratamento-drench-via-solo-no-cafe\/","url":"https:\/\/rehagro.com.br\/blog\/tratamento-drench-via-solo-no-cafe\/","name":"Tratamento drench via solo na cafeicultura: como utilizar?","isPartOf":{"@id":"https:\/\/rehagro.com.br\/blog\/#website"},"primaryImageOfPage":{"@id":"https:\/\/rehagro.com.br\/blog\/tratamento-drench-via-solo-no-cafe\/#primaryimage"},"image":{"@id":"https:\/\/rehagro.com.br\/blog\/tratamento-drench-via-solo-no-cafe\/#primaryimage"},"thumbnailUrl":"https:\/\/rehagro.com.br\/blog\/wp-content\/uploads\/2023\/10\/capa-tratamento-drench-via-solo-1.jpg","datePublished":"2023-10-20T12:00:49+00:00","dateModified":"2026-04-08T18:43:58+00:00","description":"Descubra as melhores estrat\u00e9gias de tratamento drench via solo para proteger sua planta\u00e7\u00e3o de caf\u00e9 contra pragas e doen\u00e7as.","breadcrumb":{"@id":"https:\/\/rehagro.com.br\/blog\/tratamento-drench-via-solo-no-cafe\/#breadcrumb"},"inLanguage":"pt-BR","potentialAction":[{"@type":"ReadAction","target":["https:\/\/rehagro.com.br\/blog\/tratamento-drench-via-solo-no-cafe\/"]}]},{"@type":"ImageObject","inLanguage":"pt-BR","@id":"https:\/\/rehagro.com.br\/blog\/tratamento-drench-via-solo-no-cafe\/#primaryimage","url":"https:\/\/rehagro.com.br\/blog\/wp-content\/uploads\/2023\/10\/capa-tratamento-drench-via-solo-1.jpg","contentUrl":"https:\/\/rehagro.com.br\/blog\/wp-content\/uploads\/2023\/10\/capa-tratamento-drench-via-solo-1.jpg","width":1000,"height":666,"caption":"Tratamento drench via solo no caf\u00e9"},{"@type":"BreadcrumbList","@id":"https:\/\/rehagro.com.br\/blog\/tratamento-drench-via-solo-no-cafe\/#breadcrumb","itemListElement":[{"@type":"ListItem","position":1,"name":"In\u00edcio","item":"https:\/\/rehagro.com.br\/blog\/"},{"@type":"ListItem","position":2,"name":"Tratamento drench via solo no caf\u00e9: estrat\u00e9gias eficazes para pragas e doen\u00e7as"}]},{"@type":"WebSite","@id":"https:\/\/rehagro.com.br\/blog\/#website","url":"https:\/\/rehagro.com.br\/blog\/","name":"Rehagro Blog","description":"","publisher":{"@id":"https:\/\/rehagro.com.br\/blog\/#organization"},"potentialAction":[{"@type":"SearchAction","target":{"@type":"EntryPoint","urlTemplate":"https:\/\/rehagro.com.br\/blog\/?s={search_term_string}"},"query-input":{"@type":"PropertyValueSpecification","valueRequired":true,"valueName":"search_term_string"}}],"inLanguage":"pt-BR"},{"@type":"Organization","@id":"https:\/\/rehagro.com.br\/blog\/#organization","name":"Rehagro","url":"https:\/\/rehagro.com.br\/blog\/","logo":{"@type":"ImageObject","inLanguage":"pt-BR","@id":"https:\/\/rehagro.com.br\/blog\/#\/schema\/logo\/image\/","url":"https:\/\/rehagro.com.br\/blog\/wp-content\/uploads\/2018\/05\/logo-rehagro.png","contentUrl":"https:\/\/rehagro.com.br\/blog\/wp-content\/uploads\/2018\/05\/logo-rehagro.png","width":400,"height":115,"caption":"Rehagro"},"image":{"@id":"https:\/\/rehagro.com.br\/blog\/#\/schema\/logo\/image\/"}},{"@type":"Person","@id":"https:\/\/rehagro.com.br\/blog\/#\/schema\/person\/f2d1ae51b04939615ceebb3c0bfd8a94","name":"Jo\u00e3o Pedro Azevedo","image":{"@type":"ImageObject","inLanguage":"pt-BR","@id":"https:\/\/secure.gravatar.com\/avatar\/34aacffb2f10625483f480470f3274778dd1c183ba4f66444bb60ae92149bf8a?s=96&d=mm&r=g","url":"https:\/\/secure.gravatar.com\/avatar\/34aacffb2f10625483f480470f3274778dd1c183ba4f66444bb60ae92149bf8a?s=96&d=mm&r=g","contentUrl":"https:\/\/secure.gravatar.com\/avatar\/34aacffb2f10625483f480470f3274778dd1c183ba4f66444bb60ae92149bf8a?s=96&d=mm&r=g","caption":"Jo\u00e3o Pedro Azevedo"},"url":"https:\/\/rehagro.com.br\/blog\/author\/joao-pedro\/"}]}},"_links":{"self":[{"href":"https:\/\/rehagro.com.br\/blog\/wp-json\/wp\/v2\/posts\/24905","targetHints":{"allow":["GET"]}}],"collection":[{"href":"https:\/\/rehagro.com.br\/blog\/wp-json\/wp\/v2\/posts"}],"about":[{"href":"https:\/\/rehagro.com.br\/blog\/wp-json\/wp\/v2\/types\/post"}],"author":[{"embeddable":true,"href":"https:\/\/rehagro.com.br\/blog\/wp-json\/wp\/v2\/users\/21"}],"replies":[{"embeddable":true,"href":"https:\/\/rehagro.com.br\/blog\/wp-json\/wp\/v2\/comments?post=24905"}],"version-history":[{"count":18,"href":"https:\/\/rehagro.com.br\/blog\/wp-json\/wp\/v2\/posts\/24905\/revisions"}],"predecessor-version":[{"id":42226,"href":"https:\/\/rehagro.com.br\/blog\/wp-json\/wp\/v2\/posts\/24905\/revisions\/42226"}],"wp:featuredmedia":[{"embeddable":true,"href":"https:\/\/rehagro.com.br\/blog\/wp-json\/wp\/v2\/media\/28928"}],"wp:attachment":[{"href":"https:\/\/rehagro.com.br\/blog\/wp-json\/wp\/v2\/media?parent=24905"}],"wp:term":[{"taxonomy":"category","embeddable":true,"href":"https:\/\/rehagro.com.br\/blog\/wp-json\/wp\/v2\/categories?post=24905"},{"taxonomy":"post_tag","embeddable":true,"href":"https:\/\/rehagro.com.br\/blog\/wp-json\/wp\/v2\/tags?post=24905"}],"curies":[{"name":"wp","href":"https:\/\/api.w.org\/{rel}","templated":true}]}}