{"id":21447,"date":"2023-07-04T15:31:03","date_gmt":"2023-07-04T18:31:03","guid":{"rendered":"https:\/\/rehagro.com.br\/blog\/?p=21447"},"modified":"2026-04-09T15:46:56","modified_gmt":"2026-04-09T18:46:56","slug":"periodo-de-seca-como-se-preparar-e-garantir-o-desempenho-do-rebanho","status":"publish","type":"post","link":"https:\/\/rehagro.com.br\/blog\/periodo-de-seca-como-se-preparar-e-garantir-o-desempenho-do-rebanho\/","title":{"rendered":"Como se preparar e garantir o desempenho do rebanho no per\u00edodo de seca?"},"content":{"rendered":"<p>A produ\u00e7\u00e3o de forrageiras ao longo de um ano n\u00e3o \u00e9 uniforme, existe uma varia\u00e7\u00e3o na produtividade do pasto devido aos fatores ambientais, como o clima. E esse \u00e9 um dos maiores desafios para o produtor: o per\u00edodo de seca.<\/p>\n<p>Ele <strong>ocorre todos os anos e representa uma queda na produ\u00e7\u00e3o e qualidade das forragens<\/strong>, pois nesse per\u00edodo de meses do ano ocorre queda do volume de chuvas, temperaturas mais baixas e menor luminosidade.<\/p>\n<p>Diante da certeza desse per\u00edodo, como podemos contornar e nos preparar?<\/p>\n<p style=\"text-align: center;\"><img loading=\"lazy\" decoding=\"async\" class=\"aligncenter size-full wp-image-21448\" src=\"https:\/\/rehagro.com.br\/blog\/wp-content\/uploads\/2023\/07\/grafico-periodo-seca.jpg\" alt=\"Gr\u00e1fico com a distribui\u00e7\u00e3o de chuvas e taxa de ac\u00famulo de forragem ao longo do ano\" width=\"630\" height=\"416\" srcset=\"https:\/\/rehagro.com.br\/blog\/wp-content\/uploads\/2023\/07\/grafico-periodo-seca.jpg 630w, https:\/\/rehagro.com.br\/blog\/wp-content\/uploads\/2023\/07\/grafico-periodo-seca-300x198.jpg 300w, https:\/\/rehagro.com.br\/blog\/wp-content\/uploads\/2023\/07\/grafico-periodo-seca-370x244.jpg 370w, https:\/\/rehagro.com.br\/blog\/wp-content\/uploads\/2023\/07\/grafico-periodo-seca-270x178.jpg 270w, https:\/\/rehagro.com.br\/blog\/wp-content\/uploads\/2023\/07\/grafico-periodo-seca-150x99.jpg 150w\" sizes=\"auto, (max-width: 630px) 100vw, 630px\" \/><span style=\"font-size: 10pt;\">Fonte: Demarchi, 2002.<\/span><\/p>\n<div style=\"background-color: #efefef; padding-left: 10px; padding-right: 5px; border-radius: 10px;\">\n<p>&nbsp;<\/p>\n<p style=\"text-align: center;\"><strong><span style=\"font-size: 14pt;\">Sem tempo para ler agora? Baixe este artigo em PDF!<\/span><\/strong><\/p>\n<p><script charset=\"utf-8\" type=\"text\/javascript\" src=\"\/\/js.hsforms.net\/forms\/embed\/v2.js\"><\/script><br \/>\n<script>\nhbspt.forms.create({\nregion: \"na1\",\nportalId: \"5430441\",\nformId: \"5c98e9f8-1021-46c5-b460-16cdc5aef0f7\"\n});\n<\/script><\/p>\n<\/div>\n<h2>Principais estrat\u00e9gias para disponibilidade de forrageiras<\/h2>\n<p>As plantas forrageiras precisam de disponibilidade de \u00e1gua, luminosidade e temperatura adequadas para garantir o seu crescimento, condi\u00e7\u00f5es essas que durante o per\u00edodo da seca n\u00e3o s\u00e3o atendidas, fazendo com que o capim entre em um per\u00edodo de \u201csenesc\u00eancia\u201d.<\/p>\n<p>Ou seja, o capim envelhece e fica mais lignificado ou ocorre o florescimento e produ\u00e7\u00e3o de sementes das forrageiras, perdendo qualidade nutricional.<\/p>\n<p>As forragens apresentam naturalmente a <strong>lignina<\/strong> em sua composi\u00e7\u00e3o, independente se o volumoso est\u00e1 em forma de pasto, silagem, feno ou res\u00edduos agroindustriais e ela atua como uma barreira f\u00edsica de prote\u00e7\u00e3o \u00e0 parede celular vegetal.<\/p>\n<p>Quando relacionamos a lignina com a nutri\u00e7\u00e3o dos animais, ela pode ser apresentada como uma subst\u00e2ncia \u201canti nutricional\u201d pelo fato de que sua liga\u00e7\u00e3o com carboidratos e prote\u00ednas presentes na parede celular vegetal resulta em <strong>menor degradabilidade da fibra, menor valor nutritivo do alimento e por isso, menor aproveitamento pelo animal<\/strong>.<\/p>\n<p>Sabe-se que \u00e9 por meio da <strong><a href=\"https:\/\/rehagro.com.br\/blog\/avaliacao-do-liquido-ruminal\/\">fermenta\u00e7\u00e3o ruminal<\/a><\/strong> de carboidratos fibrosos que as principais fontes proteicas e energ\u00e9ticas s\u00e3o disponibilizadas para a sobreviv\u00eancia e produ\u00e7\u00e3o dos animais.<\/p>\n<p>Entretanto, a lignina consegue influenciar na <strong><a href=\"https:\/\/rehagro.com.br\/blog\/dietas-para-bovinos-leiteiros\/\">qualidade final da dieta<\/a><\/strong> e na efici\u00eancia alimentar do ruminante por reduzir o acesso microbiano e enzim\u00e1tico e consequentemente a fermenta\u00e7\u00e3o ruminal dos carboidratos fibrosos.<\/p>\n<p>Por isso que quanto maior for a matura\u00e7\u00e3o do capim, ou seja, mais velho, maior ser\u00e1 o teor de lignina e maior o impacto negativo no ponto de vista nutricional.<\/p>\n<p>Ent\u00e3o, sabendo dessas altera\u00e7\u00f5es nesse per\u00edodo do ano, <strong>existem medidas para evitar que o pasto perca tanta qualidade na seca<\/strong>, garantindo que as necessidades nutricionais das vacas sejam atendidas e a produ\u00e7\u00e3o de leite seja mantida.<\/p>\n<p><a href=\"https:\/\/conteudo.rehagro.com.br\/guia-planilha-planejamento-forrageiro?utm_campaign=material-leite&amp;utm_source=planilha-planejamento-forrageiro&amp;utm_medium=blog\" target=\"_blank\" rel=\"noopener\"><img loading=\"lazy\" decoding=\"async\" class=\"aligncenter wp-image-39661 size-full\" title=\"Clique e baixe o material gratuitamente!\" src=\"https:\/\/rehagro.com.br\/blog\/wp-content\/uploads\/2025\/09\/banner-kit-planejamento-forrageiro.png\" alt=\"Kit guia e planilha planejamento forrageiro\" width=\"980\" height=\"317\" srcset=\"https:\/\/rehagro.com.br\/blog\/wp-content\/uploads\/2025\/09\/banner-kit-planejamento-forrageiro.png 980w, https:\/\/rehagro.com.br\/blog\/wp-content\/uploads\/2025\/09\/banner-kit-planejamento-forrageiro-300x97.png 300w, https:\/\/rehagro.com.br\/blog\/wp-content\/uploads\/2025\/09\/banner-kit-planejamento-forrageiro-768x248.png 768w, https:\/\/rehagro.com.br\/blog\/wp-content\/uploads\/2025\/09\/banner-kit-planejamento-forrageiro-370x120.png 370w, https:\/\/rehagro.com.br\/blog\/wp-content\/uploads\/2025\/09\/banner-kit-planejamento-forrageiro-270x87.png 270w, https:\/\/rehagro.com.br\/blog\/wp-content\/uploads\/2025\/09\/banner-kit-planejamento-forrageiro-740x239.png 740w, https:\/\/rehagro.com.br\/blog\/wp-content\/uploads\/2025\/09\/banner-kit-planejamento-forrageiro-150x49.png 150w\" sizes=\"auto, (max-width: 980px) 100vw, 980px\" \/><\/a><\/p>\n<h3>Como realizar o planejamento forrageiro?<\/h3>\n<p>O <strong>planejamento forrageiro<\/strong> \u00e9 um instrumento para planejar a alimenta\u00e7\u00e3o dos animais visando organizar a propriedade.<\/p>\n<p>O intuito \u00e9 conseguir disponibilizar forragens de alta qualidade e em quantidade adequada para atender as demandas do rebanho durante todo o ano dentro da capacidade de produ\u00e7\u00e3o do pasto, da taxa de lota\u00e7\u00e3o da propriedade e visando maximizar a produtividade por \u00e1rea.<\/p>\n<p>Para a realiza\u00e7\u00e3o do planejamento devem ser seguidas algumas etapas:<\/p>\n<h4>Avaliar as \u00e1reas dispon\u00edveis na propriedade<\/h4>\n<p>\u00c9 importante avaliar a declividade do terreno, a disponibilidade de \u00e1gua, a localiza\u00e7\u00e3o da propriedade e a drenagem.<\/p>\n<p style=\"text-align: center;\"><img loading=\"lazy\" decoding=\"async\" class=\"aligncenter size-full wp-image-21449\" src=\"https:\/\/rehagro.com.br\/blog\/wp-content\/uploads\/2023\/07\/mapeamento-propriedade.jpg\" alt=\"Mapeamento de propriedade para implanta\u00e7\u00e3o de pasto\" width=\"663\" height=\"428\" srcset=\"https:\/\/rehagro.com.br\/blog\/wp-content\/uploads\/2023\/07\/mapeamento-propriedade.jpg 663w, https:\/\/rehagro.com.br\/blog\/wp-content\/uploads\/2023\/07\/mapeamento-propriedade-300x194.jpg 300w, https:\/\/rehagro.com.br\/blog\/wp-content\/uploads\/2023\/07\/mapeamento-propriedade-370x239.jpg 370w, https:\/\/rehagro.com.br\/blog\/wp-content\/uploads\/2023\/07\/mapeamento-propriedade-270x174.jpg 270w, https:\/\/rehagro.com.br\/blog\/wp-content\/uploads\/2023\/07\/mapeamento-propriedade-150x97.jpg 150w\" sizes=\"auto, (max-width: 663px) 100vw, 663px\" \/><span style=\"font-size: 10pt;\">Fonte: Sat\u00e9lite GeoEye. (Embrapa, 2015).<\/span><\/p>\n<h4>Analisar as condi\u00e7\u00f5es das pastagens j\u00e1 existentes, a fertilidade e qualidade do solo<\/h4>\n<p>A avalia\u00e7\u00e3o da fertilidade do solo \u00e9 um processo importante pois a partir disso \u00e9 poss\u00edvel determinar a sua qualidade e capacidade de fornecer nutrientes necess\u00e1rios para que as plantas cres\u00e7am saud\u00e1veis.<\/p>\n<p>Dentre as t\u00e9cnicas mais comuns de solo temos:<\/p>\n<ul>\n<li><strong>An\u00e1lise qu\u00edmica do solo:<\/strong> a partir da coleta de amostras do solo \u00e9 poss\u00edvel avaliar os principais nutrientes (nitrog\u00eanio, f\u00f3sforo, pot\u00e1ssio, c\u00e1lcio, magn\u00e9sio e enxofre), al\u00e9m de medir par\u00e2metros como pH, capacidade de troca cati\u00f4nica (CTC) e o teor de mat\u00e9ria org\u00e2nica.\u00a0Dessa forma, a partir da refer\u00eancia ou recomenda\u00e7\u00e3o para a planta cultivada \u00e9 poss\u00edvel determinar a disponibilidade de nutrientes no solo e identificar poss\u00edveis defici\u00eancias ou excessos e tra\u00e7ar ajustes na aduba\u00e7\u00e3o para corre\u00e7\u00e3o de desequil\u00edbrios nutricionais.<\/li>\n<\/ul>\n<p style=\"text-align: center;\"><img loading=\"lazy\" decoding=\"async\" class=\"aligncenter size-full wp-image-21450\" src=\"https:\/\/rehagro.com.br\/blog\/wp-content\/uploads\/2023\/07\/coleta-amostra-solo.jpg\" alt=\"Homem realizando coleta de amostra para realiza\u00e7\u00e3o de an\u00e1lise de solo\" width=\"240\" height=\"373\" srcset=\"https:\/\/rehagro.com.br\/blog\/wp-content\/uploads\/2023\/07\/coleta-amostra-solo.jpg 240w, https:\/\/rehagro.com.br\/blog\/wp-content\/uploads\/2023\/07\/coleta-amostra-solo-193x300.jpg 193w, https:\/\/rehagro.com.br\/blog\/wp-content\/uploads\/2023\/07\/coleta-amostra-solo-150x233.jpg 150w\" sizes=\"auto, (max-width: 240px) 100vw, 240px\" \/><span style=\"font-size: 10pt;\">Fonte: Embrapa.<\/span><\/p>\n<ul>\n<li><strong>Dimensionar e estruturar um rebanho compat\u00edvel com os objetivos do produtor, com a capacidade da \u00e1rea e da produ\u00e7\u00e3o das forrageiras:<\/strong> importante ter estruturado o tipo de gado que a fazenda possui, <strong><a href=\"https:\/\/rehagro.com.br\/blog\/como-aumentar-a-produtividade-na-pecuaria-leiteira\/\">se o neg\u00f3cio est\u00e1 crescendo ou ir\u00e1 crescer nos pr\u00f3ximos anos<\/a><\/strong>, qual a produ\u00e7\u00e3o da forrageira e a partir disso determinar a \u00e1rea necess\u00e1ria para alimentar todos os animais de forma ideal.<\/li>\n<li><strong>Dimensionar \u00e1reas de implanta\u00e7\u00e3o de pastos, escolher a forrageira adequada para a fazenda:<\/strong> importante ter o planejamento do tipo de forrageira que ser\u00e1 utilizada levando em conta se haver\u00e1 manejo de aduba\u00e7\u00e3o ou uso de irriga\u00e7\u00e3o, o dimensionamento da \u00e1rea dos pastos ou piquetes e o per\u00edodo de descanso dos mesmos.<\/li>\n<\/ul>\n<p><a href=\"https:\/\/rehagro.com.br\/cursos\/capacitacao-em-gestao-na-pecuaria-de-leite?utm_campaign=mkt-materiais-gpl&amp;utm_source=textos&amp;utm_medium=blog\" target=\"_blank\" rel=\"noopener\"><img loading=\"lazy\" decoding=\"async\" class=\"aligncenter wp-image-18711 size-full\" title=\"Clique e saiba mais sobre o curso!\" src=\"https:\/\/rehagro.com.br\/blog\/wp-content\/uploads\/2023\/03\/banner-gpl.jpg\" alt=\"Banner Curso Gest\u00e3o na Pecu\u00e1ria Leiteira\" width=\"980\" height=\"317\" srcset=\"https:\/\/rehagro.com.br\/blog\/wp-content\/uploads\/2023\/03\/banner-gpl.jpg 980w, https:\/\/rehagro.com.br\/blog\/wp-content\/uploads\/2023\/03\/banner-gpl-300x97.jpg 300w, https:\/\/rehagro.com.br\/blog\/wp-content\/uploads\/2023\/03\/banner-gpl-768x248.jpg 768w, https:\/\/rehagro.com.br\/blog\/wp-content\/uploads\/2023\/03\/banner-gpl-370x120.jpg 370w, https:\/\/rehagro.com.br\/blog\/wp-content\/uploads\/2023\/03\/banner-gpl-270x87.jpg 270w, https:\/\/rehagro.com.br\/blog\/wp-content\/uploads\/2023\/03\/banner-gpl-740x239.jpg 740w, https:\/\/rehagro.com.br\/blog\/wp-content\/uploads\/2023\/03\/banner-gpl-150x49.jpg 150w\" sizes=\"auto, (max-width: 980px) 100vw, 980px\" \/><\/a><\/p>\n<h3>Diferimento de Pastagem<\/h3>\n<p>Estrat\u00e9gia que relativamente envolve baixo custo e de f\u00e1cil aplica\u00e7\u00e3o nas fazendas, \u00e9 tamb\u00e9m conhecido como \u201cfeno em p\u00e9\u201d.<\/p>\n<p>Consiste em <strong>suspender a utiliza\u00e7\u00e3o de uma parte da \u00e1rea de pasto da propriedade durante parte da \u00e9poca de chuvas<\/strong>, dessa forma, a forragem fica acumulada naquele pasto para ser utilizada durante a seca.<\/p>\n<p>No entanto, devemos nos atentar a alguns cuidados para a realiza\u00e7\u00e3o dessa estrat\u00e9gia:<\/p>\n<ul>\n<li>Deve ser um pasto bem manejado durante as \u00e1guas, para garantir a qualidade da forrageira;<\/li>\n<li>Avaliar a massa de forragem: quantidade de forragem existente por \u00e1rea;<\/li>\n<li>Se o tipo de forrageira utilizada \u00e9 adequada para esse processo, dando prefer\u00eancia a plantas com baixo ac\u00famulo de colmos e boa reten\u00e7\u00e3o de folhas verdes, resultando em menores redu\u00e7\u00f5es no valor nutritivo ao longo do tempo;<\/li>\n<li>A altura do pasto no in\u00edcio do diferimento;<\/li>\n<li>A aduba\u00e7\u00e3o e suplementa\u00e7\u00e3o do pasto.<\/li>\n<\/ul>\n<p>A utiliza\u00e7\u00e3o do diferimento \u00e9 uma estrat\u00e9gia muito interessante para garantir uma massa de forragem maior na \u00e9poca da seca, disponibilidade de volumoso aos animais e qualidade nutricional da forragem, no entanto para garantir que o animal mantenha um desempenho satisfat\u00f3rio na produ\u00e7\u00e3o leiteira devemos pensar tamb\u00e9m na suplementa\u00e7\u00e3o desses animais.<\/p>\n<h3>Pastejo rotacionado ou lota\u00e7\u00e3o rotacionada<\/h3>\n<p>O <strong>pastejo rotacionado<\/strong> consiste na utiliza\u00e7\u00e3o de pelo menos dois piquetes submetidos a sucessivos per\u00edodos de descanso e de ocupa\u00e7\u00e3o.<\/p>\n<p>No descanso do piquete a forrageira faz a rebrota, j\u00e1 que na aus\u00eancia dos animais n\u00e3o h\u00e1 press\u00e3o de pastejo e no per\u00edodo de ocupa\u00e7\u00e3o os animais realizam o consumo do pasto juntamente com o crescimento da forragem.<\/p>\n<p>Existem v\u00e1rias modalidades de lota\u00e7\u00e3o rotacionada como:<\/p>\n<ul>\n<li>Convencional;<\/li>\n<li>Alternada;<\/li>\n<li>Com diferimento,<\/li>\n<li>Em faixas;<\/li>\n<li>Tipo pizza;<\/li>\n<li>M\u00f3dulo com corredor.<\/li>\n<\/ul>\n<p>Para a escolha da modalidade devemos avaliar as caracter\u00edsticas da fazenda, qual modelo melhor se adequa a sua propriedade, as possibilidades de implanta\u00e7\u00e3o da fazenda, a disponibilidade de m\u00e3o de obra, quantos piquetes \u00e9 poss\u00edvel dividir a fazenda, quantos animais ficam em cada pasto, as categorias de animais: mult\u00edparas, prim\u00edparas, novilhas, por exemplo e as exig\u00eancias nutricionais de cada uma dessas categorias.<\/p>\n<p><img loading=\"lazy\" decoding=\"async\" class=\"aligncenter size-full wp-image-21451\" src=\"https:\/\/rehagro.com.br\/blog\/wp-content\/uploads\/2023\/07\/pastejo-rotacionado-convencional.jpg\" alt=\"Pastejo rotacionado convencional\" width=\"374\" height=\"237\" srcset=\"https:\/\/rehagro.com.br\/blog\/wp-content\/uploads\/2023\/07\/pastejo-rotacionado-convencional.jpg 374w, https:\/\/rehagro.com.br\/blog\/wp-content\/uploads\/2023\/07\/pastejo-rotacionado-convencional-300x190.jpg 300w, https:\/\/rehagro.com.br\/blog\/wp-content\/uploads\/2023\/07\/pastejo-rotacionado-convencional-370x234.jpg 370w, https:\/\/rehagro.com.br\/blog\/wp-content\/uploads\/2023\/07\/pastejo-rotacionado-convencional-270x171.jpg 270w, https:\/\/rehagro.com.br\/blog\/wp-content\/uploads\/2023\/07\/pastejo-rotacionado-convencional-150x95.jpg 150w\" sizes=\"auto, (max-width: 374px) 100vw, 374px\" \/><\/p>\n<p style=\"text-align: center;\"><span style=\"font-size: 10pt;\">Figura demonstrando o pastejo rotacionado do tipo convencional, onde os animais pastejam alternando os piquetes de pasto como demonstra a dire\u00e7\u00e3o da seta.<\/span><\/p>\n<p><img loading=\"lazy\" decoding=\"async\" class=\"aligncenter size-full wp-image-21452\" src=\"https:\/\/rehagro.com.br\/blog\/wp-content\/uploads\/2023\/07\/pastejo-rotacionado-faixa.jpg\" alt=\"Pastejo rotacionado em faixa\" width=\"373\" height=\"237\" srcset=\"https:\/\/rehagro.com.br\/blog\/wp-content\/uploads\/2023\/07\/pastejo-rotacionado-faixa.jpg 373w, https:\/\/rehagro.com.br\/blog\/wp-content\/uploads\/2023\/07\/pastejo-rotacionado-faixa-300x191.jpg 300w, https:\/\/rehagro.com.br\/blog\/wp-content\/uploads\/2023\/07\/pastejo-rotacionado-faixa-370x235.jpg 370w, https:\/\/rehagro.com.br\/blog\/wp-content\/uploads\/2023\/07\/pastejo-rotacionado-faixa-270x172.jpg 270w, https:\/\/rehagro.com.br\/blog\/wp-content\/uploads\/2023\/07\/pastejo-rotacionado-faixa-150x95.jpg 150w\" sizes=\"auto, (max-width: 373px) 100vw, 373px\" \/><\/p>\n<p style=\"text-align: center;\"><span style=\"font-size: 10pt;\">Figura demonstrando o pastejo rotacionado em faixa, onde os animais t\u00eam acesso restrito dentro do piquete e com a utiliza\u00e7\u00e3o de cercas o animal pasteja em faixas restritas.<\/span><\/p>\n<p><img loading=\"lazy\" decoding=\"async\" class=\"aligncenter size-full wp-image-21453\" src=\"https:\/\/rehagro.com.br\/blog\/wp-content\/uploads\/2023\/07\/pastejo-rotacionado-diferido.jpg\" alt=\"Pastejo rotacionado diferido\" width=\"372\" height=\"238\" srcset=\"https:\/\/rehagro.com.br\/blog\/wp-content\/uploads\/2023\/07\/pastejo-rotacionado-diferido.jpg 372w, https:\/\/rehagro.com.br\/blog\/wp-content\/uploads\/2023\/07\/pastejo-rotacionado-diferido-300x192.jpg 300w, https:\/\/rehagro.com.br\/blog\/wp-content\/uploads\/2023\/07\/pastejo-rotacionado-diferido-370x237.jpg 370w, https:\/\/rehagro.com.br\/blog\/wp-content\/uploads\/2023\/07\/pastejo-rotacionado-diferido-270x173.jpg 270w, https:\/\/rehagro.com.br\/blog\/wp-content\/uploads\/2023\/07\/pastejo-rotacionado-diferido-150x96.jpg 150w\" sizes=\"auto, (max-width: 372px) 100vw, 372px\" \/><\/p>\n<p style=\"text-align: center;\"><span style=\"font-size: 10pt;\">Figura ilustrando o pastejo rotacionado diferido, onde uma das \u00e1reas foi escolhida para diferimento, a qual n\u00e3o ser\u00e1 utilizada na \u00e9poca das \u00e1guas, acumulando assim uma massa de forragem para a \u00e9poca da seca.<\/span><\/p>\n<p><img loading=\"lazy\" decoding=\"async\" class=\"aligncenter size-full wp-image-21455\" src=\"https:\/\/rehagro.com.br\/blog\/wp-content\/uploads\/2023\/07\/pastejo-rotacionado-modulos.jpg\" alt=\"Pastejo rotacionado em m\u00f3dulos do tipo corredor e pizza\" width=\"559\" height=\"337\" srcset=\"https:\/\/rehagro.com.br\/blog\/wp-content\/uploads\/2023\/07\/pastejo-rotacionado-modulos.jpg 559w, https:\/\/rehagro.com.br\/blog\/wp-content\/uploads\/2023\/07\/pastejo-rotacionado-modulos-300x181.jpg 300w, https:\/\/rehagro.com.br\/blog\/wp-content\/uploads\/2023\/07\/pastejo-rotacionado-modulos-370x223.jpg 370w, https:\/\/rehagro.com.br\/blog\/wp-content\/uploads\/2023\/07\/pastejo-rotacionado-modulos-270x163.jpg 270w, https:\/\/rehagro.com.br\/blog\/wp-content\/uploads\/2023\/07\/pastejo-rotacionado-modulos-150x90.jpg 150w\" sizes=\"auto, (max-width: 559px) 100vw, 559px\" \/><\/p>\n<p style=\"text-align: center;\"><span style=\"font-size: 10pt;\">Figura da esquerda demonstrando um sistema de pastejo rotacionado com a presen\u00e7a de um corredor central, o qual d\u00e1 acesso a \u00e1rea de descanso e ao bebedouro. <\/span><\/p>\n<p style=\"text-align: center;\"><span style=\"font-size: 10pt;\">J\u00e1 a figura da direita demonstra um sistema de pastejo rotacionado no formato de pizza, onde ao centro se localiza a \u00e1rea de descanso e o bebedouro.<\/span><\/p>\n<p>O <strong>manejo da lota\u00e7\u00e3o rotacionada<\/strong> \u00e9 mais complexo, exige um bom manejo das gram\u00edneas, aduba\u00e7\u00e3o, suplementa\u00e7\u00e3o e irriga\u00e7\u00e3o do pasto, manejo do solo e tamb\u00e9m uma boa escolha da esp\u00e9cie forrageira.<\/p>\n<p>No entanto, \u00e9 uma \u00f3tima op\u00e7\u00e3o para assegurar a disponibilidade de forragem para os animais durante todo o ano devido a setoriza\u00e7\u00e3o do terreno da propriedade que permite que em algumas \u00e1reas da fazenda o pasto descanse e se recupere para os per\u00edodos de seca.<\/p>\n<h2>Suplementa\u00e7\u00e3o com volumoso para os animais no per\u00edodo de seca<\/h2>\n<p>Como no per\u00edodo de seca a produ\u00e7\u00e3o de mat\u00e9ria seca das forrageiras diminui significativamente, torna-se necess\u00e1ria a <strong>suplementa\u00e7\u00e3o volumosa<\/strong> ou o uso de concentrado para manter a nutri\u00e7\u00e3o adequada dos animais e amenizar o d\u00e9ficit nutricional do rebanho e evitar preju\u00edzos reprodutivos, produtivos e de condi\u00e7\u00e3o corporal das vacas.<\/p>\n<p>Como op\u00e7\u00e3o de suplementa\u00e7\u00e3o volumosa podemos utilizar a capineira que \u00e9 uma forma de produ\u00e7\u00e3o de forragem em que utilizamos de um pasto com \u00e1rea cultivada com uma gram\u00ednea de alta produtividade, onde ao atingir seu ponto \u00f3timo de produ\u00e7\u00e3o e valor nutritivo realizamos o corte de forma espec\u00edfica para cada esp\u00e9cie forrageira.<\/p>\n<p>Pode ser fornecida <i>in natura<\/i> no cocho para os animais ou realizar a <strong>conserva\u00e7\u00e3o da forragem<\/strong> por meio do <strong><a href=\"https:\/\/rehagro.com.br\/blog\/producao-de-silagem-de-milho-com-qualidade-voce-sabe-como-fazer\/\">processo de ensilagem<\/a><\/strong>, no entanto para a realiza\u00e7\u00e3o desses m\u00e9todos devemos realizar o manejo e planejamento no per\u00edodo das \u00e1guas para que estas op\u00e7\u00f5es sejam utilizadas na \u00e9poca de seca.<\/p>\n<p><img loading=\"lazy\" decoding=\"async\" class=\"aligncenter size-full wp-image-21457\" src=\"https:\/\/rehagro.com.br\/blog\/wp-content\/uploads\/2023\/07\/capim-cortado-silagem.jpg\" alt=\"Capim cortado para processo de ensilagem\" width=\"700\" height=\"525\" srcset=\"https:\/\/rehagro.com.br\/blog\/wp-content\/uploads\/2023\/07\/capim-cortado-silagem.jpg 700w, https:\/\/rehagro.com.br\/blog\/wp-content\/uploads\/2023\/07\/capim-cortado-silagem-300x225.jpg 300w, https:\/\/rehagro.com.br\/blog\/wp-content\/uploads\/2023\/07\/capim-cortado-silagem-370x278.jpg 370w, https:\/\/rehagro.com.br\/blog\/wp-content\/uploads\/2023\/07\/capim-cortado-silagem-270x203.jpg 270w, https:\/\/rehagro.com.br\/blog\/wp-content\/uploads\/2023\/07\/capim-cortado-silagem-80x60.jpg 80w, https:\/\/rehagro.com.br\/blog\/wp-content\/uploads\/2023\/07\/capim-cortado-silagem-150x113.jpg 150w\" sizes=\"auto, (max-width: 700px) 100vw, 700px\" \/><\/p>\n<p><img loading=\"lazy\" decoding=\"async\" class=\"aligncenter size-full wp-image-21458\" src=\"https:\/\/rehagro.com.br\/blog\/wp-content\/uploads\/2023\/07\/processo-ensilagem.jpg\" alt=\"Capim sendo direcionado ao processo de ensilagem\" width=\"720\" height=\"396\" srcset=\"https:\/\/rehagro.com.br\/blog\/wp-content\/uploads\/2023\/07\/processo-ensilagem.jpg 720w, https:\/\/rehagro.com.br\/blog\/wp-content\/uploads\/2023\/07\/processo-ensilagem-300x165.jpg 300w, https:\/\/rehagro.com.br\/blog\/wp-content\/uploads\/2023\/07\/processo-ensilagem-370x204.jpg 370w, https:\/\/rehagro.com.br\/blog\/wp-content\/uploads\/2023\/07\/processo-ensilagem-270x149.jpg 270w, https:\/\/rehagro.com.br\/blog\/wp-content\/uploads\/2023\/07\/processo-ensilagem-150x83.jpg 150w\" sizes=\"auto, (max-width: 720px) 100vw, 720px\" \/><\/p>\n<p style=\"text-align: center;\"><span style=\"font-size: 10pt;\">Fonte: Acervo pessoal Rehagro<\/span><\/p>\n<p>O oferecimento de material volumoso na forma de silagem <strong>\u00e9 uma alternativa para suplementa\u00e7\u00e3o na \u00e9poca da seca<\/strong>, evitando uma queda na produtividade.<\/p>\n<p>\u00c9 uma t\u00e9cnica relativamente simples e acess\u00edvel, no entanto deve ser realizada tomando os devidos cuidados com o plantio e corte da forrageira, com o processo de compacta\u00e7\u00e3o e fechamento do silo e com a umidade com o objetivo de garantir um processo de fermenta\u00e7\u00e3o adequada e evitar a contamina\u00e7\u00e3o da silagem.<\/p>\n<h2>Conclus\u00e3o<\/h2>\n<p>Sabendo ent\u00e3o que o per\u00edodo de seca continuar\u00e1 existindo e que a escassez de chuvas pode causar s\u00e9rios impactos na produ\u00e7\u00e3o de alimentos, na qualidade dos pastos, no desempenho e sa\u00fade dos animais e na lucratividade da fazenda, <strong>ter um planejamento antecipado e estar preparado de forma adequada \u00e9 extremamente importante<\/strong> para garantir a <strong><a href=\"https:\/\/rehagro.com.br\/blog\/eficiencia-e-sustentabilidade-na-pecuaria-leiteira\/\">sustentabilidade e produtividade da atividade leiteira<\/a><\/strong>.<\/p>\n<h2>Transforme o desafio da seca em oportunidade de crescimento<\/h2>\n<p>Manter o desempenho do rebanho no per\u00edodo seco exige planejamento, controle de custos e decis\u00f5es assertivas.<\/p>\n<p>No <strong><a href=\"https:\/\/rehagro.com.br\/cursos\/capacitacao-em-gestao-na-pecuaria-de-leite?utm_campaign=mkt-materiais-gpl&amp;utm_source=textos&amp;utm_medium=blog\">Curso Gest\u00e3o na Pecu\u00e1ria Leiteira<\/a><\/strong> do Rehagro, voc\u00ea aprende a organizar a produ\u00e7\u00e3o, utilizar os recursos de forma inteligente e implementar estrat\u00e9gias que garantem produtividade e lucro o ano todo, mesmo nos meses mais cr\u00edticos.<\/p>\n<p><a href=\"https:\/\/rehagro.com.br\/cursos\/capacitacao-em-gestao-na-pecuaria-de-leite?utm_campaign=mkt-materiais-gpl&amp;utm_source=textos&amp;utm_medium=blog\" target=\"_blank\" rel=\"noopener\"><img loading=\"lazy\" decoding=\"async\" class=\"aligncenter wp-image-18711 size-full\" title=\"Clique e saiba mais sobre o curso!\" src=\"https:\/\/rehagro.com.br\/blog\/wp-content\/uploads\/2023\/03\/banner-gpl.jpg\" alt=\"Banner Curso Gest\u00e3o na Pecu\u00e1ria Leiteira\" width=\"980\" height=\"317\" srcset=\"https:\/\/rehagro.com.br\/blog\/wp-content\/uploads\/2023\/03\/banner-gpl.jpg 980w, https:\/\/rehagro.com.br\/blog\/wp-content\/uploads\/2023\/03\/banner-gpl-300x97.jpg 300w, https:\/\/rehagro.com.br\/blog\/wp-content\/uploads\/2023\/03\/banner-gpl-768x248.jpg 768w, https:\/\/rehagro.com.br\/blog\/wp-content\/uploads\/2023\/03\/banner-gpl-370x120.jpg 370w, https:\/\/rehagro.com.br\/blog\/wp-content\/uploads\/2023\/03\/banner-gpl-270x87.jpg 270w, https:\/\/rehagro.com.br\/blog\/wp-content\/uploads\/2023\/03\/banner-gpl-740x239.jpg 740w, https:\/\/rehagro.com.br\/blog\/wp-content\/uploads\/2023\/03\/banner-gpl-150x49.jpg 150w\" sizes=\"auto, (max-width: 980px) 100vw, 980px\" \/><\/a><\/p>\n<p><img loading=\"lazy\" decoding=\"async\" class=\"aligncenter wp-image-22798 size-full\" src=\"https:\/\/rehagro.com.br\/blog\/wp-content\/uploads\/2023\/06\/laryssa-mendonca.jpg\" alt=\"Laryssa Mendon\u00e7a\" width=\"300\" height=\"96\" srcset=\"https:\/\/rehagro.com.br\/blog\/wp-content\/uploads\/2023\/06\/laryssa-mendonca.jpg 300w, https:\/\/rehagro.com.br\/blog\/wp-content\/uploads\/2023\/06\/laryssa-mendonca-270x86.jpg 270w, https:\/\/rehagro.com.br\/blog\/wp-content\/uploads\/2023\/06\/laryssa-mendonca-150x48.jpg 150w\" sizes=\"auto, (max-width: 300px) 100vw, 300px\" \/><\/p>\n<p><img loading=\"lazy\" decoding=\"async\" class=\"aligncenter size-full wp-image-23092\" src=\"https:\/\/rehagro.com.br\/blog\/wp-content\/uploads\/2023\/07\/maria-fernanda.jpg\" alt=\"Maria Fernanda Faria - Equipe Leite Rehagro\" width=\"300\" height=\"96\" srcset=\"https:\/\/rehagro.com.br\/blog\/wp-content\/uploads\/2023\/07\/maria-fernanda.jpg 300w, https:\/\/rehagro.com.br\/blog\/wp-content\/uploads\/2023\/07\/maria-fernanda-270x86.jpg 270w, https:\/\/rehagro.com.br\/blog\/wp-content\/uploads\/2023\/07\/maria-fernanda-150x48.jpg 150w\" sizes=\"auto, (max-width: 300px) 100vw, 300px\" \/><\/p>\n","protected":false},"excerpt":{"rendered":"<p>A produ\u00e7\u00e3o de forrageiras ao longo de um ano n\u00e3o \u00e9 uniforme, existe uma varia\u00e7\u00e3o na produtividade do pasto devido aos fatores ambientais, como o clima. E esse \u00e9 um dos maiores desafios para o produtor: o per\u00edodo de seca. Ele ocorre todos os anos e representa uma queda na produ\u00e7\u00e3o e qualidade das forragens, [&hellip;]<\/p>\n","protected":false},"author":21,"featured_media":21461,"comment_status":"open","ping_status":"open","sticky":false,"template":"","format":"standard","meta":{"footnotes":""},"categories":[214],"tags":[764,276,219,349,436],"class_list":["post-21447","post","type-post","status-publish","format-standard","has-post-thumbnail","hentry","category-leite","tag-forrageira","tag-pecuaria-leiteira","tag-planejamento","tag-produtividade","tag-suplementacao"],"yoast_head":"<!-- This site is optimized with the Yoast SEO plugin v27.4 - https:\/\/yoast.com\/product\/yoast-seo-wordpress\/ -->\n<title>Per\u00edodo de seca: saiba como manter o desempenho do rebanho<\/title>\n<meta name=\"description\" content=\"O per\u00edodo de seca ocorre todos os anos e representa uma queda na produ\u00e7\u00e3o das forragens. Saiba como manter o desempenho dos bovinos.\" \/>\n<meta name=\"robots\" content=\"index, follow, max-snippet:-1, max-image-preview:large, max-video-preview:-1\" \/>\n<link rel=\"canonical\" href=\"https:\/\/rehagro.com.br\/blog\/periodo-de-seca-como-se-preparar-e-garantir-o-desempenho-do-rebanho\/\" \/>\n<meta property=\"og:locale\" content=\"pt_BR\" \/>\n<meta property=\"og:type\" content=\"article\" \/>\n<meta property=\"og:title\" content=\"Per\u00edodo de seca: saiba como manter o desempenho do rebanho\" \/>\n<meta property=\"og:description\" content=\"O per\u00edodo de seca ocorre todos os anos e representa uma queda na produ\u00e7\u00e3o das forragens. Saiba como manter o desempenho dos bovinos.\" \/>\n<meta property=\"og:url\" content=\"https:\/\/rehagro.com.br\/blog\/periodo-de-seca-como-se-preparar-e-garantir-o-desempenho-do-rebanho\/\" \/>\n<meta property=\"og:site_name\" content=\"Rehagro Blog\" \/>\n<meta property=\"article:published_time\" content=\"2023-07-04T18:31:03+00:00\" \/>\n<meta property=\"article:modified_time\" content=\"2026-04-09T18:46:56+00:00\" \/>\n<meta property=\"og:image\" content=\"https:\/\/rehagro.com.br\/blog\/wp-content\/uploads\/2023\/07\/periodo-de-seca.jpg\" \/>\n\t<meta property=\"og:image:width\" content=\"1280\" \/>\n\t<meta property=\"og:image:height\" content=\"853\" \/>\n\t<meta property=\"og:image:type\" content=\"image\/jpeg\" \/>\n<meta name=\"author\" content=\"Jo\u00e3o Pedro Azevedo\" \/>\n<meta name=\"twitter:card\" content=\"summary_large_image\" \/>\n<meta name=\"twitter:label1\" content=\"Escrito por\" \/>\n\t<meta name=\"twitter:data1\" content=\"Jo\u00e3o Pedro Azevedo\" \/>\n\t<meta name=\"twitter:label2\" content=\"Est. tempo de leitura\" \/>\n\t<meta name=\"twitter:data2\" content=\"13 minutos\" \/>\n<script type=\"application\/ld+json\" class=\"yoast-schema-graph\">{\"@context\":\"https:\\\/\\\/schema.org\",\"@graph\":[{\"@type\":\"Article\",\"@id\":\"https:\\\/\\\/rehagro.com.br\\\/blog\\\/periodo-de-seca-como-se-preparar-e-garantir-o-desempenho-do-rebanho\\\/#article\",\"isPartOf\":{\"@id\":\"https:\\\/\\\/rehagro.com.br\\\/blog\\\/periodo-de-seca-como-se-preparar-e-garantir-o-desempenho-do-rebanho\\\/\"},\"author\":{\"name\":\"Jo\u00e3o Pedro Azevedo\",\"@id\":\"https:\\\/\\\/rehagro.com.br\\\/blog\\\/#\\\/schema\\\/person\\\/f2d1ae51b04939615ceebb3c0bfd8a94\"},\"headline\":\"Como se preparar e garantir o desempenho do rebanho no per\u00edodo de seca?\",\"datePublished\":\"2023-07-04T18:31:03+00:00\",\"dateModified\":\"2026-04-09T18:46:56+00:00\",\"mainEntityOfPage\":{\"@id\":\"https:\\\/\\\/rehagro.com.br\\\/blog\\\/periodo-de-seca-como-se-preparar-e-garantir-o-desempenho-do-rebanho\\\/\"},\"wordCount\":1815,\"commentCount\":0,\"publisher\":{\"@id\":\"https:\\\/\\\/rehagro.com.br\\\/blog\\\/#organization\"},\"image\":{\"@id\":\"https:\\\/\\\/rehagro.com.br\\\/blog\\\/periodo-de-seca-como-se-preparar-e-garantir-o-desempenho-do-rebanho\\\/#primaryimage\"},\"thumbnailUrl\":\"https:\\\/\\\/rehagro.com.br\\\/blog\\\/wp-content\\\/uploads\\\/2023\\\/07\\\/periodo-de-seca.jpg\",\"keywords\":[\"forrageira\",\"pecu\u00e1ria leiteira\",\"planejamento\",\"produtividade\",\"suplementa\u00e7\u00e3o bovina\"],\"articleSection\":[\"LEITE\"],\"inLanguage\":\"pt-BR\",\"potentialAction\":[{\"@type\":\"CommentAction\",\"name\":\"Comment\",\"target\":[\"https:\\\/\\\/rehagro.com.br\\\/blog\\\/periodo-de-seca-como-se-preparar-e-garantir-o-desempenho-do-rebanho\\\/#respond\"]}]},{\"@type\":\"WebPage\",\"@id\":\"https:\\\/\\\/rehagro.com.br\\\/blog\\\/periodo-de-seca-como-se-preparar-e-garantir-o-desempenho-do-rebanho\\\/\",\"url\":\"https:\\\/\\\/rehagro.com.br\\\/blog\\\/periodo-de-seca-como-se-preparar-e-garantir-o-desempenho-do-rebanho\\\/\",\"name\":\"Per\u00edodo de seca: saiba como manter o desempenho do rebanho\",\"isPartOf\":{\"@id\":\"https:\\\/\\\/rehagro.com.br\\\/blog\\\/#website\"},\"primaryImageOfPage\":{\"@id\":\"https:\\\/\\\/rehagro.com.br\\\/blog\\\/periodo-de-seca-como-se-preparar-e-garantir-o-desempenho-do-rebanho\\\/#primaryimage\"},\"image\":{\"@id\":\"https:\\\/\\\/rehagro.com.br\\\/blog\\\/periodo-de-seca-como-se-preparar-e-garantir-o-desempenho-do-rebanho\\\/#primaryimage\"},\"thumbnailUrl\":\"https:\\\/\\\/rehagro.com.br\\\/blog\\\/wp-content\\\/uploads\\\/2023\\\/07\\\/periodo-de-seca.jpg\",\"datePublished\":\"2023-07-04T18:31:03+00:00\",\"dateModified\":\"2026-04-09T18:46:56+00:00\",\"description\":\"O per\u00edodo de seca ocorre todos os anos e representa uma queda na produ\u00e7\u00e3o das forragens. Saiba como manter o desempenho dos bovinos.\",\"breadcrumb\":{\"@id\":\"https:\\\/\\\/rehagro.com.br\\\/blog\\\/periodo-de-seca-como-se-preparar-e-garantir-o-desempenho-do-rebanho\\\/#breadcrumb\"},\"inLanguage\":\"pt-BR\",\"potentialAction\":[{\"@type\":\"ReadAction\",\"target\":[\"https:\\\/\\\/rehagro.com.br\\\/blog\\\/periodo-de-seca-como-se-preparar-e-garantir-o-desempenho-do-rebanho\\\/\"]}]},{\"@type\":\"ImageObject\",\"inLanguage\":\"pt-BR\",\"@id\":\"https:\\\/\\\/rehagro.com.br\\\/blog\\\/periodo-de-seca-como-se-preparar-e-garantir-o-desempenho-do-rebanho\\\/#primaryimage\",\"url\":\"https:\\\/\\\/rehagro.com.br\\\/blog\\\/wp-content\\\/uploads\\\/2023\\\/07\\\/periodo-de-seca.jpg\",\"contentUrl\":\"https:\\\/\\\/rehagro.com.br\\\/blog\\\/wp-content\\\/uploads\\\/2023\\\/07\\\/periodo-de-seca.jpg\",\"width\":1280,\"height\":853,\"caption\":\"Vacas leiteiras se alimentando em per\u00edodo de seca\"},{\"@type\":\"BreadcrumbList\",\"@id\":\"https:\\\/\\\/rehagro.com.br\\\/blog\\\/periodo-de-seca-como-se-preparar-e-garantir-o-desempenho-do-rebanho\\\/#breadcrumb\",\"itemListElement\":[{\"@type\":\"ListItem\",\"position\":1,\"name\":\"In\u00edcio\",\"item\":\"https:\\\/\\\/rehagro.com.br\\\/blog\\\/\"},{\"@type\":\"ListItem\",\"position\":2,\"name\":\"Como se preparar e garantir o desempenho do rebanho no per\u00edodo de seca?\"}]},{\"@type\":\"WebSite\",\"@id\":\"https:\\\/\\\/rehagro.com.br\\\/blog\\\/#website\",\"url\":\"https:\\\/\\\/rehagro.com.br\\\/blog\\\/\",\"name\":\"Rehagro Blog\",\"description\":\"\",\"publisher\":{\"@id\":\"https:\\\/\\\/rehagro.com.br\\\/blog\\\/#organization\"},\"potentialAction\":[{\"@type\":\"SearchAction\",\"target\":{\"@type\":\"EntryPoint\",\"urlTemplate\":\"https:\\\/\\\/rehagro.com.br\\\/blog\\\/?s={search_term_string}\"},\"query-input\":{\"@type\":\"PropertyValueSpecification\",\"valueRequired\":true,\"valueName\":\"search_term_string\"}}],\"inLanguage\":\"pt-BR\"},{\"@type\":\"Organization\",\"@id\":\"https:\\\/\\\/rehagro.com.br\\\/blog\\\/#organization\",\"name\":\"Rehagro\",\"url\":\"https:\\\/\\\/rehagro.com.br\\\/blog\\\/\",\"logo\":{\"@type\":\"ImageObject\",\"inLanguage\":\"pt-BR\",\"@id\":\"https:\\\/\\\/rehagro.com.br\\\/blog\\\/#\\\/schema\\\/logo\\\/image\\\/\",\"url\":\"https:\\\/\\\/rehagro.com.br\\\/blog\\\/wp-content\\\/uploads\\\/2018\\\/05\\\/logo-rehagro.png\",\"contentUrl\":\"https:\\\/\\\/rehagro.com.br\\\/blog\\\/wp-content\\\/uploads\\\/2018\\\/05\\\/logo-rehagro.png\",\"width\":400,\"height\":115,\"caption\":\"Rehagro\"},\"image\":{\"@id\":\"https:\\\/\\\/rehagro.com.br\\\/blog\\\/#\\\/schema\\\/logo\\\/image\\\/\"}},{\"@type\":\"Person\",\"@id\":\"https:\\\/\\\/rehagro.com.br\\\/blog\\\/#\\\/schema\\\/person\\\/f2d1ae51b04939615ceebb3c0bfd8a94\",\"name\":\"Jo\u00e3o Pedro Azevedo\",\"image\":{\"@type\":\"ImageObject\",\"inLanguage\":\"pt-BR\",\"@id\":\"https:\\\/\\\/secure.gravatar.com\\\/avatar\\\/34aacffb2f10625483f480470f3274778dd1c183ba4f66444bb60ae92149bf8a?s=96&d=mm&r=g\",\"url\":\"https:\\\/\\\/secure.gravatar.com\\\/avatar\\\/34aacffb2f10625483f480470f3274778dd1c183ba4f66444bb60ae92149bf8a?s=96&d=mm&r=g\",\"contentUrl\":\"https:\\\/\\\/secure.gravatar.com\\\/avatar\\\/34aacffb2f10625483f480470f3274778dd1c183ba4f66444bb60ae92149bf8a?s=96&d=mm&r=g\",\"caption\":\"Jo\u00e3o Pedro Azevedo\"},\"url\":\"https:\\\/\\\/rehagro.com.br\\\/blog\\\/author\\\/joao-pedro\\\/\"}]}<\/script>\n<!-- \/ Yoast SEO plugin. -->","yoast_head_json":{"title":"Per\u00edodo de seca: saiba como manter o desempenho do rebanho","description":"O per\u00edodo de seca ocorre todos os anos e representa uma queda na produ\u00e7\u00e3o das forragens. Saiba como manter o desempenho dos bovinos.","robots":{"index":"index","follow":"follow","max-snippet":"max-snippet:-1","max-image-preview":"max-image-preview:large","max-video-preview":"max-video-preview:-1"},"canonical":"https:\/\/rehagro.com.br\/blog\/periodo-de-seca-como-se-preparar-e-garantir-o-desempenho-do-rebanho\/","og_locale":"pt_BR","og_type":"article","og_title":"Per\u00edodo de seca: saiba como manter o desempenho do rebanho","og_description":"O per\u00edodo de seca ocorre todos os anos e representa uma queda na produ\u00e7\u00e3o das forragens. Saiba como manter o desempenho dos bovinos.","og_url":"https:\/\/rehagro.com.br\/blog\/periodo-de-seca-como-se-preparar-e-garantir-o-desempenho-do-rebanho\/","og_site_name":"Rehagro Blog","article_published_time":"2023-07-04T18:31:03+00:00","article_modified_time":"2026-04-09T18:46:56+00:00","og_image":[{"width":1280,"height":853,"url":"https:\/\/rehagro.com.br\/blog\/wp-content\/uploads\/2023\/07\/periodo-de-seca.jpg","type":"image\/jpeg"}],"author":"Jo\u00e3o Pedro Azevedo","twitter_card":"summary_large_image","twitter_misc":{"Escrito por":"Jo\u00e3o Pedro Azevedo","Est. tempo de leitura":"13 minutos"},"schema":{"@context":"https:\/\/schema.org","@graph":[{"@type":"Article","@id":"https:\/\/rehagro.com.br\/blog\/periodo-de-seca-como-se-preparar-e-garantir-o-desempenho-do-rebanho\/#article","isPartOf":{"@id":"https:\/\/rehagro.com.br\/blog\/periodo-de-seca-como-se-preparar-e-garantir-o-desempenho-do-rebanho\/"},"author":{"name":"Jo\u00e3o Pedro Azevedo","@id":"https:\/\/rehagro.com.br\/blog\/#\/schema\/person\/f2d1ae51b04939615ceebb3c0bfd8a94"},"headline":"Como se preparar e garantir o desempenho do rebanho no per\u00edodo de seca?","datePublished":"2023-07-04T18:31:03+00:00","dateModified":"2026-04-09T18:46:56+00:00","mainEntityOfPage":{"@id":"https:\/\/rehagro.com.br\/blog\/periodo-de-seca-como-se-preparar-e-garantir-o-desempenho-do-rebanho\/"},"wordCount":1815,"commentCount":0,"publisher":{"@id":"https:\/\/rehagro.com.br\/blog\/#organization"},"image":{"@id":"https:\/\/rehagro.com.br\/blog\/periodo-de-seca-como-se-preparar-e-garantir-o-desempenho-do-rebanho\/#primaryimage"},"thumbnailUrl":"https:\/\/rehagro.com.br\/blog\/wp-content\/uploads\/2023\/07\/periodo-de-seca.jpg","keywords":["forrageira","pecu\u00e1ria leiteira","planejamento","produtividade","suplementa\u00e7\u00e3o bovina"],"articleSection":["LEITE"],"inLanguage":"pt-BR","potentialAction":[{"@type":"CommentAction","name":"Comment","target":["https:\/\/rehagro.com.br\/blog\/periodo-de-seca-como-se-preparar-e-garantir-o-desempenho-do-rebanho\/#respond"]}]},{"@type":"WebPage","@id":"https:\/\/rehagro.com.br\/blog\/periodo-de-seca-como-se-preparar-e-garantir-o-desempenho-do-rebanho\/","url":"https:\/\/rehagro.com.br\/blog\/periodo-de-seca-como-se-preparar-e-garantir-o-desempenho-do-rebanho\/","name":"Per\u00edodo de seca: saiba como manter o desempenho do rebanho","isPartOf":{"@id":"https:\/\/rehagro.com.br\/blog\/#website"},"primaryImageOfPage":{"@id":"https:\/\/rehagro.com.br\/blog\/periodo-de-seca-como-se-preparar-e-garantir-o-desempenho-do-rebanho\/#primaryimage"},"image":{"@id":"https:\/\/rehagro.com.br\/blog\/periodo-de-seca-como-se-preparar-e-garantir-o-desempenho-do-rebanho\/#primaryimage"},"thumbnailUrl":"https:\/\/rehagro.com.br\/blog\/wp-content\/uploads\/2023\/07\/periodo-de-seca.jpg","datePublished":"2023-07-04T18:31:03+00:00","dateModified":"2026-04-09T18:46:56+00:00","description":"O per\u00edodo de seca ocorre todos os anos e representa uma queda na produ\u00e7\u00e3o das forragens. Saiba como manter o desempenho dos bovinos.","breadcrumb":{"@id":"https:\/\/rehagro.com.br\/blog\/periodo-de-seca-como-se-preparar-e-garantir-o-desempenho-do-rebanho\/#breadcrumb"},"inLanguage":"pt-BR","potentialAction":[{"@type":"ReadAction","target":["https:\/\/rehagro.com.br\/blog\/periodo-de-seca-como-se-preparar-e-garantir-o-desempenho-do-rebanho\/"]}]},{"@type":"ImageObject","inLanguage":"pt-BR","@id":"https:\/\/rehagro.com.br\/blog\/periodo-de-seca-como-se-preparar-e-garantir-o-desempenho-do-rebanho\/#primaryimage","url":"https:\/\/rehagro.com.br\/blog\/wp-content\/uploads\/2023\/07\/periodo-de-seca.jpg","contentUrl":"https:\/\/rehagro.com.br\/blog\/wp-content\/uploads\/2023\/07\/periodo-de-seca.jpg","width":1280,"height":853,"caption":"Vacas leiteiras se alimentando em per\u00edodo de seca"},{"@type":"BreadcrumbList","@id":"https:\/\/rehagro.com.br\/blog\/periodo-de-seca-como-se-preparar-e-garantir-o-desempenho-do-rebanho\/#breadcrumb","itemListElement":[{"@type":"ListItem","position":1,"name":"In\u00edcio","item":"https:\/\/rehagro.com.br\/blog\/"},{"@type":"ListItem","position":2,"name":"Como se preparar e garantir o desempenho do rebanho no per\u00edodo de seca?"}]},{"@type":"WebSite","@id":"https:\/\/rehagro.com.br\/blog\/#website","url":"https:\/\/rehagro.com.br\/blog\/","name":"Rehagro Blog","description":"","publisher":{"@id":"https:\/\/rehagro.com.br\/blog\/#organization"},"potentialAction":[{"@type":"SearchAction","target":{"@type":"EntryPoint","urlTemplate":"https:\/\/rehagro.com.br\/blog\/?s={search_term_string}"},"query-input":{"@type":"PropertyValueSpecification","valueRequired":true,"valueName":"search_term_string"}}],"inLanguage":"pt-BR"},{"@type":"Organization","@id":"https:\/\/rehagro.com.br\/blog\/#organization","name":"Rehagro","url":"https:\/\/rehagro.com.br\/blog\/","logo":{"@type":"ImageObject","inLanguage":"pt-BR","@id":"https:\/\/rehagro.com.br\/blog\/#\/schema\/logo\/image\/","url":"https:\/\/rehagro.com.br\/blog\/wp-content\/uploads\/2018\/05\/logo-rehagro.png","contentUrl":"https:\/\/rehagro.com.br\/blog\/wp-content\/uploads\/2018\/05\/logo-rehagro.png","width":400,"height":115,"caption":"Rehagro"},"image":{"@id":"https:\/\/rehagro.com.br\/blog\/#\/schema\/logo\/image\/"}},{"@type":"Person","@id":"https:\/\/rehagro.com.br\/blog\/#\/schema\/person\/f2d1ae51b04939615ceebb3c0bfd8a94","name":"Jo\u00e3o Pedro Azevedo","image":{"@type":"ImageObject","inLanguage":"pt-BR","@id":"https:\/\/secure.gravatar.com\/avatar\/34aacffb2f10625483f480470f3274778dd1c183ba4f66444bb60ae92149bf8a?s=96&d=mm&r=g","url":"https:\/\/secure.gravatar.com\/avatar\/34aacffb2f10625483f480470f3274778dd1c183ba4f66444bb60ae92149bf8a?s=96&d=mm&r=g","contentUrl":"https:\/\/secure.gravatar.com\/avatar\/34aacffb2f10625483f480470f3274778dd1c183ba4f66444bb60ae92149bf8a?s=96&d=mm&r=g","caption":"Jo\u00e3o Pedro Azevedo"},"url":"https:\/\/rehagro.com.br\/blog\/author\/joao-pedro\/"}]}},"_links":{"self":[{"href":"https:\/\/rehagro.com.br\/blog\/wp-json\/wp\/v2\/posts\/21447","targetHints":{"allow":["GET"]}}],"collection":[{"href":"https:\/\/rehagro.com.br\/blog\/wp-json\/wp\/v2\/posts"}],"about":[{"href":"https:\/\/rehagro.com.br\/blog\/wp-json\/wp\/v2\/types\/post"}],"author":[{"embeddable":true,"href":"https:\/\/rehagro.com.br\/blog\/wp-json\/wp\/v2\/users\/21"}],"replies":[{"embeddable":true,"href":"https:\/\/rehagro.com.br\/blog\/wp-json\/wp\/v2\/comments?post=21447"}],"version-history":[{"count":20,"href":"https:\/\/rehagro.com.br\/blog\/wp-json\/wp\/v2\/posts\/21447\/revisions"}],"predecessor-version":[{"id":42476,"href":"https:\/\/rehagro.com.br\/blog\/wp-json\/wp\/v2\/posts\/21447\/revisions\/42476"}],"wp:featuredmedia":[{"embeddable":true,"href":"https:\/\/rehagro.com.br\/blog\/wp-json\/wp\/v2\/media\/21461"}],"wp:attachment":[{"href":"https:\/\/rehagro.com.br\/blog\/wp-json\/wp\/v2\/media?parent=21447"}],"wp:term":[{"taxonomy":"category","embeddable":true,"href":"https:\/\/rehagro.com.br\/blog\/wp-json\/wp\/v2\/categories?post=21447"},{"taxonomy":"post_tag","embeddable":true,"href":"https:\/\/rehagro.com.br\/blog\/wp-json\/wp\/v2\/tags?post=21447"}],"curies":[{"name":"wp","href":"https:\/\/api.w.org\/{rel}","templated":true}]}}