{"id":19277,"date":"2023-03-30T09:00:29","date_gmt":"2023-03-30T12:00:29","guid":{"rendered":"https:\/\/rehagro.com.br\/blog\/?p=19277"},"modified":"2026-04-07T20:01:25","modified_gmt":"2026-04-07T23:01:25","slug":"cafeicultura-4-0-novas-tecnologias-na-cafeicultura","status":"publish","type":"post","link":"https:\/\/rehagro.com.br\/blog\/cafeicultura-4-0-novas-tecnologias-na-cafeicultura\/","title":{"rendered":"Cafeicultura 4.0 e as novas tecnologias na cafeicultura"},"content":{"rendered":"<p><span style=\"font-weight: 400;\">Nos \u00faltimos anos, os mais diversos setores da economia mundial v\u00eam passando por uma transforma\u00e7\u00e3o tecnol\u00f3gica. <\/span><\/p>\n<p><span style=\"font-weight: 400;\">O agroneg\u00f3cio, um dos mais importantes setores da economia mundial, n\u00e3o ficou de fora dessa revolu\u00e7\u00e3o tecnol\u00f3gica por meio da denominada agricultura 4.0, tamb\u00e9m conhecida como agricultura digital.<\/span><\/p>\n<div style=\"background-color: #efefef; padding-left: 10px; padding-right: 5px; border-radius: 10px;\">\n<p>&nbsp;<\/p>\n<p style=\"text-align: center;\"><strong><span style=\"font-size: 14pt;\">Sem tempo para ler agora? Baixe este artigo em PDF!<\/span><\/strong><\/p>\n<p><script charset=\"utf-8\" type=\"text\/javascript\" src=\"\/\/js.hsforms.net\/forms\/embed\/v2.js\"><\/script><br \/>\n<script>\n  hbspt.forms.create({\n    region: \"na1\",\n    portalId: \"5430441\",\n    formId: \"7dcaf60d-0e23-40ed-8b40-9b8cb07b4128\"\n  });\n<\/script><\/p>\n<\/div>\n<h2>O que \u00e9 agricultura 4.0?<\/h2>\n<p><span style=\"font-weight: 400;\">A agricultura 4.0 <strong>\u00e9 um conjunto de ferramentas tecnol\u00f3gicas no agroneg\u00f3cio<\/strong>. Nela, a Agricultura de Precis\u00e3o, a Big Data e a Internet das Coisas, trabalham em conjunto para otimizar as demandas do campo, tornando as tarefas mais eficientes.\u00a0<\/span><\/p>\n<p><span style=\"font-weight: 400;\">Na cafeicultura 4.0, as novas tecnologias dispon\u00edveis podem <strong>aumentar a produ\u00e7\u00e3o e otimizar as etapas do processo produtivo<\/strong> da semente \u00e0 x\u00edcara. Al\u00e9m disso, podem auxiliar os cafeicultores a superar os desafios que aparecem ao longo do ciclo produtivo, tais como <a href=\"https:\/\/rehagro.com.br\/blog\/principais-doencas-do-cafe-como-identifica-las\/\" target=\"_blank\" rel=\"noopener\"><strong>doen\u00e7as<\/strong><\/a> e <a href=\"https:\/\/rehagro.com.br\/blog\/pragas-do-cafe-arabica\/\" target=\"_blank\" rel=\"noopener\"><strong>pragas<\/strong><\/a>, crise clim\u00e1tica e escassez de m\u00e3o de obra.\u00a0<\/span><\/p>\n<p><span style=\"font-weight: 400;\">Tudo isso por meio de um conjunto de tecnologias digitais integradas e conectadas atrav\u00e9s de softwares, sistemas e sensores, permitindo que os cafeicultores coloquem a agricultura de precis\u00e3o em pr\u00e1tica nas suas lavouras.<\/span><\/p>\n<p><span style=\"font-weight: 400;\">Veja a seguir, algumas ferramentas tecnol\u00f3gicas que podem auxiliar os cafeicultores no manejo de suas lavouras.<\/span><\/p>\n<p><a href=\"https:\/\/conteudo.rehagro.com.br\/calendario-agricola-cafeicultor?utm_campaign=material-cafe&amp;utm_source=calendario-cafe&amp;utm_medium=blog\" target=\"_blank\" rel=\"noopener\"><img loading=\"lazy\" decoding=\"async\" class=\"aligncenter wp-image-39670 size-full\" title=\"Clique e baixe o material gratuitamente!\" src=\"https:\/\/rehagro.com.br\/blog\/wp-content\/uploads\/2025\/09\/banner-calendario-cafeicultura.png\" alt=\"Calend\u00e1rio agr\u00edcola do caf\u00e9\" width=\"980\" height=\"317\" srcset=\"https:\/\/rehagro.com.br\/blog\/wp-content\/uploads\/2025\/09\/banner-calendario-cafeicultura.png 980w, https:\/\/rehagro.com.br\/blog\/wp-content\/uploads\/2025\/09\/banner-calendario-cafeicultura-300x97.png 300w, https:\/\/rehagro.com.br\/blog\/wp-content\/uploads\/2025\/09\/banner-calendario-cafeicultura-768x248.png 768w, https:\/\/rehagro.com.br\/blog\/wp-content\/uploads\/2025\/09\/banner-calendario-cafeicultura-370x120.png 370w, https:\/\/rehagro.com.br\/blog\/wp-content\/uploads\/2025\/09\/banner-calendario-cafeicultura-270x87.png 270w, https:\/\/rehagro.com.br\/blog\/wp-content\/uploads\/2025\/09\/banner-calendario-cafeicultura-740x239.png 740w, https:\/\/rehagro.com.br\/blog\/wp-content\/uploads\/2025\/09\/banner-calendario-cafeicultura-150x49.png 150w\" sizes=\"auto, (max-width: 980px) 100vw, 980px\" \/><\/a><\/p>\n<h2>Utiliza\u00e7\u00e3o de softwares de gest\u00e3o<\/h2>\n<p><span style=\"font-weight: 400;\">Os softwares de gest\u00e3o s\u00e3o uma excelente ferramenta tecnol\u00f3gica nas propriedades rurais, seja na administra\u00e7\u00e3o do escrit\u00f3rio ou de toda a produ\u00e7\u00e3o cafeeira.\u00a0<\/span><\/p>\n<p><span style=\"font-weight: 400;\">Nele, <strong>o cafeicultor consegue planejar e monitorar todas as etapas das lavouras de caf\u00e9<\/strong>, desde o planejamento de plantio at\u00e9 o beneficiamento e comercializa\u00e7\u00e3o, permitindo uma melhor aloca\u00e7\u00e3o e gerenciamento dos recursos humanos, financeiros e materiais da propriedade.<\/span><\/p>\n<p><img loading=\"lazy\" decoding=\"async\" class=\"aligncenter wp-image-19282 size-full\" src=\"https:\/\/rehagro.com.br\/blog\/wp-content\/uploads\/2023\/03\/SGAGRI-Software-de-gestao-Agricola-do-grupo-Rehagro.jpg\" alt=\"Computador com imagem do SGAGRI - Software de gest\u00e3o Agr\u00edcola do grupo Rehagro\" width=\"795\" height=\"495\" srcset=\"https:\/\/rehagro.com.br\/blog\/wp-content\/uploads\/2023\/03\/SGAGRI-Software-de-gestao-Agricola-do-grupo-Rehagro.jpg 795w, https:\/\/rehagro.com.br\/blog\/wp-content\/uploads\/2023\/03\/SGAGRI-Software-de-gestao-Agricola-do-grupo-Rehagro-300x187.jpg 300w, https:\/\/rehagro.com.br\/blog\/wp-content\/uploads\/2023\/03\/SGAGRI-Software-de-gestao-Agricola-do-grupo-Rehagro-768x478.jpg 768w, https:\/\/rehagro.com.br\/blog\/wp-content\/uploads\/2023\/03\/SGAGRI-Software-de-gestao-Agricola-do-grupo-Rehagro-370x230.jpg 370w, https:\/\/rehagro.com.br\/blog\/wp-content\/uploads\/2023\/03\/SGAGRI-Software-de-gestao-Agricola-do-grupo-Rehagro-270x168.jpg 270w, https:\/\/rehagro.com.br\/blog\/wp-content\/uploads\/2023\/03\/SGAGRI-Software-de-gestao-Agricola-do-grupo-Rehagro-740x461.jpg 740w, https:\/\/rehagro.com.br\/blog\/wp-content\/uploads\/2023\/03\/SGAGRI-Software-de-gestao-Agricola-do-grupo-Rehagro-150x93.jpg 150w\" sizes=\"auto, (max-width: 795px) 100vw, 795px\" \/><\/p>\n<p style=\"text-align: center;\"><span style=\"font-weight: 400; font-size: 8pt;\">SGAGRI Software de gest\u00e3o Agr\u00edcola do grupo Rehagro<\/span><\/p>\n<h2>Uso de drones na lavoura<\/h2>\n<p><span style=\"font-weight: 400;\">Os drones v\u00eam sendo cada vez mais utilizados nas lavouras de caf\u00e9 no Brasil, sendo uma \u00f3tima ferramenta para substituir as aplica\u00e7\u00f5es costais (principalmente nas \u00e1reas de cafeicultura de montanha).\u00a0<\/span><\/p>\n<p><span style=\"font-weight: 400;\">Os drones s\u00e3o capazes de realizar voos rasantes e em diferentes velocidades. Isso somado ao seu pequeno porte, possibilita a <strong>pulveriza\u00e7\u00e3o dos produtos qu\u00edmicos com maior precis\u00e3o, aumentando a efetividade e reduzindo os custos<\/strong> operacionais.\u00a0<\/span><\/p>\n<p><span style=\"font-weight: 400;\">Em regi\u00f5es montanhosas onde n\u00e3o \u00e9 poss\u00edvel o uso de tratores, os drones podem se tornar uma ferramenta indispens\u00e1vel, devido \u00e0 crescente escassez de m\u00e3o de obra que vem se agravando nas \u00faltimas safras em diversas regi\u00f5es cafeeiras do pa\u00eds.<\/span><\/p>\n<p><a href=\"https:\/\/rehagro.com.br\/cursos\/capacitacao-em-gestao-na-producao-de-cafe?utm_campaign=mkt-materiais-gc&amp;utm_source=textos&amp;utm_medium=blog\" target=\"_blank\" rel=\"noopener\"><img loading=\"lazy\" decoding=\"async\" class=\"aligncenter wp-image-28254 size-full\" title=\"Clique e saiba mais sobre o curso!\" src=\"https:\/\/rehagro.com.br\/blog\/wp-content\/uploads\/2020\/07\/botao-gc-arabica-1.jpg\" alt=\"Curso Gest\u00e3o na Produ\u00e7\u00e3o de Caf\u00e9 Ar\u00e1bica\" width=\"900\" height=\"250\" srcset=\"https:\/\/rehagro.com.br\/blog\/wp-content\/uploads\/2020\/07\/botao-gc-arabica-1.jpg 900w, https:\/\/rehagro.com.br\/blog\/wp-content\/uploads\/2020\/07\/botao-gc-arabica-1-300x83.jpg 300w, https:\/\/rehagro.com.br\/blog\/wp-content\/uploads\/2020\/07\/botao-gc-arabica-1-768x213.jpg 768w, https:\/\/rehagro.com.br\/blog\/wp-content\/uploads\/2020\/07\/botao-gc-arabica-1-370x103.jpg 370w, https:\/\/rehagro.com.br\/blog\/wp-content\/uploads\/2020\/07\/botao-gc-arabica-1-270x75.jpg 270w, https:\/\/rehagro.com.br\/blog\/wp-content\/uploads\/2020\/07\/botao-gc-arabica-1-740x206.jpg 740w, https:\/\/rehagro.com.br\/blog\/wp-content\/uploads\/2020\/07\/botao-gc-arabica-1-150x42.jpg 150w\" sizes=\"auto, (max-width: 900px) 100vw, 900px\" \/><\/a><\/p>\n<h3>\u00cdndices de vegeta\u00e7\u00e3o NDVI<\/h3>\n<p><span style=\"font-weight: 400;\">Por meio de imagens geradas por sensores acoplados em <\/span><span style=\"font-weight: 400;\">sat\u00e9lites<\/span><span style=\"font-weight: 400;\"> e drones, \u00e9 poss\u00edvel ter acesso<\/span><span style=\"font-weight: 400;\"> ao \u00edndice de vegeta\u00e7\u00e3o NDVI (Normalized Difference Vegetation Index). <\/span><\/p>\n<p><span style=\"font-weight: 400;\">O \u00edndice NDVI pode ser utilizado no monitoramento remoto das lavouras de caf\u00e9, possibilitando o produtor a monitorar uma s\u00e9rie de problemas que afetam as lavouras, como a incid\u00eancia de pragas, doen\u00e7as nas lavouras, estado nutricional e <a href=\"https:\/\/rehagro.com.br\/blog\/estresse-hidrico-no-cafe\/\" target=\"_blank\" rel=\"noopener\"><strong>estresse h\u00eddrico<\/strong><\/a>. <\/span><\/p>\n<p><span style=\"font-weight: 400;\">Para a obten\u00e7\u00e3o de uma imagem de NDVI, os c\u00e1lculos consideram a energia que \u00e9 absorvida e refletida pelo cafeeiro de acordo com a energia solar que atinge a mesma.<\/span><\/p>\n<p><span style=\"font-weight: 400;\">O c\u00e1lculo do NDVI \u00e9 realizado com base nas bandas espectrais, captadas por sensores que consideram espectro infravermelho pr\u00f3ximo (NIR) que est\u00e1 relacionado com a composi\u00e7\u00e3o celular das plantas e o infravermelho vis\u00edvel (RED), regi\u00e3o do espectro com maior absor\u00e7\u00e3o pela clorofila. <\/span><\/p>\n<p><span style=\"font-weight: 400;\">Assim, quando h\u00e1 alguma altera\u00e7\u00e3o no desenvolvimento da cultura, seja pela ocorr\u00eancia de pragas, doen\u00e7as, <a href=\"https:\/\/rehagro.com.br\/blog\/sintomas-de-deficiencias-nutricionais-em-cafeeiro\/\" target=\"_blank\" rel=\"noopener\"><strong>defici\u00eancias nutricionais<\/strong><\/a> ou escassez h\u00eddrica, a planta altera sua absor\u00e7\u00e3o e reflect\u00e2ncia das luzes incidentes, o que interfere diretamente nos \u00edndices NDVI.<\/span><\/p>\n<p><img loading=\"lazy\" decoding=\"async\" class=\"aligncenter wp-image-19285 size-large\" src=\"https:\/\/rehagro.com.br\/blog\/wp-content\/uploads\/2023\/03\/Interpretacao-dos-valores-de-NDVI-1024x576.jpg\" alt=\"Ilustra\u00e7\u00e3o com a Interpreta\u00e7\u00e3o dos valores do \u00edndice NDVI\" width=\"770\" height=\"433\" srcset=\"https:\/\/rehagro.com.br\/blog\/wp-content\/uploads\/2023\/03\/Interpretacao-dos-valores-de-NDVI-1024x576.jpg 1024w, https:\/\/rehagro.com.br\/blog\/wp-content\/uploads\/2023\/03\/Interpretacao-dos-valores-de-NDVI-300x169.jpg 300w, https:\/\/rehagro.com.br\/blog\/wp-content\/uploads\/2023\/03\/Interpretacao-dos-valores-de-NDVI-768x432.jpg 768w, https:\/\/rehagro.com.br\/blog\/wp-content\/uploads\/2023\/03\/Interpretacao-dos-valores-de-NDVI-1536x864.jpg 1536w, https:\/\/rehagro.com.br\/blog\/wp-content\/uploads\/2023\/03\/Interpretacao-dos-valores-de-NDVI-370x208.jpg 370w, https:\/\/rehagro.com.br\/blog\/wp-content\/uploads\/2023\/03\/Interpretacao-dos-valores-de-NDVI-270x152.jpg 270w, https:\/\/rehagro.com.br\/blog\/wp-content\/uploads\/2023\/03\/Interpretacao-dos-valores-de-NDVI-740x416.jpg 740w, https:\/\/rehagro.com.br\/blog\/wp-content\/uploads\/2023\/03\/Interpretacao-dos-valores-de-NDVI-150x84.jpg 150w, https:\/\/rehagro.com.br\/blog\/wp-content\/uploads\/2023\/03\/Interpretacao-dos-valores-de-NDVI.jpg 1920w\" sizes=\"auto, (max-width: 770px) 100vw, 770px\" \/><\/p>\n<p style=\"text-align: center;\"><span style=\"font-weight: 400; font-size: 8pt;\">Interpreta\u00e7\u00e3o dos valores de NDVI (Fonte: Ernani Zimmermann)<\/span><\/p>\n<p><span style=\"font-weight: 400;\">As imagens de NDVI, na maior parte das vezes, possuem escalas variando de -1 a 1. <strong>Os valores pr\u00f3ximos a 1, s\u00e3o cafeeiros verdes e sadios, com alta concentra\u00e7\u00e3o de clorofila<\/strong>. J\u00e1 os valores pr\u00f3ximos a 0 est\u00e3o relacionados \u00e0 presen\u00e7a de rochas e solo exposto.\u00a0<\/span><\/p>\n<p><span style=\"font-weight: 400;\">O gr\u00e1fico abaixo mostra o monitoramento do NDVI de plantas de caf\u00e9, ao longo de um ano, submetidas a diferentes t\u00e9cnicas de manejo, envolvendo coberturas do solo e condicionadores de solo.<\/span><\/p>\n<p><img loading=\"lazy\" decoding=\"async\" class=\"aligncenter wp-image-19278 size-large\" src=\"https:\/\/rehagro.com.br\/blog\/wp-content\/uploads\/2023\/03\/Monitoramento-ndvi-plantas-de-cafe-1024x539.jpg\" alt=\"Gr\u00e1fico do monitoramento NDVI de plantas de caf\u00e9 com diferentes manejos\" width=\"770\" height=\"405\" srcset=\"https:\/\/rehagro.com.br\/blog\/wp-content\/uploads\/2023\/03\/Monitoramento-ndvi-plantas-de-cafe-1024x539.jpg 1024w, https:\/\/rehagro.com.br\/blog\/wp-content\/uploads\/2023\/03\/Monitoramento-ndvi-plantas-de-cafe-300x158.jpg 300w, https:\/\/rehagro.com.br\/blog\/wp-content\/uploads\/2023\/03\/Monitoramento-ndvi-plantas-de-cafe-768x404.jpg 768w, https:\/\/rehagro.com.br\/blog\/wp-content\/uploads\/2023\/03\/Monitoramento-ndvi-plantas-de-cafe-1536x808.jpg 1536w, https:\/\/rehagro.com.br\/blog\/wp-content\/uploads\/2023\/03\/Monitoramento-ndvi-plantas-de-cafe-370x195.jpg 370w, https:\/\/rehagro.com.br\/blog\/wp-content\/uploads\/2023\/03\/Monitoramento-ndvi-plantas-de-cafe-270x142.jpg 270w, https:\/\/rehagro.com.br\/blog\/wp-content\/uploads\/2023\/03\/Monitoramento-ndvi-plantas-de-cafe-570x300.jpg 570w, https:\/\/rehagro.com.br\/blog\/wp-content\/uploads\/2023\/03\/Monitoramento-ndvi-plantas-de-cafe-740x389.jpg 740w, https:\/\/rehagro.com.br\/blog\/wp-content\/uploads\/2023\/03\/Monitoramento-ndvi-plantas-de-cafe-150x79.jpg 150w, https:\/\/rehagro.com.br\/blog\/wp-content\/uploads\/2023\/03\/Monitoramento-ndvi-plantas-de-cafe.jpg 1999w\" sizes=\"auto, (max-width: 770px) 100vw, 770px\" \/><\/p>\n<p style=\"text-align: center;\"><span style=\"font-weight: 400; font-size: 8pt;\">Evolu\u00e7\u00e3o dos valores de NDVI em cafeeiros submetidos a diferentes t\u00e9cnicas de manejo (Fonte: Larissa Cocato, consultora t\u00e9cnica do Rehagro).<\/span><\/p>\n<h2>Automa\u00e7\u00e3o de sistemas de irriga\u00e7\u00e3o<\/h2>\n<p><span style=\"font-weight: 400;\">Essa ferramenta tecnol\u00f3gica \u00e9 uma pe\u00e7a chave na busca da rentabilidade da atividade cafeeira, uma vez que <strong>ela reduz n\u00e3o s\u00f3 erros humanos de m\u00e1 opera\u00e7\u00e3o, como tamb\u00e9m o consumo de insumos e energia el\u00e9trica<\/strong>, al\u00e9m de promover um uso mais racional dos recursos h\u00eddricos.\u00a0<\/span><\/p>\n<p><span style=\"font-weight: 400;\">Os sistemas de irriga\u00e7\u00e3o automatizados possuem um controlador eletr\u00f4nico respons\u00e1vel por armazenar e processar as informa\u00e7\u00f5es inseridas nele, fazendo com que o equipamento trabalhe de forma ordenada e com efic\u00e1cia.<\/span><\/p>\n<p><img loading=\"lazy\" decoding=\"async\" class=\"aligncenter wp-image-19287 size-large\" src=\"https:\/\/rehagro.com.br\/blog\/wp-content\/uploads\/2023\/03\/Lavoura-de-cafe-irrigada-1024x768.jpg\" alt=\"Lavoura de caf\u00e9 irrigada\" width=\"770\" height=\"578\" srcset=\"https:\/\/rehagro.com.br\/blog\/wp-content\/uploads\/2023\/03\/Lavoura-de-cafe-irrigada-1024x768.jpg 1024w, https:\/\/rehagro.com.br\/blog\/wp-content\/uploads\/2023\/03\/Lavoura-de-cafe-irrigada-300x225.jpg 300w, https:\/\/rehagro.com.br\/blog\/wp-content\/uploads\/2023\/03\/Lavoura-de-cafe-irrigada-768x576.jpg 768w, https:\/\/rehagro.com.br\/blog\/wp-content\/uploads\/2023\/03\/Lavoura-de-cafe-irrigada-370x278.jpg 370w, https:\/\/rehagro.com.br\/blog\/wp-content\/uploads\/2023\/03\/Lavoura-de-cafe-irrigada-270x203.jpg 270w, https:\/\/rehagro.com.br\/blog\/wp-content\/uploads\/2023\/03\/Lavoura-de-cafe-irrigada-740x555.jpg 740w, https:\/\/rehagro.com.br\/blog\/wp-content\/uploads\/2023\/03\/Lavoura-de-cafe-irrigada-80x60.jpg 80w, https:\/\/rehagro.com.br\/blog\/wp-content\/uploads\/2023\/03\/Lavoura-de-cafe-irrigada-150x113.jpg 150w, https:\/\/rehagro.com.br\/blog\/wp-content\/uploads\/2023\/03\/Lavoura-de-cafe-irrigada.jpg 1080w\" sizes=\"auto, (max-width: 770px) 100vw, 770px\" \/><\/p>\n<p style=\"text-align: center;\"><span style=\"font-weight: 400; font-size: 8pt;\">Lavoura de caf\u00e9 irrigada (fonte: Gilson Pereira)<\/span><\/p>\n<p><span style=\"font-weight: 400;\"><strong>Os controladores permitem a programa\u00e7\u00e3o pr\u00e9via dos hor\u00e1rios de partida de irriga\u00e7\u00e3o, o tempo de irriga\u00e7\u00e3o em minutos e horas<\/strong>, l\u00e2mina de \u00e1gua a ser aplicada em cada setor de irriga\u00e7\u00e3o, al\u00e9m de possibilitar um monitoramento constante e remoto dos par\u00e2metros da irriga\u00e7\u00e3o, possibilitando uma interven\u00e7\u00e3o r\u00e1pida para solucionar poss\u00edveis problemas operacionais que afetem o sistema.\u00a0<\/span><\/p>\n<p><span style=\"font-weight: 400;\">Al\u00e9m disso, podem ainda ser acoplados a diversos tipos de sensores distribu\u00eddos ao longo da lavoura, que coletam informa\u00e7\u00f5es como controle de umidade do solo e sensores de chuva para abastecer a intelig\u00eancia artificial dos sistemas automatizados de irriga\u00e7\u00e3o para uma melhor tomada de decis\u00e3o quanto ao manejo de irriga\u00e7\u00e3o.<\/span><\/p>\n<h2>Telemetria em m\u00e1quinas agr\u00edcolas<\/h2>\n<p><span style=\"font-weight: 400;\">O termo telemetria tem origem na palavra grega <em>tele<\/em>, que significa remoto, e <em>metron<\/em> que significa medida. Essa ferramenta tecnol\u00f3gica foi inicialmente desenvolvida para ser utilizada em competi\u00e7\u00f5es automobil\u00edsticas, por exemplo, a F\u00f3rmula 1. <\/span><\/p>\n<p><span style=\"font-weight: 400;\">Nos \u00faltimos anos, por\u00e9m, essa tecnologia vem sendo implantada nos mais diversos tipos de maquin\u00e1rios utilizados na cafeicultura, como as colhedoras, tratores e caminh\u00f5es de transporte.\u00a0<\/span><\/p>\n<p><span style=\"font-weight: 400;\">A telemetria funciona por meio de sensores inseridos na m\u00e1quina, que identificam par\u00e2metros como:\u00a0<\/span><\/p>\n<ul>\n<li style=\"font-weight: 400;\" aria-level=\"1\"><span style=\"font-weight: 400;\">Quantidade de combust\u00edvel consumido\u00a0<\/span><\/li>\n<li style=\"font-weight: 400;\" aria-level=\"1\"><span style=\"font-weight: 400;\">Dist\u00e2ncia percorrida durante o dia\u00a0<\/span><\/li>\n<li style=\"font-weight: 400;\" aria-level=\"1\"><span style=\"font-weight: 400;\">Velocidade, rota\u00e7\u00e3o e temperatura do motor<\/span><\/li>\n<\/ul>\n<p><span style=\"font-weight: 400;\">Estas informa\u00e7\u00f5es s\u00e3o enviadas para um banco de dados, possibilitando identificar irregularidades, por menores que sejam. Assim, o produtor poder\u00e1 encaminhar a m\u00e1quina para manuten\u00e7\u00e3o, antes que o problema se agrave e o aparelho fique parado por um longo tempo. Tamb\u00e9m \u00e9 poss\u00edvel obter o apontamento detalhado do rendimento operacional de cada m\u00e1quina.\u00a0<\/span><\/p>\n<h2>Una tecnologia e gest\u00e3o para transformar sua produ\u00e7\u00e3o de caf\u00e9<\/h2>\n<p>A cafeicultura 4.0 traz inova\u00e7\u00f5es que permitem maior precis\u00e3o, efici\u00eancia e sustentabilidade no campo. No entanto, para que essas tecnologias realmente gerem impacto, \u00e9 indispens\u00e1vel integr\u00e1-las a uma gest\u00e3o bem estruturada, capaz de transformar dados em decis\u00f5es assertivas e resultados concretos.<\/p>\n<p>No <strong><a href=\"https:\/\/rehagro.com.br\/cursos\/capacitacao-em-gestao-na-producao-de-cafe?utm_campaign=mkt-materiais-gc&amp;utm_source=textos&amp;utm_medium=blog\">Curso Gest\u00e3o na Produ\u00e7\u00e3o de Caf\u00e9 Ar\u00e1bica<\/a><\/strong>\u00a0do Rehagro, voc\u00ea aprende a aplicar ferramentas de gest\u00e3o estrat\u00e9gica, reduzir custos, organizar melhor os processos da lavoura e conduzir a produ\u00e7\u00e3o com foco em qualidade e rentabilidade.<\/p>\n<p><a href=\"https:\/\/rehagro.com.br\/cursos\/capacitacao-em-gestao-na-producao-de-cafe?utm_campaign=mkt-materiais-gc&amp;utm_source=textos&amp;utm_medium=blog\" target=\"_blank\" rel=\"noopener\"><img loading=\"lazy\" decoding=\"async\" class=\"aligncenter wp-image-24250 size-full\" title=\"Clique e saiba mais sobre o curso!\" src=\"https:\/\/rehagro.com.br\/blog\/wp-content\/uploads\/2023\/09\/banner-gc.jpg\" alt=\"Curso Gest\u00e3o na Produ\u00e7\u00e3o de Caf\u00e9 Ar\u00e1bica\" width=\"980\" height=\"317\" srcset=\"https:\/\/rehagro.com.br\/blog\/wp-content\/uploads\/2023\/09\/banner-gc.jpg 980w, https:\/\/rehagro.com.br\/blog\/wp-content\/uploads\/2023\/09\/banner-gc-300x97.jpg 300w, https:\/\/rehagro.com.br\/blog\/wp-content\/uploads\/2023\/09\/banner-gc-768x248.jpg 768w, https:\/\/rehagro.com.br\/blog\/wp-content\/uploads\/2023\/09\/banner-gc-370x120.jpg 370w, https:\/\/rehagro.com.br\/blog\/wp-content\/uploads\/2023\/09\/banner-gc-270x87.jpg 270w, https:\/\/rehagro.com.br\/blog\/wp-content\/uploads\/2023\/09\/banner-gc-740x239.jpg 740w, https:\/\/rehagro.com.br\/blog\/wp-content\/uploads\/2023\/09\/banner-gc-150x49.jpg 150w\" sizes=\"auto, (max-width: 980px) 100vw, 980px\" \/><\/a><\/p>\n<p><img loading=\"lazy\" decoding=\"async\" class=\"aligncenter wp-image-19236 size-medium\" src=\"https:\/\/rehagro.com.br\/blog\/wp-content\/uploads\/2023\/03\/ernani-zimmermann-300x96.jpg\" alt=\"Ernani Zimmermann\" width=\"300\" height=\"96\" srcset=\"https:\/\/rehagro.com.br\/blog\/wp-content\/uploads\/2023\/03\/ernani-zimmermann-300x96.jpg 300w, https:\/\/rehagro.com.br\/blog\/wp-content\/uploads\/2023\/03\/ernani-zimmermann-768x246.jpg 768w, https:\/\/rehagro.com.br\/blog\/wp-content\/uploads\/2023\/03\/ernani-zimmermann-370x118.jpg 370w, https:\/\/rehagro.com.br\/blog\/wp-content\/uploads\/2023\/03\/ernani-zimmermann-270x86.jpg 270w, https:\/\/rehagro.com.br\/blog\/wp-content\/uploads\/2023\/03\/ernani-zimmermann-740x237.jpg 740w, https:\/\/rehagro.com.br\/blog\/wp-content\/uploads\/2023\/03\/ernani-zimmermann-150x48.jpg 150w, https:\/\/rehagro.com.br\/blog\/wp-content\/uploads\/2023\/03\/ernani-zimmermann.jpg 975w\" sizes=\"auto, (max-width: 300px) 100vw, 300px\" \/><\/p>\n","protected":false},"excerpt":{"rendered":"<p>Nos \u00faltimos anos, os mais diversos setores da economia mundial v\u00eam passando por uma transforma\u00e7\u00e3o tecnol\u00f3gica. O agroneg\u00f3cio, um dos mais importantes setores da economia mundial, n\u00e3o ficou de fora dessa revolu\u00e7\u00e3o tecnol\u00f3gica por meio da denominada agricultura 4.0, tamb\u00e9m conhecida como agricultura digital. &nbsp; Sem tempo para ler agora? Baixe este artigo em PDF! [&hellip;]<\/p>\n","protected":false},"author":21,"featured_media":19302,"comment_status":"open","ping_status":"open","sticky":false,"template":"","format":"standard","meta":{"footnotes":""},"categories":[211],"tags":[340,282,266,673,784],"class_list":["post-19277","post","type-post","status-publish","format-standard","has-post-thumbnail","hentry","category-cafe","tag-agricultura","tag-cafe","tag-cafeeiro","tag-cafeicultura","tag-tecnologia"],"yoast_head":"<!-- This site is optimized with the Yoast SEO plugin v27.4 - https:\/\/yoast.com\/product\/yoast-seo-wordpress\/ -->\n<title>Cafeicultura 4.0: novas tecnologias aliadas aos produtores de caf\u00e9<\/title>\n<meta name=\"description\" content=\"Na cafeicultura 4.0, as novas tecnologias dispon\u00edveis podem aumentar a produ\u00e7\u00e3o e otimizar as etapas do processo produtivo. Saiba mais!\" \/>\n<meta name=\"robots\" content=\"index, follow, max-snippet:-1, max-image-preview:large, max-video-preview:-1\" \/>\n<link rel=\"canonical\" href=\"https:\/\/rehagro.com.br\/blog\/cafeicultura-4-0-novas-tecnologias-na-cafeicultura\/\" \/>\n<meta property=\"og:locale\" content=\"pt_BR\" \/>\n<meta property=\"og:type\" content=\"article\" \/>\n<meta property=\"og:title\" content=\"Cafeicultura 4.0: novas tecnologias aliadas aos produtores de caf\u00e9\" \/>\n<meta property=\"og:description\" content=\"Na cafeicultura 4.0, as novas tecnologias dispon\u00edveis podem aumentar a produ\u00e7\u00e3o e otimizar as etapas do processo produtivo. Saiba mais!\" \/>\n<meta property=\"og:url\" content=\"https:\/\/rehagro.com.br\/blog\/cafeicultura-4-0-novas-tecnologias-na-cafeicultura\/\" \/>\n<meta property=\"og:site_name\" content=\"Rehagro Blog\" \/>\n<meta property=\"article:published_time\" content=\"2023-03-30T12:00:29+00:00\" \/>\n<meta property=\"article:modified_time\" content=\"2026-04-07T23:01:25+00:00\" \/>\n<meta property=\"og:image\" content=\"https:\/\/rehagro.com.br\/blog\/wp-content\/uploads\/2023\/03\/Cafeicultura-4.0-novas-tecnologias-na-cafeicultura.jpg\" \/>\n\t<meta property=\"og:image:width\" content=\"1280\" \/>\n\t<meta property=\"og:image:height\" content=\"960\" \/>\n\t<meta property=\"og:image:type\" content=\"image\/jpeg\" \/>\n<meta name=\"author\" content=\"Jo\u00e3o Pedro Azevedo\" \/>\n<meta name=\"twitter:card\" content=\"summary_large_image\" \/>\n<meta name=\"twitter:label1\" content=\"Escrito por\" \/>\n\t<meta name=\"twitter:data1\" content=\"Jo\u00e3o Pedro Azevedo\" \/>\n\t<meta name=\"twitter:label2\" content=\"Est. tempo de leitura\" \/>\n\t<meta name=\"twitter:data2\" content=\"8 minutos\" \/>\n<script type=\"application\/ld+json\" class=\"yoast-schema-graph\">{\"@context\":\"https:\\\/\\\/schema.org\",\"@graph\":[{\"@type\":\"Article\",\"@id\":\"https:\\\/\\\/rehagro.com.br\\\/blog\\\/cafeicultura-4-0-novas-tecnologias-na-cafeicultura\\\/#article\",\"isPartOf\":{\"@id\":\"https:\\\/\\\/rehagro.com.br\\\/blog\\\/cafeicultura-4-0-novas-tecnologias-na-cafeicultura\\\/\"},\"author\":{\"name\":\"Jo\u00e3o Pedro Azevedo\",\"@id\":\"https:\\\/\\\/rehagro.com.br\\\/blog\\\/#\\\/schema\\\/person\\\/f2d1ae51b04939615ceebb3c0bfd8a94\"},\"headline\":\"Cafeicultura 4.0 e as novas tecnologias na cafeicultura\",\"datePublished\":\"2023-03-30T12:00:29+00:00\",\"dateModified\":\"2026-04-07T23:01:25+00:00\",\"mainEntityOfPage\":{\"@id\":\"https:\\\/\\\/rehagro.com.br\\\/blog\\\/cafeicultura-4-0-novas-tecnologias-na-cafeicultura\\\/\"},\"wordCount\":1230,\"commentCount\":0,\"publisher\":{\"@id\":\"https:\\\/\\\/rehagro.com.br\\\/blog\\\/#organization\"},\"image\":{\"@id\":\"https:\\\/\\\/rehagro.com.br\\\/blog\\\/cafeicultura-4-0-novas-tecnologias-na-cafeicultura\\\/#primaryimage\"},\"thumbnailUrl\":\"https:\\\/\\\/rehagro.com.br\\\/blog\\\/wp-content\\\/uploads\\\/2023\\\/03\\\/Cafeicultura-4.0-novas-tecnologias-na-cafeicultura.jpg\",\"keywords\":[\"agricultura\",\"caf\u00e9\",\"cafeeiro\",\"cafeicultura\",\"tecnologia\"],\"articleSection\":[\"CAF\u00c9\"],\"inLanguage\":\"pt-BR\",\"potentialAction\":[{\"@type\":\"CommentAction\",\"name\":\"Comment\",\"target\":[\"https:\\\/\\\/rehagro.com.br\\\/blog\\\/cafeicultura-4-0-novas-tecnologias-na-cafeicultura\\\/#respond\"]}]},{\"@type\":\"WebPage\",\"@id\":\"https:\\\/\\\/rehagro.com.br\\\/blog\\\/cafeicultura-4-0-novas-tecnologias-na-cafeicultura\\\/\",\"url\":\"https:\\\/\\\/rehagro.com.br\\\/blog\\\/cafeicultura-4-0-novas-tecnologias-na-cafeicultura\\\/\",\"name\":\"Cafeicultura 4.0: novas tecnologias aliadas aos produtores de caf\u00e9\",\"isPartOf\":{\"@id\":\"https:\\\/\\\/rehagro.com.br\\\/blog\\\/#website\"},\"primaryImageOfPage\":{\"@id\":\"https:\\\/\\\/rehagro.com.br\\\/blog\\\/cafeicultura-4-0-novas-tecnologias-na-cafeicultura\\\/#primaryimage\"},\"image\":{\"@id\":\"https:\\\/\\\/rehagro.com.br\\\/blog\\\/cafeicultura-4-0-novas-tecnologias-na-cafeicultura\\\/#primaryimage\"},\"thumbnailUrl\":\"https:\\\/\\\/rehagro.com.br\\\/blog\\\/wp-content\\\/uploads\\\/2023\\\/03\\\/Cafeicultura-4.0-novas-tecnologias-na-cafeicultura.jpg\",\"datePublished\":\"2023-03-30T12:00:29+00:00\",\"dateModified\":\"2026-04-07T23:01:25+00:00\",\"description\":\"Na cafeicultura 4.0, as novas tecnologias dispon\u00edveis podem aumentar a produ\u00e7\u00e3o e otimizar as etapas do processo produtivo. Saiba mais!\",\"breadcrumb\":{\"@id\":\"https:\\\/\\\/rehagro.com.br\\\/blog\\\/cafeicultura-4-0-novas-tecnologias-na-cafeicultura\\\/#breadcrumb\"},\"inLanguage\":\"pt-BR\",\"potentialAction\":[{\"@type\":\"ReadAction\",\"target\":[\"https:\\\/\\\/rehagro.com.br\\\/blog\\\/cafeicultura-4-0-novas-tecnologias-na-cafeicultura\\\/\"]}]},{\"@type\":\"ImageObject\",\"inLanguage\":\"pt-BR\",\"@id\":\"https:\\\/\\\/rehagro.com.br\\\/blog\\\/cafeicultura-4-0-novas-tecnologias-na-cafeicultura\\\/#primaryimage\",\"url\":\"https:\\\/\\\/rehagro.com.br\\\/blog\\\/wp-content\\\/uploads\\\/2023\\\/03\\\/Cafeicultura-4.0-novas-tecnologias-na-cafeicultura.jpg\",\"contentUrl\":\"https:\\\/\\\/rehagro.com.br\\\/blog\\\/wp-content\\\/uploads\\\/2023\\\/03\\\/Cafeicultura-4.0-novas-tecnologias-na-cafeicultura.jpg\",\"width\":1280,\"height\":960,\"caption\":\"Cafezal com braqui\u00e1ria nas entrelinhas entre os cafeeiros\"},{\"@type\":\"BreadcrumbList\",\"@id\":\"https:\\\/\\\/rehagro.com.br\\\/blog\\\/cafeicultura-4-0-novas-tecnologias-na-cafeicultura\\\/#breadcrumb\",\"itemListElement\":[{\"@type\":\"ListItem\",\"position\":1,\"name\":\"In\u00edcio\",\"item\":\"https:\\\/\\\/rehagro.com.br\\\/blog\\\/\"},{\"@type\":\"ListItem\",\"position\":2,\"name\":\"Cafeicultura 4.0 e as novas tecnologias na cafeicultura\"}]},{\"@type\":\"WebSite\",\"@id\":\"https:\\\/\\\/rehagro.com.br\\\/blog\\\/#website\",\"url\":\"https:\\\/\\\/rehagro.com.br\\\/blog\\\/\",\"name\":\"Rehagro Blog\",\"description\":\"\",\"publisher\":{\"@id\":\"https:\\\/\\\/rehagro.com.br\\\/blog\\\/#organization\"},\"potentialAction\":[{\"@type\":\"SearchAction\",\"target\":{\"@type\":\"EntryPoint\",\"urlTemplate\":\"https:\\\/\\\/rehagro.com.br\\\/blog\\\/?s={search_term_string}\"},\"query-input\":{\"@type\":\"PropertyValueSpecification\",\"valueRequired\":true,\"valueName\":\"search_term_string\"}}],\"inLanguage\":\"pt-BR\"},{\"@type\":\"Organization\",\"@id\":\"https:\\\/\\\/rehagro.com.br\\\/blog\\\/#organization\",\"name\":\"Rehagro\",\"url\":\"https:\\\/\\\/rehagro.com.br\\\/blog\\\/\",\"logo\":{\"@type\":\"ImageObject\",\"inLanguage\":\"pt-BR\",\"@id\":\"https:\\\/\\\/rehagro.com.br\\\/blog\\\/#\\\/schema\\\/logo\\\/image\\\/\",\"url\":\"https:\\\/\\\/rehagro.com.br\\\/blog\\\/wp-content\\\/uploads\\\/2018\\\/05\\\/logo-rehagro.png\",\"contentUrl\":\"https:\\\/\\\/rehagro.com.br\\\/blog\\\/wp-content\\\/uploads\\\/2018\\\/05\\\/logo-rehagro.png\",\"width\":400,\"height\":115,\"caption\":\"Rehagro\"},\"image\":{\"@id\":\"https:\\\/\\\/rehagro.com.br\\\/blog\\\/#\\\/schema\\\/logo\\\/image\\\/\"}},{\"@type\":\"Person\",\"@id\":\"https:\\\/\\\/rehagro.com.br\\\/blog\\\/#\\\/schema\\\/person\\\/f2d1ae51b04939615ceebb3c0bfd8a94\",\"name\":\"Jo\u00e3o Pedro Azevedo\",\"image\":{\"@type\":\"ImageObject\",\"inLanguage\":\"pt-BR\",\"@id\":\"https:\\\/\\\/secure.gravatar.com\\\/avatar\\\/34aacffb2f10625483f480470f3274778dd1c183ba4f66444bb60ae92149bf8a?s=96&d=mm&r=g\",\"url\":\"https:\\\/\\\/secure.gravatar.com\\\/avatar\\\/34aacffb2f10625483f480470f3274778dd1c183ba4f66444bb60ae92149bf8a?s=96&d=mm&r=g\",\"contentUrl\":\"https:\\\/\\\/secure.gravatar.com\\\/avatar\\\/34aacffb2f10625483f480470f3274778dd1c183ba4f66444bb60ae92149bf8a?s=96&d=mm&r=g\",\"caption\":\"Jo\u00e3o Pedro Azevedo\"},\"url\":\"https:\\\/\\\/rehagro.com.br\\\/blog\\\/author\\\/joao-pedro\\\/\"}]}<\/script>\n<!-- \/ Yoast SEO plugin. -->","yoast_head_json":{"title":"Cafeicultura 4.0: novas tecnologias aliadas aos produtores de caf\u00e9","description":"Na cafeicultura 4.0, as novas tecnologias dispon\u00edveis podem aumentar a produ\u00e7\u00e3o e otimizar as etapas do processo produtivo. Saiba mais!","robots":{"index":"index","follow":"follow","max-snippet":"max-snippet:-1","max-image-preview":"max-image-preview:large","max-video-preview":"max-video-preview:-1"},"canonical":"https:\/\/rehagro.com.br\/blog\/cafeicultura-4-0-novas-tecnologias-na-cafeicultura\/","og_locale":"pt_BR","og_type":"article","og_title":"Cafeicultura 4.0: novas tecnologias aliadas aos produtores de caf\u00e9","og_description":"Na cafeicultura 4.0, as novas tecnologias dispon\u00edveis podem aumentar a produ\u00e7\u00e3o e otimizar as etapas do processo produtivo. Saiba mais!","og_url":"https:\/\/rehagro.com.br\/blog\/cafeicultura-4-0-novas-tecnologias-na-cafeicultura\/","og_site_name":"Rehagro Blog","article_published_time":"2023-03-30T12:00:29+00:00","article_modified_time":"2026-04-07T23:01:25+00:00","og_image":[{"width":1280,"height":960,"url":"https:\/\/rehagro.com.br\/blog\/wp-content\/uploads\/2023\/03\/Cafeicultura-4.0-novas-tecnologias-na-cafeicultura.jpg","type":"image\/jpeg"}],"author":"Jo\u00e3o Pedro Azevedo","twitter_card":"summary_large_image","twitter_misc":{"Escrito por":"Jo\u00e3o Pedro Azevedo","Est. tempo de leitura":"8 minutos"},"schema":{"@context":"https:\/\/schema.org","@graph":[{"@type":"Article","@id":"https:\/\/rehagro.com.br\/blog\/cafeicultura-4-0-novas-tecnologias-na-cafeicultura\/#article","isPartOf":{"@id":"https:\/\/rehagro.com.br\/blog\/cafeicultura-4-0-novas-tecnologias-na-cafeicultura\/"},"author":{"name":"Jo\u00e3o Pedro Azevedo","@id":"https:\/\/rehagro.com.br\/blog\/#\/schema\/person\/f2d1ae51b04939615ceebb3c0bfd8a94"},"headline":"Cafeicultura 4.0 e as novas tecnologias na cafeicultura","datePublished":"2023-03-30T12:00:29+00:00","dateModified":"2026-04-07T23:01:25+00:00","mainEntityOfPage":{"@id":"https:\/\/rehagro.com.br\/blog\/cafeicultura-4-0-novas-tecnologias-na-cafeicultura\/"},"wordCount":1230,"commentCount":0,"publisher":{"@id":"https:\/\/rehagro.com.br\/blog\/#organization"},"image":{"@id":"https:\/\/rehagro.com.br\/blog\/cafeicultura-4-0-novas-tecnologias-na-cafeicultura\/#primaryimage"},"thumbnailUrl":"https:\/\/rehagro.com.br\/blog\/wp-content\/uploads\/2023\/03\/Cafeicultura-4.0-novas-tecnologias-na-cafeicultura.jpg","keywords":["agricultura","caf\u00e9","cafeeiro","cafeicultura","tecnologia"],"articleSection":["CAF\u00c9"],"inLanguage":"pt-BR","potentialAction":[{"@type":"CommentAction","name":"Comment","target":["https:\/\/rehagro.com.br\/blog\/cafeicultura-4-0-novas-tecnologias-na-cafeicultura\/#respond"]}]},{"@type":"WebPage","@id":"https:\/\/rehagro.com.br\/blog\/cafeicultura-4-0-novas-tecnologias-na-cafeicultura\/","url":"https:\/\/rehagro.com.br\/blog\/cafeicultura-4-0-novas-tecnologias-na-cafeicultura\/","name":"Cafeicultura 4.0: novas tecnologias aliadas aos produtores de caf\u00e9","isPartOf":{"@id":"https:\/\/rehagro.com.br\/blog\/#website"},"primaryImageOfPage":{"@id":"https:\/\/rehagro.com.br\/blog\/cafeicultura-4-0-novas-tecnologias-na-cafeicultura\/#primaryimage"},"image":{"@id":"https:\/\/rehagro.com.br\/blog\/cafeicultura-4-0-novas-tecnologias-na-cafeicultura\/#primaryimage"},"thumbnailUrl":"https:\/\/rehagro.com.br\/blog\/wp-content\/uploads\/2023\/03\/Cafeicultura-4.0-novas-tecnologias-na-cafeicultura.jpg","datePublished":"2023-03-30T12:00:29+00:00","dateModified":"2026-04-07T23:01:25+00:00","description":"Na cafeicultura 4.0, as novas tecnologias dispon\u00edveis podem aumentar a produ\u00e7\u00e3o e otimizar as etapas do processo produtivo. Saiba mais!","breadcrumb":{"@id":"https:\/\/rehagro.com.br\/blog\/cafeicultura-4-0-novas-tecnologias-na-cafeicultura\/#breadcrumb"},"inLanguage":"pt-BR","potentialAction":[{"@type":"ReadAction","target":["https:\/\/rehagro.com.br\/blog\/cafeicultura-4-0-novas-tecnologias-na-cafeicultura\/"]}]},{"@type":"ImageObject","inLanguage":"pt-BR","@id":"https:\/\/rehagro.com.br\/blog\/cafeicultura-4-0-novas-tecnologias-na-cafeicultura\/#primaryimage","url":"https:\/\/rehagro.com.br\/blog\/wp-content\/uploads\/2023\/03\/Cafeicultura-4.0-novas-tecnologias-na-cafeicultura.jpg","contentUrl":"https:\/\/rehagro.com.br\/blog\/wp-content\/uploads\/2023\/03\/Cafeicultura-4.0-novas-tecnologias-na-cafeicultura.jpg","width":1280,"height":960,"caption":"Cafezal com braqui\u00e1ria nas entrelinhas entre os cafeeiros"},{"@type":"BreadcrumbList","@id":"https:\/\/rehagro.com.br\/blog\/cafeicultura-4-0-novas-tecnologias-na-cafeicultura\/#breadcrumb","itemListElement":[{"@type":"ListItem","position":1,"name":"In\u00edcio","item":"https:\/\/rehagro.com.br\/blog\/"},{"@type":"ListItem","position":2,"name":"Cafeicultura 4.0 e as novas tecnologias na cafeicultura"}]},{"@type":"WebSite","@id":"https:\/\/rehagro.com.br\/blog\/#website","url":"https:\/\/rehagro.com.br\/blog\/","name":"Rehagro Blog","description":"","publisher":{"@id":"https:\/\/rehagro.com.br\/blog\/#organization"},"potentialAction":[{"@type":"SearchAction","target":{"@type":"EntryPoint","urlTemplate":"https:\/\/rehagro.com.br\/blog\/?s={search_term_string}"},"query-input":{"@type":"PropertyValueSpecification","valueRequired":true,"valueName":"search_term_string"}}],"inLanguage":"pt-BR"},{"@type":"Organization","@id":"https:\/\/rehagro.com.br\/blog\/#organization","name":"Rehagro","url":"https:\/\/rehagro.com.br\/blog\/","logo":{"@type":"ImageObject","inLanguage":"pt-BR","@id":"https:\/\/rehagro.com.br\/blog\/#\/schema\/logo\/image\/","url":"https:\/\/rehagro.com.br\/blog\/wp-content\/uploads\/2018\/05\/logo-rehagro.png","contentUrl":"https:\/\/rehagro.com.br\/blog\/wp-content\/uploads\/2018\/05\/logo-rehagro.png","width":400,"height":115,"caption":"Rehagro"},"image":{"@id":"https:\/\/rehagro.com.br\/blog\/#\/schema\/logo\/image\/"}},{"@type":"Person","@id":"https:\/\/rehagro.com.br\/blog\/#\/schema\/person\/f2d1ae51b04939615ceebb3c0bfd8a94","name":"Jo\u00e3o Pedro Azevedo","image":{"@type":"ImageObject","inLanguage":"pt-BR","@id":"https:\/\/secure.gravatar.com\/avatar\/34aacffb2f10625483f480470f3274778dd1c183ba4f66444bb60ae92149bf8a?s=96&d=mm&r=g","url":"https:\/\/secure.gravatar.com\/avatar\/34aacffb2f10625483f480470f3274778dd1c183ba4f66444bb60ae92149bf8a?s=96&d=mm&r=g","contentUrl":"https:\/\/secure.gravatar.com\/avatar\/34aacffb2f10625483f480470f3274778dd1c183ba4f66444bb60ae92149bf8a?s=96&d=mm&r=g","caption":"Jo\u00e3o Pedro Azevedo"},"url":"https:\/\/rehagro.com.br\/blog\/author\/joao-pedro\/"}]}},"_links":{"self":[{"href":"https:\/\/rehagro.com.br\/blog\/wp-json\/wp\/v2\/posts\/19277","targetHints":{"allow":["GET"]}}],"collection":[{"href":"https:\/\/rehagro.com.br\/blog\/wp-json\/wp\/v2\/posts"}],"about":[{"href":"https:\/\/rehagro.com.br\/blog\/wp-json\/wp\/v2\/types\/post"}],"author":[{"embeddable":true,"href":"https:\/\/rehagro.com.br\/blog\/wp-json\/wp\/v2\/users\/21"}],"replies":[{"embeddable":true,"href":"https:\/\/rehagro.com.br\/blog\/wp-json\/wp\/v2\/comments?post=19277"}],"version-history":[{"count":47,"href":"https:\/\/rehagro.com.br\/blog\/wp-json\/wp\/v2\/posts\/19277\/revisions"}],"predecessor-version":[{"id":42133,"href":"https:\/\/rehagro.com.br\/blog\/wp-json\/wp\/v2\/posts\/19277\/revisions\/42133"}],"wp:featuredmedia":[{"embeddable":true,"href":"https:\/\/rehagro.com.br\/blog\/wp-json\/wp\/v2\/media\/19302"}],"wp:attachment":[{"href":"https:\/\/rehagro.com.br\/blog\/wp-json\/wp\/v2\/media?parent=19277"}],"wp:term":[{"taxonomy":"category","embeddable":true,"href":"https:\/\/rehagro.com.br\/blog\/wp-json\/wp\/v2\/categories?post=19277"},{"taxonomy":"post_tag","embeddable":true,"href":"https:\/\/rehagro.com.br\/blog\/wp-json\/wp\/v2\/tags?post=19277"}],"curies":[{"name":"wp","href":"https:\/\/api.w.org\/{rel}","templated":true}]}}