{"id":15810,"date":"2022-11-07T12:08:11","date_gmt":"2022-11-07T15:08:11","guid":{"rendered":"https:\/\/rehagro.com.br\/blog\/?p=15810"},"modified":"2026-04-08T14:52:14","modified_gmt":"2026-04-08T17:52:14","slug":"nutrientes-para-o-cafeeiro","status":"publish","type":"post","link":"https:\/\/rehagro.com.br\/blog\/nutrientes-para-o-cafeeiro\/","title":{"rendered":"Nutrientes para o cafeeiro: quais s\u00e3o os mais importantes?"},"content":{"rendered":"<p>O solo \u00e9 um sistema trif\u00e1sico, ou seja, ele \u00e9 constitu\u00eddo de mat\u00e9ria mineral e org\u00e2nica formando a fra\u00e7\u00e3o s\u00f3lida e de \u00e1gua e ar, originando a fra\u00e7\u00e3o l\u00edquida e gasosa, respectivamente.<\/p>\n<p>A intera\u00e7\u00e3o entre as diferentes fases, com as plantas e a biota, resultam em intera\u00e7\u00f5es complexas respons\u00e1veis por fornecerem servi\u00e7os ambientais que possibilitam a vida na Terra.<\/p>\n<p>Assim, o solo tem funcionalidades no sequestro de carbono, na purifica\u00e7\u00e3o da \u00e1gua e degrada\u00e7\u00e3o de contaminantes, na regulagem do clima, na ciclagem de nutrientes, e principalmente na produ\u00e7\u00e3o de alimentos, fibras, combust\u00edveis, entre outras diversas fun\u00e7\u00f5es.<\/p>\n<div style=\"background-color: #efefef; padding-left: 10px; padding-right: 5px; border-radius: 10px;\">\n<p>&nbsp;<\/p>\n<p style=\"text-align: center;\"><strong><span style=\"font-size: 14pt;\">Sem tempo para ler agora? Baixe este artigo em PDF!<\/span><\/strong><\/p>\n<p><script charset=\"utf-8\" type=\"text\/javascript\" src=\"\/\/js.hsforms.net\/forms\/embed\/v2.js\"><\/script><br \/>\n<script>\nhbspt.forms.create({\nregion: \"na1\",\nportalId: \"5430441\",\nformId: \"7dcaf60d-0e23-40ed-8b40-9b8cb07b4128\"\n});\n<\/script><\/p>\n<\/div>\n<h2>Composi\u00e7\u00e3o do solo<\/h2>\n<ul>\n<li><strong>Fase s\u00f3lida do solo<\/strong>\n<ul>\n<li>\u00c9 constitu\u00edda pela parte inorg\u00e2nica (minerais) e org\u00e2nica (<strong><a href=\"https:\/\/rehagro.com.br\/blog\/materia-organica-no-solo\/\" target=\"_blank\" rel=\"noopener\">mat\u00e9ria org\u00e2nica<\/a><\/strong>). Juntas representam 50% da constitui\u00e7\u00e3o do solo.<\/li>\n<\/ul>\n<\/li>\n<\/ul>\n<ul>\n<li><strong>Fase l\u00edquida ou solu\u00e7\u00e3o do solo<\/strong>\n<ul>\n<li>Fonte imediata de nutrientes para as plantas;<\/li>\n<li>Est\u00e1 em constante equil\u00edbrio com a fase s\u00f3lida do solo.<\/li>\n<\/ul>\n<\/li>\n<\/ul>\n<ul>\n<li><strong>Fase gasosa ou ar do solo<\/strong>\n<ul>\n<li>N\u00e3o influencia diretamente na absor\u00e7\u00e3o dos nutrientes;<\/li>\n<li>Influencia indiretamente na din\u00e2mica e disponibilidade dos nutrientes, devido a rea\u00e7\u00f5es redox.<\/li>\n<\/ul>\n<\/li>\n<\/ul>\n<p><img loading=\"lazy\" decoding=\"async\" class=\"aligncenter wp-image-15811\" src=\"https:\/\/rehagro.com.br\/blog\/wp-content\/uploads\/2022\/11\/nutrientes-cafeeiro.jpg\" alt=\"Representa\u00e7\u00e3o da composi\u00e7\u00e3o do solo\" width=\"500\" height=\"302\" srcset=\"https:\/\/rehagro.com.br\/blog\/wp-content\/uploads\/2022\/11\/nutrientes-cafeeiro.jpg 746w, https:\/\/rehagro.com.br\/blog\/wp-content\/uploads\/2022\/11\/nutrientes-cafeeiro-300x181.jpg 300w, https:\/\/rehagro.com.br\/blog\/wp-content\/uploads\/2022\/11\/nutrientes-cafeeiro-370x224.jpg 370w, https:\/\/rehagro.com.br\/blog\/wp-content\/uploads\/2022\/11\/nutrientes-cafeeiro-270x163.jpg 270w, https:\/\/rehagro.com.br\/blog\/wp-content\/uploads\/2022\/11\/nutrientes-cafeeiro-740x447.jpg 740w, https:\/\/rehagro.com.br\/blog\/wp-content\/uploads\/2022\/11\/nutrientes-cafeeiro-150x91.jpg 150w\" sizes=\"auto, (max-width: 500px) 100vw, 500px\" \/><\/p>\n<p style=\"text-align: center;\"><span style=\"font-size: 10pt;\">Representa\u00e7\u00e3o gr\u00e1fica hipot\u00e9tica da composi\u00e7\u00e3o do solo.\u00a0<\/span><\/p>\n<p>\u00c9 importante ressaltar que as propor\u00e7\u00f5es das fases variam de acordo com cada solo e os percentuais descritos s\u00e3o a base do que se espera encontrar no solo.<\/p>\n<p><a href=\"https:\/\/conteudo.rehagro.com.br\/guia-identificacao-de-deficiencia-nutricional-no-cafeeiro?utm_campaign=material-cafe&amp;utm_source=guia-deficiencia-nutricional&amp;utm_medium=blog\" target=\"_blank\" rel=\"noopener\"><img loading=\"lazy\" decoding=\"async\" class=\"aligncenter wp-image-39677 size-full\" title=\"Clique e baixe o material gratuitamente!\" src=\"https:\/\/rehagro.com.br\/blog\/wp-content\/uploads\/2025\/09\/banner-guia-deficiencias-nutricionais-cafeeiro.png\" alt=\"Guia Defici\u00eancias nutricionais no cafeeiro\" width=\"980\" height=\"317\" srcset=\"https:\/\/rehagro.com.br\/blog\/wp-content\/uploads\/2025\/09\/banner-guia-deficiencias-nutricionais-cafeeiro.png 980w, https:\/\/rehagro.com.br\/blog\/wp-content\/uploads\/2025\/09\/banner-guia-deficiencias-nutricionais-cafeeiro-300x97.png 300w, https:\/\/rehagro.com.br\/blog\/wp-content\/uploads\/2025\/09\/banner-guia-deficiencias-nutricionais-cafeeiro-768x248.png 768w, https:\/\/rehagro.com.br\/blog\/wp-content\/uploads\/2025\/09\/banner-guia-deficiencias-nutricionais-cafeeiro-370x120.png 370w, https:\/\/rehagro.com.br\/blog\/wp-content\/uploads\/2025\/09\/banner-guia-deficiencias-nutricionais-cafeeiro-270x87.png 270w, https:\/\/rehagro.com.br\/blog\/wp-content\/uploads\/2025\/09\/banner-guia-deficiencias-nutricionais-cafeeiro-740x239.png 740w, https:\/\/rehagro.com.br\/blog\/wp-content\/uploads\/2025\/09\/banner-guia-deficiencias-nutricionais-cafeeiro-150x49.png 150w\" sizes=\"auto, (max-width: 980px) 100vw, 980px\" \/><\/a><\/p>\n<h3>Din\u00e2mica do solo<\/h3>\n<p>As diferentes fases do solo s\u00e3o interligadas e est\u00e3o constantemente realizando trocas, juntamente com as ra\u00edzes das plantas. Nos col\u00f3ides do solo, ou seja, na fase s\u00f3lida do solo, existem cargas negativas (\u00e2nions) e cargas positivas (c\u00e1tions) e assim como nos \u00edm\u00e3s, as cargas opostas se atraem.<\/p>\n<p>Diante disso, existe a <strong><a href=\"https:\/\/rehagro.com.br\/blog\/ctc-do-solo-entenda-o-que-e-e-como-interpreta-la\/\" target=\"_blank\" rel=\"noopener\">CTC (Capacidade de Troca de C\u00e1tions)<\/a><\/strong> e a CTA (Capacidade de Troca de \u00c2nions), sendo a CTC mais importante em nossa realidade, visto que os solos brasileiros por serem, de modo geral, altamente intemperizados, s\u00e3o constitu\u00eddos principalmente de cargas negativas, atraindo ent\u00e3o as cargas positivas.<\/p>\n<h3>S\u00e9rie Liotr\u00f3pica<\/h3>\n<p>Visto que a nutri\u00e7\u00e3o das plantas depende diretamente das <strong><a href=\"https:\/\/rehagro.com.br\/blog\/saiba-como-calcular-soma-de-bases\/\" target=\"_blank\" rel=\"noopener\">cargas<\/a><\/strong>, a \u201cs\u00e9rie liotr\u00f3pica\u201d demonstra a ordem preferencial de reten\u00e7\u00e3o de c\u00e1tions na fase s\u00f3lida do solo:<\/p>\n<p style=\"text-align: center;\"><strong>H+ &gt;&gt;Al3+&gt;Ca2+&gt;Mg2+&gt;K+ ~NH4 + &gt;Na+<\/strong><\/p>\n<p>Ou seja, o solo tende apresentar maior teor de c\u00e1lcio do que de magn\u00e9sio, maior teor de magn\u00e9sio do que de pot\u00e1ssio, e assim por diante.<\/p>\n<p>Diante disso, o que explica a s\u00e9rie liotr\u00f3pica?<\/p>\n<ul>\n<li>Tipo de liga\u00e7\u00e3o (ex: H+ \u00e9 ligado fortemente\/liga\u00e7\u00e3o covalente, n\u00e3o sendo troc\u00e1vel);<\/li>\n<li>Carga ou val\u00eancia;<\/li>\n<li>Raio do \u00edon quando hidratado (ex: explica porque Ca2+ tem prioridade de reten\u00e7\u00e3o que o Mg2+).<\/li>\n<\/ul>\n<h2>Base da nutri\u00e7\u00e3o de plantas<\/h2>\n<p>A composi\u00e7\u00e3o qu\u00edmica das plantas se baseia em:<\/p>\n<ul>\n<li>C, H e O \u2013 90 a 95% do total \u2013 ar e \u00e1gua s\u00e3o os fornecedores;<\/li>\n<li>Mineiras \u2013 5 a 10% do total \u2013 solo \u00e9 que fornece.<\/li>\n<\/ul>\n<p><img loading=\"lazy\" decoding=\"async\" class=\"aligncenter wp-image-15813\" src=\"https:\/\/rehagro.com.br\/blog\/wp-content\/uploads\/2022\/11\/nutrientes-cafeeiro-2.jpg\" alt=\"Estrutura da planta de caf\u00e9\" width=\"450\" height=\"600\" srcset=\"https:\/\/rehagro.com.br\/blog\/wp-content\/uploads\/2022\/11\/nutrientes-cafeeiro-2.jpg 686w, https:\/\/rehagro.com.br\/blog\/wp-content\/uploads\/2022\/11\/nutrientes-cafeeiro-2-225x300.jpg 225w, https:\/\/rehagro.com.br\/blog\/wp-content\/uploads\/2022\/11\/nutrientes-cafeeiro-2-370x493.jpg 370w, https:\/\/rehagro.com.br\/blog\/wp-content\/uploads\/2022\/11\/nutrientes-cafeeiro-2-270x360.jpg 270w, https:\/\/rehagro.com.br\/blog\/wp-content\/uploads\/2022\/11\/nutrientes-cafeeiro-2-640x853.jpg 640w, https:\/\/rehagro.com.br\/blog\/wp-content\/uploads\/2022\/11\/nutrientes-cafeeiro-2-150x200.jpg 150w\" sizes=\"auto, (max-width: 450px) 100vw, 450px\" \/><\/p>\n<p style=\"text-align: center;\"><span style=\"font-size: 10pt;\">Estrutura da planta de caf\u00e9.<\/span><\/p>\n<p>Desse modo, assim como n\u00f3s seres humanos, as plantas tamb\u00e9m precisam se nutrir. Nesse sentido, existem algumas leis que regem a fertilidade do solo e a nutri\u00e7\u00e3o de plantas, como:<\/p>\n<h3>Lei do m\u00ednimo<\/h3>\n<p>Onde diz que o crescimento e a produ\u00e7\u00e3o das lavouras s\u00e3o limitados pelo nutriente que se encontra em menor quantidade no solo (Liebig, 1843).<\/p>\n<h3>Lei dos acr\u00e9scimos n\u00e3o proporcionais<\/h3>\n<p>Mostra que o aumento da produ\u00e7\u00e3o n\u00e3o \u00e9 proporcional ao aumento do fator limitante, ou seja, se elevarmos gradativamente a aplica\u00e7\u00e3o de determinado fertilizante, a resposta das plantas em produ\u00e7\u00e3o n\u00e3o aumentar\u00e1 linearmente ao aumento das doses de fertilizante (Mitscherlin, 1909).<\/p>\n<h3>Lei do m\u00e1ximo<\/h3>\n<p>Diz que o excesso de um nutriente no solo pode intoxicar a planta ou reduzir a efic\u00e1cia e disponibilidade de outros. Como exemplo, o nitrog\u00eanio em excesso se torna t\u00f3xico para as plantas e o excesso de pot\u00e1ssio que ir\u00e1 competir com Ca e Mg e inibir a absor\u00e7\u00e3o dos mesmos (Voisin, 1973).<\/p>\n<h3>Lei da restitui\u00e7\u00e3o<\/h3>\n<p>Os nutrientes retirados pelas culturas, do desenvolvimento \u00e0 produ\u00e7\u00e3o, devem ser restitu\u00eddos ao solo para evitar seu empobrecimento. Ent\u00e3o quando tiramos a produ\u00e7\u00e3o da lavoura estamos levando junto os nutrientes. Em uma lavoura com produ\u00e7\u00e3o de 40 scs\/ha j\u00e1 ter\u00edamos que fornecer 1,5 ton a cada dois anos, fora a corre\u00e7\u00e3o da acidez ocasionada pela aduba\u00e7\u00e3o nitrogenada (Voisin, 1973).<\/p>\n<p><a href=\"https:\/\/rehagro.com.br\/cursos\/capacitacao-em-gestao-na-producao-de-cafe?utm_campaign=mkt-materiais-gc&amp;utm_source=textos&amp;utm_medium=blog\" target=\"_blank\" rel=\"noopener\"><img loading=\"lazy\" decoding=\"async\" class=\"aligncenter wp-image-28254 size-full\" title=\"Clique e saiba mais sobre o curso!\" src=\"https:\/\/rehagro.com.br\/blog\/wp-content\/uploads\/2020\/07\/botao-gc-arabica-1.jpg\" alt=\"Curso Gest\u00e3o na Produ\u00e7\u00e3o de Caf\u00e9 Ar\u00e1bica\" width=\"900\" height=\"250\" srcset=\"https:\/\/rehagro.com.br\/blog\/wp-content\/uploads\/2020\/07\/botao-gc-arabica-1.jpg 900w, https:\/\/rehagro.com.br\/blog\/wp-content\/uploads\/2020\/07\/botao-gc-arabica-1-300x83.jpg 300w, https:\/\/rehagro.com.br\/blog\/wp-content\/uploads\/2020\/07\/botao-gc-arabica-1-768x213.jpg 768w, https:\/\/rehagro.com.br\/blog\/wp-content\/uploads\/2020\/07\/botao-gc-arabica-1-370x103.jpg 370w, https:\/\/rehagro.com.br\/blog\/wp-content\/uploads\/2020\/07\/botao-gc-arabica-1-270x75.jpg 270w, https:\/\/rehagro.com.br\/blog\/wp-content\/uploads\/2020\/07\/botao-gc-arabica-1-740x206.jpg 740w, https:\/\/rehagro.com.br\/blog\/wp-content\/uploads\/2020\/07\/botao-gc-arabica-1-150x42.jpg 150w\" sizes=\"auto, (max-width: 900px) 100vw, 900px\" \/><\/a><\/p>\n<h2>Nutrientes para o caf\u00e9<\/h2>\n<p>Alguns nutrientes s\u00e3o essenciais para a composi\u00e7\u00e3o e funcionamento metab\u00f3lico das plantas, eles s\u00e3o chamados de macro e micronutrientes. Os macronutrientes s\u00e3o os demandados em maiores quantidades enquanto os micronutrientes s\u00e3o exigidos em menores quantidades.<\/p>\n<p>Dentre os macronutrientes est\u00e3o:<\/p>\n<ul>\n<li><strong><a href=\"https:\/\/rehagro.com.br\/blog\/nitrogenio-na-cultura-do-cafe\/\" target=\"_blank\" rel=\"noopener\">Nitrog\u00eanio (N)<\/a><\/strong>;<\/li>\n<li>F\u00f3sforo (P);<\/li>\n<li><strong><a href=\"https:\/\/rehagro.com.br\/blog\/potassio-na-cultura-do-cafe\/\" target=\"_blank\" rel=\"noopener\">Pot\u00e1ssio (K)<\/a><\/strong>;<\/li>\n<li>Enxofre (S);<\/li>\n<li>C\u00e1lcio (Ca);<\/li>\n<li>Magn\u00e9sio (Mg).<\/li>\n<\/ul>\n<p>J\u00e1 dentro dos micronutrientes est\u00e3o:<\/p>\n<ul>\n<li><strong><a href=\"https:\/\/rehagro.com.br\/blog\/boro-no-cafeeiro\/\" target=\"_blank\" rel=\"noopener\">Boro (B)<\/a><\/strong>;<\/li>\n<li>Cloro (Cl);<\/li>\n<li>Cobre (Cu);<\/li>\n<li>Ferro (Fe);<\/li>\n<li>Mangan\u00eas (Mn);<\/li>\n<li>Molibd\u00eanio (Mo);<\/li>\n<li>N\u00edquel (Ni);<\/li>\n<li>Zinco (Zn).<\/li>\n<\/ul>\n<p>Esses nutrientes podem ser absorvidos por fluxo de massa (deslocamento do \u00edon no mesmo sentido da \u00e1gua), por intercepta\u00e7\u00e3o radicular (a raiz se encontra com o nutriente \u00e0 medida que vai crescendo) ou por difus\u00e3o (\u00edon vai de um ponto de maior concentra\u00e7\u00e3o para um ponto de menor concentra\u00e7\u00e3o).<\/p>\n<p><img loading=\"lazy\" decoding=\"async\" class=\"aligncenter wp-image-15812\" src=\"https:\/\/rehagro.com.br\/blog\/wp-content\/uploads\/2022\/11\/nutrientes-cafeeiro-1.jpg\" alt=\"Ra\u00edzes do cafeeiro\" width=\"281\" height=\"500\" srcset=\"https:\/\/rehagro.com.br\/blog\/wp-content\/uploads\/2022\/11\/nutrientes-cafeeiro-1.jpg 720w, https:\/\/rehagro.com.br\/blog\/wp-content\/uploads\/2022\/11\/nutrientes-cafeeiro-1-169x300.jpg 169w, https:\/\/rehagro.com.br\/blog\/wp-content\/uploads\/2022\/11\/nutrientes-cafeeiro-1-576x1024.jpg 576w, https:\/\/rehagro.com.br\/blog\/wp-content\/uploads\/2022\/11\/nutrientes-cafeeiro-1-370x658.jpg 370w, https:\/\/rehagro.com.br\/blog\/wp-content\/uploads\/2022\/11\/nutrientes-cafeeiro-1-270x480.jpg 270w, https:\/\/rehagro.com.br\/blog\/wp-content\/uploads\/2022\/11\/nutrientes-cafeeiro-1-150x267.jpg 150w\" sizes=\"auto, (max-width: 281px) 100vw, 281px\" \/><\/p>\n<p style=\"text-align: center;\"><span style=\"font-size: 10pt;\">Ra\u00edzes do cafeeiro.<\/span><\/p>\n<p>Em situa\u00e7\u00f5es em que a propor\u00e7\u00e3o do nutriente do solo est\u00e1 baixa em rela\u00e7\u00e3o \u00e0 demanda da planta, pode ocorrer a defici\u00eancia que causa anomalias principalmente nas folhas, por onde \u00e9 feito o diagn\u00f3stico visual. Todavia, \u00e9 importante realizar an\u00e1lises peri\u00f3dicas de solo e de folha para evitar que isso aconte\u00e7a.<\/p>\n<p><img loading=\"lazy\" decoding=\"async\" class=\"aligncenter wp-image-15814\" src=\"https:\/\/rehagro.com.br\/blog\/wp-content\/uploads\/2022\/11\/nutrientes-cafeeiro-3.jpg\" alt=\"Folhas do cafeeiro com defici\u00eancia de ferro\" width=\"375\" height=\"500\" srcset=\"https:\/\/rehagro.com.br\/blog\/wp-content\/uploads\/2022\/11\/nutrientes-cafeeiro-3.jpg 810w, https:\/\/rehagro.com.br\/blog\/wp-content\/uploads\/2022\/11\/nutrientes-cafeeiro-3-225x300.jpg 225w, https:\/\/rehagro.com.br\/blog\/wp-content\/uploads\/2022\/11\/nutrientes-cafeeiro-3-768x1024.jpg 768w, https:\/\/rehagro.com.br\/blog\/wp-content\/uploads\/2022\/11\/nutrientes-cafeeiro-3-370x493.jpg 370w, https:\/\/rehagro.com.br\/blog\/wp-content\/uploads\/2022\/11\/nutrientes-cafeeiro-3-270x360.jpg 270w, https:\/\/rehagro.com.br\/blog\/wp-content\/uploads\/2022\/11\/nutrientes-cafeeiro-3-740x987.jpg 740w, https:\/\/rehagro.com.br\/blog\/wp-content\/uploads\/2022\/11\/nutrientes-cafeeiro-3-640x853.jpg 640w, https:\/\/rehagro.com.br\/blog\/wp-content\/uploads\/2022\/11\/nutrientes-cafeeiro-3-150x200.jpg 150w\" sizes=\"auto, (max-width: 375px) 100vw, 375px\" \/><\/p>\n<p style=\"text-align: center;\"><span style=\"font-size: 10pt;\">Folhas com defici\u00eancia de ferro.\u00a0<\/span><\/p>\n<p>Nutrientes onde a defici\u00eancia inicial ocorre em folhas velhas, s\u00e3o os que conseguem mobilizar novamente as reservas de folhas velhas para folhas novas, que s\u00e3o alguns macronutrientes, com exce\u00e7\u00e3o, por exemplo, do c\u00e1lcio.<\/p>\n<p>J\u00e1 quando a defici\u00eancia inicial ocorre em folhas novas, pode indicar a falta de micronutrientes que n\u00e3o conseguem redistribuir das folhas velhas para as novas no caso de d\u00e9ficit.<\/p>\n<p><iframe loading=\"lazy\" title=\"MICRONUTRIENTES NO CAF\u00c9: VIA SOLO OU VIA FOLHA? | Rehagro Responde - Caf\u00e9\" width=\"770\" height=\"433\" src=\"https:\/\/www.youtube.com\/embed\/VQFBKHhRIH0?feature=oembed\" frameborder=\"0\" allow=\"accelerometer; autoplay; clipboard-write; encrypted-media; gyroscope; picture-in-picture; web-share\" referrerpolicy=\"strict-origin-when-cross-origin\" allowfullscreen><\/iframe><\/p>\n<h2>Manejo nutricional<\/h2>\n<p>Para recomendar fertilizantes, sejam eles foliares ou de solo, \u00e9 preciso em primeiro lugar ter em m\u00e3os as <strong><a href=\"https:\/\/rehagro.com.br\/blog\/analise-de-folha\/\" target=\"_blank\" rel=\"noopener\">an\u00e1lises de folha<\/a><\/strong> e de solo.<\/p>\n<p>Assim \u00e9 necess\u00e1rio levar em considera\u00e7\u00e3o, principalmente, o hist\u00f3rico produtivo e de doen\u00e7as da lavoura, a expectativa de safra, analisar como est\u00e1 o solo e as rela\u00e7\u00f5es entre os nutrientes.<\/p>\n<p>A partir disso \u00e9 poss\u00edvel fazer uma recomenda\u00e7\u00e3o adequada, sempre pensando no equil\u00edbrio do solo e nas condi\u00e7\u00f5es da lavoura.<\/p>\n<p>Com isso, h\u00e1 redu\u00e7\u00e3o de gastos desnecess\u00e1rios e melhores resultados produtivos, mantendo a sustentabilidade e a funcionalidade de cada nutriente dentro das plantas.<\/p>\n<h2>Aprimore a nutri\u00e7\u00e3o e a gest\u00e3o da sua lavoura de caf\u00e9<\/h2>\n<p>O fornecimento equilibrado de nutrientes \u00e9 essencial para que o cafeeiro expresse todo o seu potencial produtivo. No entanto, para transformar esse conhecimento em resultados reais, \u00e9 preciso unir manejo nutricional com uma gest\u00e3o eficiente da lavoura.<\/p>\n<p>No <strong><a href=\"https:\/\/rehagro.com.br\/cursos\/capacitacao-em-gestao-na-producao-de-cafe?utm_campaign=mkt-materiais-gc&amp;utm_source=textos&amp;utm_medium=blog\">Curso Gest\u00e3o na Produ\u00e7\u00e3o de Caf\u00e9 Ar\u00e1bica<\/a><\/strong> do Rehagro, voc\u00ea aprende a interpretar melhor as demandas do solo e da planta, planejar a nutri\u00e7\u00e3o de forma estrat\u00e9gica e aplicar t\u00e9cnicas de gest\u00e3o que aumentam a produtividade e a rentabilidade da produ\u00e7\u00e3o.<\/p>\n<p><a href=\"https:\/\/rehagro.com.br\/cursos\/capacitacao-em-gestao-na-producao-de-cafe?utm_campaign=mkt-materiais-gc&amp;utm_source=textos&amp;utm_medium=blog\" target=\"_blank\" rel=\"noopener\"><img loading=\"lazy\" decoding=\"async\" class=\"aligncenter wp-image-24250 size-full\" title=\"Clique e saiba mais sobre o curso!\" src=\"https:\/\/rehagro.com.br\/blog\/wp-content\/uploads\/2023\/09\/banner-gc.jpg\" alt=\"Curso Gest\u00e3o na Produ\u00e7\u00e3o de Caf\u00e9 Ar\u00e1bica\" width=\"980\" height=\"317\" srcset=\"https:\/\/rehagro.com.br\/blog\/wp-content\/uploads\/2023\/09\/banner-gc.jpg 980w, https:\/\/rehagro.com.br\/blog\/wp-content\/uploads\/2023\/09\/banner-gc-300x97.jpg 300w, https:\/\/rehagro.com.br\/blog\/wp-content\/uploads\/2023\/09\/banner-gc-768x248.jpg 768w, https:\/\/rehagro.com.br\/blog\/wp-content\/uploads\/2023\/09\/banner-gc-370x120.jpg 370w, https:\/\/rehagro.com.br\/blog\/wp-content\/uploads\/2023\/09\/banner-gc-270x87.jpg 270w, https:\/\/rehagro.com.br\/blog\/wp-content\/uploads\/2023\/09\/banner-gc-740x239.jpg 740w, https:\/\/rehagro.com.br\/blog\/wp-content\/uploads\/2023\/09\/banner-gc-150x49.jpg 150w\" sizes=\"auto, (max-width: 980px) 100vw, 980px\" \/><\/a><\/p>\n<p><img loading=\"lazy\" decoding=\"async\" class=\"aligncenter wp-image-15536 size-medium\" src=\"https:\/\/rehagro.com.br\/blog\/wp-content\/uploads\/2022\/09\/joana-oliveira-300x94.jpg\" alt=\"Joana Oliveira\" width=\"300\" height=\"94\" srcset=\"https:\/\/rehagro.com.br\/blog\/wp-content\/uploads\/2022\/09\/joana-oliveira-300x94.jpg 300w, https:\/\/rehagro.com.br\/blog\/wp-content\/uploads\/2022\/09\/joana-oliveira-768x241.jpg 768w, https:\/\/rehagro.com.br\/blog\/wp-content\/uploads\/2022\/09\/joana-oliveira-370x116.jpg 370w, https:\/\/rehagro.com.br\/blog\/wp-content\/uploads\/2022\/09\/joana-oliveira-270x85.jpg 270w, https:\/\/rehagro.com.br\/blog\/wp-content\/uploads\/2022\/09\/joana-oliveira-740x232.jpg 740w, https:\/\/rehagro.com.br\/blog\/wp-content\/uploads\/2022\/09\/joana-oliveira-150x47.jpg 150w, https:\/\/rehagro.com.br\/blog\/wp-content\/uploads\/2022\/09\/joana-oliveira.jpg 995w\" sizes=\"auto, (max-width: 300px) 100vw, 300px\" \/><\/p>\n<p><img loading=\"lazy\" decoding=\"async\" class=\"aligncenter wp-image-18459 size-full\" src=\"https:\/\/rehagro.com.br\/blog\/wp-content\/uploads\/2022\/12\/larissa-cocato.jpg\" alt=\"Larissa Cocato - Coordenadora de Ensino Caf\u00e9\" width=\"300\" height=\"96\" srcset=\"https:\/\/rehagro.com.br\/blog\/wp-content\/uploads\/2022\/12\/larissa-cocato.jpg 300w, https:\/\/rehagro.com.br\/blog\/wp-content\/uploads\/2022\/12\/larissa-cocato-270x86.jpg 270w, https:\/\/rehagro.com.br\/blog\/wp-content\/uploads\/2022\/12\/larissa-cocato-150x48.jpg 150w\" sizes=\"auto, (max-width: 300px) 100vw, 300px\" \/><\/p>\n","protected":false},"excerpt":{"rendered":"<p>O solo \u00e9 um sistema trif\u00e1sico, ou seja, ele \u00e9 constitu\u00eddo de mat\u00e9ria mineral e org\u00e2nica formando a fra\u00e7\u00e3o s\u00f3lida e de \u00e1gua e ar, originando a fra\u00e7\u00e3o l\u00edquida e gasosa, respectivamente. A intera\u00e7\u00e3o entre as diferentes fases, com as plantas e a biota, resultam em intera\u00e7\u00f5es complexas respons\u00e1veis por fornecerem servi\u00e7os ambientais que possibilitam [&hellip;]<\/p>\n","protected":false},"author":21,"featured_media":15827,"comment_status":"open","ping_status":"open","sticky":false,"template":"","format":"standard","meta":{"footnotes":""},"categories":[211],"tags":[282,266,353,261,255],"class_list":["post-15810","post","type-post","status-publish","format-standard","has-post-thumbnail","hentry","category-cafe","tag-cafe","tag-cafeeiro","tag-macronutrientes","tag-micronutrientes","tag-nutrientes"],"yoast_head":"<!-- This site is optimized with the Yoast SEO plugin v27.4 - https:\/\/yoast.com\/product\/yoast-seo-wordpress\/ -->\n<title>Nutrientes para o caf\u00e9: saiba quais s\u00e3o os mais importantes<\/title>\n<meta name=\"description\" content=\"Alguns nutrientes s\u00e3o essenciais para a composi\u00e7\u00e3o e funcionamento metab\u00f3lico do caf\u00e9. Clique e saiba quais s\u00e3o eles!\" \/>\n<meta name=\"robots\" content=\"index, follow, max-snippet:-1, max-image-preview:large, max-video-preview:-1\" \/>\n<link rel=\"canonical\" href=\"https:\/\/rehagro.com.br\/blog\/nutrientes-para-o-cafeeiro\/\" \/>\n<meta property=\"og:locale\" content=\"pt_BR\" \/>\n<meta property=\"og:type\" content=\"article\" \/>\n<meta property=\"og:title\" content=\"Nutrientes para o caf\u00e9: saiba quais s\u00e3o os mais importantes\" \/>\n<meta property=\"og:description\" content=\"Alguns nutrientes s\u00e3o essenciais para a composi\u00e7\u00e3o e funcionamento metab\u00f3lico do caf\u00e9. Clique e saiba quais s\u00e3o eles!\" \/>\n<meta property=\"og:url\" content=\"https:\/\/rehagro.com.br\/blog\/nutrientes-para-o-cafeeiro\/\" \/>\n<meta property=\"og:site_name\" content=\"Rehagro Blog\" \/>\n<meta property=\"article:published_time\" content=\"2022-11-07T15:08:11+00:00\" \/>\n<meta property=\"article:modified_time\" content=\"2026-04-08T17:52:14+00:00\" \/>\n<meta property=\"og:image\" content=\"https:\/\/rehagro.com.br\/blog\/wp-content\/uploads\/2022\/11\/nutrientes-para-cafeeiro.jpg\" \/>\n\t<meta property=\"og:image:width\" content=\"1500\" \/>\n\t<meta property=\"og:image:height\" content=\"1125\" \/>\n\t<meta property=\"og:image:type\" content=\"image\/jpeg\" \/>\n<meta name=\"author\" content=\"Jo\u00e3o Pedro Azevedo\" \/>\n<meta name=\"twitter:card\" content=\"summary_large_image\" \/>\n<meta name=\"twitter:label1\" content=\"Escrito por\" \/>\n\t<meta name=\"twitter:data1\" content=\"Jo\u00e3o Pedro Azevedo\" \/>\n\t<meta name=\"twitter:label2\" content=\"Est. tempo de leitura\" \/>\n\t<meta name=\"twitter:data2\" content=\"9 minutos\" \/>\n<script type=\"application\/ld+json\" class=\"yoast-schema-graph\">{\"@context\":\"https:\\\/\\\/schema.org\",\"@graph\":[{\"@type\":\"Article\",\"@id\":\"https:\\\/\\\/rehagro.com.br\\\/blog\\\/nutrientes-para-o-cafeeiro\\\/#article\",\"isPartOf\":{\"@id\":\"https:\\\/\\\/rehagro.com.br\\\/blog\\\/nutrientes-para-o-cafeeiro\\\/\"},\"author\":{\"name\":\"Jo\u00e3o Pedro Azevedo\",\"@id\":\"https:\\\/\\\/rehagro.com.br\\\/blog\\\/#\\\/schema\\\/person\\\/f2d1ae51b04939615ceebb3c0bfd8a94\"},\"headline\":\"Nutrientes para o cafeeiro: quais s\u00e3o os mais importantes?\",\"datePublished\":\"2022-11-07T15:08:11+00:00\",\"dateModified\":\"2026-04-08T17:52:14+00:00\",\"mainEntityOfPage\":{\"@id\":\"https:\\\/\\\/rehagro.com.br\\\/blog\\\/nutrientes-para-o-cafeeiro\\\/\"},\"wordCount\":1273,\"commentCount\":0,\"publisher\":{\"@id\":\"https:\\\/\\\/rehagro.com.br\\\/blog\\\/#organization\"},\"image\":{\"@id\":\"https:\\\/\\\/rehagro.com.br\\\/blog\\\/nutrientes-para-o-cafeeiro\\\/#primaryimage\"},\"thumbnailUrl\":\"https:\\\/\\\/rehagro.com.br\\\/blog\\\/wp-content\\\/uploads\\\/2022\\\/11\\\/nutrientes-para-cafeeiro.jpg\",\"keywords\":[\"caf\u00e9\",\"cafeeiro\",\"macronutrientes\",\"micronutrientes\",\"nutrientes\"],\"articleSection\":[\"CAF\u00c9\"],\"inLanguage\":\"pt-BR\",\"potentialAction\":[{\"@type\":\"CommentAction\",\"name\":\"Comment\",\"target\":[\"https:\\\/\\\/rehagro.com.br\\\/blog\\\/nutrientes-para-o-cafeeiro\\\/#respond\"]}]},{\"@type\":\"WebPage\",\"@id\":\"https:\\\/\\\/rehagro.com.br\\\/blog\\\/nutrientes-para-o-cafeeiro\\\/\",\"url\":\"https:\\\/\\\/rehagro.com.br\\\/blog\\\/nutrientes-para-o-cafeeiro\\\/\",\"name\":\"Nutrientes para o caf\u00e9: saiba quais s\u00e3o os mais importantes\",\"isPartOf\":{\"@id\":\"https:\\\/\\\/rehagro.com.br\\\/blog\\\/#website\"},\"primaryImageOfPage\":{\"@id\":\"https:\\\/\\\/rehagro.com.br\\\/blog\\\/nutrientes-para-o-cafeeiro\\\/#primaryimage\"},\"image\":{\"@id\":\"https:\\\/\\\/rehagro.com.br\\\/blog\\\/nutrientes-para-o-cafeeiro\\\/#primaryimage\"},\"thumbnailUrl\":\"https:\\\/\\\/rehagro.com.br\\\/blog\\\/wp-content\\\/uploads\\\/2022\\\/11\\\/nutrientes-para-cafeeiro.jpg\",\"datePublished\":\"2022-11-07T15:08:11+00:00\",\"dateModified\":\"2026-04-08T17:52:14+00:00\",\"description\":\"Alguns nutrientes s\u00e3o essenciais para a composi\u00e7\u00e3o e funcionamento metab\u00f3lico do caf\u00e9. Clique e saiba quais s\u00e3o eles!\",\"breadcrumb\":{\"@id\":\"https:\\\/\\\/rehagro.com.br\\\/blog\\\/nutrientes-para-o-cafeeiro\\\/#breadcrumb\"},\"inLanguage\":\"pt-BR\",\"potentialAction\":[{\"@type\":\"ReadAction\",\"target\":[\"https:\\\/\\\/rehagro.com.br\\\/blog\\\/nutrientes-para-o-cafeeiro\\\/\"]}]},{\"@type\":\"ImageObject\",\"inLanguage\":\"pt-BR\",\"@id\":\"https:\\\/\\\/rehagro.com.br\\\/blog\\\/nutrientes-para-o-cafeeiro\\\/#primaryimage\",\"url\":\"https:\\\/\\\/rehagro.com.br\\\/blog\\\/wp-content\\\/uploads\\\/2022\\\/11\\\/nutrientes-para-cafeeiro.jpg\",\"contentUrl\":\"https:\\\/\\\/rehagro.com.br\\\/blog\\\/wp-content\\\/uploads\\\/2022\\\/11\\\/nutrientes-para-cafeeiro.jpg\",\"width\":1500,\"height\":1125,\"caption\":\"Cafezal bem nutrido\"},{\"@type\":\"BreadcrumbList\",\"@id\":\"https:\\\/\\\/rehagro.com.br\\\/blog\\\/nutrientes-para-o-cafeeiro\\\/#breadcrumb\",\"itemListElement\":[{\"@type\":\"ListItem\",\"position\":1,\"name\":\"In\u00edcio\",\"item\":\"https:\\\/\\\/rehagro.com.br\\\/blog\\\/\"},{\"@type\":\"ListItem\",\"position\":2,\"name\":\"Nutrientes para o cafeeiro: quais s\u00e3o os mais importantes?\"}]},{\"@type\":\"WebSite\",\"@id\":\"https:\\\/\\\/rehagro.com.br\\\/blog\\\/#website\",\"url\":\"https:\\\/\\\/rehagro.com.br\\\/blog\\\/\",\"name\":\"Rehagro Blog\",\"description\":\"\",\"publisher\":{\"@id\":\"https:\\\/\\\/rehagro.com.br\\\/blog\\\/#organization\"},\"potentialAction\":[{\"@type\":\"SearchAction\",\"target\":{\"@type\":\"EntryPoint\",\"urlTemplate\":\"https:\\\/\\\/rehagro.com.br\\\/blog\\\/?s={search_term_string}\"},\"query-input\":{\"@type\":\"PropertyValueSpecification\",\"valueRequired\":true,\"valueName\":\"search_term_string\"}}],\"inLanguage\":\"pt-BR\"},{\"@type\":\"Organization\",\"@id\":\"https:\\\/\\\/rehagro.com.br\\\/blog\\\/#organization\",\"name\":\"Rehagro\",\"url\":\"https:\\\/\\\/rehagro.com.br\\\/blog\\\/\",\"logo\":{\"@type\":\"ImageObject\",\"inLanguage\":\"pt-BR\",\"@id\":\"https:\\\/\\\/rehagro.com.br\\\/blog\\\/#\\\/schema\\\/logo\\\/image\\\/\",\"url\":\"https:\\\/\\\/rehagro.com.br\\\/blog\\\/wp-content\\\/uploads\\\/2018\\\/05\\\/logo-rehagro.png\",\"contentUrl\":\"https:\\\/\\\/rehagro.com.br\\\/blog\\\/wp-content\\\/uploads\\\/2018\\\/05\\\/logo-rehagro.png\",\"width\":400,\"height\":115,\"caption\":\"Rehagro\"},\"image\":{\"@id\":\"https:\\\/\\\/rehagro.com.br\\\/blog\\\/#\\\/schema\\\/logo\\\/image\\\/\"}},{\"@type\":\"Person\",\"@id\":\"https:\\\/\\\/rehagro.com.br\\\/blog\\\/#\\\/schema\\\/person\\\/f2d1ae51b04939615ceebb3c0bfd8a94\",\"name\":\"Jo\u00e3o Pedro Azevedo\",\"image\":{\"@type\":\"ImageObject\",\"inLanguage\":\"pt-BR\",\"@id\":\"https:\\\/\\\/secure.gravatar.com\\\/avatar\\\/34aacffb2f10625483f480470f3274778dd1c183ba4f66444bb60ae92149bf8a?s=96&d=mm&r=g\",\"url\":\"https:\\\/\\\/secure.gravatar.com\\\/avatar\\\/34aacffb2f10625483f480470f3274778dd1c183ba4f66444bb60ae92149bf8a?s=96&d=mm&r=g\",\"contentUrl\":\"https:\\\/\\\/secure.gravatar.com\\\/avatar\\\/34aacffb2f10625483f480470f3274778dd1c183ba4f66444bb60ae92149bf8a?s=96&d=mm&r=g\",\"caption\":\"Jo\u00e3o Pedro Azevedo\"},\"url\":\"https:\\\/\\\/rehagro.com.br\\\/blog\\\/author\\\/joao-pedro\\\/\"}]}<\/script>\n<!-- \/ Yoast SEO plugin. -->","yoast_head_json":{"title":"Nutrientes para o caf\u00e9: saiba quais s\u00e3o os mais importantes","description":"Alguns nutrientes s\u00e3o essenciais para a composi\u00e7\u00e3o e funcionamento metab\u00f3lico do caf\u00e9. Clique e saiba quais s\u00e3o eles!","robots":{"index":"index","follow":"follow","max-snippet":"max-snippet:-1","max-image-preview":"max-image-preview:large","max-video-preview":"max-video-preview:-1"},"canonical":"https:\/\/rehagro.com.br\/blog\/nutrientes-para-o-cafeeiro\/","og_locale":"pt_BR","og_type":"article","og_title":"Nutrientes para o caf\u00e9: saiba quais s\u00e3o os mais importantes","og_description":"Alguns nutrientes s\u00e3o essenciais para a composi\u00e7\u00e3o e funcionamento metab\u00f3lico do caf\u00e9. Clique e saiba quais s\u00e3o eles!","og_url":"https:\/\/rehagro.com.br\/blog\/nutrientes-para-o-cafeeiro\/","og_site_name":"Rehagro Blog","article_published_time":"2022-11-07T15:08:11+00:00","article_modified_time":"2026-04-08T17:52:14+00:00","og_image":[{"width":1500,"height":1125,"url":"https:\/\/rehagro.com.br\/blog\/wp-content\/uploads\/2022\/11\/nutrientes-para-cafeeiro.jpg","type":"image\/jpeg"}],"author":"Jo\u00e3o Pedro Azevedo","twitter_card":"summary_large_image","twitter_misc":{"Escrito por":"Jo\u00e3o Pedro Azevedo","Est. tempo de leitura":"9 minutos"},"schema":{"@context":"https:\/\/schema.org","@graph":[{"@type":"Article","@id":"https:\/\/rehagro.com.br\/blog\/nutrientes-para-o-cafeeiro\/#article","isPartOf":{"@id":"https:\/\/rehagro.com.br\/blog\/nutrientes-para-o-cafeeiro\/"},"author":{"name":"Jo\u00e3o Pedro Azevedo","@id":"https:\/\/rehagro.com.br\/blog\/#\/schema\/person\/f2d1ae51b04939615ceebb3c0bfd8a94"},"headline":"Nutrientes para o cafeeiro: quais s\u00e3o os mais importantes?","datePublished":"2022-11-07T15:08:11+00:00","dateModified":"2026-04-08T17:52:14+00:00","mainEntityOfPage":{"@id":"https:\/\/rehagro.com.br\/blog\/nutrientes-para-o-cafeeiro\/"},"wordCount":1273,"commentCount":0,"publisher":{"@id":"https:\/\/rehagro.com.br\/blog\/#organization"},"image":{"@id":"https:\/\/rehagro.com.br\/blog\/nutrientes-para-o-cafeeiro\/#primaryimage"},"thumbnailUrl":"https:\/\/rehagro.com.br\/blog\/wp-content\/uploads\/2022\/11\/nutrientes-para-cafeeiro.jpg","keywords":["caf\u00e9","cafeeiro","macronutrientes","micronutrientes","nutrientes"],"articleSection":["CAF\u00c9"],"inLanguage":"pt-BR","potentialAction":[{"@type":"CommentAction","name":"Comment","target":["https:\/\/rehagro.com.br\/blog\/nutrientes-para-o-cafeeiro\/#respond"]}]},{"@type":"WebPage","@id":"https:\/\/rehagro.com.br\/blog\/nutrientes-para-o-cafeeiro\/","url":"https:\/\/rehagro.com.br\/blog\/nutrientes-para-o-cafeeiro\/","name":"Nutrientes para o caf\u00e9: saiba quais s\u00e3o os mais importantes","isPartOf":{"@id":"https:\/\/rehagro.com.br\/blog\/#website"},"primaryImageOfPage":{"@id":"https:\/\/rehagro.com.br\/blog\/nutrientes-para-o-cafeeiro\/#primaryimage"},"image":{"@id":"https:\/\/rehagro.com.br\/blog\/nutrientes-para-o-cafeeiro\/#primaryimage"},"thumbnailUrl":"https:\/\/rehagro.com.br\/blog\/wp-content\/uploads\/2022\/11\/nutrientes-para-cafeeiro.jpg","datePublished":"2022-11-07T15:08:11+00:00","dateModified":"2026-04-08T17:52:14+00:00","description":"Alguns nutrientes s\u00e3o essenciais para a composi\u00e7\u00e3o e funcionamento metab\u00f3lico do caf\u00e9. Clique e saiba quais s\u00e3o eles!","breadcrumb":{"@id":"https:\/\/rehagro.com.br\/blog\/nutrientes-para-o-cafeeiro\/#breadcrumb"},"inLanguage":"pt-BR","potentialAction":[{"@type":"ReadAction","target":["https:\/\/rehagro.com.br\/blog\/nutrientes-para-o-cafeeiro\/"]}]},{"@type":"ImageObject","inLanguage":"pt-BR","@id":"https:\/\/rehagro.com.br\/blog\/nutrientes-para-o-cafeeiro\/#primaryimage","url":"https:\/\/rehagro.com.br\/blog\/wp-content\/uploads\/2022\/11\/nutrientes-para-cafeeiro.jpg","contentUrl":"https:\/\/rehagro.com.br\/blog\/wp-content\/uploads\/2022\/11\/nutrientes-para-cafeeiro.jpg","width":1500,"height":1125,"caption":"Cafezal bem nutrido"},{"@type":"BreadcrumbList","@id":"https:\/\/rehagro.com.br\/blog\/nutrientes-para-o-cafeeiro\/#breadcrumb","itemListElement":[{"@type":"ListItem","position":1,"name":"In\u00edcio","item":"https:\/\/rehagro.com.br\/blog\/"},{"@type":"ListItem","position":2,"name":"Nutrientes para o cafeeiro: quais s\u00e3o os mais importantes?"}]},{"@type":"WebSite","@id":"https:\/\/rehagro.com.br\/blog\/#website","url":"https:\/\/rehagro.com.br\/blog\/","name":"Rehagro Blog","description":"","publisher":{"@id":"https:\/\/rehagro.com.br\/blog\/#organization"},"potentialAction":[{"@type":"SearchAction","target":{"@type":"EntryPoint","urlTemplate":"https:\/\/rehagro.com.br\/blog\/?s={search_term_string}"},"query-input":{"@type":"PropertyValueSpecification","valueRequired":true,"valueName":"search_term_string"}}],"inLanguage":"pt-BR"},{"@type":"Organization","@id":"https:\/\/rehagro.com.br\/blog\/#organization","name":"Rehagro","url":"https:\/\/rehagro.com.br\/blog\/","logo":{"@type":"ImageObject","inLanguage":"pt-BR","@id":"https:\/\/rehagro.com.br\/blog\/#\/schema\/logo\/image\/","url":"https:\/\/rehagro.com.br\/blog\/wp-content\/uploads\/2018\/05\/logo-rehagro.png","contentUrl":"https:\/\/rehagro.com.br\/blog\/wp-content\/uploads\/2018\/05\/logo-rehagro.png","width":400,"height":115,"caption":"Rehagro"},"image":{"@id":"https:\/\/rehagro.com.br\/blog\/#\/schema\/logo\/image\/"}},{"@type":"Person","@id":"https:\/\/rehagro.com.br\/blog\/#\/schema\/person\/f2d1ae51b04939615ceebb3c0bfd8a94","name":"Jo\u00e3o Pedro Azevedo","image":{"@type":"ImageObject","inLanguage":"pt-BR","@id":"https:\/\/secure.gravatar.com\/avatar\/34aacffb2f10625483f480470f3274778dd1c183ba4f66444bb60ae92149bf8a?s=96&d=mm&r=g","url":"https:\/\/secure.gravatar.com\/avatar\/34aacffb2f10625483f480470f3274778dd1c183ba4f66444bb60ae92149bf8a?s=96&d=mm&r=g","contentUrl":"https:\/\/secure.gravatar.com\/avatar\/34aacffb2f10625483f480470f3274778dd1c183ba4f66444bb60ae92149bf8a?s=96&d=mm&r=g","caption":"Jo\u00e3o Pedro Azevedo"},"url":"https:\/\/rehagro.com.br\/blog\/author\/joao-pedro\/"}]}},"_links":{"self":[{"href":"https:\/\/rehagro.com.br\/blog\/wp-json\/wp\/v2\/posts\/15810","targetHints":{"allow":["GET"]}}],"collection":[{"href":"https:\/\/rehagro.com.br\/blog\/wp-json\/wp\/v2\/posts"}],"about":[{"href":"https:\/\/rehagro.com.br\/blog\/wp-json\/wp\/v2\/types\/post"}],"author":[{"embeddable":true,"href":"https:\/\/rehagro.com.br\/blog\/wp-json\/wp\/v2\/users\/21"}],"replies":[{"embeddable":true,"href":"https:\/\/rehagro.com.br\/blog\/wp-json\/wp\/v2\/comments?post=15810"}],"version-history":[{"count":31,"href":"https:\/\/rehagro.com.br\/blog\/wp-json\/wp\/v2\/posts\/15810\/revisions"}],"predecessor-version":[{"id":42198,"href":"https:\/\/rehagro.com.br\/blog\/wp-json\/wp\/v2\/posts\/15810\/revisions\/42198"}],"wp:featuredmedia":[{"embeddable":true,"href":"https:\/\/rehagro.com.br\/blog\/wp-json\/wp\/v2\/media\/15827"}],"wp:attachment":[{"href":"https:\/\/rehagro.com.br\/blog\/wp-json\/wp\/v2\/media?parent=15810"}],"wp:term":[{"taxonomy":"category","embeddable":true,"href":"https:\/\/rehagro.com.br\/blog\/wp-json\/wp\/v2\/categories?post=15810"},{"taxonomy":"post_tag","embeddable":true,"href":"https:\/\/rehagro.com.br\/blog\/wp-json\/wp\/v2\/tags?post=15810"}],"curies":[{"name":"wp","href":"https:\/\/api.w.org\/{rel}","templated":true}]}}