{"id":15368,"date":"2022-09-22T18:00:47","date_gmt":"2022-09-22T21:00:47","guid":{"rendered":"https:\/\/rehagro.com.br\/blog\/?p=15368"},"modified":"2026-04-07T16:22:07","modified_gmt":"2026-04-07T19:22:07","slug":"febre-aftosa","status":"publish","type":"post","link":"https:\/\/rehagro.com.br\/blog\/febre-aftosa\/","title":{"rendered":"Febre aftosa: import\u00e2ncia da vacina\u00e7\u00e3o e principais impactos econ\u00f4micos"},"content":{"rendered":"<p>A pecu\u00e1ria de corte representa um dos principais pilares do agroneg\u00f3cio brasileiro. Com grande representatividade na economia, o setor vem se desenvolvendo nos \u00faltimos anos tornando o setor <strong>mais intensivo e tecnol\u00f3gico<\/strong>.<\/p>\n<p>Um grande fator de impulsionamento do setor est\u00e1 na exporta\u00e7\u00e3o de carne bovina para todo o mundo.<\/p>\n<p>J\u00e1 faz alguns anos que <strong>o Brasil \u00e9 o maior exportador de carne bovina do planeta<\/strong>, sendo assim, garantir qualidade e seguran\u00e7a na produ\u00e7\u00e3o \u00e9 fundamental para que continuemos aumentando a import\u00e2ncia para economia e tamb\u00e9m com o nobre papel de alimentar pessoas ao redor do mundo.<\/p>\n<p>Alguns fatores, entretanto, s\u00e3o impeditivos para as exporta\u00e7\u00f5es. Casos de doen\u00e7as descobertas e descritas podem levar a um grande entrave nas rela\u00e7\u00f5es comerciais com outros pa\u00edses, gerando grande preju\u00edzo econ\u00f4mico e produtivo para o Brasil.<\/p>\n<p><strong>A Febre Aftosa \u00e9 uma doen\u00e7a bastante falada na pecu\u00e1ria<\/strong>, por\u00e9m, existem alguns pontos de aten\u00e7\u00e3o para os produtores que devem ser entendidos.<\/p>\n<div style=\"background-color: #efefef; padding-left: 10px; padding-right: 5px; border-radius: 10px;\">\n<p>&nbsp;<\/p>\n<p style=\"text-align: center;\"><strong><span style=\"font-size: 14pt;\">Sem tempo para ler agora? Baixe este artigo em PDF!<\/span><\/strong><\/p>\n<p><script charset=\"utf-8\" type=\"text\/javascript\" src=\"\/\/js.hsforms.net\/forms\/embed\/v2.js\"><\/script><br \/>\n<script>\nhbspt.forms.create({\nregion: \"na1\",\nportalId: \"5430441\",\nformId: \"f83e655b-67de-4fbe-b12a-88b7e9461712\"\n});\n<\/script><\/p>\n<\/div>\n<h2>O que \u00e9 febre aftosa?<\/h2>\n<p>A febre aftosa \u00e9 enfermidade causada por um v\u00edrus altamente contagioso que acomete os animais de cascos fendidos (biungulados, casco dividido em duas unhas), tais como: bovinos, bubalinos, caprinos, ovinos e su\u00ednos.<\/p>\n<p>Apesar de apresentar baixa mortalidade entre animais adultos, \u00e9 uma doen\u00e7a que leva a <strong>grandes impactos socioecon\u00f4micos<\/strong> na pecu\u00e1ria, principalmente na de corte, pois ao se identificar um foco, fica proibido o com\u00e9rcio de carne tanto local quanto para exporta\u00e7\u00e3o.<\/p>\n<p>Por se tratar de uma <strong>doen\u00e7a de notifica\u00e7\u00e3o obrigat\u00f3ria<\/strong>, ao identificar um animal com os sinais cl\u00ednicos, \u00e9 preciso notificar o Minist\u00e9rio da Agricultura Pecu\u00e1ria e Abastecimento (MAPA) rapidamente, no intuito de a\u00e7\u00e3o imediata por parte do \u00f3rg\u00e3o competente, visando a dissemina\u00e7\u00e3o da doen\u00e7a.<\/p>\n<p>A notifica\u00e7\u00e3o se tornou obrigat\u00f3ria e o criador que n\u00e3o notificar, est\u00e1 pass\u00edvel de pagamento de multas.<\/p>\n<p><a href=\"https:\/\/conteudo.rehagro.com.br\/ebook-sanidade-gado-de-corte?utm_campaign=material-corte&amp;utm_source=ebook-sanidade-gado&amp;utm_medium=blog\" target=\"_blank\" rel=\"noopener\"><img loading=\"lazy\" decoding=\"async\" class=\"aligncenter wp-image-39640 size-full\" title=\"Clique e baixe o e-book gr\u00e1tis!\" src=\"https:\/\/rehagro.com.br\/blog\/wp-content\/uploads\/2025\/09\/banner-ebook-sanidade-gado-corte.png\" alt=\"E-book Sanidade do gado de corte\" width=\"980\" height=\"317\" srcset=\"https:\/\/rehagro.com.br\/blog\/wp-content\/uploads\/2025\/09\/banner-ebook-sanidade-gado-corte.png 980w, https:\/\/rehagro.com.br\/blog\/wp-content\/uploads\/2025\/09\/banner-ebook-sanidade-gado-corte-300x97.png 300w, https:\/\/rehagro.com.br\/blog\/wp-content\/uploads\/2025\/09\/banner-ebook-sanidade-gado-corte-768x248.png 768w, https:\/\/rehagro.com.br\/blog\/wp-content\/uploads\/2025\/09\/banner-ebook-sanidade-gado-corte-370x120.png 370w, https:\/\/rehagro.com.br\/blog\/wp-content\/uploads\/2025\/09\/banner-ebook-sanidade-gado-corte-270x87.png 270w, https:\/\/rehagro.com.br\/blog\/wp-content\/uploads\/2025\/09\/banner-ebook-sanidade-gado-corte-740x239.png 740w, https:\/\/rehagro.com.br\/blog\/wp-content\/uploads\/2025\/09\/banner-ebook-sanidade-gado-corte-150x49.png 150w\" sizes=\"auto, (max-width: 980px) 100vw, 980px\" \/><\/a><\/p>\n<h3>Sinais cl\u00ednicos da febre aftosa<\/h3>\n<p>Como foi falado, para notificar ao MAPA, voc\u00ea deve estar atento aos sinais cl\u00ednicos do seu rebanho. A doen\u00e7a possui manifesta\u00e7\u00f5es cl\u00ednicas que podem ser confundidas com outras enfermidades, como, por exemplo, a diarreia viral bovina.<\/p>\n<p>Sendo assim, o fechamento do diagn\u00f3stico s\u00f3 poder\u00e1 ser realizado por um especialista, que neste caso \u00e9 o m\u00e9dico veterin\u00e1rio inspetor do Servi\u00e7o Veterin\u00e1rio Oficial da Secretaria da Agricultura, Pecu\u00e1ria e Agroneg\u00f3cio (SEAPI).<\/p>\n<p>O pr\u00f3prio nome da doen\u00e7a j\u00e1 sugere um dos seus principais sinais cl\u00ednicos, pois os animais contaminados apresentam <strong>febre e ves\u00edculas (bolhas)<\/strong>, caracter\u00edsticas de aftas nos l\u00e1bios, l\u00ednguas e cascos.<\/p>\n<p><img loading=\"lazy\" decoding=\"async\" class=\"aligncenter size-full wp-image-15372\" src=\"https:\/\/rehagro.com.br\/blog\/wp-content\/uploads\/2022\/09\/febre-aftosa-1.jpg\" alt=\"Febre aftosa e seus sinais cl\u00ednicos\" width=\"554\" height=\"314\" srcset=\"https:\/\/rehagro.com.br\/blog\/wp-content\/uploads\/2022\/09\/febre-aftosa-1.jpg 554w, https:\/\/rehagro.com.br\/blog\/wp-content\/uploads\/2022\/09\/febre-aftosa-1-300x170.jpg 300w, https:\/\/rehagro.com.br\/blog\/wp-content\/uploads\/2022\/09\/febre-aftosa-1-370x210.jpg 370w, https:\/\/rehagro.com.br\/blog\/wp-content\/uploads\/2022\/09\/febre-aftosa-1-270x153.jpg 270w, https:\/\/rehagro.com.br\/blog\/wp-content\/uploads\/2022\/09\/febre-aftosa-1-150x85.jpg 150w\" sizes=\"auto, (max-width: 554px) 100vw, 554px\" \/><\/p>\n<p style=\"text-align: center;\"><span style=\"font-size: 10pt;\">Descri\u00e7\u00e3o da febre aftosa e seus sinais cl\u00ednicos<\/span><\/p>\n<p>Al\u00e9m dos principais e mais sugestivos sinais cl\u00ednicos da doen\u00e7a, voc\u00ea pode observar outros, como:<\/p>\n<ul>\n<li>Agita\u00e7\u00e3o;<\/li>\n<li>L\u00e1bios inferiores e posteriores tr\u00eamulos em conjunto com movimentos incomuns da mand\u00edbula;<\/li>\n<li>Saliva\u00e7\u00e3o exacerbada;<\/li>\n<li>Dificuldade de ingerir os alimentos, tanto concentrado, quanto apreens\u00e3o de forragem;<\/li>\n<li>Claudica\u00e7\u00e3o (manqueira).<\/li>\n<\/ul>\n<p>Todos esses sinais s\u00e3o <strong>atribu\u00eddos \u00e0 temperatura corporal do animal<\/strong>, que se encontra acima do normal levando \u00e0 calafrios e pela dor e extremo desconforto gerados pela forma\u00e7\u00e3o e\/ou rompimento das ves\u00edculas (aftas).<\/p>\n<p><img loading=\"lazy\" decoding=\"async\" class=\"aligncenter size-full wp-image-15373\" src=\"https:\/\/rehagro.com.br\/blog\/wp-content\/uploads\/2022\/09\/febre-aftosa-2.jpg\" alt=\"Sintomas da febre aftosa\" width=\"479\" height=\"177\" srcset=\"https:\/\/rehagro.com.br\/blog\/wp-content\/uploads\/2022\/09\/febre-aftosa-2.jpg 479w, https:\/\/rehagro.com.br\/blog\/wp-content\/uploads\/2022\/09\/febre-aftosa-2-300x111.jpg 300w, https:\/\/rehagro.com.br\/blog\/wp-content\/uploads\/2022\/09\/febre-aftosa-2-370x137.jpg 370w, https:\/\/rehagro.com.br\/blog\/wp-content\/uploads\/2022\/09\/febre-aftosa-2-270x100.jpg 270w, https:\/\/rehagro.com.br\/blog\/wp-content\/uploads\/2022\/09\/febre-aftosa-2-150x55.jpg 150w\" sizes=\"auto, (max-width: 479px) 100vw, 479px\" \/><\/p>\n<p style=\"text-align: center;\"><span style=\"font-size: 10pt;\">Ves\u00edculas rompidas na l\u00edngua de bovino, provenientes de febre aftosa. Foto: Colet\u00e2nea de imagens do MAPA.\u00a0<\/span><\/p>\n<p>O \u00fanico m\u00e9todo para descobrir se as les\u00f5es s\u00e3o provocadas ou n\u00e3o pelo v\u00edrus da febre aftosa \u00e9 por meio de <strong>diagn\u00f3stico laboratorial<\/strong>, ou seja, deve ser realizado exames e envi\u00e1-los aos laborat\u00f3rios oficiais do Minist\u00e9rio da Agricultura, Pecu\u00e1ria e Abastecimento (LANAGRO).<\/p>\n<h2>Impactos econ\u00f4micos causados pela febre aftosa<\/h2>\n<p>As perdas causadas pela febre aftosa s\u00e3o grandes, principalmente devido \u00e0 dor que o gado sente ao se alimentar, beber e locomover. Tudo isso leva a um intenso emagrecimento e, consequentemente impacto sobre o bem-estar animal e grandes perdas produtivas.<\/p>\n<p>O preju\u00edzo econ\u00f4mico causado pela doen\u00e7a se d\u00e1 devido aos tr\u00e2mites comerciais, pois, al\u00e9m de afetar o com\u00e9rcio interno, tamb\u00e9m afeta o com\u00e9rcio externo, <strong>impedindo assim, a comercializa\u00e7\u00e3o de animais<\/strong>, produtos e subprodutos originados de animais suscet\u00edveis.<\/p>\n<p>Pode parecer um \u201cexagero\u201d e at\u00e9 mesmo confuso, pa\u00edses vedarem a comercializa\u00e7\u00e3o de animais assim, mas \u00e9 entend\u00edvel, uma vez que, existem alguns pa\u00edses livres da ocorr\u00eancia de febre aftosa, ou seja, d\u00e9cadas em que n\u00e3o foi diagnosticado nenhum foco da doen\u00e7a.<\/p>\n<p>Desta forma, devido ao <strong>alto poder de transmiss\u00e3o<\/strong>, a doen\u00e7a pode atravessar de forma muito r\u00e1pida as fronteiras internacionais, principalmente carne com osso.<\/p>\n<p>Devido ao impacto gerado no mercado c\u00e1rneo ap\u00f3s a doen\u00e7a, tais pa\u00edses implantaram algumas normas sanit\u00e1rias para impedir o estabelecimento da enfermidade.<\/p>\n<p>A implementa\u00e7\u00e3o das regras, por\u00e9m, trouxe alguns efeitos negativos sobre a pecu\u00e1ria, o que levou a graves consequ\u00eancias socioecon\u00f4micas, uma vez que o faturamento \u00e9 menor do que poderia ser se contemplasse todos os pa\u00edses e regi\u00f5es.<\/p>\n<h2>Transmiss\u00e3o da febre aftosa pelos bovinos<\/h2>\n<p>A forma de transmiss\u00e3o se d\u00e1 principalmente por meio do contato de animais infectados com os saud\u00e1veis, solo, f\u00f4mites, <strong><a href=\"https:\/\/rehagro.com.br\/blog\/bebedouro-para-gado-e-a-importancia-da-qualidade-da-agua\/\" target=\"_blank\" rel=\"noopener\">bebedouros ou lagos contaminados<\/a><\/strong>, aer\u00f3gena, ou meios da pr\u00f3pria fazenda como currais, troncos e bretes.<\/p>\n<p><span style=\"font-weight: 400;\">A entrada de <strong><a href=\"https:\/\/rehagro.com.br\/blog\/qualidade-de-carcaca-bovina\/\">carca\u00e7as<\/a><\/strong> contaminadas em outros pa\u00edses ou estados, \u00e9 um alto ve\u00edculo de transmiss\u00e3o, diante disso, a Organiza\u00e7\u00e3o Mundial de Sa\u00fade Animal (OIE) determinou algumas regras que podem ser encontradas no C\u00f3digo Sanit\u00e1rio para Animais Terrestres. <\/span><\/p>\n<p><span style=\"font-weight: 400;\">Contudo, principalmente para exporta\u00e7\u00e3o, essa barreira sanit\u00e1ria trouxe alguns efeitos negativos para o mercado exportador, pois elas fecham as fronteiras de forma total ou parcial se for identificado algum foco de febre aftosa. Tudo isso, traz impacto econ\u00f4mico \u00e0 pecu\u00e1ria de corte, podendo reduzir pre\u00e7os dos cortes.\u00a0<\/span><\/p>\n<h2>Vacina\u00e7\u00e3o contra febre aftosa em bovinos<\/h2>\n<p>A forma de preven\u00e7\u00e3o contempla a <strong>ado\u00e7\u00e3o de vacina\u00e7\u00e3o obrigat\u00f3ria<\/strong> somente em bovinos e bubalinos nas zonas livres de febre aftosa com vacina\u00e7\u00e3o. Cada estado contempla um per\u00edodo espec\u00edfico para vacina\u00e7\u00e3o, normalmente nos meses de maio e novembro.<\/p>\n<p><span style=\"font-weight: 400;\">Uma grande discuss\u00e3o vem se tornando frequente em torno da n\u00e3o obrigatoriedade da vacina\u00e7\u00e3o em alguns estados. <\/span><\/p>\n<p><span style=\"font-weight: 400;\">Para alguns, a seguridade obtida ao longo dos anos de vacina\u00e7\u00e3o obrigat\u00f3ria, seria suficiente para tornar determinado estado livre de febre aftosa sem vacina\u00e7\u00e3o, como o estado de Santa Catarina que apresenta esse status desde 2007. Para outros, o risco de se adotar tal medida \u00e9 alto e de grande potencial para causar preju\u00edzos.<\/span><\/p>\n<p><span style=\"font-weight: 400;\">No ano de 2021, seis estados (Esp\u00edrito Santo, Goi\u00e1s, Mato Grosso do Sul, Minas Gerais, Tocantins e Mato Grosso) e o Distrito Federal, alcan\u00e7aram reconhecimento da Organiza\u00e7\u00e3o Mundial de Sa\u00fade Animal, e ao final do ano de 2022, ap\u00f3s a vacina\u00e7\u00e3o de novembro, <strong>tamb\u00e9m ter\u00e3o a obrigatoriedade da vacina\u00e7\u00e3o suspensa<\/strong>. <\/span><\/p>\n<p>Segundo a Radioag\u00eancia Nacional, com essas medidas<strong> 113 milh\u00f5es de bovinos<\/strong> e bubalinos deixar\u00e3o de ser vacinados anualmente no Brasil.<\/p>\n<p><span style=\"font-weight: 400;\">Para voc\u00ea saber quando deve vacinar os seus animais em 2023, acesse o link do <strong><a href=\"https:\/\/www.gov.br\/agricultura\/pt-br\/assuntos\/noticias\/cerca-de-73-milhoes-de-bovinos-e-bubalinos-deverao-ser-vacinados-contra-aftosa-ate-o-fim-do-mes\" target=\"_blank\" rel=\"noopener\">calend\u00e1rio de vacina\u00e7\u00e3o<\/a><\/strong>.<\/span><\/p>\n<p><strong>Mas aten\u00e7\u00e3o!<\/strong><\/p>\n<p>Febre Aftosa\u00a0<strong>n\u00e3o\u00a0representa risco \u00e0 sa\u00fade p\u00fablica<\/strong>, sendo raros os casos em humanos.<\/p>\n<p>O que fazer se observar animais com sinais cl\u00ednicos sugestivos da doen\u00e7a?<\/p>\n<p>Quando observar qualquer animal com alguma das altera\u00e7\u00f5es caracter\u00edsticas, mesmo que voc\u00ea n\u00e3o seja o produtor, comunique imediatamente \u00e0\u00a0unidade local da Defesa Agropecu\u00e1ria.<\/p>\n<h2 data-start=\"155\" data-end=\"232\">Prote\u00e7\u00e3o sanit\u00e1ria come\u00e7a na vacina, mas se consolida na gest\u00e3o da fazenda<\/h2>\n<p data-start=\"244\" data-end=\"529\">A febre aftosa \u00e9 uma das maiores amea\u00e7as \u00e0 sanidade do rebanho e \u00e0 credibilidade da pecu\u00e1ria brasileira no mercado internacional. A vacina\u00e7\u00e3o \u00e9 essencial, mas os impactos econ\u00f4micos v\u00e3o muito al\u00e9m da aplica\u00e7\u00e3o da dose, exigem planejamento, controle e vis\u00e3o estrat\u00e9gica da propriedade.<\/p>\n<p data-start=\"531\" data-end=\"827\">No <strong><a href=\"https:\/\/rehagro.com.br\/cursos\/capacitacao-em-gestao-na-pecuaria-de-corte?utm_campaign=mkt-materiais-gpc&amp;utm_source=textos&amp;utm_medium=blog\" target=\"_blank\" rel=\"noopener\">Curso de Gest\u00e3o na Pecu\u00e1ria de Corte<\/a><\/strong> do Rehagro, voc\u00ea aprende como integrar sanidade, nutri\u00e7\u00e3o e gest\u00e3o financeira para proteger seu rebanho e aumentar a rentabilidade da fazenda. Tudo com aulas 100% online, aplic\u00e1veis \u00e0 realidade do campo e conduzidas por quem vive a pecu\u00e1ria na pr\u00e1tica.<\/p>\n<p><a href=\"https:\/\/rehagro.com.br\/cursos\/capacitacao-em-gestao-na-pecuaria-de-corte?utm_campaign=mkt-materiais-gpc&amp;utm_source=textos&amp;utm_medium=blog\" target=\"_blank\" rel=\"noopener\"><img loading=\"lazy\" decoding=\"async\" class=\"aligncenter wp-image-18732 size-full\" title=\"Clique e saiba mais sobre o curso!\" src=\"https:\/\/rehagro.com.br\/blog\/wp-content\/uploads\/2023\/03\/banner-gpc.jpg\" alt=\"Banner Curso Gest\u00e3o na Pecu\u00e1ria de Corte\" width=\"980\" height=\"317\" srcset=\"https:\/\/rehagro.com.br\/blog\/wp-content\/uploads\/2023\/03\/banner-gpc.jpg 980w, https:\/\/rehagro.com.br\/blog\/wp-content\/uploads\/2023\/03\/banner-gpc-300x97.jpg 300w, https:\/\/rehagro.com.br\/blog\/wp-content\/uploads\/2023\/03\/banner-gpc-768x248.jpg 768w, https:\/\/rehagro.com.br\/blog\/wp-content\/uploads\/2023\/03\/banner-gpc-370x120.jpg 370w, https:\/\/rehagro.com.br\/blog\/wp-content\/uploads\/2023\/03\/banner-gpc-270x87.jpg 270w, https:\/\/rehagro.com.br\/blog\/wp-content\/uploads\/2023\/03\/banner-gpc-740x239.jpg 740w, https:\/\/rehagro.com.br\/blog\/wp-content\/uploads\/2023\/03\/banner-gpc-150x49.jpg 150w\" sizes=\"auto, (max-width: 980px) 100vw, 980px\" \/><\/a><\/p>\n<p><img loading=\"lazy\" decoding=\"async\" class=\"aligncenter size-medium wp-image-16154\" src=\"https:\/\/rehagro.com.br\/blog\/wp-content\/uploads\/2022\/09\/mariana-silva-300x96.jpg\" alt=\"Mariana Silva\" width=\"300\" height=\"96\" srcset=\"https:\/\/rehagro.com.br\/blog\/wp-content\/uploads\/2022\/09\/mariana-silva-300x96.jpg 300w, https:\/\/rehagro.com.br\/blog\/wp-content\/uploads\/2022\/09\/mariana-silva-768x246.jpg 768w, https:\/\/rehagro.com.br\/blog\/wp-content\/uploads\/2022\/09\/mariana-silva-370x118.jpg 370w, https:\/\/rehagro.com.br\/blog\/wp-content\/uploads\/2022\/09\/mariana-silva-270x86.jpg 270w, https:\/\/rehagro.com.br\/blog\/wp-content\/uploads\/2022\/09\/mariana-silva-740x237.jpg 740w, https:\/\/rehagro.com.br\/blog\/wp-content\/uploads\/2022\/09\/mariana-silva-150x48.jpg 150w, https:\/\/rehagro.com.br\/blog\/wp-content\/uploads\/2022\/09\/mariana-silva.jpg 975w\" sizes=\"auto, (max-width: 300px) 100vw, 300px\" \/><\/p>\n","protected":false},"excerpt":{"rendered":"<p>A pecu\u00e1ria de corte representa um dos principais pilares do agroneg\u00f3cio brasileiro. Com grande representatividade na economia, o setor vem se desenvolvendo nos \u00faltimos anos tornando o setor mais intensivo e tecnol\u00f3gico. Um grande fator de impulsionamento do setor est\u00e1 na exporta\u00e7\u00e3o de carne bovina para todo o mundo. J\u00e1 faz alguns anos que o [&hellip;]<\/p>\n","protected":false},"author":21,"featured_media":15371,"comment_status":"open","ping_status":"open","sticky":false,"template":"","format":"standard","meta":{"footnotes":""},"categories":[212],"tags":[474,651,559,911,709],"class_list":["post-15368","post","type-post","status-publish","format-standard","has-post-thumbnail","hentry","category-corte","tag-pecuaria-de-corte","tag-perdas-economicas","tag-sanidade","tag-vacina","tag-virus"],"yoast_head":"<!-- This site is optimized with the Yoast SEO plugin v27.4 - https:\/\/yoast.com\/product\/yoast-seo-wordpress\/ -->\n<title>Febre aftosa em bovinos : o que \u00e9, sintomas e impactos econ\u00f4micos<\/title>\n<meta name=\"description\" content=\"Saiba os pontos de aten\u00e7\u00e3o da febre aftosa em bovinos, seus impactos comerciais e import\u00e2ncia da vacina\u00e7\u00e3o. Veja mais no artigo!\" \/>\n<meta name=\"robots\" content=\"index, follow, max-snippet:-1, max-image-preview:large, max-video-preview:-1\" \/>\n<link rel=\"canonical\" href=\"https:\/\/rehagro.com.br\/blog\/febre-aftosa\/\" \/>\n<meta property=\"og:locale\" content=\"pt_BR\" \/>\n<meta property=\"og:type\" content=\"article\" \/>\n<meta property=\"og:title\" content=\"Febre aftosa em bovinos : o que \u00e9, sintomas e impactos econ\u00f4micos\" \/>\n<meta property=\"og:description\" content=\"Saiba os pontos de aten\u00e7\u00e3o da febre aftosa em bovinos, seus impactos comerciais e import\u00e2ncia da vacina\u00e7\u00e3o. Veja mais no artigo!\" \/>\n<meta property=\"og:url\" content=\"https:\/\/rehagro.com.br\/blog\/febre-aftosa\/\" \/>\n<meta property=\"og:site_name\" content=\"Rehagro Blog\" \/>\n<meta property=\"article:published_time\" content=\"2022-09-22T21:00:47+00:00\" \/>\n<meta property=\"article:modified_time\" content=\"2026-04-07T19:22:07+00:00\" \/>\n<meta property=\"og:image\" content=\"https:\/\/rehagro.com.br\/blog\/wp-content\/uploads\/2022\/09\/febre-aftosa.jpg\" \/>\n\t<meta property=\"og:image:width\" content=\"1500\" \/>\n\t<meta property=\"og:image:height\" content=\"1000\" \/>\n\t<meta property=\"og:image:type\" content=\"image\/jpeg\" \/>\n<meta name=\"author\" content=\"Jo\u00e3o Pedro Azevedo\" \/>\n<meta name=\"twitter:card\" content=\"summary_large_image\" \/>\n<meta name=\"twitter:label1\" content=\"Escrito por\" \/>\n\t<meta name=\"twitter:data1\" content=\"Jo\u00e3o Pedro Azevedo\" \/>\n\t<meta name=\"twitter:label2\" content=\"Est. tempo de leitura\" \/>\n\t<meta name=\"twitter:data2\" content=\"9 minutos\" \/>\n<script type=\"application\/ld+json\" class=\"yoast-schema-graph\">{\"@context\":\"https:\\\/\\\/schema.org\",\"@graph\":[{\"@type\":\"Article\",\"@id\":\"https:\\\/\\\/rehagro.com.br\\\/blog\\\/febre-aftosa\\\/#article\",\"isPartOf\":{\"@id\":\"https:\\\/\\\/rehagro.com.br\\\/blog\\\/febre-aftosa\\\/\"},\"author\":{\"name\":\"Jo\u00e3o Pedro Azevedo\",\"@id\":\"https:\\\/\\\/rehagro.com.br\\\/blog\\\/#\\\/schema\\\/person\\\/f2d1ae51b04939615ceebb3c0bfd8a94\"},\"headline\":\"Febre aftosa: import\u00e2ncia da vacina\u00e7\u00e3o e principais impactos econ\u00f4micos\",\"datePublished\":\"2022-09-22T21:00:47+00:00\",\"dateModified\":\"2026-04-07T19:22:07+00:00\",\"mainEntityOfPage\":{\"@id\":\"https:\\\/\\\/rehagro.com.br\\\/blog\\\/febre-aftosa\\\/\"},\"wordCount\":1426,\"commentCount\":0,\"publisher\":{\"@id\":\"https:\\\/\\\/rehagro.com.br\\\/blog\\\/#organization\"},\"image\":{\"@id\":\"https:\\\/\\\/rehagro.com.br\\\/blog\\\/febre-aftosa\\\/#primaryimage\"},\"thumbnailUrl\":\"https:\\\/\\\/rehagro.com.br\\\/blog\\\/wp-content\\\/uploads\\\/2022\\\/09\\\/febre-aftosa.jpg\",\"keywords\":[\"pecu\u00e1ria de corte\",\"perdas econ\u00f4micas\",\"sanidade\",\"vacina\",\"v\u00edrus\"],\"articleSection\":[\"CORTE\"],\"inLanguage\":\"pt-BR\",\"potentialAction\":[{\"@type\":\"CommentAction\",\"name\":\"Comment\",\"target\":[\"https:\\\/\\\/rehagro.com.br\\\/blog\\\/febre-aftosa\\\/#respond\"]}]},{\"@type\":\"WebPage\",\"@id\":\"https:\\\/\\\/rehagro.com.br\\\/blog\\\/febre-aftosa\\\/\",\"url\":\"https:\\\/\\\/rehagro.com.br\\\/blog\\\/febre-aftosa\\\/\",\"name\":\"Febre aftosa em bovinos : o que \u00e9, sintomas e impactos econ\u00f4micos\",\"isPartOf\":{\"@id\":\"https:\\\/\\\/rehagro.com.br\\\/blog\\\/#website\"},\"primaryImageOfPage\":{\"@id\":\"https:\\\/\\\/rehagro.com.br\\\/blog\\\/febre-aftosa\\\/#primaryimage\"},\"image\":{\"@id\":\"https:\\\/\\\/rehagro.com.br\\\/blog\\\/febre-aftosa\\\/#primaryimage\"},\"thumbnailUrl\":\"https:\\\/\\\/rehagro.com.br\\\/blog\\\/wp-content\\\/uploads\\\/2022\\\/09\\\/febre-aftosa.jpg\",\"datePublished\":\"2022-09-22T21:00:47+00:00\",\"dateModified\":\"2026-04-07T19:22:07+00:00\",\"description\":\"Saiba os pontos de aten\u00e7\u00e3o da febre aftosa em bovinos, seus impactos comerciais e import\u00e2ncia da vacina\u00e7\u00e3o. Veja mais no artigo!\",\"breadcrumb\":{\"@id\":\"https:\\\/\\\/rehagro.com.br\\\/blog\\\/febre-aftosa\\\/#breadcrumb\"},\"inLanguage\":\"pt-BR\",\"potentialAction\":[{\"@type\":\"ReadAction\",\"target\":[\"https:\\\/\\\/rehagro.com.br\\\/blog\\\/febre-aftosa\\\/\"]}]},{\"@type\":\"ImageObject\",\"inLanguage\":\"pt-BR\",\"@id\":\"https:\\\/\\\/rehagro.com.br\\\/blog\\\/febre-aftosa\\\/#primaryimage\",\"url\":\"https:\\\/\\\/rehagro.com.br\\\/blog\\\/wp-content\\\/uploads\\\/2022\\\/09\\\/febre-aftosa.jpg\",\"contentUrl\":\"https:\\\/\\\/rehagro.com.br\\\/blog\\\/wp-content\\\/uploads\\\/2022\\\/09\\\/febre-aftosa.jpg\",\"width\":1500,\"height\":1000,\"caption\":\"Dois bois lado a lado\"},{\"@type\":\"BreadcrumbList\",\"@id\":\"https:\\\/\\\/rehagro.com.br\\\/blog\\\/febre-aftosa\\\/#breadcrumb\",\"itemListElement\":[{\"@type\":\"ListItem\",\"position\":1,\"name\":\"In\u00edcio\",\"item\":\"https:\\\/\\\/rehagro.com.br\\\/blog\\\/\"},{\"@type\":\"ListItem\",\"position\":2,\"name\":\"Febre aftosa: import\u00e2ncia da vacina\u00e7\u00e3o e principais impactos econ\u00f4micos\"}]},{\"@type\":\"WebSite\",\"@id\":\"https:\\\/\\\/rehagro.com.br\\\/blog\\\/#website\",\"url\":\"https:\\\/\\\/rehagro.com.br\\\/blog\\\/\",\"name\":\"Rehagro Blog\",\"description\":\"\",\"publisher\":{\"@id\":\"https:\\\/\\\/rehagro.com.br\\\/blog\\\/#organization\"},\"potentialAction\":[{\"@type\":\"SearchAction\",\"target\":{\"@type\":\"EntryPoint\",\"urlTemplate\":\"https:\\\/\\\/rehagro.com.br\\\/blog\\\/?s={search_term_string}\"},\"query-input\":{\"@type\":\"PropertyValueSpecification\",\"valueRequired\":true,\"valueName\":\"search_term_string\"}}],\"inLanguage\":\"pt-BR\"},{\"@type\":\"Organization\",\"@id\":\"https:\\\/\\\/rehagro.com.br\\\/blog\\\/#organization\",\"name\":\"Rehagro\",\"url\":\"https:\\\/\\\/rehagro.com.br\\\/blog\\\/\",\"logo\":{\"@type\":\"ImageObject\",\"inLanguage\":\"pt-BR\",\"@id\":\"https:\\\/\\\/rehagro.com.br\\\/blog\\\/#\\\/schema\\\/logo\\\/image\\\/\",\"url\":\"https:\\\/\\\/rehagro.com.br\\\/blog\\\/wp-content\\\/uploads\\\/2018\\\/05\\\/logo-rehagro.png\",\"contentUrl\":\"https:\\\/\\\/rehagro.com.br\\\/blog\\\/wp-content\\\/uploads\\\/2018\\\/05\\\/logo-rehagro.png\",\"width\":400,\"height\":115,\"caption\":\"Rehagro\"},\"image\":{\"@id\":\"https:\\\/\\\/rehagro.com.br\\\/blog\\\/#\\\/schema\\\/logo\\\/image\\\/\"}},{\"@type\":\"Person\",\"@id\":\"https:\\\/\\\/rehagro.com.br\\\/blog\\\/#\\\/schema\\\/person\\\/f2d1ae51b04939615ceebb3c0bfd8a94\",\"name\":\"Jo\u00e3o Pedro Azevedo\",\"image\":{\"@type\":\"ImageObject\",\"inLanguage\":\"pt-BR\",\"@id\":\"https:\\\/\\\/secure.gravatar.com\\\/avatar\\\/34aacffb2f10625483f480470f3274778dd1c183ba4f66444bb60ae92149bf8a?s=96&d=mm&r=g\",\"url\":\"https:\\\/\\\/secure.gravatar.com\\\/avatar\\\/34aacffb2f10625483f480470f3274778dd1c183ba4f66444bb60ae92149bf8a?s=96&d=mm&r=g\",\"contentUrl\":\"https:\\\/\\\/secure.gravatar.com\\\/avatar\\\/34aacffb2f10625483f480470f3274778dd1c183ba4f66444bb60ae92149bf8a?s=96&d=mm&r=g\",\"caption\":\"Jo\u00e3o Pedro Azevedo\"},\"url\":\"https:\\\/\\\/rehagro.com.br\\\/blog\\\/author\\\/joao-pedro\\\/\"}]}<\/script>\n<!-- \/ Yoast SEO plugin. -->","yoast_head_json":{"title":"Febre aftosa em bovinos : o que \u00e9, sintomas e impactos econ\u00f4micos","description":"Saiba os pontos de aten\u00e7\u00e3o da febre aftosa em bovinos, seus impactos comerciais e import\u00e2ncia da vacina\u00e7\u00e3o. Veja mais no artigo!","robots":{"index":"index","follow":"follow","max-snippet":"max-snippet:-1","max-image-preview":"max-image-preview:large","max-video-preview":"max-video-preview:-1"},"canonical":"https:\/\/rehagro.com.br\/blog\/febre-aftosa\/","og_locale":"pt_BR","og_type":"article","og_title":"Febre aftosa em bovinos : o que \u00e9, sintomas e impactos econ\u00f4micos","og_description":"Saiba os pontos de aten\u00e7\u00e3o da febre aftosa em bovinos, seus impactos comerciais e import\u00e2ncia da vacina\u00e7\u00e3o. Veja mais no artigo!","og_url":"https:\/\/rehagro.com.br\/blog\/febre-aftosa\/","og_site_name":"Rehagro Blog","article_published_time":"2022-09-22T21:00:47+00:00","article_modified_time":"2026-04-07T19:22:07+00:00","og_image":[{"width":1500,"height":1000,"url":"https:\/\/rehagro.com.br\/blog\/wp-content\/uploads\/2022\/09\/febre-aftosa.jpg","type":"image\/jpeg"}],"author":"Jo\u00e3o Pedro Azevedo","twitter_card":"summary_large_image","twitter_misc":{"Escrito por":"Jo\u00e3o Pedro Azevedo","Est. tempo de leitura":"9 minutos"},"schema":{"@context":"https:\/\/schema.org","@graph":[{"@type":"Article","@id":"https:\/\/rehagro.com.br\/blog\/febre-aftosa\/#article","isPartOf":{"@id":"https:\/\/rehagro.com.br\/blog\/febre-aftosa\/"},"author":{"name":"Jo\u00e3o Pedro Azevedo","@id":"https:\/\/rehagro.com.br\/blog\/#\/schema\/person\/f2d1ae51b04939615ceebb3c0bfd8a94"},"headline":"Febre aftosa: import\u00e2ncia da vacina\u00e7\u00e3o e principais impactos econ\u00f4micos","datePublished":"2022-09-22T21:00:47+00:00","dateModified":"2026-04-07T19:22:07+00:00","mainEntityOfPage":{"@id":"https:\/\/rehagro.com.br\/blog\/febre-aftosa\/"},"wordCount":1426,"commentCount":0,"publisher":{"@id":"https:\/\/rehagro.com.br\/blog\/#organization"},"image":{"@id":"https:\/\/rehagro.com.br\/blog\/febre-aftosa\/#primaryimage"},"thumbnailUrl":"https:\/\/rehagro.com.br\/blog\/wp-content\/uploads\/2022\/09\/febre-aftosa.jpg","keywords":["pecu\u00e1ria de corte","perdas econ\u00f4micas","sanidade","vacina","v\u00edrus"],"articleSection":["CORTE"],"inLanguage":"pt-BR","potentialAction":[{"@type":"CommentAction","name":"Comment","target":["https:\/\/rehagro.com.br\/blog\/febre-aftosa\/#respond"]}]},{"@type":"WebPage","@id":"https:\/\/rehagro.com.br\/blog\/febre-aftosa\/","url":"https:\/\/rehagro.com.br\/blog\/febre-aftosa\/","name":"Febre aftosa em bovinos : o que \u00e9, sintomas e impactos econ\u00f4micos","isPartOf":{"@id":"https:\/\/rehagro.com.br\/blog\/#website"},"primaryImageOfPage":{"@id":"https:\/\/rehagro.com.br\/blog\/febre-aftosa\/#primaryimage"},"image":{"@id":"https:\/\/rehagro.com.br\/blog\/febre-aftosa\/#primaryimage"},"thumbnailUrl":"https:\/\/rehagro.com.br\/blog\/wp-content\/uploads\/2022\/09\/febre-aftosa.jpg","datePublished":"2022-09-22T21:00:47+00:00","dateModified":"2026-04-07T19:22:07+00:00","description":"Saiba os pontos de aten\u00e7\u00e3o da febre aftosa em bovinos, seus impactos comerciais e import\u00e2ncia da vacina\u00e7\u00e3o. Veja mais no artigo!","breadcrumb":{"@id":"https:\/\/rehagro.com.br\/blog\/febre-aftosa\/#breadcrumb"},"inLanguage":"pt-BR","potentialAction":[{"@type":"ReadAction","target":["https:\/\/rehagro.com.br\/blog\/febre-aftosa\/"]}]},{"@type":"ImageObject","inLanguage":"pt-BR","@id":"https:\/\/rehagro.com.br\/blog\/febre-aftosa\/#primaryimage","url":"https:\/\/rehagro.com.br\/blog\/wp-content\/uploads\/2022\/09\/febre-aftosa.jpg","contentUrl":"https:\/\/rehagro.com.br\/blog\/wp-content\/uploads\/2022\/09\/febre-aftosa.jpg","width":1500,"height":1000,"caption":"Dois bois lado a lado"},{"@type":"BreadcrumbList","@id":"https:\/\/rehagro.com.br\/blog\/febre-aftosa\/#breadcrumb","itemListElement":[{"@type":"ListItem","position":1,"name":"In\u00edcio","item":"https:\/\/rehagro.com.br\/blog\/"},{"@type":"ListItem","position":2,"name":"Febre aftosa: import\u00e2ncia da vacina\u00e7\u00e3o e principais impactos econ\u00f4micos"}]},{"@type":"WebSite","@id":"https:\/\/rehagro.com.br\/blog\/#website","url":"https:\/\/rehagro.com.br\/blog\/","name":"Rehagro Blog","description":"","publisher":{"@id":"https:\/\/rehagro.com.br\/blog\/#organization"},"potentialAction":[{"@type":"SearchAction","target":{"@type":"EntryPoint","urlTemplate":"https:\/\/rehagro.com.br\/blog\/?s={search_term_string}"},"query-input":{"@type":"PropertyValueSpecification","valueRequired":true,"valueName":"search_term_string"}}],"inLanguage":"pt-BR"},{"@type":"Organization","@id":"https:\/\/rehagro.com.br\/blog\/#organization","name":"Rehagro","url":"https:\/\/rehagro.com.br\/blog\/","logo":{"@type":"ImageObject","inLanguage":"pt-BR","@id":"https:\/\/rehagro.com.br\/blog\/#\/schema\/logo\/image\/","url":"https:\/\/rehagro.com.br\/blog\/wp-content\/uploads\/2018\/05\/logo-rehagro.png","contentUrl":"https:\/\/rehagro.com.br\/blog\/wp-content\/uploads\/2018\/05\/logo-rehagro.png","width":400,"height":115,"caption":"Rehagro"},"image":{"@id":"https:\/\/rehagro.com.br\/blog\/#\/schema\/logo\/image\/"}},{"@type":"Person","@id":"https:\/\/rehagro.com.br\/blog\/#\/schema\/person\/f2d1ae51b04939615ceebb3c0bfd8a94","name":"Jo\u00e3o Pedro Azevedo","image":{"@type":"ImageObject","inLanguage":"pt-BR","@id":"https:\/\/secure.gravatar.com\/avatar\/34aacffb2f10625483f480470f3274778dd1c183ba4f66444bb60ae92149bf8a?s=96&d=mm&r=g","url":"https:\/\/secure.gravatar.com\/avatar\/34aacffb2f10625483f480470f3274778dd1c183ba4f66444bb60ae92149bf8a?s=96&d=mm&r=g","contentUrl":"https:\/\/secure.gravatar.com\/avatar\/34aacffb2f10625483f480470f3274778dd1c183ba4f66444bb60ae92149bf8a?s=96&d=mm&r=g","caption":"Jo\u00e3o Pedro Azevedo"},"url":"https:\/\/rehagro.com.br\/blog\/author\/joao-pedro\/"}]}},"_links":{"self":[{"href":"https:\/\/rehagro.com.br\/blog\/wp-json\/wp\/v2\/posts\/15368","targetHints":{"allow":["GET"]}}],"collection":[{"href":"https:\/\/rehagro.com.br\/blog\/wp-json\/wp\/v2\/posts"}],"about":[{"href":"https:\/\/rehagro.com.br\/blog\/wp-json\/wp\/v2\/types\/post"}],"author":[{"embeddable":true,"href":"https:\/\/rehagro.com.br\/blog\/wp-json\/wp\/v2\/users\/21"}],"replies":[{"embeddable":true,"href":"https:\/\/rehagro.com.br\/blog\/wp-json\/wp\/v2\/comments?post=15368"}],"version-history":[{"count":39,"href":"https:\/\/rehagro.com.br\/blog\/wp-json\/wp\/v2\/posts\/15368\/revisions"}],"predecessor-version":[{"id":42065,"href":"https:\/\/rehagro.com.br\/blog\/wp-json\/wp\/v2\/posts\/15368\/revisions\/42065"}],"wp:featuredmedia":[{"embeddable":true,"href":"https:\/\/rehagro.com.br\/blog\/wp-json\/wp\/v2\/media\/15371"}],"wp:attachment":[{"href":"https:\/\/rehagro.com.br\/blog\/wp-json\/wp\/v2\/media?parent=15368"}],"wp:term":[{"taxonomy":"category","embeddable":true,"href":"https:\/\/rehagro.com.br\/blog\/wp-json\/wp\/v2\/categories?post=15368"},{"taxonomy":"post_tag","embeddable":true,"href":"https:\/\/rehagro.com.br\/blog\/wp-json\/wp\/v2\/tags?post=15368"}],"curies":[{"name":"wp","href":"https:\/\/api.w.org\/{rel}","templated":true}]}}