{"id":14690,"date":"2022-08-25T11:36:56","date_gmt":"2022-08-25T14:36:56","guid":{"rendered":"https:\/\/rehagro.com.br\/blog\/?p=14690"},"modified":"2026-04-07T16:16:32","modified_gmt":"2026-04-07T19:16:32","slug":"ciclo-pecuario-o-que-e-e-como-funciona","status":"publish","type":"post","link":"https:\/\/rehagro.com.br\/blog\/ciclo-pecuario-o-que-e-e-como-funciona\/","title":{"rendered":"Ciclo pecu\u00e1rio: o que \u00e9 e como funciona?"},"content":{"rendered":"<p>O <strong>ciclo pecu\u00e1rio<\/strong> \u00e9 um fen\u00f4meno caracterizado por <strong>flutua\u00e7\u00f5es nos pre\u00e7os do gado e da carne<\/strong>, com per\u00edodos de baixa e alta, que se repetem de tempos em tempos.<\/p>\n<p>Essa volatilidade \u00e9 causada pela natureza da pecu\u00e1ria de corte, atividade de ciclo longo em que a produ\u00e7\u00e3o responde muito lentamente a est\u00edmulos externos, como os pre\u00e7os recebidos, por exemplo.<\/p>\n<p>Assim, quando a <strong>oferta de gado mais gordo aumenta<\/strong>, os pre\u00e7os caem e outras categorias (gado magro, bezerros e barragens) tamb\u00e9m se desvalorizam. Sob press\u00e3o econ\u00f4mica, os criadores venderam mais vacas para abate. O abate de f\u00eameas aumenta a oferta de carne e os pre\u00e7os caem ainda mais.<\/p>\n<p>Com a redu\u00e7\u00e3o do n\u00famero de matrizes, a <strong><a href=\"https:\/\/rehagro.com.br\/blog\/bezerro-do-cedo\/\" target=\"_blank\" rel=\"noopener\">produ\u00e7\u00e3o de bezerros<\/a><\/strong>, a reposi\u00e7\u00e3o de animais do rebanho reprodutor e a futura oferta de gado para abate foram afetados. Alguns anos depois, a escassez de touros para abate e novilhas para substituir as vacas descartadas obrigou os pre\u00e7os a subir, reiniciando o ciclo.<\/p>\n<div style=\"background-color: #efefef; padding-left: 10px; padding-right: 5px; border-radius: 10px;\">\n<p>&nbsp;<\/p>\n<p style=\"text-align: center;\"><strong><span style=\"font-size: 14pt;\">Sem tempo para ler agora? Baixe este artigo em PDF!<\/span><\/strong><\/p>\n<p><script charset=\"utf-8\" type=\"text\/javascript\" src=\"\/\/js.hsforms.net\/forms\/embed\/v2.js\"><\/script><br \/>\n<script>\nhbspt.forms.create({\nregion: \"na1\",\nportalId: \"5430441\",\nformId: \"f83e655b-67de-4fbe-b12a-88b7e9461712\"\n});\n<\/script><\/p>\n<\/div>\n<h2>Quais s\u00e3o as fases do ciclo pecu\u00e1rio?<\/h2>\n<p>Quando ocorre <strong>baixa no ciclo<\/strong>: h\u00e1 um aumento na oferta de bezerros e aumento no abate de f\u00eameas, al\u00e9m da <strong>redu\u00e7\u00e3o no pre\u00e7o da arroba do boi gordo, bezerro e boi magro. <\/strong><\/p>\n<p>Quando ocorre <strong>alta no ciclo<\/strong>: h\u00e1 uma redu\u00e7\u00e3o na oferta de bezerros e redu\u00e7\u00e3o no abate de f\u00eameas, al\u00e9m do <strong>aumento no pre\u00e7o da arroba do boi gordo, bezerro e boi magro.<\/strong><\/p>\n<p><span style=\"font-weight: 400;\">Veja isso na imagem abaixo:<\/span><\/p>\n<p><img loading=\"lazy\" decoding=\"async\" class=\"aligncenter wp-image-14692\" src=\"https:\/\/rehagro.com.br\/blog\/wp-content\/uploads\/2022\/08\/ciclo-pecuario-1.jpg\" alt=\"Ciclo pecu\u00e1rio na pecu\u00e1ria de corte\" width=\"700\" height=\"591\" srcset=\"https:\/\/rehagro.com.br\/blog\/wp-content\/uploads\/2022\/08\/ciclo-pecuario-1.jpg 932w, https:\/\/rehagro.com.br\/blog\/wp-content\/uploads\/2022\/08\/ciclo-pecuario-1-300x253.jpg 300w, https:\/\/rehagro.com.br\/blog\/wp-content\/uploads\/2022\/08\/ciclo-pecuario-1-768x649.jpg 768w, https:\/\/rehagro.com.br\/blog\/wp-content\/uploads\/2022\/08\/ciclo-pecuario-1-370x312.jpg 370w, https:\/\/rehagro.com.br\/blog\/wp-content\/uploads\/2022\/08\/ciclo-pecuario-1-270x228.jpg 270w, https:\/\/rehagro.com.br\/blog\/wp-content\/uploads\/2022\/08\/ciclo-pecuario-1-355x300.jpg 355w, https:\/\/rehagro.com.br\/blog\/wp-content\/uploads\/2022\/08\/ciclo-pecuario-1-740x625.jpg 740w, https:\/\/rehagro.com.br\/blog\/wp-content\/uploads\/2022\/08\/ciclo-pecuario-1-150x127.jpg 150w\" sizes=\"auto, (max-width: 700px) 100vw, 700px\" \/><\/p>\n<h2>Situa\u00e7\u00e3o atual e perspectivas para 2026<\/h2>\n<p>O ciclo pecu\u00e1rio brasileiro inicia 2026 em fase de transi\u00e7\u00e3o. Ap\u00f3s um 2025 marcado por abates recordes, ajuste de oferta e valoriza\u00e7\u00e3o da reposi\u00e7\u00e3o, o mercado apresenta equil\u00edbrio entre oferta e demanda e pre\u00e7os firmes da arroba do boi gordo.<\/p>\n<p>Ao mesmo tempo, o abate de f\u00eameas ainda est\u00e1 elevado, pressionando a forma\u00e7\u00e3o de rebanho, e as margens na recria e engorda permanecem desafiadoras em fun\u00e7\u00e3o dos custos de produ\u00e7\u00e3o.<\/p>\n<p>Para 2026, a perspectiva \u00e9 de lenta melhora da conjuntura, com menor disponibilidade de gado terminado, demanda externa aquecida (especialmente China e EUA) e valoriza\u00e7\u00e3o dos pre\u00e7os internacionais da carne bovina. O Brasil segue em trajet\u00f3ria de consolida\u00e7\u00e3o como l\u00edder global em produ\u00e7\u00e3o e exporta\u00e7\u00f5es, mas o cen\u00e1rio exige gest\u00e3o mais eficiente, planejamento de rebanho e aten\u00e7\u00e3o a volatilidade cambial e eventuais barreiras comerciais.<\/p>\n<h2>Por que devemos entender o ciclo pecu\u00e1rio?<\/h2>\n<p>Entender o ciclo da pecu\u00e1ria e as fases de pre\u00e7o alto e baixo, nos permite <strong>planejar a\u00e7\u00f5es de compra, custos de produ\u00e7\u00e3o, investimentos e o melhor momento para vender.<\/strong><\/p>\n<p>Por isso, entender o ciclo da pecu\u00e1ria \u00e9 essencial para orientar a tomada de decis\u00f5es \u201cna porta\u201d, que \u00e9 o \u00fanico lugar que temos controle.<\/p>\n<p>O <strong>pre\u00e7o da arroba<\/strong> \u00e9 um dos fatores que afeta a <strong><a href=\"https:\/\/rehagro.com.br\/blog\/garantindo-margem-de-lucro-na-pecuaria-de-corte\/\" target=\"_blank\" rel=\"noopener\">rentabilidade da pecu\u00e1ria de corte<\/a><\/strong>. Os pecuaristas, no entanto, t\u00eam o poder de ditar o que acontece na fazenda, incluindo ganho de peso, taxas de lota\u00e7\u00e3o e custos de produ\u00e7\u00e3o.<\/p>\n<p>Um planejamento cuidadoso e uma boa estrat\u00e9gia de abastecimento podem reduzir custos e aumentar a produ\u00e7\u00e3o, resultando em mais arrobas a um pre\u00e7o satisfat\u00f3rio.<\/p>\n<p>Durante as fases altas do ciclo, <strong>\u00e9 importante<\/strong> <strong>ficar atento \u00e0 coleta dos animais<\/strong>. Isso ocorre porque o ciclo de produ\u00e7\u00e3o \u00e9 longo, e o mercado muda quando o bezerro se transforma em uma vaca gorda que pode ser abatida. \u00c9 at\u00e9 poss\u00edvel estar baixo no ciclo quando os pre\u00e7os de venda est\u00e3o em desvantagem.<\/p>\n<p>Como resultado, o pre\u00e7o de venda ter\u00e1 um impacto negativo e seus lucros ser\u00e3o menores, principalmente se a produtividade e os <strong><a href=\"https:\/\/rehagro.com.br\/blog\/plano-de-contas\/\" target=\"_blank\" rel=\"noopener\">custos<\/a><\/strong> n\u00e3o estiverem bem ajustados.<\/p>\n<p><a href=\"https:\/\/conteudo.rehagro.com.br\/ebook-planilha-fluxo-de-caixa?utm_campaign=material-corte&amp;utm_source=ebook-fluxo-de-caixa&amp;utm_medium=blog\" target=\"_blank\" rel=\"noopener\"><img loading=\"lazy\" decoding=\"async\" class=\"aligncenter wp-image-39647 size-full\" title=\"Clique e baixe o e-book gr\u00e1tis!\" src=\"https:\/\/rehagro.com.br\/blog\/wp-content\/uploads\/2025\/09\/banner-kit-fluxo-caixa.png\" alt=\"Kit Fluxo de caixa em fazendas de gado de corte\" width=\"980\" height=\"317\" srcset=\"https:\/\/rehagro.com.br\/blog\/wp-content\/uploads\/2025\/09\/banner-kit-fluxo-caixa.png 980w, https:\/\/rehagro.com.br\/blog\/wp-content\/uploads\/2025\/09\/banner-kit-fluxo-caixa-300x97.png 300w, https:\/\/rehagro.com.br\/blog\/wp-content\/uploads\/2025\/09\/banner-kit-fluxo-caixa-768x248.png 768w, https:\/\/rehagro.com.br\/blog\/wp-content\/uploads\/2025\/09\/banner-kit-fluxo-caixa-370x120.png 370w, https:\/\/rehagro.com.br\/blog\/wp-content\/uploads\/2025\/09\/banner-kit-fluxo-caixa-270x87.png 270w, https:\/\/rehagro.com.br\/blog\/wp-content\/uploads\/2025\/09\/banner-kit-fluxo-caixa-740x239.png 740w, https:\/\/rehagro.com.br\/blog\/wp-content\/uploads\/2025\/09\/banner-kit-fluxo-caixa-150x49.png 150w\" sizes=\"auto, (max-width: 980px) 100vw, 980px\" \/><\/a><\/p>\n<h2 data-start=\"267\" data-end=\"341\">Antecipe o mercado, posicione sua produ\u00e7\u00e3o e ganhe vantagem competitiva<\/h2>\n<p data-start=\"343\" data-end=\"612\">O ciclo pecu\u00e1rio impacta pre\u00e7os, oferta e demanda e quem entende esse movimento consegue ajustar sua estrat\u00e9gia de compra, venda e manejo para aproveitar as melhores oportunidades. Mais do que saber o que \u00e9 o ciclo, \u00e9 preciso saber agir com intelig\u00eancia em cada fase.<\/p>\n<p data-start=\"614\" data-end=\"874\">No <strong><a href=\"https:\/\/rehagro.com.br\/cursos\/capacitacao-em-gestao-na-pecuaria-de-corte?utm_campaign=mkt-materiais-gpc&amp;utm_source=textos&amp;utm_medium=blog\" target=\"_blank\" rel=\"noopener\">Curso de Gest\u00e3o na Pecu\u00e1ria de Corte<\/a><\/strong> do Rehagro, voc\u00ea aprende a alinhar decis\u00f5es de campo com os movimentos do mercado, estruturando uma produ\u00e7\u00e3o mais rent\u00e1vel e sustent\u00e1vel. S\u00e3o aulas online, com aplica\u00e7\u00e3o pr\u00e1tica e foco total na realidade da pecu\u00e1ria.<\/p>\n<p><a href=\"https:\/\/rehagro.com.br\/cursos\/capacitacao-em-gestao-na-pecuaria-de-corte?utm_campaign=mkt-materiais-gpc&amp;utm_source=textos&amp;utm_medium=blog\" target=\"_blank\" rel=\"noopener\"><img loading=\"lazy\" decoding=\"async\" class=\"aligncenter wp-image-18732 size-full\" title=\"Clique e saiba mais sobre o curso!\" src=\"https:\/\/rehagro.com.br\/blog\/wp-content\/uploads\/2023\/03\/banner-gpc.jpg\" alt=\"Banner Curso Gest\u00e3o na Pecu\u00e1ria de Corte\" width=\"980\" height=\"317\" srcset=\"https:\/\/rehagro.com.br\/blog\/wp-content\/uploads\/2023\/03\/banner-gpc.jpg 980w, https:\/\/rehagro.com.br\/blog\/wp-content\/uploads\/2023\/03\/banner-gpc-300x97.jpg 300w, https:\/\/rehagro.com.br\/blog\/wp-content\/uploads\/2023\/03\/banner-gpc-768x248.jpg 768w, https:\/\/rehagro.com.br\/blog\/wp-content\/uploads\/2023\/03\/banner-gpc-370x120.jpg 370w, https:\/\/rehagro.com.br\/blog\/wp-content\/uploads\/2023\/03\/banner-gpc-270x87.jpg 270w, https:\/\/rehagro.com.br\/blog\/wp-content\/uploads\/2023\/03\/banner-gpc-740x239.jpg 740w, https:\/\/rehagro.com.br\/blog\/wp-content\/uploads\/2023\/03\/banner-gpc-150x49.jpg 150w\" sizes=\"auto, (max-width: 980px) 100vw, 980px\" \/><\/a><\/p>\n<p>Texto produzido pela Equipe Corte Rehagro.<\/p>\n","protected":false},"excerpt":{"rendered":"<p>O ciclo pecu\u00e1rio \u00e9 um fen\u00f4meno caracterizado por flutua\u00e7\u00f5es nos pre\u00e7os do gado e da carne, com per\u00edodos de baixa e alta, que se repetem de tempos em tempos. Essa volatilidade \u00e9 causada pela natureza da pecu\u00e1ria de corte, atividade de ciclo longo em que a produ\u00e7\u00e3o responde muito lentamente a est\u00edmulos externos, como os [&hellip;]<\/p>\n","protected":false},"author":21,"featured_media":14691,"comment_status":"open","ping_status":"open","sticky":false,"template":"","format":"standard","meta":{"footnotes":""},"categories":[212],"tags":[271,716,474],"class_list":["post-14690","post","type-post","status-publish","format-standard","has-post-thumbnail","hentry","category-corte","tag-bovinos-de-corte","tag-gado-de-corte","tag-pecuaria-de-corte"],"yoast_head":"<!-- This site is optimized with the Yoast SEO plugin v27.4 - https:\/\/yoast.com\/product\/yoast-seo-wordpress\/ -->\n<title>Ciclo pecu\u00e1rio: o que \u00e9, como funciona e suas fases<\/title>\n<meta name=\"description\" content=\"Entenda o ciclo pecu\u00e1rio, fases, oferta de bezerros, abate de f\u00eameas e impactos nos pre\u00e7os da arroba. Estrat\u00e9gias para alta e baixa do mercado.\" \/>\n<meta name=\"robots\" content=\"index, follow, max-snippet:-1, max-image-preview:large, max-video-preview:-1\" \/>\n<link rel=\"canonical\" href=\"https:\/\/rehagro.com.br\/blog\/ciclo-pecuario-o-que-e-e-como-funciona\/\" \/>\n<meta property=\"og:locale\" content=\"pt_BR\" \/>\n<meta property=\"og:type\" content=\"article\" \/>\n<meta property=\"og:title\" content=\"Ciclo pecu\u00e1rio: o que \u00e9, como funciona e suas fases\" \/>\n<meta property=\"og:description\" content=\"Entenda o ciclo pecu\u00e1rio, fases, oferta de bezerros, abate de f\u00eameas e impactos nos pre\u00e7os da arroba. Estrat\u00e9gias para alta e baixa do mercado.\" \/>\n<meta property=\"og:url\" content=\"https:\/\/rehagro.com.br\/blog\/ciclo-pecuario-o-que-e-e-como-funciona\/\" \/>\n<meta property=\"og:site_name\" content=\"Rehagro Blog\" \/>\n<meta property=\"article:published_time\" content=\"2022-08-25T14:36:56+00:00\" \/>\n<meta property=\"article:modified_time\" content=\"2026-04-07T19:16:32+00:00\" \/>\n<meta property=\"og:image\" content=\"https:\/\/rehagro.com.br\/blog\/wp-content\/uploads\/2022\/08\/ciclo-pecuario.jpg\" \/>\n\t<meta property=\"og:image:width\" content=\"1500\" \/>\n\t<meta property=\"og:image:height\" content=\"500\" \/>\n\t<meta property=\"og:image:type\" content=\"image\/jpeg\" \/>\n<meta name=\"author\" content=\"Jo\u00e3o Pedro Azevedo\" \/>\n<meta name=\"twitter:card\" content=\"summary_large_image\" \/>\n<meta name=\"twitter:label1\" content=\"Escrito por\" \/>\n\t<meta name=\"twitter:data1\" content=\"Jo\u00e3o Pedro Azevedo\" \/>\n\t<meta name=\"twitter:label2\" content=\"Est. tempo de leitura\" \/>\n\t<meta name=\"twitter:data2\" content=\"5 minutos\" \/>\n<script type=\"application\/ld+json\" class=\"yoast-schema-graph\">{\"@context\":\"https:\\\/\\\/schema.org\",\"@graph\":[{\"@type\":\"Article\",\"@id\":\"https:\\\/\\\/rehagro.com.br\\\/blog\\\/ciclo-pecuario-o-que-e-e-como-funciona\\\/#article\",\"isPartOf\":{\"@id\":\"https:\\\/\\\/rehagro.com.br\\\/blog\\\/ciclo-pecuario-o-que-e-e-como-funciona\\\/\"},\"author\":{\"name\":\"Jo\u00e3o Pedro Azevedo\",\"@id\":\"https:\\\/\\\/rehagro.com.br\\\/blog\\\/#\\\/schema\\\/person\\\/f2d1ae51b04939615ceebb3c0bfd8a94\"},\"headline\":\"Ciclo pecu\u00e1rio: o que \u00e9 e como funciona?\",\"datePublished\":\"2022-08-25T14:36:56+00:00\",\"dateModified\":\"2026-04-07T19:16:32+00:00\",\"mainEntityOfPage\":{\"@id\":\"https:\\\/\\\/rehagro.com.br\\\/blog\\\/ciclo-pecuario-o-que-e-e-como-funciona\\\/\"},\"wordCount\":779,\"commentCount\":1,\"publisher\":{\"@id\":\"https:\\\/\\\/rehagro.com.br\\\/blog\\\/#organization\"},\"image\":{\"@id\":\"https:\\\/\\\/rehagro.com.br\\\/blog\\\/ciclo-pecuario-o-que-e-e-como-funciona\\\/#primaryimage\"},\"thumbnailUrl\":\"https:\\\/\\\/rehagro.com.br\\\/blog\\\/wp-content\\\/uploads\\\/2022\\\/08\\\/ciclo-pecuario.jpg\",\"keywords\":[\"bovinos de corte\",\"gado de corte\",\"pecu\u00e1ria de corte\"],\"articleSection\":[\"CORTE\"],\"inLanguage\":\"pt-BR\",\"potentialAction\":[{\"@type\":\"CommentAction\",\"name\":\"Comment\",\"target\":[\"https:\\\/\\\/rehagro.com.br\\\/blog\\\/ciclo-pecuario-o-que-e-e-como-funciona\\\/#respond\"]}]},{\"@type\":\"WebPage\",\"@id\":\"https:\\\/\\\/rehagro.com.br\\\/blog\\\/ciclo-pecuario-o-que-e-e-como-funciona\\\/\",\"url\":\"https:\\\/\\\/rehagro.com.br\\\/blog\\\/ciclo-pecuario-o-que-e-e-como-funciona\\\/\",\"name\":\"Ciclo pecu\u00e1rio: o que \u00e9, como funciona e suas fases\",\"isPartOf\":{\"@id\":\"https:\\\/\\\/rehagro.com.br\\\/blog\\\/#website\"},\"primaryImageOfPage\":{\"@id\":\"https:\\\/\\\/rehagro.com.br\\\/blog\\\/ciclo-pecuario-o-que-e-e-como-funciona\\\/#primaryimage\"},\"image\":{\"@id\":\"https:\\\/\\\/rehagro.com.br\\\/blog\\\/ciclo-pecuario-o-que-e-e-como-funciona\\\/#primaryimage\"},\"thumbnailUrl\":\"https:\\\/\\\/rehagro.com.br\\\/blog\\\/wp-content\\\/uploads\\\/2022\\\/08\\\/ciclo-pecuario.jpg\",\"datePublished\":\"2022-08-25T14:36:56+00:00\",\"dateModified\":\"2026-04-07T19:16:32+00:00\",\"description\":\"Entenda o ciclo pecu\u00e1rio, fases, oferta de bezerros, abate de f\u00eameas e impactos nos pre\u00e7os da arroba. Estrat\u00e9gias para alta e baixa do mercado.\",\"breadcrumb\":{\"@id\":\"https:\\\/\\\/rehagro.com.br\\\/blog\\\/ciclo-pecuario-o-que-e-e-como-funciona\\\/#breadcrumb\"},\"inLanguage\":\"pt-BR\",\"potentialAction\":[{\"@type\":\"ReadAction\",\"target\":[\"https:\\\/\\\/rehagro.com.br\\\/blog\\\/ciclo-pecuario-o-que-e-e-como-funciona\\\/\"]}]},{\"@type\":\"ImageObject\",\"inLanguage\":\"pt-BR\",\"@id\":\"https:\\\/\\\/rehagro.com.br\\\/blog\\\/ciclo-pecuario-o-que-e-e-como-funciona\\\/#primaryimage\",\"url\":\"https:\\\/\\\/rehagro.com.br\\\/blog\\\/wp-content\\\/uploads\\\/2022\\\/08\\\/ciclo-pecuario.jpg\",\"contentUrl\":\"https:\\\/\\\/rehagro.com.br\\\/blog\\\/wp-content\\\/uploads\\\/2022\\\/08\\\/ciclo-pecuario.jpg\",\"width\":1500,\"height\":500,\"caption\":\"Ciclo pecu\u00e1rio: o que \u00e9 e como funciona\"},{\"@type\":\"BreadcrumbList\",\"@id\":\"https:\\\/\\\/rehagro.com.br\\\/blog\\\/ciclo-pecuario-o-que-e-e-como-funciona\\\/#breadcrumb\",\"itemListElement\":[{\"@type\":\"ListItem\",\"position\":1,\"name\":\"In\u00edcio\",\"item\":\"https:\\\/\\\/rehagro.com.br\\\/blog\\\/\"},{\"@type\":\"ListItem\",\"position\":2,\"name\":\"Ciclo pecu\u00e1rio: o que \u00e9 e como funciona?\"}]},{\"@type\":\"WebSite\",\"@id\":\"https:\\\/\\\/rehagro.com.br\\\/blog\\\/#website\",\"url\":\"https:\\\/\\\/rehagro.com.br\\\/blog\\\/\",\"name\":\"Rehagro Blog\",\"description\":\"\",\"publisher\":{\"@id\":\"https:\\\/\\\/rehagro.com.br\\\/blog\\\/#organization\"},\"potentialAction\":[{\"@type\":\"SearchAction\",\"target\":{\"@type\":\"EntryPoint\",\"urlTemplate\":\"https:\\\/\\\/rehagro.com.br\\\/blog\\\/?s={search_term_string}\"},\"query-input\":{\"@type\":\"PropertyValueSpecification\",\"valueRequired\":true,\"valueName\":\"search_term_string\"}}],\"inLanguage\":\"pt-BR\"},{\"@type\":\"Organization\",\"@id\":\"https:\\\/\\\/rehagro.com.br\\\/blog\\\/#organization\",\"name\":\"Rehagro\",\"url\":\"https:\\\/\\\/rehagro.com.br\\\/blog\\\/\",\"logo\":{\"@type\":\"ImageObject\",\"inLanguage\":\"pt-BR\",\"@id\":\"https:\\\/\\\/rehagro.com.br\\\/blog\\\/#\\\/schema\\\/logo\\\/image\\\/\",\"url\":\"https:\\\/\\\/rehagro.com.br\\\/blog\\\/wp-content\\\/uploads\\\/2018\\\/05\\\/logo-rehagro.png\",\"contentUrl\":\"https:\\\/\\\/rehagro.com.br\\\/blog\\\/wp-content\\\/uploads\\\/2018\\\/05\\\/logo-rehagro.png\",\"width\":400,\"height\":115,\"caption\":\"Rehagro\"},\"image\":{\"@id\":\"https:\\\/\\\/rehagro.com.br\\\/blog\\\/#\\\/schema\\\/logo\\\/image\\\/\"}},{\"@type\":\"Person\",\"@id\":\"https:\\\/\\\/rehagro.com.br\\\/blog\\\/#\\\/schema\\\/person\\\/f2d1ae51b04939615ceebb3c0bfd8a94\",\"name\":\"Jo\u00e3o Pedro Azevedo\",\"image\":{\"@type\":\"ImageObject\",\"inLanguage\":\"pt-BR\",\"@id\":\"https:\\\/\\\/secure.gravatar.com\\\/avatar\\\/34aacffb2f10625483f480470f3274778dd1c183ba4f66444bb60ae92149bf8a?s=96&d=mm&r=g\",\"url\":\"https:\\\/\\\/secure.gravatar.com\\\/avatar\\\/34aacffb2f10625483f480470f3274778dd1c183ba4f66444bb60ae92149bf8a?s=96&d=mm&r=g\",\"contentUrl\":\"https:\\\/\\\/secure.gravatar.com\\\/avatar\\\/34aacffb2f10625483f480470f3274778dd1c183ba4f66444bb60ae92149bf8a?s=96&d=mm&r=g\",\"caption\":\"Jo\u00e3o Pedro Azevedo\"},\"url\":\"https:\\\/\\\/rehagro.com.br\\\/blog\\\/author\\\/joao-pedro\\\/\"}]}<\/script>\n<!-- \/ Yoast SEO plugin. -->","yoast_head_json":{"title":"Ciclo pecu\u00e1rio: o que \u00e9, como funciona e suas fases","description":"Entenda o ciclo pecu\u00e1rio, fases, oferta de bezerros, abate de f\u00eameas e impactos nos pre\u00e7os da arroba. Estrat\u00e9gias para alta e baixa do mercado.","robots":{"index":"index","follow":"follow","max-snippet":"max-snippet:-1","max-image-preview":"max-image-preview:large","max-video-preview":"max-video-preview:-1"},"canonical":"https:\/\/rehagro.com.br\/blog\/ciclo-pecuario-o-que-e-e-como-funciona\/","og_locale":"pt_BR","og_type":"article","og_title":"Ciclo pecu\u00e1rio: o que \u00e9, como funciona e suas fases","og_description":"Entenda o ciclo pecu\u00e1rio, fases, oferta de bezerros, abate de f\u00eameas e impactos nos pre\u00e7os da arroba. Estrat\u00e9gias para alta e baixa do mercado.","og_url":"https:\/\/rehagro.com.br\/blog\/ciclo-pecuario-o-que-e-e-como-funciona\/","og_site_name":"Rehagro Blog","article_published_time":"2022-08-25T14:36:56+00:00","article_modified_time":"2026-04-07T19:16:32+00:00","og_image":[{"width":1500,"height":500,"url":"https:\/\/rehagro.com.br\/blog\/wp-content\/uploads\/2022\/08\/ciclo-pecuario.jpg","type":"image\/jpeg"}],"author":"Jo\u00e3o Pedro Azevedo","twitter_card":"summary_large_image","twitter_misc":{"Escrito por":"Jo\u00e3o Pedro Azevedo","Est. tempo de leitura":"5 minutos"},"schema":{"@context":"https:\/\/schema.org","@graph":[{"@type":"Article","@id":"https:\/\/rehagro.com.br\/blog\/ciclo-pecuario-o-que-e-e-como-funciona\/#article","isPartOf":{"@id":"https:\/\/rehagro.com.br\/blog\/ciclo-pecuario-o-que-e-e-como-funciona\/"},"author":{"name":"Jo\u00e3o Pedro Azevedo","@id":"https:\/\/rehagro.com.br\/blog\/#\/schema\/person\/f2d1ae51b04939615ceebb3c0bfd8a94"},"headline":"Ciclo pecu\u00e1rio: o que \u00e9 e como funciona?","datePublished":"2022-08-25T14:36:56+00:00","dateModified":"2026-04-07T19:16:32+00:00","mainEntityOfPage":{"@id":"https:\/\/rehagro.com.br\/blog\/ciclo-pecuario-o-que-e-e-como-funciona\/"},"wordCount":779,"commentCount":1,"publisher":{"@id":"https:\/\/rehagro.com.br\/blog\/#organization"},"image":{"@id":"https:\/\/rehagro.com.br\/blog\/ciclo-pecuario-o-que-e-e-como-funciona\/#primaryimage"},"thumbnailUrl":"https:\/\/rehagro.com.br\/blog\/wp-content\/uploads\/2022\/08\/ciclo-pecuario.jpg","keywords":["bovinos de corte","gado de corte","pecu\u00e1ria de corte"],"articleSection":["CORTE"],"inLanguage":"pt-BR","potentialAction":[{"@type":"CommentAction","name":"Comment","target":["https:\/\/rehagro.com.br\/blog\/ciclo-pecuario-o-que-e-e-como-funciona\/#respond"]}]},{"@type":"WebPage","@id":"https:\/\/rehagro.com.br\/blog\/ciclo-pecuario-o-que-e-e-como-funciona\/","url":"https:\/\/rehagro.com.br\/blog\/ciclo-pecuario-o-que-e-e-como-funciona\/","name":"Ciclo pecu\u00e1rio: o que \u00e9, como funciona e suas fases","isPartOf":{"@id":"https:\/\/rehagro.com.br\/blog\/#website"},"primaryImageOfPage":{"@id":"https:\/\/rehagro.com.br\/blog\/ciclo-pecuario-o-que-e-e-como-funciona\/#primaryimage"},"image":{"@id":"https:\/\/rehagro.com.br\/blog\/ciclo-pecuario-o-que-e-e-como-funciona\/#primaryimage"},"thumbnailUrl":"https:\/\/rehagro.com.br\/blog\/wp-content\/uploads\/2022\/08\/ciclo-pecuario.jpg","datePublished":"2022-08-25T14:36:56+00:00","dateModified":"2026-04-07T19:16:32+00:00","description":"Entenda o ciclo pecu\u00e1rio, fases, oferta de bezerros, abate de f\u00eameas e impactos nos pre\u00e7os da arroba. Estrat\u00e9gias para alta e baixa do mercado.","breadcrumb":{"@id":"https:\/\/rehagro.com.br\/blog\/ciclo-pecuario-o-que-e-e-como-funciona\/#breadcrumb"},"inLanguage":"pt-BR","potentialAction":[{"@type":"ReadAction","target":["https:\/\/rehagro.com.br\/blog\/ciclo-pecuario-o-que-e-e-como-funciona\/"]}]},{"@type":"ImageObject","inLanguage":"pt-BR","@id":"https:\/\/rehagro.com.br\/blog\/ciclo-pecuario-o-que-e-e-como-funciona\/#primaryimage","url":"https:\/\/rehagro.com.br\/blog\/wp-content\/uploads\/2022\/08\/ciclo-pecuario.jpg","contentUrl":"https:\/\/rehagro.com.br\/blog\/wp-content\/uploads\/2022\/08\/ciclo-pecuario.jpg","width":1500,"height":500,"caption":"Ciclo pecu\u00e1rio: o que \u00e9 e como funciona"},{"@type":"BreadcrumbList","@id":"https:\/\/rehagro.com.br\/blog\/ciclo-pecuario-o-que-e-e-como-funciona\/#breadcrumb","itemListElement":[{"@type":"ListItem","position":1,"name":"In\u00edcio","item":"https:\/\/rehagro.com.br\/blog\/"},{"@type":"ListItem","position":2,"name":"Ciclo pecu\u00e1rio: o que \u00e9 e como funciona?"}]},{"@type":"WebSite","@id":"https:\/\/rehagro.com.br\/blog\/#website","url":"https:\/\/rehagro.com.br\/blog\/","name":"Rehagro Blog","description":"","publisher":{"@id":"https:\/\/rehagro.com.br\/blog\/#organization"},"potentialAction":[{"@type":"SearchAction","target":{"@type":"EntryPoint","urlTemplate":"https:\/\/rehagro.com.br\/blog\/?s={search_term_string}"},"query-input":{"@type":"PropertyValueSpecification","valueRequired":true,"valueName":"search_term_string"}}],"inLanguage":"pt-BR"},{"@type":"Organization","@id":"https:\/\/rehagro.com.br\/blog\/#organization","name":"Rehagro","url":"https:\/\/rehagro.com.br\/blog\/","logo":{"@type":"ImageObject","inLanguage":"pt-BR","@id":"https:\/\/rehagro.com.br\/blog\/#\/schema\/logo\/image\/","url":"https:\/\/rehagro.com.br\/blog\/wp-content\/uploads\/2018\/05\/logo-rehagro.png","contentUrl":"https:\/\/rehagro.com.br\/blog\/wp-content\/uploads\/2018\/05\/logo-rehagro.png","width":400,"height":115,"caption":"Rehagro"},"image":{"@id":"https:\/\/rehagro.com.br\/blog\/#\/schema\/logo\/image\/"}},{"@type":"Person","@id":"https:\/\/rehagro.com.br\/blog\/#\/schema\/person\/f2d1ae51b04939615ceebb3c0bfd8a94","name":"Jo\u00e3o Pedro Azevedo","image":{"@type":"ImageObject","inLanguage":"pt-BR","@id":"https:\/\/secure.gravatar.com\/avatar\/34aacffb2f10625483f480470f3274778dd1c183ba4f66444bb60ae92149bf8a?s=96&d=mm&r=g","url":"https:\/\/secure.gravatar.com\/avatar\/34aacffb2f10625483f480470f3274778dd1c183ba4f66444bb60ae92149bf8a?s=96&d=mm&r=g","contentUrl":"https:\/\/secure.gravatar.com\/avatar\/34aacffb2f10625483f480470f3274778dd1c183ba4f66444bb60ae92149bf8a?s=96&d=mm&r=g","caption":"Jo\u00e3o Pedro Azevedo"},"url":"https:\/\/rehagro.com.br\/blog\/author\/joao-pedro\/"}]}},"_links":{"self":[{"href":"https:\/\/rehagro.com.br\/blog\/wp-json\/wp\/v2\/posts\/14690","targetHints":{"allow":["GET"]}}],"collection":[{"href":"https:\/\/rehagro.com.br\/blog\/wp-json\/wp\/v2\/posts"}],"about":[{"href":"https:\/\/rehagro.com.br\/blog\/wp-json\/wp\/v2\/types\/post"}],"author":[{"embeddable":true,"href":"https:\/\/rehagro.com.br\/blog\/wp-json\/wp\/v2\/users\/21"}],"replies":[{"embeddable":true,"href":"https:\/\/rehagro.com.br\/blog\/wp-json\/wp\/v2\/comments?post=14690"}],"version-history":[{"count":40,"href":"https:\/\/rehagro.com.br\/blog\/wp-json\/wp\/v2\/posts\/14690\/revisions"}],"predecessor-version":[{"id":42058,"href":"https:\/\/rehagro.com.br\/blog\/wp-json\/wp\/v2\/posts\/14690\/revisions\/42058"}],"wp:featuredmedia":[{"embeddable":true,"href":"https:\/\/rehagro.com.br\/blog\/wp-json\/wp\/v2\/media\/14691"}],"wp:attachment":[{"href":"https:\/\/rehagro.com.br\/blog\/wp-json\/wp\/v2\/media?parent=14690"}],"wp:term":[{"taxonomy":"category","embeddable":true,"href":"https:\/\/rehagro.com.br\/blog\/wp-json\/wp\/v2\/categories?post=14690"},{"taxonomy":"post_tag","embeddable":true,"href":"https:\/\/rehagro.com.br\/blog\/wp-json\/wp\/v2\/tags?post=14690"}],"curies":[{"name":"wp","href":"https:\/\/api.w.org\/{rel}","templated":true}]}}